{"id":413379,"date":"2026-07-17T06:57:10","date_gmt":"2026-07-17T10:57:10","guid":{"rendered":"https:\/\/www.eldiario.net\/portal\/?p=413379"},"modified":"2026-07-17T06:57:10","modified_gmt":"2026-07-17T10:57:10","slug":"amigos-de-la-ciudad-conmemoro-sus-110-anos-de-fundacion-y-las-efemerides-julias-en-su-sede-central","status":"publish","type":"post","link":"https:\/\/www.eldiario.net\/portal\/2026\/07\/17\/amigos-de-la-ciudad-conmemoro-sus-110-anos-de-fundacion-y-las-efemerides-julias-en-su-sede-central\/","title":{"rendered":"Amigos de la Ciudad conmemor\u00f3 sus 110 a\u00f1os de fundaci\u00f3n y las efem\u00e9rides julias en su sede central"},"content":{"rendered":"<p>El atrio de la sede de Amigos de la Ciudad fue el escenario del acto oficial con el que la instituci\u00f3n dio inicio a los actos conmemorativos por sus 110 a\u00f1os de existencia, en coincidencia con las celebraciones por el 217 aniversario de la gesta libertaria de La Paz. Al evento asistieron socios de la entidad, representantes de las Fuerzas Armadas e invitados especiales.<br \/>\nEl programa se inici\u00f3 con la intervenci\u00f3n del general Marco Franco, quien centr\u00f3 su discurso en la importancia hist\u00f3rica de las efem\u00e9rides julias. Posteriormente, se dio la palabra a Rigoberto Paredes, quien expuso los antecedentes documentales y el impacto social de la revoluci\u00f3n pace\u00f1a en el contexto continental. Por su parte, el vicepresidente de Amigos de la Ciudad, Jaime Vedia, tom\u00f3 la palabra para repasar los logros institucionales alcanzados a lo largo de m\u00e1s de un siglo y el trabajo continuo de sus miembros en favor del desarrollo urbano.<br \/>\nEl discurso central estuvo a cargo de Germ\u00e1n Villavicencio, presidente de Amigos de la Ciudad, quien ratific\u00f3 los objetivos fundacionales de la organizaci\u00f3n, enfocados en la preservaci\u00f3n del patrimonio pace\u00f1o y la promoci\u00f3n de la identidad c\u00edvica.<br \/>\nTras concluir las intervenciones de la mesa directiva, los asistentes participaron de un brindis de honor para conmemorar el doble aniversario y estrechar lazos institucionales.<\/p>\n\r\n                <style type=\"text\/css\">\r\n                    \r\n                    #tdi_1  .td-doubleSlider-2 .td-item1 {\r\n                        background: url(https:\/\/www.eldiario.net\/portal\/wp-content\/uploads\/2026\/07\/DSC_0088-80x60.webp) 0 0 no-repeat;\r\n                    }\r\n                    #tdi_1  .td-doubleSlider-2 .td-item2 {\r\n                        background: url(https:\/\/www.eldiario.net\/portal\/wp-content\/uploads\/2026\/07\/DSC_0093-80x60.webp) 0 0 no-repeat;\r\n                    }\r\n                    #tdi_1  .td-doubleSlider-2 .td-item3 {\r\n                        background: url(https:\/\/www.eldiario.net\/portal\/wp-content\/uploads\/2026\/07\/DSC_0106-80x60.webp) 0 0 no-repeat;\r\n                    }\r\n                    #tdi_1  .td-doubleSlider-2 .td-item4 {\r\n                        background: url(https:\/\/www.eldiario.net\/portal\/wp-content\/uploads\/2026\/07\/DSC_0114-80x60.webp) 0 0 no-repeat;\r\n                    }\r\n                    #tdi_1  .td-doubleSlider-2 .td-item5 {\r\n                        background: url(https:\/\/www.eldiario.net\/portal\/wp-content\/uploads\/2026\/07\/DSC_0118-80x60.webp) 0 0 no-repeat;\r\n                    }\r\n                    #tdi_1  .td-doubleSlider-2 .td-item6 {\r\n                        background: url(https:\/\/www.eldiario.net\/portal\/wp-content\/uploads\/2026\/07\/DSC_0123-80x60.webp) 0 0 no-repeat;\r\n                    }\r\n                    #tdi_1  .td-doubleSlider-2 .td-item7 {\r\n                        background: url(https:\/\/www.eldiario.net\/portal\/wp-content\/uploads\/2026\/07\/DSC_0128-80x60.webp) 0 0 no-repeat;\r\n                    }\r\n                    #tdi_1  .td-doubleSlider-2 .td-item8 {\r\n                        background: url(https:\/\/www.eldiario.net\/portal\/wp-content\/uploads\/2026\/07\/DSC_0130-80x60.webp) 0 0 no-repeat;\r\n                    }\r\n                    #tdi_1  .td-doubleSlider-2 .td-item9 {\r\n                        background: url(https:\/\/www.eldiario.net\/portal\/wp-content\/uploads\/2026\/07\/DSC_0133-80x60.webp) 0 0 no-repeat;\r\n                    }\r\n                    #tdi_1  .td-doubleSlider-2 .td-item10 {\r\n                        background: url(https:\/\/www.eldiario.net\/portal\/wp-content\/uploads\/2026\/07\/DSC_0135-80x60.webp) 0 0 no-repeat;\r\n                    }\r\n                    #tdi_1  .td-doubleSlider-2 .td-item11 {\r\n                        background: url(https:\/\/www.eldiario.net\/portal\/wp-content\/uploads\/2026\/07\/DSC_0136-80x60.webp) 0 0 no-repeat;\r\n                    }\r\n                    #tdi_1  .td-doubleSlider-2 .td-item12 {\r\n                        background: url(https:\/\/www.eldiario.net\/portal\/wp-content\/uploads\/2026\/07\/DSC_0138-80x60.webp) 0 0 no-repeat;\r\n                    }\r\n                <\/style>\r\n\r\n                <div id=\"tdi_1\" class=\"td-gallery td-slide-on-2-columns\">\r\n                    <div class=\"post_td_gallery\">\r\n                        <div class=\"td-gallery-slide-top\">\r\n                           <div class=\"td-gallery-title\"><\/div>\r\n\r\n                            <div class=\"td-gallery-controls-wrapper\">\r\n                                <div class=\"td-gallery-slide-count\"><span class=\"td-gallery-slide-item-focus\">1<\/span> de 12<\/div>\r\n                                <div class=\"td-gallery-slide-prev-next-but\">\r\n                                    <i class = \"td-icon-left doubleSliderPrevButton\"><\/i>\r\n                                    <i class = \"td-icon-right doubleSliderNextButton\"><\/i>\r\n                                <\/div>\r\n                            <\/div>\r\n                        <\/div>\r\n\r\n                        <div class = \"td-doubleSlider-1 \">\r\n                            <div class = \"td-slider\">\r\n                                \r\n                    <div class = \"td-slide-item td-item1\">\r\n                        <figure class=\"td-slide-galery-figure td-slide-popup-gallery\">\r\n                            <a class=\"slide-gallery-image-link\" href=\"https:\/\/www.eldiario.net\/portal\/wp-content\/uploads\/2026\/07\/DSC_0088.webp\" title=\"DSC_0088\"  data-caption=\"GRAL. MARCO ANTONIO\n FRANCO.\"  data-description=\"GRAL. MARCO ANTONIO\n FRANCO.\">\r\n                                <img decoding=\"async\" src=\"https:\/\/www.eldiario.net\/portal\/wp-content\/uploads\/2026\/07\/DSC_0088-629x420.webp\" srcset=\"https:\/\/www.eldiario.net\/portal\/wp-content\/uploads\/2026\/07\/DSC_0088-629x420.webp 629w, https:\/\/www.eldiario.net\/portal\/wp-content\/uploads\/2026\/07\/DSC_0088-300x200.webp 300w, https:\/\/www.eldiario.net\/portal\/wp-content\/uploads\/2026\/07\/DSC_0088-1024x684.webp 1024w, https:\/\/www.eldiario.net\/portal\/wp-content\/uploads\/2026\/07\/DSC_0088-768x513.webp 768w, https:\/\/www.eldiario.net\/portal\/wp-content\/uploads\/2026\/07\/DSC_0088-150x100.webp 150w, https:\/\/www.eldiario.net\/portal\/wp-content\/uploads\/2026\/07\/DSC_0088-696x465.webp 696w, https:\/\/www.eldiario.net\/portal\/wp-content\/uploads\/2026\/07\/DSC_0088-1068x713.webp 1068w, https:\/\/www.eldiario.net\/portal\/wp-content\/uploads\/2026\/07\/DSC_0088.webp 1200w\" sizes=\"(max-width: 629px) 100vw, 629px\" alt=\"\">\r\n                            <\/a>\r\n                            <figcaption class = \"td-slide-caption td-gallery-slide-content\"><div class = \"td-gallery-slide-copywrite\">GRAL. MARCO ANTONIO\n FRANCO.<\/div><span>GRAL. MARCO ANTONIO\n FRANCO.<\/span><\/figcaption>\r\n                        <\/figure>\r\n                    <\/div>\r\n                    <div class = \"td-slide-item td-item2\">\r\n                        <figure class=\"td-slide-galery-figure td-slide-popup-gallery\">\r\n                            <a class=\"slide-gallery-image-link\" href=\"https:\/\/www.eldiario.net\/portal\/wp-content\/uploads\/2026\/07\/DSC_0093.webp\" title=\"DSC_0093\"  data-caption=\"GERM\u00c1N VILLAVICENCIO, PRESIDENTE DE AMIGOS DE LA CIUDAD.\"  data-description=\"GERM&Aacute;N VILLAVICENCIO, PRESIDENTE DE AMIGOS DE LA CIUDAD.\">\r\n                                <img decoding=\"async\" src=\"https:\/\/www.eldiario.net\/portal\/wp-content\/uploads\/2026\/07\/DSC_0093-629x420.webp\" srcset=\"https:\/\/www.eldiario.net\/portal\/wp-content\/uploads\/2026\/07\/DSC_0093-629x420.webp 629w, https:\/\/www.eldiario.net\/portal\/wp-content\/uploads\/2026\/07\/DSC_0093-300x200.webp 300w, https:\/\/www.eldiario.net\/portal\/wp-content\/uploads\/2026\/07\/DSC_0093-1024x684.webp 1024w, https:\/\/www.eldiario.net\/portal\/wp-content\/uploads\/2026\/07\/DSC_0093-768x513.webp 768w, https:\/\/www.eldiario.net\/portal\/wp-content\/uploads\/2026\/07\/DSC_0093-150x100.webp 150w, https:\/\/www.eldiario.net\/portal\/wp-content\/uploads\/2026\/07\/DSC_0093-696x465.webp 696w, https:\/\/www.eldiario.net\/portal\/wp-content\/uploads\/2026\/07\/DSC_0093-1068x713.webp 1068w, https:\/\/www.eldiario.net\/portal\/wp-content\/uploads\/2026\/07\/DSC_0093.webp 1200w\" sizes=\"(max-width: 629px) 100vw, 629px\" alt=\"\">\r\n                            <\/a>\r\n                            <figcaption class = \"td-slide-caption td-gallery-slide-content\"><div class = \"td-gallery-slide-copywrite\">GERM\u00c1N VILLAVICENCIO, PRESIDENTE DE AMIGOS DE LA CIUDAD.<\/div><span>GERM\u00c1N VILLAVICENCIO, PRESIDENTE DE AMIGOS DE LA CIUDAD.<\/span><\/figcaption>\r\n                        <\/figure>\r\n                    <\/div>\r\n                    <div class = \"td-slide-item td-item3\">\r\n                        <figure class=\"td-slide-galery-figure td-slide-popup-gallery\">\r\n                            <a class=\"slide-gallery-image-link\" href=\"https:\/\/www.eldiario.net\/portal\/wp-content\/uploads\/2026\/07\/DSC_0106.webp\" title=\"DSC_0106\"  data-caption=\"LAS NOTAS DEL HIMNO A LA PAZ DIERON INICIO A LA CEREMONIA CELEBRADA EN EL ATRIO DE AMIGOS DE LA CIUDAD.\"  data-description=\"LAS NOTAS DEL HIMNO A LA PAZ DIERON INICIO A LA CEREMONIA CELEBRADA EN EL ATRIO DE AMIGOS DE LA CIUDAD.\">\r\n                                <img decoding=\"async\" src=\"https:\/\/www.eldiario.net\/portal\/wp-content\/uploads\/2026\/07\/DSC_0106-629x420.webp\" srcset=\"https:\/\/www.eldiario.net\/portal\/wp-content\/uploads\/2026\/07\/DSC_0106-629x420.webp 629w, https:\/\/www.eldiario.net\/portal\/wp-content\/uploads\/2026\/07\/DSC_0106-300x200.webp 300w, https:\/\/www.eldiario.net\/portal\/wp-content\/uploads\/2026\/07\/DSC_0106-1024x684.webp 1024w, https:\/\/www.eldiario.net\/portal\/wp-content\/uploads\/2026\/07\/DSC_0106-768x513.webp 768w, https:\/\/www.eldiario.net\/portal\/wp-content\/uploads\/2026\/07\/DSC_0106-150x100.webp 150w, https:\/\/www.eldiario.net\/portal\/wp-content\/uploads\/2026\/07\/DSC_0106-696x465.webp 696w, https:\/\/www.eldiario.net\/portal\/wp-content\/uploads\/2026\/07\/DSC_0106-1068x713.webp 1068w, https:\/\/www.eldiario.net\/portal\/wp-content\/uploads\/2026\/07\/DSC_0106.webp 1200w\" sizes=\"(max-width: 629px) 100vw, 629px\" alt=\"\">\r\n                            <\/a>\r\n                            <figcaption class = \"td-slide-caption td-gallery-slide-content\"><div class = \"td-gallery-slide-copywrite\">LAS NOTAS DEL HIMNO A LA PAZ DIERON INICIO A LA CEREMONIA CELEBRADA EN EL ATRIO DE AMIGOS DE LA CIUDAD.<\/div><span>LAS NOTAS DEL HIMNO A LA PAZ DIERON INICIO A LA CEREMONIA CELEBRADA EN EL ATRIO DE AMIGOS DE LA CIUDAD.<\/span><\/figcaption>\r\n                        <\/figure>\r\n                    <\/div>\r\n                    <div class = \"td-slide-item td-item4\">\r\n                        <figure class=\"td-slide-galery-figure td-slide-popup-gallery\">\r\n                            <a class=\"slide-gallery-image-link\" href=\"https:\/\/www.eldiario.net\/portal\/wp-content\/uploads\/2026\/07\/DSC_0114.webp\" title=\"DSC_0114\"  data-caption=\"RIGOBERTO PAREDES.\"  data-description=\"RIGOBERTO PAREDES.\">\r\n                                <img decoding=\"async\" src=\"https:\/\/www.eldiario.net\/portal\/wp-content\/uploads\/2026\/07\/DSC_0114-629x420.webp\" srcset=\"https:\/\/www.eldiario.net\/portal\/wp-content\/uploads\/2026\/07\/DSC_0114-629x420.webp 629w, https:\/\/www.eldiario.net\/portal\/wp-content\/uploads\/2026\/07\/DSC_0114-300x200.webp 300w, https:\/\/www.eldiario.net\/portal\/wp-content\/uploads\/2026\/07\/DSC_0114-1024x684.webp 1024w, https:\/\/www.eldiario.net\/portal\/wp-content\/uploads\/2026\/07\/DSC_0114-768x513.webp 768w, https:\/\/www.eldiario.net\/portal\/wp-content\/uploads\/2026\/07\/DSC_0114-150x100.webp 150w, https:\/\/www.eldiario.net\/portal\/wp-content\/uploads\/2026\/07\/DSC_0114-696x465.webp 696w, https:\/\/www.eldiario.net\/portal\/wp-content\/uploads\/2026\/07\/DSC_0114-1068x713.webp 1068w, https:\/\/www.eldiario.net\/portal\/wp-content\/uploads\/2026\/07\/DSC_0114.webp 1200w\" sizes=\"(max-width: 629px) 100vw, 629px\" alt=\"\">\r\n                            <\/a>\r\n                            <figcaption class = \"td-slide-caption td-gallery-slide-content\"><div class = \"td-gallery-slide-copywrite\">RIGOBERTO PAREDES.<\/div><span>RIGOBERTO PAREDES.<\/span><\/figcaption>\r\n                        <\/figure>\r\n                    <\/div>\r\n                    <div class = \"td-slide-item td-item5\">\r\n                        <figure class=\"td-slide-galery-figure td-slide-popup-gallery\">\r\n                            <a class=\"slide-gallery-image-link\" href=\"https:\/\/www.eldiario.net\/portal\/wp-content\/uploads\/2026\/07\/DSC_0118.webp\" title=\"DSC_0118\"  data-caption=\"JAIME VEDIA, VICEPRESIDENTE DE AMIGOS DE LA CIUDAD.\"  data-description=\"JAIME VEDIA, VICEPRESIDENTE DE AMIGOS DE LA CIUDAD.\">\r\n                                <img decoding=\"async\" src=\"https:\/\/www.eldiario.net\/portal\/wp-content\/uploads\/2026\/07\/DSC_0118-629x420.webp\" srcset=\"https:\/\/www.eldiario.net\/portal\/wp-content\/uploads\/2026\/07\/DSC_0118-629x420.webp 629w, https:\/\/www.eldiario.net\/portal\/wp-content\/uploads\/2026\/07\/DSC_0118-300x200.webp 300w, https:\/\/www.eldiario.net\/portal\/wp-content\/uploads\/2026\/07\/DSC_0118-1024x684.webp 1024w, https:\/\/www.eldiario.net\/portal\/wp-content\/uploads\/2026\/07\/DSC_0118-768x513.webp 768w, https:\/\/www.eldiario.net\/portal\/wp-content\/uploads\/2026\/07\/DSC_0118-150x100.webp 150w, https:\/\/www.eldiario.net\/portal\/wp-content\/uploads\/2026\/07\/DSC_0118-696x465.webp 696w, https:\/\/www.eldiario.net\/portal\/wp-content\/uploads\/2026\/07\/DSC_0118-1068x713.webp 1068w, https:\/\/www.eldiario.net\/portal\/wp-content\/uploads\/2026\/07\/DSC_0118.webp 1200w\" sizes=\"(max-width: 629px) 100vw, 629px\" alt=\"\">\r\n                            <\/a>\r\n                            <figcaption class = \"td-slide-caption td-gallery-slide-content\"><div class = \"td-gallery-slide-copywrite\">JAIME VEDIA, VICEPRESIDENTE DE AMIGOS DE LA CIUDAD.<\/div><span>JAIME VEDIA, VICEPRESIDENTE DE AMIGOS DE LA CIUDAD.<\/span><\/figcaption>\r\n                        <\/figure>\r\n                    <\/div>\r\n                    <div class = \"td-slide-item td-item6\">\r\n                        <figure class=\"td-slide-galery-figure td-slide-popup-gallery\">\r\n                            <a class=\"slide-gallery-image-link\" href=\"https:\/\/www.eldiario.net\/portal\/wp-content\/uploads\/2026\/07\/DSC_0123.webp\" title=\"DSC_0123\"  data-caption=\"GERM\u00c1N VILLAVICENCIO, PRESIDENTE DE AMIGOS DE LA CIUDAD; CARMEN BALL\u00d3N, PRESIDENTA DE LA AGRUPACI\u00d3N FEMENINA DE AMIGOS DE LA CIUDAD, Y JAIME VEDIA, VICEPRESIDENTE DE AMIGOS DE LA CIUDAD.\"  data-description=\"GERM&Aacute;N VILLAVICENCIO, PRESIDENTE DE AMIGOS DE LA CIUDAD; CARMEN BALL&Oacute;N, PRESIDENTA DE LA AGRUPACI&Oacute;N FEMENINA DE AMIGOS DE LA CIUDAD, Y JAIME VEDIA, VICEPRESIDENTE DE AMIGOS DE LA CIUDAD.\">\r\n                                <img decoding=\"async\" src=\"https:\/\/www.eldiario.net\/portal\/wp-content\/uploads\/2026\/07\/DSC_0123-629x420.webp\" srcset=\"https:\/\/www.eldiario.net\/portal\/wp-content\/uploads\/2026\/07\/DSC_0123-629x420.webp 629w, https:\/\/www.eldiario.net\/portal\/wp-content\/uploads\/2026\/07\/DSC_0123-300x200.webp 300w, https:\/\/www.eldiario.net\/portal\/wp-content\/uploads\/2026\/07\/DSC_0123-1024x684.webp 1024w, https:\/\/www.eldiario.net\/portal\/wp-content\/uploads\/2026\/07\/DSC_0123-768x513.webp 768w, https:\/\/www.eldiario.net\/portal\/wp-content\/uploads\/2026\/07\/DSC_0123-150x100.webp 150w, https:\/\/www.eldiario.net\/portal\/wp-content\/uploads\/2026\/07\/DSC_0123-696x465.webp 696w, https:\/\/www.eldiario.net\/portal\/wp-content\/uploads\/2026\/07\/DSC_0123-1068x713.webp 1068w, https:\/\/www.eldiario.net\/portal\/wp-content\/uploads\/2026\/07\/DSC_0123.webp 1200w\" sizes=\"(max-width: 629px) 100vw, 629px\" alt=\"\">\r\n                            <\/a>\r\n                            <figcaption class = \"td-slide-caption td-gallery-slide-content\"><div class = \"td-gallery-slide-copywrite\">GERM\u00c1N VILLAVICENCIO, PRESIDENTE DE AMIGOS DE LA CIUDAD; CARMEN BALL\u00d3N, PRESIDENTA DE LA AGRUPACI\u00d3N FEMENINA DE AMIGOS DE LA CIUDAD, Y JAIME VEDIA, VICEPRESIDENTE DE AMIGOS DE LA CIUDAD.<\/div><span>GERM\u00c1N VILLAVICENCIO, PRESIDENTE DE AMIGOS DE LA CIUDAD; CARMEN BALL\u00d3N, PRESIDENTA DE LA AGRUPACI\u00d3N FEMENINA DE AMIGOS DE LA CIUDAD, Y JAIME VEDIA, VICEPRESIDENTE DE AMIGOS DE LA CIUDAD.<\/span><\/figcaption>\r\n                        <\/figure>\r\n                    <\/div>\r\n                    <div class = \"td-slide-item td-item7\">\r\n                        <figure class=\"td-slide-galery-figure td-slide-popup-gallery\">\r\n                            <a class=\"slide-gallery-image-link\" href=\"https:\/\/www.eldiario.net\/portal\/wp-content\/uploads\/2026\/07\/DSC_0128.webp\" title=\"DSC_0128\"  data-caption=\"SOCIOS DE AMIGOS DE LA CIUDAD E INTEGRANTES DE LA AGRUPACI\u00d3N FEMENINA DE AMIGOS DE LA CIUDAD.\"  data-description=\"SOCIOS DE AMIGOS DE LA CIUDAD E INTEGRANTES DE LA AGRUPACI&Oacute;N FEMENINA DE AMIGOS DE LA CIUDAD.\">\r\n                                <img decoding=\"async\" src=\"https:\/\/www.eldiario.net\/portal\/wp-content\/uploads\/2026\/07\/DSC_0128-629x420.webp\" srcset=\"https:\/\/www.eldiario.net\/portal\/wp-content\/uploads\/2026\/07\/DSC_0128-629x420.webp 629w, https:\/\/www.eldiario.net\/portal\/wp-content\/uploads\/2026\/07\/DSC_0128-300x200.webp 300w, https:\/\/www.eldiario.net\/portal\/wp-content\/uploads\/2026\/07\/DSC_0128-1024x684.webp 1024w, https:\/\/www.eldiario.net\/portal\/wp-content\/uploads\/2026\/07\/DSC_0128-768x513.webp 768w, https:\/\/www.eldiario.net\/portal\/wp-content\/uploads\/2026\/07\/DSC_0128-150x100.webp 150w, https:\/\/www.eldiario.net\/portal\/wp-content\/uploads\/2026\/07\/DSC_0128-696x465.webp 696w, https:\/\/www.eldiario.net\/portal\/wp-content\/uploads\/2026\/07\/DSC_0128-1068x713.webp 1068w, https:\/\/www.eldiario.net\/portal\/wp-content\/uploads\/2026\/07\/DSC_0128.webp 1200w\" sizes=\"(max-width: 629px) 100vw, 629px\" alt=\"\">\r\n                            <\/a>\r\n                            <figcaption class = \"td-slide-caption td-gallery-slide-content\"><div class = \"td-gallery-slide-copywrite\">SOCIOS DE AMIGOS DE LA CIUDAD E INTEGRANTES DE LA AGRUPACI\u00d3N FEMENINA DE AMIGOS DE LA CIUDAD.<\/div><span>SOCIOS DE AMIGOS DE LA CIUDAD E INTEGRANTES DE LA AGRUPACI\u00d3N FEMENINA DE AMIGOS DE LA CIUDAD.<\/span><\/figcaption>\r\n                        <\/figure>\r\n                    <\/div>\r\n                    <div class = \"td-slide-item td-item8\">\r\n                        <figure class=\"td-slide-galery-figure td-slide-popup-gallery\">\r\n                            <a class=\"slide-gallery-image-link\" href=\"https:\/\/www.eldiario.net\/portal\/wp-content\/uploads\/2026\/07\/DSC_0130.webp\" title=\"DSC_0130\"  data-caption=\"SILVIA NARV\u00c1EZ, V\u00cdCTOR MANUEL ARRAYA, PRESIDENTE CLUB SOCIAL 16 DE JULIO, Y MAR\u00cdA QUISPE.\"  data-description=\"SILVIA NARV&Aacute;EZ, V&Iacute;CTOR MANUEL ARRAYA, PRESIDENTE CLUB SOCIAL 16 DE JULIO, Y MAR&Iacute;A QUISPE.\">\r\n                                <img decoding=\"async\" src=\"https:\/\/www.eldiario.net\/portal\/wp-content\/uploads\/2026\/07\/DSC_0130-629x420.webp\" srcset=\"https:\/\/www.eldiario.net\/portal\/wp-content\/uploads\/2026\/07\/DSC_0130-629x420.webp 629w, https:\/\/www.eldiario.net\/portal\/wp-content\/uploads\/2026\/07\/DSC_0130-300x200.webp 300w, https:\/\/www.eldiario.net\/portal\/wp-content\/uploads\/2026\/07\/DSC_0130-1024x684.webp 1024w, https:\/\/www.eldiario.net\/portal\/wp-content\/uploads\/2026\/07\/DSC_0130-768x513.webp 768w, https:\/\/www.eldiario.net\/portal\/wp-content\/uploads\/2026\/07\/DSC_0130-150x100.webp 150w, https:\/\/www.eldiario.net\/portal\/wp-content\/uploads\/2026\/07\/DSC_0130-696x465.webp 696w, https:\/\/www.eldiario.net\/portal\/wp-content\/uploads\/2026\/07\/DSC_0130-1068x713.webp 1068w, https:\/\/www.eldiario.net\/portal\/wp-content\/uploads\/2026\/07\/DSC_0130.webp 1200w\" sizes=\"(max-width: 629px) 100vw, 629px\" alt=\"\">\r\n                            <\/a>\r\n                            <figcaption class = \"td-slide-caption td-gallery-slide-content\"><div class = \"td-gallery-slide-copywrite\">SILVIA NARV\u00c1EZ, V\u00cdCTOR MANUEL ARRAYA, PRESIDENTE CLUB SOCIAL 16 DE JULIO, Y MAR\u00cdA QUISPE.<\/div><span>SILVIA NARV\u00c1EZ, V\u00cdCTOR MANUEL ARRAYA, PRESIDENTE CLUB SOCIAL 16 DE JULIO, Y MAR\u00cdA QUISPE.<\/span><\/figcaption>\r\n                        <\/figure>\r\n                    <\/div>\r\n                    <div class = \"td-slide-item td-item9\">\r\n                        <figure class=\"td-slide-galery-figure td-slide-popup-gallery\">\r\n                            <a class=\"slide-gallery-image-link\" href=\"https:\/\/www.eldiario.net\/portal\/wp-content\/uploads\/2026\/07\/DSC_0133.webp\" title=\"DSC_0133\"  data-caption=\"SAMUEL V\u00c1SQUEZ Y DAVID HUANACOMA.\"  data-description=\"SAMUEL V&Aacute;SQUEZ Y DAVID HUANACOMA.\">\r\n                                <img decoding=\"async\" src=\"https:\/\/www.eldiario.net\/portal\/wp-content\/uploads\/2026\/07\/DSC_0133-629x420.webp\" srcset=\"https:\/\/www.eldiario.net\/portal\/wp-content\/uploads\/2026\/07\/DSC_0133-629x420.webp 629w, https:\/\/www.eldiario.net\/portal\/wp-content\/uploads\/2026\/07\/DSC_0133-300x200.webp 300w, https:\/\/www.eldiario.net\/portal\/wp-content\/uploads\/2026\/07\/DSC_0133-1024x684.webp 1024w, https:\/\/www.eldiario.net\/portal\/wp-content\/uploads\/2026\/07\/DSC_0133-768x513.webp 768w, https:\/\/www.eldiario.net\/portal\/wp-content\/uploads\/2026\/07\/DSC_0133-150x100.webp 150w, https:\/\/www.eldiario.net\/portal\/wp-content\/uploads\/2026\/07\/DSC_0133-696x465.webp 696w, https:\/\/www.eldiario.net\/portal\/wp-content\/uploads\/2026\/07\/DSC_0133-1068x713.webp 1068w, https:\/\/www.eldiario.net\/portal\/wp-content\/uploads\/2026\/07\/DSC_0133.webp 1200w\" sizes=\"(max-width: 629px) 100vw, 629px\" alt=\"\">\r\n                            <\/a>\r\n                            <figcaption class = \"td-slide-caption td-gallery-slide-content\"><div class = \"td-gallery-slide-copywrite\">SAMUEL V\u00c1SQUEZ Y DAVID HUANACOMA.<\/div><span>SAMUEL V\u00c1SQUEZ Y DAVID HUANACOMA.<\/span><\/figcaption>\r\n                        <\/figure>\r\n                    <\/div>\r\n                    <div class = \"td-slide-item td-item10\">\r\n                        <figure class=\"td-slide-galery-figure td-slide-popup-gallery\">\r\n                            <a class=\"slide-gallery-image-link\" href=\"https:\/\/www.eldiario.net\/portal\/wp-content\/uploads\/2026\/07\/DSC_0135.webp\" title=\"DSC_0135\"  data-caption=\"AMPARO LOAYZA LEONARDINI, PRESIDENTE DEL CLUB PR\u00d3CER PEDRO DOMINGO MURILLO, Y NILDA LEONARDINI.\"  data-description=\"AMPARO LOAYZA LEONARDINI, PRESIDENTE DEL CLUB PR&Oacute;CER PEDRO DOMINGO MURILLO, Y NILDA LEONARDINI.\">\r\n                                <img decoding=\"async\" src=\"https:\/\/www.eldiario.net\/portal\/wp-content\/uploads\/2026\/07\/DSC_0135-629x420.webp\" srcset=\"https:\/\/www.eldiario.net\/portal\/wp-content\/uploads\/2026\/07\/DSC_0135-629x420.webp 629w, https:\/\/www.eldiario.net\/portal\/wp-content\/uploads\/2026\/07\/DSC_0135-300x200.webp 300w, https:\/\/www.eldiario.net\/portal\/wp-content\/uploads\/2026\/07\/DSC_0135-1024x684.webp 1024w, https:\/\/www.eldiario.net\/portal\/wp-content\/uploads\/2026\/07\/DSC_0135-768x513.webp 768w, https:\/\/www.eldiario.net\/portal\/wp-content\/uploads\/2026\/07\/DSC_0135-150x100.webp 150w, https:\/\/www.eldiario.net\/portal\/wp-content\/uploads\/2026\/07\/DSC_0135-696x465.webp 696w, https:\/\/www.eldiario.net\/portal\/wp-content\/uploads\/2026\/07\/DSC_0135-1068x713.webp 1068w, https:\/\/www.eldiario.net\/portal\/wp-content\/uploads\/2026\/07\/DSC_0135.webp 1200w\" sizes=\"(max-width: 629px) 100vw, 629px\" alt=\"\">\r\n                            <\/a>\r\n                            <figcaption class = \"td-slide-caption td-gallery-slide-content\"><div class = \"td-gallery-slide-copywrite\">AMPARO LOAYZA LEONARDINI, PRESIDENTE DEL CLUB PR\u00d3CER PEDRO DOMINGO MURILLO, Y NILDA LEONARDINI.<\/div><span>AMPARO LOAYZA LEONARDINI, PRESIDENTE DEL CLUB PR\u00d3CER PEDRO DOMINGO MURILLO, Y NILDA LEONARDINI.<\/span><\/figcaption>\r\n                        <\/figure>\r\n                    <\/div>\r\n                    <div class = \"td-slide-item td-item11\">\r\n                        <figure class=\"td-slide-galery-figure td-slide-popup-gallery\">\r\n                            <a class=\"slide-gallery-image-link\" href=\"https:\/\/www.eldiario.net\/portal\/wp-content\/uploads\/2026\/07\/DSC_0136.webp\" title=\"DSC_0136\"  data-caption=\"ANTONIO CABRERA,  RIGOBERTO PAREDES Y GERM\u00c1N VILLAVICENCIO.\"  data-description=\"ANTONIO CABRERA,  RIGOBERTO PAREDES Y GERM&Aacute;N VILLAVICENCIO.\">\r\n                                <img decoding=\"async\" src=\"https:\/\/www.eldiario.net\/portal\/wp-content\/uploads\/2026\/07\/DSC_0136-629x420.webp\" srcset=\"https:\/\/www.eldiario.net\/portal\/wp-content\/uploads\/2026\/07\/DSC_0136-629x420.webp 629w, https:\/\/www.eldiario.net\/portal\/wp-content\/uploads\/2026\/07\/DSC_0136-300x200.webp 300w, https:\/\/www.eldiario.net\/portal\/wp-content\/uploads\/2026\/07\/DSC_0136-1024x684.webp 1024w, https:\/\/www.eldiario.net\/portal\/wp-content\/uploads\/2026\/07\/DSC_0136-768x513.webp 768w, https:\/\/www.eldiario.net\/portal\/wp-content\/uploads\/2026\/07\/DSC_0136-150x100.webp 150w, https:\/\/www.eldiario.net\/portal\/wp-content\/uploads\/2026\/07\/DSC_0136-696x465.webp 696w, https:\/\/www.eldiario.net\/portal\/wp-content\/uploads\/2026\/07\/DSC_0136-1068x713.webp 1068w, https:\/\/www.eldiario.net\/portal\/wp-content\/uploads\/2026\/07\/DSC_0136.webp 1200w\" sizes=\"(max-width: 629px) 100vw, 629px\" alt=\"\">\r\n                            <\/a>\r\n                            <figcaption class = \"td-slide-caption td-gallery-slide-content\"><div class = \"td-gallery-slide-copywrite\">ANTONIO CABRERA,  RIGOBERTO PAREDES Y GERM\u00c1N VILLAVICENCIO.<\/div><span>ANTONIO CABRERA,  RIGOBERTO PAREDES Y GERM\u00c1N VILLAVICENCIO.<\/span><\/figcaption>\r\n                        <\/figure>\r\n                    <\/div>\r\n                    <div class = \"td-slide-item td-item12\">\r\n                        <figure class=\"td-slide-galery-figure td-slide-popup-gallery\">\r\n                            <a class=\"slide-gallery-image-link\" href=\"https:\/\/www.eldiario.net\/portal\/wp-content\/uploads\/2026\/07\/DSC_0138.webp\" title=\"DSC_0138\"  data-caption=\"\n\nKATTYA BUSTILLOS MEAVE Y GRAL. MARCO A. FRANCO.\"  data-description=\"\n\nKATTYA BUSTILLOS MEAVE Y GRAL. MARCO A. FRANCO.\">\r\n                                <img decoding=\"async\" src=\"https:\/\/www.eldiario.net\/portal\/wp-content\/uploads\/2026\/07\/DSC_0138-629x420.webp\" srcset=\"https:\/\/www.eldiario.net\/portal\/wp-content\/uploads\/2026\/07\/DSC_0138-629x420.webp 629w, https:\/\/www.eldiario.net\/portal\/wp-content\/uploads\/2026\/07\/DSC_0138-300x200.webp 300w, https:\/\/www.eldiario.net\/portal\/wp-content\/uploads\/2026\/07\/DSC_0138-1024x684.webp 1024w, https:\/\/www.eldiario.net\/portal\/wp-content\/uploads\/2026\/07\/DSC_0138-768x513.webp 768w, https:\/\/www.eldiario.net\/portal\/wp-content\/uploads\/2026\/07\/DSC_0138-150x100.webp 150w, https:\/\/www.eldiario.net\/portal\/wp-content\/uploads\/2026\/07\/DSC_0138-696x465.webp 696w, https:\/\/www.eldiario.net\/portal\/wp-content\/uploads\/2026\/07\/DSC_0138-1068x713.webp 1068w, https:\/\/www.eldiario.net\/portal\/wp-content\/uploads\/2026\/07\/DSC_0138.webp 1200w\" sizes=\"(max-width: 629px) 100vw, 629px\" alt=\"\">\r\n                            <\/a>\r\n                            <figcaption class = \"td-slide-caption td-gallery-slide-content\"><div class = \"td-gallery-slide-copywrite\">\n\nKATTYA BUSTILLOS MEAVE Y GRAL. MARCO A. FRANCO.<\/div><span>\n\nKATTYA BUSTILLOS MEAVE Y GRAL. MARCO A. FRANCO.<\/span><\/figcaption>\r\n                        <\/figure>\r\n                    <\/div>\r\n                            <\/div>\r\n                        <\/div>\r\n\r\n                        <div class = \"td-doubleSlider-2\">\r\n                            <div class = \"td-slider\">\r\n                                \r\n                    <div class = \"td-button td-item1\">\r\n                        <div class = \"td-border\"><\/div>\r\n                    <\/div>\r\n                    <div class = \"td-button td-item2\">\r\n                        <div class = \"td-border\"><\/div>\r\n                    <\/div>\r\n                    <div class = \"td-button td-item3\">\r\n                        <div class = \"td-border\"><\/div>\r\n                    <\/div>\r\n                    <div class = \"td-button td-item4\">\r\n                        <div class = \"td-border\"><\/div>\r\n                    <\/div>\r\n                    <div class = \"td-button td-item5\">\r\n                        <div class = \"td-border\"><\/div>\r\n                    <\/div>\r\n                    <div class = \"td-button td-item6\">\r\n                        <div class = \"td-border\"><\/div>\r\n                    <\/div>\r\n                    <div class = \"td-button td-item7\">\r\n                        <div class = \"td-border\"><\/div>\r\n                    <\/div>\r\n                    <div class = \"td-button td-item8\">\r\n                        <div class = \"td-border\"><\/div>\r\n                    <\/div>\r\n                    <div class = \"td-button td-item9\">\r\n                        <div class = \"td-border\"><\/div>\r\n                    <\/div>\r\n                    <div class = \"td-button td-item10\">\r\n                        <div class = \"td-border\"><\/div>\r\n                    <\/div>\r\n                    <div class = \"td-button td-item11\">\r\n                        <div class = \"td-border\"><\/div>\r\n                    <\/div>\r\n                    <div class = \"td-button td-item12\">\r\n                        <div class = \"td-border\"><\/div>\r\n                    <\/div>\r\n                            <\/div>\r\n                        <\/div>\r\n\r\n                    <\/div>\r\n\r\n                <\/div>\r\n                \n","protected":false},"excerpt":{"rendered":"<p>El atrio de la sede de Amigos de la Ciudad fue el escenario del acto oficial con el que la instituci\u00f3n dio inicio a los actos conmemorativos por sus 110 a\u00f1os de existencia, en coincidencia con las celebraciones por el 217 aniversario de la gesta libertaria de La Paz. Al evento asistieron socios de la [&hellip;]<\/p>\n","protected":false},"author":1,"featured_media":413386,"comment_status":"closed","ping_status":"open","sticky":false,"template":"","format":"standard","meta":{"_acf_changed":false,"footnotes":""},"categories":[40],"tags":[],"class_list":["post-413379","post","type-post","status-publish","format-standard","has-post-thumbnail","category-sociales"],"acf":{"antetitulo":""},"yoast_head":"<!-- This site is optimized with the Yoast SEO plugin v28.4 - https:\/\/yoast.com\/product\/yoast-seo-wordpress\/ -->\n<title>Amigos de la Ciudad conmemor\u00f3 sus 110 a\u00f1os de fundaci\u00f3n y las efem\u00e9rides julias en su sede central - El Diario - Bolivia<\/title>\n<meta name=\"robots\" content=\"index, follow, max-snippet:-1, max-image-preview:large, max-video-preview:-1\" \/>\n<link rel=\"canonical\" href=\"https:\/\/www.eldiario.net\/portal\/2026\/07\/17\/amigos-de-la-ciudad-conmemoro-sus-110-anos-de-fundacion-y-las-efemerides-julias-en-su-sede-central\/\" \/>\n<meta property=\"og:locale\" content=\"es_ES\" \/>\n<meta property=\"og:type\" content=\"article\" \/>\n<meta property=\"og:title\" content=\"Amigos de la Ciudad conmemor\u00f3 sus 110 a\u00f1os de fundaci\u00f3n y las efem\u00e9rides julias en su sede central - El Diario - Bolivia\" \/>\n<meta property=\"og:description\" content=\"El atrio de la sede de Amigos de la Ciudad fue el escenario del acto oficial con el que la instituci\u00f3n dio inicio a los actos conmemorativos por sus 110 a\u00f1os de existencia, en coincidencia con las celebraciones por el 217 aniversario de la gesta libertaria de La Paz. Al evento asistieron socios de la [&hellip;]\" \/>\n<meta property=\"og:url\" content=\"https:\/\/www.eldiario.net\/portal\/2026\/07\/17\/amigos-de-la-ciudad-conmemoro-sus-110-anos-de-fundacion-y-las-efemerides-julias-en-su-sede-central\/\" \/>\n<meta property=\"og:site_name\" content=\"El Diario - Bolivia\" \/>\n<meta property=\"article:publisher\" content=\"https:\/\/www.facebook.com\/eldiario.bolivia\/\" \/>\n<meta property=\"article:published_time\" content=\"2026-07-17T10:57:10+00:00\" \/>\n<meta property=\"og:image\" content=\"https:\/\/www.eldiario.net\/portal\/wp-content\/uploads\/2026\/07\/DSC_0128.webp\" \/>\n\t<meta property=\"og:image:width\" content=\"1200\" \/>\n\t<meta property=\"og:image:height\" content=\"801\" \/>\n\t<meta property=\"og:image:type\" content=\"image\/webp\" \/>\n<meta name=\"author\" content=\"Jeanette\" \/>\n<meta name=\"twitter:card\" content=\"summary_large_image\" \/>\n<meta name=\"twitter:creator\" content=\"@eldiario_net\" \/>\n<meta name=\"twitter:site\" content=\"@eldiario_net\" \/>\n<meta name=\"twitter:label1\" content=\"Escrito por\" \/>\n\t<meta name=\"twitter:data1\" content=\"Jeanette\" \/>\n\t<meta name=\"twitter:label2\" content=\"Tiempo de lectura\" \/>\n\t<meta name=\"twitter:data2\" content=\"2 minutos\" \/>\n<script type=\"application\/ld+json\" class=\"yoast-schema-graph\">{\"@context\":\"https:\\\/\\\/schema.org\",\"@graph\":[{\"@type\":\"Article\",\"@id\":\"https:\\\/\\\/www.eldiario.net\\\/portal\\\/2026\\\/07\\\/17\\\/amigos-de-la-ciudad-conmemoro-sus-110-anos-de-fundacion-y-las-efemerides-julias-en-su-sede-central\\\/#article\",\"isPartOf\":{\"@id\":\"https:\\\/\\\/www.eldiario.net\\\/portal\\\/2026\\\/07\\\/17\\\/amigos-de-la-ciudad-conmemoro-sus-110-anos-de-fundacion-y-las-efemerides-julias-en-su-sede-central\\\/\"},\"author\":{\"name\":\"Jeanette\",\"@id\":\"https:\\\/\\\/www.eldiario.net\\\/portal\\\/#\\\/schema\\\/person\\\/2c57cf2b7a7ae032e449e4c9b1019eac\"},\"headline\":\"Amigos de la Ciudad conmemor\u00f3 sus 110 a\u00f1os de fundaci\u00f3n y las efem\u00e9rides julias en su sede central\",\"datePublished\":\"2026-07-17T10:57:10+00:00\",\"mainEntityOfPage\":{\"@id\":\"https:\\\/\\\/www.eldiario.net\\\/portal\\\/2026\\\/07\\\/17\\\/amigos-de-la-ciudad-conmemoro-sus-110-anos-de-fundacion-y-las-efemerides-julias-en-su-sede-central\\\/\"},\"wordCount\":256,\"publisher\":{\"@id\":\"https:\\\/\\\/www.eldiario.net\\\/portal\\\/#organization\"},\"image\":{\"@id\":\"https:\\\/\\\/www.eldiario.net\\\/portal\\\/2026\\\/07\\\/17\\\/amigos-de-la-ciudad-conmemoro-sus-110-anos-de-fundacion-y-las-efemerides-julias-en-su-sede-central\\\/#primaryimage\"},\"thumbnailUrl\":\"https:\\\/\\\/www.eldiario.net\\\/portal\\\/wp-content\\\/uploads\\\/2026\\\/07\\\/DSC_0128.webp\",\"articleSection\":[\"Sociales\"],\"inLanguage\":\"es\"},{\"@type\":\"WebPage\",\"@id\":\"https:\\\/\\\/www.eldiario.net\\\/portal\\\/2026\\\/07\\\/17\\\/amigos-de-la-ciudad-conmemoro-sus-110-anos-de-fundacion-y-las-efemerides-julias-en-su-sede-central\\\/\",\"url\":\"https:\\\/\\\/www.eldiario.net\\\/portal\\\/2026\\\/07\\\/17\\\/amigos-de-la-ciudad-conmemoro-sus-110-anos-de-fundacion-y-las-efemerides-julias-en-su-sede-central\\\/\",\"name\":\"Amigos de la Ciudad conmemor\u00f3 sus 110 a\u00f1os de fundaci\u00f3n y las efem\u00e9rides julias en su sede central - El Diario - Bolivia\",\"isPartOf\":{\"@id\":\"https:\\\/\\\/www.eldiario.net\\\/portal\\\/#website\"},\"primaryImageOfPage\":{\"@id\":\"https:\\\/\\\/www.eldiario.net\\\/portal\\\/2026\\\/07\\\/17\\\/amigos-de-la-ciudad-conmemoro-sus-110-anos-de-fundacion-y-las-efemerides-julias-en-su-sede-central\\\/#primaryimage\"},\"image\":{\"@id\":\"https:\\\/\\\/www.eldiario.net\\\/portal\\\/2026\\\/07\\\/17\\\/amigos-de-la-ciudad-conmemoro-sus-110-anos-de-fundacion-y-las-efemerides-julias-en-su-sede-central\\\/#primaryimage\"},\"thumbnailUrl\":\"https:\\\/\\\/www.eldiario.net\\\/portal\\\/wp-content\\\/uploads\\\/2026\\\/07\\\/DSC_0128.webp\",\"datePublished\":\"2026-07-17T10:57:10+00:00\",\"breadcrumb\":{\"@id\":\"https:\\\/\\\/www.eldiario.net\\\/portal\\\/2026\\\/07\\\/17\\\/amigos-de-la-ciudad-conmemoro-sus-110-anos-de-fundacion-y-las-efemerides-julias-en-su-sede-central\\\/#breadcrumb\"},\"inLanguage\":\"es\",\"potentialAction\":[{\"@type\":\"ReadAction\",\"target\":[\"https:\\\/\\\/www.eldiario.net\\\/portal\\\/2026\\\/07\\\/17\\\/amigos-de-la-ciudad-conmemoro-sus-110-anos-de-fundacion-y-las-efemerides-julias-en-su-sede-central\\\/\"]}]},{\"@type\":\"ImageObject\",\"inLanguage\":\"es\",\"@id\":\"https:\\\/\\\/www.eldiario.net\\\/portal\\\/2026\\\/07\\\/17\\\/amigos-de-la-ciudad-conmemoro-sus-110-anos-de-fundacion-y-las-efemerides-julias-en-su-sede-central\\\/#primaryimage\",\"url\":\"https:\\\/\\\/www.eldiario.net\\\/portal\\\/wp-content\\\/uploads\\\/2026\\\/07\\\/DSC_0128.webp\",\"contentUrl\":\"https:\\\/\\\/www.eldiario.net\\\/portal\\\/wp-content\\\/uploads\\\/2026\\\/07\\\/DSC_0128.webp\",\"width\":1200,\"height\":801,\"caption\":\"SOCIOS DE AMIGOS DE LA CIUDAD E INTEGRANTES DE LA AGRUPACI\u00d3N FEMENINA DE AMIGOS DE LA CIUDAD.\"},{\"@type\":\"BreadcrumbList\",\"@id\":\"https:\\\/\\\/www.eldiario.net\\\/portal\\\/2026\\\/07\\\/17\\\/amigos-de-la-ciudad-conmemoro-sus-110-anos-de-fundacion-y-las-efemerides-julias-en-su-sede-central\\\/#breadcrumb\",\"itemListElement\":[{\"@type\":\"ListItem\",\"position\":1,\"name\":\"Portada\",\"item\":\"https:\\\/\\\/www.eldiario.net\\\/portal\\\/\"},{\"@type\":\"ListItem\",\"position\":2,\"name\":\"Amigos de la Ciudad conmemor\u00f3 sus 110 a\u00f1os de fundaci\u00f3n y las efem\u00e9rides julias en su sede central\"}]},{\"@type\":\"WebSite\",\"@id\":\"https:\\\/\\\/www.eldiario.net\\\/portal\\\/#website\",\"url\":\"https:\\\/\\\/www.eldiario.net\\\/portal\\\/\",\"name\":\"El Diario - Decano de la prensa nacional\",\"description\":\"El Diario - Decano de la prensa nacional\",\"publisher\":{\"@id\":\"https:\\\/\\\/www.eldiario.net\\\/portal\\\/#organization\"},\"potentialAction\":[{\"@type\":\"SearchAction\",\"target\":{\"@type\":\"EntryPoint\",\"urlTemplate\":\"https:\\\/\\\/www.eldiario.net\\\/portal\\\/?s={search_term_string}\"},\"query-input\":{\"@type\":\"PropertyValueSpecification\",\"valueRequired\":true,\"valueName\":\"search_term_string\"}}],\"inLanguage\":\"es\"},{\"@type\":\"Organization\",\"@id\":\"https:\\\/\\\/www.eldiario.net\\\/portal\\\/#organization\",\"name\":\"El Diario - Decano de la prensa nacional\",\"url\":\"https:\\\/\\\/www.eldiario.net\\\/portal\\\/\",\"logo\":{\"@type\":\"ImageObject\",\"inLanguage\":\"es\",\"@id\":\"https:\\\/\\\/www.eldiario.net\\\/portal\\\/#\\\/schema\\\/logo\\\/image\\\/\",\"url\":\"https:\\\/\\\/www.eldiario.net\\\/portal\\\/wp-content\\\/uploads\\\/2023\\\/07\\\/logo_ED.jpg\",\"contentUrl\":\"https:\\\/\\\/www.eldiario.net\\\/portal\\\/wp-content\\\/uploads\\\/2023\\\/07\\\/logo_ED.jpg\",\"width\":272,\"height\":52,\"caption\":\"El Diario - Decano de la prensa nacional\"},\"image\":{\"@id\":\"https:\\\/\\\/www.eldiario.net\\\/portal\\\/#\\\/schema\\\/logo\\\/image\\\/\"},\"sameAs\":[\"https:\\\/\\\/www.facebook.com\\\/eldiario.bolivia\\\/\",\"https:\\\/\\\/x.com\\\/eldiario_net\"]},{\"@type\":\"Person\",\"@id\":\"https:\\\/\\\/www.eldiario.net\\\/portal\\\/#\\\/schema\\\/person\\\/2c57cf2b7a7ae032e449e4c9b1019eac\",\"name\":\"Jeanette\",\"image\":{\"@type\":\"ImageObject\",\"inLanguage\":\"es\",\"@id\":\"https:\\\/\\\/secure.gravatar.com\\\/avatar\\\/3ea2118a5f7dad2b7138b1187a6b7ee55f160b9968b66013c3a3ef39dd7e5798?s=96&d=mm&r=g\",\"url\":\"https:\\\/\\\/secure.gravatar.com\\\/avatar\\\/3ea2118a5f7dad2b7138b1187a6b7ee55f160b9968b66013c3a3ef39dd7e5798?s=96&d=mm&r=g\",\"contentUrl\":\"https:\\\/\\\/secure.gravatar.com\\\/avatar\\\/3ea2118a5f7dad2b7138b1187a6b7ee55f160b9968b66013c3a3ef39dd7e5798?s=96&d=mm&r=g\",\"caption\":\"Jeanette\"},\"sameAs\":[\"https:\\\/\\\/www.eldiario.net\\\/portal\"],\"url\":\"https:\\\/\\\/www.eldiario.net\\\/portal\\\/author\\\/jeanette\\\/\"}]}<\/script>\n<!-- \/ Yoast SEO plugin. -->","yoast_head_json":{"title":"Amigos de la Ciudad conmemor\u00f3 sus 110 a\u00f1os de fundaci\u00f3n y las efem\u00e9rides julias en su sede central - El Diario - Bolivia","robots":{"index":"index","follow":"follow","max-snippet":"max-snippet:-1","max-image-preview":"max-image-preview:large","max-video-preview":"max-video-preview:-1"},"canonical":"https:\/\/www.eldiario.net\/portal\/2026\/07\/17\/amigos-de-la-ciudad-conmemoro-sus-110-anos-de-fundacion-y-las-efemerides-julias-en-su-sede-central\/","og_locale":"es_ES","og_type":"article","og_title":"Amigos de la Ciudad conmemor\u00f3 sus 110 a\u00f1os de fundaci\u00f3n y las efem\u00e9rides julias en su sede central - El Diario - Bolivia","og_description":"El atrio de la sede de Amigos de la Ciudad fue el escenario del acto oficial con el que la instituci\u00f3n dio inicio a los actos conmemorativos por sus 110 a\u00f1os de existencia, en coincidencia con las celebraciones por el 217 aniversario de la gesta libertaria de La Paz. Al evento asistieron socios de la [&hellip;]","og_url":"https:\/\/www.eldiario.net\/portal\/2026\/07\/17\/amigos-de-la-ciudad-conmemoro-sus-110-anos-de-fundacion-y-las-efemerides-julias-en-su-sede-central\/","og_site_name":"El Diario - Bolivia","article_publisher":"https:\/\/www.facebook.com\/eldiario.bolivia\/","article_published_time":"2026-07-17T10:57:10+00:00","og_image":[{"width":1200,"height":801,"url":"https:\/\/www.eldiario.net\/portal\/wp-content\/uploads\/2026\/07\/DSC_0128.webp","type":"image\/webp"}],"author":"Jeanette","twitter_card":"summary_large_image","twitter_creator":"@eldiario_net","twitter_site":"@eldiario_net","twitter_misc":{"Escrito por":"Jeanette","Tiempo de lectura":"2 minutos"},"schema":{"@context":"https:\/\/schema.org","@graph":[{"@type":"Article","@id":"https:\/\/www.eldiario.net\/portal\/2026\/07\/17\/amigos-de-la-ciudad-conmemoro-sus-110-anos-de-fundacion-y-las-efemerides-julias-en-su-sede-central\/#article","isPartOf":{"@id":"https:\/\/www.eldiario.net\/portal\/2026\/07\/17\/amigos-de-la-ciudad-conmemoro-sus-110-anos-de-fundacion-y-las-efemerides-julias-en-su-sede-central\/"},"author":{"name":"Jeanette","@id":"https:\/\/www.eldiario.net\/portal\/#\/schema\/person\/2c57cf2b7a7ae032e449e4c9b1019eac"},"headline":"Amigos de la Ciudad conmemor\u00f3 sus 110 a\u00f1os de fundaci\u00f3n y las efem\u00e9rides julias en su sede central","datePublished":"2026-07-17T10:57:10+00:00","mainEntityOfPage":{"@id":"https:\/\/www.eldiario.net\/portal\/2026\/07\/17\/amigos-de-la-ciudad-conmemoro-sus-110-anos-de-fundacion-y-las-efemerides-julias-en-su-sede-central\/"},"wordCount":256,"publisher":{"@id":"https:\/\/www.eldiario.net\/portal\/#organization"},"image":{"@id":"https:\/\/www.eldiario.net\/portal\/2026\/07\/17\/amigos-de-la-ciudad-conmemoro-sus-110-anos-de-fundacion-y-las-efemerides-julias-en-su-sede-central\/#primaryimage"},"thumbnailUrl":"https:\/\/www.eldiario.net\/portal\/wp-content\/uploads\/2026\/07\/DSC_0128.webp","articleSection":["Sociales"],"inLanguage":"es"},{"@type":"WebPage","@id":"https:\/\/www.eldiario.net\/portal\/2026\/07\/17\/amigos-de-la-ciudad-conmemoro-sus-110-anos-de-fundacion-y-las-efemerides-julias-en-su-sede-central\/","url":"https:\/\/www.eldiario.net\/portal\/2026\/07\/17\/amigos-de-la-ciudad-conmemoro-sus-110-anos-de-fundacion-y-las-efemerides-julias-en-su-sede-central\/","name":"Amigos de la Ciudad conmemor\u00f3 sus 110 a\u00f1os de fundaci\u00f3n y las efem\u00e9rides julias en su sede central - El Diario - Bolivia","isPartOf":{"@id":"https:\/\/www.eldiario.net\/portal\/#website"},"primaryImageOfPage":{"@id":"https:\/\/www.eldiario.net\/portal\/2026\/07\/17\/amigos-de-la-ciudad-conmemoro-sus-110-anos-de-fundacion-y-las-efemerides-julias-en-su-sede-central\/#primaryimage"},"image":{"@id":"https:\/\/www.eldiario.net\/portal\/2026\/07\/17\/amigos-de-la-ciudad-conmemoro-sus-110-anos-de-fundacion-y-las-efemerides-julias-en-su-sede-central\/#primaryimage"},"thumbnailUrl":"https:\/\/www.eldiario.net\/portal\/wp-content\/uploads\/2026\/07\/DSC_0128.webp","datePublished":"2026-07-17T10:57:10+00:00","breadcrumb":{"@id":"https:\/\/www.eldiario.net\/portal\/2026\/07\/17\/amigos-de-la-ciudad-conmemoro-sus-110-anos-de-fundacion-y-las-efemerides-julias-en-su-sede-central\/#breadcrumb"},"inLanguage":"es","potentialAction":[{"@type":"ReadAction","target":["https:\/\/www.eldiario.net\/portal\/2026\/07\/17\/amigos-de-la-ciudad-conmemoro-sus-110-anos-de-fundacion-y-las-efemerides-julias-en-su-sede-central\/"]}]},{"@type":"ImageObject","inLanguage":"es","@id":"https:\/\/www.eldiario.net\/portal\/2026\/07\/17\/amigos-de-la-ciudad-conmemoro-sus-110-anos-de-fundacion-y-las-efemerides-julias-en-su-sede-central\/#primaryimage","url":"https:\/\/www.eldiario.net\/portal\/wp-content\/uploads\/2026\/07\/DSC_0128.webp","contentUrl":"https:\/\/www.eldiario.net\/portal\/wp-content\/uploads\/2026\/07\/DSC_0128.webp","width":1200,"height":801,"caption":"SOCIOS DE AMIGOS DE LA CIUDAD E INTEGRANTES DE LA AGRUPACI\u00d3N FEMENINA DE AMIGOS DE LA CIUDAD."},{"@type":"BreadcrumbList","@id":"https:\/\/www.eldiario.net\/portal\/2026\/07\/17\/amigos-de-la-ciudad-conmemoro-sus-110-anos-de-fundacion-y-las-efemerides-julias-en-su-sede-central\/#breadcrumb","itemListElement":[{"@type":"ListItem","position":1,"name":"Portada","item":"https:\/\/www.eldiario.net\/portal\/"},{"@type":"ListItem","position":2,"name":"Amigos de la Ciudad conmemor\u00f3 sus 110 a\u00f1os de fundaci\u00f3n y las efem\u00e9rides julias en su sede central"}]},{"@type":"WebSite","@id":"https:\/\/www.eldiario.net\/portal\/#website","url":"https:\/\/www.eldiario.net\/portal\/","name":"El Diario - Decano de la prensa nacional","description":"El Diario - Decano de la prensa nacional","publisher":{"@id":"https:\/\/www.eldiario.net\/portal\/#organization"},"potentialAction":[{"@type":"SearchAction","target":{"@type":"EntryPoint","urlTemplate":"https:\/\/www.eldiario.net\/portal\/?s={search_term_string}"},"query-input":{"@type":"PropertyValueSpecification","valueRequired":true,"valueName":"search_term_string"}}],"inLanguage":"es"},{"@type":"Organization","@id":"https:\/\/www.eldiario.net\/portal\/#organization","name":"El Diario - Decano de la prensa nacional","url":"https:\/\/www.eldiario.net\/portal\/","logo":{"@type":"ImageObject","inLanguage":"es","@id":"https:\/\/www.eldiario.net\/portal\/#\/schema\/logo\/image\/","url":"https:\/\/www.eldiario.net\/portal\/wp-content\/uploads\/2023\/07\/logo_ED.jpg","contentUrl":"https:\/\/www.eldiario.net\/portal\/wp-content\/uploads\/2023\/07\/logo_ED.jpg","width":272,"height":52,"caption":"El Diario - Decano de la prensa nacional"},"image":{"@id":"https:\/\/www.eldiario.net\/portal\/#\/schema\/logo\/image\/"},"sameAs":["https:\/\/www.facebook.com\/eldiario.bolivia\/","https:\/\/x.com\/eldiario_net"]},{"@type":"Person","@id":"https:\/\/www.eldiario.net\/portal\/#\/schema\/person\/2c57cf2b7a7ae032e449e4c9b1019eac","name":"Jeanette","image":{"@type":"ImageObject","inLanguage":"es","@id":"https:\/\/secure.gravatar.com\/avatar\/3ea2118a5f7dad2b7138b1187a6b7ee55f160b9968b66013c3a3ef39dd7e5798?s=96&d=mm&r=g","url":"https:\/\/secure.gravatar.com\/avatar\/3ea2118a5f7dad2b7138b1187a6b7ee55f160b9968b66013c3a3ef39dd7e5798?s=96&d=mm&r=g","contentUrl":"https:\/\/secure.gravatar.com\/avatar\/3ea2118a5f7dad2b7138b1187a6b7ee55f160b9968b66013c3a3ef39dd7e5798?s=96&d=mm&r=g","caption":"Jeanette"},"sameAs":["https:\/\/www.eldiario.net\/portal"],"url":"https:\/\/www.eldiario.net\/portal\/author\/jeanette\/"}]}},"_links":{"self":[{"href":"https:\/\/www.eldiario.net\/portal\/wp-json\/wp\/v2\/posts\/413379","targetHints":{"allow":["GET"]}}],"collection":[{"href":"https:\/\/www.eldiario.net\/portal\/wp-json\/wp\/v2\/posts"}],"about":[{"href":"https:\/\/www.eldiario.net\/portal\/wp-json\/wp\/v2\/types\/post"}],"author":[{"embeddable":true,"href":"https:\/\/www.eldiario.net\/portal\/wp-json\/wp\/v2\/users\/1"}],"replies":[{"embeddable":true,"href":"https:\/\/www.eldiario.net\/portal\/wp-json\/wp\/v2\/comments?post=413379"}],"version-history":[{"count":1,"href":"https:\/\/www.eldiario.net\/portal\/wp-json\/wp\/v2\/posts\/413379\/revisions"}],"predecessor-version":[{"id":413392,"href":"https:\/\/www.eldiario.net\/portal\/wp-json\/wp\/v2\/posts\/413379\/revisions\/413392"}],"wp:featuredmedia":[{"embeddable":true,"href":"https:\/\/www.eldiario.net\/portal\/wp-json\/wp\/v2\/media\/413386"}],"wp:attachment":[{"href":"https:\/\/www.eldiario.net\/portal\/wp-json\/wp\/v2\/media?parent=413379"}],"wp:term":[{"taxonomy":"category","embeddable":true,"href":"https:\/\/www.eldiario.net\/portal\/wp-json\/wp\/v2\/categories?post=413379"},{"taxonomy":"post_tag","embeddable":true,"href":"https:\/\/www.eldiario.net\/portal\/wp-json\/wp\/v2\/tags?post=413379"}],"curies":[{"name":"wp","href":"https:\/\/api.w.org\/{rel}","templated":true}]}}