{"id":413373,"date":"2026-07-17T06:54:04","date_gmt":"2026-07-17T10:54:04","guid":{"rendered":"https:\/\/www.eldiario.net\/portal\/?p=413373"},"modified":"2026-07-17T06:54:04","modified_gmt":"2026-07-17T10:54:04","slug":"yolo-pago-suma-microcreditos-digitales-a-sus-servicios-de-billetera-movil","status":"publish","type":"post","link":"https:\/\/www.eldiario.net\/portal\/2026\/07\/17\/yolo-pago-suma-microcreditos-digitales-a-sus-servicios-de-billetera-movil\/","title":{"rendered":"YOLO Pago suma microcr\u00e9ditos digitales a sus servicios de billetera m\u00f3vil"},"content":{"rendered":"<p>En un encuentro que convoc\u00f3 a ejecutivos del sector financiero y especialistas en tecnolog\u00eda, YOLO Pago, la billetera m\u00f3vil del Banco Ganadero, formaliz\u00f3 el lanzamiento de su nueva funcionalidad de cr\u00e9ditos 100% digitales. La presentaci\u00f3n del producto se realiz\u00f3 en un ambiente de interacci\u00f3n tecnol\u00f3gica donde los asistentes conocieron los detalles del nuevo servicio.<br \/>\nDurante el evento, los directivos de la entidad explicaron que la soluci\u00f3n permite gestionar pr\u00e9stamos de hasta Bs 800 de manera directa desde el tel\u00e9fono celular, con plazos de hasta tres meses y aprobaci\u00f3n el mismo d\u00eda. La iniciativa busca resolver necesidades urgentes de liquidez y apoyar el desarrollo de microemprendimientos sin requerir los tr\u00e1mites presenciales de la banca tradicional.<br \/>\nEdgardo Cu\u00e9llar, gerente de Negocios Digitales y Marketing del Banco Ganadero, destac\u00f3 que la herramienta profundiza la inclusi\u00f3n financiera en el pa\u00eds a trav\u00e9s de alternativas \u00e1giles. Por su parte, Cristina Baldomar, l\u00edder de Motor Cr\u00e9ditos de la plataforma, detall\u00f3 que el sistema funciona como una l\u00ednea rotatoria a sola firma y se activa bajo criterios de uso recurrente y buen historial crediticio.<br \/>\ncobro de remesas y un programa de puntos.<\/p>\n\r\n                <style type=\"text\/css\">\r\n                    \r\n                    #tdi_1  .td-doubleSlider-2 .td-item1 {\r\n                        background: url(https:\/\/www.eldiario.net\/portal\/wp-content\/uploads\/2026\/07\/YA-4-80x60.webp) 0 0 no-repeat;\r\n                    }\r\n                    #tdi_1  .td-doubleSlider-2 .td-item2 {\r\n                        background: url(https:\/\/www.eldiario.net\/portal\/wp-content\/uploads\/2026\/07\/YA-1-80x60.webp) 0 0 no-repeat;\r\n                    }\r\n                    #tdi_1  .td-doubleSlider-2 .td-item3 {\r\n                        background: url(https:\/\/www.eldiario.net\/portal\/wp-content\/uploads\/2026\/07\/YA-2-80x60.webp) 0 0 no-repeat;\r\n                    }\r\n                    #tdi_1  .td-doubleSlider-2 .td-item4 {\r\n                        background: url(https:\/\/www.eldiario.net\/portal\/wp-content\/uploads\/2026\/07\/YA-3-80x60.webp) 0 0 no-repeat;\r\n                    }\r\n                <\/style>\r\n\r\n                <div id=\"tdi_1\" class=\"td-gallery td-slide-on-2-columns\">\r\n                    <div class=\"post_td_gallery\">\r\n                        <div class=\"td-gallery-slide-top\">\r\n                           <div class=\"td-gallery-title\"><\/div>\r\n\r\n                            <div class=\"td-gallery-controls-wrapper\">\r\n                                <div class=\"td-gallery-slide-count\"><span class=\"td-gallery-slide-item-focus\">1<\/span> de 4<\/div>\r\n                                <div class=\"td-gallery-slide-prev-next-but\">\r\n                                    <i class = \"td-icon-left doubleSliderPrevButton\"><\/i>\r\n                                    <i class = \"td-icon-right doubleSliderNextButton\"><\/i>\r\n                                <\/div>\r\n                            <\/div>\r\n                        <\/div>\r\n\r\n                        <div class = \"td-doubleSlider-1 \">\r\n                            <div class = \"td-slider\">\r\n                                \r\n                    <div class = \"td-slide-item td-item1\">\r\n                        <figure class=\"td-slide-galery-figure td-slide-popup-gallery\">\r\n                            <a class=\"slide-gallery-image-link\" href=\"https:\/\/www.eldiario.net\/portal\/wp-content\/uploads\/2026\/07\/YA-4.webp\" title=\"YA-4\"  data-caption=\"LOS EJECUTIVOS DE BANCO GANADERO \nDESPEJAN DUDAS DE LOS ASISTENTES.\"  data-description=\"LOS EJECUTIVOS DE BANCO GANADERO \nDESPEJAN DUDAS DE LOS ASISTENTES.\">\r\n                                <img decoding=\"async\" src=\"https:\/\/www.eldiario.net\/portal\/wp-content\/uploads\/2026\/07\/YA-4-432x420.webp\" srcset=\"https:\/\/www.eldiario.net\/portal\/wp-content\/uploads\/2026\/07\/YA-4-432x420.webp 432w, https:\/\/www.eldiario.net\/portal\/wp-content\/uploads\/2026\/07\/YA-4-300x292.webp 300w, https:\/\/www.eldiario.net\/portal\/wp-content\/uploads\/2026\/07\/YA-4-768x746.webp 768w, https:\/\/www.eldiario.net\/portal\/wp-content\/uploads\/2026\/07\/YA-4-150x146.webp 150w, https:\/\/www.eldiario.net\/portal\/wp-content\/uploads\/2026\/07\/YA-4-696x676.webp 696w, https:\/\/www.eldiario.net\/portal\/wp-content\/uploads\/2026\/07\/YA-4.webp 853w\" sizes=\"(max-width: 432px) 100vw, 432px\" alt=\"\">\r\n                            <\/a>\r\n                            <figcaption class = \"td-slide-caption td-gallery-slide-content\"><div class = \"td-gallery-slide-copywrite\">LOS EJECUTIVOS DE BANCO GANADERO \nDESPEJAN DUDAS DE LOS ASISTENTES.<\/div><span>LOS EJECUTIVOS DE BANCO GANADERO \nDESPEJAN DUDAS DE LOS ASISTENTES.<\/span><\/figcaption>\r\n                        <\/figure>\r\n                    <\/div>\r\n                    <div class = \"td-slide-item td-item2\">\r\n                        <figure class=\"td-slide-galery-figure td-slide-popup-gallery\">\r\n                            <a class=\"slide-gallery-image-link\" href=\"https:\/\/www.eldiario.net\/portal\/wp-content\/uploads\/2026\/07\/YA-1.webp\" title=\"YA-1\"  data-caption=\"OTRA INSTANCIA DEL \nLANZAMIENTO.\"  data-description=\"OTRA INSTANCIA DEL \nLANZAMIENTO.\">\r\n                                <img decoding=\"async\" src=\"https:\/\/www.eldiario.net\/portal\/wp-content\/uploads\/2026\/07\/YA-1-560x420.webp\" srcset=\"https:\/\/www.eldiario.net\/portal\/wp-content\/uploads\/2026\/07\/YA-1-560x420.webp 560w, https:\/\/www.eldiario.net\/portal\/wp-content\/uploads\/2026\/07\/YA-1-300x225.webp 300w, https:\/\/www.eldiario.net\/portal\/wp-content\/uploads\/2026\/07\/YA-1-1024x768.webp 1024w, https:\/\/www.eldiario.net\/portal\/wp-content\/uploads\/2026\/07\/YA-1-768x576.webp 768w, https:\/\/www.eldiario.net\/portal\/wp-content\/uploads\/2026\/07\/YA-1-80x60.webp 80w, https:\/\/www.eldiario.net\/portal\/wp-content\/uploads\/2026\/07\/YA-1-150x113.webp 150w, https:\/\/www.eldiario.net\/portal\/wp-content\/uploads\/2026\/07\/YA-1-696x522.webp 696w, https:\/\/www.eldiario.net\/portal\/wp-content\/uploads\/2026\/07\/YA-1-1068x801.webp 1068w, https:\/\/www.eldiario.net\/portal\/wp-content\/uploads\/2026\/07\/YA-1.webp 1280w\" sizes=\"(max-width: 560px) 100vw, 560px\" alt=\"\">\r\n                            <\/a>\r\n                            <figcaption class = \"td-slide-caption td-gallery-slide-content\"><div class = \"td-gallery-slide-copywrite\">OTRA INSTANCIA DEL \nLANZAMIENTO.<\/div><span>OTRA INSTANCIA DEL \nLANZAMIENTO.<\/span><\/figcaption>\r\n                        <\/figure>\r\n                    <\/div>\r\n                    <div class = \"td-slide-item td-item3\">\r\n                        <figure class=\"td-slide-galery-figure td-slide-popup-gallery\">\r\n                            <a class=\"slide-gallery-image-link\" href=\"https:\/\/www.eldiario.net\/portal\/wp-content\/uploads\/2026\/07\/YA-2.webp\" title=\"YA-2\"  data-caption=\"EDGARDO CU\u00c9LLAR, GTE. NEGOCIOS\nDIGITALES Y MKT. BANCO GANADERO.\"  data-description=\"EDGARDO CU&Eacute;LLAR, GTE. NEGOCIOS\nDIGITALES Y MKT. BANCO GANADERO.\">\r\n                                <img decoding=\"async\" src=\"https:\/\/www.eldiario.net\/portal\/wp-content\/uploads\/2026\/07\/YA-2-280x420.webp\" srcset=\"https:\/\/www.eldiario.net\/portal\/wp-content\/uploads\/2026\/07\/YA-2-280x420.webp 280w, https:\/\/www.eldiario.net\/portal\/wp-content\/uploads\/2026\/07\/YA-2-200x300.webp 200w, https:\/\/www.eldiario.net\/portal\/wp-content\/uploads\/2026\/07\/YA-2-682x1024.webp 682w, https:\/\/www.eldiario.net\/portal\/wp-content\/uploads\/2026\/07\/YA-2-768x1152.webp 768w, https:\/\/www.eldiario.net\/portal\/wp-content\/uploads\/2026\/07\/YA-2-150x225.webp 150w, https:\/\/www.eldiario.net\/portal\/wp-content\/uploads\/2026\/07\/YA-2-300x450.webp 300w, https:\/\/www.eldiario.net\/portal\/wp-content\/uploads\/2026\/07\/YA-2-696x1044.webp 696w, https:\/\/www.eldiario.net\/portal\/wp-content\/uploads\/2026\/07\/YA-2.webp 853w\" sizes=\"(max-width: 280px) 100vw, 280px\" alt=\"\">\r\n                            <\/a>\r\n                            <figcaption class = \"td-slide-caption td-gallery-slide-content\"><div class = \"td-gallery-slide-copywrite\">EDGARDO CU\u00c9LLAR, GTE. NEGOCIOS\nDIGITALES Y MKT. BANCO GANADERO.<\/div><span>EDGARDO CU\u00c9LLAR, GTE. NEGOCIOS\nDIGITALES Y MKT. BANCO GANADERO.<\/span><\/figcaption>\r\n                        <\/figure>\r\n                    <\/div>\r\n                    <div class = \"td-slide-item td-item4\">\r\n                        <figure class=\"td-slide-galery-figure td-slide-popup-gallery\">\r\n                            <a class=\"slide-gallery-image-link\" href=\"https:\/\/www.eldiario.net\/portal\/wp-content\/uploads\/2026\/07\/YA-3.webp\" title=\"YA-3\"  data-caption=\"ROMY PAZ, EDGARDO CU\u00c9LLAR, BRUNO OSINAGA Y CRISTINA BALDOMAR.\"  data-description=\"ROMY PAZ, EDGARDO CU&Eacute;LLAR, BRUNO OSINAGA Y CRISTINA BALDOMAR.\">\r\n                                <img decoding=\"async\" src=\"https:\/\/www.eldiario.net\/portal\/wp-content\/uploads\/2026\/07\/YA-3-567x420.webp\" srcset=\"https:\/\/www.eldiario.net\/portal\/wp-content\/uploads\/2026\/07\/YA-3-567x420.webp 567w, https:\/\/www.eldiario.net\/portal\/wp-content\/uploads\/2026\/07\/YA-3-300x222.webp 300w, https:\/\/www.eldiario.net\/portal\/wp-content\/uploads\/2026\/07\/YA-3-1024x759.webp 1024w, https:\/\/www.eldiario.net\/portal\/wp-content\/uploads\/2026\/07\/YA-3-768x569.webp 768w, https:\/\/www.eldiario.net\/portal\/wp-content\/uploads\/2026\/07\/YA-3-80x60.webp 80w, https:\/\/www.eldiario.net\/portal\/wp-content\/uploads\/2026\/07\/YA-3-150x111.webp 150w, https:\/\/www.eldiario.net\/portal\/wp-content\/uploads\/2026\/07\/YA-3-485x360.webp 485w, https:\/\/www.eldiario.net\/portal\/wp-content\/uploads\/2026\/07\/YA-3-696x516.webp 696w, https:\/\/www.eldiario.net\/portal\/wp-content\/uploads\/2026\/07\/YA-3-1068x791.webp 1068w, https:\/\/www.eldiario.net\/portal\/wp-content\/uploads\/2026\/07\/YA-3.webp 1200w\" sizes=\"(max-width: 567px) 100vw, 567px\" alt=\"\">\r\n                            <\/a>\r\n                            <figcaption class = \"td-slide-caption td-gallery-slide-content\"><div class = \"td-gallery-slide-copywrite\">ROMY PAZ, EDGARDO CU\u00c9LLAR, BRUNO OSINAGA Y CRISTINA BALDOMAR.<\/div><span>ROMY PAZ, EDGARDO CU\u00c9LLAR, BRUNO OSINAGA Y CRISTINA BALDOMAR.<\/span><\/figcaption>\r\n                        <\/figure>\r\n                    <\/div>\r\n                            <\/div>\r\n                        <\/div>\r\n\r\n                        <div class = \"td-doubleSlider-2\">\r\n                            <div class = \"td-slider\">\r\n                                \r\n                    <div class = \"td-button td-item1\">\r\n                        <div class = \"td-border\"><\/div>\r\n                    <\/div>\r\n                    <div class = \"td-button td-item2\">\r\n                        <div class = \"td-border\"><\/div>\r\n                    <\/div>\r\n                    <div class = \"td-button td-item3\">\r\n                        <div class = \"td-border\"><\/div>\r\n                    <\/div>\r\n                    <div class = \"td-button td-item4\">\r\n                        <div class = \"td-border\"><\/div>\r\n                    <\/div>\r\n                            <\/div>\r\n                        <\/div>\r\n\r\n                    <\/div>\r\n\r\n                <\/div>\r\n                \n","protected":false},"excerpt":{"rendered":"<p>En un encuentro que convoc\u00f3 a ejecutivos del sector financiero y especialistas en tecnolog\u00eda, YOLO Pago, la billetera m\u00f3vil del Banco Ganadero, formaliz\u00f3 el lanzamiento de su nueva funcionalidad de cr\u00e9ditos 100% digitales. La presentaci\u00f3n del producto se realiz\u00f3 en un ambiente de interacci\u00f3n tecnol\u00f3gica donde los asistentes conocieron los detalles del nuevo servicio. Durante [&hellip;]<\/p>\n","protected":false},"author":1,"featured_media":413377,"comment_status":"closed","ping_status":"open","sticky":false,"template":"","format":"standard","meta":{"_acf_changed":false,"footnotes":""},"categories":[40],"tags":[],"class_list":["post-413373","post","type-post","status-publish","format-standard","has-post-thumbnail","category-sociales"],"acf":{"antetitulo":""},"yoast_head":"<!-- This site is optimized with the Yoast SEO plugin v28.4 - https:\/\/yoast.com\/product\/yoast-seo-wordpress\/ -->\n<title>YOLO Pago suma microcr\u00e9ditos digitales a sus servicios de billetera m\u00f3vil - El Diario - Bolivia<\/title>\n<meta name=\"robots\" content=\"index, follow, max-snippet:-1, max-image-preview:large, max-video-preview:-1\" \/>\n<link rel=\"canonical\" href=\"https:\/\/www.eldiario.net\/portal\/2026\/07\/17\/yolo-pago-suma-microcreditos-digitales-a-sus-servicios-de-billetera-movil\/\" \/>\n<meta property=\"og:locale\" content=\"es_ES\" \/>\n<meta property=\"og:type\" content=\"article\" \/>\n<meta property=\"og:title\" content=\"YOLO Pago suma microcr\u00e9ditos digitales a sus servicios de billetera m\u00f3vil - El Diario - Bolivia\" \/>\n<meta property=\"og:description\" content=\"En un encuentro que convoc\u00f3 a ejecutivos del sector financiero y especialistas en tecnolog\u00eda, YOLO Pago, la billetera m\u00f3vil del Banco Ganadero, formaliz\u00f3 el lanzamiento de su nueva funcionalidad de cr\u00e9ditos 100% digitales. La presentaci\u00f3n del producto se realiz\u00f3 en un ambiente de interacci\u00f3n tecnol\u00f3gica donde los asistentes conocieron los detalles del nuevo servicio. Durante [&hellip;]\" \/>\n<meta property=\"og:url\" content=\"https:\/\/www.eldiario.net\/portal\/2026\/07\/17\/yolo-pago-suma-microcreditos-digitales-a-sus-servicios-de-billetera-movil\/\" \/>\n<meta property=\"og:site_name\" content=\"El Diario - Bolivia\" \/>\n<meta property=\"article:publisher\" content=\"https:\/\/www.facebook.com\/eldiario.bolivia\/\" \/>\n<meta property=\"article:published_time\" content=\"2026-07-17T10:54:04+00:00\" \/>\n<meta property=\"og:image\" content=\"https:\/\/www.eldiario.net\/portal\/wp-content\/uploads\/2026\/07\/YA-3.webp\" \/>\n\t<meta property=\"og:image:width\" content=\"1200\" \/>\n\t<meta property=\"og:image:height\" content=\"889\" \/>\n\t<meta property=\"og:image:type\" content=\"image\/webp\" \/>\n<meta name=\"author\" content=\"Jeanette\" \/>\n<meta name=\"twitter:card\" content=\"summary_large_image\" \/>\n<meta name=\"twitter:creator\" content=\"@eldiario_net\" \/>\n<meta name=\"twitter:site\" content=\"@eldiario_net\" \/>\n<meta name=\"twitter:label1\" content=\"Escrito por\" \/>\n\t<meta name=\"twitter:data1\" content=\"Jeanette\" \/>\n\t<meta name=\"twitter:label2\" content=\"Tiempo de lectura\" \/>\n\t<meta name=\"twitter:data2\" content=\"2 minutos\" \/>\n<script type=\"application\/ld+json\" class=\"yoast-schema-graph\">{\"@context\":\"https:\\\/\\\/schema.org\",\"@graph\":[{\"@type\":\"Article\",\"@id\":\"https:\\\/\\\/www.eldiario.net\\\/portal\\\/2026\\\/07\\\/17\\\/yolo-pago-suma-microcreditos-digitales-a-sus-servicios-de-billetera-movil\\\/#article\",\"isPartOf\":{\"@id\":\"https:\\\/\\\/www.eldiario.net\\\/portal\\\/2026\\\/07\\\/17\\\/yolo-pago-suma-microcreditos-digitales-a-sus-servicios-de-billetera-movil\\\/\"},\"author\":{\"name\":\"Jeanette\",\"@id\":\"https:\\\/\\\/www.eldiario.net\\\/portal\\\/#\\\/schema\\\/person\\\/2c57cf2b7a7ae032e449e4c9b1019eac\"},\"headline\":\"YOLO Pago suma microcr\u00e9ditos digitales a sus servicios de billetera m\u00f3vil\",\"datePublished\":\"2026-07-17T10:54:04+00:00\",\"mainEntityOfPage\":{\"@id\":\"https:\\\/\\\/www.eldiario.net\\\/portal\\\/2026\\\/07\\\/17\\\/yolo-pago-suma-microcreditos-digitales-a-sus-servicios-de-billetera-movil\\\/\"},\"wordCount\":224,\"publisher\":{\"@id\":\"https:\\\/\\\/www.eldiario.net\\\/portal\\\/#organization\"},\"image\":{\"@id\":\"https:\\\/\\\/www.eldiario.net\\\/portal\\\/2026\\\/07\\\/17\\\/yolo-pago-suma-microcreditos-digitales-a-sus-servicios-de-billetera-movil\\\/#primaryimage\"},\"thumbnailUrl\":\"https:\\\/\\\/www.eldiario.net\\\/portal\\\/wp-content\\\/uploads\\\/2026\\\/07\\\/YA-3.webp\",\"articleSection\":[\"Sociales\"],\"inLanguage\":\"es\"},{\"@type\":\"WebPage\",\"@id\":\"https:\\\/\\\/www.eldiario.net\\\/portal\\\/2026\\\/07\\\/17\\\/yolo-pago-suma-microcreditos-digitales-a-sus-servicios-de-billetera-movil\\\/\",\"url\":\"https:\\\/\\\/www.eldiario.net\\\/portal\\\/2026\\\/07\\\/17\\\/yolo-pago-suma-microcreditos-digitales-a-sus-servicios-de-billetera-movil\\\/\",\"name\":\"YOLO Pago suma microcr\u00e9ditos digitales a sus servicios de billetera m\u00f3vil - El Diario - Bolivia\",\"isPartOf\":{\"@id\":\"https:\\\/\\\/www.eldiario.net\\\/portal\\\/#website\"},\"primaryImageOfPage\":{\"@id\":\"https:\\\/\\\/www.eldiario.net\\\/portal\\\/2026\\\/07\\\/17\\\/yolo-pago-suma-microcreditos-digitales-a-sus-servicios-de-billetera-movil\\\/#primaryimage\"},\"image\":{\"@id\":\"https:\\\/\\\/www.eldiario.net\\\/portal\\\/2026\\\/07\\\/17\\\/yolo-pago-suma-microcreditos-digitales-a-sus-servicios-de-billetera-movil\\\/#primaryimage\"},\"thumbnailUrl\":\"https:\\\/\\\/www.eldiario.net\\\/portal\\\/wp-content\\\/uploads\\\/2026\\\/07\\\/YA-3.webp\",\"datePublished\":\"2026-07-17T10:54:04+00:00\",\"breadcrumb\":{\"@id\":\"https:\\\/\\\/www.eldiario.net\\\/portal\\\/2026\\\/07\\\/17\\\/yolo-pago-suma-microcreditos-digitales-a-sus-servicios-de-billetera-movil\\\/#breadcrumb\"},\"inLanguage\":\"es\",\"potentialAction\":[{\"@type\":\"ReadAction\",\"target\":[\"https:\\\/\\\/www.eldiario.net\\\/portal\\\/2026\\\/07\\\/17\\\/yolo-pago-suma-microcreditos-digitales-a-sus-servicios-de-billetera-movil\\\/\"]}]},{\"@type\":\"ImageObject\",\"inLanguage\":\"es\",\"@id\":\"https:\\\/\\\/www.eldiario.net\\\/portal\\\/2026\\\/07\\\/17\\\/yolo-pago-suma-microcreditos-digitales-a-sus-servicios-de-billetera-movil\\\/#primaryimage\",\"url\":\"https:\\\/\\\/www.eldiario.net\\\/portal\\\/wp-content\\\/uploads\\\/2026\\\/07\\\/YA-3.webp\",\"contentUrl\":\"https:\\\/\\\/www.eldiario.net\\\/portal\\\/wp-content\\\/uploads\\\/2026\\\/07\\\/YA-3.webp\",\"width\":1200,\"height\":889,\"caption\":\"ROMY PAZ, EDGARDO CU\u00c9LLAR, BRUNO OSINAGA Y CRISTINA BALDOMAR.\"},{\"@type\":\"BreadcrumbList\",\"@id\":\"https:\\\/\\\/www.eldiario.net\\\/portal\\\/2026\\\/07\\\/17\\\/yolo-pago-suma-microcreditos-digitales-a-sus-servicios-de-billetera-movil\\\/#breadcrumb\",\"itemListElement\":[{\"@type\":\"ListItem\",\"position\":1,\"name\":\"Portada\",\"item\":\"https:\\\/\\\/www.eldiario.net\\\/portal\\\/\"},{\"@type\":\"ListItem\",\"position\":2,\"name\":\"YOLO Pago suma microcr\u00e9ditos digitales a sus servicios de billetera m\u00f3vil\"}]},{\"@type\":\"WebSite\",\"@id\":\"https:\\\/\\\/www.eldiario.net\\\/portal\\\/#website\",\"url\":\"https:\\\/\\\/www.eldiario.net\\\/portal\\\/\",\"name\":\"El Diario - Decano de la prensa nacional\",\"description\":\"El Diario - Decano de la prensa nacional\",\"publisher\":{\"@id\":\"https:\\\/\\\/www.eldiario.net\\\/portal\\\/#organization\"},\"potentialAction\":[{\"@type\":\"SearchAction\",\"target\":{\"@type\":\"EntryPoint\",\"urlTemplate\":\"https:\\\/\\\/www.eldiario.net\\\/portal\\\/?s={search_term_string}\"},\"query-input\":{\"@type\":\"PropertyValueSpecification\",\"valueRequired\":true,\"valueName\":\"search_term_string\"}}],\"inLanguage\":\"es\"},{\"@type\":\"Organization\",\"@id\":\"https:\\\/\\\/www.eldiario.net\\\/portal\\\/#organization\",\"name\":\"El Diario - Decano de la prensa nacional\",\"url\":\"https:\\\/\\\/www.eldiario.net\\\/portal\\\/\",\"logo\":{\"@type\":\"ImageObject\",\"inLanguage\":\"es\",\"@id\":\"https:\\\/\\\/www.eldiario.net\\\/portal\\\/#\\\/schema\\\/logo\\\/image\\\/\",\"url\":\"https:\\\/\\\/www.eldiario.net\\\/portal\\\/wp-content\\\/uploads\\\/2023\\\/07\\\/logo_ED.jpg\",\"contentUrl\":\"https:\\\/\\\/www.eldiario.net\\\/portal\\\/wp-content\\\/uploads\\\/2023\\\/07\\\/logo_ED.jpg\",\"width\":272,\"height\":52,\"caption\":\"El Diario - Decano de la prensa nacional\"},\"image\":{\"@id\":\"https:\\\/\\\/www.eldiario.net\\\/portal\\\/#\\\/schema\\\/logo\\\/image\\\/\"},\"sameAs\":[\"https:\\\/\\\/www.facebook.com\\\/eldiario.bolivia\\\/\",\"https:\\\/\\\/x.com\\\/eldiario_net\"]},{\"@type\":\"Person\",\"@id\":\"https:\\\/\\\/www.eldiario.net\\\/portal\\\/#\\\/schema\\\/person\\\/2c57cf2b7a7ae032e449e4c9b1019eac\",\"name\":\"Jeanette\",\"image\":{\"@type\":\"ImageObject\",\"inLanguage\":\"es\",\"@id\":\"https:\\\/\\\/secure.gravatar.com\\\/avatar\\\/3ea2118a5f7dad2b7138b1187a6b7ee55f160b9968b66013c3a3ef39dd7e5798?s=96&d=mm&r=g\",\"url\":\"https:\\\/\\\/secure.gravatar.com\\\/avatar\\\/3ea2118a5f7dad2b7138b1187a6b7ee55f160b9968b66013c3a3ef39dd7e5798?s=96&d=mm&r=g\",\"contentUrl\":\"https:\\\/\\\/secure.gravatar.com\\\/avatar\\\/3ea2118a5f7dad2b7138b1187a6b7ee55f160b9968b66013c3a3ef39dd7e5798?s=96&d=mm&r=g\",\"caption\":\"Jeanette\"},\"sameAs\":[\"https:\\\/\\\/www.eldiario.net\\\/portal\"],\"url\":\"https:\\\/\\\/www.eldiario.net\\\/portal\\\/author\\\/jeanette\\\/\"}]}<\/script>\n<!-- \/ Yoast SEO plugin. -->","yoast_head_json":{"title":"YOLO Pago suma microcr\u00e9ditos digitales a sus servicios de billetera m\u00f3vil - El Diario - Bolivia","robots":{"index":"index","follow":"follow","max-snippet":"max-snippet:-1","max-image-preview":"max-image-preview:large","max-video-preview":"max-video-preview:-1"},"canonical":"https:\/\/www.eldiario.net\/portal\/2026\/07\/17\/yolo-pago-suma-microcreditos-digitales-a-sus-servicios-de-billetera-movil\/","og_locale":"es_ES","og_type":"article","og_title":"YOLO Pago suma microcr\u00e9ditos digitales a sus servicios de billetera m\u00f3vil - El Diario - Bolivia","og_description":"En un encuentro que convoc\u00f3 a ejecutivos del sector financiero y especialistas en tecnolog\u00eda, YOLO Pago, la billetera m\u00f3vil del Banco Ganadero, formaliz\u00f3 el lanzamiento de su nueva funcionalidad de cr\u00e9ditos 100% digitales. La presentaci\u00f3n del producto se realiz\u00f3 en un ambiente de interacci\u00f3n tecnol\u00f3gica donde los asistentes conocieron los detalles del nuevo servicio. Durante [&hellip;]","og_url":"https:\/\/www.eldiario.net\/portal\/2026\/07\/17\/yolo-pago-suma-microcreditos-digitales-a-sus-servicios-de-billetera-movil\/","og_site_name":"El Diario - Bolivia","article_publisher":"https:\/\/www.facebook.com\/eldiario.bolivia\/","article_published_time":"2026-07-17T10:54:04+00:00","og_image":[{"width":1200,"height":889,"url":"https:\/\/www.eldiario.net\/portal\/wp-content\/uploads\/2026\/07\/YA-3.webp","type":"image\/webp"}],"author":"Jeanette","twitter_card":"summary_large_image","twitter_creator":"@eldiario_net","twitter_site":"@eldiario_net","twitter_misc":{"Escrito por":"Jeanette","Tiempo de lectura":"2 minutos"},"schema":{"@context":"https:\/\/schema.org","@graph":[{"@type":"Article","@id":"https:\/\/www.eldiario.net\/portal\/2026\/07\/17\/yolo-pago-suma-microcreditos-digitales-a-sus-servicios-de-billetera-movil\/#article","isPartOf":{"@id":"https:\/\/www.eldiario.net\/portal\/2026\/07\/17\/yolo-pago-suma-microcreditos-digitales-a-sus-servicios-de-billetera-movil\/"},"author":{"name":"Jeanette","@id":"https:\/\/www.eldiario.net\/portal\/#\/schema\/person\/2c57cf2b7a7ae032e449e4c9b1019eac"},"headline":"YOLO Pago suma microcr\u00e9ditos digitales a sus servicios de billetera m\u00f3vil","datePublished":"2026-07-17T10:54:04+00:00","mainEntityOfPage":{"@id":"https:\/\/www.eldiario.net\/portal\/2026\/07\/17\/yolo-pago-suma-microcreditos-digitales-a-sus-servicios-de-billetera-movil\/"},"wordCount":224,"publisher":{"@id":"https:\/\/www.eldiario.net\/portal\/#organization"},"image":{"@id":"https:\/\/www.eldiario.net\/portal\/2026\/07\/17\/yolo-pago-suma-microcreditos-digitales-a-sus-servicios-de-billetera-movil\/#primaryimage"},"thumbnailUrl":"https:\/\/www.eldiario.net\/portal\/wp-content\/uploads\/2026\/07\/YA-3.webp","articleSection":["Sociales"],"inLanguage":"es"},{"@type":"WebPage","@id":"https:\/\/www.eldiario.net\/portal\/2026\/07\/17\/yolo-pago-suma-microcreditos-digitales-a-sus-servicios-de-billetera-movil\/","url":"https:\/\/www.eldiario.net\/portal\/2026\/07\/17\/yolo-pago-suma-microcreditos-digitales-a-sus-servicios-de-billetera-movil\/","name":"YOLO Pago suma microcr\u00e9ditos digitales a sus servicios de billetera m\u00f3vil - El Diario - Bolivia","isPartOf":{"@id":"https:\/\/www.eldiario.net\/portal\/#website"},"primaryImageOfPage":{"@id":"https:\/\/www.eldiario.net\/portal\/2026\/07\/17\/yolo-pago-suma-microcreditos-digitales-a-sus-servicios-de-billetera-movil\/#primaryimage"},"image":{"@id":"https:\/\/www.eldiario.net\/portal\/2026\/07\/17\/yolo-pago-suma-microcreditos-digitales-a-sus-servicios-de-billetera-movil\/#primaryimage"},"thumbnailUrl":"https:\/\/www.eldiario.net\/portal\/wp-content\/uploads\/2026\/07\/YA-3.webp","datePublished":"2026-07-17T10:54:04+00:00","breadcrumb":{"@id":"https:\/\/www.eldiario.net\/portal\/2026\/07\/17\/yolo-pago-suma-microcreditos-digitales-a-sus-servicios-de-billetera-movil\/#breadcrumb"},"inLanguage":"es","potentialAction":[{"@type":"ReadAction","target":["https:\/\/www.eldiario.net\/portal\/2026\/07\/17\/yolo-pago-suma-microcreditos-digitales-a-sus-servicios-de-billetera-movil\/"]}]},{"@type":"ImageObject","inLanguage":"es","@id":"https:\/\/www.eldiario.net\/portal\/2026\/07\/17\/yolo-pago-suma-microcreditos-digitales-a-sus-servicios-de-billetera-movil\/#primaryimage","url":"https:\/\/www.eldiario.net\/portal\/wp-content\/uploads\/2026\/07\/YA-3.webp","contentUrl":"https:\/\/www.eldiario.net\/portal\/wp-content\/uploads\/2026\/07\/YA-3.webp","width":1200,"height":889,"caption":"ROMY PAZ, EDGARDO CU\u00c9LLAR, BRUNO OSINAGA Y CRISTINA BALDOMAR."},{"@type":"BreadcrumbList","@id":"https:\/\/www.eldiario.net\/portal\/2026\/07\/17\/yolo-pago-suma-microcreditos-digitales-a-sus-servicios-de-billetera-movil\/#breadcrumb","itemListElement":[{"@type":"ListItem","position":1,"name":"Portada","item":"https:\/\/www.eldiario.net\/portal\/"},{"@type":"ListItem","position":2,"name":"YOLO Pago suma microcr\u00e9ditos digitales a sus servicios de billetera m\u00f3vil"}]},{"@type":"WebSite","@id":"https:\/\/www.eldiario.net\/portal\/#website","url":"https:\/\/www.eldiario.net\/portal\/","name":"El Diario - Decano de la prensa nacional","description":"El Diario - Decano de la prensa nacional","publisher":{"@id":"https:\/\/www.eldiario.net\/portal\/#organization"},"potentialAction":[{"@type":"SearchAction","target":{"@type":"EntryPoint","urlTemplate":"https:\/\/www.eldiario.net\/portal\/?s={search_term_string}"},"query-input":{"@type":"PropertyValueSpecification","valueRequired":true,"valueName":"search_term_string"}}],"inLanguage":"es"},{"@type":"Organization","@id":"https:\/\/www.eldiario.net\/portal\/#organization","name":"El Diario - Decano de la prensa nacional","url":"https:\/\/www.eldiario.net\/portal\/","logo":{"@type":"ImageObject","inLanguage":"es","@id":"https:\/\/www.eldiario.net\/portal\/#\/schema\/logo\/image\/","url":"https:\/\/www.eldiario.net\/portal\/wp-content\/uploads\/2023\/07\/logo_ED.jpg","contentUrl":"https:\/\/www.eldiario.net\/portal\/wp-content\/uploads\/2023\/07\/logo_ED.jpg","width":272,"height":52,"caption":"El Diario - Decano de la prensa nacional"},"image":{"@id":"https:\/\/www.eldiario.net\/portal\/#\/schema\/logo\/image\/"},"sameAs":["https:\/\/www.facebook.com\/eldiario.bolivia\/","https:\/\/x.com\/eldiario_net"]},{"@type":"Person","@id":"https:\/\/www.eldiario.net\/portal\/#\/schema\/person\/2c57cf2b7a7ae032e449e4c9b1019eac","name":"Jeanette","image":{"@type":"ImageObject","inLanguage":"es","@id":"https:\/\/secure.gravatar.com\/avatar\/3ea2118a5f7dad2b7138b1187a6b7ee55f160b9968b66013c3a3ef39dd7e5798?s=96&d=mm&r=g","url":"https:\/\/secure.gravatar.com\/avatar\/3ea2118a5f7dad2b7138b1187a6b7ee55f160b9968b66013c3a3ef39dd7e5798?s=96&d=mm&r=g","contentUrl":"https:\/\/secure.gravatar.com\/avatar\/3ea2118a5f7dad2b7138b1187a6b7ee55f160b9968b66013c3a3ef39dd7e5798?s=96&d=mm&r=g","caption":"Jeanette"},"sameAs":["https:\/\/www.eldiario.net\/portal"],"url":"https:\/\/www.eldiario.net\/portal\/author\/jeanette\/"}]}},"_links":{"self":[{"href":"https:\/\/www.eldiario.net\/portal\/wp-json\/wp\/v2\/posts\/413373","targetHints":{"allow":["GET"]}}],"collection":[{"href":"https:\/\/www.eldiario.net\/portal\/wp-json\/wp\/v2\/posts"}],"about":[{"href":"https:\/\/www.eldiario.net\/portal\/wp-json\/wp\/v2\/types\/post"}],"author":[{"embeddable":true,"href":"https:\/\/www.eldiario.net\/portal\/wp-json\/wp\/v2\/users\/1"}],"replies":[{"embeddable":true,"href":"https:\/\/www.eldiario.net\/portal\/wp-json\/wp\/v2\/comments?post=413373"}],"version-history":[{"count":1,"href":"https:\/\/www.eldiario.net\/portal\/wp-json\/wp\/v2\/posts\/413373\/revisions"}],"predecessor-version":[{"id":413378,"href":"https:\/\/www.eldiario.net\/portal\/wp-json\/wp\/v2\/posts\/413373\/revisions\/413378"}],"wp:featuredmedia":[{"embeddable":true,"href":"https:\/\/www.eldiario.net\/portal\/wp-json\/wp\/v2\/media\/413377"}],"wp:attachment":[{"href":"https:\/\/www.eldiario.net\/portal\/wp-json\/wp\/v2\/media?parent=413373"}],"wp:term":[{"taxonomy":"category","embeddable":true,"href":"https:\/\/www.eldiario.net\/portal\/wp-json\/wp\/v2\/categories?post=413373"},{"taxonomy":"post_tag","embeddable":true,"href":"https:\/\/www.eldiario.net\/portal\/wp-json\/wp\/v2\/tags?post=413373"}],"curies":[{"name":"wp","href":"https:\/\/api.w.org\/{rel}","templated":true}]}}