{"id":413346,"date":"2026-07-17T06:31:33","date_gmt":"2026-07-17T10:31:33","guid":{"rendered":"https:\/\/www.eldiario.net\/portal\/?p=413346"},"modified":"2026-07-17T06:31:45","modified_gmt":"2026-07-17T10:31:45","slug":"quince-quiebras","status":"publish","type":"post","link":"https:\/\/www.eldiario.net\/portal\/2026\/07\/17\/quince-quiebras\/","title":{"rendered":"Quince quiebras"},"content":{"rendered":"<p>Se han conocido los resultados de la situaci\u00f3n en que est\u00e1n las empresas estatales y, como lo sab\u00edamos todos, hay que preparar quince ata\u00fades.<br \/>\nLo que todo el pa\u00eds espera es que, junto a esos cajones, vayan presos los que manejaron esas empresas, comenzando por quienes las crearon de manera tan alegre durante el fest\u00edn del MAS.<br \/>\nEl criterio para la gasolina negra, usado por este gobierno, debe ser desechado y, ahora s\u00ed, los culpables deber\u00e1n ser castigados y no protegidos.<br \/>\nEste caso es escandaloso, aunque ocultado por el propio gobierno, que, en lugar de mostrar a los responsables y meterlos a la c\u00e1rcel, decidi\u00f3 usar el dinero de los bolivianos para pagar compensaciones a los due\u00f1os de los veh\u00edculos que se da\u00f1aron con esa gasolina.<br \/>\nTampoco hay que usar el estilo que aplic\u00f3 el actual gobierno para el caso del despilfarro de millones de d\u00f3lares en la construcci\u00f3n de la sede de Unasur en Cochabamba, que nunca lleg\u00f3 a funcionar.<br \/>\nPor \u00faltimo, no se debe usar el m\u00e9todo aplicado en el caso de la hacienda Santa Rita, avasallada por una banda de masistas en Santa Cruz, donde los asaltantes est\u00e1n usando maquinarias para la siembra, y la propietaria ruega que alguien la pueda ayudar.<br \/>\nPara el caso de las empresas quebradas habr\u00e1 que comenzar por YPFB y establecer qui\u00e9nes son los responsables de que la planilla haya pasado de 700 trabajadores a 8.000 durante la dinast\u00eda \u201cmasista\u201d.<br \/>\nLa empresa ha quedado reducida a las funciones de importar gasolina y di\u00e9sel, nada m\u00e1s, tarea para la cual sobran 7.990 empleados.<br \/>\nLuego, entrando en detalles, descubrir a los responsables de haber convertido a la \u201cBolivia Saud\u00ed\u201d, que estaba a punto de exportar gas natural a Estados Unidos, en un pa\u00eds que en un a\u00f1o se quedar\u00e1 sin gas ni siquiera para el consumo interno.<br \/>\nYacimientos Petrol\u00edferos Fiscales Bolivianos (YPFB) ocult\u00f3 la verdad de las reservas durante d\u00e9cadas, a pesar de que hay una ley que instruye su publicaci\u00f3n cada 3 a\u00f1os. Otra oportunidad para encontrar culpables.<br \/>\nA los que denuncian, a grito pelado, que el Gobierno se propone privatizar las empresas estatales, hay que decirles que no tienen por qu\u00e9 preocuparse: nadie querr\u00e1 comprar esos cad\u00e1veres.<br \/>\nTambi\u00e9n hay que ense\u00f1arles, con maicitos, que si no hay inversi\u00f3n privada no habr\u00e1 soluci\u00f3n para el pa\u00eds porque, como estamos viendo ahora, las empresas estatales no sirven sino para crear pegas y no producen otra cosa que problemas.<br \/>\nPara el entierro de todos esos ata\u00fades habr\u00e1 que contar con una banda militar que toque boleros de caballer\u00eda, comenzando por \u201cEl retiro de Villamontes\u201d, con lo cual se rendir\u00e1 homenaje a los que crearon YPFB cuando finaliz\u00f3 la guerra del Chaco.<\/p>\n<p><img loading=\"lazy\" decoding=\"async\" class=\"alignleft size-full wp-image-413347\" src=\"https:\/\/www.eldiario.net\/portal\/wp-content\/uploads\/2026\/07\/petroleo-1.webp\" alt=\"\" width=\"150\" height=\"202\" \/><strong>PETR\u00d3LEO<\/strong><\/p>\n<p>El precio del petr\u00f3leo sube, pero el precio del Di\u00e9sel en el mercado internacional sube a\u00fan m\u00e1s. Ucrania ha bombardeado m\u00e1s del 40% de la capacidad de refinaci\u00f3n de Rusia, que sol\u00eda ser el cuarto mayor exportador mundial del combustible. Tambi\u00e9n han golpeado al 20% de su flota obscura que llevaba petr\u00f3leo a China e India, el segundo y tercer mayor exportador de Di\u00e9sel del mundo respectivamente. Ellos lo usaban para refinar Di\u00e9sel.<\/p>\n<p>&nbsp;<\/p>\n<p><img loading=\"lazy\" decoding=\"async\" class=\"alignleft size-full wp-image-413348\" src=\"https:\/\/www.eldiario.net\/portal\/wp-content\/uploads\/2026\/07\/ORO-1.webp\" alt=\"\" width=\"150\" height=\"201\" \/><strong>ORO<\/strong><\/p>\n<p>En junio, el precio del oro cay\u00f3 por debajo de los US$ 4.000 la onza por primera vez desde noviembre del a\u00f1o pasado. Un an\u00e1lisis del Bank of America, asegura que este es el principio del fin de una racha hist\u00f3rica al alza. El an\u00e1lisis sugiere que el precio podr\u00eda llegar a US$ 3.600 y hasta menos antes de encontrar un nuevo equilibrio. El precio se mantendr\u00eda a la baja durante agosto y septiembre, hasta encontrar el nuevo equilibrio.<\/p>\n<p>&nbsp;<\/p>\n<p><img loading=\"lazy\" decoding=\"async\" class=\"alignleft size-full wp-image-413349\" src=\"https:\/\/www.eldiario.net\/portal\/wp-content\/uploads\/2026\/07\/PLATA-1.webp\" alt=\"\" width=\"150\" height=\"205\" \/><strong>PLATA<\/strong><\/p>\n<p>La plata cotiza a US$ 56 la onza, una ca\u00edda del 52% respecto a su m\u00e1ximo hist\u00f3rico de US$ 121,62 en enero. La relaci\u00f3n oro-plata se sit\u00faa en 69,2 a 1, cerca del l\u00edmite superior de su rango hist\u00f3rico de 50 a\u00f1os, es decir que la plata est\u00e1 infravalorada frente al oro. Aun as\u00ed, algunos analistas esperan que cierre el a\u00f1o en US$ 55 la onza. El 58% de la producci\u00f3n mundial tiene uso industrial, el d\u00e9ficit en oferta de 5,5% se cubre con reservas.<\/p>\n<p>&nbsp;<\/p>\n<p><strong><em>Sanciones y sismos<\/em><\/strong><\/p>\n<p>Para financiar la recuperaci\u00f3n post sismo, el gobierno de Venezuela, quiere que se le devuelvan los fondos y el oro confiscado por la comunidad internacional y se levanten las sanciones. La comunidad internacional no reconoce al gobierno por antidemocr\u00e1tico y no conf\u00edan en su administraci\u00f3n de los fondos, por la corrupci\u00f3n demostrada.<\/p>\n<p><em><strong>Boom de GNL<\/strong><\/em><\/p>\n<p>Los proyectos de GNL de Vaca Muerta podr\u00edan generar exportaciones por hasta US$18.000 millones anuales, equivalentes a 2,5% del PBI, seg\u00fan un informe de Bradesco, un banco brasile\u00f1o. Argentina ya tiene proyectos en construcci\u00f3n y contratos de venta con Alemania. Las guerras en Rusia e Ir\u00e1n atraen el inter\u00e9s de inversionistas.<\/p>\n<p><em><strong>S\u00faper Ni\u00f1o <\/strong><\/em><\/p>\n<p>Meteor\u00f3logos y expertos clim\u00e1ticos anuncian la llegada de un \u201cs\u00faper Ni\u00f1o\u201d. El presidente del Banco Central de Per\u00fa, que fue ratificado en el cargo por Keiko Fujimori, asegura que la pesca ya cay\u00f3 en 75% por el fen\u00f3meno en mayo. La pesca representa menos de 1% de la econom\u00eda peruana; la agricultura el 6% y juntos son 24% del empleo.<\/p>\n<p style=\"text-align: center;\">Lo bueno<br \/>\n***<br \/>\nEs que el d\u00f3lar flexible vino a terminar con la farsa del d\u00f3lar congelado e hizo surgir por lo menos tres cotizaciones paralelas.<\/p>\n<p style=\"text-align: center;\">Lo malo<br \/>\n***<br \/>\nEs que el d\u00f3lar flexible pas\u00f3, en s\u00f3lo dos semanas de cotizarse en Bs 9,73 a Bs 10,75, con los ajustes diarios que hace el Gobierno.<\/p>\n<p style=\"text-align: center;\">Lo feo<br \/>\n***<br \/>\nEs que el presidente Rodrigo Paz dijo que nadie tiene que alarmarse porque \u201csolamente se trata de unos pocos centavos\u201d de devaluaci\u00f3n.<\/p>\n","protected":false},"excerpt":{"rendered":"<p>Se han conocido los resultados de la situaci\u00f3n en que est\u00e1n las empresas estatales y, como lo sab\u00edamos todos, hay que preparar quince ata\u00fades. Lo que todo el pa\u00eds espera es que, junto a esos cajones, vayan presos los que manejaron esas empresas, comenzando por quienes las crearon de manera tan alegre durante el fest\u00edn [&hellip;]<\/p>\n","protected":false},"author":1,"featured_media":413350,"comment_status":"closed","ping_status":"open","sticky":false,"template":"","format":"standard","meta":{"_acf_changed":false,"footnotes":""},"categories":[7],"tags":[],"class_list":["post-413346","post","type-post","status-publish","format-standard","has-post-thumbnail","category-economia"],"acf":{"antetitulo":"An\u00e1lisis econ\u00f3mico"},"yoast_head":"<!-- This site is optimized with the Yoast SEO plugin v28.4 - https:\/\/yoast.com\/product\/yoast-seo-wordpress\/ -->\n<title>Quince quiebras - El Diario - Bolivia<\/title>\n<meta name=\"robots\" content=\"index, follow, max-snippet:-1, max-image-preview:large, max-video-preview:-1\" \/>\n<link rel=\"canonical\" href=\"https:\/\/www.eldiario.net\/portal\/2026\/07\/17\/quince-quiebras\/\" \/>\n<meta property=\"og:locale\" content=\"es_ES\" \/>\n<meta property=\"og:type\" content=\"article\" \/>\n<meta property=\"og:title\" content=\"Quince quiebras - El Diario - Bolivia\" \/>\n<meta property=\"og:description\" content=\"Se han conocido los resultados de la situaci\u00f3n en que est\u00e1n las empresas estatales y, como lo sab\u00edamos todos, hay que preparar quince ata\u00fades. Lo que todo el pa\u00eds espera es que, junto a esos cajones, vayan presos los que manejaron esas empresas, comenzando por quienes las crearon de manera tan alegre durante el fest\u00edn [&hellip;]\" \/>\n<meta property=\"og:url\" content=\"https:\/\/www.eldiario.net\/portal\/2026\/07\/17\/quince-quiebras\/\" \/>\n<meta property=\"og:site_name\" content=\"El Diario - Bolivia\" \/>\n<meta property=\"article:publisher\" content=\"https:\/\/www.facebook.com\/eldiario.bolivia\/\" \/>\n<meta property=\"article:published_time\" content=\"2026-07-17T10:31:33+00:00\" \/>\n<meta property=\"article:modified_time\" content=\"2026-07-17T10:31:45+00:00\" \/>\n<meta property=\"og:image\" content=\"https:\/\/www.eldiario.net\/portal\/wp-content\/uploads\/2026\/07\/20260717.webp\" \/>\n\t<meta property=\"og:image:width\" content=\"1383\" \/>\n\t<meta property=\"og:image:height\" content=\"679\" \/>\n\t<meta property=\"og:image:type\" content=\"image\/webp\" \/>\n<meta name=\"author\" content=\"Jeanette\" \/>\n<meta name=\"twitter:card\" content=\"summary_large_image\" \/>\n<meta name=\"twitter:creator\" content=\"@eldiario_net\" \/>\n<meta name=\"twitter:site\" content=\"@eldiario_net\" \/>\n<meta name=\"twitter:label1\" content=\"Escrito por\" \/>\n\t<meta name=\"twitter:data1\" content=\"Jeanette\" \/>\n\t<meta name=\"twitter:label2\" content=\"Tiempo de lectura\" \/>\n\t<meta name=\"twitter:data2\" content=\"6 minutos\" \/>\n<script type=\"application\/ld+json\" class=\"yoast-schema-graph\">{\"@context\":\"https:\\\/\\\/schema.org\",\"@graph\":[{\"@type\":\"Article\",\"@id\":\"https:\\\/\\\/www.eldiario.net\\\/portal\\\/2026\\\/07\\\/17\\\/quince-quiebras\\\/#article\",\"isPartOf\":{\"@id\":\"https:\\\/\\\/www.eldiario.net\\\/portal\\\/2026\\\/07\\\/17\\\/quince-quiebras\\\/\"},\"author\":{\"name\":\"Jeanette\",\"@id\":\"https:\\\/\\\/www.eldiario.net\\\/portal\\\/#\\\/schema\\\/person\\\/f46445640444750d7d753ccd04ae01b7\"},\"headline\":\"Quince quiebras\",\"datePublished\":\"2026-07-17T10:31:33+00:00\",\"dateModified\":\"2026-07-17T10:31:45+00:00\",\"mainEntityOfPage\":{\"@id\":\"https:\\\/\\\/www.eldiario.net\\\/portal\\\/2026\\\/07\\\/17\\\/quince-quiebras\\\/\"},\"wordCount\":1001,\"publisher\":{\"@id\":\"https:\\\/\\\/www.eldiario.net\\\/portal\\\/#organization\"},\"image\":{\"@id\":\"https:\\\/\\\/www.eldiario.net\\\/portal\\\/2026\\\/07\\\/17\\\/quince-quiebras\\\/#primaryimage\"},\"thumbnailUrl\":\"https:\\\/\\\/www.eldiario.net\\\/portal\\\/wp-content\\\/uploads\\\/2026\\\/07\\\/20260717.webp\",\"articleSection\":[\"Econom\u00eda\"],\"inLanguage\":\"es\"},{\"@type\":\"WebPage\",\"@id\":\"https:\\\/\\\/www.eldiario.net\\\/portal\\\/2026\\\/07\\\/17\\\/quince-quiebras\\\/\",\"url\":\"https:\\\/\\\/www.eldiario.net\\\/portal\\\/2026\\\/07\\\/17\\\/quince-quiebras\\\/\",\"name\":\"Quince quiebras - El Diario - Bolivia\",\"isPartOf\":{\"@id\":\"https:\\\/\\\/www.eldiario.net\\\/portal\\\/#website\"},\"primaryImageOfPage\":{\"@id\":\"https:\\\/\\\/www.eldiario.net\\\/portal\\\/2026\\\/07\\\/17\\\/quince-quiebras\\\/#primaryimage\"},\"image\":{\"@id\":\"https:\\\/\\\/www.eldiario.net\\\/portal\\\/2026\\\/07\\\/17\\\/quince-quiebras\\\/#primaryimage\"},\"thumbnailUrl\":\"https:\\\/\\\/www.eldiario.net\\\/portal\\\/wp-content\\\/uploads\\\/2026\\\/07\\\/20260717.webp\",\"datePublished\":\"2026-07-17T10:31:33+00:00\",\"dateModified\":\"2026-07-17T10:31:45+00:00\",\"breadcrumb\":{\"@id\":\"https:\\\/\\\/www.eldiario.net\\\/portal\\\/2026\\\/07\\\/17\\\/quince-quiebras\\\/#breadcrumb\"},\"inLanguage\":\"es\",\"potentialAction\":[{\"@type\":\"ReadAction\",\"target\":[\"https:\\\/\\\/www.eldiario.net\\\/portal\\\/2026\\\/07\\\/17\\\/quince-quiebras\\\/\"]}]},{\"@type\":\"ImageObject\",\"inLanguage\":\"es\",\"@id\":\"https:\\\/\\\/www.eldiario.net\\\/portal\\\/2026\\\/07\\\/17\\\/quince-quiebras\\\/#primaryimage\",\"url\":\"https:\\\/\\\/www.eldiario.net\\\/portal\\\/wp-content\\\/uploads\\\/2026\\\/07\\\/20260717.webp\",\"contentUrl\":\"https:\\\/\\\/www.eldiario.net\\\/portal\\\/wp-content\\\/uploads\\\/2026\\\/07\\\/20260717.webp\",\"width\":1383,\"height\":679},{\"@type\":\"BreadcrumbList\",\"@id\":\"https:\\\/\\\/www.eldiario.net\\\/portal\\\/2026\\\/07\\\/17\\\/quince-quiebras\\\/#breadcrumb\",\"itemListElement\":[{\"@type\":\"ListItem\",\"position\":1,\"name\":\"Portada\",\"item\":\"https:\\\/\\\/www.eldiario.net\\\/portal\\\/\"},{\"@type\":\"ListItem\",\"position\":2,\"name\":\"Quince quiebras\"}]},{\"@type\":\"WebSite\",\"@id\":\"https:\\\/\\\/www.eldiario.net\\\/portal\\\/#website\",\"url\":\"https:\\\/\\\/www.eldiario.net\\\/portal\\\/\",\"name\":\"El Diario - Decano de la prensa nacional\",\"description\":\"El Diario - Decano de la prensa nacional\",\"publisher\":{\"@id\":\"https:\\\/\\\/www.eldiario.net\\\/portal\\\/#organization\"},\"potentialAction\":[{\"@type\":\"SearchAction\",\"target\":{\"@type\":\"EntryPoint\",\"urlTemplate\":\"https:\\\/\\\/www.eldiario.net\\\/portal\\\/?s={search_term_string}\"},\"query-input\":{\"@type\":\"PropertyValueSpecification\",\"valueRequired\":true,\"valueName\":\"search_term_string\"}}],\"inLanguage\":\"es\"},{\"@type\":\"Organization\",\"@id\":\"https:\\\/\\\/www.eldiario.net\\\/portal\\\/#organization\",\"name\":\"El Diario - Decano de la prensa nacional\",\"url\":\"https:\\\/\\\/www.eldiario.net\\\/portal\\\/\",\"logo\":{\"@type\":\"ImageObject\",\"inLanguage\":\"es\",\"@id\":\"https:\\\/\\\/www.eldiario.net\\\/portal\\\/#\\\/schema\\\/logo\\\/image\\\/\",\"url\":\"https:\\\/\\\/www.eldiario.net\\\/portal\\\/wp-content\\\/uploads\\\/2023\\\/07\\\/logo_ED.jpg\",\"contentUrl\":\"https:\\\/\\\/www.eldiario.net\\\/portal\\\/wp-content\\\/uploads\\\/2023\\\/07\\\/logo_ED.jpg\",\"width\":272,\"height\":52,\"caption\":\"El Diario - Decano de la prensa nacional\"},\"image\":{\"@id\":\"https:\\\/\\\/www.eldiario.net\\\/portal\\\/#\\\/schema\\\/logo\\\/image\\\/\"},\"sameAs\":[\"https:\\\/\\\/www.facebook.com\\\/eldiario.bolivia\\\/\",\"https:\\\/\\\/x.com\\\/eldiario_net\"]},{\"@type\":\"Person\",\"@id\":\"https:\\\/\\\/www.eldiario.net\\\/portal\\\/#\\\/schema\\\/person\\\/f46445640444750d7d753ccd04ae01b7\",\"name\":\"Jeanette\",\"image\":{\"@type\":\"ImageObject\",\"inLanguage\":\"es\",\"@id\":\"https:\\\/\\\/secure.gravatar.com\\\/avatar\\\/3ea2118a5f7dad2b7138b1187a6b7ee55f160b9968b66013c3a3ef39dd7e5798?s=96&d=mm&r=g\",\"url\":\"https:\\\/\\\/secure.gravatar.com\\\/avatar\\\/3ea2118a5f7dad2b7138b1187a6b7ee55f160b9968b66013c3a3ef39dd7e5798?s=96&d=mm&r=g\",\"contentUrl\":\"https:\\\/\\\/secure.gravatar.com\\\/avatar\\\/3ea2118a5f7dad2b7138b1187a6b7ee55f160b9968b66013c3a3ef39dd7e5798?s=96&d=mm&r=g\",\"caption\":\"Jeanette\"},\"sameAs\":[\"https:\\\/\\\/www.eldiario.net\\\/portal\"],\"url\":\"https:\\\/\\\/www.eldiario.net\\\/portal\\\/author\\\/jeanette\\\/\"}]}<\/script>\n<!-- \/ Yoast SEO plugin. -->","yoast_head_json":{"title":"Quince quiebras - El Diario - Bolivia","robots":{"index":"index","follow":"follow","max-snippet":"max-snippet:-1","max-image-preview":"max-image-preview:large","max-video-preview":"max-video-preview:-1"},"canonical":"https:\/\/www.eldiario.net\/portal\/2026\/07\/17\/quince-quiebras\/","og_locale":"es_ES","og_type":"article","og_title":"Quince quiebras - El Diario - Bolivia","og_description":"Se han conocido los resultados de la situaci\u00f3n en que est\u00e1n las empresas estatales y, como lo sab\u00edamos todos, hay que preparar quince ata\u00fades. Lo que todo el pa\u00eds espera es que, junto a esos cajones, vayan presos los que manejaron esas empresas, comenzando por quienes las crearon de manera tan alegre durante el fest\u00edn [&hellip;]","og_url":"https:\/\/www.eldiario.net\/portal\/2026\/07\/17\/quince-quiebras\/","og_site_name":"El Diario - Bolivia","article_publisher":"https:\/\/www.facebook.com\/eldiario.bolivia\/","article_published_time":"2026-07-17T10:31:33+00:00","article_modified_time":"2026-07-17T10:31:45+00:00","og_image":[{"width":1383,"height":679,"url":"https:\/\/www.eldiario.net\/portal\/wp-content\/uploads\/2026\/07\/20260717.webp","type":"image\/webp"}],"author":"Jeanette","twitter_card":"summary_large_image","twitter_creator":"@eldiario_net","twitter_site":"@eldiario_net","twitter_misc":{"Escrito por":"Jeanette","Tiempo de lectura":"6 minutos"},"schema":{"@context":"https:\/\/schema.org","@graph":[{"@type":"Article","@id":"https:\/\/www.eldiario.net\/portal\/2026\/07\/17\/quince-quiebras\/#article","isPartOf":{"@id":"https:\/\/www.eldiario.net\/portal\/2026\/07\/17\/quince-quiebras\/"},"author":{"name":"Jeanette","@id":"https:\/\/www.eldiario.net\/portal\/#\/schema\/person\/f46445640444750d7d753ccd04ae01b7"},"headline":"Quince quiebras","datePublished":"2026-07-17T10:31:33+00:00","dateModified":"2026-07-17T10:31:45+00:00","mainEntityOfPage":{"@id":"https:\/\/www.eldiario.net\/portal\/2026\/07\/17\/quince-quiebras\/"},"wordCount":1001,"publisher":{"@id":"https:\/\/www.eldiario.net\/portal\/#organization"},"image":{"@id":"https:\/\/www.eldiario.net\/portal\/2026\/07\/17\/quince-quiebras\/#primaryimage"},"thumbnailUrl":"https:\/\/www.eldiario.net\/portal\/wp-content\/uploads\/2026\/07\/20260717.webp","articleSection":["Econom\u00eda"],"inLanguage":"es"},{"@type":"WebPage","@id":"https:\/\/www.eldiario.net\/portal\/2026\/07\/17\/quince-quiebras\/","url":"https:\/\/www.eldiario.net\/portal\/2026\/07\/17\/quince-quiebras\/","name":"Quince quiebras - El Diario - Bolivia","isPartOf":{"@id":"https:\/\/www.eldiario.net\/portal\/#website"},"primaryImageOfPage":{"@id":"https:\/\/www.eldiario.net\/portal\/2026\/07\/17\/quince-quiebras\/#primaryimage"},"image":{"@id":"https:\/\/www.eldiario.net\/portal\/2026\/07\/17\/quince-quiebras\/#primaryimage"},"thumbnailUrl":"https:\/\/www.eldiario.net\/portal\/wp-content\/uploads\/2026\/07\/20260717.webp","datePublished":"2026-07-17T10:31:33+00:00","dateModified":"2026-07-17T10:31:45+00:00","breadcrumb":{"@id":"https:\/\/www.eldiario.net\/portal\/2026\/07\/17\/quince-quiebras\/#breadcrumb"},"inLanguage":"es","potentialAction":[{"@type":"ReadAction","target":["https:\/\/www.eldiario.net\/portal\/2026\/07\/17\/quince-quiebras\/"]}]},{"@type":"ImageObject","inLanguage":"es","@id":"https:\/\/www.eldiario.net\/portal\/2026\/07\/17\/quince-quiebras\/#primaryimage","url":"https:\/\/www.eldiario.net\/portal\/wp-content\/uploads\/2026\/07\/20260717.webp","contentUrl":"https:\/\/www.eldiario.net\/portal\/wp-content\/uploads\/2026\/07\/20260717.webp","width":1383,"height":679},{"@type":"BreadcrumbList","@id":"https:\/\/www.eldiario.net\/portal\/2026\/07\/17\/quince-quiebras\/#breadcrumb","itemListElement":[{"@type":"ListItem","position":1,"name":"Portada","item":"https:\/\/www.eldiario.net\/portal\/"},{"@type":"ListItem","position":2,"name":"Quince quiebras"}]},{"@type":"WebSite","@id":"https:\/\/www.eldiario.net\/portal\/#website","url":"https:\/\/www.eldiario.net\/portal\/","name":"El Diario - Decano de la prensa nacional","description":"El Diario - Decano de la prensa nacional","publisher":{"@id":"https:\/\/www.eldiario.net\/portal\/#organization"},"potentialAction":[{"@type":"SearchAction","target":{"@type":"EntryPoint","urlTemplate":"https:\/\/www.eldiario.net\/portal\/?s={search_term_string}"},"query-input":{"@type":"PropertyValueSpecification","valueRequired":true,"valueName":"search_term_string"}}],"inLanguage":"es"},{"@type":"Organization","@id":"https:\/\/www.eldiario.net\/portal\/#organization","name":"El Diario - Decano de la prensa nacional","url":"https:\/\/www.eldiario.net\/portal\/","logo":{"@type":"ImageObject","inLanguage":"es","@id":"https:\/\/www.eldiario.net\/portal\/#\/schema\/logo\/image\/","url":"https:\/\/www.eldiario.net\/portal\/wp-content\/uploads\/2023\/07\/logo_ED.jpg","contentUrl":"https:\/\/www.eldiario.net\/portal\/wp-content\/uploads\/2023\/07\/logo_ED.jpg","width":272,"height":52,"caption":"El Diario - Decano de la prensa nacional"},"image":{"@id":"https:\/\/www.eldiario.net\/portal\/#\/schema\/logo\/image\/"},"sameAs":["https:\/\/www.facebook.com\/eldiario.bolivia\/","https:\/\/x.com\/eldiario_net"]},{"@type":"Person","@id":"https:\/\/www.eldiario.net\/portal\/#\/schema\/person\/f46445640444750d7d753ccd04ae01b7","name":"Jeanette","image":{"@type":"ImageObject","inLanguage":"es","@id":"https:\/\/secure.gravatar.com\/avatar\/3ea2118a5f7dad2b7138b1187a6b7ee55f160b9968b66013c3a3ef39dd7e5798?s=96&d=mm&r=g","url":"https:\/\/secure.gravatar.com\/avatar\/3ea2118a5f7dad2b7138b1187a6b7ee55f160b9968b66013c3a3ef39dd7e5798?s=96&d=mm&r=g","contentUrl":"https:\/\/secure.gravatar.com\/avatar\/3ea2118a5f7dad2b7138b1187a6b7ee55f160b9968b66013c3a3ef39dd7e5798?s=96&d=mm&r=g","caption":"Jeanette"},"sameAs":["https:\/\/www.eldiario.net\/portal"],"url":"https:\/\/www.eldiario.net\/portal\/author\/jeanette\/"}]}},"_links":{"self":[{"href":"https:\/\/www.eldiario.net\/portal\/wp-json\/wp\/v2\/posts\/413346","targetHints":{"allow":["GET"]}}],"collection":[{"href":"https:\/\/www.eldiario.net\/portal\/wp-json\/wp\/v2\/posts"}],"about":[{"href":"https:\/\/www.eldiario.net\/portal\/wp-json\/wp\/v2\/types\/post"}],"author":[{"embeddable":true,"href":"https:\/\/www.eldiario.net\/portal\/wp-json\/wp\/v2\/users\/1"}],"replies":[{"embeddable":true,"href":"https:\/\/www.eldiario.net\/portal\/wp-json\/wp\/v2\/comments?post=413346"}],"version-history":[{"count":1,"href":"https:\/\/www.eldiario.net\/portal\/wp-json\/wp\/v2\/posts\/413346\/revisions"}],"predecessor-version":[{"id":413351,"href":"https:\/\/www.eldiario.net\/portal\/wp-json\/wp\/v2\/posts\/413346\/revisions\/413351"}],"wp:featuredmedia":[{"embeddable":true,"href":"https:\/\/www.eldiario.net\/portal\/wp-json\/wp\/v2\/media\/413350"}],"wp:attachment":[{"href":"https:\/\/www.eldiario.net\/portal\/wp-json\/wp\/v2\/media?parent=413346"}],"wp:term":[{"taxonomy":"category","embeddable":true,"href":"https:\/\/www.eldiario.net\/portal\/wp-json\/wp\/v2\/categories?post=413346"},{"taxonomy":"post_tag","embeddable":true,"href":"https:\/\/www.eldiario.net\/portal\/wp-json\/wp\/v2\/tags?post=413346"}],"curies":[{"name":"wp","href":"https:\/\/api.w.org\/{rel}","templated":true}]}}