{"id":413266,"date":"2026-07-17T05:53:51","date_gmt":"2026-07-17T09:53:51","guid":{"rendered":"https:\/\/www.eldiario.net\/portal\/?p=413266"},"modified":"2026-07-17T05:53:51","modified_gmt":"2026-07-17T09:53:51","slug":"venta-ilegal-obliga-a-suspender-las-fichas-digitales-del-rejap","status":"publish","type":"post","link":"https:\/\/www.eldiario.net\/portal\/2026\/07\/17\/venta-ilegal-obliga-a-suspender-las-fichas-digitales-del-rejap\/","title":{"rendered":"Venta ilegal obliga a suspender  las fichas digitales del Rejap"},"content":{"rendered":"<p>La suspensi\u00f3n temporal del sistema de fichas digitales para el apostillado del Registro Judicial de Antecedentes Penales (Rejap) debido a la detecci\u00f3n de su venta irregular, gener\u00f3 una elevada concentraci\u00f3n de usuarios y extensas filas en inmediaciones de las calles San Mart\u00edn y Sucre, en el centro de la ciudad de Cochabamba.<br \/>\nDesde la madrugada de ayer, decenas de personas llegaron hasta dependencias del Consejo de la Magistratura con la expectativa de conseguir uno de los turnos habilitados para realizar el tr\u00e1mite. Algunos usuarios denunciaron que deben permanecer durante varias horas en el lugar e incluso pasar la noche en la v\u00eda p\u00fablica para asegurar su atenci\u00f3n.<br \/>\nLa medida fue adoptada despu\u00e9s que la instituci\u00f3n identificara presuntas irregularidades en la asignaci\u00f3n de fichas mediante la plataforma digital. Seg\u00fan las denuncias recibidas, tramitadores y agencias habr\u00edan acaparado los turnos disponibles para posteriormente ofrecerlos a cambio de dinero, pese a que la obtenci\u00f3n de la ficha es gratuita.<br \/>\nLa encargada distrital del Consejo de la Magistratura en Cochabamba, Pamela Alcocer, explic\u00f3 que el anterior sistema presentaba vulnerabilidades que permit\u00edan que terceras personas accedieran a los turnos, utilizando c\u00f3digos de verificaci\u00f3n y otros mecanismos, dejando sin posibilidad de atenci\u00f3n a los ciudadanos que realmente necesitaban realizar el procedimiento.<br \/>\nAlcocer dijo que las fichas digitales no siempre llegaban al usuario que deb\u00eda ser atendido, debido a que algunas eran captadas por intermediarios y posteriormente comercializadas. Ante esa situaci\u00f3n, la instituci\u00f3n decidi\u00f3 interrumpir temporalmente la modalidad virtual mientras se revisan sus mecanismos de funcionamiento y seguridad.<br \/>\nDesde el 13 de julio, la entrega de fichas y la atenci\u00f3n se realizan \u00fanicamente de manera presencial y personal. Los usuarios deben acudir con su c\u00e9dula de identidad y la documentaci\u00f3n exigida, dentro del horario establecido de 08:30 a 16:30.<br \/>\nLa organizaci\u00f3n de las filas y la distribuci\u00f3n de turnos quedaron bajo responsabilidad exclusiva del personal del Consejo de la Magistratura. Sin embargo, la modalidad presencial increment\u00f3 la cantidad de personas concentradas en el sector y provoc\u00f3 reclamos por la demora, la falta de informaci\u00f3n y la ausencia de un mecanismo que permita ordenar la espera con anticipaci\u00f3n.<br \/>\nVarios ciudadanos se\u00f1alaron que llegan al lugar desde la una de la madrugada para intentar conseguir una ficha. Otros afirmaron que permanecieron hasta tres d\u00edas en inmediaciones de la instituci\u00f3n sin lograr completar el tr\u00e1mite.<br \/>\nUno de los ciudadanos relat\u00f3 que llevaba varios d\u00edas durmiendo en el sector y que, pese al tiempo de espera, todav\u00eda no hab\u00eda sido atendido. Las personas afectadas solicitaron la habilitaci\u00f3n de m\u00e1s funcionarios, la ampliaci\u00f3n de la capacidad diaria y la implementaci\u00f3n de un sistema de turnos por internet que evite la permanencia durante la noche en la calle.<br \/>\nTambi\u00e9n pidieron que se establezcan mecanismos de control m\u00e1s transparentes para impedir que intermediarios ocupen los primeros lugares o se apropien de fichas destinadas a ciudadanos que llegan desde otros municipios y departamentos.<br \/>\nLa responsable distrital inform\u00f3 que actualmente se distribuyen aproximadamente 180 fichas por jornada. Explic\u00f3 que la demanda aument\u00f3 por la \u00e9poca del a\u00f1o, per\u00edodo en el que un mayor n\u00famero de personas solicita documentos apostillados para realizar tr\u00e1mites acad\u00e9micos, laborales, migratorios y administrativos en el exterior.<br \/>\nA la elevada afluencia se suma una limitaci\u00f3n t\u00e9cnica que impide incrementar con rapidez el n\u00famero de atenciones. Cochabamba dispone de una sola firma digital habilitada para completar el procedimiento, situaci\u00f3n que restringe la capacidad operativa y dificulta reducir las filas.<br \/>\nAlcocer sostuvo que la instituci\u00f3n analiza alternativas para mejorar la atenci\u00f3n, aunque cualquier ampliaci\u00f3n depende de la disponibilidad de firmas digitales autorizadas y de los recursos humanos para revisar la documentaci\u00f3n presentada por los solicitantes.<br \/>\nLa autoridad se\u00f1al\u00f3 que se iniciaron acciones para identificar a las personas, agencias y tramitadores que presuntamente captaban y comercializaban las fichas. El Consejo de la Magistratura eval\u00faa los antecedentes recopilados para determinar si corresponde iniciar procesos legales contra quienes se beneficiaron econ\u00f3micamente con un servicio gratuito.<br \/>\nMientras contin\u00faan las investigaciones y la revisi\u00f3n del sistema digital, los usuarios deber\u00e1n realizar el tr\u00e1mite de forma presencial. La instituci\u00f3n recomend\u00f3 evitar la contrataci\u00f3n de intermediarios y record\u00f3 que ninguna persona o agencia est\u00e1 autorizada para vender turnos.<br \/>\nReiter\u00f3 que los interesados deben presentarse personalmente, portar su c\u00e9dula de identidad y entregar la documentaci\u00f3n requerida. Asimismo, pidi\u00f3 a la poblaci\u00f3n no pagar por las fichas y denunciar cualquier intento de cobro irregular.<br \/>\nA pesar de las explicaciones institucionales, la situaci\u00f3n contin\u00faa generando malestar entre los solicitantes, quienes reclaman una soluci\u00f3n que permita acceder al servicio sin exponerse al fr\u00edo, permanecer durante la madrugada en la calle o perder varias jornadas de trabajo.<br \/>\nHasta que se implemente un mecanismo alternativo o se restablezca una plataforma digital con mayores controles de seguridad, las filas continuar\u00e1n siendo el principal medio para obtener uno de los 180 turnos distribuidos diariamente. (Cochabamba, agencias)<\/p>\n","protected":false},"excerpt":{"rendered":"<p>La suspensi\u00f3n temporal del sistema de fichas digitales para el apostillado del Registro Judicial de Antecedentes Penales (Rejap) debido a la detecci\u00f3n de su venta irregular, gener\u00f3 una elevada concentraci\u00f3n de usuarios y extensas filas en inmediaciones de las calles San Mart\u00edn y Sucre, en el centro de la ciudad de Cochabamba. Desde la madrugada [&hellip;]<\/p>\n","protected":false},"author":1,"featured_media":413267,"comment_status":"closed","ping_status":"open","sticky":false,"template":"","format":"standard","meta":{"_acf_changed":false,"footnotes":""},"categories":[12],"tags":[],"class_list":["post-413266","post","type-post","status-publish","format-standard","has-post-thumbnail","category-nacional"],"acf":{"antetitulo":"Cochabamba"},"yoast_head":"<!-- This site is optimized with the Yoast SEO plugin v28.4 - https:\/\/yoast.com\/product\/yoast-seo-wordpress\/ -->\n<title>Venta ilegal obliga a suspender las fichas digitales del Rejap - El Diario - Bolivia<\/title>\n<meta name=\"robots\" content=\"index, follow, max-snippet:-1, max-image-preview:large, max-video-preview:-1\" \/>\n<link rel=\"canonical\" href=\"https:\/\/www.eldiario.net\/portal\/2026\/07\/17\/venta-ilegal-obliga-a-suspender-las-fichas-digitales-del-rejap\/\" \/>\n<meta property=\"og:locale\" content=\"es_ES\" \/>\n<meta property=\"og:type\" content=\"article\" \/>\n<meta property=\"og:title\" content=\"Venta ilegal obliga a suspender las fichas digitales del Rejap - El Diario - Bolivia\" \/>\n<meta property=\"og:description\" content=\"La suspensi\u00f3n temporal del sistema de fichas digitales para el apostillado del Registro Judicial de Antecedentes Penales (Rejap) debido a la detecci\u00f3n de su venta irregular, gener\u00f3 una elevada concentraci\u00f3n de usuarios y extensas filas en inmediaciones de las calles San Mart\u00edn y Sucre, en el centro de la ciudad de Cochabamba. Desde la madrugada [&hellip;]\" \/>\n<meta property=\"og:url\" content=\"https:\/\/www.eldiario.net\/portal\/2026\/07\/17\/venta-ilegal-obliga-a-suspender-las-fichas-digitales-del-rejap\/\" \/>\n<meta property=\"og:site_name\" content=\"El Diario - Bolivia\" \/>\n<meta property=\"article:publisher\" content=\"https:\/\/www.facebook.com\/eldiario.bolivia\/\" \/>\n<meta property=\"article:published_time\" content=\"2026-07-17T09:53:51+00:00\" \/>\n<meta property=\"og:image\" content=\"https:\/\/www.eldiario.net\/portal\/wp-content\/uploads\/2026\/07\/70-NAL-8.webp\" \/>\n\t<meta property=\"og:image:width\" content=\"800\" \/>\n\t<meta property=\"og:image:height\" content=\"450\" \/>\n\t<meta property=\"og:image:type\" content=\"image\/webp\" \/>\n<meta name=\"author\" content=\"Jeanette\" \/>\n<meta name=\"twitter:card\" content=\"summary_large_image\" \/>\n<meta name=\"twitter:creator\" content=\"@eldiario_net\" \/>\n<meta name=\"twitter:site\" content=\"@eldiario_net\" \/>\n<meta name=\"twitter:label1\" content=\"Escrito por\" \/>\n\t<meta name=\"twitter:data1\" content=\"Jeanette\" \/>\n\t<meta name=\"twitter:label2\" content=\"Tiempo de lectura\" \/>\n\t<meta name=\"twitter:data2\" content=\"4 minutos\" \/>\n<script type=\"application\/ld+json\" class=\"yoast-schema-graph\">{\"@context\":\"https:\\\/\\\/schema.org\",\"@graph\":[{\"@type\":\"Article\",\"@id\":\"https:\\\/\\\/www.eldiario.net\\\/portal\\\/2026\\\/07\\\/17\\\/venta-ilegal-obliga-a-suspender-las-fichas-digitales-del-rejap\\\/#article\",\"isPartOf\":{\"@id\":\"https:\\\/\\\/www.eldiario.net\\\/portal\\\/2026\\\/07\\\/17\\\/venta-ilegal-obliga-a-suspender-las-fichas-digitales-del-rejap\\\/\"},\"author\":{\"name\":\"Jeanette\",\"@id\":\"https:\\\/\\\/www.eldiario.net\\\/portal\\\/#\\\/schema\\\/person\\\/2c57cf2b7a7ae032e449e4c9b1019eac\"},\"headline\":\"Venta ilegal obliga a suspender las fichas digitales del Rejap\",\"datePublished\":\"2026-07-17T09:53:51+00:00\",\"mainEntityOfPage\":{\"@id\":\"https:\\\/\\\/www.eldiario.net\\\/portal\\\/2026\\\/07\\\/17\\\/venta-ilegal-obliga-a-suspender-las-fichas-digitales-del-rejap\\\/\"},\"wordCount\":872,\"publisher\":{\"@id\":\"https:\\\/\\\/www.eldiario.net\\\/portal\\\/#organization\"},\"image\":{\"@id\":\"https:\\\/\\\/www.eldiario.net\\\/portal\\\/2026\\\/07\\\/17\\\/venta-ilegal-obliga-a-suspender-las-fichas-digitales-del-rejap\\\/#primaryimage\"},\"thumbnailUrl\":\"https:\\\/\\\/www.eldiario.net\\\/portal\\\/wp-content\\\/uploads\\\/2026\\\/07\\\/70-NAL-8.webp\",\"articleSection\":[\"Nacional\"],\"inLanguage\":\"es\"},{\"@type\":\"WebPage\",\"@id\":\"https:\\\/\\\/www.eldiario.net\\\/portal\\\/2026\\\/07\\\/17\\\/venta-ilegal-obliga-a-suspender-las-fichas-digitales-del-rejap\\\/\",\"url\":\"https:\\\/\\\/www.eldiario.net\\\/portal\\\/2026\\\/07\\\/17\\\/venta-ilegal-obliga-a-suspender-las-fichas-digitales-del-rejap\\\/\",\"name\":\"Venta ilegal obliga a suspender las fichas digitales del Rejap - El Diario - Bolivia\",\"isPartOf\":{\"@id\":\"https:\\\/\\\/www.eldiario.net\\\/portal\\\/#website\"},\"primaryImageOfPage\":{\"@id\":\"https:\\\/\\\/www.eldiario.net\\\/portal\\\/2026\\\/07\\\/17\\\/venta-ilegal-obliga-a-suspender-las-fichas-digitales-del-rejap\\\/#primaryimage\"},\"image\":{\"@id\":\"https:\\\/\\\/www.eldiario.net\\\/portal\\\/2026\\\/07\\\/17\\\/venta-ilegal-obliga-a-suspender-las-fichas-digitales-del-rejap\\\/#primaryimage\"},\"thumbnailUrl\":\"https:\\\/\\\/www.eldiario.net\\\/portal\\\/wp-content\\\/uploads\\\/2026\\\/07\\\/70-NAL-8.webp\",\"datePublished\":\"2026-07-17T09:53:51+00:00\",\"breadcrumb\":{\"@id\":\"https:\\\/\\\/www.eldiario.net\\\/portal\\\/2026\\\/07\\\/17\\\/venta-ilegal-obliga-a-suspender-las-fichas-digitales-del-rejap\\\/#breadcrumb\"},\"inLanguage\":\"es\",\"potentialAction\":[{\"@type\":\"ReadAction\",\"target\":[\"https:\\\/\\\/www.eldiario.net\\\/portal\\\/2026\\\/07\\\/17\\\/venta-ilegal-obliga-a-suspender-las-fichas-digitales-del-rejap\\\/\"]}]},{\"@type\":\"ImageObject\",\"inLanguage\":\"es\",\"@id\":\"https:\\\/\\\/www.eldiario.net\\\/portal\\\/2026\\\/07\\\/17\\\/venta-ilegal-obliga-a-suspender-las-fichas-digitales-del-rejap\\\/#primaryimage\",\"url\":\"https:\\\/\\\/www.eldiario.net\\\/portal\\\/wp-content\\\/uploads\\\/2026\\\/07\\\/70-NAL-8.webp\",\"contentUrl\":\"https:\\\/\\\/www.eldiario.net\\\/portal\\\/wp-content\\\/uploads\\\/2026\\\/07\\\/70-NAL-8.webp\",\"width\":800,\"height\":450,\"caption\":\"Las personas deben dormir varios d\u00edas por una ficha del Rejap.\"},{\"@type\":\"BreadcrumbList\",\"@id\":\"https:\\\/\\\/www.eldiario.net\\\/portal\\\/2026\\\/07\\\/17\\\/venta-ilegal-obliga-a-suspender-las-fichas-digitales-del-rejap\\\/#breadcrumb\",\"itemListElement\":[{\"@type\":\"ListItem\",\"position\":1,\"name\":\"Portada\",\"item\":\"https:\\\/\\\/www.eldiario.net\\\/portal\\\/\"},{\"@type\":\"ListItem\",\"position\":2,\"name\":\"Venta ilegal obliga a suspender las fichas digitales del Rejap\"}]},{\"@type\":\"WebSite\",\"@id\":\"https:\\\/\\\/www.eldiario.net\\\/portal\\\/#website\",\"url\":\"https:\\\/\\\/www.eldiario.net\\\/portal\\\/\",\"name\":\"El Diario - Decano de la prensa nacional\",\"description\":\"El Diario - Decano de la prensa nacional\",\"publisher\":{\"@id\":\"https:\\\/\\\/www.eldiario.net\\\/portal\\\/#organization\"},\"potentialAction\":[{\"@type\":\"SearchAction\",\"target\":{\"@type\":\"EntryPoint\",\"urlTemplate\":\"https:\\\/\\\/www.eldiario.net\\\/portal\\\/?s={search_term_string}\"},\"query-input\":{\"@type\":\"PropertyValueSpecification\",\"valueRequired\":true,\"valueName\":\"search_term_string\"}}],\"inLanguage\":\"es\"},{\"@type\":\"Organization\",\"@id\":\"https:\\\/\\\/www.eldiario.net\\\/portal\\\/#organization\",\"name\":\"El Diario - Decano de la prensa nacional\",\"url\":\"https:\\\/\\\/www.eldiario.net\\\/portal\\\/\",\"logo\":{\"@type\":\"ImageObject\",\"inLanguage\":\"es\",\"@id\":\"https:\\\/\\\/www.eldiario.net\\\/portal\\\/#\\\/schema\\\/logo\\\/image\\\/\",\"url\":\"https:\\\/\\\/www.eldiario.net\\\/portal\\\/wp-content\\\/uploads\\\/2023\\\/07\\\/logo_ED.jpg\",\"contentUrl\":\"https:\\\/\\\/www.eldiario.net\\\/portal\\\/wp-content\\\/uploads\\\/2023\\\/07\\\/logo_ED.jpg\",\"width\":272,\"height\":52,\"caption\":\"El Diario - Decano de la prensa nacional\"},\"image\":{\"@id\":\"https:\\\/\\\/www.eldiario.net\\\/portal\\\/#\\\/schema\\\/logo\\\/image\\\/\"},\"sameAs\":[\"https:\\\/\\\/www.facebook.com\\\/eldiario.bolivia\\\/\",\"https:\\\/\\\/x.com\\\/eldiario_net\"]},{\"@type\":\"Person\",\"@id\":\"https:\\\/\\\/www.eldiario.net\\\/portal\\\/#\\\/schema\\\/person\\\/2c57cf2b7a7ae032e449e4c9b1019eac\",\"name\":\"Jeanette\",\"image\":{\"@type\":\"ImageObject\",\"inLanguage\":\"es\",\"@id\":\"https:\\\/\\\/secure.gravatar.com\\\/avatar\\\/3ea2118a5f7dad2b7138b1187a6b7ee55f160b9968b66013c3a3ef39dd7e5798?s=96&d=mm&r=g\",\"url\":\"https:\\\/\\\/secure.gravatar.com\\\/avatar\\\/3ea2118a5f7dad2b7138b1187a6b7ee55f160b9968b66013c3a3ef39dd7e5798?s=96&d=mm&r=g\",\"contentUrl\":\"https:\\\/\\\/secure.gravatar.com\\\/avatar\\\/3ea2118a5f7dad2b7138b1187a6b7ee55f160b9968b66013c3a3ef39dd7e5798?s=96&d=mm&r=g\",\"caption\":\"Jeanette\"},\"sameAs\":[\"https:\\\/\\\/www.eldiario.net\\\/portal\"],\"url\":\"https:\\\/\\\/www.eldiario.net\\\/portal\\\/author\\\/jeanette\\\/\"}]}<\/script>\n<!-- \/ Yoast SEO plugin. -->","yoast_head_json":{"title":"Venta ilegal obliga a suspender las fichas digitales del Rejap - El Diario - Bolivia","robots":{"index":"index","follow":"follow","max-snippet":"max-snippet:-1","max-image-preview":"max-image-preview:large","max-video-preview":"max-video-preview:-1"},"canonical":"https:\/\/www.eldiario.net\/portal\/2026\/07\/17\/venta-ilegal-obliga-a-suspender-las-fichas-digitales-del-rejap\/","og_locale":"es_ES","og_type":"article","og_title":"Venta ilegal obliga a suspender las fichas digitales del Rejap - El Diario - Bolivia","og_description":"La suspensi\u00f3n temporal del sistema de fichas digitales para el apostillado del Registro Judicial de Antecedentes Penales (Rejap) debido a la detecci\u00f3n de su venta irregular, gener\u00f3 una elevada concentraci\u00f3n de usuarios y extensas filas en inmediaciones de las calles San Mart\u00edn y Sucre, en el centro de la ciudad de Cochabamba. Desde la madrugada [&hellip;]","og_url":"https:\/\/www.eldiario.net\/portal\/2026\/07\/17\/venta-ilegal-obliga-a-suspender-las-fichas-digitales-del-rejap\/","og_site_name":"El Diario - Bolivia","article_publisher":"https:\/\/www.facebook.com\/eldiario.bolivia\/","article_published_time":"2026-07-17T09:53:51+00:00","og_image":[{"width":800,"height":450,"url":"https:\/\/www.eldiario.net\/portal\/wp-content\/uploads\/2026\/07\/70-NAL-8.webp","type":"image\/webp"}],"author":"Jeanette","twitter_card":"summary_large_image","twitter_creator":"@eldiario_net","twitter_site":"@eldiario_net","twitter_misc":{"Escrito por":"Jeanette","Tiempo de lectura":"4 minutos"},"schema":{"@context":"https:\/\/schema.org","@graph":[{"@type":"Article","@id":"https:\/\/www.eldiario.net\/portal\/2026\/07\/17\/venta-ilegal-obliga-a-suspender-las-fichas-digitales-del-rejap\/#article","isPartOf":{"@id":"https:\/\/www.eldiario.net\/portal\/2026\/07\/17\/venta-ilegal-obliga-a-suspender-las-fichas-digitales-del-rejap\/"},"author":{"name":"Jeanette","@id":"https:\/\/www.eldiario.net\/portal\/#\/schema\/person\/2c57cf2b7a7ae032e449e4c9b1019eac"},"headline":"Venta ilegal obliga a suspender las fichas digitales del Rejap","datePublished":"2026-07-17T09:53:51+00:00","mainEntityOfPage":{"@id":"https:\/\/www.eldiario.net\/portal\/2026\/07\/17\/venta-ilegal-obliga-a-suspender-las-fichas-digitales-del-rejap\/"},"wordCount":872,"publisher":{"@id":"https:\/\/www.eldiario.net\/portal\/#organization"},"image":{"@id":"https:\/\/www.eldiario.net\/portal\/2026\/07\/17\/venta-ilegal-obliga-a-suspender-las-fichas-digitales-del-rejap\/#primaryimage"},"thumbnailUrl":"https:\/\/www.eldiario.net\/portal\/wp-content\/uploads\/2026\/07\/70-NAL-8.webp","articleSection":["Nacional"],"inLanguage":"es"},{"@type":"WebPage","@id":"https:\/\/www.eldiario.net\/portal\/2026\/07\/17\/venta-ilegal-obliga-a-suspender-las-fichas-digitales-del-rejap\/","url":"https:\/\/www.eldiario.net\/portal\/2026\/07\/17\/venta-ilegal-obliga-a-suspender-las-fichas-digitales-del-rejap\/","name":"Venta ilegal obliga a suspender las fichas digitales del Rejap - El Diario - Bolivia","isPartOf":{"@id":"https:\/\/www.eldiario.net\/portal\/#website"},"primaryImageOfPage":{"@id":"https:\/\/www.eldiario.net\/portal\/2026\/07\/17\/venta-ilegal-obliga-a-suspender-las-fichas-digitales-del-rejap\/#primaryimage"},"image":{"@id":"https:\/\/www.eldiario.net\/portal\/2026\/07\/17\/venta-ilegal-obliga-a-suspender-las-fichas-digitales-del-rejap\/#primaryimage"},"thumbnailUrl":"https:\/\/www.eldiario.net\/portal\/wp-content\/uploads\/2026\/07\/70-NAL-8.webp","datePublished":"2026-07-17T09:53:51+00:00","breadcrumb":{"@id":"https:\/\/www.eldiario.net\/portal\/2026\/07\/17\/venta-ilegal-obliga-a-suspender-las-fichas-digitales-del-rejap\/#breadcrumb"},"inLanguage":"es","potentialAction":[{"@type":"ReadAction","target":["https:\/\/www.eldiario.net\/portal\/2026\/07\/17\/venta-ilegal-obliga-a-suspender-las-fichas-digitales-del-rejap\/"]}]},{"@type":"ImageObject","inLanguage":"es","@id":"https:\/\/www.eldiario.net\/portal\/2026\/07\/17\/venta-ilegal-obliga-a-suspender-las-fichas-digitales-del-rejap\/#primaryimage","url":"https:\/\/www.eldiario.net\/portal\/wp-content\/uploads\/2026\/07\/70-NAL-8.webp","contentUrl":"https:\/\/www.eldiario.net\/portal\/wp-content\/uploads\/2026\/07\/70-NAL-8.webp","width":800,"height":450,"caption":"Las personas deben dormir varios d\u00edas por una ficha del Rejap."},{"@type":"BreadcrumbList","@id":"https:\/\/www.eldiario.net\/portal\/2026\/07\/17\/venta-ilegal-obliga-a-suspender-las-fichas-digitales-del-rejap\/#breadcrumb","itemListElement":[{"@type":"ListItem","position":1,"name":"Portada","item":"https:\/\/www.eldiario.net\/portal\/"},{"@type":"ListItem","position":2,"name":"Venta ilegal obliga a suspender las fichas digitales del Rejap"}]},{"@type":"WebSite","@id":"https:\/\/www.eldiario.net\/portal\/#website","url":"https:\/\/www.eldiario.net\/portal\/","name":"El Diario - Decano de la prensa nacional","description":"El Diario - Decano de la prensa nacional","publisher":{"@id":"https:\/\/www.eldiario.net\/portal\/#organization"},"potentialAction":[{"@type":"SearchAction","target":{"@type":"EntryPoint","urlTemplate":"https:\/\/www.eldiario.net\/portal\/?s={search_term_string}"},"query-input":{"@type":"PropertyValueSpecification","valueRequired":true,"valueName":"search_term_string"}}],"inLanguage":"es"},{"@type":"Organization","@id":"https:\/\/www.eldiario.net\/portal\/#organization","name":"El Diario - Decano de la prensa nacional","url":"https:\/\/www.eldiario.net\/portal\/","logo":{"@type":"ImageObject","inLanguage":"es","@id":"https:\/\/www.eldiario.net\/portal\/#\/schema\/logo\/image\/","url":"https:\/\/www.eldiario.net\/portal\/wp-content\/uploads\/2023\/07\/logo_ED.jpg","contentUrl":"https:\/\/www.eldiario.net\/portal\/wp-content\/uploads\/2023\/07\/logo_ED.jpg","width":272,"height":52,"caption":"El Diario - Decano de la prensa nacional"},"image":{"@id":"https:\/\/www.eldiario.net\/portal\/#\/schema\/logo\/image\/"},"sameAs":["https:\/\/www.facebook.com\/eldiario.bolivia\/","https:\/\/x.com\/eldiario_net"]},{"@type":"Person","@id":"https:\/\/www.eldiario.net\/portal\/#\/schema\/person\/2c57cf2b7a7ae032e449e4c9b1019eac","name":"Jeanette","image":{"@type":"ImageObject","inLanguage":"es","@id":"https:\/\/secure.gravatar.com\/avatar\/3ea2118a5f7dad2b7138b1187a6b7ee55f160b9968b66013c3a3ef39dd7e5798?s=96&d=mm&r=g","url":"https:\/\/secure.gravatar.com\/avatar\/3ea2118a5f7dad2b7138b1187a6b7ee55f160b9968b66013c3a3ef39dd7e5798?s=96&d=mm&r=g","contentUrl":"https:\/\/secure.gravatar.com\/avatar\/3ea2118a5f7dad2b7138b1187a6b7ee55f160b9968b66013c3a3ef39dd7e5798?s=96&d=mm&r=g","caption":"Jeanette"},"sameAs":["https:\/\/www.eldiario.net\/portal"],"url":"https:\/\/www.eldiario.net\/portal\/author\/jeanette\/"}]}},"_links":{"self":[{"href":"https:\/\/www.eldiario.net\/portal\/wp-json\/wp\/v2\/posts\/413266","targetHints":{"allow":["GET"]}}],"collection":[{"href":"https:\/\/www.eldiario.net\/portal\/wp-json\/wp\/v2\/posts"}],"about":[{"href":"https:\/\/www.eldiario.net\/portal\/wp-json\/wp\/v2\/types\/post"}],"author":[{"embeddable":true,"href":"https:\/\/www.eldiario.net\/portal\/wp-json\/wp\/v2\/users\/1"}],"replies":[{"embeddable":true,"href":"https:\/\/www.eldiario.net\/portal\/wp-json\/wp\/v2\/comments?post=413266"}],"version-history":[{"count":1,"href":"https:\/\/www.eldiario.net\/portal\/wp-json\/wp\/v2\/posts\/413266\/revisions"}],"predecessor-version":[{"id":413268,"href":"https:\/\/www.eldiario.net\/portal\/wp-json\/wp\/v2\/posts\/413266\/revisions\/413268"}],"wp:featuredmedia":[{"embeddable":true,"href":"https:\/\/www.eldiario.net\/portal\/wp-json\/wp\/v2\/media\/413267"}],"wp:attachment":[{"href":"https:\/\/www.eldiario.net\/portal\/wp-json\/wp\/v2\/media?parent=413266"}],"wp:term":[{"taxonomy":"category","embeddable":true,"href":"https:\/\/www.eldiario.net\/portal\/wp-json\/wp\/v2\/categories?post=413266"},{"taxonomy":"post_tag","embeddable":true,"href":"https:\/\/www.eldiario.net\/portal\/wp-json\/wp\/v2\/tags?post=413266"}],"curies":[{"name":"wp","href":"https:\/\/api.w.org\/{rel}","templated":true}]}}