{"id":413260,"date":"2026-07-17T05:52:20","date_gmt":"2026-07-17T09:52:20","guid":{"rendered":"https:\/\/www.eldiario.net\/portal\/?p=413260"},"modified":"2026-07-17T05:52:20","modified_gmt":"2026-07-17T09:52:20","slug":"apoyan-a-familias-de-jovenes-reclutados-para-guerra-en-rusia","status":"publish","type":"post","link":"https:\/\/www.eldiario.net\/portal\/2026\/07\/17\/apoyan-a-familias-de-jovenes-reclutados-para-guerra-en-rusia\/","title":{"rendered":"Apoyan a familias de j\u00f3venes reclutados para guerra en Rusia"},"content":{"rendered":"<p>La directora del Servicio Departamental de Pol\u00edticas Sociales (Sedepos), Desir\u00e9e Bravo, asegur\u00f3 que la instituci\u00f3n har\u00e1 todo el seguimiento, en coordinaci\u00f3n con la Canciller\u00eda boliviana para traer de regreso a unos 10 j\u00f3venes que fueron llevados para participar en este conflicto b\u00e9lico.<br \/>\nLa directora del Sedepos inform\u00f3 que la Gobernaci\u00f3n brindar\u00e1 acompa\u00f1amiento a las familias y realizar\u00e1 las gestiones necesarias en coordinaci\u00f3n con el Ministerio de Relaciones Exteriores para conocer la situaci\u00f3n de los j\u00f3venes y apoyar las acciones que permitan su retorno al pa\u00eds.<br \/>\n\u201cSe va a dar todo el apoyo psicol\u00f3gico y el acompa\u00f1amiento correspondiente junto con las autoridades competentes para este caso\u201d, manifest\u00f3 Bravo.<br \/>\nSeg\u00fan la informaci\u00f3n proporcionada por los familiares, al menos 12 personas habr\u00edan viajado a Rusia, la mayor\u00eda provenientes de provincias, tras recibir ofertas laborales con la promesa de obtener altos ingresos. De ese grupo, se estima que alrededor de 10 j\u00f3venes requerir\u00edan apoyo para retornar a Bolivia.<br \/>\nBravo se\u00f1al\u00f3 que, de acuerdo con versiones de los familiares, algunos de los j\u00f3venes habr\u00edan enviado dinero a sus hogares antes de perder contacto frecuente con sus seres queridos.<br \/>\nAsimismo, indic\u00f3 que existen reportes extraoficiales sobre un ciudadano boliviano que habr\u00eda resultado herido; sin embargo, esta informaci\u00f3n a\u00fan no ha sido confirmada oficialmente por la Canciller\u00eda.<br \/>\n\u201cEl gobernador est\u00e1 preocupado por esta situaci\u00f3n y ya se encuentra realizando gestiones de coordinaci\u00f3n con la Canciller\u00eda para dar seguimiento al caso\u201d, asever\u00f3 la directora del Sedepos.<br \/>\nLa Gobernaci\u00f3n de Santa Cruz expres\u00f3 su solidaridad con las familias y reiter\u00f3 su compromiso de brindar el acompa\u00f1amiento social y psicol\u00f3gico necesario, adem\u00e1s de coadyuvar con las autoridades nacionales competentes en todas las acciones que contribuyan a esclarecer los hechos y proteger a los ciudadanos bolivianos. (Santa Cruz, agencias)<\/p>\n","protected":false},"excerpt":{"rendered":"<p>La directora del Servicio Departamental de Pol\u00edticas Sociales (Sedepos), Desir\u00e9e Bravo, asegur\u00f3 que la instituci\u00f3n har\u00e1 todo el seguimiento, en coordinaci\u00f3n con la Canciller\u00eda boliviana para traer de regreso a unos 10 j\u00f3venes que fueron llevados para participar en este conflicto b\u00e9lico. La directora del Sedepos inform\u00f3 que la Gobernaci\u00f3n brindar\u00e1 acompa\u00f1amiento a las familias [&hellip;]<\/p>\n","protected":false},"author":1,"featured_media":413261,"comment_status":"closed","ping_status":"open","sticky":false,"template":"","format":"standard","meta":{"_acf_changed":false,"footnotes":""},"categories":[12],"tags":[],"class_list":["post-413260","post","type-post","status-publish","format-standard","has-post-thumbnail","category-nacional"],"acf":{"antetitulo":"Santa Cruz"},"yoast_head":"<!-- This site is optimized with the Yoast SEO plugin v28.4 - https:\/\/yoast.com\/product\/yoast-seo-wordpress\/ -->\n<title>Apoyan a familias de j\u00f3venes reclutados para guerra en Rusia - El Diario - Bolivia<\/title>\n<meta name=\"robots\" content=\"index, follow, max-snippet:-1, max-image-preview:large, max-video-preview:-1\" \/>\n<link rel=\"canonical\" href=\"https:\/\/www.eldiario.net\/portal\/2026\/07\/17\/apoyan-a-familias-de-jovenes-reclutados-para-guerra-en-rusia\/\" \/>\n<meta property=\"og:locale\" content=\"es_ES\" \/>\n<meta property=\"og:type\" content=\"article\" \/>\n<meta property=\"og:title\" content=\"Apoyan a familias de j\u00f3venes reclutados para guerra en Rusia - El Diario - Bolivia\" \/>\n<meta property=\"og:description\" content=\"La directora del Servicio Departamental de Pol\u00edticas Sociales (Sedepos), Desir\u00e9e Bravo, asegur\u00f3 que la instituci\u00f3n har\u00e1 todo el seguimiento, en coordinaci\u00f3n con la Canciller\u00eda boliviana para traer de regreso a unos 10 j\u00f3venes que fueron llevados para participar en este conflicto b\u00e9lico. La directora del Sedepos inform\u00f3 que la Gobernaci\u00f3n brindar\u00e1 acompa\u00f1amiento a las familias [&hellip;]\" \/>\n<meta property=\"og:url\" content=\"https:\/\/www.eldiario.net\/portal\/2026\/07\/17\/apoyan-a-familias-de-jovenes-reclutados-para-guerra-en-rusia\/\" \/>\n<meta property=\"og:site_name\" content=\"El Diario - Bolivia\" \/>\n<meta property=\"article:publisher\" content=\"https:\/\/www.facebook.com\/eldiario.bolivia\/\" \/>\n<meta property=\"article:published_time\" content=\"2026-07-17T09:52:20+00:00\" \/>\n<meta property=\"og:image\" content=\"https:\/\/www.eldiario.net\/portal\/wp-content\/uploads\/2026\/07\/71-NAL-8.webp\" \/>\n\t<meta property=\"og:image:width\" content=\"1570\" \/>\n\t<meta property=\"og:image:height\" content=\"867\" \/>\n\t<meta property=\"og:image:type\" content=\"image\/webp\" \/>\n<meta name=\"author\" content=\"Jeanette\" \/>\n<meta name=\"twitter:card\" content=\"summary_large_image\" \/>\n<meta name=\"twitter:creator\" content=\"@eldiario_net\" \/>\n<meta name=\"twitter:site\" content=\"@eldiario_net\" \/>\n<meta name=\"twitter:label1\" content=\"Escrito por\" \/>\n\t<meta name=\"twitter:data1\" content=\"Jeanette\" \/>\n\t<meta name=\"twitter:label2\" content=\"Tiempo de lectura\" \/>\n\t<meta name=\"twitter:data2\" content=\"2 minutos\" \/>\n<script type=\"application\/ld+json\" class=\"yoast-schema-graph\">{\"@context\":\"https:\\\/\\\/schema.org\",\"@graph\":[{\"@type\":\"Article\",\"@id\":\"https:\\\/\\\/www.eldiario.net\\\/portal\\\/2026\\\/07\\\/17\\\/apoyan-a-familias-de-jovenes-reclutados-para-guerra-en-rusia\\\/#article\",\"isPartOf\":{\"@id\":\"https:\\\/\\\/www.eldiario.net\\\/portal\\\/2026\\\/07\\\/17\\\/apoyan-a-familias-de-jovenes-reclutados-para-guerra-en-rusia\\\/\"},\"author\":{\"name\":\"Jeanette\",\"@id\":\"https:\\\/\\\/www.eldiario.net\\\/portal\\\/#\\\/schema\\\/person\\\/2c57cf2b7a7ae032e449e4c9b1019eac\"},\"headline\":\"Apoyan a familias de j\u00f3venes reclutados para guerra en Rusia\",\"datePublished\":\"2026-07-17T09:52:20+00:00\",\"mainEntityOfPage\":{\"@id\":\"https:\\\/\\\/www.eldiario.net\\\/portal\\\/2026\\\/07\\\/17\\\/apoyan-a-familias-de-jovenes-reclutados-para-guerra-en-rusia\\\/\"},\"wordCount\":331,\"publisher\":{\"@id\":\"https:\\\/\\\/www.eldiario.net\\\/portal\\\/#organization\"},\"image\":{\"@id\":\"https:\\\/\\\/www.eldiario.net\\\/portal\\\/2026\\\/07\\\/17\\\/apoyan-a-familias-de-jovenes-reclutados-para-guerra-en-rusia\\\/#primaryimage\"},\"thumbnailUrl\":\"https:\\\/\\\/www.eldiario.net\\\/portal\\\/wp-content\\\/uploads\\\/2026\\\/07\\\/71-NAL-8.webp\",\"articleSection\":[\"Nacional\"],\"inLanguage\":\"es\"},{\"@type\":\"WebPage\",\"@id\":\"https:\\\/\\\/www.eldiario.net\\\/portal\\\/2026\\\/07\\\/17\\\/apoyan-a-familias-de-jovenes-reclutados-para-guerra-en-rusia\\\/\",\"url\":\"https:\\\/\\\/www.eldiario.net\\\/portal\\\/2026\\\/07\\\/17\\\/apoyan-a-familias-de-jovenes-reclutados-para-guerra-en-rusia\\\/\",\"name\":\"Apoyan a familias de j\u00f3venes reclutados para guerra en Rusia - El Diario - Bolivia\",\"isPartOf\":{\"@id\":\"https:\\\/\\\/www.eldiario.net\\\/portal\\\/#website\"},\"primaryImageOfPage\":{\"@id\":\"https:\\\/\\\/www.eldiario.net\\\/portal\\\/2026\\\/07\\\/17\\\/apoyan-a-familias-de-jovenes-reclutados-para-guerra-en-rusia\\\/#primaryimage\"},\"image\":{\"@id\":\"https:\\\/\\\/www.eldiario.net\\\/portal\\\/2026\\\/07\\\/17\\\/apoyan-a-familias-de-jovenes-reclutados-para-guerra-en-rusia\\\/#primaryimage\"},\"thumbnailUrl\":\"https:\\\/\\\/www.eldiario.net\\\/portal\\\/wp-content\\\/uploads\\\/2026\\\/07\\\/71-NAL-8.webp\",\"datePublished\":\"2026-07-17T09:52:20+00:00\",\"breadcrumb\":{\"@id\":\"https:\\\/\\\/www.eldiario.net\\\/portal\\\/2026\\\/07\\\/17\\\/apoyan-a-familias-de-jovenes-reclutados-para-guerra-en-rusia\\\/#breadcrumb\"},\"inLanguage\":\"es\",\"potentialAction\":[{\"@type\":\"ReadAction\",\"target\":[\"https:\\\/\\\/www.eldiario.net\\\/portal\\\/2026\\\/07\\\/17\\\/apoyan-a-familias-de-jovenes-reclutados-para-guerra-en-rusia\\\/\"]}]},{\"@type\":\"ImageObject\",\"inLanguage\":\"es\",\"@id\":\"https:\\\/\\\/www.eldiario.net\\\/portal\\\/2026\\\/07\\\/17\\\/apoyan-a-familias-de-jovenes-reclutados-para-guerra-en-rusia\\\/#primaryimage\",\"url\":\"https:\\\/\\\/www.eldiario.net\\\/portal\\\/wp-content\\\/uploads\\\/2026\\\/07\\\/71-NAL-8.webp\",\"contentUrl\":\"https:\\\/\\\/www.eldiario.net\\\/portal\\\/wp-content\\\/uploads\\\/2026\\\/07\\\/71-NAL-8.webp\",\"width\":1570,\"height\":867,\"caption\":\"La directora del Sedepos, Desir\u00e9e Bravo.\"},{\"@type\":\"BreadcrumbList\",\"@id\":\"https:\\\/\\\/www.eldiario.net\\\/portal\\\/2026\\\/07\\\/17\\\/apoyan-a-familias-de-jovenes-reclutados-para-guerra-en-rusia\\\/#breadcrumb\",\"itemListElement\":[{\"@type\":\"ListItem\",\"position\":1,\"name\":\"Portada\",\"item\":\"https:\\\/\\\/www.eldiario.net\\\/portal\\\/\"},{\"@type\":\"ListItem\",\"position\":2,\"name\":\"Apoyan a familias de j\u00f3venes reclutados para guerra en Rusia\"}]},{\"@type\":\"WebSite\",\"@id\":\"https:\\\/\\\/www.eldiario.net\\\/portal\\\/#website\",\"url\":\"https:\\\/\\\/www.eldiario.net\\\/portal\\\/\",\"name\":\"El Diario - Decano de la prensa nacional\",\"description\":\"El Diario - Decano de la prensa nacional\",\"publisher\":{\"@id\":\"https:\\\/\\\/www.eldiario.net\\\/portal\\\/#organization\"},\"potentialAction\":[{\"@type\":\"SearchAction\",\"target\":{\"@type\":\"EntryPoint\",\"urlTemplate\":\"https:\\\/\\\/www.eldiario.net\\\/portal\\\/?s={search_term_string}\"},\"query-input\":{\"@type\":\"PropertyValueSpecification\",\"valueRequired\":true,\"valueName\":\"search_term_string\"}}],\"inLanguage\":\"es\"},{\"@type\":\"Organization\",\"@id\":\"https:\\\/\\\/www.eldiario.net\\\/portal\\\/#organization\",\"name\":\"El Diario - Decano de la prensa nacional\",\"url\":\"https:\\\/\\\/www.eldiario.net\\\/portal\\\/\",\"logo\":{\"@type\":\"ImageObject\",\"inLanguage\":\"es\",\"@id\":\"https:\\\/\\\/www.eldiario.net\\\/portal\\\/#\\\/schema\\\/logo\\\/image\\\/\",\"url\":\"https:\\\/\\\/www.eldiario.net\\\/portal\\\/wp-content\\\/uploads\\\/2023\\\/07\\\/logo_ED.jpg\",\"contentUrl\":\"https:\\\/\\\/www.eldiario.net\\\/portal\\\/wp-content\\\/uploads\\\/2023\\\/07\\\/logo_ED.jpg\",\"width\":272,\"height\":52,\"caption\":\"El Diario - Decano de la prensa nacional\"},\"image\":{\"@id\":\"https:\\\/\\\/www.eldiario.net\\\/portal\\\/#\\\/schema\\\/logo\\\/image\\\/\"},\"sameAs\":[\"https:\\\/\\\/www.facebook.com\\\/eldiario.bolivia\\\/\",\"https:\\\/\\\/x.com\\\/eldiario_net\"]},{\"@type\":\"Person\",\"@id\":\"https:\\\/\\\/www.eldiario.net\\\/portal\\\/#\\\/schema\\\/person\\\/2c57cf2b7a7ae032e449e4c9b1019eac\",\"name\":\"Jeanette\",\"image\":{\"@type\":\"ImageObject\",\"inLanguage\":\"es\",\"@id\":\"https:\\\/\\\/secure.gravatar.com\\\/avatar\\\/3ea2118a5f7dad2b7138b1187a6b7ee55f160b9968b66013c3a3ef39dd7e5798?s=96&d=mm&r=g\",\"url\":\"https:\\\/\\\/secure.gravatar.com\\\/avatar\\\/3ea2118a5f7dad2b7138b1187a6b7ee55f160b9968b66013c3a3ef39dd7e5798?s=96&d=mm&r=g\",\"contentUrl\":\"https:\\\/\\\/secure.gravatar.com\\\/avatar\\\/3ea2118a5f7dad2b7138b1187a6b7ee55f160b9968b66013c3a3ef39dd7e5798?s=96&d=mm&r=g\",\"caption\":\"Jeanette\"},\"sameAs\":[\"https:\\\/\\\/www.eldiario.net\\\/portal\"],\"url\":\"https:\\\/\\\/www.eldiario.net\\\/portal\\\/author\\\/jeanette\\\/\"}]}<\/script>\n<!-- \/ Yoast SEO plugin. -->","yoast_head_json":{"title":"Apoyan a familias de j\u00f3venes reclutados para guerra en Rusia - El Diario - Bolivia","robots":{"index":"index","follow":"follow","max-snippet":"max-snippet:-1","max-image-preview":"max-image-preview:large","max-video-preview":"max-video-preview:-1"},"canonical":"https:\/\/www.eldiario.net\/portal\/2026\/07\/17\/apoyan-a-familias-de-jovenes-reclutados-para-guerra-en-rusia\/","og_locale":"es_ES","og_type":"article","og_title":"Apoyan a familias de j\u00f3venes reclutados para guerra en Rusia - El Diario - Bolivia","og_description":"La directora del Servicio Departamental de Pol\u00edticas Sociales (Sedepos), Desir\u00e9e Bravo, asegur\u00f3 que la instituci\u00f3n har\u00e1 todo el seguimiento, en coordinaci\u00f3n con la Canciller\u00eda boliviana para traer de regreso a unos 10 j\u00f3venes que fueron llevados para participar en este conflicto b\u00e9lico. La directora del Sedepos inform\u00f3 que la Gobernaci\u00f3n brindar\u00e1 acompa\u00f1amiento a las familias [&hellip;]","og_url":"https:\/\/www.eldiario.net\/portal\/2026\/07\/17\/apoyan-a-familias-de-jovenes-reclutados-para-guerra-en-rusia\/","og_site_name":"El Diario - Bolivia","article_publisher":"https:\/\/www.facebook.com\/eldiario.bolivia\/","article_published_time":"2026-07-17T09:52:20+00:00","og_image":[{"width":1570,"height":867,"url":"https:\/\/www.eldiario.net\/portal\/wp-content\/uploads\/2026\/07\/71-NAL-8.webp","type":"image\/webp"}],"author":"Jeanette","twitter_card":"summary_large_image","twitter_creator":"@eldiario_net","twitter_site":"@eldiario_net","twitter_misc":{"Escrito por":"Jeanette","Tiempo de lectura":"2 minutos"},"schema":{"@context":"https:\/\/schema.org","@graph":[{"@type":"Article","@id":"https:\/\/www.eldiario.net\/portal\/2026\/07\/17\/apoyan-a-familias-de-jovenes-reclutados-para-guerra-en-rusia\/#article","isPartOf":{"@id":"https:\/\/www.eldiario.net\/portal\/2026\/07\/17\/apoyan-a-familias-de-jovenes-reclutados-para-guerra-en-rusia\/"},"author":{"name":"Jeanette","@id":"https:\/\/www.eldiario.net\/portal\/#\/schema\/person\/2c57cf2b7a7ae032e449e4c9b1019eac"},"headline":"Apoyan a familias de j\u00f3venes reclutados para guerra en Rusia","datePublished":"2026-07-17T09:52:20+00:00","mainEntityOfPage":{"@id":"https:\/\/www.eldiario.net\/portal\/2026\/07\/17\/apoyan-a-familias-de-jovenes-reclutados-para-guerra-en-rusia\/"},"wordCount":331,"publisher":{"@id":"https:\/\/www.eldiario.net\/portal\/#organization"},"image":{"@id":"https:\/\/www.eldiario.net\/portal\/2026\/07\/17\/apoyan-a-familias-de-jovenes-reclutados-para-guerra-en-rusia\/#primaryimage"},"thumbnailUrl":"https:\/\/www.eldiario.net\/portal\/wp-content\/uploads\/2026\/07\/71-NAL-8.webp","articleSection":["Nacional"],"inLanguage":"es"},{"@type":"WebPage","@id":"https:\/\/www.eldiario.net\/portal\/2026\/07\/17\/apoyan-a-familias-de-jovenes-reclutados-para-guerra-en-rusia\/","url":"https:\/\/www.eldiario.net\/portal\/2026\/07\/17\/apoyan-a-familias-de-jovenes-reclutados-para-guerra-en-rusia\/","name":"Apoyan a familias de j\u00f3venes reclutados para guerra en Rusia - El Diario - Bolivia","isPartOf":{"@id":"https:\/\/www.eldiario.net\/portal\/#website"},"primaryImageOfPage":{"@id":"https:\/\/www.eldiario.net\/portal\/2026\/07\/17\/apoyan-a-familias-de-jovenes-reclutados-para-guerra-en-rusia\/#primaryimage"},"image":{"@id":"https:\/\/www.eldiario.net\/portal\/2026\/07\/17\/apoyan-a-familias-de-jovenes-reclutados-para-guerra-en-rusia\/#primaryimage"},"thumbnailUrl":"https:\/\/www.eldiario.net\/portal\/wp-content\/uploads\/2026\/07\/71-NAL-8.webp","datePublished":"2026-07-17T09:52:20+00:00","breadcrumb":{"@id":"https:\/\/www.eldiario.net\/portal\/2026\/07\/17\/apoyan-a-familias-de-jovenes-reclutados-para-guerra-en-rusia\/#breadcrumb"},"inLanguage":"es","potentialAction":[{"@type":"ReadAction","target":["https:\/\/www.eldiario.net\/portal\/2026\/07\/17\/apoyan-a-familias-de-jovenes-reclutados-para-guerra-en-rusia\/"]}]},{"@type":"ImageObject","inLanguage":"es","@id":"https:\/\/www.eldiario.net\/portal\/2026\/07\/17\/apoyan-a-familias-de-jovenes-reclutados-para-guerra-en-rusia\/#primaryimage","url":"https:\/\/www.eldiario.net\/portal\/wp-content\/uploads\/2026\/07\/71-NAL-8.webp","contentUrl":"https:\/\/www.eldiario.net\/portal\/wp-content\/uploads\/2026\/07\/71-NAL-8.webp","width":1570,"height":867,"caption":"La directora del Sedepos, Desir\u00e9e Bravo."},{"@type":"BreadcrumbList","@id":"https:\/\/www.eldiario.net\/portal\/2026\/07\/17\/apoyan-a-familias-de-jovenes-reclutados-para-guerra-en-rusia\/#breadcrumb","itemListElement":[{"@type":"ListItem","position":1,"name":"Portada","item":"https:\/\/www.eldiario.net\/portal\/"},{"@type":"ListItem","position":2,"name":"Apoyan a familias de j\u00f3venes reclutados para guerra en Rusia"}]},{"@type":"WebSite","@id":"https:\/\/www.eldiario.net\/portal\/#website","url":"https:\/\/www.eldiario.net\/portal\/","name":"El Diario - Decano de la prensa nacional","description":"El Diario - Decano de la prensa nacional","publisher":{"@id":"https:\/\/www.eldiario.net\/portal\/#organization"},"potentialAction":[{"@type":"SearchAction","target":{"@type":"EntryPoint","urlTemplate":"https:\/\/www.eldiario.net\/portal\/?s={search_term_string}"},"query-input":{"@type":"PropertyValueSpecification","valueRequired":true,"valueName":"search_term_string"}}],"inLanguage":"es"},{"@type":"Organization","@id":"https:\/\/www.eldiario.net\/portal\/#organization","name":"El Diario - Decano de la prensa nacional","url":"https:\/\/www.eldiario.net\/portal\/","logo":{"@type":"ImageObject","inLanguage":"es","@id":"https:\/\/www.eldiario.net\/portal\/#\/schema\/logo\/image\/","url":"https:\/\/www.eldiario.net\/portal\/wp-content\/uploads\/2023\/07\/logo_ED.jpg","contentUrl":"https:\/\/www.eldiario.net\/portal\/wp-content\/uploads\/2023\/07\/logo_ED.jpg","width":272,"height":52,"caption":"El Diario - Decano de la prensa nacional"},"image":{"@id":"https:\/\/www.eldiario.net\/portal\/#\/schema\/logo\/image\/"},"sameAs":["https:\/\/www.facebook.com\/eldiario.bolivia\/","https:\/\/x.com\/eldiario_net"]},{"@type":"Person","@id":"https:\/\/www.eldiario.net\/portal\/#\/schema\/person\/2c57cf2b7a7ae032e449e4c9b1019eac","name":"Jeanette","image":{"@type":"ImageObject","inLanguage":"es","@id":"https:\/\/secure.gravatar.com\/avatar\/3ea2118a5f7dad2b7138b1187a6b7ee55f160b9968b66013c3a3ef39dd7e5798?s=96&d=mm&r=g","url":"https:\/\/secure.gravatar.com\/avatar\/3ea2118a5f7dad2b7138b1187a6b7ee55f160b9968b66013c3a3ef39dd7e5798?s=96&d=mm&r=g","contentUrl":"https:\/\/secure.gravatar.com\/avatar\/3ea2118a5f7dad2b7138b1187a6b7ee55f160b9968b66013c3a3ef39dd7e5798?s=96&d=mm&r=g","caption":"Jeanette"},"sameAs":["https:\/\/www.eldiario.net\/portal"],"url":"https:\/\/www.eldiario.net\/portal\/author\/jeanette\/"}]}},"_links":{"self":[{"href":"https:\/\/www.eldiario.net\/portal\/wp-json\/wp\/v2\/posts\/413260","targetHints":{"allow":["GET"]}}],"collection":[{"href":"https:\/\/www.eldiario.net\/portal\/wp-json\/wp\/v2\/posts"}],"about":[{"href":"https:\/\/www.eldiario.net\/portal\/wp-json\/wp\/v2\/types\/post"}],"author":[{"embeddable":true,"href":"https:\/\/www.eldiario.net\/portal\/wp-json\/wp\/v2\/users\/1"}],"replies":[{"embeddable":true,"href":"https:\/\/www.eldiario.net\/portal\/wp-json\/wp\/v2\/comments?post=413260"}],"version-history":[{"count":1,"href":"https:\/\/www.eldiario.net\/portal\/wp-json\/wp\/v2\/posts\/413260\/revisions"}],"predecessor-version":[{"id":413262,"href":"https:\/\/www.eldiario.net\/portal\/wp-json\/wp\/v2\/posts\/413260\/revisions\/413262"}],"wp:featuredmedia":[{"embeddable":true,"href":"https:\/\/www.eldiario.net\/portal\/wp-json\/wp\/v2\/media\/413261"}],"wp:attachment":[{"href":"https:\/\/www.eldiario.net\/portal\/wp-json\/wp\/v2\/media?parent=413260"}],"wp:term":[{"taxonomy":"category","embeddable":true,"href":"https:\/\/www.eldiario.net\/portal\/wp-json\/wp\/v2\/categories?post=413260"},{"taxonomy":"post_tag","embeddable":true,"href":"https:\/\/www.eldiario.net\/portal\/wp-json\/wp\/v2\/tags?post=413260"}],"curies":[{"name":"wp","href":"https:\/\/api.w.org\/{rel}","templated":true}]}}