{"id":413258,"date":"2026-07-17T05:51:35","date_gmt":"2026-07-17T09:51:35","guid":{"rendered":"https:\/\/www.eldiario.net\/portal\/?p=413258"},"modified":"2026-07-17T05:51:35","modified_gmt":"2026-07-17T09:51:35","slug":"roban-en-la-historica-casa-de-la-cantante-crucena-gladys-moreno","status":"publish","type":"post","link":"https:\/\/www.eldiario.net\/portal\/2026\/07\/17\/roban-en-la-historica-casa-de-la-cantante-crucena-gladys-moreno\/","title":{"rendered":"Roban en la hist\u00f3rica casa de la  cantante cruce\u00f1a Gladys Moreno"},"content":{"rendered":"<p>La hist\u00f3rica vivienda que perteneci\u00f3 a la reconocida cantante cruce\u00f1a Gladys Moreno fue blanco de un robo durante la madrugada de ayer, en un hecho que vuelve a encender las alarmas sobre la creciente inseguridad en el centro hist\u00f3rico de Santa Cruz de la Sierra.<br \/>\nEl inmueble, ubicado en la calle Murillo N.\u00ba 119, donde residi\u00f3 la \u201cEmbajadora de la Canci\u00f3n Boliviana\u201d, es actualmente conocido como Espacio Infinito o Casa del Arte Gladys Moreno, un centro cultural impulsado por la familia de la artista para preservar su legado y promover diversas expresiones art\u00edsticas.<br \/>\nTras el fallecimiento de Gladys Moreno en 2005, la vivienda pas\u00f3 a la administraci\u00f3n de su hija, Ana Carola Tomelic Moreno y sus herederas. Luego de funcionar por un tiempo como oficinas, el inmueble fue restaurado y transformado en un espacio cultural abierto al p\u00fablico.<br \/>\nEl hecho delictivo ocurre en medio de reiteradas denuncias de vecinos y propietarios del Casco Viejo sobre el deterioro de la seguridad en la zona.<br \/>\nEl presidente de la Asociaci\u00f3n de Propietarios del Casco Viejo, Jorge Guido Land\u00edvar, afirm\u00f3 que el centro hist\u00f3rico atraviesa una profunda crisis debido al abandono municipal, el incremento de la delincuencia, el comercio informal y la falta de pol\u00edticas para la conservaci\u00f3n del patrimonio.<br \/>\n\u201cUna de las principales necesidades es la inseguridad. Usted ve lo que sucede en el centro, la plaza tomada, el espacio p\u00fablico totalmente ocupado, los canales de transporte saturados y donde la delincuencia se campea\u201d, manifest\u00f3.<br \/>\nLand\u00edvar tambi\u00e9n advirti\u00f3 que sectores como el mercado Los Pozos, la exterminal de buses, Siete Calles y el parque Arenal se han convertido en puntos cr\u00edticos por la presencia de actividades il\u00edcitas.<br \/>\n\u201cEl tema del mercado Los Pozos es una bomba de tiempo. Todo el mundo sabe que en Los Pozos se venden cosas robadas y que esa zona se ha convertido en un foco de actividades delictivas\u201d, sostuvo.<br \/>\nFinalmente, Land\u00edvar pidi\u00f3 a la Alcald\u00eda ejecutar un plan integral para recuperar el centro hist\u00f3rico, con acciones inmediatas que permitan devolver la seguridad y preservar uno de los sectores con mayor valor patrimonial de la capital cruce\u00f1a. (Santa Cruz, con datos de la Red Uno)<\/p>\n","protected":false},"excerpt":{"rendered":"<p>La hist\u00f3rica vivienda que perteneci\u00f3 a la reconocida cantante cruce\u00f1a Gladys Moreno fue blanco de un robo durante la madrugada de ayer, en un hecho que vuelve a encender las alarmas sobre la creciente inseguridad en el centro hist\u00f3rico de Santa Cruz de la Sierra. El inmueble, ubicado en la calle Murillo N.\u00ba 119, donde [&hellip;]<\/p>\n","protected":false},"author":1,"featured_media":194726,"comment_status":"closed","ping_status":"open","sticky":false,"template":"","format":"standard","meta":{"_acf_changed":false,"footnotes":""},"categories":[12],"tags":[],"class_list":["post-413258","post","type-post","status-publish","format-standard","has-post-thumbnail","category-nacional"],"acf":{"antetitulo":""},"yoast_head":"<!-- This site is optimized with the Yoast SEO plugin v28.4 - https:\/\/yoast.com\/product\/yoast-seo-wordpress\/ -->\n<title>Roban en la hist\u00f3rica casa de la cantante cruce\u00f1a Gladys Moreno - El Diario - Bolivia<\/title>\n<meta name=\"robots\" content=\"index, follow, max-snippet:-1, max-image-preview:large, max-video-preview:-1\" \/>\n<link rel=\"canonical\" href=\"https:\/\/www.eldiario.net\/portal\/2026\/07\/17\/roban-en-la-historica-casa-de-la-cantante-crucena-gladys-moreno\/\" \/>\n<meta property=\"og:locale\" content=\"es_ES\" \/>\n<meta property=\"og:type\" content=\"article\" \/>\n<meta property=\"og:title\" content=\"Roban en la hist\u00f3rica casa de la cantante cruce\u00f1a Gladys Moreno - El Diario - Bolivia\" \/>\n<meta property=\"og:description\" content=\"La hist\u00f3rica vivienda que perteneci\u00f3 a la reconocida cantante cruce\u00f1a Gladys Moreno fue blanco de un robo durante la madrugada de ayer, en un hecho que vuelve a encender las alarmas sobre la creciente inseguridad en el centro hist\u00f3rico de Santa Cruz de la Sierra. El inmueble, ubicado en la calle Murillo N.\u00ba 119, donde [&hellip;]\" \/>\n<meta property=\"og:url\" content=\"https:\/\/www.eldiario.net\/portal\/2026\/07\/17\/roban-en-la-historica-casa-de-la-cantante-crucena-gladys-moreno\/\" \/>\n<meta property=\"og:site_name\" content=\"El Diario - Bolivia\" \/>\n<meta property=\"article:publisher\" content=\"https:\/\/www.facebook.com\/eldiario.bolivia\/\" \/>\n<meta property=\"article:published_time\" content=\"2026-07-17T09:51:35+00:00\" \/>\n<meta property=\"og:image\" content=\"https:\/\/www.eldiario.net\/portal\/wp-content\/uploads\/2023\/12\/Nacional.jpg\" \/>\n\t<meta property=\"og:image:width\" content=\"800\" \/>\n\t<meta property=\"og:image:height\" content=\"500\" \/>\n\t<meta property=\"og:image:type\" content=\"image\/jpeg\" \/>\n<meta name=\"author\" content=\"Jeanette\" \/>\n<meta name=\"twitter:card\" content=\"summary_large_image\" \/>\n<meta name=\"twitter:creator\" content=\"@eldiario_net\" \/>\n<meta name=\"twitter:site\" content=\"@eldiario_net\" \/>\n<meta name=\"twitter:label1\" content=\"Escrito por\" \/>\n\t<meta name=\"twitter:data1\" content=\"Jeanette\" \/>\n\t<meta name=\"twitter:label2\" content=\"Tiempo de lectura\" \/>\n\t<meta name=\"twitter:data2\" content=\"2 minutos\" \/>\n<script type=\"application\/ld+json\" class=\"yoast-schema-graph\">{\"@context\":\"https:\\\/\\\/schema.org\",\"@graph\":[{\"@type\":\"Article\",\"@id\":\"https:\\\/\\\/www.eldiario.net\\\/portal\\\/2026\\\/07\\\/17\\\/roban-en-la-historica-casa-de-la-cantante-crucena-gladys-moreno\\\/#article\",\"isPartOf\":{\"@id\":\"https:\\\/\\\/www.eldiario.net\\\/portal\\\/2026\\\/07\\\/17\\\/roban-en-la-historica-casa-de-la-cantante-crucena-gladys-moreno\\\/\"},\"author\":{\"name\":\"Jeanette\",\"@id\":\"https:\\\/\\\/www.eldiario.net\\\/portal\\\/#\\\/schema\\\/person\\\/2c57cf2b7a7ae032e449e4c9b1019eac\"},\"headline\":\"Roban en la hist\u00f3rica casa de la cantante cruce\u00f1a Gladys Moreno\",\"datePublished\":\"2026-07-17T09:51:35+00:00\",\"mainEntityOfPage\":{\"@id\":\"https:\\\/\\\/www.eldiario.net\\\/portal\\\/2026\\\/07\\\/17\\\/roban-en-la-historica-casa-de-la-cantante-crucena-gladys-moreno\\\/\"},\"wordCount\":389,\"publisher\":{\"@id\":\"https:\\\/\\\/www.eldiario.net\\\/portal\\\/#organization\"},\"image\":{\"@id\":\"https:\\\/\\\/www.eldiario.net\\\/portal\\\/2026\\\/07\\\/17\\\/roban-en-la-historica-casa-de-la-cantante-crucena-gladys-moreno\\\/#primaryimage\"},\"thumbnailUrl\":\"https:\\\/\\\/www.eldiario.net\\\/portal\\\/wp-content\\\/uploads\\\/2023\\\/12\\\/Nacional.jpg\",\"articleSection\":[\"Nacional\"],\"inLanguage\":\"es\"},{\"@type\":\"WebPage\",\"@id\":\"https:\\\/\\\/www.eldiario.net\\\/portal\\\/2026\\\/07\\\/17\\\/roban-en-la-historica-casa-de-la-cantante-crucena-gladys-moreno\\\/\",\"url\":\"https:\\\/\\\/www.eldiario.net\\\/portal\\\/2026\\\/07\\\/17\\\/roban-en-la-historica-casa-de-la-cantante-crucena-gladys-moreno\\\/\",\"name\":\"Roban en la hist\u00f3rica casa de la cantante cruce\u00f1a Gladys Moreno - El Diario - Bolivia\",\"isPartOf\":{\"@id\":\"https:\\\/\\\/www.eldiario.net\\\/portal\\\/#website\"},\"primaryImageOfPage\":{\"@id\":\"https:\\\/\\\/www.eldiario.net\\\/portal\\\/2026\\\/07\\\/17\\\/roban-en-la-historica-casa-de-la-cantante-crucena-gladys-moreno\\\/#primaryimage\"},\"image\":{\"@id\":\"https:\\\/\\\/www.eldiario.net\\\/portal\\\/2026\\\/07\\\/17\\\/roban-en-la-historica-casa-de-la-cantante-crucena-gladys-moreno\\\/#primaryimage\"},\"thumbnailUrl\":\"https:\\\/\\\/www.eldiario.net\\\/portal\\\/wp-content\\\/uploads\\\/2023\\\/12\\\/Nacional.jpg\",\"datePublished\":\"2026-07-17T09:51:35+00:00\",\"breadcrumb\":{\"@id\":\"https:\\\/\\\/www.eldiario.net\\\/portal\\\/2026\\\/07\\\/17\\\/roban-en-la-historica-casa-de-la-cantante-crucena-gladys-moreno\\\/#breadcrumb\"},\"inLanguage\":\"es\",\"potentialAction\":[{\"@type\":\"ReadAction\",\"target\":[\"https:\\\/\\\/www.eldiario.net\\\/portal\\\/2026\\\/07\\\/17\\\/roban-en-la-historica-casa-de-la-cantante-crucena-gladys-moreno\\\/\"]}]},{\"@type\":\"ImageObject\",\"inLanguage\":\"es\",\"@id\":\"https:\\\/\\\/www.eldiario.net\\\/portal\\\/2026\\\/07\\\/17\\\/roban-en-la-historica-casa-de-la-cantante-crucena-gladys-moreno\\\/#primaryimage\",\"url\":\"https:\\\/\\\/www.eldiario.net\\\/portal\\\/wp-content\\\/uploads\\\/2023\\\/12\\\/Nacional.jpg\",\"contentUrl\":\"https:\\\/\\\/www.eldiario.net\\\/portal\\\/wp-content\\\/uploads\\\/2023\\\/12\\\/Nacional.jpg\",\"width\":800,\"height\":500},{\"@type\":\"BreadcrumbList\",\"@id\":\"https:\\\/\\\/www.eldiario.net\\\/portal\\\/2026\\\/07\\\/17\\\/roban-en-la-historica-casa-de-la-cantante-crucena-gladys-moreno\\\/#breadcrumb\",\"itemListElement\":[{\"@type\":\"ListItem\",\"position\":1,\"name\":\"Portada\",\"item\":\"https:\\\/\\\/www.eldiario.net\\\/portal\\\/\"},{\"@type\":\"ListItem\",\"position\":2,\"name\":\"Roban en la hist\u00f3rica casa de la cantante cruce\u00f1a Gladys Moreno\"}]},{\"@type\":\"WebSite\",\"@id\":\"https:\\\/\\\/www.eldiario.net\\\/portal\\\/#website\",\"url\":\"https:\\\/\\\/www.eldiario.net\\\/portal\\\/\",\"name\":\"El Diario - Decano de la prensa nacional\",\"description\":\"El Diario - Decano de la prensa nacional\",\"publisher\":{\"@id\":\"https:\\\/\\\/www.eldiario.net\\\/portal\\\/#organization\"},\"potentialAction\":[{\"@type\":\"SearchAction\",\"target\":{\"@type\":\"EntryPoint\",\"urlTemplate\":\"https:\\\/\\\/www.eldiario.net\\\/portal\\\/?s={search_term_string}\"},\"query-input\":{\"@type\":\"PropertyValueSpecification\",\"valueRequired\":true,\"valueName\":\"search_term_string\"}}],\"inLanguage\":\"es\"},{\"@type\":\"Organization\",\"@id\":\"https:\\\/\\\/www.eldiario.net\\\/portal\\\/#organization\",\"name\":\"El Diario - Decano de la prensa nacional\",\"url\":\"https:\\\/\\\/www.eldiario.net\\\/portal\\\/\",\"logo\":{\"@type\":\"ImageObject\",\"inLanguage\":\"es\",\"@id\":\"https:\\\/\\\/www.eldiario.net\\\/portal\\\/#\\\/schema\\\/logo\\\/image\\\/\",\"url\":\"https:\\\/\\\/www.eldiario.net\\\/portal\\\/wp-content\\\/uploads\\\/2023\\\/07\\\/logo_ED.jpg\",\"contentUrl\":\"https:\\\/\\\/www.eldiario.net\\\/portal\\\/wp-content\\\/uploads\\\/2023\\\/07\\\/logo_ED.jpg\",\"width\":272,\"height\":52,\"caption\":\"El Diario - Decano de la prensa nacional\"},\"image\":{\"@id\":\"https:\\\/\\\/www.eldiario.net\\\/portal\\\/#\\\/schema\\\/logo\\\/image\\\/\"},\"sameAs\":[\"https:\\\/\\\/www.facebook.com\\\/eldiario.bolivia\\\/\",\"https:\\\/\\\/x.com\\\/eldiario_net\"]},{\"@type\":\"Person\",\"@id\":\"https:\\\/\\\/www.eldiario.net\\\/portal\\\/#\\\/schema\\\/person\\\/2c57cf2b7a7ae032e449e4c9b1019eac\",\"name\":\"Jeanette\",\"image\":{\"@type\":\"ImageObject\",\"inLanguage\":\"es\",\"@id\":\"https:\\\/\\\/secure.gravatar.com\\\/avatar\\\/3ea2118a5f7dad2b7138b1187a6b7ee55f160b9968b66013c3a3ef39dd7e5798?s=96&d=mm&r=g\",\"url\":\"https:\\\/\\\/secure.gravatar.com\\\/avatar\\\/3ea2118a5f7dad2b7138b1187a6b7ee55f160b9968b66013c3a3ef39dd7e5798?s=96&d=mm&r=g\",\"contentUrl\":\"https:\\\/\\\/secure.gravatar.com\\\/avatar\\\/3ea2118a5f7dad2b7138b1187a6b7ee55f160b9968b66013c3a3ef39dd7e5798?s=96&d=mm&r=g\",\"caption\":\"Jeanette\"},\"sameAs\":[\"https:\\\/\\\/www.eldiario.net\\\/portal\"],\"url\":\"https:\\\/\\\/www.eldiario.net\\\/portal\\\/author\\\/jeanette\\\/\"}]}<\/script>\n<!-- \/ Yoast SEO plugin. -->","yoast_head_json":{"title":"Roban en la hist\u00f3rica casa de la cantante cruce\u00f1a Gladys Moreno - El Diario - Bolivia","robots":{"index":"index","follow":"follow","max-snippet":"max-snippet:-1","max-image-preview":"max-image-preview:large","max-video-preview":"max-video-preview:-1"},"canonical":"https:\/\/www.eldiario.net\/portal\/2026\/07\/17\/roban-en-la-historica-casa-de-la-cantante-crucena-gladys-moreno\/","og_locale":"es_ES","og_type":"article","og_title":"Roban en la hist\u00f3rica casa de la cantante cruce\u00f1a Gladys Moreno - El Diario - Bolivia","og_description":"La hist\u00f3rica vivienda que perteneci\u00f3 a la reconocida cantante cruce\u00f1a Gladys Moreno fue blanco de un robo durante la madrugada de ayer, en un hecho que vuelve a encender las alarmas sobre la creciente inseguridad en el centro hist\u00f3rico de Santa Cruz de la Sierra. El inmueble, ubicado en la calle Murillo N.\u00ba 119, donde [&hellip;]","og_url":"https:\/\/www.eldiario.net\/portal\/2026\/07\/17\/roban-en-la-historica-casa-de-la-cantante-crucena-gladys-moreno\/","og_site_name":"El Diario - Bolivia","article_publisher":"https:\/\/www.facebook.com\/eldiario.bolivia\/","article_published_time":"2026-07-17T09:51:35+00:00","og_image":[{"width":800,"height":500,"url":"https:\/\/www.eldiario.net\/portal\/wp-content\/uploads\/2023\/12\/Nacional.jpg","type":"image\/jpeg"}],"author":"Jeanette","twitter_card":"summary_large_image","twitter_creator":"@eldiario_net","twitter_site":"@eldiario_net","twitter_misc":{"Escrito por":"Jeanette","Tiempo de lectura":"2 minutos"},"schema":{"@context":"https:\/\/schema.org","@graph":[{"@type":"Article","@id":"https:\/\/www.eldiario.net\/portal\/2026\/07\/17\/roban-en-la-historica-casa-de-la-cantante-crucena-gladys-moreno\/#article","isPartOf":{"@id":"https:\/\/www.eldiario.net\/portal\/2026\/07\/17\/roban-en-la-historica-casa-de-la-cantante-crucena-gladys-moreno\/"},"author":{"name":"Jeanette","@id":"https:\/\/www.eldiario.net\/portal\/#\/schema\/person\/2c57cf2b7a7ae032e449e4c9b1019eac"},"headline":"Roban en la hist\u00f3rica casa de la cantante cruce\u00f1a Gladys Moreno","datePublished":"2026-07-17T09:51:35+00:00","mainEntityOfPage":{"@id":"https:\/\/www.eldiario.net\/portal\/2026\/07\/17\/roban-en-la-historica-casa-de-la-cantante-crucena-gladys-moreno\/"},"wordCount":389,"publisher":{"@id":"https:\/\/www.eldiario.net\/portal\/#organization"},"image":{"@id":"https:\/\/www.eldiario.net\/portal\/2026\/07\/17\/roban-en-la-historica-casa-de-la-cantante-crucena-gladys-moreno\/#primaryimage"},"thumbnailUrl":"https:\/\/www.eldiario.net\/portal\/wp-content\/uploads\/2023\/12\/Nacional.jpg","articleSection":["Nacional"],"inLanguage":"es"},{"@type":"WebPage","@id":"https:\/\/www.eldiario.net\/portal\/2026\/07\/17\/roban-en-la-historica-casa-de-la-cantante-crucena-gladys-moreno\/","url":"https:\/\/www.eldiario.net\/portal\/2026\/07\/17\/roban-en-la-historica-casa-de-la-cantante-crucena-gladys-moreno\/","name":"Roban en la hist\u00f3rica casa de la cantante cruce\u00f1a Gladys Moreno - El Diario - Bolivia","isPartOf":{"@id":"https:\/\/www.eldiario.net\/portal\/#website"},"primaryImageOfPage":{"@id":"https:\/\/www.eldiario.net\/portal\/2026\/07\/17\/roban-en-la-historica-casa-de-la-cantante-crucena-gladys-moreno\/#primaryimage"},"image":{"@id":"https:\/\/www.eldiario.net\/portal\/2026\/07\/17\/roban-en-la-historica-casa-de-la-cantante-crucena-gladys-moreno\/#primaryimage"},"thumbnailUrl":"https:\/\/www.eldiario.net\/portal\/wp-content\/uploads\/2023\/12\/Nacional.jpg","datePublished":"2026-07-17T09:51:35+00:00","breadcrumb":{"@id":"https:\/\/www.eldiario.net\/portal\/2026\/07\/17\/roban-en-la-historica-casa-de-la-cantante-crucena-gladys-moreno\/#breadcrumb"},"inLanguage":"es","potentialAction":[{"@type":"ReadAction","target":["https:\/\/www.eldiario.net\/portal\/2026\/07\/17\/roban-en-la-historica-casa-de-la-cantante-crucena-gladys-moreno\/"]}]},{"@type":"ImageObject","inLanguage":"es","@id":"https:\/\/www.eldiario.net\/portal\/2026\/07\/17\/roban-en-la-historica-casa-de-la-cantante-crucena-gladys-moreno\/#primaryimage","url":"https:\/\/www.eldiario.net\/portal\/wp-content\/uploads\/2023\/12\/Nacional.jpg","contentUrl":"https:\/\/www.eldiario.net\/portal\/wp-content\/uploads\/2023\/12\/Nacional.jpg","width":800,"height":500},{"@type":"BreadcrumbList","@id":"https:\/\/www.eldiario.net\/portal\/2026\/07\/17\/roban-en-la-historica-casa-de-la-cantante-crucena-gladys-moreno\/#breadcrumb","itemListElement":[{"@type":"ListItem","position":1,"name":"Portada","item":"https:\/\/www.eldiario.net\/portal\/"},{"@type":"ListItem","position":2,"name":"Roban en la hist\u00f3rica casa de la cantante cruce\u00f1a Gladys Moreno"}]},{"@type":"WebSite","@id":"https:\/\/www.eldiario.net\/portal\/#website","url":"https:\/\/www.eldiario.net\/portal\/","name":"El Diario - Decano de la prensa nacional","description":"El Diario - Decano de la prensa nacional","publisher":{"@id":"https:\/\/www.eldiario.net\/portal\/#organization"},"potentialAction":[{"@type":"SearchAction","target":{"@type":"EntryPoint","urlTemplate":"https:\/\/www.eldiario.net\/portal\/?s={search_term_string}"},"query-input":{"@type":"PropertyValueSpecification","valueRequired":true,"valueName":"search_term_string"}}],"inLanguage":"es"},{"@type":"Organization","@id":"https:\/\/www.eldiario.net\/portal\/#organization","name":"El Diario - Decano de la prensa nacional","url":"https:\/\/www.eldiario.net\/portal\/","logo":{"@type":"ImageObject","inLanguage":"es","@id":"https:\/\/www.eldiario.net\/portal\/#\/schema\/logo\/image\/","url":"https:\/\/www.eldiario.net\/portal\/wp-content\/uploads\/2023\/07\/logo_ED.jpg","contentUrl":"https:\/\/www.eldiario.net\/portal\/wp-content\/uploads\/2023\/07\/logo_ED.jpg","width":272,"height":52,"caption":"El Diario - Decano de la prensa nacional"},"image":{"@id":"https:\/\/www.eldiario.net\/portal\/#\/schema\/logo\/image\/"},"sameAs":["https:\/\/www.facebook.com\/eldiario.bolivia\/","https:\/\/x.com\/eldiario_net"]},{"@type":"Person","@id":"https:\/\/www.eldiario.net\/portal\/#\/schema\/person\/2c57cf2b7a7ae032e449e4c9b1019eac","name":"Jeanette","image":{"@type":"ImageObject","inLanguage":"es","@id":"https:\/\/secure.gravatar.com\/avatar\/3ea2118a5f7dad2b7138b1187a6b7ee55f160b9968b66013c3a3ef39dd7e5798?s=96&d=mm&r=g","url":"https:\/\/secure.gravatar.com\/avatar\/3ea2118a5f7dad2b7138b1187a6b7ee55f160b9968b66013c3a3ef39dd7e5798?s=96&d=mm&r=g","contentUrl":"https:\/\/secure.gravatar.com\/avatar\/3ea2118a5f7dad2b7138b1187a6b7ee55f160b9968b66013c3a3ef39dd7e5798?s=96&d=mm&r=g","caption":"Jeanette"},"sameAs":["https:\/\/www.eldiario.net\/portal"],"url":"https:\/\/www.eldiario.net\/portal\/author\/jeanette\/"}]}},"_links":{"self":[{"href":"https:\/\/www.eldiario.net\/portal\/wp-json\/wp\/v2\/posts\/413258","targetHints":{"allow":["GET"]}}],"collection":[{"href":"https:\/\/www.eldiario.net\/portal\/wp-json\/wp\/v2\/posts"}],"about":[{"href":"https:\/\/www.eldiario.net\/portal\/wp-json\/wp\/v2\/types\/post"}],"author":[{"embeddable":true,"href":"https:\/\/www.eldiario.net\/portal\/wp-json\/wp\/v2\/users\/1"}],"replies":[{"embeddable":true,"href":"https:\/\/www.eldiario.net\/portal\/wp-json\/wp\/v2\/comments?post=413258"}],"version-history":[{"count":1,"href":"https:\/\/www.eldiario.net\/portal\/wp-json\/wp\/v2\/posts\/413258\/revisions"}],"predecessor-version":[{"id":413259,"href":"https:\/\/www.eldiario.net\/portal\/wp-json\/wp\/v2\/posts\/413258\/revisions\/413259"}],"wp:featuredmedia":[{"embeddable":true,"href":"https:\/\/www.eldiario.net\/portal\/wp-json\/wp\/v2\/media\/194726"}],"wp:attachment":[{"href":"https:\/\/www.eldiario.net\/portal\/wp-json\/wp\/v2\/media?parent=413258"}],"wp:term":[{"taxonomy":"category","embeddable":true,"href":"https:\/\/www.eldiario.net\/portal\/wp-json\/wp\/v2\/categories?post=413258"},{"taxonomy":"post_tag","embeddable":true,"href":"https:\/\/www.eldiario.net\/portal\/wp-json\/wp\/v2\/tags?post=413258"}],"curies":[{"name":"wp","href":"https:\/\/api.w.org\/{rel}","templated":true}]}}