{"id":413219,"date":"2026-07-16T18:29:14","date_gmt":"2026-07-16T22:29:14","guid":{"rendered":"https:\/\/www.eldiario.net\/portal\/?p=413219"},"modified":"2026-07-16T18:29:14","modified_gmt":"2026-07-16T22:29:14","slug":"lionel-messi-todo-lo-que-vivi-con-este-grupo-es-algo-impensado-inexplicable","status":"publish","type":"post","link":"https:\/\/www.eldiario.net\/portal\/2026\/07\/16\/lionel-messi-todo-lo-que-vivi-con-este-grupo-es-algo-impensado-inexplicable\/","title":{"rendered":"Lionel Messi: \u201cTodo lo que viv\u00ed con este grupo es algo impensado, inexplicable\u201d"},"content":{"rendered":"<p>FIFA<\/p>\n<p>No marc\u00f3 ante Inglaterra. Pero las dos asistencias para los goles argentinos tuvieron su nombre. Lionel Messi ha dejado su firma en cada uno de los partidos de la Copa Mundial de la FIFA 2026. Y, en la victoria 2 a 1 contra Inglaterra por semifinales, no fue diferente. Fue uno de los engranajes fundamentales para esos 40 minutos de furia argentina que lograron dar vuelta el partido con intensidad, garra y buen f\u00fatbol.<\/p>\n<p>Pero Lionel Messi tambi\u00e9n dej\u00f3 su firma fuera de la cancha, l\u00facido y sereno, en cada una de las declaraciones que hizo despu\u00e9s del partido. \u00abEs una locura c\u00f3mo se est\u00e1n dando las cosas. Yo, sinceramente, antes de empezar el Mundial confiaba en este grupo y sab\u00eda que entre los cuatro [mejores] \u00edbamos a estar, que lo \u00edbamos a pelear. Y nos terminamos metiendo en una nueva final. Creo que son cinco seguidas, no s\u00e9, es impresionante.\u00bb<\/p>\n<p>El domingo 19 de julio, en Nueva York, a Lionel Messi le espera la tercera final de Copa Mundial de su historia como jugador. Por ahora, perdi\u00f3 una en 2014 contra Alemania, y gan\u00f3 otra en 2022 contra Francia. Ahora, ser\u00e1 el turno de Espa\u00f1a, una vieja conocida para \u00e9l. \u00abEs una selecci\u00f3n enorme, con grand\u00edsimos jugadores, con juego \u2014dijo sobre la selecci\u00f3n espa\u00f1ola\u2014. Es una selecci\u00f3n que conozco bien, que es una filosof\u00eda de f\u00fatbol, que ya lleva much\u00edsimos a\u00f1os jugando de esta manera. Y conozco a los jugadores tambi\u00e9n, me he enfrentado, los sigo. Varios est\u00e1n en el Bar\u00e7a, equipo al cual quiero y sigo. Ser\u00e1 una final del mundo especial y obviamente imagino que va a ser muy igualado todo\u00bb.<\/p>\n<p>Pero para Messi esta haza\u00f1a de llegar a otra final no es algo aislado: es parte de un proceso que lleva a\u00f1os, con un grupo muy unido, donde \u00e9l se siente muy c\u00f3modo. \u00abTodo lo que viv\u00ed con este grupo desde que volv\u00ed a la Copa Am\u00e9rica de 2019 fue algo inexplicable, impensado. Lo disfrut\u00e9 much\u00edsimo todo este tiempo, m\u00e1s all\u00e1 de todos los logros que conseguimos, de ser campeones de todo. El convivir con ellos el d\u00eda a d\u00eda, el competir con ellos&#8230; la verdad que fue un proceso muy muy lindo, en el cual le dimos much\u00edsima alegr\u00eda a la gente tambi\u00e9n. As\u00ed que estoy muy feliz\u00bb. (Foto AFA)<\/p>\n","protected":false},"excerpt":{"rendered":"<p>FIFA No marc\u00f3 ante Inglaterra. Pero las dos asistencias para los goles argentinos tuvieron su nombre. Lionel Messi ha dejado su firma en cada uno de los partidos de la Copa Mundial de la FIFA 2026. Y, en la victoria 2 a 1 contra Inglaterra por semifinales, no fue diferente. Fue uno de los engranajes [&hellip;]<\/p>\n","protected":false},"author":3,"featured_media":413220,"comment_status":"closed","ping_status":"open","sticky":false,"template":"","format":"standard","meta":{"_acf_changed":false,"footnotes":""},"categories":[6],"tags":[],"class_list":["post-413219","post","type-post","status-publish","format-standard","has-post-thumbnail","category-deportes"],"acf":{"antetitulo":""},"yoast_head":"<!-- This site is optimized with the Yoast SEO plugin v28.4 - https:\/\/yoast.com\/product\/yoast-seo-wordpress\/ -->\n<title>Lionel Messi: \u201cTodo lo que viv\u00ed con este grupo es algo impensado, inexplicable\u201d - El Diario - Bolivia<\/title>\n<meta name=\"robots\" content=\"index, follow, max-snippet:-1, max-image-preview:large, max-video-preview:-1\" \/>\n<link rel=\"canonical\" href=\"https:\/\/www.eldiario.net\/portal\/2026\/07\/16\/lionel-messi-todo-lo-que-vivi-con-este-grupo-es-algo-impensado-inexplicable\/\" \/>\n<meta property=\"og:locale\" content=\"es_ES\" \/>\n<meta property=\"og:type\" content=\"article\" \/>\n<meta property=\"og:title\" content=\"Lionel Messi: \u201cTodo lo que viv\u00ed con este grupo es algo impensado, inexplicable\u201d - El Diario - Bolivia\" \/>\n<meta property=\"og:description\" content=\"FIFA No marc\u00f3 ante Inglaterra. Pero las dos asistencias para los goles argentinos tuvieron su nombre. Lionel Messi ha dejado su firma en cada uno de los partidos de la Copa Mundial de la FIFA 2026. Y, en la victoria 2 a 1 contra Inglaterra por semifinales, no fue diferente. Fue uno de los engranajes [&hellip;]\" \/>\n<meta property=\"og:url\" content=\"https:\/\/www.eldiario.net\/portal\/2026\/07\/16\/lionel-messi-todo-lo-que-vivi-con-este-grupo-es-algo-impensado-inexplicable\/\" \/>\n<meta property=\"og:site_name\" content=\"El Diario - Bolivia\" \/>\n<meta property=\"article:publisher\" content=\"https:\/\/www.facebook.com\/eldiario.bolivia\/\" \/>\n<meta property=\"article:published_time\" content=\"2026-07-16T22:29:14+00:00\" \/>\n<meta property=\"og:image\" content=\"https:\/\/www.eldiario.net\/portal\/wp-content\/uploads\/2026\/07\/lio-vale.webp\" \/>\n\t<meta property=\"og:image:width\" content=\"1080\" \/>\n\t<meta property=\"og:image:height\" content=\"750\" \/>\n\t<meta property=\"og:image:type\" content=\"image\/webp\" \/>\n<meta name=\"author\" content=\"Jhonny Mollinedo\" \/>\n<meta name=\"twitter:card\" content=\"summary_large_image\" \/>\n<meta name=\"twitter:creator\" content=\"@eldiario_net\" \/>\n<meta name=\"twitter:site\" content=\"@eldiario_net\" \/>\n<meta name=\"twitter:label1\" content=\"Escrito por\" \/>\n\t<meta name=\"twitter:data1\" content=\"Jhonny Mollinedo\" \/>\n\t<meta name=\"twitter:label2\" content=\"Tiempo de lectura\" \/>\n\t<meta name=\"twitter:data2\" content=\"2 minutos\" \/>\n<script type=\"application\/ld+json\" class=\"yoast-schema-graph\">{\"@context\":\"https:\\\/\\\/schema.org\",\"@graph\":[{\"@type\":\"Article\",\"@id\":\"https:\\\/\\\/www.eldiario.net\\\/portal\\\/2026\\\/07\\\/16\\\/lionel-messi-todo-lo-que-vivi-con-este-grupo-es-algo-impensado-inexplicable\\\/#article\",\"isPartOf\":{\"@id\":\"https:\\\/\\\/www.eldiario.net\\\/portal\\\/2026\\\/07\\\/16\\\/lionel-messi-todo-lo-que-vivi-con-este-grupo-es-algo-impensado-inexplicable\\\/\"},\"author\":{\"name\":\"Jhonny Mollinedo\",\"@id\":\"https:\\\/\\\/www.eldiario.net\\\/portal\\\/#\\\/schema\\\/person\\\/32fc835272114c73407ecef86028a07e\"},\"headline\":\"Lionel Messi: \u201cTodo lo que viv\u00ed con este grupo es algo impensado, inexplicable\u201d\",\"datePublished\":\"2026-07-16T22:29:14+00:00\",\"mainEntityOfPage\":{\"@id\":\"https:\\\/\\\/www.eldiario.net\\\/portal\\\/2026\\\/07\\\/16\\\/lionel-messi-todo-lo-que-vivi-con-este-grupo-es-algo-impensado-inexplicable\\\/\"},\"wordCount\":422,\"publisher\":{\"@id\":\"https:\\\/\\\/www.eldiario.net\\\/portal\\\/#organization\"},\"image\":{\"@id\":\"https:\\\/\\\/www.eldiario.net\\\/portal\\\/2026\\\/07\\\/16\\\/lionel-messi-todo-lo-que-vivi-con-este-grupo-es-algo-impensado-inexplicable\\\/#primaryimage\"},\"thumbnailUrl\":\"https:\\\/\\\/www.eldiario.net\\\/portal\\\/wp-content\\\/uploads\\\/2026\\\/07\\\/lio-vale.webp\",\"articleSection\":[\"Deportes\"],\"inLanguage\":\"es\"},{\"@type\":\"WebPage\",\"@id\":\"https:\\\/\\\/www.eldiario.net\\\/portal\\\/2026\\\/07\\\/16\\\/lionel-messi-todo-lo-que-vivi-con-este-grupo-es-algo-impensado-inexplicable\\\/\",\"url\":\"https:\\\/\\\/www.eldiario.net\\\/portal\\\/2026\\\/07\\\/16\\\/lionel-messi-todo-lo-que-vivi-con-este-grupo-es-algo-impensado-inexplicable\\\/\",\"name\":\"Lionel Messi: \u201cTodo lo que viv\u00ed con este grupo es algo impensado, inexplicable\u201d - El Diario - Bolivia\",\"isPartOf\":{\"@id\":\"https:\\\/\\\/www.eldiario.net\\\/portal\\\/#website\"},\"primaryImageOfPage\":{\"@id\":\"https:\\\/\\\/www.eldiario.net\\\/portal\\\/2026\\\/07\\\/16\\\/lionel-messi-todo-lo-que-vivi-con-este-grupo-es-algo-impensado-inexplicable\\\/#primaryimage\"},\"image\":{\"@id\":\"https:\\\/\\\/www.eldiario.net\\\/portal\\\/2026\\\/07\\\/16\\\/lionel-messi-todo-lo-que-vivi-con-este-grupo-es-algo-impensado-inexplicable\\\/#primaryimage\"},\"thumbnailUrl\":\"https:\\\/\\\/www.eldiario.net\\\/portal\\\/wp-content\\\/uploads\\\/2026\\\/07\\\/lio-vale.webp\",\"datePublished\":\"2026-07-16T22:29:14+00:00\",\"breadcrumb\":{\"@id\":\"https:\\\/\\\/www.eldiario.net\\\/portal\\\/2026\\\/07\\\/16\\\/lionel-messi-todo-lo-que-vivi-con-este-grupo-es-algo-impensado-inexplicable\\\/#breadcrumb\"},\"inLanguage\":\"es\",\"potentialAction\":[{\"@type\":\"ReadAction\",\"target\":[\"https:\\\/\\\/www.eldiario.net\\\/portal\\\/2026\\\/07\\\/16\\\/lionel-messi-todo-lo-que-vivi-con-este-grupo-es-algo-impensado-inexplicable\\\/\"]}]},{\"@type\":\"ImageObject\",\"inLanguage\":\"es\",\"@id\":\"https:\\\/\\\/www.eldiario.net\\\/portal\\\/2026\\\/07\\\/16\\\/lionel-messi-todo-lo-que-vivi-con-este-grupo-es-algo-impensado-inexplicable\\\/#primaryimage\",\"url\":\"https:\\\/\\\/www.eldiario.net\\\/portal\\\/wp-content\\\/uploads\\\/2026\\\/07\\\/lio-vale.webp\",\"contentUrl\":\"https:\\\/\\\/www.eldiario.net\\\/portal\\\/wp-content\\\/uploads\\\/2026\\\/07\\\/lio-vale.webp\",\"width\":1080,\"height\":750},{\"@type\":\"BreadcrumbList\",\"@id\":\"https:\\\/\\\/www.eldiario.net\\\/portal\\\/2026\\\/07\\\/16\\\/lionel-messi-todo-lo-que-vivi-con-este-grupo-es-algo-impensado-inexplicable\\\/#breadcrumb\",\"itemListElement\":[{\"@type\":\"ListItem\",\"position\":1,\"name\":\"Portada\",\"item\":\"https:\\\/\\\/www.eldiario.net\\\/portal\\\/\"},{\"@type\":\"ListItem\",\"position\":2,\"name\":\"Lionel Messi: \u201cTodo lo que viv\u00ed con este grupo es algo impensado, inexplicable\u201d\"}]},{\"@type\":\"WebSite\",\"@id\":\"https:\\\/\\\/www.eldiario.net\\\/portal\\\/#website\",\"url\":\"https:\\\/\\\/www.eldiario.net\\\/portal\\\/\",\"name\":\"El Diario - Decano de la prensa nacional\",\"description\":\"El Diario - Decano de la prensa nacional\",\"publisher\":{\"@id\":\"https:\\\/\\\/www.eldiario.net\\\/portal\\\/#organization\"},\"potentialAction\":[{\"@type\":\"SearchAction\",\"target\":{\"@type\":\"EntryPoint\",\"urlTemplate\":\"https:\\\/\\\/www.eldiario.net\\\/portal\\\/?s={search_term_string}\"},\"query-input\":{\"@type\":\"PropertyValueSpecification\",\"valueRequired\":true,\"valueName\":\"search_term_string\"}}],\"inLanguage\":\"es\"},{\"@type\":\"Organization\",\"@id\":\"https:\\\/\\\/www.eldiario.net\\\/portal\\\/#organization\",\"name\":\"El Diario - Decano de la prensa nacional\",\"url\":\"https:\\\/\\\/www.eldiario.net\\\/portal\\\/\",\"logo\":{\"@type\":\"ImageObject\",\"inLanguage\":\"es\",\"@id\":\"https:\\\/\\\/www.eldiario.net\\\/portal\\\/#\\\/schema\\\/logo\\\/image\\\/\",\"url\":\"https:\\\/\\\/www.eldiario.net\\\/portal\\\/wp-content\\\/uploads\\\/2023\\\/07\\\/logo_ED.jpg\",\"contentUrl\":\"https:\\\/\\\/www.eldiario.net\\\/portal\\\/wp-content\\\/uploads\\\/2023\\\/07\\\/logo_ED.jpg\",\"width\":272,\"height\":52,\"caption\":\"El Diario - Decano de la prensa nacional\"},\"image\":{\"@id\":\"https:\\\/\\\/www.eldiario.net\\\/portal\\\/#\\\/schema\\\/logo\\\/image\\\/\"},\"sameAs\":[\"https:\\\/\\\/www.facebook.com\\\/eldiario.bolivia\\\/\",\"https:\\\/\\\/x.com\\\/eldiario_net\"]},{\"@type\":\"Person\",\"@id\":\"https:\\\/\\\/www.eldiario.net\\\/portal\\\/#\\\/schema\\\/person\\\/32fc835272114c73407ecef86028a07e\",\"name\":\"Jhonny Mollinedo\",\"image\":{\"@type\":\"ImageObject\",\"inLanguage\":\"es\",\"@id\":\"https:\\\/\\\/secure.gravatar.com\\\/avatar\\\/3ea2118a5f7dad2b7138b1187a6b7ee55f160b9968b66013c3a3ef39dd7e5798?s=96&d=mm&r=g\",\"url\":\"https:\\\/\\\/secure.gravatar.com\\\/avatar\\\/3ea2118a5f7dad2b7138b1187a6b7ee55f160b9968b66013c3a3ef39dd7e5798?s=96&d=mm&r=g\",\"contentUrl\":\"https:\\\/\\\/secure.gravatar.com\\\/avatar\\\/3ea2118a5f7dad2b7138b1187a6b7ee55f160b9968b66013c3a3ef39dd7e5798?s=96&d=mm&r=g\",\"caption\":\"Jhonny Mollinedo\"},\"url\":\"https:\\\/\\\/www.eldiario.net\\\/portal\\\/author\\\/deportes\\\/\"}]}<\/script>\n<!-- \/ Yoast SEO plugin. -->","yoast_head_json":{"title":"Lionel Messi: \u201cTodo lo que viv\u00ed con este grupo es algo impensado, inexplicable\u201d - El Diario - Bolivia","robots":{"index":"index","follow":"follow","max-snippet":"max-snippet:-1","max-image-preview":"max-image-preview:large","max-video-preview":"max-video-preview:-1"},"canonical":"https:\/\/www.eldiario.net\/portal\/2026\/07\/16\/lionel-messi-todo-lo-que-vivi-con-este-grupo-es-algo-impensado-inexplicable\/","og_locale":"es_ES","og_type":"article","og_title":"Lionel Messi: \u201cTodo lo que viv\u00ed con este grupo es algo impensado, inexplicable\u201d - El Diario - Bolivia","og_description":"FIFA No marc\u00f3 ante Inglaterra. Pero las dos asistencias para los goles argentinos tuvieron su nombre. Lionel Messi ha dejado su firma en cada uno de los partidos de la Copa Mundial de la FIFA 2026. Y, en la victoria 2 a 1 contra Inglaterra por semifinales, no fue diferente. Fue uno de los engranajes [&hellip;]","og_url":"https:\/\/www.eldiario.net\/portal\/2026\/07\/16\/lionel-messi-todo-lo-que-vivi-con-este-grupo-es-algo-impensado-inexplicable\/","og_site_name":"El Diario - Bolivia","article_publisher":"https:\/\/www.facebook.com\/eldiario.bolivia\/","article_published_time":"2026-07-16T22:29:14+00:00","og_image":[{"width":1080,"height":750,"url":"https:\/\/www.eldiario.net\/portal\/wp-content\/uploads\/2026\/07\/lio-vale.webp","type":"image\/webp"}],"author":"Jhonny Mollinedo","twitter_card":"summary_large_image","twitter_creator":"@eldiario_net","twitter_site":"@eldiario_net","twitter_misc":{"Escrito por":"Jhonny Mollinedo","Tiempo de lectura":"2 minutos"},"schema":{"@context":"https:\/\/schema.org","@graph":[{"@type":"Article","@id":"https:\/\/www.eldiario.net\/portal\/2026\/07\/16\/lionel-messi-todo-lo-que-vivi-con-este-grupo-es-algo-impensado-inexplicable\/#article","isPartOf":{"@id":"https:\/\/www.eldiario.net\/portal\/2026\/07\/16\/lionel-messi-todo-lo-que-vivi-con-este-grupo-es-algo-impensado-inexplicable\/"},"author":{"name":"Jhonny Mollinedo","@id":"https:\/\/www.eldiario.net\/portal\/#\/schema\/person\/32fc835272114c73407ecef86028a07e"},"headline":"Lionel Messi: \u201cTodo lo que viv\u00ed con este grupo es algo impensado, inexplicable\u201d","datePublished":"2026-07-16T22:29:14+00:00","mainEntityOfPage":{"@id":"https:\/\/www.eldiario.net\/portal\/2026\/07\/16\/lionel-messi-todo-lo-que-vivi-con-este-grupo-es-algo-impensado-inexplicable\/"},"wordCount":422,"publisher":{"@id":"https:\/\/www.eldiario.net\/portal\/#organization"},"image":{"@id":"https:\/\/www.eldiario.net\/portal\/2026\/07\/16\/lionel-messi-todo-lo-que-vivi-con-este-grupo-es-algo-impensado-inexplicable\/#primaryimage"},"thumbnailUrl":"https:\/\/www.eldiario.net\/portal\/wp-content\/uploads\/2026\/07\/lio-vale.webp","articleSection":["Deportes"],"inLanguage":"es"},{"@type":"WebPage","@id":"https:\/\/www.eldiario.net\/portal\/2026\/07\/16\/lionel-messi-todo-lo-que-vivi-con-este-grupo-es-algo-impensado-inexplicable\/","url":"https:\/\/www.eldiario.net\/portal\/2026\/07\/16\/lionel-messi-todo-lo-que-vivi-con-este-grupo-es-algo-impensado-inexplicable\/","name":"Lionel Messi: \u201cTodo lo que viv\u00ed con este grupo es algo impensado, inexplicable\u201d - El Diario - Bolivia","isPartOf":{"@id":"https:\/\/www.eldiario.net\/portal\/#website"},"primaryImageOfPage":{"@id":"https:\/\/www.eldiario.net\/portal\/2026\/07\/16\/lionel-messi-todo-lo-que-vivi-con-este-grupo-es-algo-impensado-inexplicable\/#primaryimage"},"image":{"@id":"https:\/\/www.eldiario.net\/portal\/2026\/07\/16\/lionel-messi-todo-lo-que-vivi-con-este-grupo-es-algo-impensado-inexplicable\/#primaryimage"},"thumbnailUrl":"https:\/\/www.eldiario.net\/portal\/wp-content\/uploads\/2026\/07\/lio-vale.webp","datePublished":"2026-07-16T22:29:14+00:00","breadcrumb":{"@id":"https:\/\/www.eldiario.net\/portal\/2026\/07\/16\/lionel-messi-todo-lo-que-vivi-con-este-grupo-es-algo-impensado-inexplicable\/#breadcrumb"},"inLanguage":"es","potentialAction":[{"@type":"ReadAction","target":["https:\/\/www.eldiario.net\/portal\/2026\/07\/16\/lionel-messi-todo-lo-que-vivi-con-este-grupo-es-algo-impensado-inexplicable\/"]}]},{"@type":"ImageObject","inLanguage":"es","@id":"https:\/\/www.eldiario.net\/portal\/2026\/07\/16\/lionel-messi-todo-lo-que-vivi-con-este-grupo-es-algo-impensado-inexplicable\/#primaryimage","url":"https:\/\/www.eldiario.net\/portal\/wp-content\/uploads\/2026\/07\/lio-vale.webp","contentUrl":"https:\/\/www.eldiario.net\/portal\/wp-content\/uploads\/2026\/07\/lio-vale.webp","width":1080,"height":750},{"@type":"BreadcrumbList","@id":"https:\/\/www.eldiario.net\/portal\/2026\/07\/16\/lionel-messi-todo-lo-que-vivi-con-este-grupo-es-algo-impensado-inexplicable\/#breadcrumb","itemListElement":[{"@type":"ListItem","position":1,"name":"Portada","item":"https:\/\/www.eldiario.net\/portal\/"},{"@type":"ListItem","position":2,"name":"Lionel Messi: \u201cTodo lo que viv\u00ed con este grupo es algo impensado, inexplicable\u201d"}]},{"@type":"WebSite","@id":"https:\/\/www.eldiario.net\/portal\/#website","url":"https:\/\/www.eldiario.net\/portal\/","name":"El Diario - Decano de la prensa nacional","description":"El Diario - Decano de la prensa nacional","publisher":{"@id":"https:\/\/www.eldiario.net\/portal\/#organization"},"potentialAction":[{"@type":"SearchAction","target":{"@type":"EntryPoint","urlTemplate":"https:\/\/www.eldiario.net\/portal\/?s={search_term_string}"},"query-input":{"@type":"PropertyValueSpecification","valueRequired":true,"valueName":"search_term_string"}}],"inLanguage":"es"},{"@type":"Organization","@id":"https:\/\/www.eldiario.net\/portal\/#organization","name":"El Diario - Decano de la prensa nacional","url":"https:\/\/www.eldiario.net\/portal\/","logo":{"@type":"ImageObject","inLanguage":"es","@id":"https:\/\/www.eldiario.net\/portal\/#\/schema\/logo\/image\/","url":"https:\/\/www.eldiario.net\/portal\/wp-content\/uploads\/2023\/07\/logo_ED.jpg","contentUrl":"https:\/\/www.eldiario.net\/portal\/wp-content\/uploads\/2023\/07\/logo_ED.jpg","width":272,"height":52,"caption":"El Diario - Decano de la prensa nacional"},"image":{"@id":"https:\/\/www.eldiario.net\/portal\/#\/schema\/logo\/image\/"},"sameAs":["https:\/\/www.facebook.com\/eldiario.bolivia\/","https:\/\/x.com\/eldiario_net"]},{"@type":"Person","@id":"https:\/\/www.eldiario.net\/portal\/#\/schema\/person\/32fc835272114c73407ecef86028a07e","name":"Jhonny Mollinedo","image":{"@type":"ImageObject","inLanguage":"es","@id":"https:\/\/secure.gravatar.com\/avatar\/3ea2118a5f7dad2b7138b1187a6b7ee55f160b9968b66013c3a3ef39dd7e5798?s=96&d=mm&r=g","url":"https:\/\/secure.gravatar.com\/avatar\/3ea2118a5f7dad2b7138b1187a6b7ee55f160b9968b66013c3a3ef39dd7e5798?s=96&d=mm&r=g","contentUrl":"https:\/\/secure.gravatar.com\/avatar\/3ea2118a5f7dad2b7138b1187a6b7ee55f160b9968b66013c3a3ef39dd7e5798?s=96&d=mm&r=g","caption":"Jhonny Mollinedo"},"url":"https:\/\/www.eldiario.net\/portal\/author\/deportes\/"}]}},"_links":{"self":[{"href":"https:\/\/www.eldiario.net\/portal\/wp-json\/wp\/v2\/posts\/413219","targetHints":{"allow":["GET"]}}],"collection":[{"href":"https:\/\/www.eldiario.net\/portal\/wp-json\/wp\/v2\/posts"}],"about":[{"href":"https:\/\/www.eldiario.net\/portal\/wp-json\/wp\/v2\/types\/post"}],"author":[{"embeddable":true,"href":"https:\/\/www.eldiario.net\/portal\/wp-json\/wp\/v2\/users\/3"}],"replies":[{"embeddable":true,"href":"https:\/\/www.eldiario.net\/portal\/wp-json\/wp\/v2\/comments?post=413219"}],"version-history":[{"count":1,"href":"https:\/\/www.eldiario.net\/portal\/wp-json\/wp\/v2\/posts\/413219\/revisions"}],"predecessor-version":[{"id":413221,"href":"https:\/\/www.eldiario.net\/portal\/wp-json\/wp\/v2\/posts\/413219\/revisions\/413221"}],"wp:featuredmedia":[{"embeddable":true,"href":"https:\/\/www.eldiario.net\/portal\/wp-json\/wp\/v2\/media\/413220"}],"wp:attachment":[{"href":"https:\/\/www.eldiario.net\/portal\/wp-json\/wp\/v2\/media?parent=413219"}],"wp:term":[{"taxonomy":"category","embeddable":true,"href":"https:\/\/www.eldiario.net\/portal\/wp-json\/wp\/v2\/categories?post=413219"},{"taxonomy":"post_tag","embeddable":true,"href":"https:\/\/www.eldiario.net\/portal\/wp-json\/wp\/v2\/tags?post=413219"}],"curies":[{"name":"wp","href":"https:\/\/api.w.org\/{rel}","templated":true}]}}