{"id":413172,"date":"2026-07-16T08:11:50","date_gmt":"2026-07-16T12:11:50","guid":{"rendered":"https:\/\/www.eldiario.net\/portal\/?p=413172"},"modified":"2026-07-16T08:11:50","modified_gmt":"2026-07-16T12:11:50","slug":"comenzo-la-segunda-fase-de-devolucion-de-dolares","status":"publish","type":"post","link":"https:\/\/www.eldiario.net\/portal\/2026\/07\/16\/comenzo-la-segunda-fase-de-devolucion-de-dolares\/","title":{"rendered":"Comenz\u00f3 la segunda fase  de devoluci\u00f3n de d\u00f3lares"},"content":{"rendered":"<p>En la segunda fase de devoluci\u00f3n de dep\u00f3sitos en d\u00f3lares se entregar\u00e1 al menos 48 millones de d\u00f3lares en efectivo a personas naturales que mantienen sus ahorros en el sistema financiero, seg\u00fan el Banco Central de Bolivia (BCB).<\/p>\n<p>El Banco Central de Bolivia, en cumplimiento del cronograma establecido para la devoluci\u00f3n de dep\u00f3sitos en d\u00f3lares en el sistema financiero, inform\u00f3 que ayer se inici\u00f3 la segunda fase del proceso, correspondiente a las personas que mantienen dep\u00f3sitos entre 1.001 y 3.000 d\u00f3lares.<\/p>\n<p>Con esa medida se devolver\u00e1 48 millones de d\u00f3lares en efectivo a personas naturales que mantienen dep\u00f3sitos en el sistema financiero. Las entidades financieras efectuar\u00e1n la devoluci\u00f3n conforme a los procedimientos operativos establecidos para este proceso.<\/p>\n<p>El Banco Central recuerda que el cronograma en vigencia fue dise\u00f1ado para garantizar una devoluci\u00f3n ordenada, transparente y sostenible, preservando la estabilidad del sistema financiero y fortaleciendo las reservas internacionales.<\/p>\n<p>Las siguientes etapas se desarrollar\u00e1n de acuerdo con el calendario previamente difundido. El 14 de agosto de 2026 se devolver\u00e1n dep\u00f3sitos entre 3.001 y 5.000 d\u00f3lares. Luego, sucesivamente, los montos ser\u00e1n mayores<\/p>\n<p>El Banco Central de Bolivia considera que esa medida consolida la solidez de sus decisiones institucionales y favorece la confianza de la poblaci\u00f3n en el sistema econ\u00f3mico.<\/p>\n<p>Tras la primera fase del proceso de devoluci\u00f3n de dep\u00f3sitos en d\u00f3lares retenidos en el sistema financiero, el Ministerio de Econom\u00eda inform\u00f3 que la mayor\u00eda de los ahorristas opt\u00f3 por mantener su dinero depositado, lo cual, seg\u00fan la cartera de Estado, refleja una creciente confianza en la estabilidad econ\u00f3mica y en las medidas implementadas por el Gobierno.<\/p>\n<p>La primera fase de la devoluci\u00f3n de dep\u00f3sitos, que comprend\u00eda saldos de hasta 1.000 d\u00f3lares, ya se ha cumplido desde el 15 de junio.<\/p>\n<p>De acuerdo con el Ministerio, la primera etapa concluy\u00f3 con resultados positivos y forma parte del plan de normalizaci\u00f3n financiera impulsado por el Gobierno para recuperar la confianza, fortalecer la estabilidad del sistema financiero y cumplir con los ahorristas bajo criterios de responsabilidad y sostenibilidad.<\/p>\n<p>BCP elimina restricciones<\/p>\n<p>El Banco BCP anunci\u00f3 que sus clientes -personas naturales &#8211; ya pueden retirar la totalidad del saldo en sus cuentas de ahorro en d\u00f3lares \u2013 con saldo hasta el 30 de junio de 2026- sin l\u00edmite de monto, sin cronogramas y sin restricciones, convirti\u00e9ndose en la primera entidad financiera del pa\u00eds en ofrecer libre disponibilidad de los recursos en moneda extranjera.<\/p>\n<p>La medida, que beneficia por el momento solo a personas, representa un nuevo paso en la estrategia del banco para restablecer plenamente el acceso de los clientes a sus dep\u00f3sitos y fortalecer la confianza en el sistema financiero, en un contexto marcado por las restricciones de divisas que atraves\u00f3 el pa\u00eds durante los \u00faltimos a\u00f1os.<\/p>\n<p>\u00abNuestro compromiso ha sido siempre acompa\u00f1ar a nuestros clientes con soluciones concretas. Hoy damos un paso decisivo para que quienes confiaron sus ahorros al BCP puedan disponer de ellos cuando lo necesiten, sin condiciones ni limitaciones\u00bb, dijo el gerente General del BCP, Christian Hausherr.<\/p>\n<p>La entidad aclar\u00f3 que la disponibilidad es total, por lo que los clientes podr\u00e1n retirar el monto que requieran de acuerdo con el saldo disponible en sus cuentas, sin necesidad de acogerse a cronogramas o mecanismos especiales.<\/p>\n<p>&nbsp;<\/p>\n<p>Una estrategia sostenida<\/p>\n<p>La decisi\u00f3n forma parte de una pol\u00edtica que el BCP viene implementando desde hace varios meses para ampliar progresivamente las alternativas de acceso a d\u00f3lares y ofrecer soluciones innovadoras a sus clientes.<\/p>\n<p>Entre las principales medidas adoptadas destacan: La devoluci\u00f3n de dep\u00f3sitos en d\u00f3lares de hasta USD 10.000, anticip\u00e1ndose a los cronogramas generales establecidos para el sistema financiero; el lanzamiento de la primera tarjeta prepago internacional en USDT del pa\u00eds, que permite realizar compras y pagos en el exterior utilizando un activo digital vinculado al d\u00f3lar; y la habilitaci\u00f3n de remesas internacionales en USDT, reduciendo tiempos y ampliando las opciones para recibir recursos del exterior.<\/p>\n<p>Asimismo, tambi\u00e9n aplic\u00f3 el incremento de los l\u00edmites para compras internacionales con tarjeta de d\u00e9bito; y la puesta en marcha del corredor de remesas Per\u00fa\u2013Bolivia a trav\u00e9s de Yape, que permite enviar dinero desde Per\u00fa directamente a usuarios de Yape Bolivia.<\/p>\n","protected":false},"excerpt":{"rendered":"<p>En la segunda fase de devoluci\u00f3n de dep\u00f3sitos en d\u00f3lares se entregar\u00e1 al menos 48 millones de d\u00f3lares en efectivo a personas naturales que mantienen sus ahorros en el sistema financiero, seg\u00fan el Banco Central de Bolivia (BCB). El Banco Central de Bolivia, en cumplimiento del cronograma establecido para la devoluci\u00f3n de dep\u00f3sitos en d\u00f3lares [&hellip;]<\/p>\n","protected":false},"author":1,"featured_media":413173,"comment_status":"closed","ping_status":"open","sticky":false,"template":"","format":"standard","meta":{"_acf_changed":false,"footnotes":""},"categories":[7],"tags":[],"class_list":["post-413172","post","type-post","status-publish","format-standard","has-post-thumbnail","category-economia"],"acf":{"antetitulo":""},"yoast_head":"<!-- This site is optimized with the Yoast SEO plugin v28.4 - https:\/\/yoast.com\/product\/yoast-seo-wordpress\/ -->\n<title>Comenz\u00f3 la segunda fase de devoluci\u00f3n de d\u00f3lares - El Diario - Bolivia<\/title>\n<meta name=\"robots\" content=\"index, follow, max-snippet:-1, max-image-preview:large, max-video-preview:-1\" \/>\n<link rel=\"canonical\" href=\"https:\/\/www.eldiario.net\/portal\/2026\/07\/16\/comenzo-la-segunda-fase-de-devolucion-de-dolares\/\" \/>\n<meta property=\"og:locale\" content=\"es_ES\" \/>\n<meta property=\"og:type\" content=\"article\" \/>\n<meta property=\"og:title\" content=\"Comenz\u00f3 la segunda fase de devoluci\u00f3n de d\u00f3lares - El Diario - Bolivia\" \/>\n<meta property=\"og:description\" content=\"En la segunda fase de devoluci\u00f3n de dep\u00f3sitos en d\u00f3lares se entregar\u00e1 al menos 48 millones de d\u00f3lares en efectivo a personas naturales que mantienen sus ahorros en el sistema financiero, seg\u00fan el Banco Central de Bolivia (BCB). El Banco Central de Bolivia, en cumplimiento del cronograma establecido para la devoluci\u00f3n de dep\u00f3sitos en d\u00f3lares [&hellip;]\" \/>\n<meta property=\"og:url\" content=\"https:\/\/www.eldiario.net\/portal\/2026\/07\/16\/comenzo-la-segunda-fase-de-devolucion-de-dolares\/\" \/>\n<meta property=\"og:site_name\" content=\"El Diario - Bolivia\" \/>\n<meta property=\"article:publisher\" content=\"https:\/\/www.facebook.com\/eldiario.bolivia\/\" \/>\n<meta property=\"article:published_time\" content=\"2026-07-16T12:11:50+00:00\" \/>\n<meta property=\"og:image\" content=\"https:\/\/www.eldiario.net\/portal\/wp-content\/uploads\/2026\/07\/DOLARES-FOTO.webp\" \/>\n\t<meta property=\"og:image:width\" content=\"1500\" \/>\n\t<meta property=\"og:image:height\" content=\"843\" \/>\n\t<meta property=\"og:image:type\" content=\"image\/webp\" \/>\n<meta name=\"author\" content=\"Jeanette\" \/>\n<meta name=\"twitter:card\" content=\"summary_large_image\" \/>\n<meta name=\"twitter:creator\" content=\"@eldiario_net\" \/>\n<meta name=\"twitter:site\" content=\"@eldiario_net\" \/>\n<meta name=\"twitter:label1\" content=\"Escrito por\" \/>\n\t<meta name=\"twitter:data1\" content=\"Jeanette\" \/>\n\t<meta name=\"twitter:label2\" content=\"Tiempo de lectura\" \/>\n\t<meta name=\"twitter:data2\" content=\"4 minutos\" \/>\n<script type=\"application\/ld+json\" class=\"yoast-schema-graph\">{\"@context\":\"https:\\\/\\\/schema.org\",\"@graph\":[{\"@type\":\"Article\",\"@id\":\"https:\\\/\\\/www.eldiario.net\\\/portal\\\/2026\\\/07\\\/16\\\/comenzo-la-segunda-fase-de-devolucion-de-dolares\\\/#article\",\"isPartOf\":{\"@id\":\"https:\\\/\\\/www.eldiario.net\\\/portal\\\/2026\\\/07\\\/16\\\/comenzo-la-segunda-fase-de-devolucion-de-dolares\\\/\"},\"author\":{\"name\":\"Jeanette\",\"@id\":\"https:\\\/\\\/www.eldiario.net\\\/portal\\\/#\\\/schema\\\/person\\\/f46445640444750d7d753ccd04ae01b7\"},\"headline\":\"Comenz\u00f3 la segunda fase de devoluci\u00f3n de d\u00f3lares\",\"datePublished\":\"2026-07-16T12:11:50+00:00\",\"mainEntityOfPage\":{\"@id\":\"https:\\\/\\\/www.eldiario.net\\\/portal\\\/2026\\\/07\\\/16\\\/comenzo-la-segunda-fase-de-devolucion-de-dolares\\\/\"},\"wordCount\":738,\"publisher\":{\"@id\":\"https:\\\/\\\/www.eldiario.net\\\/portal\\\/#organization\"},\"image\":{\"@id\":\"https:\\\/\\\/www.eldiario.net\\\/portal\\\/2026\\\/07\\\/16\\\/comenzo-la-segunda-fase-de-devolucion-de-dolares\\\/#primaryimage\"},\"thumbnailUrl\":\"https:\\\/\\\/www.eldiario.net\\\/portal\\\/wp-content\\\/uploads\\\/2026\\\/07\\\/DOLARES-FOTO.webp\",\"articleSection\":[\"Econom\u00eda\"],\"inLanguage\":\"es\"},{\"@type\":\"WebPage\",\"@id\":\"https:\\\/\\\/www.eldiario.net\\\/portal\\\/2026\\\/07\\\/16\\\/comenzo-la-segunda-fase-de-devolucion-de-dolares\\\/\",\"url\":\"https:\\\/\\\/www.eldiario.net\\\/portal\\\/2026\\\/07\\\/16\\\/comenzo-la-segunda-fase-de-devolucion-de-dolares\\\/\",\"name\":\"Comenz\u00f3 la segunda fase de devoluci\u00f3n de d\u00f3lares - El Diario - Bolivia\",\"isPartOf\":{\"@id\":\"https:\\\/\\\/www.eldiario.net\\\/portal\\\/#website\"},\"primaryImageOfPage\":{\"@id\":\"https:\\\/\\\/www.eldiario.net\\\/portal\\\/2026\\\/07\\\/16\\\/comenzo-la-segunda-fase-de-devolucion-de-dolares\\\/#primaryimage\"},\"image\":{\"@id\":\"https:\\\/\\\/www.eldiario.net\\\/portal\\\/2026\\\/07\\\/16\\\/comenzo-la-segunda-fase-de-devolucion-de-dolares\\\/#primaryimage\"},\"thumbnailUrl\":\"https:\\\/\\\/www.eldiario.net\\\/portal\\\/wp-content\\\/uploads\\\/2026\\\/07\\\/DOLARES-FOTO.webp\",\"datePublished\":\"2026-07-16T12:11:50+00:00\",\"breadcrumb\":{\"@id\":\"https:\\\/\\\/www.eldiario.net\\\/portal\\\/2026\\\/07\\\/16\\\/comenzo-la-segunda-fase-de-devolucion-de-dolares\\\/#breadcrumb\"},\"inLanguage\":\"es\",\"potentialAction\":[{\"@type\":\"ReadAction\",\"target\":[\"https:\\\/\\\/www.eldiario.net\\\/portal\\\/2026\\\/07\\\/16\\\/comenzo-la-segunda-fase-de-devolucion-de-dolares\\\/\"]}]},{\"@type\":\"ImageObject\",\"inLanguage\":\"es\",\"@id\":\"https:\\\/\\\/www.eldiario.net\\\/portal\\\/2026\\\/07\\\/16\\\/comenzo-la-segunda-fase-de-devolucion-de-dolares\\\/#primaryimage\",\"url\":\"https:\\\/\\\/www.eldiario.net\\\/portal\\\/wp-content\\\/uploads\\\/2026\\\/07\\\/DOLARES-FOTO.webp\",\"contentUrl\":\"https:\\\/\\\/www.eldiario.net\\\/portal\\\/wp-content\\\/uploads\\\/2026\\\/07\\\/DOLARES-FOTO.webp\",\"width\":1500,\"height\":843,\"caption\":\"D\u00f3lares. Comenz\u00f3 la segunda etapa de la devoluci\u00f3n. Foto internet\"},{\"@type\":\"BreadcrumbList\",\"@id\":\"https:\\\/\\\/www.eldiario.net\\\/portal\\\/2026\\\/07\\\/16\\\/comenzo-la-segunda-fase-de-devolucion-de-dolares\\\/#breadcrumb\",\"itemListElement\":[{\"@type\":\"ListItem\",\"position\":1,\"name\":\"Portada\",\"item\":\"https:\\\/\\\/www.eldiario.net\\\/portal\\\/\"},{\"@type\":\"ListItem\",\"position\":2,\"name\":\"Comenz\u00f3 la segunda fase de devoluci\u00f3n de d\u00f3lares\"}]},{\"@type\":\"WebSite\",\"@id\":\"https:\\\/\\\/www.eldiario.net\\\/portal\\\/#website\",\"url\":\"https:\\\/\\\/www.eldiario.net\\\/portal\\\/\",\"name\":\"El Diario - Decano de la prensa nacional\",\"description\":\"El Diario - Decano de la prensa nacional\",\"publisher\":{\"@id\":\"https:\\\/\\\/www.eldiario.net\\\/portal\\\/#organization\"},\"potentialAction\":[{\"@type\":\"SearchAction\",\"target\":{\"@type\":\"EntryPoint\",\"urlTemplate\":\"https:\\\/\\\/www.eldiario.net\\\/portal\\\/?s={search_term_string}\"},\"query-input\":{\"@type\":\"PropertyValueSpecification\",\"valueRequired\":true,\"valueName\":\"search_term_string\"}}],\"inLanguage\":\"es\"},{\"@type\":\"Organization\",\"@id\":\"https:\\\/\\\/www.eldiario.net\\\/portal\\\/#organization\",\"name\":\"El Diario - Decano de la prensa nacional\",\"url\":\"https:\\\/\\\/www.eldiario.net\\\/portal\\\/\",\"logo\":{\"@type\":\"ImageObject\",\"inLanguage\":\"es\",\"@id\":\"https:\\\/\\\/www.eldiario.net\\\/portal\\\/#\\\/schema\\\/logo\\\/image\\\/\",\"url\":\"https:\\\/\\\/www.eldiario.net\\\/portal\\\/wp-content\\\/uploads\\\/2023\\\/07\\\/logo_ED.jpg\",\"contentUrl\":\"https:\\\/\\\/www.eldiario.net\\\/portal\\\/wp-content\\\/uploads\\\/2023\\\/07\\\/logo_ED.jpg\",\"width\":272,\"height\":52,\"caption\":\"El Diario - Decano de la prensa nacional\"},\"image\":{\"@id\":\"https:\\\/\\\/www.eldiario.net\\\/portal\\\/#\\\/schema\\\/logo\\\/image\\\/\"},\"sameAs\":[\"https:\\\/\\\/www.facebook.com\\\/eldiario.bolivia\\\/\",\"https:\\\/\\\/x.com\\\/eldiario_net\"]},{\"@type\":\"Person\",\"@id\":\"https:\\\/\\\/www.eldiario.net\\\/portal\\\/#\\\/schema\\\/person\\\/f46445640444750d7d753ccd04ae01b7\",\"name\":\"Jeanette\",\"image\":{\"@type\":\"ImageObject\",\"inLanguage\":\"es\",\"@id\":\"https:\\\/\\\/secure.gravatar.com\\\/avatar\\\/3ea2118a5f7dad2b7138b1187a6b7ee55f160b9968b66013c3a3ef39dd7e5798?s=96&d=mm&r=g\",\"url\":\"https:\\\/\\\/secure.gravatar.com\\\/avatar\\\/3ea2118a5f7dad2b7138b1187a6b7ee55f160b9968b66013c3a3ef39dd7e5798?s=96&d=mm&r=g\",\"contentUrl\":\"https:\\\/\\\/secure.gravatar.com\\\/avatar\\\/3ea2118a5f7dad2b7138b1187a6b7ee55f160b9968b66013c3a3ef39dd7e5798?s=96&d=mm&r=g\",\"caption\":\"Jeanette\"},\"sameAs\":[\"https:\\\/\\\/www.eldiario.net\\\/portal\"],\"url\":\"https:\\\/\\\/www.eldiario.net\\\/portal\\\/author\\\/jeanette\\\/\"}]}<\/script>\n<!-- \/ Yoast SEO plugin. -->","yoast_head_json":{"title":"Comenz\u00f3 la segunda fase de devoluci\u00f3n de d\u00f3lares - El Diario - Bolivia","robots":{"index":"index","follow":"follow","max-snippet":"max-snippet:-1","max-image-preview":"max-image-preview:large","max-video-preview":"max-video-preview:-1"},"canonical":"https:\/\/www.eldiario.net\/portal\/2026\/07\/16\/comenzo-la-segunda-fase-de-devolucion-de-dolares\/","og_locale":"es_ES","og_type":"article","og_title":"Comenz\u00f3 la segunda fase de devoluci\u00f3n de d\u00f3lares - El Diario - Bolivia","og_description":"En la segunda fase de devoluci\u00f3n de dep\u00f3sitos en d\u00f3lares se entregar\u00e1 al menos 48 millones de d\u00f3lares en efectivo a personas naturales que mantienen sus ahorros en el sistema financiero, seg\u00fan el Banco Central de Bolivia (BCB). El Banco Central de Bolivia, en cumplimiento del cronograma establecido para la devoluci\u00f3n de dep\u00f3sitos en d\u00f3lares [&hellip;]","og_url":"https:\/\/www.eldiario.net\/portal\/2026\/07\/16\/comenzo-la-segunda-fase-de-devolucion-de-dolares\/","og_site_name":"El Diario - Bolivia","article_publisher":"https:\/\/www.facebook.com\/eldiario.bolivia\/","article_published_time":"2026-07-16T12:11:50+00:00","og_image":[{"width":1500,"height":843,"url":"https:\/\/www.eldiario.net\/portal\/wp-content\/uploads\/2026\/07\/DOLARES-FOTO.webp","type":"image\/webp"}],"author":"Jeanette","twitter_card":"summary_large_image","twitter_creator":"@eldiario_net","twitter_site":"@eldiario_net","twitter_misc":{"Escrito por":"Jeanette","Tiempo de lectura":"4 minutos"},"schema":{"@context":"https:\/\/schema.org","@graph":[{"@type":"Article","@id":"https:\/\/www.eldiario.net\/portal\/2026\/07\/16\/comenzo-la-segunda-fase-de-devolucion-de-dolares\/#article","isPartOf":{"@id":"https:\/\/www.eldiario.net\/portal\/2026\/07\/16\/comenzo-la-segunda-fase-de-devolucion-de-dolares\/"},"author":{"name":"Jeanette","@id":"https:\/\/www.eldiario.net\/portal\/#\/schema\/person\/f46445640444750d7d753ccd04ae01b7"},"headline":"Comenz\u00f3 la segunda fase de devoluci\u00f3n de d\u00f3lares","datePublished":"2026-07-16T12:11:50+00:00","mainEntityOfPage":{"@id":"https:\/\/www.eldiario.net\/portal\/2026\/07\/16\/comenzo-la-segunda-fase-de-devolucion-de-dolares\/"},"wordCount":738,"publisher":{"@id":"https:\/\/www.eldiario.net\/portal\/#organization"},"image":{"@id":"https:\/\/www.eldiario.net\/portal\/2026\/07\/16\/comenzo-la-segunda-fase-de-devolucion-de-dolares\/#primaryimage"},"thumbnailUrl":"https:\/\/www.eldiario.net\/portal\/wp-content\/uploads\/2026\/07\/DOLARES-FOTO.webp","articleSection":["Econom\u00eda"],"inLanguage":"es"},{"@type":"WebPage","@id":"https:\/\/www.eldiario.net\/portal\/2026\/07\/16\/comenzo-la-segunda-fase-de-devolucion-de-dolares\/","url":"https:\/\/www.eldiario.net\/portal\/2026\/07\/16\/comenzo-la-segunda-fase-de-devolucion-de-dolares\/","name":"Comenz\u00f3 la segunda fase de devoluci\u00f3n de d\u00f3lares - El Diario - Bolivia","isPartOf":{"@id":"https:\/\/www.eldiario.net\/portal\/#website"},"primaryImageOfPage":{"@id":"https:\/\/www.eldiario.net\/portal\/2026\/07\/16\/comenzo-la-segunda-fase-de-devolucion-de-dolares\/#primaryimage"},"image":{"@id":"https:\/\/www.eldiario.net\/portal\/2026\/07\/16\/comenzo-la-segunda-fase-de-devolucion-de-dolares\/#primaryimage"},"thumbnailUrl":"https:\/\/www.eldiario.net\/portal\/wp-content\/uploads\/2026\/07\/DOLARES-FOTO.webp","datePublished":"2026-07-16T12:11:50+00:00","breadcrumb":{"@id":"https:\/\/www.eldiario.net\/portal\/2026\/07\/16\/comenzo-la-segunda-fase-de-devolucion-de-dolares\/#breadcrumb"},"inLanguage":"es","potentialAction":[{"@type":"ReadAction","target":["https:\/\/www.eldiario.net\/portal\/2026\/07\/16\/comenzo-la-segunda-fase-de-devolucion-de-dolares\/"]}]},{"@type":"ImageObject","inLanguage":"es","@id":"https:\/\/www.eldiario.net\/portal\/2026\/07\/16\/comenzo-la-segunda-fase-de-devolucion-de-dolares\/#primaryimage","url":"https:\/\/www.eldiario.net\/portal\/wp-content\/uploads\/2026\/07\/DOLARES-FOTO.webp","contentUrl":"https:\/\/www.eldiario.net\/portal\/wp-content\/uploads\/2026\/07\/DOLARES-FOTO.webp","width":1500,"height":843,"caption":"D\u00f3lares. Comenz\u00f3 la segunda etapa de la devoluci\u00f3n. Foto internet"},{"@type":"BreadcrumbList","@id":"https:\/\/www.eldiario.net\/portal\/2026\/07\/16\/comenzo-la-segunda-fase-de-devolucion-de-dolares\/#breadcrumb","itemListElement":[{"@type":"ListItem","position":1,"name":"Portada","item":"https:\/\/www.eldiario.net\/portal\/"},{"@type":"ListItem","position":2,"name":"Comenz\u00f3 la segunda fase de devoluci\u00f3n de d\u00f3lares"}]},{"@type":"WebSite","@id":"https:\/\/www.eldiario.net\/portal\/#website","url":"https:\/\/www.eldiario.net\/portal\/","name":"El Diario - Decano de la prensa nacional","description":"El Diario - Decano de la prensa nacional","publisher":{"@id":"https:\/\/www.eldiario.net\/portal\/#organization"},"potentialAction":[{"@type":"SearchAction","target":{"@type":"EntryPoint","urlTemplate":"https:\/\/www.eldiario.net\/portal\/?s={search_term_string}"},"query-input":{"@type":"PropertyValueSpecification","valueRequired":true,"valueName":"search_term_string"}}],"inLanguage":"es"},{"@type":"Organization","@id":"https:\/\/www.eldiario.net\/portal\/#organization","name":"El Diario - Decano de la prensa nacional","url":"https:\/\/www.eldiario.net\/portal\/","logo":{"@type":"ImageObject","inLanguage":"es","@id":"https:\/\/www.eldiario.net\/portal\/#\/schema\/logo\/image\/","url":"https:\/\/www.eldiario.net\/portal\/wp-content\/uploads\/2023\/07\/logo_ED.jpg","contentUrl":"https:\/\/www.eldiario.net\/portal\/wp-content\/uploads\/2023\/07\/logo_ED.jpg","width":272,"height":52,"caption":"El Diario - Decano de la prensa nacional"},"image":{"@id":"https:\/\/www.eldiario.net\/portal\/#\/schema\/logo\/image\/"},"sameAs":["https:\/\/www.facebook.com\/eldiario.bolivia\/","https:\/\/x.com\/eldiario_net"]},{"@type":"Person","@id":"https:\/\/www.eldiario.net\/portal\/#\/schema\/person\/f46445640444750d7d753ccd04ae01b7","name":"Jeanette","image":{"@type":"ImageObject","inLanguage":"es","@id":"https:\/\/secure.gravatar.com\/avatar\/3ea2118a5f7dad2b7138b1187a6b7ee55f160b9968b66013c3a3ef39dd7e5798?s=96&d=mm&r=g","url":"https:\/\/secure.gravatar.com\/avatar\/3ea2118a5f7dad2b7138b1187a6b7ee55f160b9968b66013c3a3ef39dd7e5798?s=96&d=mm&r=g","contentUrl":"https:\/\/secure.gravatar.com\/avatar\/3ea2118a5f7dad2b7138b1187a6b7ee55f160b9968b66013c3a3ef39dd7e5798?s=96&d=mm&r=g","caption":"Jeanette"},"sameAs":["https:\/\/www.eldiario.net\/portal"],"url":"https:\/\/www.eldiario.net\/portal\/author\/jeanette\/"}]}},"_links":{"self":[{"href":"https:\/\/www.eldiario.net\/portal\/wp-json\/wp\/v2\/posts\/413172","targetHints":{"allow":["GET"]}}],"collection":[{"href":"https:\/\/www.eldiario.net\/portal\/wp-json\/wp\/v2\/posts"}],"about":[{"href":"https:\/\/www.eldiario.net\/portal\/wp-json\/wp\/v2\/types\/post"}],"author":[{"embeddable":true,"href":"https:\/\/www.eldiario.net\/portal\/wp-json\/wp\/v2\/users\/1"}],"replies":[{"embeddable":true,"href":"https:\/\/www.eldiario.net\/portal\/wp-json\/wp\/v2\/comments?post=413172"}],"version-history":[{"count":1,"href":"https:\/\/www.eldiario.net\/portal\/wp-json\/wp\/v2\/posts\/413172\/revisions"}],"predecessor-version":[{"id":413174,"href":"https:\/\/www.eldiario.net\/portal\/wp-json\/wp\/v2\/posts\/413172\/revisions\/413174"}],"wp:featuredmedia":[{"embeddable":true,"href":"https:\/\/www.eldiario.net\/portal\/wp-json\/wp\/v2\/media\/413173"}],"wp:attachment":[{"href":"https:\/\/www.eldiario.net\/portal\/wp-json\/wp\/v2\/media?parent=413172"}],"wp:term":[{"taxonomy":"category","embeddable":true,"href":"https:\/\/www.eldiario.net\/portal\/wp-json\/wp\/v2\/categories?post=413172"},{"taxonomy":"post_tag","embeddable":true,"href":"https:\/\/www.eldiario.net\/portal\/wp-json\/wp\/v2\/tags?post=413172"}],"curies":[{"name":"wp","href":"https:\/\/api.w.org\/{rel}","templated":true}]}}