{"id":413169,"date":"2026-07-16T08:10:48","date_gmt":"2026-07-16T12:10:48","guid":{"rendered":"https:\/\/www.eldiario.net\/portal\/?p=413169"},"modified":"2026-07-16T08:10:48","modified_gmt":"2026-07-16T12:10:48","slug":"conminan-a-ministerios-a-presentar-un-plan-de-accion-sobre-empresas-publicas-2","status":"publish","type":"post","link":"https:\/\/www.eldiario.net\/portal\/2026\/07\/16\/conminan-a-ministerios-a-presentar-un-plan-de-accion-sobre-empresas-publicas-2\/","title":{"rendered":"Conminan a ministerios a presentar un  plan de acci\u00f3n sobre empresas p\u00fablicas"},"content":{"rendered":"<p>El Consejo Superior para las Empresas P\u00fablicas (Cosep) aprob\u00f3 una resoluci\u00f3n que obliga a cada ministerio a presentar de inmediato un plan de acci\u00f3n sobre las compa\u00f1\u00edas estatales bajo su tuici\u00f3n, inform\u00f3 ayer el ministro de la Presidencia, Jos\u00e9 Luis Lupo.<\/p>\n<p>\u201cSe ha sacado una resoluci\u00f3n de Cosep (\u2026) y ac\u00e1 se ha determinado que cada ministerio que tiene tuici\u00f3n sobre las empresas p\u00fablicas debe presentar inmediatamente un plan de acci\u00f3n sobre ellas\u201d, revel\u00f3 en conferencia de prensa.<\/p>\n<p>Lupo se\u00f1al\u00f3 que el pa\u00eds necesita empresas p\u00fablicas \u201cestrat\u00e9gicas y que funcionen bien\u201d.<\/p>\n<p>\u201c\u00bfLas empresas p\u00fablicas que hoy tenemos est\u00e1n generando valor para los bolivianos o est\u00e1n consumiendo los recursos de los bolivianos? Y la respuesta tambi\u00e9n es clara: no todas son lo mismo, pero est\u00e1n consumiendo los recursos de los bolivianos\u201d, cuestion\u00f3.<\/p>\n<p>Sostuvo que, evidentemente, el pa\u00eds tiene empresas estrat\u00e9gicas que \u201cno se van a privatizar, pero no est\u00e1n bien\u201d.<\/p>\n<p>\u201cEst\u00e1n dando p\u00e9rdidas, hay hechos de corrupci\u00f3n, hay supernumerarios, no est\u00e1n bien. Deben ser reordenadas, deben ser reestructuradas y deben ser transparentadas. Y estas empresas p\u00fablicas tienen que servir a los bolivianos eficiente y transparentemente\u201d, se\u00f1al\u00f3.<\/p>\n<p>Subray\u00f3 tambi\u00e9n: \u201cTenemos otras empresas p\u00fablicas que necesitan una profunda transformaci\u00f3n y que capaz que tienen la posibilidad de salir adelante mediante mecanismos para no simplemente echar a la basura todo lo mal que hicieron antes y tratar de salvarlas\u201d.<\/p>\n<p>Asimismo, existe una tercera categor\u00eda de empresas p\u00fablicas: aquellas que, por su situaci\u00f3n financiera, \u201cdeben desaparecer, no pueden seguir consumiendo recursos de los bolivianos, no pueden seguir exprimiendo los escasos recursos\u201d.<\/p>\n<p>\u201cTenemos que tener, en esta nueva etapa, respuestas claras y concretas en t\u00e9rminos de las empresas p\u00fablicas. Y estas tienen que basarse en tres aspectos fundamentales: resultados, transparencia y sostenibilidad\u201d, sostuvo.<\/p>\n<p>A\u00f1adi\u00f3 que las firmas p\u00fablicas que no tengan resultados, transparencia y sostenibilidad deben ser sometidas a otro tipo de programas. En ese marco, el Gobierno nacional plantea al menos cinco principios: recuperar la disciplina financiera; fortalecer la gobernanza corporativa; distinguir claramente entre empresas estrat\u00e9gicas, empresas viables que requieren reestructuraci\u00f3n y aquellas que ya no cumplen el prop\u00f3sito econ\u00f3mico y social y \u201cdeben ser cerradas\u201d.<\/p>\n<p>\u201cCuarto, evaluar permanentemente estos resultados. Cada empresa p\u00fablica debe demostrar que genera valor para el pa\u00eds y que utiliza responsablemente los recursos. Y, finalmente, hay que recuperar la confianza de la ciudadan\u00eda. La transparencia ya no es una opci\u00f3n, es una obligaci\u00f3n democr\u00e1tica que debe cumplirse\u201d, enfatiz\u00f3 Lupo. ABI<\/p>\n","protected":false},"excerpt":{"rendered":"<p>El Consejo Superior para las Empresas P\u00fablicas (Cosep) aprob\u00f3 una resoluci\u00f3n que obliga a cada ministerio a presentar de inmediato un plan de acci\u00f3n sobre las compa\u00f1\u00edas estatales bajo su tuici\u00f3n, inform\u00f3 ayer el ministro de la Presidencia, Jos\u00e9 Luis Lupo. \u201cSe ha sacado una resoluci\u00f3n de Cosep (\u2026) y ac\u00e1 se ha determinado que [&hellip;]<\/p>\n","protected":false},"author":1,"featured_media":413170,"comment_status":"closed","ping_status":"open","sticky":false,"template":"","format":"standard","meta":{"_acf_changed":false,"footnotes":""},"categories":[7],"tags":[],"class_list":["post-413169","post","type-post","status-publish","format-standard","has-post-thumbnail","category-economia"],"acf":{"antetitulo":""},"yoast_head":"<!-- This site is optimized with the Yoast SEO plugin v28.4 - https:\/\/yoast.com\/product\/yoast-seo-wordpress\/ -->\n<title>Conminan a ministerios a presentar un plan de acci\u00f3n sobre empresas p\u00fablicas - El Diario - Bolivia<\/title>\n<meta name=\"robots\" content=\"index, follow, max-snippet:-1, max-image-preview:large, max-video-preview:-1\" \/>\n<link rel=\"canonical\" href=\"https:\/\/www.eldiario.net\/portal\/2026\/07\/16\/conminan-a-ministerios-a-presentar-un-plan-de-accion-sobre-empresas-publicas-2\/\" \/>\n<meta property=\"og:locale\" content=\"es_ES\" \/>\n<meta property=\"og:type\" content=\"article\" \/>\n<meta property=\"og:title\" content=\"Conminan a ministerios a presentar un plan de acci\u00f3n sobre empresas p\u00fablicas - El Diario - Bolivia\" \/>\n<meta property=\"og:description\" content=\"El Consejo Superior para las Empresas P\u00fablicas (Cosep) aprob\u00f3 una resoluci\u00f3n que obliga a cada ministerio a presentar de inmediato un plan de acci\u00f3n sobre las compa\u00f1\u00edas estatales bajo su tuici\u00f3n, inform\u00f3 ayer el ministro de la Presidencia, Jos\u00e9 Luis Lupo. \u201cSe ha sacado una resoluci\u00f3n de Cosep (\u2026) y ac\u00e1 se ha determinado que [&hellip;]\" \/>\n<meta property=\"og:url\" content=\"https:\/\/www.eldiario.net\/portal\/2026\/07\/16\/conminan-a-ministerios-a-presentar-un-plan-de-accion-sobre-empresas-publicas-2\/\" \/>\n<meta property=\"og:site_name\" content=\"El Diario - Bolivia\" \/>\n<meta property=\"article:publisher\" content=\"https:\/\/www.facebook.com\/eldiario.bolivia\/\" \/>\n<meta property=\"article:published_time\" content=\"2026-07-16T12:10:48+00:00\" \/>\n<meta property=\"og:image\" content=\"https:\/\/www.eldiario.net\/portal\/wp-content\/uploads\/2026\/07\/LUPO-FOTO.webp\" \/>\n\t<meta property=\"og:image:width\" content=\"2560\" \/>\n\t<meta property=\"og:image:height\" content=\"1246\" \/>\n\t<meta property=\"og:image:type\" content=\"image\/webp\" \/>\n<meta name=\"author\" content=\"Jeanette\" \/>\n<meta name=\"twitter:card\" content=\"summary_large_image\" \/>\n<meta name=\"twitter:creator\" content=\"@eldiario_net\" \/>\n<meta name=\"twitter:site\" content=\"@eldiario_net\" \/>\n<meta name=\"twitter:label1\" content=\"Escrito por\" \/>\n\t<meta name=\"twitter:data1\" content=\"Jeanette\" \/>\n\t<meta name=\"twitter:label2\" content=\"Tiempo de lectura\" \/>\n\t<meta name=\"twitter:data2\" content=\"3 minutos\" \/>\n<script type=\"application\/ld+json\" class=\"yoast-schema-graph\">{\"@context\":\"https:\\\/\\\/schema.org\",\"@graph\":[{\"@type\":\"Article\",\"@id\":\"https:\\\/\\\/www.eldiario.net\\\/portal\\\/2026\\\/07\\\/16\\\/conminan-a-ministerios-a-presentar-un-plan-de-accion-sobre-empresas-publicas-2\\\/#article\",\"isPartOf\":{\"@id\":\"https:\\\/\\\/www.eldiario.net\\\/portal\\\/2026\\\/07\\\/16\\\/conminan-a-ministerios-a-presentar-un-plan-de-accion-sobre-empresas-publicas-2\\\/\"},\"author\":{\"name\":\"Jeanette\",\"@id\":\"https:\\\/\\\/www.eldiario.net\\\/portal\\\/#\\\/schema\\\/person\\\/f46445640444750d7d753ccd04ae01b7\"},\"headline\":\"Conminan a ministerios a presentar un plan de acci\u00f3n sobre empresas p\u00fablicas\",\"datePublished\":\"2026-07-16T12:10:48+00:00\",\"mainEntityOfPage\":{\"@id\":\"https:\\\/\\\/www.eldiario.net\\\/portal\\\/2026\\\/07\\\/16\\\/conminan-a-ministerios-a-presentar-un-plan-de-accion-sobre-empresas-publicas-2\\\/\"},\"wordCount\":460,\"publisher\":{\"@id\":\"https:\\\/\\\/www.eldiario.net\\\/portal\\\/#organization\"},\"image\":{\"@id\":\"https:\\\/\\\/www.eldiario.net\\\/portal\\\/2026\\\/07\\\/16\\\/conminan-a-ministerios-a-presentar-un-plan-de-accion-sobre-empresas-publicas-2\\\/#primaryimage\"},\"thumbnailUrl\":\"https:\\\/\\\/www.eldiario.net\\\/portal\\\/wp-content\\\/uploads\\\/2026\\\/07\\\/LUPO-FOTO.webp\",\"articleSection\":[\"Econom\u00eda\"],\"inLanguage\":\"es\"},{\"@type\":\"WebPage\",\"@id\":\"https:\\\/\\\/www.eldiario.net\\\/portal\\\/2026\\\/07\\\/16\\\/conminan-a-ministerios-a-presentar-un-plan-de-accion-sobre-empresas-publicas-2\\\/\",\"url\":\"https:\\\/\\\/www.eldiario.net\\\/portal\\\/2026\\\/07\\\/16\\\/conminan-a-ministerios-a-presentar-un-plan-de-accion-sobre-empresas-publicas-2\\\/\",\"name\":\"Conminan a ministerios a presentar un plan de acci\u00f3n sobre empresas p\u00fablicas - El Diario - Bolivia\",\"isPartOf\":{\"@id\":\"https:\\\/\\\/www.eldiario.net\\\/portal\\\/#website\"},\"primaryImageOfPage\":{\"@id\":\"https:\\\/\\\/www.eldiario.net\\\/portal\\\/2026\\\/07\\\/16\\\/conminan-a-ministerios-a-presentar-un-plan-de-accion-sobre-empresas-publicas-2\\\/#primaryimage\"},\"image\":{\"@id\":\"https:\\\/\\\/www.eldiario.net\\\/portal\\\/2026\\\/07\\\/16\\\/conminan-a-ministerios-a-presentar-un-plan-de-accion-sobre-empresas-publicas-2\\\/#primaryimage\"},\"thumbnailUrl\":\"https:\\\/\\\/www.eldiario.net\\\/portal\\\/wp-content\\\/uploads\\\/2026\\\/07\\\/LUPO-FOTO.webp\",\"datePublished\":\"2026-07-16T12:10:48+00:00\",\"breadcrumb\":{\"@id\":\"https:\\\/\\\/www.eldiario.net\\\/portal\\\/2026\\\/07\\\/16\\\/conminan-a-ministerios-a-presentar-un-plan-de-accion-sobre-empresas-publicas-2\\\/#breadcrumb\"},\"inLanguage\":\"es\",\"potentialAction\":[{\"@type\":\"ReadAction\",\"target\":[\"https:\\\/\\\/www.eldiario.net\\\/portal\\\/2026\\\/07\\\/16\\\/conminan-a-ministerios-a-presentar-un-plan-de-accion-sobre-empresas-publicas-2\\\/\"]}]},{\"@type\":\"ImageObject\",\"inLanguage\":\"es\",\"@id\":\"https:\\\/\\\/www.eldiario.net\\\/portal\\\/2026\\\/07\\\/16\\\/conminan-a-ministerios-a-presentar-un-plan-de-accion-sobre-empresas-publicas-2\\\/#primaryimage\",\"url\":\"https:\\\/\\\/www.eldiario.net\\\/portal\\\/wp-content\\\/uploads\\\/2026\\\/07\\\/LUPO-FOTO.webp\",\"contentUrl\":\"https:\\\/\\\/www.eldiario.net\\\/portal\\\/wp-content\\\/uploads\\\/2026\\\/07\\\/LUPO-FOTO.webp\",\"width\":2560,\"height\":1246,\"caption\":\"Ministro de la Presidencia, Jos\u00e9 Luis Lupo. Foto abi\"},{\"@type\":\"BreadcrumbList\",\"@id\":\"https:\\\/\\\/www.eldiario.net\\\/portal\\\/2026\\\/07\\\/16\\\/conminan-a-ministerios-a-presentar-un-plan-de-accion-sobre-empresas-publicas-2\\\/#breadcrumb\",\"itemListElement\":[{\"@type\":\"ListItem\",\"position\":1,\"name\":\"Portada\",\"item\":\"https:\\\/\\\/www.eldiario.net\\\/portal\\\/\"},{\"@type\":\"ListItem\",\"position\":2,\"name\":\"Conminan a ministerios a presentar un plan de acci\u00f3n sobre empresas p\u00fablicas\"}]},{\"@type\":\"WebSite\",\"@id\":\"https:\\\/\\\/www.eldiario.net\\\/portal\\\/#website\",\"url\":\"https:\\\/\\\/www.eldiario.net\\\/portal\\\/\",\"name\":\"El Diario - Decano de la prensa nacional\",\"description\":\"El Diario - Decano de la prensa nacional\",\"publisher\":{\"@id\":\"https:\\\/\\\/www.eldiario.net\\\/portal\\\/#organization\"},\"potentialAction\":[{\"@type\":\"SearchAction\",\"target\":{\"@type\":\"EntryPoint\",\"urlTemplate\":\"https:\\\/\\\/www.eldiario.net\\\/portal\\\/?s={search_term_string}\"},\"query-input\":{\"@type\":\"PropertyValueSpecification\",\"valueRequired\":true,\"valueName\":\"search_term_string\"}}],\"inLanguage\":\"es\"},{\"@type\":\"Organization\",\"@id\":\"https:\\\/\\\/www.eldiario.net\\\/portal\\\/#organization\",\"name\":\"El Diario - Decano de la prensa nacional\",\"url\":\"https:\\\/\\\/www.eldiario.net\\\/portal\\\/\",\"logo\":{\"@type\":\"ImageObject\",\"inLanguage\":\"es\",\"@id\":\"https:\\\/\\\/www.eldiario.net\\\/portal\\\/#\\\/schema\\\/logo\\\/image\\\/\",\"url\":\"https:\\\/\\\/www.eldiario.net\\\/portal\\\/wp-content\\\/uploads\\\/2023\\\/07\\\/logo_ED.jpg\",\"contentUrl\":\"https:\\\/\\\/www.eldiario.net\\\/portal\\\/wp-content\\\/uploads\\\/2023\\\/07\\\/logo_ED.jpg\",\"width\":272,\"height\":52,\"caption\":\"El Diario - Decano de la prensa nacional\"},\"image\":{\"@id\":\"https:\\\/\\\/www.eldiario.net\\\/portal\\\/#\\\/schema\\\/logo\\\/image\\\/\"},\"sameAs\":[\"https:\\\/\\\/www.facebook.com\\\/eldiario.bolivia\\\/\",\"https:\\\/\\\/x.com\\\/eldiario_net\"]},{\"@type\":\"Person\",\"@id\":\"https:\\\/\\\/www.eldiario.net\\\/portal\\\/#\\\/schema\\\/person\\\/f46445640444750d7d753ccd04ae01b7\",\"name\":\"Jeanette\",\"image\":{\"@type\":\"ImageObject\",\"inLanguage\":\"es\",\"@id\":\"https:\\\/\\\/secure.gravatar.com\\\/avatar\\\/3ea2118a5f7dad2b7138b1187a6b7ee55f160b9968b66013c3a3ef39dd7e5798?s=96&d=mm&r=g\",\"url\":\"https:\\\/\\\/secure.gravatar.com\\\/avatar\\\/3ea2118a5f7dad2b7138b1187a6b7ee55f160b9968b66013c3a3ef39dd7e5798?s=96&d=mm&r=g\",\"contentUrl\":\"https:\\\/\\\/secure.gravatar.com\\\/avatar\\\/3ea2118a5f7dad2b7138b1187a6b7ee55f160b9968b66013c3a3ef39dd7e5798?s=96&d=mm&r=g\",\"caption\":\"Jeanette\"},\"sameAs\":[\"https:\\\/\\\/www.eldiario.net\\\/portal\"],\"url\":\"https:\\\/\\\/www.eldiario.net\\\/portal\\\/author\\\/jeanette\\\/\"}]}<\/script>\n<!-- \/ Yoast SEO plugin. -->","yoast_head_json":{"title":"Conminan a ministerios a presentar un plan de acci\u00f3n sobre empresas p\u00fablicas - El Diario - Bolivia","robots":{"index":"index","follow":"follow","max-snippet":"max-snippet:-1","max-image-preview":"max-image-preview:large","max-video-preview":"max-video-preview:-1"},"canonical":"https:\/\/www.eldiario.net\/portal\/2026\/07\/16\/conminan-a-ministerios-a-presentar-un-plan-de-accion-sobre-empresas-publicas-2\/","og_locale":"es_ES","og_type":"article","og_title":"Conminan a ministerios a presentar un plan de acci\u00f3n sobre empresas p\u00fablicas - El Diario - Bolivia","og_description":"El Consejo Superior para las Empresas P\u00fablicas (Cosep) aprob\u00f3 una resoluci\u00f3n que obliga a cada ministerio a presentar de inmediato un plan de acci\u00f3n sobre las compa\u00f1\u00edas estatales bajo su tuici\u00f3n, inform\u00f3 ayer el ministro de la Presidencia, Jos\u00e9 Luis Lupo. \u201cSe ha sacado una resoluci\u00f3n de Cosep (\u2026) y ac\u00e1 se ha determinado que [&hellip;]","og_url":"https:\/\/www.eldiario.net\/portal\/2026\/07\/16\/conminan-a-ministerios-a-presentar-un-plan-de-accion-sobre-empresas-publicas-2\/","og_site_name":"El Diario - Bolivia","article_publisher":"https:\/\/www.facebook.com\/eldiario.bolivia\/","article_published_time":"2026-07-16T12:10:48+00:00","og_image":[{"width":2560,"height":1246,"url":"https:\/\/www.eldiario.net\/portal\/wp-content\/uploads\/2026\/07\/LUPO-FOTO.webp","type":"image\/webp"}],"author":"Jeanette","twitter_card":"summary_large_image","twitter_creator":"@eldiario_net","twitter_site":"@eldiario_net","twitter_misc":{"Escrito por":"Jeanette","Tiempo de lectura":"3 minutos"},"schema":{"@context":"https:\/\/schema.org","@graph":[{"@type":"Article","@id":"https:\/\/www.eldiario.net\/portal\/2026\/07\/16\/conminan-a-ministerios-a-presentar-un-plan-de-accion-sobre-empresas-publicas-2\/#article","isPartOf":{"@id":"https:\/\/www.eldiario.net\/portal\/2026\/07\/16\/conminan-a-ministerios-a-presentar-un-plan-de-accion-sobre-empresas-publicas-2\/"},"author":{"name":"Jeanette","@id":"https:\/\/www.eldiario.net\/portal\/#\/schema\/person\/f46445640444750d7d753ccd04ae01b7"},"headline":"Conminan a ministerios a presentar un plan de acci\u00f3n sobre empresas p\u00fablicas","datePublished":"2026-07-16T12:10:48+00:00","mainEntityOfPage":{"@id":"https:\/\/www.eldiario.net\/portal\/2026\/07\/16\/conminan-a-ministerios-a-presentar-un-plan-de-accion-sobre-empresas-publicas-2\/"},"wordCount":460,"publisher":{"@id":"https:\/\/www.eldiario.net\/portal\/#organization"},"image":{"@id":"https:\/\/www.eldiario.net\/portal\/2026\/07\/16\/conminan-a-ministerios-a-presentar-un-plan-de-accion-sobre-empresas-publicas-2\/#primaryimage"},"thumbnailUrl":"https:\/\/www.eldiario.net\/portal\/wp-content\/uploads\/2026\/07\/LUPO-FOTO.webp","articleSection":["Econom\u00eda"],"inLanguage":"es"},{"@type":"WebPage","@id":"https:\/\/www.eldiario.net\/portal\/2026\/07\/16\/conminan-a-ministerios-a-presentar-un-plan-de-accion-sobre-empresas-publicas-2\/","url":"https:\/\/www.eldiario.net\/portal\/2026\/07\/16\/conminan-a-ministerios-a-presentar-un-plan-de-accion-sobre-empresas-publicas-2\/","name":"Conminan a ministerios a presentar un plan de acci\u00f3n sobre empresas p\u00fablicas - El Diario - Bolivia","isPartOf":{"@id":"https:\/\/www.eldiario.net\/portal\/#website"},"primaryImageOfPage":{"@id":"https:\/\/www.eldiario.net\/portal\/2026\/07\/16\/conminan-a-ministerios-a-presentar-un-plan-de-accion-sobre-empresas-publicas-2\/#primaryimage"},"image":{"@id":"https:\/\/www.eldiario.net\/portal\/2026\/07\/16\/conminan-a-ministerios-a-presentar-un-plan-de-accion-sobre-empresas-publicas-2\/#primaryimage"},"thumbnailUrl":"https:\/\/www.eldiario.net\/portal\/wp-content\/uploads\/2026\/07\/LUPO-FOTO.webp","datePublished":"2026-07-16T12:10:48+00:00","breadcrumb":{"@id":"https:\/\/www.eldiario.net\/portal\/2026\/07\/16\/conminan-a-ministerios-a-presentar-un-plan-de-accion-sobre-empresas-publicas-2\/#breadcrumb"},"inLanguage":"es","potentialAction":[{"@type":"ReadAction","target":["https:\/\/www.eldiario.net\/portal\/2026\/07\/16\/conminan-a-ministerios-a-presentar-un-plan-de-accion-sobre-empresas-publicas-2\/"]}]},{"@type":"ImageObject","inLanguage":"es","@id":"https:\/\/www.eldiario.net\/portal\/2026\/07\/16\/conminan-a-ministerios-a-presentar-un-plan-de-accion-sobre-empresas-publicas-2\/#primaryimage","url":"https:\/\/www.eldiario.net\/portal\/wp-content\/uploads\/2026\/07\/LUPO-FOTO.webp","contentUrl":"https:\/\/www.eldiario.net\/portal\/wp-content\/uploads\/2026\/07\/LUPO-FOTO.webp","width":2560,"height":1246,"caption":"Ministro de la Presidencia, Jos\u00e9 Luis Lupo. Foto abi"},{"@type":"BreadcrumbList","@id":"https:\/\/www.eldiario.net\/portal\/2026\/07\/16\/conminan-a-ministerios-a-presentar-un-plan-de-accion-sobre-empresas-publicas-2\/#breadcrumb","itemListElement":[{"@type":"ListItem","position":1,"name":"Portada","item":"https:\/\/www.eldiario.net\/portal\/"},{"@type":"ListItem","position":2,"name":"Conminan a ministerios a presentar un plan de acci\u00f3n sobre empresas p\u00fablicas"}]},{"@type":"WebSite","@id":"https:\/\/www.eldiario.net\/portal\/#website","url":"https:\/\/www.eldiario.net\/portal\/","name":"El Diario - Decano de la prensa nacional","description":"El Diario - Decano de la prensa nacional","publisher":{"@id":"https:\/\/www.eldiario.net\/portal\/#organization"},"potentialAction":[{"@type":"SearchAction","target":{"@type":"EntryPoint","urlTemplate":"https:\/\/www.eldiario.net\/portal\/?s={search_term_string}"},"query-input":{"@type":"PropertyValueSpecification","valueRequired":true,"valueName":"search_term_string"}}],"inLanguage":"es"},{"@type":"Organization","@id":"https:\/\/www.eldiario.net\/portal\/#organization","name":"El Diario - Decano de la prensa nacional","url":"https:\/\/www.eldiario.net\/portal\/","logo":{"@type":"ImageObject","inLanguage":"es","@id":"https:\/\/www.eldiario.net\/portal\/#\/schema\/logo\/image\/","url":"https:\/\/www.eldiario.net\/portal\/wp-content\/uploads\/2023\/07\/logo_ED.jpg","contentUrl":"https:\/\/www.eldiario.net\/portal\/wp-content\/uploads\/2023\/07\/logo_ED.jpg","width":272,"height":52,"caption":"El Diario - Decano de la prensa nacional"},"image":{"@id":"https:\/\/www.eldiario.net\/portal\/#\/schema\/logo\/image\/"},"sameAs":["https:\/\/www.facebook.com\/eldiario.bolivia\/","https:\/\/x.com\/eldiario_net"]},{"@type":"Person","@id":"https:\/\/www.eldiario.net\/portal\/#\/schema\/person\/f46445640444750d7d753ccd04ae01b7","name":"Jeanette","image":{"@type":"ImageObject","inLanguage":"es","@id":"https:\/\/secure.gravatar.com\/avatar\/3ea2118a5f7dad2b7138b1187a6b7ee55f160b9968b66013c3a3ef39dd7e5798?s=96&d=mm&r=g","url":"https:\/\/secure.gravatar.com\/avatar\/3ea2118a5f7dad2b7138b1187a6b7ee55f160b9968b66013c3a3ef39dd7e5798?s=96&d=mm&r=g","contentUrl":"https:\/\/secure.gravatar.com\/avatar\/3ea2118a5f7dad2b7138b1187a6b7ee55f160b9968b66013c3a3ef39dd7e5798?s=96&d=mm&r=g","caption":"Jeanette"},"sameAs":["https:\/\/www.eldiario.net\/portal"],"url":"https:\/\/www.eldiario.net\/portal\/author\/jeanette\/"}]}},"_links":{"self":[{"href":"https:\/\/www.eldiario.net\/portal\/wp-json\/wp\/v2\/posts\/413169","targetHints":{"allow":["GET"]}}],"collection":[{"href":"https:\/\/www.eldiario.net\/portal\/wp-json\/wp\/v2\/posts"}],"about":[{"href":"https:\/\/www.eldiario.net\/portal\/wp-json\/wp\/v2\/types\/post"}],"author":[{"embeddable":true,"href":"https:\/\/www.eldiario.net\/portal\/wp-json\/wp\/v2\/users\/1"}],"replies":[{"embeddable":true,"href":"https:\/\/www.eldiario.net\/portal\/wp-json\/wp\/v2\/comments?post=413169"}],"version-history":[{"count":1,"href":"https:\/\/www.eldiario.net\/portal\/wp-json\/wp\/v2\/posts\/413169\/revisions"}],"predecessor-version":[{"id":413171,"href":"https:\/\/www.eldiario.net\/portal\/wp-json\/wp\/v2\/posts\/413169\/revisions\/413171"}],"wp:featuredmedia":[{"embeddable":true,"href":"https:\/\/www.eldiario.net\/portal\/wp-json\/wp\/v2\/media\/413170"}],"wp:attachment":[{"href":"https:\/\/www.eldiario.net\/portal\/wp-json\/wp\/v2\/media?parent=413169"}],"wp:term":[{"taxonomy":"category","embeddable":true,"href":"https:\/\/www.eldiario.net\/portal\/wp-json\/wp\/v2\/categories?post=413169"},{"taxonomy":"post_tag","embeddable":true,"href":"https:\/\/www.eldiario.net\/portal\/wp-json\/wp\/v2\/tags?post=413169"}],"curies":[{"name":"wp","href":"https:\/\/api.w.org\/{rel}","templated":true}]}}