{"id":413078,"date":"2026-07-16T07:38:57","date_gmt":"2026-07-16T11:38:57","guid":{"rendered":"https:\/\/www.eldiario.net\/portal\/?p=413078"},"modified":"2026-07-16T07:38:57","modified_gmt":"2026-07-16T11:38:57","slug":"gobierno-detecta-a-15-empresas-publicas-en-estado-critico","status":"publish","type":"post","link":"https:\/\/www.eldiario.net\/portal\/2026\/07\/16\/gobierno-detecta-a-15-empresas-publicas-en-estado-critico\/","title":{"rendered":"Gobierno detecta a 15 empresas p\u00fablicas \u201cen estado cr\u00edtico\u201d"},"content":{"rendered":"<p>El Gobierno identific\u00f3 a 15 empresas estatales calificadas \u201cen estado cr\u00edtico o de mayor riesgo\u201d, debido a las p\u00e9rdidas que han producido en la variaci\u00f3n de su patrimonio cuando fueron creadas por anteriores administraciones. En la lista destacan Yacimientos de Litio Bolivianos (YLB), MI Telef\u00e9rico, Boliviana de Aviaci\u00f3n (BoA) y otras conocidas del \u00e1mbito nacional.<\/p>\n<p>Los datos fueron presentados por la Oficina T\u00e9cnica para el Fortalecimiento de la Empresa P\u00fablica (OFEP), dependiente del Ministerio de la Presidencia.<\/p>\n<p>Seg\u00fan las cifras, las empresas p\u00fablicas registran p\u00e9rdidas de 12,7 mil millones de bolivianos, de los cuales 5,1 mil millones corresponden a las 15 de mayor riesgo.<\/p>\n<p>En la lista est\u00e1n Etasa, que es filial de ENDE para Argentina; Yacana que se cre\u00f3 para el rubro textil; YLB; la Metal\u00fargica Karachipampa; la tecnol\u00f3gica Quipus; TAM; la Empresa Boliviana de Industrializaci\u00f3n de Hidrocarburos (EBIH); la azucarera de San Buenaventura; la empresa Mut\u00fan; B-Agro; la Empresa Boliviana de Alimentos (EBA); la empresa de producci\u00f3n de semillas; la Empresa Estatal de Producci\u00f3n y Comercializaci\u00f3n del Oro (Epcoro); la aerol\u00ednea BoA; adem\u00e1s de Mi Telef\u00e9rico.<\/p>\n<p>En el caso de Mi Telef\u00e9rico, el registro se\u00f1ala que acumula p\u00e9rdidas de 2.039 millones de bolivianos. Le sigue BoA con p\u00e9rdidas de 485 millones y YLB con 473 millones.<\/p>\n<p>La presentaci\u00f3n resalta que empresas p\u00fablicas recibieron cr\u00e9ditos, aportes de capital y donaciones por 26 mil millones de bolivianos.<\/p>\n<p>\u201cM\u00e1s que un error hist\u00f3rico fue una estafa hist\u00f3rica para el pa\u00eds con los n\u00fameros que acabamos de ver, 26 mil millones de bolivianos. Son cifras inimaginables y si ponemos eso en t\u00e9rminos de hospitales, de educaci\u00f3n, de programas de lucha contra la pobreza, es algo que realmente es inaceptable, ha sido una gran estafa para el pa\u00eds\u201d, manifest\u00f3 el ministro Jos\u00e9 Luis Lupo.<\/p>\n<p>El director de la OFEP, Pablo Camacho, ironiz\u00f3 con que Bolivia deber\u00eda estar en los Guinness, porque es el \u00fanico pa\u00eds que gener\u00f3 p\u00e9rdida con una empresa de intermediaci\u00f3n de oro, as\u00ed como B-Agro que tiene p\u00e9rdidas cuando el sector agr\u00edcola del oriente tiene utilidades.<\/p>\n<p>\u201cEse es el resultado de la ideolog\u00eda sobre la econom\u00eda\u201d, dijo el funcionario, a tiempo de lamentar que anteriores administraciones hayan gastado en publicidad \u201cpara hacernos creer que Bolivia iba a ser industrializada\u201d.<\/p>\n<p>El ministro Lupo explic\u00f3 que las empresas p\u00fablicas estrat\u00e9gicas deben permanecer en manos del Estado, pero deben ser reestructuradas, reordenadas y transparentadas. Sin embargo, indic\u00f3 que \u201cun peque\u00f1o grupo\u201d de las empresas puede pasar en asociaciones p\u00fablico y privadas.<\/p>\n<p>En cuanto al resto de empresas, dijo que \u201cest\u00e1n consumiendo el recurso de todos los bolivianos, por tanto, debe parar esa hemorragia y deben ser cerradas mediante este plan de acci\u00f3n que corresponde a cada ministerio seg\u00fan la tuici\u00f3n que tengan\u201d.<\/p>\n<p>En el caso de YLB, Lupo dijo que es una \u201cempresa estrat\u00e9gica totalmente deficitaria\u201d, pero que tampoco puede ser cerrada dado que los recursos evapor\u00edticos y el litio constituyen un sector estrat\u00e9gico para el pa\u00eds. No obstante, anunci\u00f3 que ser\u00e1 reestructurada y se har\u00e1n auditor\u00edas para determinar responsabilidades por el gasto que no ha dado ning\u00fan beneficio al pa\u00eds. (Erbol)<\/p>\n","protected":false},"excerpt":{"rendered":"<p>El Gobierno identific\u00f3 a 15 empresas estatales calificadas \u201cen estado cr\u00edtico o de mayor riesgo\u201d, debido a las p\u00e9rdidas que han producido en la variaci\u00f3n de su patrimonio cuando fueron creadas por anteriores administraciones. En la lista destacan Yacimientos de Litio Bolivianos (YLB), MI Telef\u00e9rico, Boliviana de Aviaci\u00f3n (BoA) y otras conocidas del \u00e1mbito nacional. [&hellip;]<\/p>\n","protected":false},"author":1,"featured_media":413079,"comment_status":"closed","ping_status":"open","sticky":false,"template":"","format":"standard","meta":{"_acf_changed":false,"footnotes":""},"categories":[15],"tags":[],"class_list":["post-413078","post","type-post","status-publish","format-standard","has-post-thumbnail","category-portada"],"acf":{"antetitulo":"Desde YLB a Mi Telef\u00e9rico"},"yoast_head":"<!-- This site is optimized with the Yoast SEO plugin v28.4 - https:\/\/yoast.com\/product\/yoast-seo-wordpress\/ -->\n<title>Gobierno detecta a 15 empresas p\u00fablicas \u201cen estado cr\u00edtico\u201d - El Diario - Bolivia<\/title>\n<meta name=\"robots\" content=\"index, follow, max-snippet:-1, max-image-preview:large, max-video-preview:-1\" \/>\n<link rel=\"canonical\" href=\"https:\/\/www.eldiario.net\/portal\/2026\/07\/16\/gobierno-detecta-a-15-empresas-publicas-en-estado-critico\/\" \/>\n<meta property=\"og:locale\" content=\"es_ES\" \/>\n<meta property=\"og:type\" content=\"article\" \/>\n<meta property=\"og:title\" content=\"Gobierno detecta a 15 empresas p\u00fablicas \u201cen estado cr\u00edtico\u201d - El Diario - Bolivia\" \/>\n<meta property=\"og:description\" content=\"El Gobierno identific\u00f3 a 15 empresas estatales calificadas \u201cen estado cr\u00edtico o de mayor riesgo\u201d, debido a las p\u00e9rdidas que han producido en la variaci\u00f3n de su patrimonio cuando fueron creadas por anteriores administraciones. En la lista destacan Yacimientos de Litio Bolivianos (YLB), MI Telef\u00e9rico, Boliviana de Aviaci\u00f3n (BoA) y otras conocidas del \u00e1mbito nacional. [&hellip;]\" \/>\n<meta property=\"og:url\" content=\"https:\/\/www.eldiario.net\/portal\/2026\/07\/16\/gobierno-detecta-a-15-empresas-publicas-en-estado-critico\/\" \/>\n<meta property=\"og:site_name\" content=\"El Diario - Bolivia\" \/>\n<meta property=\"article:publisher\" content=\"https:\/\/www.facebook.com\/eldiario.bolivia\/\" \/>\n<meta property=\"article:published_time\" content=\"2026-07-16T11:38:57+00:00\" \/>\n<meta property=\"og:image\" content=\"https:\/\/www.eldiario.net\/portal\/wp-content\/uploads\/2026\/07\/EMPRESAS-FOTO.webp\" \/>\n\t<meta property=\"og:image:width\" content=\"1119\" \/>\n\t<meta property=\"og:image:height\" content=\"658\" \/>\n\t<meta property=\"og:image:type\" content=\"image\/webp\" \/>\n<meta name=\"author\" content=\"Jeanette\" \/>\n<meta name=\"twitter:card\" content=\"summary_large_image\" \/>\n<meta name=\"twitter:creator\" content=\"@eldiario_net\" \/>\n<meta name=\"twitter:site\" content=\"@eldiario_net\" \/>\n<meta name=\"twitter:label1\" content=\"Escrito por\" \/>\n\t<meta name=\"twitter:data1\" content=\"Jeanette\" \/>\n\t<meta name=\"twitter:label2\" content=\"Tiempo de lectura\" \/>\n\t<meta name=\"twitter:data2\" content=\"3 minutos\" \/>\n<script type=\"application\/ld+json\" class=\"yoast-schema-graph\">{\"@context\":\"https:\\\/\\\/schema.org\",\"@graph\":[{\"@type\":\"Article\",\"@id\":\"https:\\\/\\\/www.eldiario.net\\\/portal\\\/2026\\\/07\\\/16\\\/gobierno-detecta-a-15-empresas-publicas-en-estado-critico\\\/#article\",\"isPartOf\":{\"@id\":\"https:\\\/\\\/www.eldiario.net\\\/portal\\\/2026\\\/07\\\/16\\\/gobierno-detecta-a-15-empresas-publicas-en-estado-critico\\\/\"},\"author\":{\"name\":\"Jeanette\",\"@id\":\"https:\\\/\\\/www.eldiario.net\\\/portal\\\/#\\\/schema\\\/person\\\/2c57cf2b7a7ae032e449e4c9b1019eac\"},\"headline\":\"Gobierno detecta a 15 empresas p\u00fablicas \u201cen estado cr\u00edtico\u201d\",\"datePublished\":\"2026-07-16T11:38:57+00:00\",\"mainEntityOfPage\":{\"@id\":\"https:\\\/\\\/www.eldiario.net\\\/portal\\\/2026\\\/07\\\/16\\\/gobierno-detecta-a-15-empresas-publicas-en-estado-critico\\\/\"},\"wordCount\":570,\"publisher\":{\"@id\":\"https:\\\/\\\/www.eldiario.net\\\/portal\\\/#organization\"},\"image\":{\"@id\":\"https:\\\/\\\/www.eldiario.net\\\/portal\\\/2026\\\/07\\\/16\\\/gobierno-detecta-a-15-empresas-publicas-en-estado-critico\\\/#primaryimage\"},\"thumbnailUrl\":\"https:\\\/\\\/www.eldiario.net\\\/portal\\\/wp-content\\\/uploads\\\/2026\\\/07\\\/EMPRESAS-FOTO.webp\",\"articleSection\":[\"Portada\"],\"inLanguage\":\"es\"},{\"@type\":\"WebPage\",\"@id\":\"https:\\\/\\\/www.eldiario.net\\\/portal\\\/2026\\\/07\\\/16\\\/gobierno-detecta-a-15-empresas-publicas-en-estado-critico\\\/\",\"url\":\"https:\\\/\\\/www.eldiario.net\\\/portal\\\/2026\\\/07\\\/16\\\/gobierno-detecta-a-15-empresas-publicas-en-estado-critico\\\/\",\"name\":\"Gobierno detecta a 15 empresas p\u00fablicas \u201cen estado cr\u00edtico\u201d - El Diario - Bolivia\",\"isPartOf\":{\"@id\":\"https:\\\/\\\/www.eldiario.net\\\/portal\\\/#website\"},\"primaryImageOfPage\":{\"@id\":\"https:\\\/\\\/www.eldiario.net\\\/portal\\\/2026\\\/07\\\/16\\\/gobierno-detecta-a-15-empresas-publicas-en-estado-critico\\\/#primaryimage\"},\"image\":{\"@id\":\"https:\\\/\\\/www.eldiario.net\\\/portal\\\/2026\\\/07\\\/16\\\/gobierno-detecta-a-15-empresas-publicas-en-estado-critico\\\/#primaryimage\"},\"thumbnailUrl\":\"https:\\\/\\\/www.eldiario.net\\\/portal\\\/wp-content\\\/uploads\\\/2026\\\/07\\\/EMPRESAS-FOTO.webp\",\"datePublished\":\"2026-07-16T11:38:57+00:00\",\"breadcrumb\":{\"@id\":\"https:\\\/\\\/www.eldiario.net\\\/portal\\\/2026\\\/07\\\/16\\\/gobierno-detecta-a-15-empresas-publicas-en-estado-critico\\\/#breadcrumb\"},\"inLanguage\":\"es\",\"potentialAction\":[{\"@type\":\"ReadAction\",\"target\":[\"https:\\\/\\\/www.eldiario.net\\\/portal\\\/2026\\\/07\\\/16\\\/gobierno-detecta-a-15-empresas-publicas-en-estado-critico\\\/\"]}]},{\"@type\":\"ImageObject\",\"inLanguage\":\"es\",\"@id\":\"https:\\\/\\\/www.eldiario.net\\\/portal\\\/2026\\\/07\\\/16\\\/gobierno-detecta-a-15-empresas-publicas-en-estado-critico\\\/#primaryimage\",\"url\":\"https:\\\/\\\/www.eldiario.net\\\/portal\\\/wp-content\\\/uploads\\\/2026\\\/07\\\/EMPRESAS-FOTO.webp\",\"contentUrl\":\"https:\\\/\\\/www.eldiario.net\\\/portal\\\/wp-content\\\/uploads\\\/2026\\\/07\\\/EMPRESAS-FOTO.webp\",\"width\":1119,\"height\":658,\"caption\":\"Autoridades gubernamentales se\u00f1alaron que las empresas estrat\u00e9gicas deber\u00e1n reestructurarse, pero otras podr\u00edan cerrarse. Foto: Erbol\"},{\"@type\":\"BreadcrumbList\",\"@id\":\"https:\\\/\\\/www.eldiario.net\\\/portal\\\/2026\\\/07\\\/16\\\/gobierno-detecta-a-15-empresas-publicas-en-estado-critico\\\/#breadcrumb\",\"itemListElement\":[{\"@type\":\"ListItem\",\"position\":1,\"name\":\"Portada\",\"item\":\"https:\\\/\\\/www.eldiario.net\\\/portal\\\/\"},{\"@type\":\"ListItem\",\"position\":2,\"name\":\"Gobierno detecta a 15 empresas p\u00fablicas \u201cen estado cr\u00edtico\u201d\"}]},{\"@type\":\"WebSite\",\"@id\":\"https:\\\/\\\/www.eldiario.net\\\/portal\\\/#website\",\"url\":\"https:\\\/\\\/www.eldiario.net\\\/portal\\\/\",\"name\":\"El Diario - Decano de la prensa nacional\",\"description\":\"El Diario - Decano de la prensa nacional\",\"publisher\":{\"@id\":\"https:\\\/\\\/www.eldiario.net\\\/portal\\\/#organization\"},\"potentialAction\":[{\"@type\":\"SearchAction\",\"target\":{\"@type\":\"EntryPoint\",\"urlTemplate\":\"https:\\\/\\\/www.eldiario.net\\\/portal\\\/?s={search_term_string}\"},\"query-input\":{\"@type\":\"PropertyValueSpecification\",\"valueRequired\":true,\"valueName\":\"search_term_string\"}}],\"inLanguage\":\"es\"},{\"@type\":\"Organization\",\"@id\":\"https:\\\/\\\/www.eldiario.net\\\/portal\\\/#organization\",\"name\":\"El Diario - Decano de la prensa nacional\",\"url\":\"https:\\\/\\\/www.eldiario.net\\\/portal\\\/\",\"logo\":{\"@type\":\"ImageObject\",\"inLanguage\":\"es\",\"@id\":\"https:\\\/\\\/www.eldiario.net\\\/portal\\\/#\\\/schema\\\/logo\\\/image\\\/\",\"url\":\"https:\\\/\\\/www.eldiario.net\\\/portal\\\/wp-content\\\/uploads\\\/2023\\\/07\\\/logo_ED.jpg\",\"contentUrl\":\"https:\\\/\\\/www.eldiario.net\\\/portal\\\/wp-content\\\/uploads\\\/2023\\\/07\\\/logo_ED.jpg\",\"width\":272,\"height\":52,\"caption\":\"El Diario - Decano de la prensa nacional\"},\"image\":{\"@id\":\"https:\\\/\\\/www.eldiario.net\\\/portal\\\/#\\\/schema\\\/logo\\\/image\\\/\"},\"sameAs\":[\"https:\\\/\\\/www.facebook.com\\\/eldiario.bolivia\\\/\",\"https:\\\/\\\/x.com\\\/eldiario_net\"]},{\"@type\":\"Person\",\"@id\":\"https:\\\/\\\/www.eldiario.net\\\/portal\\\/#\\\/schema\\\/person\\\/2c57cf2b7a7ae032e449e4c9b1019eac\",\"name\":\"Jeanette\",\"image\":{\"@type\":\"ImageObject\",\"inLanguage\":\"es\",\"@id\":\"https:\\\/\\\/secure.gravatar.com\\\/avatar\\\/3ea2118a5f7dad2b7138b1187a6b7ee55f160b9968b66013c3a3ef39dd7e5798?s=96&d=mm&r=g\",\"url\":\"https:\\\/\\\/secure.gravatar.com\\\/avatar\\\/3ea2118a5f7dad2b7138b1187a6b7ee55f160b9968b66013c3a3ef39dd7e5798?s=96&d=mm&r=g\",\"contentUrl\":\"https:\\\/\\\/secure.gravatar.com\\\/avatar\\\/3ea2118a5f7dad2b7138b1187a6b7ee55f160b9968b66013c3a3ef39dd7e5798?s=96&d=mm&r=g\",\"caption\":\"Jeanette\"},\"sameAs\":[\"https:\\\/\\\/www.eldiario.net\\\/portal\"],\"url\":\"https:\\\/\\\/www.eldiario.net\\\/portal\\\/author\\\/jeanette\\\/\"}]}<\/script>\n<!-- \/ Yoast SEO plugin. -->","yoast_head_json":{"title":"Gobierno detecta a 15 empresas p\u00fablicas \u201cen estado cr\u00edtico\u201d - El Diario - Bolivia","robots":{"index":"index","follow":"follow","max-snippet":"max-snippet:-1","max-image-preview":"max-image-preview:large","max-video-preview":"max-video-preview:-1"},"canonical":"https:\/\/www.eldiario.net\/portal\/2026\/07\/16\/gobierno-detecta-a-15-empresas-publicas-en-estado-critico\/","og_locale":"es_ES","og_type":"article","og_title":"Gobierno detecta a 15 empresas p\u00fablicas \u201cen estado cr\u00edtico\u201d - El Diario - Bolivia","og_description":"El Gobierno identific\u00f3 a 15 empresas estatales calificadas \u201cen estado cr\u00edtico o de mayor riesgo\u201d, debido a las p\u00e9rdidas que han producido en la variaci\u00f3n de su patrimonio cuando fueron creadas por anteriores administraciones. En la lista destacan Yacimientos de Litio Bolivianos (YLB), MI Telef\u00e9rico, Boliviana de Aviaci\u00f3n (BoA) y otras conocidas del \u00e1mbito nacional. [&hellip;]","og_url":"https:\/\/www.eldiario.net\/portal\/2026\/07\/16\/gobierno-detecta-a-15-empresas-publicas-en-estado-critico\/","og_site_name":"El Diario - Bolivia","article_publisher":"https:\/\/www.facebook.com\/eldiario.bolivia\/","article_published_time":"2026-07-16T11:38:57+00:00","og_image":[{"width":1119,"height":658,"url":"https:\/\/www.eldiario.net\/portal\/wp-content\/uploads\/2026\/07\/EMPRESAS-FOTO.webp","type":"image\/webp"}],"author":"Jeanette","twitter_card":"summary_large_image","twitter_creator":"@eldiario_net","twitter_site":"@eldiario_net","twitter_misc":{"Escrito por":"Jeanette","Tiempo de lectura":"3 minutos"},"schema":{"@context":"https:\/\/schema.org","@graph":[{"@type":"Article","@id":"https:\/\/www.eldiario.net\/portal\/2026\/07\/16\/gobierno-detecta-a-15-empresas-publicas-en-estado-critico\/#article","isPartOf":{"@id":"https:\/\/www.eldiario.net\/portal\/2026\/07\/16\/gobierno-detecta-a-15-empresas-publicas-en-estado-critico\/"},"author":{"name":"Jeanette","@id":"https:\/\/www.eldiario.net\/portal\/#\/schema\/person\/2c57cf2b7a7ae032e449e4c9b1019eac"},"headline":"Gobierno detecta a 15 empresas p\u00fablicas \u201cen estado cr\u00edtico\u201d","datePublished":"2026-07-16T11:38:57+00:00","mainEntityOfPage":{"@id":"https:\/\/www.eldiario.net\/portal\/2026\/07\/16\/gobierno-detecta-a-15-empresas-publicas-en-estado-critico\/"},"wordCount":570,"publisher":{"@id":"https:\/\/www.eldiario.net\/portal\/#organization"},"image":{"@id":"https:\/\/www.eldiario.net\/portal\/2026\/07\/16\/gobierno-detecta-a-15-empresas-publicas-en-estado-critico\/#primaryimage"},"thumbnailUrl":"https:\/\/www.eldiario.net\/portal\/wp-content\/uploads\/2026\/07\/EMPRESAS-FOTO.webp","articleSection":["Portada"],"inLanguage":"es"},{"@type":"WebPage","@id":"https:\/\/www.eldiario.net\/portal\/2026\/07\/16\/gobierno-detecta-a-15-empresas-publicas-en-estado-critico\/","url":"https:\/\/www.eldiario.net\/portal\/2026\/07\/16\/gobierno-detecta-a-15-empresas-publicas-en-estado-critico\/","name":"Gobierno detecta a 15 empresas p\u00fablicas \u201cen estado cr\u00edtico\u201d - El Diario - Bolivia","isPartOf":{"@id":"https:\/\/www.eldiario.net\/portal\/#website"},"primaryImageOfPage":{"@id":"https:\/\/www.eldiario.net\/portal\/2026\/07\/16\/gobierno-detecta-a-15-empresas-publicas-en-estado-critico\/#primaryimage"},"image":{"@id":"https:\/\/www.eldiario.net\/portal\/2026\/07\/16\/gobierno-detecta-a-15-empresas-publicas-en-estado-critico\/#primaryimage"},"thumbnailUrl":"https:\/\/www.eldiario.net\/portal\/wp-content\/uploads\/2026\/07\/EMPRESAS-FOTO.webp","datePublished":"2026-07-16T11:38:57+00:00","breadcrumb":{"@id":"https:\/\/www.eldiario.net\/portal\/2026\/07\/16\/gobierno-detecta-a-15-empresas-publicas-en-estado-critico\/#breadcrumb"},"inLanguage":"es","potentialAction":[{"@type":"ReadAction","target":["https:\/\/www.eldiario.net\/portal\/2026\/07\/16\/gobierno-detecta-a-15-empresas-publicas-en-estado-critico\/"]}]},{"@type":"ImageObject","inLanguage":"es","@id":"https:\/\/www.eldiario.net\/portal\/2026\/07\/16\/gobierno-detecta-a-15-empresas-publicas-en-estado-critico\/#primaryimage","url":"https:\/\/www.eldiario.net\/portal\/wp-content\/uploads\/2026\/07\/EMPRESAS-FOTO.webp","contentUrl":"https:\/\/www.eldiario.net\/portal\/wp-content\/uploads\/2026\/07\/EMPRESAS-FOTO.webp","width":1119,"height":658,"caption":"Autoridades gubernamentales se\u00f1alaron que las empresas estrat\u00e9gicas deber\u00e1n reestructurarse, pero otras podr\u00edan cerrarse. Foto: Erbol"},{"@type":"BreadcrumbList","@id":"https:\/\/www.eldiario.net\/portal\/2026\/07\/16\/gobierno-detecta-a-15-empresas-publicas-en-estado-critico\/#breadcrumb","itemListElement":[{"@type":"ListItem","position":1,"name":"Portada","item":"https:\/\/www.eldiario.net\/portal\/"},{"@type":"ListItem","position":2,"name":"Gobierno detecta a 15 empresas p\u00fablicas \u201cen estado cr\u00edtico\u201d"}]},{"@type":"WebSite","@id":"https:\/\/www.eldiario.net\/portal\/#website","url":"https:\/\/www.eldiario.net\/portal\/","name":"El Diario - Decano de la prensa nacional","description":"El Diario - Decano de la prensa nacional","publisher":{"@id":"https:\/\/www.eldiario.net\/portal\/#organization"},"potentialAction":[{"@type":"SearchAction","target":{"@type":"EntryPoint","urlTemplate":"https:\/\/www.eldiario.net\/portal\/?s={search_term_string}"},"query-input":{"@type":"PropertyValueSpecification","valueRequired":true,"valueName":"search_term_string"}}],"inLanguage":"es"},{"@type":"Organization","@id":"https:\/\/www.eldiario.net\/portal\/#organization","name":"El Diario - Decano de la prensa nacional","url":"https:\/\/www.eldiario.net\/portal\/","logo":{"@type":"ImageObject","inLanguage":"es","@id":"https:\/\/www.eldiario.net\/portal\/#\/schema\/logo\/image\/","url":"https:\/\/www.eldiario.net\/portal\/wp-content\/uploads\/2023\/07\/logo_ED.jpg","contentUrl":"https:\/\/www.eldiario.net\/portal\/wp-content\/uploads\/2023\/07\/logo_ED.jpg","width":272,"height":52,"caption":"El Diario - Decano de la prensa nacional"},"image":{"@id":"https:\/\/www.eldiario.net\/portal\/#\/schema\/logo\/image\/"},"sameAs":["https:\/\/www.facebook.com\/eldiario.bolivia\/","https:\/\/x.com\/eldiario_net"]},{"@type":"Person","@id":"https:\/\/www.eldiario.net\/portal\/#\/schema\/person\/2c57cf2b7a7ae032e449e4c9b1019eac","name":"Jeanette","image":{"@type":"ImageObject","inLanguage":"es","@id":"https:\/\/secure.gravatar.com\/avatar\/3ea2118a5f7dad2b7138b1187a6b7ee55f160b9968b66013c3a3ef39dd7e5798?s=96&d=mm&r=g","url":"https:\/\/secure.gravatar.com\/avatar\/3ea2118a5f7dad2b7138b1187a6b7ee55f160b9968b66013c3a3ef39dd7e5798?s=96&d=mm&r=g","contentUrl":"https:\/\/secure.gravatar.com\/avatar\/3ea2118a5f7dad2b7138b1187a6b7ee55f160b9968b66013c3a3ef39dd7e5798?s=96&d=mm&r=g","caption":"Jeanette"},"sameAs":["https:\/\/www.eldiario.net\/portal"],"url":"https:\/\/www.eldiario.net\/portal\/author\/jeanette\/"}]}},"_links":{"self":[{"href":"https:\/\/www.eldiario.net\/portal\/wp-json\/wp\/v2\/posts\/413078","targetHints":{"allow":["GET"]}}],"collection":[{"href":"https:\/\/www.eldiario.net\/portal\/wp-json\/wp\/v2\/posts"}],"about":[{"href":"https:\/\/www.eldiario.net\/portal\/wp-json\/wp\/v2\/types\/post"}],"author":[{"embeddable":true,"href":"https:\/\/www.eldiario.net\/portal\/wp-json\/wp\/v2\/users\/1"}],"replies":[{"embeddable":true,"href":"https:\/\/www.eldiario.net\/portal\/wp-json\/wp\/v2\/comments?post=413078"}],"version-history":[{"count":1,"href":"https:\/\/www.eldiario.net\/portal\/wp-json\/wp\/v2\/posts\/413078\/revisions"}],"predecessor-version":[{"id":413080,"href":"https:\/\/www.eldiario.net\/portal\/wp-json\/wp\/v2\/posts\/413078\/revisions\/413080"}],"wp:featuredmedia":[{"embeddable":true,"href":"https:\/\/www.eldiario.net\/portal\/wp-json\/wp\/v2\/media\/413079"}],"wp:attachment":[{"href":"https:\/\/www.eldiario.net\/portal\/wp-json\/wp\/v2\/media?parent=413078"}],"wp:term":[{"taxonomy":"category","embeddable":true,"href":"https:\/\/www.eldiario.net\/portal\/wp-json\/wp\/v2\/categories?post=413078"},{"taxonomy":"post_tag","embeddable":true,"href":"https:\/\/www.eldiario.net\/portal\/wp-json\/wp\/v2\/tags?post=413078"}],"curies":[{"name":"wp","href":"https:\/\/api.w.org\/{rel}","templated":true}]}}