{"id":413075,"date":"2026-07-16T07:38:06","date_gmt":"2026-07-16T11:38:06","guid":{"rendered":"https:\/\/www.eldiario.net\/portal\/?p=413075"},"modified":"2026-07-16T07:38:06","modified_gmt":"2026-07-16T11:38:06","slug":"identifican-a-presunto-reclutador-de-bolivianos-para-guerra-en-rusia","status":"publish","type":"post","link":"https:\/\/www.eldiario.net\/portal\/2026\/07\/16\/identifican-a-presunto-reclutador-de-bolivianos-para-guerra-en-rusia\/","title":{"rendered":"Identifican a presunto reclutador de bolivianos para guerra en Rusia"},"content":{"rendered":"<p>La Polic\u00eda investiga una presunta red que habr\u00eda reclutado a ciudadanos bolivianos mediante falsas ofertas laborales para enviarlos a combatir en Rusia. Mientras ya fue identificado uno de los presuntos reclutadores, la Canciller\u00eda estima que al menos 16 compatriotas se encuentran en la zona del conflicto y activ\u00f3 mecanismos de asistencia consular, aunque a\u00fan no confirma oficialmente el fallecimiento de dos de ellos.<\/p>\n<p>La Fuerza Especial de Lucha Contra el Crimen (Felcc) abri\u00f3 una investigaci\u00f3n de oficio por el presunto delito de trata y tr\u00e1fico de personas, luego de conocerse denuncias de familiares de j\u00f3venes que viajaron a Rusia con la promesa de acceder a trabajos bien remunerados.<\/p>\n<p>El comandante departamental de la Polic\u00eda de Santa Cruz, David G\u00f3mez, inform\u00f3 que uno de los presuntos reclutadores ya fue identificado y que las pesquisas contin\u00faan para establecer la participaci\u00f3n de otros intermediarios. La autoridad explic\u00f3 que la tipificaci\u00f3n del delito podr\u00eda modificarse conforme avancen las investigaciones.<\/p>\n<p>De acuerdo con los primeros indicios, la red captaba a las v\u00edctimas mediante ofertas difundidas en redes sociales, les promet\u00eda salarios de hasta 2.800 d\u00f3lares mensuales y gestionaba la documentaci\u00f3n necesaria para su traslado. Posteriormente, los j\u00f3venes viajaban por v\u00eda terrestre hasta Brasil, desde donde part\u00edan rumbo a Rusia.<\/p>\n<p>Uno de los testimonios clave es el de la madre de un joven de la comunidad Rinc\u00f3n de Palometas, en Santa Cruz, quien logr\u00f3 registrar en video al presunto reclutador el d\u00eda en que un grupo de cinco j\u00f3venes emprend\u00eda el viaje desde la Terminal Bimodal hacia Brasil. La mujer asegur\u00f3 que el hombre, identificado como Amador M\u00e9ndez Arancibia, le garantiz\u00f3 que su hijo viajar\u00eda para trabajar y no para participar en acciones militares.<\/p>\n<p>Seg\u00fan su relato, d\u00edas despu\u00e9s volvi\u00f3 a comunicarse con el supuesto reclutador para conocer el paradero de su hijo. En esa conversaci\u00f3n, afirm\u00f3, el hombre le pidi\u00f3 conseguir un abogado e incluso le solicit\u00f3 1.000 d\u00f3lares para supuestos tr\u00e1mites, dinero con el que la familia no contaba.<\/p>\n<p>Mientras la investigaci\u00f3n policial avanza, el viceministro de Gesti\u00f3n Consular e Institucional, H\u00e9ctor Huanca, inform\u00f3 que, con base en las denuncias presentadas por los familiares, se estima que alrededor de 16 bolivianos se encuentran en la zona del conflicto. Aclar\u00f3 que la cifra a\u00fan no es oficial y que el Gobierno activ\u00f3 los mecanismos de protecci\u00f3n y asistencia consular a trav\u00e9s de la Embajada de Bolivia en Rusia.<\/p>\n<p>Huanca explic\u00f3 adem\u00e1s que el caso se manej\u00f3 inicialmente con reserva a pedido de los familiares, quienes solicitaron confidencialidad para resguardar la seguridad de los bolivianos que podr\u00edan encontrarse en territorio ruso.<\/p>\n<p>Respecto a las versiones sobre el fallecimiento de dos ciudadanos bolivianos, identificados por sus familiares como Jos\u00e9 Mar\u00eda Soleto Ayala e Iv\u00e1n Valdivia, la autoridad indic\u00f3 que a\u00fan no existe una confirmaci\u00f3n oficial y que se espera una respuesta de las autoridades rusas a las gestiones diplom\u00e1ticas realizadas por Bolivia.<\/p>\n<p>En medio de las investigaciones, la Embajada de la Federaci\u00f3n de Rusia en Bolivia neg\u00f3 categ\u00f3ricamente cualquier participaci\u00f3n en un supuesto sistema de reclutamiento de ciudadanos bolivianos y afirm\u00f3 que no mantiene v\u00ednculos con personas u organizaciones dedicadas a ese tipo de actividades. En la misma l\u00ednea, el embajador, Dmitry V\u00e9rchenko, asegur\u00f3 que la misi\u00f3n diplom\u00e1tica no tiene conocimiento sobre un mecanismo de captaci\u00f3n en Bolivia.<\/p>\n<p>Por su parte, el c\u00f3nsul de Ucrania en Brasil, Heorhii Erman, afirm\u00f3 que su pa\u00eds no recluta ciudadanos bolivianos y advirti\u00f3 que desde hace dos a\u00f1os Rusia utiliza contratos fraudulentos para atraer extranjeros al conflicto, por lo que recomend\u00f3 a la poblaci\u00f3n desconfiar de ofertas laborales de ese tipo y verificar siempre su origen.<\/p>\n<p>&nbsp;<\/p>\n","protected":false},"excerpt":{"rendered":"<p>La Polic\u00eda investiga una presunta red que habr\u00eda reclutado a ciudadanos bolivianos mediante falsas ofertas laborales para enviarlos a combatir en Rusia. Mientras ya fue identificado uno de los presuntos reclutadores, la Canciller\u00eda estima que al menos 16 compatriotas se encuentran en la zona del conflicto y activ\u00f3 mecanismos de asistencia consular, aunque a\u00fan no [&hellip;]<\/p>\n","protected":false},"author":1,"featured_media":413076,"comment_status":"closed","ping_status":"open","sticky":false,"template":"","format":"standard","meta":{"_acf_changed":false,"footnotes":""},"categories":[15],"tags":[],"class_list":["post-413075","post","type-post","status-publish","format-standard","has-post-thumbnail","category-portada"],"acf":{"antetitulo":""},"yoast_head":"<!-- This site is optimized with the Yoast SEO plugin v28.4 - https:\/\/yoast.com\/product\/yoast-seo-wordpress\/ -->\n<title>Identifican a presunto reclutador de bolivianos para guerra en Rusia - El Diario - Bolivia<\/title>\n<meta name=\"robots\" content=\"index, follow, max-snippet:-1, max-image-preview:large, max-video-preview:-1\" \/>\n<link rel=\"canonical\" href=\"https:\/\/www.eldiario.net\/portal\/2026\/07\/16\/identifican-a-presunto-reclutador-de-bolivianos-para-guerra-en-rusia\/\" \/>\n<meta property=\"og:locale\" content=\"es_ES\" \/>\n<meta property=\"og:type\" content=\"article\" \/>\n<meta property=\"og:title\" content=\"Identifican a presunto reclutador de bolivianos para guerra en Rusia - El Diario - Bolivia\" \/>\n<meta property=\"og:description\" content=\"La Polic\u00eda investiga una presunta red que habr\u00eda reclutado a ciudadanos bolivianos mediante falsas ofertas laborales para enviarlos a combatir en Rusia. Mientras ya fue identificado uno de los presuntos reclutadores, la Canciller\u00eda estima que al menos 16 compatriotas se encuentran en la zona del conflicto y activ\u00f3 mecanismos de asistencia consular, aunque a\u00fan no [&hellip;]\" \/>\n<meta property=\"og:url\" content=\"https:\/\/www.eldiario.net\/portal\/2026\/07\/16\/identifican-a-presunto-reclutador-de-bolivianos-para-guerra-en-rusia\/\" \/>\n<meta property=\"og:site_name\" content=\"El Diario - Bolivia\" \/>\n<meta property=\"article:publisher\" content=\"https:\/\/www.facebook.com\/eldiario.bolivia\/\" \/>\n<meta property=\"article:published_time\" content=\"2026-07-16T11:38:06+00:00\" \/>\n<meta property=\"og:image\" content=\"https:\/\/www.eldiario.net\/portal\/wp-content\/uploads\/2026\/07\/IDENTI-FOTO.webp\" \/>\n\t<meta property=\"og:image:width\" content=\"1279\" \/>\n\t<meta property=\"og:image:height\" content=\"719\" \/>\n\t<meta property=\"og:image:type\" content=\"image\/webp\" \/>\n<meta name=\"author\" content=\"Jeanette\" \/>\n<meta name=\"twitter:card\" content=\"summary_large_image\" \/>\n<meta name=\"twitter:creator\" content=\"@eldiario_net\" \/>\n<meta name=\"twitter:site\" content=\"@eldiario_net\" \/>\n<meta name=\"twitter:label1\" content=\"Escrito por\" \/>\n\t<meta name=\"twitter:data1\" content=\"Jeanette\" \/>\n\t<meta name=\"twitter:label2\" content=\"Tiempo de lectura\" \/>\n\t<meta name=\"twitter:data2\" content=\"3 minutos\" \/>\n<script type=\"application\/ld+json\" class=\"yoast-schema-graph\">{\"@context\":\"https:\\\/\\\/schema.org\",\"@graph\":[{\"@type\":\"Article\",\"@id\":\"https:\\\/\\\/www.eldiario.net\\\/portal\\\/2026\\\/07\\\/16\\\/identifican-a-presunto-reclutador-de-bolivianos-para-guerra-en-rusia\\\/#article\",\"isPartOf\":{\"@id\":\"https:\\\/\\\/www.eldiario.net\\\/portal\\\/2026\\\/07\\\/16\\\/identifican-a-presunto-reclutador-de-bolivianos-para-guerra-en-rusia\\\/\"},\"author\":{\"name\":\"Jeanette\",\"@id\":\"https:\\\/\\\/www.eldiario.net\\\/portal\\\/#\\\/schema\\\/person\\\/2c57cf2b7a7ae032e449e4c9b1019eac\"},\"headline\":\"Identifican a presunto reclutador de bolivianos para guerra en Rusia\",\"datePublished\":\"2026-07-16T11:38:06+00:00\",\"mainEntityOfPage\":{\"@id\":\"https:\\\/\\\/www.eldiario.net\\\/portal\\\/2026\\\/07\\\/16\\\/identifican-a-presunto-reclutador-de-bolivianos-para-guerra-en-rusia\\\/\"},\"wordCount\":660,\"publisher\":{\"@id\":\"https:\\\/\\\/www.eldiario.net\\\/portal\\\/#organization\"},\"image\":{\"@id\":\"https:\\\/\\\/www.eldiario.net\\\/portal\\\/2026\\\/07\\\/16\\\/identifican-a-presunto-reclutador-de-bolivianos-para-guerra-en-rusia\\\/#primaryimage\"},\"thumbnailUrl\":\"https:\\\/\\\/www.eldiario.net\\\/portal\\\/wp-content\\\/uploads\\\/2026\\\/07\\\/IDENTI-FOTO.webp\",\"articleSection\":[\"Portada\"],\"inLanguage\":\"es\"},{\"@type\":\"WebPage\",\"@id\":\"https:\\\/\\\/www.eldiario.net\\\/portal\\\/2026\\\/07\\\/16\\\/identifican-a-presunto-reclutador-de-bolivianos-para-guerra-en-rusia\\\/\",\"url\":\"https:\\\/\\\/www.eldiario.net\\\/portal\\\/2026\\\/07\\\/16\\\/identifican-a-presunto-reclutador-de-bolivianos-para-guerra-en-rusia\\\/\",\"name\":\"Identifican a presunto reclutador de bolivianos para guerra en Rusia - El Diario - Bolivia\",\"isPartOf\":{\"@id\":\"https:\\\/\\\/www.eldiario.net\\\/portal\\\/#website\"},\"primaryImageOfPage\":{\"@id\":\"https:\\\/\\\/www.eldiario.net\\\/portal\\\/2026\\\/07\\\/16\\\/identifican-a-presunto-reclutador-de-bolivianos-para-guerra-en-rusia\\\/#primaryimage\"},\"image\":{\"@id\":\"https:\\\/\\\/www.eldiario.net\\\/portal\\\/2026\\\/07\\\/16\\\/identifican-a-presunto-reclutador-de-bolivianos-para-guerra-en-rusia\\\/#primaryimage\"},\"thumbnailUrl\":\"https:\\\/\\\/www.eldiario.net\\\/portal\\\/wp-content\\\/uploads\\\/2026\\\/07\\\/IDENTI-FOTO.webp\",\"datePublished\":\"2026-07-16T11:38:06+00:00\",\"breadcrumb\":{\"@id\":\"https:\\\/\\\/www.eldiario.net\\\/portal\\\/2026\\\/07\\\/16\\\/identifican-a-presunto-reclutador-de-bolivianos-para-guerra-en-rusia\\\/#breadcrumb\"},\"inLanguage\":\"es\",\"potentialAction\":[{\"@type\":\"ReadAction\",\"target\":[\"https:\\\/\\\/www.eldiario.net\\\/portal\\\/2026\\\/07\\\/16\\\/identifican-a-presunto-reclutador-de-bolivianos-para-guerra-en-rusia\\\/\"]}]},{\"@type\":\"ImageObject\",\"inLanguage\":\"es\",\"@id\":\"https:\\\/\\\/www.eldiario.net\\\/portal\\\/2026\\\/07\\\/16\\\/identifican-a-presunto-reclutador-de-bolivianos-para-guerra-en-rusia\\\/#primaryimage\",\"url\":\"https:\\\/\\\/www.eldiario.net\\\/portal\\\/wp-content\\\/uploads\\\/2026\\\/07\\\/IDENTI-FOTO.webp\",\"contentUrl\":\"https:\\\/\\\/www.eldiario.net\\\/portal\\\/wp-content\\\/uploads\\\/2026\\\/07\\\/IDENTI-FOTO.webp\",\"width\":1279,\"height\":719,\"caption\":\"Presunto reclutador de bolivianos para la guerra contra Ucrania (izq). Cr\u00e9dito de foto: Composici\u00f3n EL DIARIO\"},{\"@type\":\"BreadcrumbList\",\"@id\":\"https:\\\/\\\/www.eldiario.net\\\/portal\\\/2026\\\/07\\\/16\\\/identifican-a-presunto-reclutador-de-bolivianos-para-guerra-en-rusia\\\/#breadcrumb\",\"itemListElement\":[{\"@type\":\"ListItem\",\"position\":1,\"name\":\"Portada\",\"item\":\"https:\\\/\\\/www.eldiario.net\\\/portal\\\/\"},{\"@type\":\"ListItem\",\"position\":2,\"name\":\"Identifican a presunto reclutador de bolivianos para guerra en Rusia\"}]},{\"@type\":\"WebSite\",\"@id\":\"https:\\\/\\\/www.eldiario.net\\\/portal\\\/#website\",\"url\":\"https:\\\/\\\/www.eldiario.net\\\/portal\\\/\",\"name\":\"El Diario - Decano de la prensa nacional\",\"description\":\"El Diario - Decano de la prensa nacional\",\"publisher\":{\"@id\":\"https:\\\/\\\/www.eldiario.net\\\/portal\\\/#organization\"},\"potentialAction\":[{\"@type\":\"SearchAction\",\"target\":{\"@type\":\"EntryPoint\",\"urlTemplate\":\"https:\\\/\\\/www.eldiario.net\\\/portal\\\/?s={search_term_string}\"},\"query-input\":{\"@type\":\"PropertyValueSpecification\",\"valueRequired\":true,\"valueName\":\"search_term_string\"}}],\"inLanguage\":\"es\"},{\"@type\":\"Organization\",\"@id\":\"https:\\\/\\\/www.eldiario.net\\\/portal\\\/#organization\",\"name\":\"El Diario - Decano de la prensa nacional\",\"url\":\"https:\\\/\\\/www.eldiario.net\\\/portal\\\/\",\"logo\":{\"@type\":\"ImageObject\",\"inLanguage\":\"es\",\"@id\":\"https:\\\/\\\/www.eldiario.net\\\/portal\\\/#\\\/schema\\\/logo\\\/image\\\/\",\"url\":\"https:\\\/\\\/www.eldiario.net\\\/portal\\\/wp-content\\\/uploads\\\/2023\\\/07\\\/logo_ED.jpg\",\"contentUrl\":\"https:\\\/\\\/www.eldiario.net\\\/portal\\\/wp-content\\\/uploads\\\/2023\\\/07\\\/logo_ED.jpg\",\"width\":272,\"height\":52,\"caption\":\"El Diario - Decano de la prensa nacional\"},\"image\":{\"@id\":\"https:\\\/\\\/www.eldiario.net\\\/portal\\\/#\\\/schema\\\/logo\\\/image\\\/\"},\"sameAs\":[\"https:\\\/\\\/www.facebook.com\\\/eldiario.bolivia\\\/\",\"https:\\\/\\\/x.com\\\/eldiario_net\"]},{\"@type\":\"Person\",\"@id\":\"https:\\\/\\\/www.eldiario.net\\\/portal\\\/#\\\/schema\\\/person\\\/2c57cf2b7a7ae032e449e4c9b1019eac\",\"name\":\"Jeanette\",\"image\":{\"@type\":\"ImageObject\",\"inLanguage\":\"es\",\"@id\":\"https:\\\/\\\/secure.gravatar.com\\\/avatar\\\/3ea2118a5f7dad2b7138b1187a6b7ee55f160b9968b66013c3a3ef39dd7e5798?s=96&d=mm&r=g\",\"url\":\"https:\\\/\\\/secure.gravatar.com\\\/avatar\\\/3ea2118a5f7dad2b7138b1187a6b7ee55f160b9968b66013c3a3ef39dd7e5798?s=96&d=mm&r=g\",\"contentUrl\":\"https:\\\/\\\/secure.gravatar.com\\\/avatar\\\/3ea2118a5f7dad2b7138b1187a6b7ee55f160b9968b66013c3a3ef39dd7e5798?s=96&d=mm&r=g\",\"caption\":\"Jeanette\"},\"sameAs\":[\"https:\\\/\\\/www.eldiario.net\\\/portal\"],\"url\":\"https:\\\/\\\/www.eldiario.net\\\/portal\\\/author\\\/jeanette\\\/\"}]}<\/script>\n<!-- \/ Yoast SEO plugin. -->","yoast_head_json":{"title":"Identifican a presunto reclutador de bolivianos para guerra en Rusia - El Diario - Bolivia","robots":{"index":"index","follow":"follow","max-snippet":"max-snippet:-1","max-image-preview":"max-image-preview:large","max-video-preview":"max-video-preview:-1"},"canonical":"https:\/\/www.eldiario.net\/portal\/2026\/07\/16\/identifican-a-presunto-reclutador-de-bolivianos-para-guerra-en-rusia\/","og_locale":"es_ES","og_type":"article","og_title":"Identifican a presunto reclutador de bolivianos para guerra en Rusia - El Diario - Bolivia","og_description":"La Polic\u00eda investiga una presunta red que habr\u00eda reclutado a ciudadanos bolivianos mediante falsas ofertas laborales para enviarlos a combatir en Rusia. Mientras ya fue identificado uno de los presuntos reclutadores, la Canciller\u00eda estima que al menos 16 compatriotas se encuentran en la zona del conflicto y activ\u00f3 mecanismos de asistencia consular, aunque a\u00fan no [&hellip;]","og_url":"https:\/\/www.eldiario.net\/portal\/2026\/07\/16\/identifican-a-presunto-reclutador-de-bolivianos-para-guerra-en-rusia\/","og_site_name":"El Diario - Bolivia","article_publisher":"https:\/\/www.facebook.com\/eldiario.bolivia\/","article_published_time":"2026-07-16T11:38:06+00:00","og_image":[{"width":1279,"height":719,"url":"https:\/\/www.eldiario.net\/portal\/wp-content\/uploads\/2026\/07\/IDENTI-FOTO.webp","type":"image\/webp"}],"author":"Jeanette","twitter_card":"summary_large_image","twitter_creator":"@eldiario_net","twitter_site":"@eldiario_net","twitter_misc":{"Escrito por":"Jeanette","Tiempo de lectura":"3 minutos"},"schema":{"@context":"https:\/\/schema.org","@graph":[{"@type":"Article","@id":"https:\/\/www.eldiario.net\/portal\/2026\/07\/16\/identifican-a-presunto-reclutador-de-bolivianos-para-guerra-en-rusia\/#article","isPartOf":{"@id":"https:\/\/www.eldiario.net\/portal\/2026\/07\/16\/identifican-a-presunto-reclutador-de-bolivianos-para-guerra-en-rusia\/"},"author":{"name":"Jeanette","@id":"https:\/\/www.eldiario.net\/portal\/#\/schema\/person\/2c57cf2b7a7ae032e449e4c9b1019eac"},"headline":"Identifican a presunto reclutador de bolivianos para guerra en Rusia","datePublished":"2026-07-16T11:38:06+00:00","mainEntityOfPage":{"@id":"https:\/\/www.eldiario.net\/portal\/2026\/07\/16\/identifican-a-presunto-reclutador-de-bolivianos-para-guerra-en-rusia\/"},"wordCount":660,"publisher":{"@id":"https:\/\/www.eldiario.net\/portal\/#organization"},"image":{"@id":"https:\/\/www.eldiario.net\/portal\/2026\/07\/16\/identifican-a-presunto-reclutador-de-bolivianos-para-guerra-en-rusia\/#primaryimage"},"thumbnailUrl":"https:\/\/www.eldiario.net\/portal\/wp-content\/uploads\/2026\/07\/IDENTI-FOTO.webp","articleSection":["Portada"],"inLanguage":"es"},{"@type":"WebPage","@id":"https:\/\/www.eldiario.net\/portal\/2026\/07\/16\/identifican-a-presunto-reclutador-de-bolivianos-para-guerra-en-rusia\/","url":"https:\/\/www.eldiario.net\/portal\/2026\/07\/16\/identifican-a-presunto-reclutador-de-bolivianos-para-guerra-en-rusia\/","name":"Identifican a presunto reclutador de bolivianos para guerra en Rusia - El Diario - Bolivia","isPartOf":{"@id":"https:\/\/www.eldiario.net\/portal\/#website"},"primaryImageOfPage":{"@id":"https:\/\/www.eldiario.net\/portal\/2026\/07\/16\/identifican-a-presunto-reclutador-de-bolivianos-para-guerra-en-rusia\/#primaryimage"},"image":{"@id":"https:\/\/www.eldiario.net\/portal\/2026\/07\/16\/identifican-a-presunto-reclutador-de-bolivianos-para-guerra-en-rusia\/#primaryimage"},"thumbnailUrl":"https:\/\/www.eldiario.net\/portal\/wp-content\/uploads\/2026\/07\/IDENTI-FOTO.webp","datePublished":"2026-07-16T11:38:06+00:00","breadcrumb":{"@id":"https:\/\/www.eldiario.net\/portal\/2026\/07\/16\/identifican-a-presunto-reclutador-de-bolivianos-para-guerra-en-rusia\/#breadcrumb"},"inLanguage":"es","potentialAction":[{"@type":"ReadAction","target":["https:\/\/www.eldiario.net\/portal\/2026\/07\/16\/identifican-a-presunto-reclutador-de-bolivianos-para-guerra-en-rusia\/"]}]},{"@type":"ImageObject","inLanguage":"es","@id":"https:\/\/www.eldiario.net\/portal\/2026\/07\/16\/identifican-a-presunto-reclutador-de-bolivianos-para-guerra-en-rusia\/#primaryimage","url":"https:\/\/www.eldiario.net\/portal\/wp-content\/uploads\/2026\/07\/IDENTI-FOTO.webp","contentUrl":"https:\/\/www.eldiario.net\/portal\/wp-content\/uploads\/2026\/07\/IDENTI-FOTO.webp","width":1279,"height":719,"caption":"Presunto reclutador de bolivianos para la guerra contra Ucrania (izq). Cr\u00e9dito de foto: Composici\u00f3n EL DIARIO"},{"@type":"BreadcrumbList","@id":"https:\/\/www.eldiario.net\/portal\/2026\/07\/16\/identifican-a-presunto-reclutador-de-bolivianos-para-guerra-en-rusia\/#breadcrumb","itemListElement":[{"@type":"ListItem","position":1,"name":"Portada","item":"https:\/\/www.eldiario.net\/portal\/"},{"@type":"ListItem","position":2,"name":"Identifican a presunto reclutador de bolivianos para guerra en Rusia"}]},{"@type":"WebSite","@id":"https:\/\/www.eldiario.net\/portal\/#website","url":"https:\/\/www.eldiario.net\/portal\/","name":"El Diario - Decano de la prensa nacional","description":"El Diario - Decano de la prensa nacional","publisher":{"@id":"https:\/\/www.eldiario.net\/portal\/#organization"},"potentialAction":[{"@type":"SearchAction","target":{"@type":"EntryPoint","urlTemplate":"https:\/\/www.eldiario.net\/portal\/?s={search_term_string}"},"query-input":{"@type":"PropertyValueSpecification","valueRequired":true,"valueName":"search_term_string"}}],"inLanguage":"es"},{"@type":"Organization","@id":"https:\/\/www.eldiario.net\/portal\/#organization","name":"El Diario - Decano de la prensa nacional","url":"https:\/\/www.eldiario.net\/portal\/","logo":{"@type":"ImageObject","inLanguage":"es","@id":"https:\/\/www.eldiario.net\/portal\/#\/schema\/logo\/image\/","url":"https:\/\/www.eldiario.net\/portal\/wp-content\/uploads\/2023\/07\/logo_ED.jpg","contentUrl":"https:\/\/www.eldiario.net\/portal\/wp-content\/uploads\/2023\/07\/logo_ED.jpg","width":272,"height":52,"caption":"El Diario - Decano de la prensa nacional"},"image":{"@id":"https:\/\/www.eldiario.net\/portal\/#\/schema\/logo\/image\/"},"sameAs":["https:\/\/www.facebook.com\/eldiario.bolivia\/","https:\/\/x.com\/eldiario_net"]},{"@type":"Person","@id":"https:\/\/www.eldiario.net\/portal\/#\/schema\/person\/2c57cf2b7a7ae032e449e4c9b1019eac","name":"Jeanette","image":{"@type":"ImageObject","inLanguage":"es","@id":"https:\/\/secure.gravatar.com\/avatar\/3ea2118a5f7dad2b7138b1187a6b7ee55f160b9968b66013c3a3ef39dd7e5798?s=96&d=mm&r=g","url":"https:\/\/secure.gravatar.com\/avatar\/3ea2118a5f7dad2b7138b1187a6b7ee55f160b9968b66013c3a3ef39dd7e5798?s=96&d=mm&r=g","contentUrl":"https:\/\/secure.gravatar.com\/avatar\/3ea2118a5f7dad2b7138b1187a6b7ee55f160b9968b66013c3a3ef39dd7e5798?s=96&d=mm&r=g","caption":"Jeanette"},"sameAs":["https:\/\/www.eldiario.net\/portal"],"url":"https:\/\/www.eldiario.net\/portal\/author\/jeanette\/"}]}},"_links":{"self":[{"href":"https:\/\/www.eldiario.net\/portal\/wp-json\/wp\/v2\/posts\/413075","targetHints":{"allow":["GET"]}}],"collection":[{"href":"https:\/\/www.eldiario.net\/portal\/wp-json\/wp\/v2\/posts"}],"about":[{"href":"https:\/\/www.eldiario.net\/portal\/wp-json\/wp\/v2\/types\/post"}],"author":[{"embeddable":true,"href":"https:\/\/www.eldiario.net\/portal\/wp-json\/wp\/v2\/users\/1"}],"replies":[{"embeddable":true,"href":"https:\/\/www.eldiario.net\/portal\/wp-json\/wp\/v2\/comments?post=413075"}],"version-history":[{"count":1,"href":"https:\/\/www.eldiario.net\/portal\/wp-json\/wp\/v2\/posts\/413075\/revisions"}],"predecessor-version":[{"id":413077,"href":"https:\/\/www.eldiario.net\/portal\/wp-json\/wp\/v2\/posts\/413075\/revisions\/413077"}],"wp:featuredmedia":[{"embeddable":true,"href":"https:\/\/www.eldiario.net\/portal\/wp-json\/wp\/v2\/media\/413076"}],"wp:attachment":[{"href":"https:\/\/www.eldiario.net\/portal\/wp-json\/wp\/v2\/media?parent=413075"}],"wp:term":[{"taxonomy":"category","embeddable":true,"href":"https:\/\/www.eldiario.net\/portal\/wp-json\/wp\/v2\/categories?post=413075"},{"taxonomy":"post_tag","embeddable":true,"href":"https:\/\/www.eldiario.net\/portal\/wp-json\/wp\/v2\/tags?post=413075"}],"curies":[{"name":"wp","href":"https:\/\/api.w.org\/{rel}","templated":true}]}}