{"id":413068,"date":"2026-07-16T07:36:46","date_gmt":"2026-07-16T11:36:46","guid":{"rendered":"https:\/\/www.eldiario.net\/portal\/?p=413068"},"modified":"2026-07-16T07:36:46","modified_gmt":"2026-07-16T11:36:46","slug":"desfile-de-teas-resalta-civismo-de-la-poblacion-pacena","status":"publish","type":"post","link":"https:\/\/www.eldiario.net\/portal\/2026\/07\/16\/desfile-de-teas-resalta-civismo-de-la-poblacion-pacena\/","title":{"rendered":"Desfile de teas resalta civismo  de la poblaci\u00f3n pace\u00f1a"},"content":{"rendered":"<p>El desfile de teas el civismo de la poblaci\u00f3n pace\u00f1a durante los actos conmemorativos por los 217 a\u00f1os de la Gesta Libertaria del 16 de julio de 1809, desarrollados en el centro hist\u00f3rico de La Paz.<\/p>\n<p>La actividad realizada ayer estuvo encabezada por el presidente del Estado, Rodrigo Paz Pereira, acompa\u00f1ado por el gobernador Luis Revilla, el alcalde C\u00e9sar Dockweiler, ministros de Estado y otras autoridades nacionales, departamentales y municipales.<\/p>\n<p>Portando teas encendidas, autoridades, instituciones y organizaciones sociales recorrieron las principales calles del centro pace\u00f1o para rendir homenaje a Pedro Domingo Murillo y a los protagonistas del levantamiento revolucionario de 1809.<\/p>\n<p>Antes del inicio de la marcha se realiz\u00f3 la lectura de la Proclama de la Junta Tuitiva y el encendido de la Tea de la Libertad en la hist\u00f3rica Casa de Murillo.<\/p>\n<p>La ceremonia record\u00f3 el movimiento revolucionario de 1809, considerado uno de los primeros levantamientos independentistas del continente, y reuni\u00f3 a autoridades y representantes de diferentes instituciones en una jornada marcada por los s\u00edmbolos c\u00edvicos y el homenaje a los protom\u00e1rtires pace\u00f1os.<\/p>\n<p>La poblaci\u00f3n acompa\u00f1\u00f3 el recorrido y reafirm\u00f3 su compromiso con la preservaci\u00f3n de la memoria hist\u00f3rica y los valores de libertad que caracterizan a la conmemoraci\u00f3n juliana.<\/p>\n<p>Los actos protocolares continuar\u00e1n hoy con la colocaci\u00f3n de ofrendas florales, el izado de banderas, la celebraci\u00f3n del Te Deum, el desfile c\u00edvico-militar y la sesi\u00f3n de honor del Concejo Municipal de La Paz.<\/p>\n<figure id=\"attachment_413070\" aria-describedby=\"caption-attachment-413070\" style=\"width: 1024px\" class=\"wp-caption alignleft\"><img loading=\"lazy\" decoding=\"async\" class=\"size-full wp-image-413070\" src=\"https:\/\/www.eldiario.net\/portal\/wp-content\/uploads\/2026\/07\/RESALTA-FOTO-2.webp\" alt=\"\" width=\"1024\" height=\"682\" srcset=\"https:\/\/www.eldiario.net\/portal\/wp-content\/uploads\/2026\/07\/RESALTA-FOTO-2.webp 1024w, https:\/\/www.eldiario.net\/portal\/wp-content\/uploads\/2026\/07\/RESALTA-FOTO-2-300x200.webp 300w, https:\/\/www.eldiario.net\/portal\/wp-content\/uploads\/2026\/07\/RESALTA-FOTO-2-768x512.webp 768w, https:\/\/www.eldiario.net\/portal\/wp-content\/uploads\/2026\/07\/RESALTA-FOTO-2-631x420.webp 631w, https:\/\/www.eldiario.net\/portal\/wp-content\/uploads\/2026\/07\/RESALTA-FOTO-2-150x100.webp 150w, https:\/\/www.eldiario.net\/portal\/wp-content\/uploads\/2026\/07\/RESALTA-FOTO-2-696x464.webp 696w\" sizes=\"auto, (max-width: 1024px) 100vw, 1024px\" \/><figcaption id=\"caption-attachment-413070\" class=\"wp-caption-text\">Soldados del Regimiento \u201cColorados\u201d a su paso por el palco de honor ayer durante el desfile de teas.<br \/>Foto: APG<\/figcaption><\/figure>\n","protected":false},"excerpt":{"rendered":"<p>El desfile de teas el civismo de la poblaci\u00f3n pace\u00f1a durante los actos conmemorativos por los 217 a\u00f1os de la Gesta Libertaria del 16 de julio de 1809, desarrollados en el centro hist\u00f3rico de La Paz. La actividad realizada ayer estuvo encabezada por el presidente del Estado, Rodrigo Paz Pereira, acompa\u00f1ado por el gobernador Luis [&hellip;]<\/p>\n","protected":false},"author":1,"featured_media":413069,"comment_status":"closed","ping_status":"open","sticky":false,"template":"","format":"standard","meta":{"_acf_changed":false,"footnotes":""},"categories":[15],"tags":[],"class_list":["post-413068","post","type-post","status-publish","format-standard","has-post-thumbnail","category-portada"],"acf":{"antetitulo":""},"yoast_head":"<!-- This site is optimized with the Yoast SEO plugin v28.4 - https:\/\/yoast.com\/product\/yoast-seo-wordpress\/ -->\n<title>Desfile de teas resalta civismo de la poblaci\u00f3n pace\u00f1a - El Diario - Bolivia<\/title>\n<meta name=\"robots\" content=\"index, follow, max-snippet:-1, max-image-preview:large, max-video-preview:-1\" \/>\n<link rel=\"canonical\" href=\"https:\/\/www.eldiario.net\/portal\/2026\/07\/16\/desfile-de-teas-resalta-civismo-de-la-poblacion-pacena\/\" \/>\n<meta property=\"og:locale\" content=\"es_ES\" \/>\n<meta property=\"og:type\" content=\"article\" \/>\n<meta property=\"og:title\" content=\"Desfile de teas resalta civismo de la poblaci\u00f3n pace\u00f1a - El Diario - Bolivia\" \/>\n<meta property=\"og:description\" content=\"El desfile de teas el civismo de la poblaci\u00f3n pace\u00f1a durante los actos conmemorativos por los 217 a\u00f1os de la Gesta Libertaria del 16 de julio de 1809, desarrollados en el centro hist\u00f3rico de La Paz. La actividad realizada ayer estuvo encabezada por el presidente del Estado, Rodrigo Paz Pereira, acompa\u00f1ado por el gobernador Luis [&hellip;]\" \/>\n<meta property=\"og:url\" content=\"https:\/\/www.eldiario.net\/portal\/2026\/07\/16\/desfile-de-teas-resalta-civismo-de-la-poblacion-pacena\/\" \/>\n<meta property=\"og:site_name\" content=\"El Diario - Bolivia\" \/>\n<meta property=\"article:publisher\" content=\"https:\/\/www.facebook.com\/eldiario.bolivia\/\" \/>\n<meta property=\"article:published_time\" content=\"2026-07-16T11:36:46+00:00\" \/>\n<meta property=\"og:image\" content=\"https:\/\/www.eldiario.net\/portal\/wp-content\/uploads\/2026\/07\/RESALTA-FOTO-1.webp\" \/>\n\t<meta property=\"og:image:width\" content=\"1124\" \/>\n\t<meta property=\"og:image:height\" content=\"750\" \/>\n\t<meta property=\"og:image:type\" content=\"image\/webp\" \/>\n<meta name=\"author\" content=\"Jeanette\" \/>\n<meta name=\"twitter:card\" content=\"summary_large_image\" \/>\n<meta name=\"twitter:creator\" content=\"@eldiario_net\" \/>\n<meta name=\"twitter:site\" content=\"@eldiario_net\" \/>\n<meta name=\"twitter:label1\" content=\"Escrito por\" \/>\n\t<meta name=\"twitter:data1\" content=\"Jeanette\" \/>\n\t<meta name=\"twitter:label2\" content=\"Tiempo de lectura\" \/>\n\t<meta name=\"twitter:data2\" content=\"2 minutos\" \/>\n<script type=\"application\/ld+json\" class=\"yoast-schema-graph\">{\"@context\":\"https:\\\/\\\/schema.org\",\"@graph\":[{\"@type\":\"Article\",\"@id\":\"https:\\\/\\\/www.eldiario.net\\\/portal\\\/2026\\\/07\\\/16\\\/desfile-de-teas-resalta-civismo-de-la-poblacion-pacena\\\/#article\",\"isPartOf\":{\"@id\":\"https:\\\/\\\/www.eldiario.net\\\/portal\\\/2026\\\/07\\\/16\\\/desfile-de-teas-resalta-civismo-de-la-poblacion-pacena\\\/\"},\"author\":{\"name\":\"Jeanette\",\"@id\":\"https:\\\/\\\/www.eldiario.net\\\/portal\\\/#\\\/schema\\\/person\\\/2c57cf2b7a7ae032e449e4c9b1019eac\"},\"headline\":\"Desfile de teas resalta civismo de la poblaci\u00f3n pace\u00f1a\",\"datePublished\":\"2026-07-16T11:36:46+00:00\",\"mainEntityOfPage\":{\"@id\":\"https:\\\/\\\/www.eldiario.net\\\/portal\\\/2026\\\/07\\\/16\\\/desfile-de-teas-resalta-civismo-de-la-poblacion-pacena\\\/\"},\"wordCount\":289,\"publisher\":{\"@id\":\"https:\\\/\\\/www.eldiario.net\\\/portal\\\/#organization\"},\"image\":{\"@id\":\"https:\\\/\\\/www.eldiario.net\\\/portal\\\/2026\\\/07\\\/16\\\/desfile-de-teas-resalta-civismo-de-la-poblacion-pacena\\\/#primaryimage\"},\"thumbnailUrl\":\"https:\\\/\\\/www.eldiario.net\\\/portal\\\/wp-content\\\/uploads\\\/2026\\\/07\\\/RESALTA-FOTO-1.webp\",\"articleSection\":[\"Portada\"],\"inLanguage\":\"es\"},{\"@type\":\"WebPage\",\"@id\":\"https:\\\/\\\/www.eldiario.net\\\/portal\\\/2026\\\/07\\\/16\\\/desfile-de-teas-resalta-civismo-de-la-poblacion-pacena\\\/\",\"url\":\"https:\\\/\\\/www.eldiario.net\\\/portal\\\/2026\\\/07\\\/16\\\/desfile-de-teas-resalta-civismo-de-la-poblacion-pacena\\\/\",\"name\":\"Desfile de teas resalta civismo de la poblaci\u00f3n pace\u00f1a - El Diario - Bolivia\",\"isPartOf\":{\"@id\":\"https:\\\/\\\/www.eldiario.net\\\/portal\\\/#website\"},\"primaryImageOfPage\":{\"@id\":\"https:\\\/\\\/www.eldiario.net\\\/portal\\\/2026\\\/07\\\/16\\\/desfile-de-teas-resalta-civismo-de-la-poblacion-pacena\\\/#primaryimage\"},\"image\":{\"@id\":\"https:\\\/\\\/www.eldiario.net\\\/portal\\\/2026\\\/07\\\/16\\\/desfile-de-teas-resalta-civismo-de-la-poblacion-pacena\\\/#primaryimage\"},\"thumbnailUrl\":\"https:\\\/\\\/www.eldiario.net\\\/portal\\\/wp-content\\\/uploads\\\/2026\\\/07\\\/RESALTA-FOTO-1.webp\",\"datePublished\":\"2026-07-16T11:36:46+00:00\",\"breadcrumb\":{\"@id\":\"https:\\\/\\\/www.eldiario.net\\\/portal\\\/2026\\\/07\\\/16\\\/desfile-de-teas-resalta-civismo-de-la-poblacion-pacena\\\/#breadcrumb\"},\"inLanguage\":\"es\",\"potentialAction\":[{\"@type\":\"ReadAction\",\"target\":[\"https:\\\/\\\/www.eldiario.net\\\/portal\\\/2026\\\/07\\\/16\\\/desfile-de-teas-resalta-civismo-de-la-poblacion-pacena\\\/\"]}]},{\"@type\":\"ImageObject\",\"inLanguage\":\"es\",\"@id\":\"https:\\\/\\\/www.eldiario.net\\\/portal\\\/2026\\\/07\\\/16\\\/desfile-de-teas-resalta-civismo-de-la-poblacion-pacena\\\/#primaryimage\",\"url\":\"https:\\\/\\\/www.eldiario.net\\\/portal\\\/wp-content\\\/uploads\\\/2026\\\/07\\\/RESALTA-FOTO-1.webp\",\"contentUrl\":\"https:\\\/\\\/www.eldiario.net\\\/portal\\\/wp-content\\\/uploads\\\/2026\\\/07\\\/RESALTA-FOTO-1.webp\",\"width\":1124,\"height\":750,\"caption\":\"El primer Mandatario, Rodrigo Paz Pereira, enciende la Tea de la Libertad en la Casa de Murillo. Foto: EL DIARIO.\"},{\"@type\":\"BreadcrumbList\",\"@id\":\"https:\\\/\\\/www.eldiario.net\\\/portal\\\/2026\\\/07\\\/16\\\/desfile-de-teas-resalta-civismo-de-la-poblacion-pacena\\\/#breadcrumb\",\"itemListElement\":[{\"@type\":\"ListItem\",\"position\":1,\"name\":\"Portada\",\"item\":\"https:\\\/\\\/www.eldiario.net\\\/portal\\\/\"},{\"@type\":\"ListItem\",\"position\":2,\"name\":\"Desfile de teas resalta civismo de la poblaci\u00f3n pace\u00f1a\"}]},{\"@type\":\"WebSite\",\"@id\":\"https:\\\/\\\/www.eldiario.net\\\/portal\\\/#website\",\"url\":\"https:\\\/\\\/www.eldiario.net\\\/portal\\\/\",\"name\":\"El Diario - Decano de la prensa nacional\",\"description\":\"El Diario - Decano de la prensa nacional\",\"publisher\":{\"@id\":\"https:\\\/\\\/www.eldiario.net\\\/portal\\\/#organization\"},\"potentialAction\":[{\"@type\":\"SearchAction\",\"target\":{\"@type\":\"EntryPoint\",\"urlTemplate\":\"https:\\\/\\\/www.eldiario.net\\\/portal\\\/?s={search_term_string}\"},\"query-input\":{\"@type\":\"PropertyValueSpecification\",\"valueRequired\":true,\"valueName\":\"search_term_string\"}}],\"inLanguage\":\"es\"},{\"@type\":\"Organization\",\"@id\":\"https:\\\/\\\/www.eldiario.net\\\/portal\\\/#organization\",\"name\":\"El Diario - Decano de la prensa nacional\",\"url\":\"https:\\\/\\\/www.eldiario.net\\\/portal\\\/\",\"logo\":{\"@type\":\"ImageObject\",\"inLanguage\":\"es\",\"@id\":\"https:\\\/\\\/www.eldiario.net\\\/portal\\\/#\\\/schema\\\/logo\\\/image\\\/\",\"url\":\"https:\\\/\\\/www.eldiario.net\\\/portal\\\/wp-content\\\/uploads\\\/2023\\\/07\\\/logo_ED.jpg\",\"contentUrl\":\"https:\\\/\\\/www.eldiario.net\\\/portal\\\/wp-content\\\/uploads\\\/2023\\\/07\\\/logo_ED.jpg\",\"width\":272,\"height\":52,\"caption\":\"El Diario - Decano de la prensa nacional\"},\"image\":{\"@id\":\"https:\\\/\\\/www.eldiario.net\\\/portal\\\/#\\\/schema\\\/logo\\\/image\\\/\"},\"sameAs\":[\"https:\\\/\\\/www.facebook.com\\\/eldiario.bolivia\\\/\",\"https:\\\/\\\/x.com\\\/eldiario_net\"]},{\"@type\":\"Person\",\"@id\":\"https:\\\/\\\/www.eldiario.net\\\/portal\\\/#\\\/schema\\\/person\\\/2c57cf2b7a7ae032e449e4c9b1019eac\",\"name\":\"Jeanette\",\"image\":{\"@type\":\"ImageObject\",\"inLanguage\":\"es\",\"@id\":\"https:\\\/\\\/secure.gravatar.com\\\/avatar\\\/3ea2118a5f7dad2b7138b1187a6b7ee55f160b9968b66013c3a3ef39dd7e5798?s=96&d=mm&r=g\",\"url\":\"https:\\\/\\\/secure.gravatar.com\\\/avatar\\\/3ea2118a5f7dad2b7138b1187a6b7ee55f160b9968b66013c3a3ef39dd7e5798?s=96&d=mm&r=g\",\"contentUrl\":\"https:\\\/\\\/secure.gravatar.com\\\/avatar\\\/3ea2118a5f7dad2b7138b1187a6b7ee55f160b9968b66013c3a3ef39dd7e5798?s=96&d=mm&r=g\",\"caption\":\"Jeanette\"},\"sameAs\":[\"https:\\\/\\\/www.eldiario.net\\\/portal\"],\"url\":\"https:\\\/\\\/www.eldiario.net\\\/portal\\\/author\\\/jeanette\\\/\"}]}<\/script>\n<!-- \/ Yoast SEO plugin. -->","yoast_head_json":{"title":"Desfile de teas resalta civismo de la poblaci\u00f3n pace\u00f1a - El Diario - Bolivia","robots":{"index":"index","follow":"follow","max-snippet":"max-snippet:-1","max-image-preview":"max-image-preview:large","max-video-preview":"max-video-preview:-1"},"canonical":"https:\/\/www.eldiario.net\/portal\/2026\/07\/16\/desfile-de-teas-resalta-civismo-de-la-poblacion-pacena\/","og_locale":"es_ES","og_type":"article","og_title":"Desfile de teas resalta civismo de la poblaci\u00f3n pace\u00f1a - El Diario - Bolivia","og_description":"El desfile de teas el civismo de la poblaci\u00f3n pace\u00f1a durante los actos conmemorativos por los 217 a\u00f1os de la Gesta Libertaria del 16 de julio de 1809, desarrollados en el centro hist\u00f3rico de La Paz. La actividad realizada ayer estuvo encabezada por el presidente del Estado, Rodrigo Paz Pereira, acompa\u00f1ado por el gobernador Luis [&hellip;]","og_url":"https:\/\/www.eldiario.net\/portal\/2026\/07\/16\/desfile-de-teas-resalta-civismo-de-la-poblacion-pacena\/","og_site_name":"El Diario - Bolivia","article_publisher":"https:\/\/www.facebook.com\/eldiario.bolivia\/","article_published_time":"2026-07-16T11:36:46+00:00","og_image":[{"width":1124,"height":750,"url":"https:\/\/www.eldiario.net\/portal\/wp-content\/uploads\/2026\/07\/RESALTA-FOTO-1.webp","type":"image\/webp"}],"author":"Jeanette","twitter_card":"summary_large_image","twitter_creator":"@eldiario_net","twitter_site":"@eldiario_net","twitter_misc":{"Escrito por":"Jeanette","Tiempo de lectura":"2 minutos"},"schema":{"@context":"https:\/\/schema.org","@graph":[{"@type":"Article","@id":"https:\/\/www.eldiario.net\/portal\/2026\/07\/16\/desfile-de-teas-resalta-civismo-de-la-poblacion-pacena\/#article","isPartOf":{"@id":"https:\/\/www.eldiario.net\/portal\/2026\/07\/16\/desfile-de-teas-resalta-civismo-de-la-poblacion-pacena\/"},"author":{"name":"Jeanette","@id":"https:\/\/www.eldiario.net\/portal\/#\/schema\/person\/2c57cf2b7a7ae032e449e4c9b1019eac"},"headline":"Desfile de teas resalta civismo de la poblaci\u00f3n pace\u00f1a","datePublished":"2026-07-16T11:36:46+00:00","mainEntityOfPage":{"@id":"https:\/\/www.eldiario.net\/portal\/2026\/07\/16\/desfile-de-teas-resalta-civismo-de-la-poblacion-pacena\/"},"wordCount":289,"publisher":{"@id":"https:\/\/www.eldiario.net\/portal\/#organization"},"image":{"@id":"https:\/\/www.eldiario.net\/portal\/2026\/07\/16\/desfile-de-teas-resalta-civismo-de-la-poblacion-pacena\/#primaryimage"},"thumbnailUrl":"https:\/\/www.eldiario.net\/portal\/wp-content\/uploads\/2026\/07\/RESALTA-FOTO-1.webp","articleSection":["Portada"],"inLanguage":"es"},{"@type":"WebPage","@id":"https:\/\/www.eldiario.net\/portal\/2026\/07\/16\/desfile-de-teas-resalta-civismo-de-la-poblacion-pacena\/","url":"https:\/\/www.eldiario.net\/portal\/2026\/07\/16\/desfile-de-teas-resalta-civismo-de-la-poblacion-pacena\/","name":"Desfile de teas resalta civismo de la poblaci\u00f3n pace\u00f1a - El Diario - Bolivia","isPartOf":{"@id":"https:\/\/www.eldiario.net\/portal\/#website"},"primaryImageOfPage":{"@id":"https:\/\/www.eldiario.net\/portal\/2026\/07\/16\/desfile-de-teas-resalta-civismo-de-la-poblacion-pacena\/#primaryimage"},"image":{"@id":"https:\/\/www.eldiario.net\/portal\/2026\/07\/16\/desfile-de-teas-resalta-civismo-de-la-poblacion-pacena\/#primaryimage"},"thumbnailUrl":"https:\/\/www.eldiario.net\/portal\/wp-content\/uploads\/2026\/07\/RESALTA-FOTO-1.webp","datePublished":"2026-07-16T11:36:46+00:00","breadcrumb":{"@id":"https:\/\/www.eldiario.net\/portal\/2026\/07\/16\/desfile-de-teas-resalta-civismo-de-la-poblacion-pacena\/#breadcrumb"},"inLanguage":"es","potentialAction":[{"@type":"ReadAction","target":["https:\/\/www.eldiario.net\/portal\/2026\/07\/16\/desfile-de-teas-resalta-civismo-de-la-poblacion-pacena\/"]}]},{"@type":"ImageObject","inLanguage":"es","@id":"https:\/\/www.eldiario.net\/portal\/2026\/07\/16\/desfile-de-teas-resalta-civismo-de-la-poblacion-pacena\/#primaryimage","url":"https:\/\/www.eldiario.net\/portal\/wp-content\/uploads\/2026\/07\/RESALTA-FOTO-1.webp","contentUrl":"https:\/\/www.eldiario.net\/portal\/wp-content\/uploads\/2026\/07\/RESALTA-FOTO-1.webp","width":1124,"height":750,"caption":"El primer Mandatario, Rodrigo Paz Pereira, enciende la Tea de la Libertad en la Casa de Murillo. Foto: EL DIARIO."},{"@type":"BreadcrumbList","@id":"https:\/\/www.eldiario.net\/portal\/2026\/07\/16\/desfile-de-teas-resalta-civismo-de-la-poblacion-pacena\/#breadcrumb","itemListElement":[{"@type":"ListItem","position":1,"name":"Portada","item":"https:\/\/www.eldiario.net\/portal\/"},{"@type":"ListItem","position":2,"name":"Desfile de teas resalta civismo de la poblaci\u00f3n pace\u00f1a"}]},{"@type":"WebSite","@id":"https:\/\/www.eldiario.net\/portal\/#website","url":"https:\/\/www.eldiario.net\/portal\/","name":"El Diario - Decano de la prensa nacional","description":"El Diario - Decano de la prensa nacional","publisher":{"@id":"https:\/\/www.eldiario.net\/portal\/#organization"},"potentialAction":[{"@type":"SearchAction","target":{"@type":"EntryPoint","urlTemplate":"https:\/\/www.eldiario.net\/portal\/?s={search_term_string}"},"query-input":{"@type":"PropertyValueSpecification","valueRequired":true,"valueName":"search_term_string"}}],"inLanguage":"es"},{"@type":"Organization","@id":"https:\/\/www.eldiario.net\/portal\/#organization","name":"El Diario - Decano de la prensa nacional","url":"https:\/\/www.eldiario.net\/portal\/","logo":{"@type":"ImageObject","inLanguage":"es","@id":"https:\/\/www.eldiario.net\/portal\/#\/schema\/logo\/image\/","url":"https:\/\/www.eldiario.net\/portal\/wp-content\/uploads\/2023\/07\/logo_ED.jpg","contentUrl":"https:\/\/www.eldiario.net\/portal\/wp-content\/uploads\/2023\/07\/logo_ED.jpg","width":272,"height":52,"caption":"El Diario - Decano de la prensa nacional"},"image":{"@id":"https:\/\/www.eldiario.net\/portal\/#\/schema\/logo\/image\/"},"sameAs":["https:\/\/www.facebook.com\/eldiario.bolivia\/","https:\/\/x.com\/eldiario_net"]},{"@type":"Person","@id":"https:\/\/www.eldiario.net\/portal\/#\/schema\/person\/2c57cf2b7a7ae032e449e4c9b1019eac","name":"Jeanette","image":{"@type":"ImageObject","inLanguage":"es","@id":"https:\/\/secure.gravatar.com\/avatar\/3ea2118a5f7dad2b7138b1187a6b7ee55f160b9968b66013c3a3ef39dd7e5798?s=96&d=mm&r=g","url":"https:\/\/secure.gravatar.com\/avatar\/3ea2118a5f7dad2b7138b1187a6b7ee55f160b9968b66013c3a3ef39dd7e5798?s=96&d=mm&r=g","contentUrl":"https:\/\/secure.gravatar.com\/avatar\/3ea2118a5f7dad2b7138b1187a6b7ee55f160b9968b66013c3a3ef39dd7e5798?s=96&d=mm&r=g","caption":"Jeanette"},"sameAs":["https:\/\/www.eldiario.net\/portal"],"url":"https:\/\/www.eldiario.net\/portal\/author\/jeanette\/"}]}},"_links":{"self":[{"href":"https:\/\/www.eldiario.net\/portal\/wp-json\/wp\/v2\/posts\/413068","targetHints":{"allow":["GET"]}}],"collection":[{"href":"https:\/\/www.eldiario.net\/portal\/wp-json\/wp\/v2\/posts"}],"about":[{"href":"https:\/\/www.eldiario.net\/portal\/wp-json\/wp\/v2\/types\/post"}],"author":[{"embeddable":true,"href":"https:\/\/www.eldiario.net\/portal\/wp-json\/wp\/v2\/users\/1"}],"replies":[{"embeddable":true,"href":"https:\/\/www.eldiario.net\/portal\/wp-json\/wp\/v2\/comments?post=413068"}],"version-history":[{"count":1,"href":"https:\/\/www.eldiario.net\/portal\/wp-json\/wp\/v2\/posts\/413068\/revisions"}],"predecessor-version":[{"id":413071,"href":"https:\/\/www.eldiario.net\/portal\/wp-json\/wp\/v2\/posts\/413068\/revisions\/413071"}],"wp:featuredmedia":[{"embeddable":true,"href":"https:\/\/www.eldiario.net\/portal\/wp-json\/wp\/v2\/media\/413069"}],"wp:attachment":[{"href":"https:\/\/www.eldiario.net\/portal\/wp-json\/wp\/v2\/media?parent=413068"}],"wp:term":[{"taxonomy":"category","embeddable":true,"href":"https:\/\/www.eldiario.net\/portal\/wp-json\/wp\/v2\/categories?post=413068"},{"taxonomy":"post_tag","embeddable":true,"href":"https:\/\/www.eldiario.net\/portal\/wp-json\/wp\/v2\/tags?post=413068"}],"curies":[{"name":"wp","href":"https:\/\/api.w.org\/{rel}","templated":true}]}}