{"id":413065,"date":"2026-07-16T07:35:53","date_gmt":"2026-07-16T11:35:53","guid":{"rendered":"https:\/\/www.eldiario.net\/portal\/?p=413065"},"modified":"2026-07-16T07:35:53","modified_gmt":"2026-07-16T11:35:53","slug":"eeuu-acunara-moneda-de-un-dolar-con-la-imagen-de-trump","status":"publish","type":"post","link":"https:\/\/www.eldiario.net\/portal\/2026\/07\/16\/eeuu-acunara-moneda-de-un-dolar-con-la-imagen-de-trump\/","title":{"rendered":"EEUU acu\u00f1ar\u00e1 moneda de un  d\u00f3lar con la imagen de Trump"},"content":{"rendered":"<p>El secretario del Tesoro de Estados Unidos, Scott Bessent, anunci\u00f3 ayer que la Casa de la Moneda empezar\u00e1 a acu\u00f1ar una moneda de un d\u00f3lar con la imagen del presidente, Donald Trump, que conmemorar\u00e1 los 250 a\u00f1os de la declaraci\u00f3n de independencia estadounidense.<\/p>\n<p>Bessent confirm\u00f3 en un mensaje en redes sociales el hito, que ha enmarcado en las celebraciones por el aniversario en Estados Unidos, como un \u00ablegado perdurable de la libertad\u00bb y \u00abs\u00edmbolo perdurable del patriotismo\u00bb.<\/p>\n<p>\u00abCon la imagen del presidente Trump, celebra la fortaleza de los valores estadounidenses y la promesa de una naci\u00f3n dedicada a preservar la libertad para todos\u00bb, detall\u00f3 el secretario del Tesoro norteamericano.<\/p>\n<p>Este anuncio es uno m\u00e1s de los fastos por el aniversario de Declaraci\u00f3n de Independencia de Estados Unidos, un contexto en el que Donald Trump ha personificado las celebraciones con actos de tintes tradicionalistas y realizados a mayor gloria de su persona.<\/p>\n<p>Hasta ahora, Washington ha anunciado un nuevo pasaporte con su imagen que se suma tambi\u00e9n a un nuevo billete que llevar\u00e1 su efigie. Adem\u00e1s, durante las semanas de celebraciones, el mandatario ha presidido un evento de artes marciales mixtas en la Casa Blanca, y ha remodelado la Explanada Nacional de Washington y prometido la instalaci\u00f3n de un gran \u00abarco del triunfo\u00bb para rematar el paisaje. (Europa Press)<\/p>\n","protected":false},"excerpt":{"rendered":"<p>El secretario del Tesoro de Estados Unidos, Scott Bessent, anunci\u00f3 ayer que la Casa de la Moneda empezar\u00e1 a acu\u00f1ar una moneda de un d\u00f3lar con la imagen del presidente, Donald Trump, que conmemorar\u00e1 los 250 a\u00f1os de la declaraci\u00f3n de independencia estadounidense. Bessent confirm\u00f3 en un mensaje en redes sociales el hito, que ha [&hellip;]<\/p>\n","protected":false},"author":1,"featured_media":413066,"comment_status":"closed","ping_status":"open","sticky":false,"template":"","format":"standard","meta":{"_acf_changed":false,"footnotes":""},"categories":[15],"tags":[],"class_list":["post-413065","post","type-post","status-publish","format-standard","has-post-thumbnail","category-portada"],"acf":{"antetitulo":""},"yoast_head":"<!-- This site is optimized with the Yoast SEO plugin v28.4 - https:\/\/yoast.com\/product\/yoast-seo-wordpress\/ -->\n<title>EEUU acu\u00f1ar\u00e1 moneda de un d\u00f3lar con la imagen de Trump - El Diario - Bolivia<\/title>\n<meta name=\"robots\" content=\"index, follow, max-snippet:-1, max-image-preview:large, max-video-preview:-1\" \/>\n<link rel=\"canonical\" href=\"https:\/\/www.eldiario.net\/portal\/2026\/07\/16\/eeuu-acunara-moneda-de-un-dolar-con-la-imagen-de-trump\/\" \/>\n<meta property=\"og:locale\" content=\"es_ES\" \/>\n<meta property=\"og:type\" content=\"article\" \/>\n<meta property=\"og:title\" content=\"EEUU acu\u00f1ar\u00e1 moneda de un d\u00f3lar con la imagen de Trump - El Diario - Bolivia\" \/>\n<meta property=\"og:description\" content=\"El secretario del Tesoro de Estados Unidos, Scott Bessent, anunci\u00f3 ayer que la Casa de la Moneda empezar\u00e1 a acu\u00f1ar una moneda de un d\u00f3lar con la imagen del presidente, Donald Trump, que conmemorar\u00e1 los 250 a\u00f1os de la declaraci\u00f3n de independencia estadounidense. Bessent confirm\u00f3 en un mensaje en redes sociales el hito, que ha [&hellip;]\" \/>\n<meta property=\"og:url\" content=\"https:\/\/www.eldiario.net\/portal\/2026\/07\/16\/eeuu-acunara-moneda-de-un-dolar-con-la-imagen-de-trump\/\" \/>\n<meta property=\"og:site_name\" content=\"El Diario - Bolivia\" \/>\n<meta property=\"article:publisher\" content=\"https:\/\/www.facebook.com\/eldiario.bolivia\/\" \/>\n<meta property=\"article:published_time\" content=\"2026-07-16T11:35:53+00:00\" \/>\n<meta property=\"og:image\" content=\"https:\/\/www.eldiario.net\/portal\/wp-content\/uploads\/2026\/07\/TRUMP-FOTO-1.webp\" \/>\n\t<meta property=\"og:image:width\" content=\"1536\" \/>\n\t<meta property=\"og:image:height\" content=\"864\" \/>\n\t<meta property=\"og:image:type\" content=\"image\/webp\" \/>\n<meta name=\"author\" content=\"Jeanette\" \/>\n<meta name=\"twitter:card\" content=\"summary_large_image\" \/>\n<meta name=\"twitter:creator\" content=\"@eldiario_net\" \/>\n<meta name=\"twitter:site\" content=\"@eldiario_net\" \/>\n<meta name=\"twitter:label1\" content=\"Escrito por\" \/>\n\t<meta name=\"twitter:data1\" content=\"Jeanette\" \/>\n\t<meta name=\"twitter:label2\" content=\"Tiempo de lectura\" \/>\n\t<meta name=\"twitter:data2\" content=\"2 minutos\" \/>\n<script type=\"application\/ld+json\" class=\"yoast-schema-graph\">{\"@context\":\"https:\\\/\\\/schema.org\",\"@graph\":[{\"@type\":\"Article\",\"@id\":\"https:\\\/\\\/www.eldiario.net\\\/portal\\\/2026\\\/07\\\/16\\\/eeuu-acunara-moneda-de-un-dolar-con-la-imagen-de-trump\\\/#article\",\"isPartOf\":{\"@id\":\"https:\\\/\\\/www.eldiario.net\\\/portal\\\/2026\\\/07\\\/16\\\/eeuu-acunara-moneda-de-un-dolar-con-la-imagen-de-trump\\\/\"},\"author\":{\"name\":\"Jeanette\",\"@id\":\"https:\\\/\\\/www.eldiario.net\\\/portal\\\/#\\\/schema\\\/person\\\/2c57cf2b7a7ae032e449e4c9b1019eac\"},\"headline\":\"EEUU acu\u00f1ar\u00e1 moneda de un d\u00f3lar con la imagen de Trump\",\"datePublished\":\"2026-07-16T11:35:53+00:00\",\"mainEntityOfPage\":{\"@id\":\"https:\\\/\\\/www.eldiario.net\\\/portal\\\/2026\\\/07\\\/16\\\/eeuu-acunara-moneda-de-un-dolar-con-la-imagen-de-trump\\\/\"},\"wordCount\":241,\"publisher\":{\"@id\":\"https:\\\/\\\/www.eldiario.net\\\/portal\\\/#organization\"},\"image\":{\"@id\":\"https:\\\/\\\/www.eldiario.net\\\/portal\\\/2026\\\/07\\\/16\\\/eeuu-acunara-moneda-de-un-dolar-con-la-imagen-de-trump\\\/#primaryimage\"},\"thumbnailUrl\":\"https:\\\/\\\/www.eldiario.net\\\/portal\\\/wp-content\\\/uploads\\\/2026\\\/07\\\/TRUMP-FOTO-1.webp\",\"articleSection\":[\"Portada\"],\"inLanguage\":\"es\"},{\"@type\":\"WebPage\",\"@id\":\"https:\\\/\\\/www.eldiario.net\\\/portal\\\/2026\\\/07\\\/16\\\/eeuu-acunara-moneda-de-un-dolar-con-la-imagen-de-trump\\\/\",\"url\":\"https:\\\/\\\/www.eldiario.net\\\/portal\\\/2026\\\/07\\\/16\\\/eeuu-acunara-moneda-de-un-dolar-con-la-imagen-de-trump\\\/\",\"name\":\"EEUU acu\u00f1ar\u00e1 moneda de un d\u00f3lar con la imagen de Trump - El Diario - Bolivia\",\"isPartOf\":{\"@id\":\"https:\\\/\\\/www.eldiario.net\\\/portal\\\/#website\"},\"primaryImageOfPage\":{\"@id\":\"https:\\\/\\\/www.eldiario.net\\\/portal\\\/2026\\\/07\\\/16\\\/eeuu-acunara-moneda-de-un-dolar-con-la-imagen-de-trump\\\/#primaryimage\"},\"image\":{\"@id\":\"https:\\\/\\\/www.eldiario.net\\\/portal\\\/2026\\\/07\\\/16\\\/eeuu-acunara-moneda-de-un-dolar-con-la-imagen-de-trump\\\/#primaryimage\"},\"thumbnailUrl\":\"https:\\\/\\\/www.eldiario.net\\\/portal\\\/wp-content\\\/uploads\\\/2026\\\/07\\\/TRUMP-FOTO-1.webp\",\"datePublished\":\"2026-07-16T11:35:53+00:00\",\"breadcrumb\":{\"@id\":\"https:\\\/\\\/www.eldiario.net\\\/portal\\\/2026\\\/07\\\/16\\\/eeuu-acunara-moneda-de-un-dolar-con-la-imagen-de-trump\\\/#breadcrumb\"},\"inLanguage\":\"es\",\"potentialAction\":[{\"@type\":\"ReadAction\",\"target\":[\"https:\\\/\\\/www.eldiario.net\\\/portal\\\/2026\\\/07\\\/16\\\/eeuu-acunara-moneda-de-un-dolar-con-la-imagen-de-trump\\\/\"]}]},{\"@type\":\"ImageObject\",\"inLanguage\":\"es\",\"@id\":\"https:\\\/\\\/www.eldiario.net\\\/portal\\\/2026\\\/07\\\/16\\\/eeuu-acunara-moneda-de-un-dolar-con-la-imagen-de-trump\\\/#primaryimage\",\"url\":\"https:\\\/\\\/www.eldiario.net\\\/portal\\\/wp-content\\\/uploads\\\/2026\\\/07\\\/TRUMP-FOTO-1.webp\",\"contentUrl\":\"https:\\\/\\\/www.eldiario.net\\\/portal\\\/wp-content\\\/uploads\\\/2026\\\/07\\\/TRUMP-FOTO-1.webp\",\"width\":1536,\"height\":864,\"caption\":\"La imagen de la moneda dise\u00f1ada. Foto: Europa Press\"},{\"@type\":\"BreadcrumbList\",\"@id\":\"https:\\\/\\\/www.eldiario.net\\\/portal\\\/2026\\\/07\\\/16\\\/eeuu-acunara-moneda-de-un-dolar-con-la-imagen-de-trump\\\/#breadcrumb\",\"itemListElement\":[{\"@type\":\"ListItem\",\"position\":1,\"name\":\"Portada\",\"item\":\"https:\\\/\\\/www.eldiario.net\\\/portal\\\/\"},{\"@type\":\"ListItem\",\"position\":2,\"name\":\"EEUU acu\u00f1ar\u00e1 moneda de un d\u00f3lar con la imagen de Trump\"}]},{\"@type\":\"WebSite\",\"@id\":\"https:\\\/\\\/www.eldiario.net\\\/portal\\\/#website\",\"url\":\"https:\\\/\\\/www.eldiario.net\\\/portal\\\/\",\"name\":\"El Diario - Decano de la prensa nacional\",\"description\":\"El Diario - Decano de la prensa nacional\",\"publisher\":{\"@id\":\"https:\\\/\\\/www.eldiario.net\\\/portal\\\/#organization\"},\"potentialAction\":[{\"@type\":\"SearchAction\",\"target\":{\"@type\":\"EntryPoint\",\"urlTemplate\":\"https:\\\/\\\/www.eldiario.net\\\/portal\\\/?s={search_term_string}\"},\"query-input\":{\"@type\":\"PropertyValueSpecification\",\"valueRequired\":true,\"valueName\":\"search_term_string\"}}],\"inLanguage\":\"es\"},{\"@type\":\"Organization\",\"@id\":\"https:\\\/\\\/www.eldiario.net\\\/portal\\\/#organization\",\"name\":\"El Diario - Decano de la prensa nacional\",\"url\":\"https:\\\/\\\/www.eldiario.net\\\/portal\\\/\",\"logo\":{\"@type\":\"ImageObject\",\"inLanguage\":\"es\",\"@id\":\"https:\\\/\\\/www.eldiario.net\\\/portal\\\/#\\\/schema\\\/logo\\\/image\\\/\",\"url\":\"https:\\\/\\\/www.eldiario.net\\\/portal\\\/wp-content\\\/uploads\\\/2023\\\/07\\\/logo_ED.jpg\",\"contentUrl\":\"https:\\\/\\\/www.eldiario.net\\\/portal\\\/wp-content\\\/uploads\\\/2023\\\/07\\\/logo_ED.jpg\",\"width\":272,\"height\":52,\"caption\":\"El Diario - Decano de la prensa nacional\"},\"image\":{\"@id\":\"https:\\\/\\\/www.eldiario.net\\\/portal\\\/#\\\/schema\\\/logo\\\/image\\\/\"},\"sameAs\":[\"https:\\\/\\\/www.facebook.com\\\/eldiario.bolivia\\\/\",\"https:\\\/\\\/x.com\\\/eldiario_net\"]},{\"@type\":\"Person\",\"@id\":\"https:\\\/\\\/www.eldiario.net\\\/portal\\\/#\\\/schema\\\/person\\\/2c57cf2b7a7ae032e449e4c9b1019eac\",\"name\":\"Jeanette\",\"image\":{\"@type\":\"ImageObject\",\"inLanguage\":\"es\",\"@id\":\"https:\\\/\\\/secure.gravatar.com\\\/avatar\\\/3ea2118a5f7dad2b7138b1187a6b7ee55f160b9968b66013c3a3ef39dd7e5798?s=96&d=mm&r=g\",\"url\":\"https:\\\/\\\/secure.gravatar.com\\\/avatar\\\/3ea2118a5f7dad2b7138b1187a6b7ee55f160b9968b66013c3a3ef39dd7e5798?s=96&d=mm&r=g\",\"contentUrl\":\"https:\\\/\\\/secure.gravatar.com\\\/avatar\\\/3ea2118a5f7dad2b7138b1187a6b7ee55f160b9968b66013c3a3ef39dd7e5798?s=96&d=mm&r=g\",\"caption\":\"Jeanette\"},\"sameAs\":[\"https:\\\/\\\/www.eldiario.net\\\/portal\"],\"url\":\"https:\\\/\\\/www.eldiario.net\\\/portal\\\/author\\\/jeanette\\\/\"}]}<\/script>\n<!-- \/ Yoast SEO plugin. -->","yoast_head_json":{"title":"EEUU acu\u00f1ar\u00e1 moneda de un d\u00f3lar con la imagen de Trump - El Diario - Bolivia","robots":{"index":"index","follow":"follow","max-snippet":"max-snippet:-1","max-image-preview":"max-image-preview:large","max-video-preview":"max-video-preview:-1"},"canonical":"https:\/\/www.eldiario.net\/portal\/2026\/07\/16\/eeuu-acunara-moneda-de-un-dolar-con-la-imagen-de-trump\/","og_locale":"es_ES","og_type":"article","og_title":"EEUU acu\u00f1ar\u00e1 moneda de un d\u00f3lar con la imagen de Trump - El Diario - Bolivia","og_description":"El secretario del Tesoro de Estados Unidos, Scott Bessent, anunci\u00f3 ayer que la Casa de la Moneda empezar\u00e1 a acu\u00f1ar una moneda de un d\u00f3lar con la imagen del presidente, Donald Trump, que conmemorar\u00e1 los 250 a\u00f1os de la declaraci\u00f3n de independencia estadounidense. Bessent confirm\u00f3 en un mensaje en redes sociales el hito, que ha [&hellip;]","og_url":"https:\/\/www.eldiario.net\/portal\/2026\/07\/16\/eeuu-acunara-moneda-de-un-dolar-con-la-imagen-de-trump\/","og_site_name":"El Diario - Bolivia","article_publisher":"https:\/\/www.facebook.com\/eldiario.bolivia\/","article_published_time":"2026-07-16T11:35:53+00:00","og_image":[{"width":1536,"height":864,"url":"https:\/\/www.eldiario.net\/portal\/wp-content\/uploads\/2026\/07\/TRUMP-FOTO-1.webp","type":"image\/webp"}],"author":"Jeanette","twitter_card":"summary_large_image","twitter_creator":"@eldiario_net","twitter_site":"@eldiario_net","twitter_misc":{"Escrito por":"Jeanette","Tiempo de lectura":"2 minutos"},"schema":{"@context":"https:\/\/schema.org","@graph":[{"@type":"Article","@id":"https:\/\/www.eldiario.net\/portal\/2026\/07\/16\/eeuu-acunara-moneda-de-un-dolar-con-la-imagen-de-trump\/#article","isPartOf":{"@id":"https:\/\/www.eldiario.net\/portal\/2026\/07\/16\/eeuu-acunara-moneda-de-un-dolar-con-la-imagen-de-trump\/"},"author":{"name":"Jeanette","@id":"https:\/\/www.eldiario.net\/portal\/#\/schema\/person\/2c57cf2b7a7ae032e449e4c9b1019eac"},"headline":"EEUU acu\u00f1ar\u00e1 moneda de un d\u00f3lar con la imagen de Trump","datePublished":"2026-07-16T11:35:53+00:00","mainEntityOfPage":{"@id":"https:\/\/www.eldiario.net\/portal\/2026\/07\/16\/eeuu-acunara-moneda-de-un-dolar-con-la-imagen-de-trump\/"},"wordCount":241,"publisher":{"@id":"https:\/\/www.eldiario.net\/portal\/#organization"},"image":{"@id":"https:\/\/www.eldiario.net\/portal\/2026\/07\/16\/eeuu-acunara-moneda-de-un-dolar-con-la-imagen-de-trump\/#primaryimage"},"thumbnailUrl":"https:\/\/www.eldiario.net\/portal\/wp-content\/uploads\/2026\/07\/TRUMP-FOTO-1.webp","articleSection":["Portada"],"inLanguage":"es"},{"@type":"WebPage","@id":"https:\/\/www.eldiario.net\/portal\/2026\/07\/16\/eeuu-acunara-moneda-de-un-dolar-con-la-imagen-de-trump\/","url":"https:\/\/www.eldiario.net\/portal\/2026\/07\/16\/eeuu-acunara-moneda-de-un-dolar-con-la-imagen-de-trump\/","name":"EEUU acu\u00f1ar\u00e1 moneda de un d\u00f3lar con la imagen de Trump - El Diario - Bolivia","isPartOf":{"@id":"https:\/\/www.eldiario.net\/portal\/#website"},"primaryImageOfPage":{"@id":"https:\/\/www.eldiario.net\/portal\/2026\/07\/16\/eeuu-acunara-moneda-de-un-dolar-con-la-imagen-de-trump\/#primaryimage"},"image":{"@id":"https:\/\/www.eldiario.net\/portal\/2026\/07\/16\/eeuu-acunara-moneda-de-un-dolar-con-la-imagen-de-trump\/#primaryimage"},"thumbnailUrl":"https:\/\/www.eldiario.net\/portal\/wp-content\/uploads\/2026\/07\/TRUMP-FOTO-1.webp","datePublished":"2026-07-16T11:35:53+00:00","breadcrumb":{"@id":"https:\/\/www.eldiario.net\/portal\/2026\/07\/16\/eeuu-acunara-moneda-de-un-dolar-con-la-imagen-de-trump\/#breadcrumb"},"inLanguage":"es","potentialAction":[{"@type":"ReadAction","target":["https:\/\/www.eldiario.net\/portal\/2026\/07\/16\/eeuu-acunara-moneda-de-un-dolar-con-la-imagen-de-trump\/"]}]},{"@type":"ImageObject","inLanguage":"es","@id":"https:\/\/www.eldiario.net\/portal\/2026\/07\/16\/eeuu-acunara-moneda-de-un-dolar-con-la-imagen-de-trump\/#primaryimage","url":"https:\/\/www.eldiario.net\/portal\/wp-content\/uploads\/2026\/07\/TRUMP-FOTO-1.webp","contentUrl":"https:\/\/www.eldiario.net\/portal\/wp-content\/uploads\/2026\/07\/TRUMP-FOTO-1.webp","width":1536,"height":864,"caption":"La imagen de la moneda dise\u00f1ada. Foto: Europa Press"},{"@type":"BreadcrumbList","@id":"https:\/\/www.eldiario.net\/portal\/2026\/07\/16\/eeuu-acunara-moneda-de-un-dolar-con-la-imagen-de-trump\/#breadcrumb","itemListElement":[{"@type":"ListItem","position":1,"name":"Portada","item":"https:\/\/www.eldiario.net\/portal\/"},{"@type":"ListItem","position":2,"name":"EEUU acu\u00f1ar\u00e1 moneda de un d\u00f3lar con la imagen de Trump"}]},{"@type":"WebSite","@id":"https:\/\/www.eldiario.net\/portal\/#website","url":"https:\/\/www.eldiario.net\/portal\/","name":"El Diario - Decano de la prensa nacional","description":"El Diario - Decano de la prensa nacional","publisher":{"@id":"https:\/\/www.eldiario.net\/portal\/#organization"},"potentialAction":[{"@type":"SearchAction","target":{"@type":"EntryPoint","urlTemplate":"https:\/\/www.eldiario.net\/portal\/?s={search_term_string}"},"query-input":{"@type":"PropertyValueSpecification","valueRequired":true,"valueName":"search_term_string"}}],"inLanguage":"es"},{"@type":"Organization","@id":"https:\/\/www.eldiario.net\/portal\/#organization","name":"El Diario - Decano de la prensa nacional","url":"https:\/\/www.eldiario.net\/portal\/","logo":{"@type":"ImageObject","inLanguage":"es","@id":"https:\/\/www.eldiario.net\/portal\/#\/schema\/logo\/image\/","url":"https:\/\/www.eldiario.net\/portal\/wp-content\/uploads\/2023\/07\/logo_ED.jpg","contentUrl":"https:\/\/www.eldiario.net\/portal\/wp-content\/uploads\/2023\/07\/logo_ED.jpg","width":272,"height":52,"caption":"El Diario - Decano de la prensa nacional"},"image":{"@id":"https:\/\/www.eldiario.net\/portal\/#\/schema\/logo\/image\/"},"sameAs":["https:\/\/www.facebook.com\/eldiario.bolivia\/","https:\/\/x.com\/eldiario_net"]},{"@type":"Person","@id":"https:\/\/www.eldiario.net\/portal\/#\/schema\/person\/2c57cf2b7a7ae032e449e4c9b1019eac","name":"Jeanette","image":{"@type":"ImageObject","inLanguage":"es","@id":"https:\/\/secure.gravatar.com\/avatar\/3ea2118a5f7dad2b7138b1187a6b7ee55f160b9968b66013c3a3ef39dd7e5798?s=96&d=mm&r=g","url":"https:\/\/secure.gravatar.com\/avatar\/3ea2118a5f7dad2b7138b1187a6b7ee55f160b9968b66013c3a3ef39dd7e5798?s=96&d=mm&r=g","contentUrl":"https:\/\/secure.gravatar.com\/avatar\/3ea2118a5f7dad2b7138b1187a6b7ee55f160b9968b66013c3a3ef39dd7e5798?s=96&d=mm&r=g","caption":"Jeanette"},"sameAs":["https:\/\/www.eldiario.net\/portal"],"url":"https:\/\/www.eldiario.net\/portal\/author\/jeanette\/"}]}},"_links":{"self":[{"href":"https:\/\/www.eldiario.net\/portal\/wp-json\/wp\/v2\/posts\/413065","targetHints":{"allow":["GET"]}}],"collection":[{"href":"https:\/\/www.eldiario.net\/portal\/wp-json\/wp\/v2\/posts"}],"about":[{"href":"https:\/\/www.eldiario.net\/portal\/wp-json\/wp\/v2\/types\/post"}],"author":[{"embeddable":true,"href":"https:\/\/www.eldiario.net\/portal\/wp-json\/wp\/v2\/users\/1"}],"replies":[{"embeddable":true,"href":"https:\/\/www.eldiario.net\/portal\/wp-json\/wp\/v2\/comments?post=413065"}],"version-history":[{"count":1,"href":"https:\/\/www.eldiario.net\/portal\/wp-json\/wp\/v2\/posts\/413065\/revisions"}],"predecessor-version":[{"id":413067,"href":"https:\/\/www.eldiario.net\/portal\/wp-json\/wp\/v2\/posts\/413065\/revisions\/413067"}],"wp:featuredmedia":[{"embeddable":true,"href":"https:\/\/www.eldiario.net\/portal\/wp-json\/wp\/v2\/media\/413066"}],"wp:attachment":[{"href":"https:\/\/www.eldiario.net\/portal\/wp-json\/wp\/v2\/media?parent=413065"}],"wp:term":[{"taxonomy":"category","embeddable":true,"href":"https:\/\/www.eldiario.net\/portal\/wp-json\/wp\/v2\/categories?post=413065"},{"taxonomy":"post_tag","embeddable":true,"href":"https:\/\/www.eldiario.net\/portal\/wp-json\/wp\/v2\/tags?post=413065"}],"curies":[{"name":"wp","href":"https:\/\/api.w.org\/{rel}","templated":true}]}}