{"id":412711,"date":"2026-07-15T00:26:07","date_gmt":"2026-07-15T04:26:07","guid":{"rendered":"https:\/\/www.eldiario.net\/portal\/?p=412711"},"modified":"2026-07-15T00:26:07","modified_gmt":"2026-07-15T04:26:07","slug":"espana-encuentra-su-futbol-total-para-meterse-en-la-final","status":"publish","type":"post","link":"https:\/\/www.eldiario.net\/portal\/2026\/07\/15\/espana-encuentra-su-futbol-total-para-meterse-en-la-final\/","title":{"rendered":"Espa\u00f1a encuentra su f\u00fatbol total para meterse en la final"},"content":{"rendered":"<p>FIFA<\/p>\n<p>Espa\u00f1a consigui\u00f3 en Dallas hacer historia una vez m\u00e1s, sacar de la competici\u00f3n por el t\u00edtulo a Francia, que hab\u00eda disputado las dos \u00faltimas finales de la Copa Mundial, y meterse en el gran partido siendo muy fiel a lo que la ha convertido en una de las potencias futbol\u00edsticas del siglo XXI.<\/p>\n<p>La selecci\u00f3n espa\u00f1ola tiene una personalidad que cualquiera que la vea reconoce desde hace m\u00e1s de una d\u00e9cada. Son jugadores inteligentes, con una lectura privilegiada del partido, capaces siempre de adelantarse a lo que va a pasar. En el f\u00fatbol, un deporte vertiginoso, esa capacidad de pensar por delante del rival es la que termina distinguiendo un equipo superlativo.<\/p>\n<p>Desde el primer momento se vio esa Espa\u00f1a muy seria, centrada. Cuando Francia ten\u00eda el bal\u00f3n, no era capaz de darle v\u00e9rtigo. El equipo de De la Fuente reaccionaba r\u00e1pido, siempre parec\u00eda estar cerca de robar. En esa funci\u00f3n emergieron enormes Fabi\u00e1n y Rodri, que no son los m\u00e1s fuertes o los m\u00e1s veloces, pero su conocimiento del juego les permite maniatar a un rival, incluso uno de este nivel.<\/p>\n<p>En ese intercambio de golpes y miedos lleg\u00f3 el penalti de Digne sobre Lamine Yamal. El lateral estaba mirando al cielo porque su idea era despejar un bal\u00f3n lo m\u00e1s lejos posible, pero su rival entendi\u00f3 la jugada antes de que esa pelota cayese. Se acerc\u00f3 corriendo con la idea de disputar el bal\u00f3n y lo que se encontr\u00f3 fue que Digne hab\u00eda le\u00eddo mal la jugada y le propin\u00f3 una evidente patada. Oyarzabal, el goleador de Espa\u00f1a, recompens\u00f3 la jugada con un penalti perfectamente tirado. Es posible que no est\u00e9 siendo el mejor campeonato de Yamal, pero hay algo de picard\u00eda en \u00e9l que siempre aporta un poquito m\u00e1s.<\/p>\n<p>En el minuto 58 de partido lleg\u00f3 el gol de Porro, que es un gol de bandera. El lateral derecho est\u00e1 en la frontal del \u00e1rea, tratando de descifrar la defensa francesa. Entre los centrales encuentra a Olmo, que es uno de los jugadores m\u00e1s brillantes del equipo espa\u00f1ol. Le da el bal\u00f3n y este, como si le quemase, se lo devuelve r\u00e1pido. Porro queda solo y de cara ante Maignan. Su remate es el 0-2 y todos los miedos de Espa\u00f1a, m\u00e1s de la afici\u00f3n que del equipo, empiezan a disiparse. El gol es la imagen fiel del equipo, tan capaz de hacer f\u00e1cil lo dif\u00edcil.<\/p>\n<p>Sufri\u00f3 m\u00e1s Espa\u00f1a contra Portugal o B\u00e9lgica, aunque solo fuese porque en ambos necesit\u00f3 un golpe final de suerte para ganar. Poco a poco, a pesar de las dudas iniciales, Espa\u00f1a ha demostrado que es uno de los grandes equipos del torneo. Ahora ya sabe tambi\u00e9n que el domingo estar\u00e1 en Nueva York y que el premio final solo est\u00e1 a un [dur\u00edsimo] partido de distancia. (FOTO FIFA)<\/p>\n","protected":false},"excerpt":{"rendered":"<p>FIFA Espa\u00f1a consigui\u00f3 en Dallas hacer historia una vez m\u00e1s, sacar de la competici\u00f3n por el t\u00edtulo a Francia, que hab\u00eda disputado las dos \u00faltimas finales de la Copa Mundial, y meterse en el gran partido siendo muy fiel a lo que la ha convertido en una de las potencias futbol\u00edsticas del siglo XXI. La [&hellip;]<\/p>\n","protected":false},"author":3,"featured_media":412712,"comment_status":"closed","ping_status":"open","sticky":false,"template":"","format":"standard","meta":{"_acf_changed":false,"footnotes":""},"categories":[6],"tags":[],"class_list":["post-412711","post","type-post","status-publish","format-standard","has-post-thumbnail","category-deportes"],"acf":{"antetitulo":""},"yoast_head":"<!-- This site is optimized with the Yoast SEO plugin v28.4 - https:\/\/yoast.com\/product\/yoast-seo-wordpress\/ -->\n<title>Espa\u00f1a encuentra su f\u00fatbol total para meterse en la final - El Diario - Bolivia<\/title>\n<meta name=\"robots\" content=\"index, follow, max-snippet:-1, max-image-preview:large, max-video-preview:-1\" \/>\n<link rel=\"canonical\" href=\"https:\/\/www.eldiario.net\/portal\/2026\/07\/15\/espana-encuentra-su-futbol-total-para-meterse-en-la-final\/\" \/>\n<meta property=\"og:locale\" content=\"es_ES\" \/>\n<meta property=\"og:type\" content=\"article\" \/>\n<meta property=\"og:title\" content=\"Espa\u00f1a encuentra su f\u00fatbol total para meterse en la final - El Diario - Bolivia\" \/>\n<meta property=\"og:description\" content=\"FIFA Espa\u00f1a consigui\u00f3 en Dallas hacer historia una vez m\u00e1s, sacar de la competici\u00f3n por el t\u00edtulo a Francia, que hab\u00eda disputado las dos \u00faltimas finales de la Copa Mundial, y meterse en el gran partido siendo muy fiel a lo que la ha convertido en una de las potencias futbol\u00edsticas del siglo XXI. La [&hellip;]\" \/>\n<meta property=\"og:url\" content=\"https:\/\/www.eldiario.net\/portal\/2026\/07\/15\/espana-encuentra-su-futbol-total-para-meterse-en-la-final\/\" \/>\n<meta property=\"og:site_name\" content=\"El Diario - Bolivia\" \/>\n<meta property=\"article:publisher\" content=\"https:\/\/www.facebook.com\/eldiario.bolivia\/\" \/>\n<meta property=\"article:published_time\" content=\"2026-07-15T04:26:07+00:00\" \/>\n<meta property=\"og:image\" content=\"https:\/\/www.eldiario.net\/portal\/wp-content\/uploads\/2026\/07\/porro-vale-1.webp\" \/>\n\t<meta property=\"og:image:width\" content=\"1080\" \/>\n\t<meta property=\"og:image:height\" content=\"720\" \/>\n\t<meta property=\"og:image:type\" content=\"image\/webp\" \/>\n<meta name=\"author\" content=\"Jhonny Mollinedo\" \/>\n<meta name=\"twitter:card\" content=\"summary_large_image\" \/>\n<meta name=\"twitter:creator\" content=\"@eldiario_net\" \/>\n<meta name=\"twitter:site\" content=\"@eldiario_net\" \/>\n<meta name=\"twitter:label1\" content=\"Escrito por\" \/>\n\t<meta name=\"twitter:data1\" content=\"Jhonny Mollinedo\" \/>\n\t<meta name=\"twitter:label2\" content=\"Tiempo de lectura\" \/>\n\t<meta name=\"twitter:data2\" content=\"3 minutos\" \/>\n<script type=\"application\/ld+json\" class=\"yoast-schema-graph\">{\"@context\":\"https:\\\/\\\/schema.org\",\"@graph\":[{\"@type\":\"Article\",\"@id\":\"https:\\\/\\\/www.eldiario.net\\\/portal\\\/2026\\\/07\\\/15\\\/espana-encuentra-su-futbol-total-para-meterse-en-la-final\\\/#article\",\"isPartOf\":{\"@id\":\"https:\\\/\\\/www.eldiario.net\\\/portal\\\/2026\\\/07\\\/15\\\/espana-encuentra-su-futbol-total-para-meterse-en-la-final\\\/\"},\"author\":{\"name\":\"Jhonny Mollinedo\",\"@id\":\"https:\\\/\\\/www.eldiario.net\\\/portal\\\/#\\\/schema\\\/person\\\/32fc835272114c73407ecef86028a07e\"},\"headline\":\"Espa\u00f1a encuentra su f\u00fatbol total para meterse en la final\",\"datePublished\":\"2026-07-15T04:26:07+00:00\",\"mainEntityOfPage\":{\"@id\":\"https:\\\/\\\/www.eldiario.net\\\/portal\\\/2026\\\/07\\\/15\\\/espana-encuentra-su-futbol-total-para-meterse-en-la-final\\\/\"},\"wordCount\":523,\"publisher\":{\"@id\":\"https:\\\/\\\/www.eldiario.net\\\/portal\\\/#organization\"},\"image\":{\"@id\":\"https:\\\/\\\/www.eldiario.net\\\/portal\\\/2026\\\/07\\\/15\\\/espana-encuentra-su-futbol-total-para-meterse-en-la-final\\\/#primaryimage\"},\"thumbnailUrl\":\"https:\\\/\\\/www.eldiario.net\\\/portal\\\/wp-content\\\/uploads\\\/2026\\\/07\\\/porro-vale-1.webp\",\"articleSection\":[\"Deportes\"],\"inLanguage\":\"es\"},{\"@type\":\"WebPage\",\"@id\":\"https:\\\/\\\/www.eldiario.net\\\/portal\\\/2026\\\/07\\\/15\\\/espana-encuentra-su-futbol-total-para-meterse-en-la-final\\\/\",\"url\":\"https:\\\/\\\/www.eldiario.net\\\/portal\\\/2026\\\/07\\\/15\\\/espana-encuentra-su-futbol-total-para-meterse-en-la-final\\\/\",\"name\":\"Espa\u00f1a encuentra su f\u00fatbol total para meterse en la final - El Diario - Bolivia\",\"isPartOf\":{\"@id\":\"https:\\\/\\\/www.eldiario.net\\\/portal\\\/#website\"},\"primaryImageOfPage\":{\"@id\":\"https:\\\/\\\/www.eldiario.net\\\/portal\\\/2026\\\/07\\\/15\\\/espana-encuentra-su-futbol-total-para-meterse-en-la-final\\\/#primaryimage\"},\"image\":{\"@id\":\"https:\\\/\\\/www.eldiario.net\\\/portal\\\/2026\\\/07\\\/15\\\/espana-encuentra-su-futbol-total-para-meterse-en-la-final\\\/#primaryimage\"},\"thumbnailUrl\":\"https:\\\/\\\/www.eldiario.net\\\/portal\\\/wp-content\\\/uploads\\\/2026\\\/07\\\/porro-vale-1.webp\",\"datePublished\":\"2026-07-15T04:26:07+00:00\",\"breadcrumb\":{\"@id\":\"https:\\\/\\\/www.eldiario.net\\\/portal\\\/2026\\\/07\\\/15\\\/espana-encuentra-su-futbol-total-para-meterse-en-la-final\\\/#breadcrumb\"},\"inLanguage\":\"es\",\"potentialAction\":[{\"@type\":\"ReadAction\",\"target\":[\"https:\\\/\\\/www.eldiario.net\\\/portal\\\/2026\\\/07\\\/15\\\/espana-encuentra-su-futbol-total-para-meterse-en-la-final\\\/\"]}]},{\"@type\":\"ImageObject\",\"inLanguage\":\"es\",\"@id\":\"https:\\\/\\\/www.eldiario.net\\\/portal\\\/2026\\\/07\\\/15\\\/espana-encuentra-su-futbol-total-para-meterse-en-la-final\\\/#primaryimage\",\"url\":\"https:\\\/\\\/www.eldiario.net\\\/portal\\\/wp-content\\\/uploads\\\/2026\\\/07\\\/porro-vale-1.webp\",\"contentUrl\":\"https:\\\/\\\/www.eldiario.net\\\/portal\\\/wp-content\\\/uploads\\\/2026\\\/07\\\/porro-vale-1.webp\",\"width\":1080,\"height\":720},{\"@type\":\"BreadcrumbList\",\"@id\":\"https:\\\/\\\/www.eldiario.net\\\/portal\\\/2026\\\/07\\\/15\\\/espana-encuentra-su-futbol-total-para-meterse-en-la-final\\\/#breadcrumb\",\"itemListElement\":[{\"@type\":\"ListItem\",\"position\":1,\"name\":\"Portada\",\"item\":\"https:\\\/\\\/www.eldiario.net\\\/portal\\\/\"},{\"@type\":\"ListItem\",\"position\":2,\"name\":\"Espa\u00f1a encuentra su f\u00fatbol total para meterse en la final\"}]},{\"@type\":\"WebSite\",\"@id\":\"https:\\\/\\\/www.eldiario.net\\\/portal\\\/#website\",\"url\":\"https:\\\/\\\/www.eldiario.net\\\/portal\\\/\",\"name\":\"El Diario - Decano de la prensa nacional\",\"description\":\"El Diario - Decano de la prensa nacional\",\"publisher\":{\"@id\":\"https:\\\/\\\/www.eldiario.net\\\/portal\\\/#organization\"},\"potentialAction\":[{\"@type\":\"SearchAction\",\"target\":{\"@type\":\"EntryPoint\",\"urlTemplate\":\"https:\\\/\\\/www.eldiario.net\\\/portal\\\/?s={search_term_string}\"},\"query-input\":{\"@type\":\"PropertyValueSpecification\",\"valueRequired\":true,\"valueName\":\"search_term_string\"}}],\"inLanguage\":\"es\"},{\"@type\":\"Organization\",\"@id\":\"https:\\\/\\\/www.eldiario.net\\\/portal\\\/#organization\",\"name\":\"El Diario - Decano de la prensa nacional\",\"url\":\"https:\\\/\\\/www.eldiario.net\\\/portal\\\/\",\"logo\":{\"@type\":\"ImageObject\",\"inLanguage\":\"es\",\"@id\":\"https:\\\/\\\/www.eldiario.net\\\/portal\\\/#\\\/schema\\\/logo\\\/image\\\/\",\"url\":\"https:\\\/\\\/www.eldiario.net\\\/portal\\\/wp-content\\\/uploads\\\/2023\\\/07\\\/logo_ED.jpg\",\"contentUrl\":\"https:\\\/\\\/www.eldiario.net\\\/portal\\\/wp-content\\\/uploads\\\/2023\\\/07\\\/logo_ED.jpg\",\"width\":272,\"height\":52,\"caption\":\"El Diario - Decano de la prensa nacional\"},\"image\":{\"@id\":\"https:\\\/\\\/www.eldiario.net\\\/portal\\\/#\\\/schema\\\/logo\\\/image\\\/\"},\"sameAs\":[\"https:\\\/\\\/www.facebook.com\\\/eldiario.bolivia\\\/\",\"https:\\\/\\\/x.com\\\/eldiario_net\"]},{\"@type\":\"Person\",\"@id\":\"https:\\\/\\\/www.eldiario.net\\\/portal\\\/#\\\/schema\\\/person\\\/32fc835272114c73407ecef86028a07e\",\"name\":\"Jhonny Mollinedo\",\"image\":{\"@type\":\"ImageObject\",\"inLanguage\":\"es\",\"@id\":\"https:\\\/\\\/secure.gravatar.com\\\/avatar\\\/3ea2118a5f7dad2b7138b1187a6b7ee55f160b9968b66013c3a3ef39dd7e5798?s=96&d=mm&r=g\",\"url\":\"https:\\\/\\\/secure.gravatar.com\\\/avatar\\\/3ea2118a5f7dad2b7138b1187a6b7ee55f160b9968b66013c3a3ef39dd7e5798?s=96&d=mm&r=g\",\"contentUrl\":\"https:\\\/\\\/secure.gravatar.com\\\/avatar\\\/3ea2118a5f7dad2b7138b1187a6b7ee55f160b9968b66013c3a3ef39dd7e5798?s=96&d=mm&r=g\",\"caption\":\"Jhonny Mollinedo\"},\"url\":\"https:\\\/\\\/www.eldiario.net\\\/portal\\\/author\\\/deportes\\\/\"}]}<\/script>\n<!-- \/ Yoast SEO plugin. -->","yoast_head_json":{"title":"Espa\u00f1a encuentra su f\u00fatbol total para meterse en la final - El Diario - Bolivia","robots":{"index":"index","follow":"follow","max-snippet":"max-snippet:-1","max-image-preview":"max-image-preview:large","max-video-preview":"max-video-preview:-1"},"canonical":"https:\/\/www.eldiario.net\/portal\/2026\/07\/15\/espana-encuentra-su-futbol-total-para-meterse-en-la-final\/","og_locale":"es_ES","og_type":"article","og_title":"Espa\u00f1a encuentra su f\u00fatbol total para meterse en la final - El Diario - Bolivia","og_description":"FIFA Espa\u00f1a consigui\u00f3 en Dallas hacer historia una vez m\u00e1s, sacar de la competici\u00f3n por el t\u00edtulo a Francia, que hab\u00eda disputado las dos \u00faltimas finales de la Copa Mundial, y meterse en el gran partido siendo muy fiel a lo que la ha convertido en una de las potencias futbol\u00edsticas del siglo XXI. La [&hellip;]","og_url":"https:\/\/www.eldiario.net\/portal\/2026\/07\/15\/espana-encuentra-su-futbol-total-para-meterse-en-la-final\/","og_site_name":"El Diario - Bolivia","article_publisher":"https:\/\/www.facebook.com\/eldiario.bolivia\/","article_published_time":"2026-07-15T04:26:07+00:00","og_image":[{"width":1080,"height":720,"url":"https:\/\/www.eldiario.net\/portal\/wp-content\/uploads\/2026\/07\/porro-vale-1.webp","type":"image\/webp"}],"author":"Jhonny Mollinedo","twitter_card":"summary_large_image","twitter_creator":"@eldiario_net","twitter_site":"@eldiario_net","twitter_misc":{"Escrito por":"Jhonny Mollinedo","Tiempo de lectura":"3 minutos"},"schema":{"@context":"https:\/\/schema.org","@graph":[{"@type":"Article","@id":"https:\/\/www.eldiario.net\/portal\/2026\/07\/15\/espana-encuentra-su-futbol-total-para-meterse-en-la-final\/#article","isPartOf":{"@id":"https:\/\/www.eldiario.net\/portal\/2026\/07\/15\/espana-encuentra-su-futbol-total-para-meterse-en-la-final\/"},"author":{"name":"Jhonny Mollinedo","@id":"https:\/\/www.eldiario.net\/portal\/#\/schema\/person\/32fc835272114c73407ecef86028a07e"},"headline":"Espa\u00f1a encuentra su f\u00fatbol total para meterse en la final","datePublished":"2026-07-15T04:26:07+00:00","mainEntityOfPage":{"@id":"https:\/\/www.eldiario.net\/portal\/2026\/07\/15\/espana-encuentra-su-futbol-total-para-meterse-en-la-final\/"},"wordCount":523,"publisher":{"@id":"https:\/\/www.eldiario.net\/portal\/#organization"},"image":{"@id":"https:\/\/www.eldiario.net\/portal\/2026\/07\/15\/espana-encuentra-su-futbol-total-para-meterse-en-la-final\/#primaryimage"},"thumbnailUrl":"https:\/\/www.eldiario.net\/portal\/wp-content\/uploads\/2026\/07\/porro-vale-1.webp","articleSection":["Deportes"],"inLanguage":"es"},{"@type":"WebPage","@id":"https:\/\/www.eldiario.net\/portal\/2026\/07\/15\/espana-encuentra-su-futbol-total-para-meterse-en-la-final\/","url":"https:\/\/www.eldiario.net\/portal\/2026\/07\/15\/espana-encuentra-su-futbol-total-para-meterse-en-la-final\/","name":"Espa\u00f1a encuentra su f\u00fatbol total para meterse en la final - El Diario - Bolivia","isPartOf":{"@id":"https:\/\/www.eldiario.net\/portal\/#website"},"primaryImageOfPage":{"@id":"https:\/\/www.eldiario.net\/portal\/2026\/07\/15\/espana-encuentra-su-futbol-total-para-meterse-en-la-final\/#primaryimage"},"image":{"@id":"https:\/\/www.eldiario.net\/portal\/2026\/07\/15\/espana-encuentra-su-futbol-total-para-meterse-en-la-final\/#primaryimage"},"thumbnailUrl":"https:\/\/www.eldiario.net\/portal\/wp-content\/uploads\/2026\/07\/porro-vale-1.webp","datePublished":"2026-07-15T04:26:07+00:00","breadcrumb":{"@id":"https:\/\/www.eldiario.net\/portal\/2026\/07\/15\/espana-encuentra-su-futbol-total-para-meterse-en-la-final\/#breadcrumb"},"inLanguage":"es","potentialAction":[{"@type":"ReadAction","target":["https:\/\/www.eldiario.net\/portal\/2026\/07\/15\/espana-encuentra-su-futbol-total-para-meterse-en-la-final\/"]}]},{"@type":"ImageObject","inLanguage":"es","@id":"https:\/\/www.eldiario.net\/portal\/2026\/07\/15\/espana-encuentra-su-futbol-total-para-meterse-en-la-final\/#primaryimage","url":"https:\/\/www.eldiario.net\/portal\/wp-content\/uploads\/2026\/07\/porro-vale-1.webp","contentUrl":"https:\/\/www.eldiario.net\/portal\/wp-content\/uploads\/2026\/07\/porro-vale-1.webp","width":1080,"height":720},{"@type":"BreadcrumbList","@id":"https:\/\/www.eldiario.net\/portal\/2026\/07\/15\/espana-encuentra-su-futbol-total-para-meterse-en-la-final\/#breadcrumb","itemListElement":[{"@type":"ListItem","position":1,"name":"Portada","item":"https:\/\/www.eldiario.net\/portal\/"},{"@type":"ListItem","position":2,"name":"Espa\u00f1a encuentra su f\u00fatbol total para meterse en la final"}]},{"@type":"WebSite","@id":"https:\/\/www.eldiario.net\/portal\/#website","url":"https:\/\/www.eldiario.net\/portal\/","name":"El Diario - Decano de la prensa nacional","description":"El Diario - Decano de la prensa nacional","publisher":{"@id":"https:\/\/www.eldiario.net\/portal\/#organization"},"potentialAction":[{"@type":"SearchAction","target":{"@type":"EntryPoint","urlTemplate":"https:\/\/www.eldiario.net\/portal\/?s={search_term_string}"},"query-input":{"@type":"PropertyValueSpecification","valueRequired":true,"valueName":"search_term_string"}}],"inLanguage":"es"},{"@type":"Organization","@id":"https:\/\/www.eldiario.net\/portal\/#organization","name":"El Diario - Decano de la prensa nacional","url":"https:\/\/www.eldiario.net\/portal\/","logo":{"@type":"ImageObject","inLanguage":"es","@id":"https:\/\/www.eldiario.net\/portal\/#\/schema\/logo\/image\/","url":"https:\/\/www.eldiario.net\/portal\/wp-content\/uploads\/2023\/07\/logo_ED.jpg","contentUrl":"https:\/\/www.eldiario.net\/portal\/wp-content\/uploads\/2023\/07\/logo_ED.jpg","width":272,"height":52,"caption":"El Diario - Decano de la prensa nacional"},"image":{"@id":"https:\/\/www.eldiario.net\/portal\/#\/schema\/logo\/image\/"},"sameAs":["https:\/\/www.facebook.com\/eldiario.bolivia\/","https:\/\/x.com\/eldiario_net"]},{"@type":"Person","@id":"https:\/\/www.eldiario.net\/portal\/#\/schema\/person\/32fc835272114c73407ecef86028a07e","name":"Jhonny Mollinedo","image":{"@type":"ImageObject","inLanguage":"es","@id":"https:\/\/secure.gravatar.com\/avatar\/3ea2118a5f7dad2b7138b1187a6b7ee55f160b9968b66013c3a3ef39dd7e5798?s=96&d=mm&r=g","url":"https:\/\/secure.gravatar.com\/avatar\/3ea2118a5f7dad2b7138b1187a6b7ee55f160b9968b66013c3a3ef39dd7e5798?s=96&d=mm&r=g","contentUrl":"https:\/\/secure.gravatar.com\/avatar\/3ea2118a5f7dad2b7138b1187a6b7ee55f160b9968b66013c3a3ef39dd7e5798?s=96&d=mm&r=g","caption":"Jhonny Mollinedo"},"url":"https:\/\/www.eldiario.net\/portal\/author\/deportes\/"}]}},"_links":{"self":[{"href":"https:\/\/www.eldiario.net\/portal\/wp-json\/wp\/v2\/posts\/412711","targetHints":{"allow":["GET"]}}],"collection":[{"href":"https:\/\/www.eldiario.net\/portal\/wp-json\/wp\/v2\/posts"}],"about":[{"href":"https:\/\/www.eldiario.net\/portal\/wp-json\/wp\/v2\/types\/post"}],"author":[{"embeddable":true,"href":"https:\/\/www.eldiario.net\/portal\/wp-json\/wp\/v2\/users\/3"}],"replies":[{"embeddable":true,"href":"https:\/\/www.eldiario.net\/portal\/wp-json\/wp\/v2\/comments?post=412711"}],"version-history":[{"count":1,"href":"https:\/\/www.eldiario.net\/portal\/wp-json\/wp\/v2\/posts\/412711\/revisions"}],"predecessor-version":[{"id":412713,"href":"https:\/\/www.eldiario.net\/portal\/wp-json\/wp\/v2\/posts\/412711\/revisions\/412713"}],"wp:featuredmedia":[{"embeddable":true,"href":"https:\/\/www.eldiario.net\/portal\/wp-json\/wp\/v2\/media\/412712"}],"wp:attachment":[{"href":"https:\/\/www.eldiario.net\/portal\/wp-json\/wp\/v2\/media?parent=412711"}],"wp:term":[{"taxonomy":"category","embeddable":true,"href":"https:\/\/www.eldiario.net\/portal\/wp-json\/wp\/v2\/categories?post=412711"},{"taxonomy":"post_tag","embeddable":true,"href":"https:\/\/www.eldiario.net\/portal\/wp-json\/wp\/v2\/tags?post=412711"}],"curies":[{"name":"wp","href":"https:\/\/api.w.org\/{rel}","templated":true}]}}