{"id":412602,"date":"2026-07-14T12:09:19","date_gmt":"2026-07-14T16:09:19","guid":{"rendered":"https:\/\/www.eldiario.net\/portal\/?p=412602"},"modified":"2026-07-14T12:09:19","modified_gmt":"2026-07-14T16:09:19","slug":"cambio-en-defensa-civil-roberto-rivero-asume-el-viceministerio-1209","status":"publish","type":"post","link":"https:\/\/www.eldiario.net\/portal\/2026\/07\/14\/cambio-en-defensa-civil-roberto-rivero-asume-el-viceministerio-1209\/","title":{"rendered":"Cambio en Defensa Civil: Roberto Rivero asume el Viceministerio (12:09)"},"content":{"rendered":"<p>El ministro de Defensa, Ernesto Justiniano, posesion\u00f3 este martes a Roberto Rivero como nuevo viceministro de Defensa Civil, en reemplazo de Alfredo Troche Machicao.<\/p>\n<p>La autoridad asume el cargo con el reto de encarar fen\u00f3menos clim\u00e1ticos cada vez m\u00e1s intensos, como inundaciones, sequ\u00edas e incendios forestales.<\/p>\n<p data-path-to-node=\"2\">En su toma de juramento, Rivero plante\u00f3 una gesti\u00f3n enfocada en cinco compromisos: prevenci\u00f3n, respuesta r\u00e1pida, transparencia y un trabajo coordinado con las Fuerzas Armadas, gobernaciones y alcald\u00edas para reducir los riesgos en todo el pa\u00eds.<\/p>\n","protected":false},"excerpt":{"rendered":"<p>El ministro de Defensa, Ernesto Justiniano, posesion\u00f3 este martes a Roberto Rivero como nuevo viceministro de Defensa Civil, en reemplazo de Alfredo Troche Machicao. La autoridad asume el cargo con el reto de encarar fen\u00f3menos clim\u00e1ticos cada vez m\u00e1s intensos, como inundaciones, sequ\u00edas e incendios forestales. En su toma de juramento, Rivero plante\u00f3 una gesti\u00f3n [&hellip;]<\/p>\n","protected":false},"author":7,"featured_media":412603,"comment_status":"closed","ping_status":"open","sticky":false,"template":"","format":"standard","meta":{"_acf_changed":false,"footnotes":""},"categories":[51],"tags":[],"class_list":["post-412602","post","type-post","status-publish","format-standard","has-post-thumbnail","category-ultima-hora"],"acf":{"antetitulo":""},"yoast_head":"<!-- This site is optimized with the Yoast SEO plugin v28.4 - https:\/\/yoast.com\/product\/yoast-seo-wordpress\/ -->\n<title>Cambio en Defensa Civil: Roberto Rivero asume el Viceministerio (12:09) - El Diario - Bolivia<\/title>\n<meta name=\"robots\" content=\"index, follow, max-snippet:-1, max-image-preview:large, max-video-preview:-1\" \/>\n<link rel=\"canonical\" href=\"https:\/\/www.eldiario.net\/portal\/2026\/07\/14\/cambio-en-defensa-civil-roberto-rivero-asume-el-viceministerio-1209\/\" \/>\n<meta property=\"og:locale\" content=\"es_ES\" \/>\n<meta property=\"og:type\" content=\"article\" \/>\n<meta property=\"og:title\" content=\"Cambio en Defensa Civil: Roberto Rivero asume el Viceministerio (12:09) - El Diario - Bolivia\" \/>\n<meta property=\"og:description\" content=\"El ministro de Defensa, Ernesto Justiniano, posesion\u00f3 este martes a Roberto Rivero como nuevo viceministro de Defensa Civil, en reemplazo de Alfredo Troche Machicao. La autoridad asume el cargo con el reto de encarar fen\u00f3menos clim\u00e1ticos cada vez m\u00e1s intensos, como inundaciones, sequ\u00edas e incendios forestales. En su toma de juramento, Rivero plante\u00f3 una gesti\u00f3n [&hellip;]\" \/>\n<meta property=\"og:url\" content=\"https:\/\/www.eldiario.net\/portal\/2026\/07\/14\/cambio-en-defensa-civil-roberto-rivero-asume-el-viceministerio-1209\/\" \/>\n<meta property=\"og:site_name\" content=\"El Diario - Bolivia\" \/>\n<meta property=\"article:publisher\" content=\"https:\/\/www.facebook.com\/eldiario.bolivia\/\" \/>\n<meta property=\"article:published_time\" content=\"2026-07-14T16:09:19+00:00\" \/>\n<meta property=\"og:image\" content=\"https:\/\/www.eldiario.net\/portal\/wp-content\/uploads\/2026\/07\/defensa-civil-14.07.26-copia.webp\" \/>\n\t<meta property=\"og:image:width\" content=\"393\" \/>\n\t<meta property=\"og:image:height\" content=\"520\" \/>\n\t<meta property=\"og:image:type\" content=\"image\/webp\" \/>\n<meta name=\"author\" content=\"Viviana Monrroy\" \/>\n<meta name=\"twitter:card\" content=\"summary_large_image\" \/>\n<meta name=\"twitter:creator\" content=\"@eldiario_net\" \/>\n<meta name=\"twitter:site\" content=\"@eldiario_net\" \/>\n<meta name=\"twitter:label1\" content=\"Escrito por\" \/>\n\t<meta name=\"twitter:data1\" content=\"Viviana Monrroy\" \/>\n\t<meta name=\"twitter:label2\" content=\"Tiempo de lectura\" \/>\n\t<meta name=\"twitter:data2\" content=\"1 minuto\" \/>\n<script type=\"application\/ld+json\" class=\"yoast-schema-graph\">{\"@context\":\"https:\\\/\\\/schema.org\",\"@graph\":[{\"@type\":\"Article\",\"@id\":\"https:\\\/\\\/www.eldiario.net\\\/portal\\\/2026\\\/07\\\/14\\\/cambio-en-defensa-civil-roberto-rivero-asume-el-viceministerio-1209\\\/#article\",\"isPartOf\":{\"@id\":\"https:\\\/\\\/www.eldiario.net\\\/portal\\\/2026\\\/07\\\/14\\\/cambio-en-defensa-civil-roberto-rivero-asume-el-viceministerio-1209\\\/\"},\"author\":{\"name\":\"Viviana Monrroy\",\"@id\":\"https:\\\/\\\/www.eldiario.net\\\/portal\\\/#\\\/schema\\\/person\\\/32cc89e801dfcbad3a54f91da7f2ea06\"},\"headline\":\"Cambio en Defensa Civil: Roberto Rivero asume el Viceministerio (12:09)\",\"datePublished\":\"2026-07-14T16:09:19+00:00\",\"mainEntityOfPage\":{\"@id\":\"https:\\\/\\\/www.eldiario.net\\\/portal\\\/2026\\\/07\\\/14\\\/cambio-en-defensa-civil-roberto-rivero-asume-el-viceministerio-1209\\\/\"},\"wordCount\":100,\"publisher\":{\"@id\":\"https:\\\/\\\/www.eldiario.net\\\/portal\\\/#organization\"},\"image\":{\"@id\":\"https:\\\/\\\/www.eldiario.net\\\/portal\\\/2026\\\/07\\\/14\\\/cambio-en-defensa-civil-roberto-rivero-asume-el-viceministerio-1209\\\/#primaryimage\"},\"thumbnailUrl\":\"https:\\\/\\\/www.eldiario.net\\\/portal\\\/wp-content\\\/uploads\\\/2026\\\/07\\\/defensa-civil-14.07.26-copia.webp\",\"articleSection\":[\"\u00daltima Hora\"],\"inLanguage\":\"es\"},{\"@type\":\"WebPage\",\"@id\":\"https:\\\/\\\/www.eldiario.net\\\/portal\\\/2026\\\/07\\\/14\\\/cambio-en-defensa-civil-roberto-rivero-asume-el-viceministerio-1209\\\/\",\"url\":\"https:\\\/\\\/www.eldiario.net\\\/portal\\\/2026\\\/07\\\/14\\\/cambio-en-defensa-civil-roberto-rivero-asume-el-viceministerio-1209\\\/\",\"name\":\"Cambio en Defensa Civil: Roberto Rivero asume el Viceministerio (12:09) - El Diario - Bolivia\",\"isPartOf\":{\"@id\":\"https:\\\/\\\/www.eldiario.net\\\/portal\\\/#website\"},\"primaryImageOfPage\":{\"@id\":\"https:\\\/\\\/www.eldiario.net\\\/portal\\\/2026\\\/07\\\/14\\\/cambio-en-defensa-civil-roberto-rivero-asume-el-viceministerio-1209\\\/#primaryimage\"},\"image\":{\"@id\":\"https:\\\/\\\/www.eldiario.net\\\/portal\\\/2026\\\/07\\\/14\\\/cambio-en-defensa-civil-roberto-rivero-asume-el-viceministerio-1209\\\/#primaryimage\"},\"thumbnailUrl\":\"https:\\\/\\\/www.eldiario.net\\\/portal\\\/wp-content\\\/uploads\\\/2026\\\/07\\\/defensa-civil-14.07.26-copia.webp\",\"datePublished\":\"2026-07-14T16:09:19+00:00\",\"breadcrumb\":{\"@id\":\"https:\\\/\\\/www.eldiario.net\\\/portal\\\/2026\\\/07\\\/14\\\/cambio-en-defensa-civil-roberto-rivero-asume-el-viceministerio-1209\\\/#breadcrumb\"},\"inLanguage\":\"es\",\"potentialAction\":[{\"@type\":\"ReadAction\",\"target\":[\"https:\\\/\\\/www.eldiario.net\\\/portal\\\/2026\\\/07\\\/14\\\/cambio-en-defensa-civil-roberto-rivero-asume-el-viceministerio-1209\\\/\"]}]},{\"@type\":\"ImageObject\",\"inLanguage\":\"es\",\"@id\":\"https:\\\/\\\/www.eldiario.net\\\/portal\\\/2026\\\/07\\\/14\\\/cambio-en-defensa-civil-roberto-rivero-asume-el-viceministerio-1209\\\/#primaryimage\",\"url\":\"https:\\\/\\\/www.eldiario.net\\\/portal\\\/wp-content\\\/uploads\\\/2026\\\/07\\\/defensa-civil-14.07.26-copia.webp\",\"contentUrl\":\"https:\\\/\\\/www.eldiario.net\\\/portal\\\/wp-content\\\/uploads\\\/2026\\\/07\\\/defensa-civil-14.07.26-copia.webp\",\"width\":393,\"height\":520,\"caption\":\"Foto Ministerio de Defensa\"},{\"@type\":\"BreadcrumbList\",\"@id\":\"https:\\\/\\\/www.eldiario.net\\\/portal\\\/2026\\\/07\\\/14\\\/cambio-en-defensa-civil-roberto-rivero-asume-el-viceministerio-1209\\\/#breadcrumb\",\"itemListElement\":[{\"@type\":\"ListItem\",\"position\":1,\"name\":\"Portada\",\"item\":\"https:\\\/\\\/www.eldiario.net\\\/portal\\\/\"},{\"@type\":\"ListItem\",\"position\":2,\"name\":\"Cambio en Defensa Civil: Roberto Rivero asume el Viceministerio (12:09)\"}]},{\"@type\":\"WebSite\",\"@id\":\"https:\\\/\\\/www.eldiario.net\\\/portal\\\/#website\",\"url\":\"https:\\\/\\\/www.eldiario.net\\\/portal\\\/\",\"name\":\"El Diario - Decano de la prensa nacional\",\"description\":\"El Diario - Decano de la prensa nacional\",\"publisher\":{\"@id\":\"https:\\\/\\\/www.eldiario.net\\\/portal\\\/#organization\"},\"potentialAction\":[{\"@type\":\"SearchAction\",\"target\":{\"@type\":\"EntryPoint\",\"urlTemplate\":\"https:\\\/\\\/www.eldiario.net\\\/portal\\\/?s={search_term_string}\"},\"query-input\":{\"@type\":\"PropertyValueSpecification\",\"valueRequired\":true,\"valueName\":\"search_term_string\"}}],\"inLanguage\":\"es\"},{\"@type\":\"Organization\",\"@id\":\"https:\\\/\\\/www.eldiario.net\\\/portal\\\/#organization\",\"name\":\"El Diario - Decano de la prensa nacional\",\"url\":\"https:\\\/\\\/www.eldiario.net\\\/portal\\\/\",\"logo\":{\"@type\":\"ImageObject\",\"inLanguage\":\"es\",\"@id\":\"https:\\\/\\\/www.eldiario.net\\\/portal\\\/#\\\/schema\\\/logo\\\/image\\\/\",\"url\":\"https:\\\/\\\/www.eldiario.net\\\/portal\\\/wp-content\\\/uploads\\\/2023\\\/07\\\/logo_ED.jpg\",\"contentUrl\":\"https:\\\/\\\/www.eldiario.net\\\/portal\\\/wp-content\\\/uploads\\\/2023\\\/07\\\/logo_ED.jpg\",\"width\":272,\"height\":52,\"caption\":\"El Diario - Decano de la prensa nacional\"},\"image\":{\"@id\":\"https:\\\/\\\/www.eldiario.net\\\/portal\\\/#\\\/schema\\\/logo\\\/image\\\/\"},\"sameAs\":[\"https:\\\/\\\/www.facebook.com\\\/eldiario.bolivia\\\/\",\"https:\\\/\\\/x.com\\\/eldiario_net\"]},{\"@type\":\"Person\",\"@id\":\"https:\\\/\\\/www.eldiario.net\\\/portal\\\/#\\\/schema\\\/person\\\/32cc89e801dfcbad3a54f91da7f2ea06\",\"name\":\"Viviana Monrroy\",\"image\":{\"@type\":\"ImageObject\",\"inLanguage\":\"es\",\"@id\":\"https:\\\/\\\/secure.gravatar.com\\\/avatar\\\/dfd1611ed5600959a0e5a9754503b6c05d1dcf190010998e0363aee2ad98afca?s=96&d=mm&r=g\",\"url\":\"https:\\\/\\\/secure.gravatar.com\\\/avatar\\\/dfd1611ed5600959a0e5a9754503b6c05d1dcf190010998e0363aee2ad98afca?s=96&d=mm&r=g\",\"contentUrl\":\"https:\\\/\\\/secure.gravatar.com\\\/avatar\\\/dfd1611ed5600959a0e5a9754503b6c05d1dcf190010998e0363aee2ad98afca?s=96&d=mm&r=g\",\"caption\":\"Viviana Monrroy\"},\"sameAs\":[\"http:\\\/\\\/www.eldiario.net\"],\"url\":\"https:\\\/\\\/www.eldiario.net\\\/portal\\\/author\\\/vivianamonrroy\\\/\"}]}<\/script>\n<!-- \/ Yoast SEO plugin. -->","yoast_head_json":{"title":"Cambio en Defensa Civil: Roberto Rivero asume el Viceministerio (12:09) - El Diario - Bolivia","robots":{"index":"index","follow":"follow","max-snippet":"max-snippet:-1","max-image-preview":"max-image-preview:large","max-video-preview":"max-video-preview:-1"},"canonical":"https:\/\/www.eldiario.net\/portal\/2026\/07\/14\/cambio-en-defensa-civil-roberto-rivero-asume-el-viceministerio-1209\/","og_locale":"es_ES","og_type":"article","og_title":"Cambio en Defensa Civil: Roberto Rivero asume el Viceministerio (12:09) - El Diario - Bolivia","og_description":"El ministro de Defensa, Ernesto Justiniano, posesion\u00f3 este martes a Roberto Rivero como nuevo viceministro de Defensa Civil, en reemplazo de Alfredo Troche Machicao. La autoridad asume el cargo con el reto de encarar fen\u00f3menos clim\u00e1ticos cada vez m\u00e1s intensos, como inundaciones, sequ\u00edas e incendios forestales. En su toma de juramento, Rivero plante\u00f3 una gesti\u00f3n [&hellip;]","og_url":"https:\/\/www.eldiario.net\/portal\/2026\/07\/14\/cambio-en-defensa-civil-roberto-rivero-asume-el-viceministerio-1209\/","og_site_name":"El Diario - Bolivia","article_publisher":"https:\/\/www.facebook.com\/eldiario.bolivia\/","article_published_time":"2026-07-14T16:09:19+00:00","og_image":[{"width":393,"height":520,"url":"https:\/\/www.eldiario.net\/portal\/wp-content\/uploads\/2026\/07\/defensa-civil-14.07.26-copia.webp","type":"image\/webp"}],"author":"Viviana Monrroy","twitter_card":"summary_large_image","twitter_creator":"@eldiario_net","twitter_site":"@eldiario_net","twitter_misc":{"Escrito por":"Viviana Monrroy","Tiempo de lectura":"1 minuto"},"schema":{"@context":"https:\/\/schema.org","@graph":[{"@type":"Article","@id":"https:\/\/www.eldiario.net\/portal\/2026\/07\/14\/cambio-en-defensa-civil-roberto-rivero-asume-el-viceministerio-1209\/#article","isPartOf":{"@id":"https:\/\/www.eldiario.net\/portal\/2026\/07\/14\/cambio-en-defensa-civil-roberto-rivero-asume-el-viceministerio-1209\/"},"author":{"name":"Viviana Monrroy","@id":"https:\/\/www.eldiario.net\/portal\/#\/schema\/person\/32cc89e801dfcbad3a54f91da7f2ea06"},"headline":"Cambio en Defensa Civil: Roberto Rivero asume el Viceministerio (12:09)","datePublished":"2026-07-14T16:09:19+00:00","mainEntityOfPage":{"@id":"https:\/\/www.eldiario.net\/portal\/2026\/07\/14\/cambio-en-defensa-civil-roberto-rivero-asume-el-viceministerio-1209\/"},"wordCount":100,"publisher":{"@id":"https:\/\/www.eldiario.net\/portal\/#organization"},"image":{"@id":"https:\/\/www.eldiario.net\/portal\/2026\/07\/14\/cambio-en-defensa-civil-roberto-rivero-asume-el-viceministerio-1209\/#primaryimage"},"thumbnailUrl":"https:\/\/www.eldiario.net\/portal\/wp-content\/uploads\/2026\/07\/defensa-civil-14.07.26-copia.webp","articleSection":["\u00daltima Hora"],"inLanguage":"es"},{"@type":"WebPage","@id":"https:\/\/www.eldiario.net\/portal\/2026\/07\/14\/cambio-en-defensa-civil-roberto-rivero-asume-el-viceministerio-1209\/","url":"https:\/\/www.eldiario.net\/portal\/2026\/07\/14\/cambio-en-defensa-civil-roberto-rivero-asume-el-viceministerio-1209\/","name":"Cambio en Defensa Civil: Roberto Rivero asume el Viceministerio (12:09) - El Diario - Bolivia","isPartOf":{"@id":"https:\/\/www.eldiario.net\/portal\/#website"},"primaryImageOfPage":{"@id":"https:\/\/www.eldiario.net\/portal\/2026\/07\/14\/cambio-en-defensa-civil-roberto-rivero-asume-el-viceministerio-1209\/#primaryimage"},"image":{"@id":"https:\/\/www.eldiario.net\/portal\/2026\/07\/14\/cambio-en-defensa-civil-roberto-rivero-asume-el-viceministerio-1209\/#primaryimage"},"thumbnailUrl":"https:\/\/www.eldiario.net\/portal\/wp-content\/uploads\/2026\/07\/defensa-civil-14.07.26-copia.webp","datePublished":"2026-07-14T16:09:19+00:00","breadcrumb":{"@id":"https:\/\/www.eldiario.net\/portal\/2026\/07\/14\/cambio-en-defensa-civil-roberto-rivero-asume-el-viceministerio-1209\/#breadcrumb"},"inLanguage":"es","potentialAction":[{"@type":"ReadAction","target":["https:\/\/www.eldiario.net\/portal\/2026\/07\/14\/cambio-en-defensa-civil-roberto-rivero-asume-el-viceministerio-1209\/"]}]},{"@type":"ImageObject","inLanguage":"es","@id":"https:\/\/www.eldiario.net\/portal\/2026\/07\/14\/cambio-en-defensa-civil-roberto-rivero-asume-el-viceministerio-1209\/#primaryimage","url":"https:\/\/www.eldiario.net\/portal\/wp-content\/uploads\/2026\/07\/defensa-civil-14.07.26-copia.webp","contentUrl":"https:\/\/www.eldiario.net\/portal\/wp-content\/uploads\/2026\/07\/defensa-civil-14.07.26-copia.webp","width":393,"height":520,"caption":"Foto Ministerio de Defensa"},{"@type":"BreadcrumbList","@id":"https:\/\/www.eldiario.net\/portal\/2026\/07\/14\/cambio-en-defensa-civil-roberto-rivero-asume-el-viceministerio-1209\/#breadcrumb","itemListElement":[{"@type":"ListItem","position":1,"name":"Portada","item":"https:\/\/www.eldiario.net\/portal\/"},{"@type":"ListItem","position":2,"name":"Cambio en Defensa Civil: Roberto Rivero asume el Viceministerio (12:09)"}]},{"@type":"WebSite","@id":"https:\/\/www.eldiario.net\/portal\/#website","url":"https:\/\/www.eldiario.net\/portal\/","name":"El Diario - Decano de la prensa nacional","description":"El Diario - Decano de la prensa nacional","publisher":{"@id":"https:\/\/www.eldiario.net\/portal\/#organization"},"potentialAction":[{"@type":"SearchAction","target":{"@type":"EntryPoint","urlTemplate":"https:\/\/www.eldiario.net\/portal\/?s={search_term_string}"},"query-input":{"@type":"PropertyValueSpecification","valueRequired":true,"valueName":"search_term_string"}}],"inLanguage":"es"},{"@type":"Organization","@id":"https:\/\/www.eldiario.net\/portal\/#organization","name":"El Diario - Decano de la prensa nacional","url":"https:\/\/www.eldiario.net\/portal\/","logo":{"@type":"ImageObject","inLanguage":"es","@id":"https:\/\/www.eldiario.net\/portal\/#\/schema\/logo\/image\/","url":"https:\/\/www.eldiario.net\/portal\/wp-content\/uploads\/2023\/07\/logo_ED.jpg","contentUrl":"https:\/\/www.eldiario.net\/portal\/wp-content\/uploads\/2023\/07\/logo_ED.jpg","width":272,"height":52,"caption":"El Diario - Decano de la prensa nacional"},"image":{"@id":"https:\/\/www.eldiario.net\/portal\/#\/schema\/logo\/image\/"},"sameAs":["https:\/\/www.facebook.com\/eldiario.bolivia\/","https:\/\/x.com\/eldiario_net"]},{"@type":"Person","@id":"https:\/\/www.eldiario.net\/portal\/#\/schema\/person\/32cc89e801dfcbad3a54f91da7f2ea06","name":"Viviana Monrroy","image":{"@type":"ImageObject","inLanguage":"es","@id":"https:\/\/secure.gravatar.com\/avatar\/dfd1611ed5600959a0e5a9754503b6c05d1dcf190010998e0363aee2ad98afca?s=96&d=mm&r=g","url":"https:\/\/secure.gravatar.com\/avatar\/dfd1611ed5600959a0e5a9754503b6c05d1dcf190010998e0363aee2ad98afca?s=96&d=mm&r=g","contentUrl":"https:\/\/secure.gravatar.com\/avatar\/dfd1611ed5600959a0e5a9754503b6c05d1dcf190010998e0363aee2ad98afca?s=96&d=mm&r=g","caption":"Viviana Monrroy"},"sameAs":["http:\/\/www.eldiario.net"],"url":"https:\/\/www.eldiario.net\/portal\/author\/vivianamonrroy\/"}]}},"_links":{"self":[{"href":"https:\/\/www.eldiario.net\/portal\/wp-json\/wp\/v2\/posts\/412602","targetHints":{"allow":["GET"]}}],"collection":[{"href":"https:\/\/www.eldiario.net\/portal\/wp-json\/wp\/v2\/posts"}],"about":[{"href":"https:\/\/www.eldiario.net\/portal\/wp-json\/wp\/v2\/types\/post"}],"author":[{"embeddable":true,"href":"https:\/\/www.eldiario.net\/portal\/wp-json\/wp\/v2\/users\/7"}],"replies":[{"embeddable":true,"href":"https:\/\/www.eldiario.net\/portal\/wp-json\/wp\/v2\/comments?post=412602"}],"version-history":[{"count":1,"href":"https:\/\/www.eldiario.net\/portal\/wp-json\/wp\/v2\/posts\/412602\/revisions"}],"predecessor-version":[{"id":412604,"href":"https:\/\/www.eldiario.net\/portal\/wp-json\/wp\/v2\/posts\/412602\/revisions\/412604"}],"wp:featuredmedia":[{"embeddable":true,"href":"https:\/\/www.eldiario.net\/portal\/wp-json\/wp\/v2\/media\/412603"}],"wp:attachment":[{"href":"https:\/\/www.eldiario.net\/portal\/wp-json\/wp\/v2\/media?parent=412602"}],"wp:term":[{"taxonomy":"category","embeddable":true,"href":"https:\/\/www.eldiario.net\/portal\/wp-json\/wp\/v2\/categories?post=412602"},{"taxonomy":"post_tag","embeddable":true,"href":"https:\/\/www.eldiario.net\/portal\/wp-json\/wp\/v2\/tags?post=412602"}],"curies":[{"name":"wp","href":"https:\/\/api.w.org\/{rel}","templated":true}]}}