{"id":412577,"date":"2026-07-14T06:50:00","date_gmt":"2026-07-14T10:50:00","guid":{"rendered":"https:\/\/www.eldiario.net\/portal\/?p=412577"},"modified":"2026-07-14T06:50:00","modified_gmt":"2026-07-14T10:50:00","slug":"un-clasico-moderno-en-dallas-francia-vs-espana-hoy-a-las-1500-hb","status":"publish","type":"post","link":"https:\/\/www.eldiario.net\/portal\/2026\/07\/14\/un-clasico-moderno-en-dallas-francia-vs-espana-hoy-a-las-1500-hb\/","title":{"rendered":"Un Cl\u00e1sico Moderno en Dallas:  Francia vs. Espa\u00f1a hoy a las 15:00 (HB)"},"content":{"rendered":"<p>El imponente recinto de Texas, con capacidad para m\u00e1s de 80.000 espectadores, ser\u00e1 el escenario donde se defina al primer finalista de la Copa del Mundo.<\/p>\n<p>PREPARACI\u00d3N PREVIA Y ACTUALIDAD<\/p>\n<p>Ambas escuadras llegan invictas y exhibiendo un nivel alt\u00edsimo. Francia viene de superar con autoridad a Marruecos (2-0) en los cuartos de final. El t\u00e9cnico Didier Deschamps respira tranquilo, ya que Kylian Mbapp\u00e9 \u2014quien arrastraba una leve molestia en el tobillo\u2014 se encuentra completamente recuperado y liderar\u00e1 el frente de ataque.<\/p>\n<p>Espa\u00f1a, dirigida por Luis de la Fuente, llega tras un dur\u00edsimo y ag\u00f3nico triunfo ante B\u00e9lgica (2-1). El mediocampista Mikel Merino volvi\u00f3 a vestirse de h\u00e9roe saliendo desde el banquillo, consolidando la resistencia y el orden t\u00e1ctico de La Roja.<\/p>\n<p>POSIBLES ALINEACIONES<\/p>\n<p>Los dos entrenadores apostar\u00e1n por sus esquemas estelares en busca del control del mediocampo:<\/p>\n<p>Selecci\u00f3n de Francia (4-2-3-1):<\/p>\n<p>Portero: Mike Maignan.<\/p>\n<p>Defensas: Jules Kound\u00e9, Dayot Upamecano, William Saliba, Lucas Digne.<\/p>\n<p>Mediocampistas: Aur\u00e9lien Tchouam\u00e9ni, Adrien Rabiot.<\/p>\n<p>Mediapuntas: Michael Olise, Ousmane Demb\u00e9l\u00e9, D\u00e9sir\u00e9 Dou\u00e9.<\/p>\n<p>Delantero: Kylian Mbapp\u00e9.<\/p>\n<p>Selecci\u00f3n de Espa\u00f1a (4-2-3-1):<\/p>\n<p>Portero: Unai Sim\u00f3n.<\/p>\n<p>Defensas: Pedro Porro, Pau Cubars\u00ed, Aymeric Laporte, Marc Cucurella.<\/p>\n<p>Mediocampistas: Rodri, Fabi\u00e1n Ruiz.<\/p>\n<p>Mediapuntas: Lamine Yamal, Dani Olmo, \u00c1lex Baena.<\/p>\n<p>Delantero: Mikel Oyarzabal.<\/p>\n<p>HISTORIAL RECIENTE<\/p>\n<p>Ventaja para La Roja: El historial general de 38 partidos favorece a Espa\u00f1a con 18 victorias sobre 13 de Francia y 7 empates.<\/p>\n<p>En el corto plazo, la balanza se ha inclinado marcadamente hacia los ib\u00e9ricos:<\/p>\n<p>Nations League 2025 (Semifinal): Espa\u00f1a gan\u00f3 un inolvidable 5-4 con doblete de Lamine Yamal.<\/p>\n<p>Eurocopa 2024 (Semifinal):<\/p>\n<p>Espa\u00f1a se impuso 2-1 en su camino al t\u00edtulo continental.<\/p>\n<p>Nations League 2021 (Final): Francia se llev\u00f3 el triunfo por 2-1, siendo su \u00faltima gran alegr\u00eda oficial ante el vecino pa\u00eds.<\/p>\n<p>(AGENCIAS-IMAGEN FIFA)<\/p>\n","protected":false},"excerpt":{"rendered":"<p>El imponente recinto de Texas, con capacidad para m\u00e1s de 80.000 espectadores, ser\u00e1 el escenario donde se defina al primer finalista de la Copa del Mundo. PREPARACI\u00d3N PREVIA Y ACTUALIDAD Ambas escuadras llegan invictas y exhibiendo un nivel alt\u00edsimo. Francia viene de superar con autoridad a Marruecos (2-0) en los cuartos de final. El t\u00e9cnico [&hellip;]<\/p>\n","protected":false},"author":1,"featured_media":412578,"comment_status":"closed","ping_status":"open","sticky":false,"template":"","format":"standard","meta":{"_acf_changed":false,"footnotes":""},"categories":[6],"tags":[],"class_list":["post-412577","post","type-post","status-publish","format-standard","has-post-thumbnail","category-deportes"],"acf":{"antetitulo":"COPA DEL MUNDO- SEMIFINALES"},"yoast_head":"<!-- This site is optimized with the Yoast SEO plugin v28.4 - https:\/\/yoast.com\/product\/yoast-seo-wordpress\/ -->\n<title>Un Cl\u00e1sico Moderno en Dallas: Francia vs. Espa\u00f1a hoy a las 15:00 (HB) - El Diario - Bolivia<\/title>\n<meta name=\"robots\" content=\"index, follow, max-snippet:-1, max-image-preview:large, max-video-preview:-1\" \/>\n<link rel=\"canonical\" href=\"https:\/\/www.eldiario.net\/portal\/2026\/07\/14\/un-clasico-moderno-en-dallas-francia-vs-espana-hoy-a-las-1500-hb\/\" \/>\n<meta property=\"og:locale\" content=\"es_ES\" \/>\n<meta property=\"og:type\" content=\"article\" \/>\n<meta property=\"og:title\" content=\"Un Cl\u00e1sico Moderno en Dallas: Francia vs. Espa\u00f1a hoy a las 15:00 (HB) - El Diario - Bolivia\" \/>\n<meta property=\"og:description\" content=\"El imponente recinto de Texas, con capacidad para m\u00e1s de 80.000 espectadores, ser\u00e1 el escenario donde se defina al primer finalista de la Copa del Mundo. PREPARACI\u00d3N PREVIA Y ACTUALIDAD Ambas escuadras llegan invictas y exhibiendo un nivel alt\u00edsimo. Francia viene de superar con autoridad a Marruecos (2-0) en los cuartos de final. El t\u00e9cnico [&hellip;]\" \/>\n<meta property=\"og:url\" content=\"https:\/\/www.eldiario.net\/portal\/2026\/07\/14\/un-clasico-moderno-en-dallas-francia-vs-espana-hoy-a-las-1500-hb\/\" \/>\n<meta property=\"og:site_name\" content=\"El Diario - Bolivia\" \/>\n<meta property=\"article:publisher\" content=\"https:\/\/www.facebook.com\/eldiario.bolivia\/\" \/>\n<meta property=\"article:published_time\" content=\"2026-07-14T10:50:00+00:00\" \/>\n<meta property=\"og:image\" content=\"https:\/\/www.eldiario.net\/portal\/wp-content\/uploads\/2026\/07\/Francia-13.webp\" \/>\n\t<meta property=\"og:image:width\" content=\"720\" \/>\n\t<meta property=\"og:image:height\" content=\"490\" \/>\n\t<meta property=\"og:image:type\" content=\"image\/webp\" \/>\n<meta name=\"author\" content=\"Jeanette\" \/>\n<meta name=\"twitter:card\" content=\"summary_large_image\" \/>\n<meta name=\"twitter:creator\" content=\"@eldiario_net\" \/>\n<meta name=\"twitter:site\" content=\"@eldiario_net\" \/>\n<meta name=\"twitter:label1\" content=\"Escrito por\" \/>\n\t<meta name=\"twitter:data1\" content=\"Jeanette\" \/>\n\t<meta name=\"twitter:label2\" content=\"Tiempo de lectura\" \/>\n\t<meta name=\"twitter:data2\" content=\"2 minutos\" \/>\n<script type=\"application\/ld+json\" class=\"yoast-schema-graph\">{\"@context\":\"https:\\\/\\\/schema.org\",\"@graph\":[{\"@type\":\"Article\",\"@id\":\"https:\\\/\\\/www.eldiario.net\\\/portal\\\/2026\\\/07\\\/14\\\/un-clasico-moderno-en-dallas-francia-vs-espana-hoy-a-las-1500-hb\\\/#article\",\"isPartOf\":{\"@id\":\"https:\\\/\\\/www.eldiario.net\\\/portal\\\/2026\\\/07\\\/14\\\/un-clasico-moderno-en-dallas-francia-vs-espana-hoy-a-las-1500-hb\\\/\"},\"author\":{\"name\":\"Jeanette\",\"@id\":\"https:\\\/\\\/www.eldiario.net\\\/portal\\\/#\\\/schema\\\/person\\\/2c57cf2b7a7ae032e449e4c9b1019eac\"},\"headline\":\"Un Cl\u00e1sico Moderno en Dallas: Francia vs. Espa\u00f1a hoy a las 15:00 (HB)\",\"datePublished\":\"2026-07-14T10:50:00+00:00\",\"mainEntityOfPage\":{\"@id\":\"https:\\\/\\\/www.eldiario.net\\\/portal\\\/2026\\\/07\\\/14\\\/un-clasico-moderno-en-dallas-francia-vs-espana-hoy-a-las-1500-hb\\\/\"},\"wordCount\":323,\"publisher\":{\"@id\":\"https:\\\/\\\/www.eldiario.net\\\/portal\\\/#organization\"},\"image\":{\"@id\":\"https:\\\/\\\/www.eldiario.net\\\/portal\\\/2026\\\/07\\\/14\\\/un-clasico-moderno-en-dallas-francia-vs-espana-hoy-a-las-1500-hb\\\/#primaryimage\"},\"thumbnailUrl\":\"https:\\\/\\\/www.eldiario.net\\\/portal\\\/wp-content\\\/uploads\\\/2026\\\/07\\\/Francia-13.webp\",\"articleSection\":[\"Deportes\"],\"inLanguage\":\"es\"},{\"@type\":\"WebPage\",\"@id\":\"https:\\\/\\\/www.eldiario.net\\\/portal\\\/2026\\\/07\\\/14\\\/un-clasico-moderno-en-dallas-francia-vs-espana-hoy-a-las-1500-hb\\\/\",\"url\":\"https:\\\/\\\/www.eldiario.net\\\/portal\\\/2026\\\/07\\\/14\\\/un-clasico-moderno-en-dallas-francia-vs-espana-hoy-a-las-1500-hb\\\/\",\"name\":\"Un Cl\u00e1sico Moderno en Dallas: Francia vs. Espa\u00f1a hoy a las 15:00 (HB) - El Diario - Bolivia\",\"isPartOf\":{\"@id\":\"https:\\\/\\\/www.eldiario.net\\\/portal\\\/#website\"},\"primaryImageOfPage\":{\"@id\":\"https:\\\/\\\/www.eldiario.net\\\/portal\\\/2026\\\/07\\\/14\\\/un-clasico-moderno-en-dallas-francia-vs-espana-hoy-a-las-1500-hb\\\/#primaryimage\"},\"image\":{\"@id\":\"https:\\\/\\\/www.eldiario.net\\\/portal\\\/2026\\\/07\\\/14\\\/un-clasico-moderno-en-dallas-francia-vs-espana-hoy-a-las-1500-hb\\\/#primaryimage\"},\"thumbnailUrl\":\"https:\\\/\\\/www.eldiario.net\\\/portal\\\/wp-content\\\/uploads\\\/2026\\\/07\\\/Francia-13.webp\",\"datePublished\":\"2026-07-14T10:50:00+00:00\",\"breadcrumb\":{\"@id\":\"https:\\\/\\\/www.eldiario.net\\\/portal\\\/2026\\\/07\\\/14\\\/un-clasico-moderno-en-dallas-francia-vs-espana-hoy-a-las-1500-hb\\\/#breadcrumb\"},\"inLanguage\":\"es\",\"potentialAction\":[{\"@type\":\"ReadAction\",\"target\":[\"https:\\\/\\\/www.eldiario.net\\\/portal\\\/2026\\\/07\\\/14\\\/un-clasico-moderno-en-dallas-francia-vs-espana-hoy-a-las-1500-hb\\\/\"]}]},{\"@type\":\"ImageObject\",\"inLanguage\":\"es\",\"@id\":\"https:\\\/\\\/www.eldiario.net\\\/portal\\\/2026\\\/07\\\/14\\\/un-clasico-moderno-en-dallas-francia-vs-espana-hoy-a-las-1500-hb\\\/#primaryimage\",\"url\":\"https:\\\/\\\/www.eldiario.net\\\/portal\\\/wp-content\\\/uploads\\\/2026\\\/07\\\/Francia-13.webp\",\"contentUrl\":\"https:\\\/\\\/www.eldiario.net\\\/portal\\\/wp-content\\\/uploads\\\/2026\\\/07\\\/Francia-13.webp\",\"width\":720,\"height\":490},{\"@type\":\"BreadcrumbList\",\"@id\":\"https:\\\/\\\/www.eldiario.net\\\/portal\\\/2026\\\/07\\\/14\\\/un-clasico-moderno-en-dallas-francia-vs-espana-hoy-a-las-1500-hb\\\/#breadcrumb\",\"itemListElement\":[{\"@type\":\"ListItem\",\"position\":1,\"name\":\"Portada\",\"item\":\"https:\\\/\\\/www.eldiario.net\\\/portal\\\/\"},{\"@type\":\"ListItem\",\"position\":2,\"name\":\"Un Cl\u00e1sico Moderno en Dallas: Francia vs. Espa\u00f1a hoy a las 15:00 (HB)\"}]},{\"@type\":\"WebSite\",\"@id\":\"https:\\\/\\\/www.eldiario.net\\\/portal\\\/#website\",\"url\":\"https:\\\/\\\/www.eldiario.net\\\/portal\\\/\",\"name\":\"El Diario - Decano de la prensa nacional\",\"description\":\"El Diario - Decano de la prensa nacional\",\"publisher\":{\"@id\":\"https:\\\/\\\/www.eldiario.net\\\/portal\\\/#organization\"},\"potentialAction\":[{\"@type\":\"SearchAction\",\"target\":{\"@type\":\"EntryPoint\",\"urlTemplate\":\"https:\\\/\\\/www.eldiario.net\\\/portal\\\/?s={search_term_string}\"},\"query-input\":{\"@type\":\"PropertyValueSpecification\",\"valueRequired\":true,\"valueName\":\"search_term_string\"}}],\"inLanguage\":\"es\"},{\"@type\":\"Organization\",\"@id\":\"https:\\\/\\\/www.eldiario.net\\\/portal\\\/#organization\",\"name\":\"El Diario - Decano de la prensa nacional\",\"url\":\"https:\\\/\\\/www.eldiario.net\\\/portal\\\/\",\"logo\":{\"@type\":\"ImageObject\",\"inLanguage\":\"es\",\"@id\":\"https:\\\/\\\/www.eldiario.net\\\/portal\\\/#\\\/schema\\\/logo\\\/image\\\/\",\"url\":\"https:\\\/\\\/www.eldiario.net\\\/portal\\\/wp-content\\\/uploads\\\/2023\\\/07\\\/logo_ED.jpg\",\"contentUrl\":\"https:\\\/\\\/www.eldiario.net\\\/portal\\\/wp-content\\\/uploads\\\/2023\\\/07\\\/logo_ED.jpg\",\"width\":272,\"height\":52,\"caption\":\"El Diario - Decano de la prensa nacional\"},\"image\":{\"@id\":\"https:\\\/\\\/www.eldiario.net\\\/portal\\\/#\\\/schema\\\/logo\\\/image\\\/\"},\"sameAs\":[\"https:\\\/\\\/www.facebook.com\\\/eldiario.bolivia\\\/\",\"https:\\\/\\\/x.com\\\/eldiario_net\"]},{\"@type\":\"Person\",\"@id\":\"https:\\\/\\\/www.eldiario.net\\\/portal\\\/#\\\/schema\\\/person\\\/2c57cf2b7a7ae032e449e4c9b1019eac\",\"name\":\"Jeanette\",\"image\":{\"@type\":\"ImageObject\",\"inLanguage\":\"es\",\"@id\":\"https:\\\/\\\/secure.gravatar.com\\\/avatar\\\/3ea2118a5f7dad2b7138b1187a6b7ee55f160b9968b66013c3a3ef39dd7e5798?s=96&d=mm&r=g\",\"url\":\"https:\\\/\\\/secure.gravatar.com\\\/avatar\\\/3ea2118a5f7dad2b7138b1187a6b7ee55f160b9968b66013c3a3ef39dd7e5798?s=96&d=mm&r=g\",\"contentUrl\":\"https:\\\/\\\/secure.gravatar.com\\\/avatar\\\/3ea2118a5f7dad2b7138b1187a6b7ee55f160b9968b66013c3a3ef39dd7e5798?s=96&d=mm&r=g\",\"caption\":\"Jeanette\"},\"sameAs\":[\"https:\\\/\\\/www.eldiario.net\\\/portal\"],\"url\":\"https:\\\/\\\/www.eldiario.net\\\/portal\\\/author\\\/jeanette\\\/\"}]}<\/script>\n<!-- \/ Yoast SEO plugin. -->","yoast_head_json":{"title":"Un Cl\u00e1sico Moderno en Dallas: Francia vs. Espa\u00f1a hoy a las 15:00 (HB) - El Diario - Bolivia","robots":{"index":"index","follow":"follow","max-snippet":"max-snippet:-1","max-image-preview":"max-image-preview:large","max-video-preview":"max-video-preview:-1"},"canonical":"https:\/\/www.eldiario.net\/portal\/2026\/07\/14\/un-clasico-moderno-en-dallas-francia-vs-espana-hoy-a-las-1500-hb\/","og_locale":"es_ES","og_type":"article","og_title":"Un Cl\u00e1sico Moderno en Dallas: Francia vs. Espa\u00f1a hoy a las 15:00 (HB) - El Diario - Bolivia","og_description":"El imponente recinto de Texas, con capacidad para m\u00e1s de 80.000 espectadores, ser\u00e1 el escenario donde se defina al primer finalista de la Copa del Mundo. PREPARACI\u00d3N PREVIA Y ACTUALIDAD Ambas escuadras llegan invictas y exhibiendo un nivel alt\u00edsimo. Francia viene de superar con autoridad a Marruecos (2-0) en los cuartos de final. El t\u00e9cnico [&hellip;]","og_url":"https:\/\/www.eldiario.net\/portal\/2026\/07\/14\/un-clasico-moderno-en-dallas-francia-vs-espana-hoy-a-las-1500-hb\/","og_site_name":"El Diario - Bolivia","article_publisher":"https:\/\/www.facebook.com\/eldiario.bolivia\/","article_published_time":"2026-07-14T10:50:00+00:00","og_image":[{"width":720,"height":490,"url":"https:\/\/www.eldiario.net\/portal\/wp-content\/uploads\/2026\/07\/Francia-13.webp","type":"image\/webp"}],"author":"Jeanette","twitter_card":"summary_large_image","twitter_creator":"@eldiario_net","twitter_site":"@eldiario_net","twitter_misc":{"Escrito por":"Jeanette","Tiempo de lectura":"2 minutos"},"schema":{"@context":"https:\/\/schema.org","@graph":[{"@type":"Article","@id":"https:\/\/www.eldiario.net\/portal\/2026\/07\/14\/un-clasico-moderno-en-dallas-francia-vs-espana-hoy-a-las-1500-hb\/#article","isPartOf":{"@id":"https:\/\/www.eldiario.net\/portal\/2026\/07\/14\/un-clasico-moderno-en-dallas-francia-vs-espana-hoy-a-las-1500-hb\/"},"author":{"name":"Jeanette","@id":"https:\/\/www.eldiario.net\/portal\/#\/schema\/person\/2c57cf2b7a7ae032e449e4c9b1019eac"},"headline":"Un Cl\u00e1sico Moderno en Dallas: Francia vs. Espa\u00f1a hoy a las 15:00 (HB)","datePublished":"2026-07-14T10:50:00+00:00","mainEntityOfPage":{"@id":"https:\/\/www.eldiario.net\/portal\/2026\/07\/14\/un-clasico-moderno-en-dallas-francia-vs-espana-hoy-a-las-1500-hb\/"},"wordCount":323,"publisher":{"@id":"https:\/\/www.eldiario.net\/portal\/#organization"},"image":{"@id":"https:\/\/www.eldiario.net\/portal\/2026\/07\/14\/un-clasico-moderno-en-dallas-francia-vs-espana-hoy-a-las-1500-hb\/#primaryimage"},"thumbnailUrl":"https:\/\/www.eldiario.net\/portal\/wp-content\/uploads\/2026\/07\/Francia-13.webp","articleSection":["Deportes"],"inLanguage":"es"},{"@type":"WebPage","@id":"https:\/\/www.eldiario.net\/portal\/2026\/07\/14\/un-clasico-moderno-en-dallas-francia-vs-espana-hoy-a-las-1500-hb\/","url":"https:\/\/www.eldiario.net\/portal\/2026\/07\/14\/un-clasico-moderno-en-dallas-francia-vs-espana-hoy-a-las-1500-hb\/","name":"Un Cl\u00e1sico Moderno en Dallas: Francia vs. Espa\u00f1a hoy a las 15:00 (HB) - El Diario - Bolivia","isPartOf":{"@id":"https:\/\/www.eldiario.net\/portal\/#website"},"primaryImageOfPage":{"@id":"https:\/\/www.eldiario.net\/portal\/2026\/07\/14\/un-clasico-moderno-en-dallas-francia-vs-espana-hoy-a-las-1500-hb\/#primaryimage"},"image":{"@id":"https:\/\/www.eldiario.net\/portal\/2026\/07\/14\/un-clasico-moderno-en-dallas-francia-vs-espana-hoy-a-las-1500-hb\/#primaryimage"},"thumbnailUrl":"https:\/\/www.eldiario.net\/portal\/wp-content\/uploads\/2026\/07\/Francia-13.webp","datePublished":"2026-07-14T10:50:00+00:00","breadcrumb":{"@id":"https:\/\/www.eldiario.net\/portal\/2026\/07\/14\/un-clasico-moderno-en-dallas-francia-vs-espana-hoy-a-las-1500-hb\/#breadcrumb"},"inLanguage":"es","potentialAction":[{"@type":"ReadAction","target":["https:\/\/www.eldiario.net\/portal\/2026\/07\/14\/un-clasico-moderno-en-dallas-francia-vs-espana-hoy-a-las-1500-hb\/"]}]},{"@type":"ImageObject","inLanguage":"es","@id":"https:\/\/www.eldiario.net\/portal\/2026\/07\/14\/un-clasico-moderno-en-dallas-francia-vs-espana-hoy-a-las-1500-hb\/#primaryimage","url":"https:\/\/www.eldiario.net\/portal\/wp-content\/uploads\/2026\/07\/Francia-13.webp","contentUrl":"https:\/\/www.eldiario.net\/portal\/wp-content\/uploads\/2026\/07\/Francia-13.webp","width":720,"height":490},{"@type":"BreadcrumbList","@id":"https:\/\/www.eldiario.net\/portal\/2026\/07\/14\/un-clasico-moderno-en-dallas-francia-vs-espana-hoy-a-las-1500-hb\/#breadcrumb","itemListElement":[{"@type":"ListItem","position":1,"name":"Portada","item":"https:\/\/www.eldiario.net\/portal\/"},{"@type":"ListItem","position":2,"name":"Un Cl\u00e1sico Moderno en Dallas: Francia vs. Espa\u00f1a hoy a las 15:00 (HB)"}]},{"@type":"WebSite","@id":"https:\/\/www.eldiario.net\/portal\/#website","url":"https:\/\/www.eldiario.net\/portal\/","name":"El Diario - Decano de la prensa nacional","description":"El Diario - Decano de la prensa nacional","publisher":{"@id":"https:\/\/www.eldiario.net\/portal\/#organization"},"potentialAction":[{"@type":"SearchAction","target":{"@type":"EntryPoint","urlTemplate":"https:\/\/www.eldiario.net\/portal\/?s={search_term_string}"},"query-input":{"@type":"PropertyValueSpecification","valueRequired":true,"valueName":"search_term_string"}}],"inLanguage":"es"},{"@type":"Organization","@id":"https:\/\/www.eldiario.net\/portal\/#organization","name":"El Diario - Decano de la prensa nacional","url":"https:\/\/www.eldiario.net\/portal\/","logo":{"@type":"ImageObject","inLanguage":"es","@id":"https:\/\/www.eldiario.net\/portal\/#\/schema\/logo\/image\/","url":"https:\/\/www.eldiario.net\/portal\/wp-content\/uploads\/2023\/07\/logo_ED.jpg","contentUrl":"https:\/\/www.eldiario.net\/portal\/wp-content\/uploads\/2023\/07\/logo_ED.jpg","width":272,"height":52,"caption":"El Diario - Decano de la prensa nacional"},"image":{"@id":"https:\/\/www.eldiario.net\/portal\/#\/schema\/logo\/image\/"},"sameAs":["https:\/\/www.facebook.com\/eldiario.bolivia\/","https:\/\/x.com\/eldiario_net"]},{"@type":"Person","@id":"https:\/\/www.eldiario.net\/portal\/#\/schema\/person\/2c57cf2b7a7ae032e449e4c9b1019eac","name":"Jeanette","image":{"@type":"ImageObject","inLanguage":"es","@id":"https:\/\/secure.gravatar.com\/avatar\/3ea2118a5f7dad2b7138b1187a6b7ee55f160b9968b66013c3a3ef39dd7e5798?s=96&d=mm&r=g","url":"https:\/\/secure.gravatar.com\/avatar\/3ea2118a5f7dad2b7138b1187a6b7ee55f160b9968b66013c3a3ef39dd7e5798?s=96&d=mm&r=g","contentUrl":"https:\/\/secure.gravatar.com\/avatar\/3ea2118a5f7dad2b7138b1187a6b7ee55f160b9968b66013c3a3ef39dd7e5798?s=96&d=mm&r=g","caption":"Jeanette"},"sameAs":["https:\/\/www.eldiario.net\/portal"],"url":"https:\/\/www.eldiario.net\/portal\/author\/jeanette\/"}]}},"_links":{"self":[{"href":"https:\/\/www.eldiario.net\/portal\/wp-json\/wp\/v2\/posts\/412577","targetHints":{"allow":["GET"]}}],"collection":[{"href":"https:\/\/www.eldiario.net\/portal\/wp-json\/wp\/v2\/posts"}],"about":[{"href":"https:\/\/www.eldiario.net\/portal\/wp-json\/wp\/v2\/types\/post"}],"author":[{"embeddable":true,"href":"https:\/\/www.eldiario.net\/portal\/wp-json\/wp\/v2\/users\/1"}],"replies":[{"embeddable":true,"href":"https:\/\/www.eldiario.net\/portal\/wp-json\/wp\/v2\/comments?post=412577"}],"version-history":[{"count":1,"href":"https:\/\/www.eldiario.net\/portal\/wp-json\/wp\/v2\/posts\/412577\/revisions"}],"predecessor-version":[{"id":412579,"href":"https:\/\/www.eldiario.net\/portal\/wp-json\/wp\/v2\/posts\/412577\/revisions\/412579"}],"wp:featuredmedia":[{"embeddable":true,"href":"https:\/\/www.eldiario.net\/portal\/wp-json\/wp\/v2\/media\/412578"}],"wp:attachment":[{"href":"https:\/\/www.eldiario.net\/portal\/wp-json\/wp\/v2\/media?parent=412577"}],"wp:term":[{"taxonomy":"category","embeddable":true,"href":"https:\/\/www.eldiario.net\/portal\/wp-json\/wp\/v2\/categories?post=412577"},{"taxonomy":"post_tag","embeddable":true,"href":"https:\/\/www.eldiario.net\/portal\/wp-json\/wp\/v2\/tags?post=412577"}],"curies":[{"name":"wp","href":"https:\/\/api.w.org\/{rel}","templated":true}]}}