{"id":412466,"date":"2026-07-14T06:16:44","date_gmt":"2026-07-14T10:16:44","guid":{"rendered":"https:\/\/www.eldiario.net\/portal\/?p=412466"},"modified":"2026-07-14T06:16:44","modified_gmt":"2026-07-14T10:16:44","slug":"conozca-las-actividades-por-la-efemeride-de-la-paz","status":"publish","type":"post","link":"https:\/\/www.eldiario.net\/portal\/2026\/07\/14\/conozca-las-actividades-por-la-efemeride-de-la-paz\/","title":{"rendered":"Conozca las actividades por  la efem\u00e9ride de La Paz"},"content":{"rendered":"<p>La Gobernaci\u00f3n de La Paz present\u00f3 la agenda de actividades por la efem\u00e9ride pace\u00f1a. Antes, las alcald\u00edas de La Paz y El Alto tambi\u00e9n dieron a conocer los actos programados para conmemorar los 217 a\u00f1os de la Gesta Libertaria, del 14 al 16 de julio.<\/p>\n<p>\u201cNosotros estamos en coordinaci\u00f3n con el Ejecutivo departamental, tambi\u00e9n con las instancias del nivel central del Estado, Canciller\u00eda y otras entidades como las Fuerzas Armadas y la Polic\u00eda Boliviana. El acto principal se efectuar\u00e1 el mi\u00e9rcoles 15 del presente mes\u201d, inform\u00f3 el presidente de la Asamblea Legislativa Departamental de La Paz, Rufo Calle.<\/p>\n<p>MARTES 14 DE JULIO<\/p>\n<p>09:00 a 12:00. Sesi\u00f3n de Honor de la Brigada Parlamentaria de La Paz, en la Casa Grande del Pueblo, con la presencia del presidente Rodrigo Paz Pereira.<\/p>\n<p>\u201cHa confirmado la presencia el Presidente del Estado Plurinacional de Bolivia, los ministros, cuerpo diplom\u00e1tico, entre otros\u201d, inform\u00f3 el diputado Mauricio Taboada, quien adelant\u00f3 que durante la sesi\u00f3n se realizar\u00e1n anuncios importantes para La Paz.<\/p>\n<p>18:00. Desfile de carros aleg\u00f3ricos organizado por la Alcald\u00eda de La Paz. La actividad iniciar\u00e1 en la avenida Montes y concluir\u00e1 en la Plaza del Estudiante.<\/p>\n<p>MI\u00c9RCOLES 15 DE JULIO<\/p>\n<p>07:00. Inicio de la entrada folkl\u00f3rica en devoci\u00f3n a la Virgen del Carmen, en la zona 16 de Julio de El Alto.<\/p>\n<p>Horario por confirmar. Sesi\u00f3n de Honor de la Asamblea Legislativa Departamental por los 217 a\u00f1os de la Gesta Libertaria de La Paz, con la participaci\u00f3n de autoridades nacionales, departamentales, militares, policiales, organizaciones sociales y civiles, entre otros. En el acto se entregar\u00e1n reconocimientos a personalidades e instituciones destacadas del departamento.<\/p>\n<p>Horario por confirmar. Sesi\u00f3n de Honor Infantil organizada por el Concejo Municipal de La Paz.<\/p>\n<p>12:00. Sesi\u00f3n de Honor Municipal y encendido de la Tea de Murillo, en el Faro Murillo de la ciudad de El Alto.<\/p>\n<p>17:00. Inicio del Desfile de Teas en El Alto, a la altura de la piscina municipal, en la avenida C\u00edvica.<\/p>\n<p>17:00. Acto de encendido de la Tea de Murillo, en la Casa de Pedro Domingo Murillo, en la ciudad de La Paz, con la participaci\u00f3n de autoridades de los tres niveles del Estado, representantes de los \u00f3rganos Legislativo, Judicial y Electoral, adem\u00e1s de autoridades militares y policiales.<\/p>\n<p>17:30. Inicio del Desfile de Teas. Se prev\u00e9 la participaci\u00f3n de m\u00e1s de 120 instituciones y organizaciones.<\/p>\n<p>\u201cEsta gesti\u00f3n solo tiene un peque\u00f1o cambio en la ruta del desfile: comenzar\u00e1 en la calle Ingavi, ingresar\u00e1 a la Plaza Murillo, continuar\u00e1 por la Ayacucho, bajar\u00e1 hasta la Obelisco y de ah\u00ed tomar\u00e1 la avenida Mariscal Santa Cruz y el paseo del Prado. La desconcentraci\u00f3n ser\u00e1 en la Plaza del Estudiante\u201d, detall\u00f3 la directora de gabinete de la Gobernaci\u00f3n, Beatriz Cahuasa.<\/p>\n<p>14:00. Inicio de la verbena pace\u00f1a en la plaza San Francisco, organizada por la Alcald\u00eda de La Paz. La actividad reunir\u00e1 a m\u00e1s de 20 agrupaciones nacionales y se extender\u00e1 por m\u00e1s de 12 horas.<\/p>\n<p>20:00. Inicio de la verbena en la plaza Obelisco de la ciudad de El ALTO.<\/p>\n<p>JUEVES 16 DE JULIO<\/p>\n<p>06:30. Ofrenda floral.<\/p>\n<p>09:00. Te Deum, columna de honor y procesi\u00f3n de la Virgen del Carmen. A la conclusi\u00f3n, las autoridades e invitados se trasladar\u00e1n a un cholet de la zona Alto Lima, en El Alto.<\/p>\n<p>Horario por confirmar. Sesi\u00f3n de Honor del Concejo Municipal de La Paz, en predios de la Gobernaci\u00f3n de La Paz, donde se entregar\u00e1n reconocimientos a personalidades e instituciones, inform\u00f3 el concejal Virgilio Apaza.<\/p>\n<p>16:00. Conclusi\u00f3n de las actividades en la Gobernaci\u00f3n de La Paz.<\/p>\n","protected":false},"excerpt":{"rendered":"<p>La Gobernaci\u00f3n de La Paz present\u00f3 la agenda de actividades por la efem\u00e9ride pace\u00f1a. Antes, las alcald\u00edas de La Paz y El Alto tambi\u00e9n dieron a conocer los actos programados para conmemorar los 217 a\u00f1os de la Gesta Libertaria, del 14 al 16 de julio. \u201cNosotros estamos en coordinaci\u00f3n con el Ejecutivo departamental, tambi\u00e9n con [&hellip;]<\/p>\n","protected":false},"author":1,"featured_media":412467,"comment_status":"closed","ping_status":"open","sticky":false,"template":"","format":"standard","meta":{"_acf_changed":false,"footnotes":""},"categories":[15],"tags":[],"class_list":["post-412466","post","type-post","status-publish","format-standard","has-post-thumbnail","category-portada"],"acf":{"antetitulo":""},"yoast_head":"<!-- This site is optimized with the Yoast SEO plugin v28.4 - https:\/\/yoast.com\/product\/yoast-seo-wordpress\/ -->\n<title>Conozca las actividades por la efem\u00e9ride de La Paz - El Diario - Bolivia<\/title>\n<meta name=\"robots\" content=\"index, follow, max-snippet:-1, max-image-preview:large, max-video-preview:-1\" \/>\n<link rel=\"canonical\" href=\"https:\/\/www.eldiario.net\/portal\/2026\/07\/14\/conozca-las-actividades-por-la-efemeride-de-la-paz\/\" \/>\n<meta property=\"og:locale\" content=\"es_ES\" \/>\n<meta property=\"og:type\" content=\"article\" \/>\n<meta property=\"og:title\" content=\"Conozca las actividades por la efem\u00e9ride de La Paz - El Diario - Bolivia\" \/>\n<meta property=\"og:description\" content=\"La Gobernaci\u00f3n de La Paz present\u00f3 la agenda de actividades por la efem\u00e9ride pace\u00f1a. Antes, las alcald\u00edas de La Paz y El Alto tambi\u00e9n dieron a conocer los actos programados para conmemorar los 217 a\u00f1os de la Gesta Libertaria, del 14 al 16 de julio. \u201cNosotros estamos en coordinaci\u00f3n con el Ejecutivo departamental, tambi\u00e9n con [&hellip;]\" \/>\n<meta property=\"og:url\" content=\"https:\/\/www.eldiario.net\/portal\/2026\/07\/14\/conozca-las-actividades-por-la-efemeride-de-la-paz\/\" \/>\n<meta property=\"og:site_name\" content=\"El Diario - Bolivia\" \/>\n<meta property=\"article:publisher\" content=\"https:\/\/www.facebook.com\/eldiario.bolivia\/\" \/>\n<meta property=\"article:published_time\" content=\"2026-07-14T10:16:44+00:00\" \/>\n<meta property=\"og:image\" content=\"https:\/\/www.eldiario.net\/portal\/wp-content\/uploads\/2026\/07\/MERIDE-FOTO.webp\" \/>\n\t<meta property=\"og:image:width\" content=\"1200\" \/>\n\t<meta property=\"og:image:height\" content=\"650\" \/>\n\t<meta property=\"og:image:type\" content=\"image\/webp\" \/>\n<meta name=\"author\" content=\"Jeanette\" \/>\n<meta name=\"twitter:card\" content=\"summary_large_image\" \/>\n<meta name=\"twitter:creator\" content=\"@eldiario_net\" \/>\n<meta name=\"twitter:site\" content=\"@eldiario_net\" \/>\n<meta name=\"twitter:label1\" content=\"Escrito por\" \/>\n\t<meta name=\"twitter:data1\" content=\"Jeanette\" \/>\n\t<meta name=\"twitter:label2\" content=\"Tiempo de lectura\" \/>\n\t<meta name=\"twitter:data2\" content=\"3 minutos\" \/>\n<script type=\"application\/ld+json\" class=\"yoast-schema-graph\">{\"@context\":\"https:\\\/\\\/schema.org\",\"@graph\":[{\"@type\":\"Article\",\"@id\":\"https:\\\/\\\/www.eldiario.net\\\/portal\\\/2026\\\/07\\\/14\\\/conozca-las-actividades-por-la-efemeride-de-la-paz\\\/#article\",\"isPartOf\":{\"@id\":\"https:\\\/\\\/www.eldiario.net\\\/portal\\\/2026\\\/07\\\/14\\\/conozca-las-actividades-por-la-efemeride-de-la-paz\\\/\"},\"author\":{\"name\":\"Jeanette\",\"@id\":\"https:\\\/\\\/www.eldiario.net\\\/portal\\\/#\\\/schema\\\/person\\\/2c57cf2b7a7ae032e449e4c9b1019eac\"},\"headline\":\"Conozca las actividades por la efem\u00e9ride de La Paz\",\"datePublished\":\"2026-07-14T10:16:44+00:00\",\"mainEntityOfPage\":{\"@id\":\"https:\\\/\\\/www.eldiario.net\\\/portal\\\/2026\\\/07\\\/14\\\/conozca-las-actividades-por-la-efemeride-de-la-paz\\\/\"},\"wordCount\":615,\"publisher\":{\"@id\":\"https:\\\/\\\/www.eldiario.net\\\/portal\\\/#organization\"},\"image\":{\"@id\":\"https:\\\/\\\/www.eldiario.net\\\/portal\\\/2026\\\/07\\\/14\\\/conozca-las-actividades-por-la-efemeride-de-la-paz\\\/#primaryimage\"},\"thumbnailUrl\":\"https:\\\/\\\/www.eldiario.net\\\/portal\\\/wp-content\\\/uploads\\\/2026\\\/07\\\/MERIDE-FOTO.webp\",\"articleSection\":[\"Portada\"],\"inLanguage\":\"es\"},{\"@type\":\"WebPage\",\"@id\":\"https:\\\/\\\/www.eldiario.net\\\/portal\\\/2026\\\/07\\\/14\\\/conozca-las-actividades-por-la-efemeride-de-la-paz\\\/\",\"url\":\"https:\\\/\\\/www.eldiario.net\\\/portal\\\/2026\\\/07\\\/14\\\/conozca-las-actividades-por-la-efemeride-de-la-paz\\\/\",\"name\":\"Conozca las actividades por la efem\u00e9ride de La Paz - El Diario - Bolivia\",\"isPartOf\":{\"@id\":\"https:\\\/\\\/www.eldiario.net\\\/portal\\\/#website\"},\"primaryImageOfPage\":{\"@id\":\"https:\\\/\\\/www.eldiario.net\\\/portal\\\/2026\\\/07\\\/14\\\/conozca-las-actividades-por-la-efemeride-de-la-paz\\\/#primaryimage\"},\"image\":{\"@id\":\"https:\\\/\\\/www.eldiario.net\\\/portal\\\/2026\\\/07\\\/14\\\/conozca-las-actividades-por-la-efemeride-de-la-paz\\\/#primaryimage\"},\"thumbnailUrl\":\"https:\\\/\\\/www.eldiario.net\\\/portal\\\/wp-content\\\/uploads\\\/2026\\\/07\\\/MERIDE-FOTO.webp\",\"datePublished\":\"2026-07-14T10:16:44+00:00\",\"breadcrumb\":{\"@id\":\"https:\\\/\\\/www.eldiario.net\\\/portal\\\/2026\\\/07\\\/14\\\/conozca-las-actividades-por-la-efemeride-de-la-paz\\\/#breadcrumb\"},\"inLanguage\":\"es\",\"potentialAction\":[{\"@type\":\"ReadAction\",\"target\":[\"https:\\\/\\\/www.eldiario.net\\\/portal\\\/2026\\\/07\\\/14\\\/conozca-las-actividades-por-la-efemeride-de-la-paz\\\/\"]}]},{\"@type\":\"ImageObject\",\"inLanguage\":\"es\",\"@id\":\"https:\\\/\\\/www.eldiario.net\\\/portal\\\/2026\\\/07\\\/14\\\/conozca-las-actividades-por-la-efemeride-de-la-paz\\\/#primaryimage\",\"url\":\"https:\\\/\\\/www.eldiario.net\\\/portal\\\/wp-content\\\/uploads\\\/2026\\\/07\\\/MERIDE-FOTO.webp\",\"contentUrl\":\"https:\\\/\\\/www.eldiario.net\\\/portal\\\/wp-content\\\/uploads\\\/2026\\\/07\\\/MERIDE-FOTO.webp\",\"width\":1200,\"height\":650,\"caption\":\"La Paz celebra este jueves el 217 aniversario de su gesta libertaria. Foto: ABI\"},{\"@type\":\"BreadcrumbList\",\"@id\":\"https:\\\/\\\/www.eldiario.net\\\/portal\\\/2026\\\/07\\\/14\\\/conozca-las-actividades-por-la-efemeride-de-la-paz\\\/#breadcrumb\",\"itemListElement\":[{\"@type\":\"ListItem\",\"position\":1,\"name\":\"Portada\",\"item\":\"https:\\\/\\\/www.eldiario.net\\\/portal\\\/\"},{\"@type\":\"ListItem\",\"position\":2,\"name\":\"Conozca las actividades por la efem\u00e9ride de La Paz\"}]},{\"@type\":\"WebSite\",\"@id\":\"https:\\\/\\\/www.eldiario.net\\\/portal\\\/#website\",\"url\":\"https:\\\/\\\/www.eldiario.net\\\/portal\\\/\",\"name\":\"El Diario - Decano de la prensa nacional\",\"description\":\"El Diario - Decano de la prensa nacional\",\"publisher\":{\"@id\":\"https:\\\/\\\/www.eldiario.net\\\/portal\\\/#organization\"},\"potentialAction\":[{\"@type\":\"SearchAction\",\"target\":{\"@type\":\"EntryPoint\",\"urlTemplate\":\"https:\\\/\\\/www.eldiario.net\\\/portal\\\/?s={search_term_string}\"},\"query-input\":{\"@type\":\"PropertyValueSpecification\",\"valueRequired\":true,\"valueName\":\"search_term_string\"}}],\"inLanguage\":\"es\"},{\"@type\":\"Organization\",\"@id\":\"https:\\\/\\\/www.eldiario.net\\\/portal\\\/#organization\",\"name\":\"El Diario - Decano de la prensa nacional\",\"url\":\"https:\\\/\\\/www.eldiario.net\\\/portal\\\/\",\"logo\":{\"@type\":\"ImageObject\",\"inLanguage\":\"es\",\"@id\":\"https:\\\/\\\/www.eldiario.net\\\/portal\\\/#\\\/schema\\\/logo\\\/image\\\/\",\"url\":\"https:\\\/\\\/www.eldiario.net\\\/portal\\\/wp-content\\\/uploads\\\/2023\\\/07\\\/logo_ED.jpg\",\"contentUrl\":\"https:\\\/\\\/www.eldiario.net\\\/portal\\\/wp-content\\\/uploads\\\/2023\\\/07\\\/logo_ED.jpg\",\"width\":272,\"height\":52,\"caption\":\"El Diario - Decano de la prensa nacional\"},\"image\":{\"@id\":\"https:\\\/\\\/www.eldiario.net\\\/portal\\\/#\\\/schema\\\/logo\\\/image\\\/\"},\"sameAs\":[\"https:\\\/\\\/www.facebook.com\\\/eldiario.bolivia\\\/\",\"https:\\\/\\\/x.com\\\/eldiario_net\"]},{\"@type\":\"Person\",\"@id\":\"https:\\\/\\\/www.eldiario.net\\\/portal\\\/#\\\/schema\\\/person\\\/2c57cf2b7a7ae032e449e4c9b1019eac\",\"name\":\"Jeanette\",\"image\":{\"@type\":\"ImageObject\",\"inLanguage\":\"es\",\"@id\":\"https:\\\/\\\/secure.gravatar.com\\\/avatar\\\/3ea2118a5f7dad2b7138b1187a6b7ee55f160b9968b66013c3a3ef39dd7e5798?s=96&d=mm&r=g\",\"url\":\"https:\\\/\\\/secure.gravatar.com\\\/avatar\\\/3ea2118a5f7dad2b7138b1187a6b7ee55f160b9968b66013c3a3ef39dd7e5798?s=96&d=mm&r=g\",\"contentUrl\":\"https:\\\/\\\/secure.gravatar.com\\\/avatar\\\/3ea2118a5f7dad2b7138b1187a6b7ee55f160b9968b66013c3a3ef39dd7e5798?s=96&d=mm&r=g\",\"caption\":\"Jeanette\"},\"sameAs\":[\"https:\\\/\\\/www.eldiario.net\\\/portal\"],\"url\":\"https:\\\/\\\/www.eldiario.net\\\/portal\\\/author\\\/jeanette\\\/\"}]}<\/script>\n<!-- \/ Yoast SEO plugin. -->","yoast_head_json":{"title":"Conozca las actividades por la efem\u00e9ride de La Paz - El Diario - Bolivia","robots":{"index":"index","follow":"follow","max-snippet":"max-snippet:-1","max-image-preview":"max-image-preview:large","max-video-preview":"max-video-preview:-1"},"canonical":"https:\/\/www.eldiario.net\/portal\/2026\/07\/14\/conozca-las-actividades-por-la-efemeride-de-la-paz\/","og_locale":"es_ES","og_type":"article","og_title":"Conozca las actividades por la efem\u00e9ride de La Paz - El Diario - Bolivia","og_description":"La Gobernaci\u00f3n de La Paz present\u00f3 la agenda de actividades por la efem\u00e9ride pace\u00f1a. Antes, las alcald\u00edas de La Paz y El Alto tambi\u00e9n dieron a conocer los actos programados para conmemorar los 217 a\u00f1os de la Gesta Libertaria, del 14 al 16 de julio. \u201cNosotros estamos en coordinaci\u00f3n con el Ejecutivo departamental, tambi\u00e9n con [&hellip;]","og_url":"https:\/\/www.eldiario.net\/portal\/2026\/07\/14\/conozca-las-actividades-por-la-efemeride-de-la-paz\/","og_site_name":"El Diario - Bolivia","article_publisher":"https:\/\/www.facebook.com\/eldiario.bolivia\/","article_published_time":"2026-07-14T10:16:44+00:00","og_image":[{"width":1200,"height":650,"url":"https:\/\/www.eldiario.net\/portal\/wp-content\/uploads\/2026\/07\/MERIDE-FOTO.webp","type":"image\/webp"}],"author":"Jeanette","twitter_card":"summary_large_image","twitter_creator":"@eldiario_net","twitter_site":"@eldiario_net","twitter_misc":{"Escrito por":"Jeanette","Tiempo de lectura":"3 minutos"},"schema":{"@context":"https:\/\/schema.org","@graph":[{"@type":"Article","@id":"https:\/\/www.eldiario.net\/portal\/2026\/07\/14\/conozca-las-actividades-por-la-efemeride-de-la-paz\/#article","isPartOf":{"@id":"https:\/\/www.eldiario.net\/portal\/2026\/07\/14\/conozca-las-actividades-por-la-efemeride-de-la-paz\/"},"author":{"name":"Jeanette","@id":"https:\/\/www.eldiario.net\/portal\/#\/schema\/person\/2c57cf2b7a7ae032e449e4c9b1019eac"},"headline":"Conozca las actividades por la efem\u00e9ride de La Paz","datePublished":"2026-07-14T10:16:44+00:00","mainEntityOfPage":{"@id":"https:\/\/www.eldiario.net\/portal\/2026\/07\/14\/conozca-las-actividades-por-la-efemeride-de-la-paz\/"},"wordCount":615,"publisher":{"@id":"https:\/\/www.eldiario.net\/portal\/#organization"},"image":{"@id":"https:\/\/www.eldiario.net\/portal\/2026\/07\/14\/conozca-las-actividades-por-la-efemeride-de-la-paz\/#primaryimage"},"thumbnailUrl":"https:\/\/www.eldiario.net\/portal\/wp-content\/uploads\/2026\/07\/MERIDE-FOTO.webp","articleSection":["Portada"],"inLanguage":"es"},{"@type":"WebPage","@id":"https:\/\/www.eldiario.net\/portal\/2026\/07\/14\/conozca-las-actividades-por-la-efemeride-de-la-paz\/","url":"https:\/\/www.eldiario.net\/portal\/2026\/07\/14\/conozca-las-actividades-por-la-efemeride-de-la-paz\/","name":"Conozca las actividades por la efem\u00e9ride de La Paz - El Diario - Bolivia","isPartOf":{"@id":"https:\/\/www.eldiario.net\/portal\/#website"},"primaryImageOfPage":{"@id":"https:\/\/www.eldiario.net\/portal\/2026\/07\/14\/conozca-las-actividades-por-la-efemeride-de-la-paz\/#primaryimage"},"image":{"@id":"https:\/\/www.eldiario.net\/portal\/2026\/07\/14\/conozca-las-actividades-por-la-efemeride-de-la-paz\/#primaryimage"},"thumbnailUrl":"https:\/\/www.eldiario.net\/portal\/wp-content\/uploads\/2026\/07\/MERIDE-FOTO.webp","datePublished":"2026-07-14T10:16:44+00:00","breadcrumb":{"@id":"https:\/\/www.eldiario.net\/portal\/2026\/07\/14\/conozca-las-actividades-por-la-efemeride-de-la-paz\/#breadcrumb"},"inLanguage":"es","potentialAction":[{"@type":"ReadAction","target":["https:\/\/www.eldiario.net\/portal\/2026\/07\/14\/conozca-las-actividades-por-la-efemeride-de-la-paz\/"]}]},{"@type":"ImageObject","inLanguage":"es","@id":"https:\/\/www.eldiario.net\/portal\/2026\/07\/14\/conozca-las-actividades-por-la-efemeride-de-la-paz\/#primaryimage","url":"https:\/\/www.eldiario.net\/portal\/wp-content\/uploads\/2026\/07\/MERIDE-FOTO.webp","contentUrl":"https:\/\/www.eldiario.net\/portal\/wp-content\/uploads\/2026\/07\/MERIDE-FOTO.webp","width":1200,"height":650,"caption":"La Paz celebra este jueves el 217 aniversario de su gesta libertaria. Foto: ABI"},{"@type":"BreadcrumbList","@id":"https:\/\/www.eldiario.net\/portal\/2026\/07\/14\/conozca-las-actividades-por-la-efemeride-de-la-paz\/#breadcrumb","itemListElement":[{"@type":"ListItem","position":1,"name":"Portada","item":"https:\/\/www.eldiario.net\/portal\/"},{"@type":"ListItem","position":2,"name":"Conozca las actividades por la efem\u00e9ride de La Paz"}]},{"@type":"WebSite","@id":"https:\/\/www.eldiario.net\/portal\/#website","url":"https:\/\/www.eldiario.net\/portal\/","name":"El Diario - Decano de la prensa nacional","description":"El Diario - Decano de la prensa nacional","publisher":{"@id":"https:\/\/www.eldiario.net\/portal\/#organization"},"potentialAction":[{"@type":"SearchAction","target":{"@type":"EntryPoint","urlTemplate":"https:\/\/www.eldiario.net\/portal\/?s={search_term_string}"},"query-input":{"@type":"PropertyValueSpecification","valueRequired":true,"valueName":"search_term_string"}}],"inLanguage":"es"},{"@type":"Organization","@id":"https:\/\/www.eldiario.net\/portal\/#organization","name":"El Diario - Decano de la prensa nacional","url":"https:\/\/www.eldiario.net\/portal\/","logo":{"@type":"ImageObject","inLanguage":"es","@id":"https:\/\/www.eldiario.net\/portal\/#\/schema\/logo\/image\/","url":"https:\/\/www.eldiario.net\/portal\/wp-content\/uploads\/2023\/07\/logo_ED.jpg","contentUrl":"https:\/\/www.eldiario.net\/portal\/wp-content\/uploads\/2023\/07\/logo_ED.jpg","width":272,"height":52,"caption":"El Diario - Decano de la prensa nacional"},"image":{"@id":"https:\/\/www.eldiario.net\/portal\/#\/schema\/logo\/image\/"},"sameAs":["https:\/\/www.facebook.com\/eldiario.bolivia\/","https:\/\/x.com\/eldiario_net"]},{"@type":"Person","@id":"https:\/\/www.eldiario.net\/portal\/#\/schema\/person\/2c57cf2b7a7ae032e449e4c9b1019eac","name":"Jeanette","image":{"@type":"ImageObject","inLanguage":"es","@id":"https:\/\/secure.gravatar.com\/avatar\/3ea2118a5f7dad2b7138b1187a6b7ee55f160b9968b66013c3a3ef39dd7e5798?s=96&d=mm&r=g","url":"https:\/\/secure.gravatar.com\/avatar\/3ea2118a5f7dad2b7138b1187a6b7ee55f160b9968b66013c3a3ef39dd7e5798?s=96&d=mm&r=g","contentUrl":"https:\/\/secure.gravatar.com\/avatar\/3ea2118a5f7dad2b7138b1187a6b7ee55f160b9968b66013c3a3ef39dd7e5798?s=96&d=mm&r=g","caption":"Jeanette"},"sameAs":["https:\/\/www.eldiario.net\/portal"],"url":"https:\/\/www.eldiario.net\/portal\/author\/jeanette\/"}]}},"_links":{"self":[{"href":"https:\/\/www.eldiario.net\/portal\/wp-json\/wp\/v2\/posts\/412466","targetHints":{"allow":["GET"]}}],"collection":[{"href":"https:\/\/www.eldiario.net\/portal\/wp-json\/wp\/v2\/posts"}],"about":[{"href":"https:\/\/www.eldiario.net\/portal\/wp-json\/wp\/v2\/types\/post"}],"author":[{"embeddable":true,"href":"https:\/\/www.eldiario.net\/portal\/wp-json\/wp\/v2\/users\/1"}],"replies":[{"embeddable":true,"href":"https:\/\/www.eldiario.net\/portal\/wp-json\/wp\/v2\/comments?post=412466"}],"version-history":[{"count":1,"href":"https:\/\/www.eldiario.net\/portal\/wp-json\/wp\/v2\/posts\/412466\/revisions"}],"predecessor-version":[{"id":412468,"href":"https:\/\/www.eldiario.net\/portal\/wp-json\/wp\/v2\/posts\/412466\/revisions\/412468"}],"wp:featuredmedia":[{"embeddable":true,"href":"https:\/\/www.eldiario.net\/portal\/wp-json\/wp\/v2\/media\/412467"}],"wp:attachment":[{"href":"https:\/\/www.eldiario.net\/portal\/wp-json\/wp\/v2\/media?parent=412466"}],"wp:term":[{"taxonomy":"category","embeddable":true,"href":"https:\/\/www.eldiario.net\/portal\/wp-json\/wp\/v2\/categories?post=412466"},{"taxonomy":"post_tag","embeddable":true,"href":"https:\/\/www.eldiario.net\/portal\/wp-json\/wp\/v2\/tags?post=412466"}],"curies":[{"name":"wp","href":"https:\/\/api.w.org\/{rel}","templated":true}]}}