{"id":412463,"date":"2026-07-14T06:15:41","date_gmt":"2026-07-14T10:15:41","guid":{"rendered":"https:\/\/www.eldiario.net\/portal\/?p=412463"},"modified":"2026-07-14T06:15:41","modified_gmt":"2026-07-14T10:15:41","slug":"en-nueva-york-denuncian-despidos-a-causa-de-la-ia","status":"publish","type":"post","link":"https:\/\/www.eldiario.net\/portal\/2026\/07\/14\/en-nueva-york-denuncian-despidos-a-causa-de-la-ia\/","title":{"rendered":"En Nueva York denuncian  despidos a causa de la IA"},"content":{"rendered":"<p>Doce enfermeras del hospital Montefiore, en el Bronx de Nueva York, fueron despedidas despu\u00e9s de que sus funciones fueran reemplazadas por un software de inteligencia artificial, seg\u00fan denunci\u00f3 la Asociaci\u00f3n de Enfermeras del Estado de Nueva York.<\/p>\n<p>El caso es considerado por el sindicato como uno de los primeros despidos vinculados directamente con la IA en el sector sanitario, inform\u00f3 The New York Times.<\/p>\n<p>Las trabajadoras se desempe\u00f1aban en el \u00e1rea de revisi\u00f3n de utilizaci\u00f3n, donde analizaban historiales m\u00e9dicos y gestionaban con las compa\u00f1\u00edas de seguros la cobertura de tratamientos. Entre ellas est\u00e1 Arilyn Shuler, quien trabaj\u00f3 durante 39 a\u00f1os en Montefiore.<\/p>\n<p>El hospital no confirm\u00f3 que la inteligencia artificial haya sustituido esos puestos. Consultado por The New York Times, sus responsables se\u00f1alaron que los cambios tecnol\u00f3gicos forman parte de un programa administrativo no cl\u00ednico y afirm\u00f3 que las declaraciones del sindicato son \u00abinexactas y enga\u00f1osas\u00bb.<\/p>\n<p>Los despidos ocurrieron meses despu\u00e9s de la huelga que protagonizaron enfermeras de varios hospitales de Nueva York en enero de 2026. Tras ese conflicto se firmaron nuevos contratos colectivos que inclu\u00edan disposiciones sobre el uso de inteligencia artificial.<\/p>\n<p>Seg\u00fan Shaiju Kalathil, integrante del comit\u00e9 ejecutivo del sindicato en Montefiore, los despidos incumplen ese acuerdo.<\/p>\n<p>\u00abEstamos indignados porque estas enfermeras est\u00e1n siendo reemplazadas por inteligencia artificial. Esto constituye una violaci\u00f3n del contrato que conseguimos recientemente mediante la huelga\u00bb, afirm\u00f3, citado por The New York Times.<\/p>\n<p>National Nurses United (NNU), organizaci\u00f3n nacional que agrupa a Nysna, advirti\u00f3 desde hace tiempo sobre el impacto que la IA puede tener en el empleo de enfermer\u00eda. El sindicato impuls\u00f3 propuestas para regular su utilizaci\u00f3n en hospitales y exigir salvaguardas para pacientes y trabajadores.<\/p>\n<p>Shuler explic\u00f3 que, cuando el personal regres\u00f3 al trabajo tras la huelga, en febrero, encontr\u00f3 modificaciones en su flujo laboral sin recibir explicaciones. Las enfermeras comunicaron esos cambios a la administraci\u00f3n y, seg\u00fan relat\u00f3, no obtuvieron respuesta hasta el 28 de mayo, cuando recibieron un aviso de despido con 45 d\u00edas de anticipaci\u00f3n, report\u00f3 The New York Times.<\/p>\n<p>La enfermera sostuvo que parte de su trabajo implicaba evaluar situaciones cl\u00ednicas complejas, como cambios de medicaci\u00f3n o planificaci\u00f3n de altas m\u00e9dicas, tareas que, a su juicio, no deber\u00edan quedar exclusivamente en manos de un sistema automatizado.<\/p>\n<p>\u00abLa IA deber\u00eda ser una herramienta que se utilice junto con el experto cl\u00ednico, no para reemplazarlo\u00bb, afirm\u00f3 Shuler, seg\u00fan The New York Times.<\/p>\n<p>El caso reaviv\u00f3 el debate sobre el uso de inteligencia artificial en el sistema sanitario estadounidense y sobre sus posibles efectos en el empleo y la atenci\u00f3n a los pacientes. (Agencias)<\/p>\n","protected":false},"excerpt":{"rendered":"<p>Doce enfermeras del hospital Montefiore, en el Bronx de Nueva York, fueron despedidas despu\u00e9s de que sus funciones fueran reemplazadas por un software de inteligencia artificial, seg\u00fan denunci\u00f3 la Asociaci\u00f3n de Enfermeras del Estado de Nueva York. El caso es considerado por el sindicato como uno de los primeros despidos vinculados directamente con la IA [&hellip;]<\/p>\n","protected":false},"author":1,"featured_media":412464,"comment_status":"closed","ping_status":"open","sticky":false,"template":"","format":"standard","meta":{"_acf_changed":false,"footnotes":""},"categories":[15],"tags":[],"class_list":["post-412463","post","type-post","status-publish","format-standard","has-post-thumbnail","category-portada"],"acf":{"antetitulo":""},"yoast_head":"<!-- This site is optimized with the Yoast SEO plugin v28.4 - https:\/\/yoast.com\/product\/yoast-seo-wordpress\/ -->\n<title>En Nueva York denuncian despidos a causa de la IA - El Diario - Bolivia<\/title>\n<meta name=\"robots\" content=\"index, follow, max-snippet:-1, max-image-preview:large, max-video-preview:-1\" \/>\n<link rel=\"canonical\" href=\"https:\/\/www.eldiario.net\/portal\/2026\/07\/14\/en-nueva-york-denuncian-despidos-a-causa-de-la-ia\/\" \/>\n<meta property=\"og:locale\" content=\"es_ES\" \/>\n<meta property=\"og:type\" content=\"article\" \/>\n<meta property=\"og:title\" content=\"En Nueva York denuncian despidos a causa de la IA - El Diario - Bolivia\" \/>\n<meta property=\"og:description\" content=\"Doce enfermeras del hospital Montefiore, en el Bronx de Nueva York, fueron despedidas despu\u00e9s de que sus funciones fueran reemplazadas por un software de inteligencia artificial, seg\u00fan denunci\u00f3 la Asociaci\u00f3n de Enfermeras del Estado de Nueva York. El caso es considerado por el sindicato como uno de los primeros despidos vinculados directamente con la IA [&hellip;]\" \/>\n<meta property=\"og:url\" content=\"https:\/\/www.eldiario.net\/portal\/2026\/07\/14\/en-nueva-york-denuncian-despidos-a-causa-de-la-ia\/\" \/>\n<meta property=\"og:site_name\" content=\"El Diario - Bolivia\" \/>\n<meta property=\"article:publisher\" content=\"https:\/\/www.facebook.com\/eldiario.bolivia\/\" \/>\n<meta property=\"article:published_time\" content=\"2026-07-14T10:15:41+00:00\" \/>\n<meta property=\"og:image\" content=\"https:\/\/www.eldiario.net\/portal\/wp-content\/uploads\/2026\/07\/NUEVA-FOTO.webp\" \/>\n\t<meta property=\"og:image:width\" content=\"720\" \/>\n\t<meta property=\"og:image:height\" content=\"399\" \/>\n\t<meta property=\"og:image:type\" content=\"image\/webp\" \/>\n<meta name=\"author\" content=\"Jeanette\" \/>\n<meta name=\"twitter:card\" content=\"summary_large_image\" \/>\n<meta name=\"twitter:creator\" content=\"@eldiario_net\" \/>\n<meta name=\"twitter:site\" content=\"@eldiario_net\" \/>\n<meta name=\"twitter:label1\" content=\"Escrito por\" \/>\n\t<meta name=\"twitter:data1\" content=\"Jeanette\" \/>\n\t<meta name=\"twitter:label2\" content=\"Tiempo de lectura\" \/>\n\t<meta name=\"twitter:data2\" content=\"3 minutos\" \/>\n<script type=\"application\/ld+json\" class=\"yoast-schema-graph\">{\"@context\":\"https:\\\/\\\/schema.org\",\"@graph\":[{\"@type\":\"Article\",\"@id\":\"https:\\\/\\\/www.eldiario.net\\\/portal\\\/2026\\\/07\\\/14\\\/en-nueva-york-denuncian-despidos-a-causa-de-la-ia\\\/#article\",\"isPartOf\":{\"@id\":\"https:\\\/\\\/www.eldiario.net\\\/portal\\\/2026\\\/07\\\/14\\\/en-nueva-york-denuncian-despidos-a-causa-de-la-ia\\\/\"},\"author\":{\"name\":\"Jeanette\",\"@id\":\"https:\\\/\\\/www.eldiario.net\\\/portal\\\/#\\\/schema\\\/person\\\/2c57cf2b7a7ae032e449e4c9b1019eac\"},\"headline\":\"En Nueva York denuncian despidos a causa de la IA\",\"datePublished\":\"2026-07-14T10:15:41+00:00\",\"mainEntityOfPage\":{\"@id\":\"https:\\\/\\\/www.eldiario.net\\\/portal\\\/2026\\\/07\\\/14\\\/en-nueva-york-denuncian-despidos-a-causa-de-la-ia\\\/\"},\"wordCount\":464,\"publisher\":{\"@id\":\"https:\\\/\\\/www.eldiario.net\\\/portal\\\/#organization\"},\"image\":{\"@id\":\"https:\\\/\\\/www.eldiario.net\\\/portal\\\/2026\\\/07\\\/14\\\/en-nueva-york-denuncian-despidos-a-causa-de-la-ia\\\/#primaryimage\"},\"thumbnailUrl\":\"https:\\\/\\\/www.eldiario.net\\\/portal\\\/wp-content\\\/uploads\\\/2026\\\/07\\\/NUEVA-FOTO.webp\",\"articleSection\":[\"Portada\"],\"inLanguage\":\"es\"},{\"@type\":\"WebPage\",\"@id\":\"https:\\\/\\\/www.eldiario.net\\\/portal\\\/2026\\\/07\\\/14\\\/en-nueva-york-denuncian-despidos-a-causa-de-la-ia\\\/\",\"url\":\"https:\\\/\\\/www.eldiario.net\\\/portal\\\/2026\\\/07\\\/14\\\/en-nueva-york-denuncian-despidos-a-causa-de-la-ia\\\/\",\"name\":\"En Nueva York denuncian despidos a causa de la IA - El Diario - Bolivia\",\"isPartOf\":{\"@id\":\"https:\\\/\\\/www.eldiario.net\\\/portal\\\/#website\"},\"primaryImageOfPage\":{\"@id\":\"https:\\\/\\\/www.eldiario.net\\\/portal\\\/2026\\\/07\\\/14\\\/en-nueva-york-denuncian-despidos-a-causa-de-la-ia\\\/#primaryimage\"},\"image\":{\"@id\":\"https:\\\/\\\/www.eldiario.net\\\/portal\\\/2026\\\/07\\\/14\\\/en-nueva-york-denuncian-despidos-a-causa-de-la-ia\\\/#primaryimage\"},\"thumbnailUrl\":\"https:\\\/\\\/www.eldiario.net\\\/portal\\\/wp-content\\\/uploads\\\/2026\\\/07\\\/NUEVA-FOTO.webp\",\"datePublished\":\"2026-07-14T10:15:41+00:00\",\"breadcrumb\":{\"@id\":\"https:\\\/\\\/www.eldiario.net\\\/portal\\\/2026\\\/07\\\/14\\\/en-nueva-york-denuncian-despidos-a-causa-de-la-ia\\\/#breadcrumb\"},\"inLanguage\":\"es\",\"potentialAction\":[{\"@type\":\"ReadAction\",\"target\":[\"https:\\\/\\\/www.eldiario.net\\\/portal\\\/2026\\\/07\\\/14\\\/en-nueva-york-denuncian-despidos-a-causa-de-la-ia\\\/\"]}]},{\"@type\":\"ImageObject\",\"inLanguage\":\"es\",\"@id\":\"https:\\\/\\\/www.eldiario.net\\\/portal\\\/2026\\\/07\\\/14\\\/en-nueva-york-denuncian-despidos-a-causa-de-la-ia\\\/#primaryimage\",\"url\":\"https:\\\/\\\/www.eldiario.net\\\/portal\\\/wp-content\\\/uploads\\\/2026\\\/07\\\/NUEVA-FOTO.webp\",\"contentUrl\":\"https:\\\/\\\/www.eldiario.net\\\/portal\\\/wp-content\\\/uploads\\\/2026\\\/07\\\/NUEVA-FOTO.webp\",\"width\":720,\"height\":399,\"caption\":\"El frontis del hospital. Foto: healthgrades.com\"},{\"@type\":\"BreadcrumbList\",\"@id\":\"https:\\\/\\\/www.eldiario.net\\\/portal\\\/2026\\\/07\\\/14\\\/en-nueva-york-denuncian-despidos-a-causa-de-la-ia\\\/#breadcrumb\",\"itemListElement\":[{\"@type\":\"ListItem\",\"position\":1,\"name\":\"Portada\",\"item\":\"https:\\\/\\\/www.eldiario.net\\\/portal\\\/\"},{\"@type\":\"ListItem\",\"position\":2,\"name\":\"En Nueva York denuncian despidos a causa de la IA\"}]},{\"@type\":\"WebSite\",\"@id\":\"https:\\\/\\\/www.eldiario.net\\\/portal\\\/#website\",\"url\":\"https:\\\/\\\/www.eldiario.net\\\/portal\\\/\",\"name\":\"El Diario - Decano de la prensa nacional\",\"description\":\"El Diario - Decano de la prensa nacional\",\"publisher\":{\"@id\":\"https:\\\/\\\/www.eldiario.net\\\/portal\\\/#organization\"},\"potentialAction\":[{\"@type\":\"SearchAction\",\"target\":{\"@type\":\"EntryPoint\",\"urlTemplate\":\"https:\\\/\\\/www.eldiario.net\\\/portal\\\/?s={search_term_string}\"},\"query-input\":{\"@type\":\"PropertyValueSpecification\",\"valueRequired\":true,\"valueName\":\"search_term_string\"}}],\"inLanguage\":\"es\"},{\"@type\":\"Organization\",\"@id\":\"https:\\\/\\\/www.eldiario.net\\\/portal\\\/#organization\",\"name\":\"El Diario - Decano de la prensa nacional\",\"url\":\"https:\\\/\\\/www.eldiario.net\\\/portal\\\/\",\"logo\":{\"@type\":\"ImageObject\",\"inLanguage\":\"es\",\"@id\":\"https:\\\/\\\/www.eldiario.net\\\/portal\\\/#\\\/schema\\\/logo\\\/image\\\/\",\"url\":\"https:\\\/\\\/www.eldiario.net\\\/portal\\\/wp-content\\\/uploads\\\/2023\\\/07\\\/logo_ED.jpg\",\"contentUrl\":\"https:\\\/\\\/www.eldiario.net\\\/portal\\\/wp-content\\\/uploads\\\/2023\\\/07\\\/logo_ED.jpg\",\"width\":272,\"height\":52,\"caption\":\"El Diario - Decano de la prensa nacional\"},\"image\":{\"@id\":\"https:\\\/\\\/www.eldiario.net\\\/portal\\\/#\\\/schema\\\/logo\\\/image\\\/\"},\"sameAs\":[\"https:\\\/\\\/www.facebook.com\\\/eldiario.bolivia\\\/\",\"https:\\\/\\\/x.com\\\/eldiario_net\"]},{\"@type\":\"Person\",\"@id\":\"https:\\\/\\\/www.eldiario.net\\\/portal\\\/#\\\/schema\\\/person\\\/2c57cf2b7a7ae032e449e4c9b1019eac\",\"name\":\"Jeanette\",\"image\":{\"@type\":\"ImageObject\",\"inLanguage\":\"es\",\"@id\":\"https:\\\/\\\/secure.gravatar.com\\\/avatar\\\/3ea2118a5f7dad2b7138b1187a6b7ee55f160b9968b66013c3a3ef39dd7e5798?s=96&d=mm&r=g\",\"url\":\"https:\\\/\\\/secure.gravatar.com\\\/avatar\\\/3ea2118a5f7dad2b7138b1187a6b7ee55f160b9968b66013c3a3ef39dd7e5798?s=96&d=mm&r=g\",\"contentUrl\":\"https:\\\/\\\/secure.gravatar.com\\\/avatar\\\/3ea2118a5f7dad2b7138b1187a6b7ee55f160b9968b66013c3a3ef39dd7e5798?s=96&d=mm&r=g\",\"caption\":\"Jeanette\"},\"sameAs\":[\"https:\\\/\\\/www.eldiario.net\\\/portal\"],\"url\":\"https:\\\/\\\/www.eldiario.net\\\/portal\\\/author\\\/jeanette\\\/\"}]}<\/script>\n<!-- \/ Yoast SEO plugin. -->","yoast_head_json":{"title":"En Nueva York denuncian despidos a causa de la IA - El Diario - Bolivia","robots":{"index":"index","follow":"follow","max-snippet":"max-snippet:-1","max-image-preview":"max-image-preview:large","max-video-preview":"max-video-preview:-1"},"canonical":"https:\/\/www.eldiario.net\/portal\/2026\/07\/14\/en-nueva-york-denuncian-despidos-a-causa-de-la-ia\/","og_locale":"es_ES","og_type":"article","og_title":"En Nueva York denuncian despidos a causa de la IA - El Diario - Bolivia","og_description":"Doce enfermeras del hospital Montefiore, en el Bronx de Nueva York, fueron despedidas despu\u00e9s de que sus funciones fueran reemplazadas por un software de inteligencia artificial, seg\u00fan denunci\u00f3 la Asociaci\u00f3n de Enfermeras del Estado de Nueva York. El caso es considerado por el sindicato como uno de los primeros despidos vinculados directamente con la IA [&hellip;]","og_url":"https:\/\/www.eldiario.net\/portal\/2026\/07\/14\/en-nueva-york-denuncian-despidos-a-causa-de-la-ia\/","og_site_name":"El Diario - Bolivia","article_publisher":"https:\/\/www.facebook.com\/eldiario.bolivia\/","article_published_time":"2026-07-14T10:15:41+00:00","og_image":[{"width":720,"height":399,"url":"https:\/\/www.eldiario.net\/portal\/wp-content\/uploads\/2026\/07\/NUEVA-FOTO.webp","type":"image\/webp"}],"author":"Jeanette","twitter_card":"summary_large_image","twitter_creator":"@eldiario_net","twitter_site":"@eldiario_net","twitter_misc":{"Escrito por":"Jeanette","Tiempo de lectura":"3 minutos"},"schema":{"@context":"https:\/\/schema.org","@graph":[{"@type":"Article","@id":"https:\/\/www.eldiario.net\/portal\/2026\/07\/14\/en-nueva-york-denuncian-despidos-a-causa-de-la-ia\/#article","isPartOf":{"@id":"https:\/\/www.eldiario.net\/portal\/2026\/07\/14\/en-nueva-york-denuncian-despidos-a-causa-de-la-ia\/"},"author":{"name":"Jeanette","@id":"https:\/\/www.eldiario.net\/portal\/#\/schema\/person\/2c57cf2b7a7ae032e449e4c9b1019eac"},"headline":"En Nueva York denuncian despidos a causa de la IA","datePublished":"2026-07-14T10:15:41+00:00","mainEntityOfPage":{"@id":"https:\/\/www.eldiario.net\/portal\/2026\/07\/14\/en-nueva-york-denuncian-despidos-a-causa-de-la-ia\/"},"wordCount":464,"publisher":{"@id":"https:\/\/www.eldiario.net\/portal\/#organization"},"image":{"@id":"https:\/\/www.eldiario.net\/portal\/2026\/07\/14\/en-nueva-york-denuncian-despidos-a-causa-de-la-ia\/#primaryimage"},"thumbnailUrl":"https:\/\/www.eldiario.net\/portal\/wp-content\/uploads\/2026\/07\/NUEVA-FOTO.webp","articleSection":["Portada"],"inLanguage":"es"},{"@type":"WebPage","@id":"https:\/\/www.eldiario.net\/portal\/2026\/07\/14\/en-nueva-york-denuncian-despidos-a-causa-de-la-ia\/","url":"https:\/\/www.eldiario.net\/portal\/2026\/07\/14\/en-nueva-york-denuncian-despidos-a-causa-de-la-ia\/","name":"En Nueva York denuncian despidos a causa de la IA - El Diario - Bolivia","isPartOf":{"@id":"https:\/\/www.eldiario.net\/portal\/#website"},"primaryImageOfPage":{"@id":"https:\/\/www.eldiario.net\/portal\/2026\/07\/14\/en-nueva-york-denuncian-despidos-a-causa-de-la-ia\/#primaryimage"},"image":{"@id":"https:\/\/www.eldiario.net\/portal\/2026\/07\/14\/en-nueva-york-denuncian-despidos-a-causa-de-la-ia\/#primaryimage"},"thumbnailUrl":"https:\/\/www.eldiario.net\/portal\/wp-content\/uploads\/2026\/07\/NUEVA-FOTO.webp","datePublished":"2026-07-14T10:15:41+00:00","breadcrumb":{"@id":"https:\/\/www.eldiario.net\/portal\/2026\/07\/14\/en-nueva-york-denuncian-despidos-a-causa-de-la-ia\/#breadcrumb"},"inLanguage":"es","potentialAction":[{"@type":"ReadAction","target":["https:\/\/www.eldiario.net\/portal\/2026\/07\/14\/en-nueva-york-denuncian-despidos-a-causa-de-la-ia\/"]}]},{"@type":"ImageObject","inLanguage":"es","@id":"https:\/\/www.eldiario.net\/portal\/2026\/07\/14\/en-nueva-york-denuncian-despidos-a-causa-de-la-ia\/#primaryimage","url":"https:\/\/www.eldiario.net\/portal\/wp-content\/uploads\/2026\/07\/NUEVA-FOTO.webp","contentUrl":"https:\/\/www.eldiario.net\/portal\/wp-content\/uploads\/2026\/07\/NUEVA-FOTO.webp","width":720,"height":399,"caption":"El frontis del hospital. Foto: healthgrades.com"},{"@type":"BreadcrumbList","@id":"https:\/\/www.eldiario.net\/portal\/2026\/07\/14\/en-nueva-york-denuncian-despidos-a-causa-de-la-ia\/#breadcrumb","itemListElement":[{"@type":"ListItem","position":1,"name":"Portada","item":"https:\/\/www.eldiario.net\/portal\/"},{"@type":"ListItem","position":2,"name":"En Nueva York denuncian despidos a causa de la IA"}]},{"@type":"WebSite","@id":"https:\/\/www.eldiario.net\/portal\/#website","url":"https:\/\/www.eldiario.net\/portal\/","name":"El Diario - Decano de la prensa nacional","description":"El Diario - Decano de la prensa nacional","publisher":{"@id":"https:\/\/www.eldiario.net\/portal\/#organization"},"potentialAction":[{"@type":"SearchAction","target":{"@type":"EntryPoint","urlTemplate":"https:\/\/www.eldiario.net\/portal\/?s={search_term_string}"},"query-input":{"@type":"PropertyValueSpecification","valueRequired":true,"valueName":"search_term_string"}}],"inLanguage":"es"},{"@type":"Organization","@id":"https:\/\/www.eldiario.net\/portal\/#organization","name":"El Diario - Decano de la prensa nacional","url":"https:\/\/www.eldiario.net\/portal\/","logo":{"@type":"ImageObject","inLanguage":"es","@id":"https:\/\/www.eldiario.net\/portal\/#\/schema\/logo\/image\/","url":"https:\/\/www.eldiario.net\/portal\/wp-content\/uploads\/2023\/07\/logo_ED.jpg","contentUrl":"https:\/\/www.eldiario.net\/portal\/wp-content\/uploads\/2023\/07\/logo_ED.jpg","width":272,"height":52,"caption":"El Diario - Decano de la prensa nacional"},"image":{"@id":"https:\/\/www.eldiario.net\/portal\/#\/schema\/logo\/image\/"},"sameAs":["https:\/\/www.facebook.com\/eldiario.bolivia\/","https:\/\/x.com\/eldiario_net"]},{"@type":"Person","@id":"https:\/\/www.eldiario.net\/portal\/#\/schema\/person\/2c57cf2b7a7ae032e449e4c9b1019eac","name":"Jeanette","image":{"@type":"ImageObject","inLanguage":"es","@id":"https:\/\/secure.gravatar.com\/avatar\/3ea2118a5f7dad2b7138b1187a6b7ee55f160b9968b66013c3a3ef39dd7e5798?s=96&d=mm&r=g","url":"https:\/\/secure.gravatar.com\/avatar\/3ea2118a5f7dad2b7138b1187a6b7ee55f160b9968b66013c3a3ef39dd7e5798?s=96&d=mm&r=g","contentUrl":"https:\/\/secure.gravatar.com\/avatar\/3ea2118a5f7dad2b7138b1187a6b7ee55f160b9968b66013c3a3ef39dd7e5798?s=96&d=mm&r=g","caption":"Jeanette"},"sameAs":["https:\/\/www.eldiario.net\/portal"],"url":"https:\/\/www.eldiario.net\/portal\/author\/jeanette\/"}]}},"_links":{"self":[{"href":"https:\/\/www.eldiario.net\/portal\/wp-json\/wp\/v2\/posts\/412463","targetHints":{"allow":["GET"]}}],"collection":[{"href":"https:\/\/www.eldiario.net\/portal\/wp-json\/wp\/v2\/posts"}],"about":[{"href":"https:\/\/www.eldiario.net\/portal\/wp-json\/wp\/v2\/types\/post"}],"author":[{"embeddable":true,"href":"https:\/\/www.eldiario.net\/portal\/wp-json\/wp\/v2\/users\/1"}],"replies":[{"embeddable":true,"href":"https:\/\/www.eldiario.net\/portal\/wp-json\/wp\/v2\/comments?post=412463"}],"version-history":[{"count":1,"href":"https:\/\/www.eldiario.net\/portal\/wp-json\/wp\/v2\/posts\/412463\/revisions"}],"predecessor-version":[{"id":412465,"href":"https:\/\/www.eldiario.net\/portal\/wp-json\/wp\/v2\/posts\/412463\/revisions\/412465"}],"wp:featuredmedia":[{"embeddable":true,"href":"https:\/\/www.eldiario.net\/portal\/wp-json\/wp\/v2\/media\/412464"}],"wp:attachment":[{"href":"https:\/\/www.eldiario.net\/portal\/wp-json\/wp\/v2\/media?parent=412463"}],"wp:term":[{"taxonomy":"category","embeddable":true,"href":"https:\/\/www.eldiario.net\/portal\/wp-json\/wp\/v2\/categories?post=412463"},{"taxonomy":"post_tag","embeddable":true,"href":"https:\/\/www.eldiario.net\/portal\/wp-json\/wp\/v2\/tags?post=412463"}],"curies":[{"name":"wp","href":"https:\/\/api.w.org\/{rel}","templated":true}]}}