{"id":412460,"date":"2026-07-14T06:12:16","date_gmt":"2026-07-14T10:12:16","guid":{"rendered":"https:\/\/www.eldiario.net\/portal\/?p=412460"},"modified":"2026-07-14T06:12:16","modified_gmt":"2026-07-14T10:12:16","slug":"cuestionan-tramite-de-invalidez-de-argollo","status":"publish","type":"post","link":"https:\/\/www.eldiario.net\/portal\/2026\/07\/14\/cuestionan-tramite-de-invalidez-de-argollo\/","title":{"rendered":"Cuestionan tr\u00e1mite de invalidez de Argollo"},"content":{"rendered":"<p>El periodista, Juan Carlos Arana, cuestion\u00f3 la legalidad del tr\u00e1mite de renta por invalidez del ejecutivo de la Central Obrera Boliviana (COB), Mario Argollo, al afirmar que el dirigente se benefici\u00f3 de un mecanismo que permit\u00eda cobrar pagos retroactivos tras a\u00f1os de espera. En su programa Posdata 32, sostuvo que el caso evidencia presuntas falencias del antiguo sistema administrado por la Administradora de Fondos de Pensiones AFP.<\/p>\n<p>Arana centr\u00f3 sus observaciones en el funcionamiento del antiguo sistema previsional y no en la Gestora P\u00fablica.<\/p>\n<p>Durante su programa, Arana explic\u00f3 que revis\u00f3 documentaci\u00f3n relacionada con el tr\u00e1mite de Argollo y asegur\u00f3 que el dirigente inici\u00f3 su solicitud de pensi\u00f3n por invalidez cuando la administraci\u00f3n a\u00fan correspond\u00eda a la AFP Futuro. Seg\u00fan indic\u00f3, el procedimiento habr\u00eda permitido que, una vez aprobada la prestaci\u00f3n, el beneficiario reciba un pago retroactivo correspondiente al tiempo que demor\u00f3 la calificaci\u00f3n.<\/p>\n<p>El comunicador sostuvo que, en ese entonces, exist\u00eda un vac\u00edo normativo que permit\u00eda iniciar el tr\u00e1mite sin una certificaci\u00f3n m\u00e9dica definitiva emitida por una entidad especializada, lo que \u2014a su criterio\u2014 facilit\u00f3 que numerosas personas accedieran posteriormente a importantes pagos retroactivos.<\/p>\n<p>Arana afirm\u00f3 que en la documentaci\u00f3n revisada figura que Mario Argollo inici\u00f3 el tr\u00e1mite el 21 de septiembre de 2021 y que la resoluci\u00f3n fue emitida el 23 de mayo de 2022, estableciendo adem\u00e1s una fecha de invalidez anterior, aspecto que, seg\u00fan dijo, deriv\u00f3 en un pago retroactivo.<\/p>\n<p>No obstante, el periodista tambi\u00e9n rectific\u00f3 parte de sus afirmaciones difundidas anteriormente. Aclar\u00f3 que la renta por invalidez no constituye un segundo sueldo estatal, sino un beneficio vinculado a la cuenta individual del asegurado. Asimismo, precis\u00f3 que el tr\u00e1mite fue realizado en la AFP Futuro y no en la Gestora P\u00fablica, adem\u00e1s de ofrecer disculpas al gerente de Prestaciones de esa entidad, Javier Molina, a quien inicialmente hab\u00eda vinculado con la autorizaci\u00f3n de esos procesos.<\/p>\n<p>El caso de Argollo ya es objeto de una investigaci\u00f3n del Ministerio P\u00fablico. En mayo, la Fiscal\u00eda admiti\u00f3 una denuncia presentada por el diputado Manolo Rojas por presuntas irregularidades en el cobro de una pensi\u00f3n de invalidez. El legislador sostiene que el dirigente obtuvo el beneficio mediante un tr\u00e1mite que, seg\u00fan su versi\u00f3n, concluy\u00f3 en un tiempo inusualmente breve y permiti\u00f3 el cobro de m\u00e1s de Bs 141.000. Argollo rechaz\u00f3 esas acusaciones, neg\u00f3 haber recibido una renta irregular y calific\u00f3 la denuncia como parte de una campa\u00f1a de desprestigio.<\/p>\n<p>Como antecedente, Arana record\u00f3 el caso del exejecutivo de la COB, Juan Carlos Huarachi, quien tambi\u00e9n fue cuestionado por haber accedido a una pensi\u00f3n de invalidez vinculada a su actividad minera. La documentaci\u00f3n conocida durante las investigaciones en su contra revel\u00f3 que tramit\u00f3 ese beneficio por enfermedades ocupacionales, situaci\u00f3n que dio lugar a nuevas denuncias y pedidos de investigaci\u00f3n sobre la legalidad del procedimiento utilizado para obtener la prestaci\u00f3n.<\/p>\n","protected":false},"excerpt":{"rendered":"<p>El periodista, Juan Carlos Arana, cuestion\u00f3 la legalidad del tr\u00e1mite de renta por invalidez del ejecutivo de la Central Obrera Boliviana (COB), Mario Argollo, al afirmar que el dirigente se benefici\u00f3 de un mecanismo que permit\u00eda cobrar pagos retroactivos tras a\u00f1os de espera. En su programa Posdata 32, sostuvo que el caso evidencia presuntas falencias [&hellip;]<\/p>\n","protected":false},"author":1,"featured_media":412461,"comment_status":"closed","ping_status":"open","sticky":false,"template":"","format":"standard","meta":{"_acf_changed":false,"footnotes":""},"categories":[39],"tags":[],"class_list":["post-412460","post","type-post","status-publish","format-standard","has-post-thumbnail","category-sociedad"],"acf":{"antetitulo":""},"yoast_head":"<!-- This site is optimized with the Yoast SEO plugin v28.4 - https:\/\/yoast.com\/product\/yoast-seo-wordpress\/ -->\n<title>Cuestionan tr\u00e1mite de invalidez de Argollo - El Diario - Bolivia<\/title>\n<meta name=\"robots\" content=\"index, follow, max-snippet:-1, max-image-preview:large, max-video-preview:-1\" \/>\n<link rel=\"canonical\" href=\"https:\/\/www.eldiario.net\/portal\/2026\/07\/14\/cuestionan-tramite-de-invalidez-de-argollo\/\" \/>\n<meta property=\"og:locale\" content=\"es_ES\" \/>\n<meta property=\"og:type\" content=\"article\" \/>\n<meta property=\"og:title\" content=\"Cuestionan tr\u00e1mite de invalidez de Argollo - El Diario - Bolivia\" \/>\n<meta property=\"og:description\" content=\"El periodista, Juan Carlos Arana, cuestion\u00f3 la legalidad del tr\u00e1mite de renta por invalidez del ejecutivo de la Central Obrera Boliviana (COB), Mario Argollo, al afirmar que el dirigente se benefici\u00f3 de un mecanismo que permit\u00eda cobrar pagos retroactivos tras a\u00f1os de espera. En su programa Posdata 32, sostuvo que el caso evidencia presuntas falencias [&hellip;]\" \/>\n<meta property=\"og:url\" content=\"https:\/\/www.eldiario.net\/portal\/2026\/07\/14\/cuestionan-tramite-de-invalidez-de-argollo\/\" \/>\n<meta property=\"og:site_name\" content=\"El Diario - Bolivia\" \/>\n<meta property=\"article:publisher\" content=\"https:\/\/www.facebook.com\/eldiario.bolivia\/\" \/>\n<meta property=\"article:published_time\" content=\"2026-07-14T10:12:16+00:00\" \/>\n<meta property=\"og:image\" content=\"https:\/\/www.eldiario.net\/portal\/wp-content\/uploads\/2026\/07\/ARGOLLO-FOTO.webp\" \/>\n\t<meta property=\"og:image:width\" content=\"1200\" \/>\n\t<meta property=\"og:image:height\" content=\"700\" \/>\n\t<meta property=\"og:image:type\" content=\"image\/webp\" \/>\n<meta name=\"author\" content=\"Jeanette\" \/>\n<meta name=\"twitter:card\" content=\"summary_large_image\" \/>\n<meta name=\"twitter:creator\" content=\"@eldiario_net\" \/>\n<meta name=\"twitter:site\" content=\"@eldiario_net\" \/>\n<meta name=\"twitter:label1\" content=\"Escrito por\" \/>\n\t<meta name=\"twitter:data1\" content=\"Jeanette\" \/>\n\t<meta name=\"twitter:label2\" content=\"Tiempo de lectura\" \/>\n\t<meta name=\"twitter:data2\" content=\"3 minutos\" \/>\n<script type=\"application\/ld+json\" class=\"yoast-schema-graph\">{\"@context\":\"https:\\\/\\\/schema.org\",\"@graph\":[{\"@type\":\"Article\",\"@id\":\"https:\\\/\\\/www.eldiario.net\\\/portal\\\/2026\\\/07\\\/14\\\/cuestionan-tramite-de-invalidez-de-argollo\\\/#article\",\"isPartOf\":{\"@id\":\"https:\\\/\\\/www.eldiario.net\\\/portal\\\/2026\\\/07\\\/14\\\/cuestionan-tramite-de-invalidez-de-argollo\\\/\"},\"author\":{\"name\":\"Jeanette\",\"@id\":\"https:\\\/\\\/www.eldiario.net\\\/portal\\\/#\\\/schema\\\/person\\\/2c57cf2b7a7ae032e449e4c9b1019eac\"},\"headline\":\"Cuestionan tr\u00e1mite de invalidez de Argollo\",\"datePublished\":\"2026-07-14T10:12:16+00:00\",\"mainEntityOfPage\":{\"@id\":\"https:\\\/\\\/www.eldiario.net\\\/portal\\\/2026\\\/07\\\/14\\\/cuestionan-tramite-de-invalidez-de-argollo\\\/\"},\"wordCount\":513,\"publisher\":{\"@id\":\"https:\\\/\\\/www.eldiario.net\\\/portal\\\/#organization\"},\"image\":{\"@id\":\"https:\\\/\\\/www.eldiario.net\\\/portal\\\/2026\\\/07\\\/14\\\/cuestionan-tramite-de-invalidez-de-argollo\\\/#primaryimage\"},\"thumbnailUrl\":\"https:\\\/\\\/www.eldiario.net\\\/portal\\\/wp-content\\\/uploads\\\/2026\\\/07\\\/ARGOLLO-FOTO.webp\",\"articleSection\":[\"Sociedad - Seguridad\"],\"inLanguage\":\"es\"},{\"@type\":\"WebPage\",\"@id\":\"https:\\\/\\\/www.eldiario.net\\\/portal\\\/2026\\\/07\\\/14\\\/cuestionan-tramite-de-invalidez-de-argollo\\\/\",\"url\":\"https:\\\/\\\/www.eldiario.net\\\/portal\\\/2026\\\/07\\\/14\\\/cuestionan-tramite-de-invalidez-de-argollo\\\/\",\"name\":\"Cuestionan tr\u00e1mite de invalidez de Argollo - El Diario - Bolivia\",\"isPartOf\":{\"@id\":\"https:\\\/\\\/www.eldiario.net\\\/portal\\\/#website\"},\"primaryImageOfPage\":{\"@id\":\"https:\\\/\\\/www.eldiario.net\\\/portal\\\/2026\\\/07\\\/14\\\/cuestionan-tramite-de-invalidez-de-argollo\\\/#primaryimage\"},\"image\":{\"@id\":\"https:\\\/\\\/www.eldiario.net\\\/portal\\\/2026\\\/07\\\/14\\\/cuestionan-tramite-de-invalidez-de-argollo\\\/#primaryimage\"},\"thumbnailUrl\":\"https:\\\/\\\/www.eldiario.net\\\/portal\\\/wp-content\\\/uploads\\\/2026\\\/07\\\/ARGOLLO-FOTO.webp\",\"datePublished\":\"2026-07-14T10:12:16+00:00\",\"breadcrumb\":{\"@id\":\"https:\\\/\\\/www.eldiario.net\\\/portal\\\/2026\\\/07\\\/14\\\/cuestionan-tramite-de-invalidez-de-argollo\\\/#breadcrumb\"},\"inLanguage\":\"es\",\"potentialAction\":[{\"@type\":\"ReadAction\",\"target\":[\"https:\\\/\\\/www.eldiario.net\\\/portal\\\/2026\\\/07\\\/14\\\/cuestionan-tramite-de-invalidez-de-argollo\\\/\"]}]},{\"@type\":\"ImageObject\",\"inLanguage\":\"es\",\"@id\":\"https:\\\/\\\/www.eldiario.net\\\/portal\\\/2026\\\/07\\\/14\\\/cuestionan-tramite-de-invalidez-de-argollo\\\/#primaryimage\",\"url\":\"https:\\\/\\\/www.eldiario.net\\\/portal\\\/wp-content\\\/uploads\\\/2026\\\/07\\\/ARGOLLO-FOTO.webp\",\"contentUrl\":\"https:\\\/\\\/www.eldiario.net\\\/portal\\\/wp-content\\\/uploads\\\/2026\\\/07\\\/ARGOLLO-FOTO.webp\",\"width\":1200,\"height\":700,\"caption\":\"ejecutivo de la COB, Mario Argollo. Cr\u00e9dito de foto: ED\"},{\"@type\":\"BreadcrumbList\",\"@id\":\"https:\\\/\\\/www.eldiario.net\\\/portal\\\/2026\\\/07\\\/14\\\/cuestionan-tramite-de-invalidez-de-argollo\\\/#breadcrumb\",\"itemListElement\":[{\"@type\":\"ListItem\",\"position\":1,\"name\":\"Portada\",\"item\":\"https:\\\/\\\/www.eldiario.net\\\/portal\\\/\"},{\"@type\":\"ListItem\",\"position\":2,\"name\":\"Cuestionan tr\u00e1mite de invalidez de Argollo\"}]},{\"@type\":\"WebSite\",\"@id\":\"https:\\\/\\\/www.eldiario.net\\\/portal\\\/#website\",\"url\":\"https:\\\/\\\/www.eldiario.net\\\/portal\\\/\",\"name\":\"El Diario - Decano de la prensa nacional\",\"description\":\"El Diario - Decano de la prensa nacional\",\"publisher\":{\"@id\":\"https:\\\/\\\/www.eldiario.net\\\/portal\\\/#organization\"},\"potentialAction\":[{\"@type\":\"SearchAction\",\"target\":{\"@type\":\"EntryPoint\",\"urlTemplate\":\"https:\\\/\\\/www.eldiario.net\\\/portal\\\/?s={search_term_string}\"},\"query-input\":{\"@type\":\"PropertyValueSpecification\",\"valueRequired\":true,\"valueName\":\"search_term_string\"}}],\"inLanguage\":\"es\"},{\"@type\":\"Organization\",\"@id\":\"https:\\\/\\\/www.eldiario.net\\\/portal\\\/#organization\",\"name\":\"El Diario - Decano de la prensa nacional\",\"url\":\"https:\\\/\\\/www.eldiario.net\\\/portal\\\/\",\"logo\":{\"@type\":\"ImageObject\",\"inLanguage\":\"es\",\"@id\":\"https:\\\/\\\/www.eldiario.net\\\/portal\\\/#\\\/schema\\\/logo\\\/image\\\/\",\"url\":\"https:\\\/\\\/www.eldiario.net\\\/portal\\\/wp-content\\\/uploads\\\/2023\\\/07\\\/logo_ED.jpg\",\"contentUrl\":\"https:\\\/\\\/www.eldiario.net\\\/portal\\\/wp-content\\\/uploads\\\/2023\\\/07\\\/logo_ED.jpg\",\"width\":272,\"height\":52,\"caption\":\"El Diario - Decano de la prensa nacional\"},\"image\":{\"@id\":\"https:\\\/\\\/www.eldiario.net\\\/portal\\\/#\\\/schema\\\/logo\\\/image\\\/\"},\"sameAs\":[\"https:\\\/\\\/www.facebook.com\\\/eldiario.bolivia\\\/\",\"https:\\\/\\\/x.com\\\/eldiario_net\"]},{\"@type\":\"Person\",\"@id\":\"https:\\\/\\\/www.eldiario.net\\\/portal\\\/#\\\/schema\\\/person\\\/2c57cf2b7a7ae032e449e4c9b1019eac\",\"name\":\"Jeanette\",\"image\":{\"@type\":\"ImageObject\",\"inLanguage\":\"es\",\"@id\":\"https:\\\/\\\/secure.gravatar.com\\\/avatar\\\/3ea2118a5f7dad2b7138b1187a6b7ee55f160b9968b66013c3a3ef39dd7e5798?s=96&d=mm&r=g\",\"url\":\"https:\\\/\\\/secure.gravatar.com\\\/avatar\\\/3ea2118a5f7dad2b7138b1187a6b7ee55f160b9968b66013c3a3ef39dd7e5798?s=96&d=mm&r=g\",\"contentUrl\":\"https:\\\/\\\/secure.gravatar.com\\\/avatar\\\/3ea2118a5f7dad2b7138b1187a6b7ee55f160b9968b66013c3a3ef39dd7e5798?s=96&d=mm&r=g\",\"caption\":\"Jeanette\"},\"sameAs\":[\"https:\\\/\\\/www.eldiario.net\\\/portal\"],\"url\":\"https:\\\/\\\/www.eldiario.net\\\/portal\\\/author\\\/jeanette\\\/\"}]}<\/script>\n<!-- \/ Yoast SEO plugin. -->","yoast_head_json":{"title":"Cuestionan tr\u00e1mite de invalidez de Argollo - El Diario - Bolivia","robots":{"index":"index","follow":"follow","max-snippet":"max-snippet:-1","max-image-preview":"max-image-preview:large","max-video-preview":"max-video-preview:-1"},"canonical":"https:\/\/www.eldiario.net\/portal\/2026\/07\/14\/cuestionan-tramite-de-invalidez-de-argollo\/","og_locale":"es_ES","og_type":"article","og_title":"Cuestionan tr\u00e1mite de invalidez de Argollo - El Diario - Bolivia","og_description":"El periodista, Juan Carlos Arana, cuestion\u00f3 la legalidad del tr\u00e1mite de renta por invalidez del ejecutivo de la Central Obrera Boliviana (COB), Mario Argollo, al afirmar que el dirigente se benefici\u00f3 de un mecanismo que permit\u00eda cobrar pagos retroactivos tras a\u00f1os de espera. En su programa Posdata 32, sostuvo que el caso evidencia presuntas falencias [&hellip;]","og_url":"https:\/\/www.eldiario.net\/portal\/2026\/07\/14\/cuestionan-tramite-de-invalidez-de-argollo\/","og_site_name":"El Diario - Bolivia","article_publisher":"https:\/\/www.facebook.com\/eldiario.bolivia\/","article_published_time":"2026-07-14T10:12:16+00:00","og_image":[{"width":1200,"height":700,"url":"https:\/\/www.eldiario.net\/portal\/wp-content\/uploads\/2026\/07\/ARGOLLO-FOTO.webp","type":"image\/webp"}],"author":"Jeanette","twitter_card":"summary_large_image","twitter_creator":"@eldiario_net","twitter_site":"@eldiario_net","twitter_misc":{"Escrito por":"Jeanette","Tiempo de lectura":"3 minutos"},"schema":{"@context":"https:\/\/schema.org","@graph":[{"@type":"Article","@id":"https:\/\/www.eldiario.net\/portal\/2026\/07\/14\/cuestionan-tramite-de-invalidez-de-argollo\/#article","isPartOf":{"@id":"https:\/\/www.eldiario.net\/portal\/2026\/07\/14\/cuestionan-tramite-de-invalidez-de-argollo\/"},"author":{"name":"Jeanette","@id":"https:\/\/www.eldiario.net\/portal\/#\/schema\/person\/2c57cf2b7a7ae032e449e4c9b1019eac"},"headline":"Cuestionan tr\u00e1mite de invalidez de Argollo","datePublished":"2026-07-14T10:12:16+00:00","mainEntityOfPage":{"@id":"https:\/\/www.eldiario.net\/portal\/2026\/07\/14\/cuestionan-tramite-de-invalidez-de-argollo\/"},"wordCount":513,"publisher":{"@id":"https:\/\/www.eldiario.net\/portal\/#organization"},"image":{"@id":"https:\/\/www.eldiario.net\/portal\/2026\/07\/14\/cuestionan-tramite-de-invalidez-de-argollo\/#primaryimage"},"thumbnailUrl":"https:\/\/www.eldiario.net\/portal\/wp-content\/uploads\/2026\/07\/ARGOLLO-FOTO.webp","articleSection":["Sociedad - Seguridad"],"inLanguage":"es"},{"@type":"WebPage","@id":"https:\/\/www.eldiario.net\/portal\/2026\/07\/14\/cuestionan-tramite-de-invalidez-de-argollo\/","url":"https:\/\/www.eldiario.net\/portal\/2026\/07\/14\/cuestionan-tramite-de-invalidez-de-argollo\/","name":"Cuestionan tr\u00e1mite de invalidez de Argollo - El Diario - Bolivia","isPartOf":{"@id":"https:\/\/www.eldiario.net\/portal\/#website"},"primaryImageOfPage":{"@id":"https:\/\/www.eldiario.net\/portal\/2026\/07\/14\/cuestionan-tramite-de-invalidez-de-argollo\/#primaryimage"},"image":{"@id":"https:\/\/www.eldiario.net\/portal\/2026\/07\/14\/cuestionan-tramite-de-invalidez-de-argollo\/#primaryimage"},"thumbnailUrl":"https:\/\/www.eldiario.net\/portal\/wp-content\/uploads\/2026\/07\/ARGOLLO-FOTO.webp","datePublished":"2026-07-14T10:12:16+00:00","breadcrumb":{"@id":"https:\/\/www.eldiario.net\/portal\/2026\/07\/14\/cuestionan-tramite-de-invalidez-de-argollo\/#breadcrumb"},"inLanguage":"es","potentialAction":[{"@type":"ReadAction","target":["https:\/\/www.eldiario.net\/portal\/2026\/07\/14\/cuestionan-tramite-de-invalidez-de-argollo\/"]}]},{"@type":"ImageObject","inLanguage":"es","@id":"https:\/\/www.eldiario.net\/portal\/2026\/07\/14\/cuestionan-tramite-de-invalidez-de-argollo\/#primaryimage","url":"https:\/\/www.eldiario.net\/portal\/wp-content\/uploads\/2026\/07\/ARGOLLO-FOTO.webp","contentUrl":"https:\/\/www.eldiario.net\/portal\/wp-content\/uploads\/2026\/07\/ARGOLLO-FOTO.webp","width":1200,"height":700,"caption":"ejecutivo de la COB, Mario Argollo. Cr\u00e9dito de foto: ED"},{"@type":"BreadcrumbList","@id":"https:\/\/www.eldiario.net\/portal\/2026\/07\/14\/cuestionan-tramite-de-invalidez-de-argollo\/#breadcrumb","itemListElement":[{"@type":"ListItem","position":1,"name":"Portada","item":"https:\/\/www.eldiario.net\/portal\/"},{"@type":"ListItem","position":2,"name":"Cuestionan tr\u00e1mite de invalidez de Argollo"}]},{"@type":"WebSite","@id":"https:\/\/www.eldiario.net\/portal\/#website","url":"https:\/\/www.eldiario.net\/portal\/","name":"El Diario - Decano de la prensa nacional","description":"El Diario - Decano de la prensa nacional","publisher":{"@id":"https:\/\/www.eldiario.net\/portal\/#organization"},"potentialAction":[{"@type":"SearchAction","target":{"@type":"EntryPoint","urlTemplate":"https:\/\/www.eldiario.net\/portal\/?s={search_term_string}"},"query-input":{"@type":"PropertyValueSpecification","valueRequired":true,"valueName":"search_term_string"}}],"inLanguage":"es"},{"@type":"Organization","@id":"https:\/\/www.eldiario.net\/portal\/#organization","name":"El Diario - Decano de la prensa nacional","url":"https:\/\/www.eldiario.net\/portal\/","logo":{"@type":"ImageObject","inLanguage":"es","@id":"https:\/\/www.eldiario.net\/portal\/#\/schema\/logo\/image\/","url":"https:\/\/www.eldiario.net\/portal\/wp-content\/uploads\/2023\/07\/logo_ED.jpg","contentUrl":"https:\/\/www.eldiario.net\/portal\/wp-content\/uploads\/2023\/07\/logo_ED.jpg","width":272,"height":52,"caption":"El Diario - Decano de la prensa nacional"},"image":{"@id":"https:\/\/www.eldiario.net\/portal\/#\/schema\/logo\/image\/"},"sameAs":["https:\/\/www.facebook.com\/eldiario.bolivia\/","https:\/\/x.com\/eldiario_net"]},{"@type":"Person","@id":"https:\/\/www.eldiario.net\/portal\/#\/schema\/person\/2c57cf2b7a7ae032e449e4c9b1019eac","name":"Jeanette","image":{"@type":"ImageObject","inLanguage":"es","@id":"https:\/\/secure.gravatar.com\/avatar\/3ea2118a5f7dad2b7138b1187a6b7ee55f160b9968b66013c3a3ef39dd7e5798?s=96&d=mm&r=g","url":"https:\/\/secure.gravatar.com\/avatar\/3ea2118a5f7dad2b7138b1187a6b7ee55f160b9968b66013c3a3ef39dd7e5798?s=96&d=mm&r=g","contentUrl":"https:\/\/secure.gravatar.com\/avatar\/3ea2118a5f7dad2b7138b1187a6b7ee55f160b9968b66013c3a3ef39dd7e5798?s=96&d=mm&r=g","caption":"Jeanette"},"sameAs":["https:\/\/www.eldiario.net\/portal"],"url":"https:\/\/www.eldiario.net\/portal\/author\/jeanette\/"}]}},"_links":{"self":[{"href":"https:\/\/www.eldiario.net\/portal\/wp-json\/wp\/v2\/posts\/412460","targetHints":{"allow":["GET"]}}],"collection":[{"href":"https:\/\/www.eldiario.net\/portal\/wp-json\/wp\/v2\/posts"}],"about":[{"href":"https:\/\/www.eldiario.net\/portal\/wp-json\/wp\/v2\/types\/post"}],"author":[{"embeddable":true,"href":"https:\/\/www.eldiario.net\/portal\/wp-json\/wp\/v2\/users\/1"}],"replies":[{"embeddable":true,"href":"https:\/\/www.eldiario.net\/portal\/wp-json\/wp\/v2\/comments?post=412460"}],"version-history":[{"count":1,"href":"https:\/\/www.eldiario.net\/portal\/wp-json\/wp\/v2\/posts\/412460\/revisions"}],"predecessor-version":[{"id":412462,"href":"https:\/\/www.eldiario.net\/portal\/wp-json\/wp\/v2\/posts\/412460\/revisions\/412462"}],"wp:featuredmedia":[{"embeddable":true,"href":"https:\/\/www.eldiario.net\/portal\/wp-json\/wp\/v2\/media\/412461"}],"wp:attachment":[{"href":"https:\/\/www.eldiario.net\/portal\/wp-json\/wp\/v2\/media?parent=412460"}],"wp:term":[{"taxonomy":"category","embeddable":true,"href":"https:\/\/www.eldiario.net\/portal\/wp-json\/wp\/v2\/categories?post=412460"},{"taxonomy":"post_tag","embeddable":true,"href":"https:\/\/www.eldiario.net\/portal\/wp-json\/wp\/v2\/tags?post=412460"}],"curies":[{"name":"wp","href":"https:\/\/api.w.org\/{rel}","templated":true}]}}