{"id":412457,"date":"2026-07-14T06:11:46","date_gmt":"2026-07-14T10:11:46","guid":{"rendered":"https:\/\/www.eldiario.net\/portal\/?p=412457"},"modified":"2026-07-14T06:11:46","modified_gmt":"2026-07-14T10:11:46","slug":"investigacion-suma-nuevas-pruebas-tras-allanamientos","status":"publish","type":"post","link":"https:\/\/www.eldiario.net\/portal\/2026\/07\/14\/investigacion-suma-nuevas-pruebas-tras-allanamientos\/","title":{"rendered":"Investigaci\u00f3n suma nuevas pruebas tras allanamientos"},"content":{"rendered":"<p>La Fiscal\u00eda y la Polic\u00eda secuestraron documentos, equipos de videovigilancia y un veh\u00edculo durante los allanamientos realizados en Equipetrol y el Urub\u00f3 por el caso de los fusiles AK-47 hallados en Viru Viru. Los elementos ser\u00e1n analizados para determinar su relaci\u00f3n con el ingreso del cargamento de armas.<\/p>\n<p>Los operativos fueron ejecutados ayer como parte de las investigaciones por el delito de tr\u00e1fico de armas. La primera intervenci\u00f3n se realiz\u00f3 en un condominio de la zona de Equipetrol, donde las autoridades allanaron seis departamentos vinculados al principal investigado, quien figura como propietario de uno de los inmuebles.<\/p>\n<p>Posteriormente, los investigadores llegaron hasta una vivienda ubicada en la zona del Urub\u00f3, donde, seg\u00fan las pesquisas, uno de los denunciados habr\u00eda estado el pasado 8 de julio. La Fiscal\u00eda explic\u00f3 que estas acciones buscan recabar nuevos indicios y establecer la posible participaci\u00f3n de otras personas relacionadas con el caso.<\/p>\n<p>El fiscal, Daniel Ortu\u00f1o, inform\u00f3 que todo el material obtenido ser\u00e1 analizado por las instancias t\u00e9cnicas correspondientes para determinar su utilidad dentro de la investigaci\u00f3n. Entre los elementos secuestrados se encuentran documentos, equipos DVR de c\u00e1maras de seguridad, registros audiovisuales y un veh\u00edculo.<\/p>\n<p>Ortu\u00f1o se\u00f1al\u00f3 que la investigaci\u00f3n se ampli\u00f3 y actualmente est\u00e1 dirigida contra m\u00e1s de cuatro personas. Sin embargo, evit\u00f3 precisar cu\u00e1ntos de los investigados cuentan con \u00f3rdenes de aprehensi\u00f3n o revelar sus identidades, con el objetivo de no afectar el desarrollo de las diligencias.<\/p>\n<p>La autoridad explic\u00f3 que los allanamientos tienen como finalidad reunir mayores elementos de prueba y ubicar al principal sindicado, quien cuenta con una orden de aprehensi\u00f3n. Adem\u00e1s, indic\u00f3 que el Ministerio P\u00fablico contin\u00faa realizando actos investigativos para determinar el grado de participaci\u00f3n de cada uno de los involucrados.<\/p>\n<p>El caso se origin\u00f3 luego de que fueran encontrados fusiles AK-47 en el aeropuerto internacional Viru Viru, armas que habr\u00edan ingresado al pa\u00eds desde Estados Unidos en unas maletas. La Polic\u00eda mantiene la b\u00fasqueda de un joven de 22 a\u00f1os identificado como una de las personas vinculadas al cargamento y solicit\u00f3 que se presente a declarar.<\/p>\n<p>Respecto al destino que tendr\u00edan los fusiles y el prop\u00f3sito de su ingreso al pa\u00eds, Ortu\u00f1o indic\u00f3 que todav\u00eda existen varias hip\u00f3tesis y que ninguna ha sido confirmada. Las autoridades contin\u00faan con las investigaciones para establecer qui\u00e9nes participaron en el traslado de las armas y si existe una organizaci\u00f3n vinculada al tr\u00e1fico de armamento.<\/p>\n","protected":false},"excerpt":{"rendered":"<p>La Fiscal\u00eda y la Polic\u00eda secuestraron documentos, equipos de videovigilancia y un veh\u00edculo durante los allanamientos realizados en Equipetrol y el Urub\u00f3 por el caso de los fusiles AK-47 hallados en Viru Viru. Los elementos ser\u00e1n analizados para determinar su relaci\u00f3n con el ingreso del cargamento de armas. Los operativos fueron ejecutados ayer como parte [&hellip;]<\/p>\n","protected":false},"author":1,"featured_media":412458,"comment_status":"closed","ping_status":"open","sticky":false,"template":"","format":"standard","meta":{"_acf_changed":false,"footnotes":""},"categories":[39],"tags":[],"class_list":["post-412457","post","type-post","status-publish","format-standard","has-post-thumbnail","category-sociedad"],"acf":{"antetitulo":"Caso armas en Viru Viru"},"yoast_head":"<!-- This site is optimized with the Yoast SEO plugin v28.4 - https:\/\/yoast.com\/product\/yoast-seo-wordpress\/ -->\n<title>Investigaci\u00f3n suma nuevas pruebas tras allanamientos - El Diario - Bolivia<\/title>\n<meta name=\"robots\" content=\"index, follow, max-snippet:-1, max-image-preview:large, max-video-preview:-1\" \/>\n<link rel=\"canonical\" href=\"https:\/\/www.eldiario.net\/portal\/2026\/07\/14\/investigacion-suma-nuevas-pruebas-tras-allanamientos\/\" \/>\n<meta property=\"og:locale\" content=\"es_ES\" \/>\n<meta property=\"og:type\" content=\"article\" \/>\n<meta property=\"og:title\" content=\"Investigaci\u00f3n suma nuevas pruebas tras allanamientos - El Diario - Bolivia\" \/>\n<meta property=\"og:description\" content=\"La Fiscal\u00eda y la Polic\u00eda secuestraron documentos, equipos de videovigilancia y un veh\u00edculo durante los allanamientos realizados en Equipetrol y el Urub\u00f3 por el caso de los fusiles AK-47 hallados en Viru Viru. Los elementos ser\u00e1n analizados para determinar su relaci\u00f3n con el ingreso del cargamento de armas. Los operativos fueron ejecutados ayer como parte [&hellip;]\" \/>\n<meta property=\"og:url\" content=\"https:\/\/www.eldiario.net\/portal\/2026\/07\/14\/investigacion-suma-nuevas-pruebas-tras-allanamientos\/\" \/>\n<meta property=\"og:site_name\" content=\"El Diario - Bolivia\" \/>\n<meta property=\"article:publisher\" content=\"https:\/\/www.facebook.com\/eldiario.bolivia\/\" \/>\n<meta property=\"article:published_time\" content=\"2026-07-14T10:11:46+00:00\" \/>\n<meta property=\"og:image\" content=\"https:\/\/www.eldiario.net\/portal\/wp-content\/uploads\/2026\/07\/ARMAS-FOTO-1.webp\" \/>\n\t<meta property=\"og:image:width\" content=\"1410\" \/>\n\t<meta property=\"og:image:height\" content=\"738\" \/>\n\t<meta property=\"og:image:type\" content=\"image\/webp\" \/>\n<meta name=\"author\" content=\"Jeanette\" \/>\n<meta name=\"twitter:card\" content=\"summary_large_image\" \/>\n<meta name=\"twitter:creator\" content=\"@eldiario_net\" \/>\n<meta name=\"twitter:site\" content=\"@eldiario_net\" \/>\n<meta name=\"twitter:label1\" content=\"Escrito por\" \/>\n\t<meta name=\"twitter:data1\" content=\"Jeanette\" \/>\n\t<meta name=\"twitter:label2\" content=\"Tiempo de lectura\" \/>\n\t<meta name=\"twitter:data2\" content=\"2 minutos\" \/>\n<script type=\"application\/ld+json\" class=\"yoast-schema-graph\">{\"@context\":\"https:\\\/\\\/schema.org\",\"@graph\":[{\"@type\":\"Article\",\"@id\":\"https:\\\/\\\/www.eldiario.net\\\/portal\\\/2026\\\/07\\\/14\\\/investigacion-suma-nuevas-pruebas-tras-allanamientos\\\/#article\",\"isPartOf\":{\"@id\":\"https:\\\/\\\/www.eldiario.net\\\/portal\\\/2026\\\/07\\\/14\\\/investigacion-suma-nuevas-pruebas-tras-allanamientos\\\/\"},\"author\":{\"name\":\"Jeanette\",\"@id\":\"https:\\\/\\\/www.eldiario.net\\\/portal\\\/#\\\/schema\\\/person\\\/2c57cf2b7a7ae032e449e4c9b1019eac\"},\"headline\":\"Investigaci\u00f3n suma nuevas pruebas tras allanamientos\",\"datePublished\":\"2026-07-14T10:11:46+00:00\",\"mainEntityOfPage\":{\"@id\":\"https:\\\/\\\/www.eldiario.net\\\/portal\\\/2026\\\/07\\\/14\\\/investigacion-suma-nuevas-pruebas-tras-allanamientos\\\/\"},\"wordCount\":439,\"publisher\":{\"@id\":\"https:\\\/\\\/www.eldiario.net\\\/portal\\\/#organization\"},\"image\":{\"@id\":\"https:\\\/\\\/www.eldiario.net\\\/portal\\\/2026\\\/07\\\/14\\\/investigacion-suma-nuevas-pruebas-tras-allanamientos\\\/#primaryimage\"},\"thumbnailUrl\":\"https:\\\/\\\/www.eldiario.net\\\/portal\\\/wp-content\\\/uploads\\\/2026\\\/07\\\/ARMAS-FOTO-1.webp\",\"articleSection\":[\"Sociedad - Seguridad\"],\"inLanguage\":\"es\"},{\"@type\":\"WebPage\",\"@id\":\"https:\\\/\\\/www.eldiario.net\\\/portal\\\/2026\\\/07\\\/14\\\/investigacion-suma-nuevas-pruebas-tras-allanamientos\\\/\",\"url\":\"https:\\\/\\\/www.eldiario.net\\\/portal\\\/2026\\\/07\\\/14\\\/investigacion-suma-nuevas-pruebas-tras-allanamientos\\\/\",\"name\":\"Investigaci\u00f3n suma nuevas pruebas tras allanamientos - El Diario - Bolivia\",\"isPartOf\":{\"@id\":\"https:\\\/\\\/www.eldiario.net\\\/portal\\\/#website\"},\"primaryImageOfPage\":{\"@id\":\"https:\\\/\\\/www.eldiario.net\\\/portal\\\/2026\\\/07\\\/14\\\/investigacion-suma-nuevas-pruebas-tras-allanamientos\\\/#primaryimage\"},\"image\":{\"@id\":\"https:\\\/\\\/www.eldiario.net\\\/portal\\\/2026\\\/07\\\/14\\\/investigacion-suma-nuevas-pruebas-tras-allanamientos\\\/#primaryimage\"},\"thumbnailUrl\":\"https:\\\/\\\/www.eldiario.net\\\/portal\\\/wp-content\\\/uploads\\\/2026\\\/07\\\/ARMAS-FOTO-1.webp\",\"datePublished\":\"2026-07-14T10:11:46+00:00\",\"breadcrumb\":{\"@id\":\"https:\\\/\\\/www.eldiario.net\\\/portal\\\/2026\\\/07\\\/14\\\/investigacion-suma-nuevas-pruebas-tras-allanamientos\\\/#breadcrumb\"},\"inLanguage\":\"es\",\"potentialAction\":[{\"@type\":\"ReadAction\",\"target\":[\"https:\\\/\\\/www.eldiario.net\\\/portal\\\/2026\\\/07\\\/14\\\/investigacion-suma-nuevas-pruebas-tras-allanamientos\\\/\"]}]},{\"@type\":\"ImageObject\",\"inLanguage\":\"es\",\"@id\":\"https:\\\/\\\/www.eldiario.net\\\/portal\\\/2026\\\/07\\\/14\\\/investigacion-suma-nuevas-pruebas-tras-allanamientos\\\/#primaryimage\",\"url\":\"https:\\\/\\\/www.eldiario.net\\\/portal\\\/wp-content\\\/uploads\\\/2026\\\/07\\\/ARMAS-FOTO-1.webp\",\"contentUrl\":\"https:\\\/\\\/www.eldiario.net\\\/portal\\\/wp-content\\\/uploads\\\/2026\\\/07\\\/ARMAS-FOTO-1.webp\",\"width\":1410,\"height\":738,\"caption\":\"Los allanamientos se ejecutaron como parte de las investigaciones por el delito de tr\u00e1fico de armas. Cr\u00e9dito de foto: RRSS\"},{\"@type\":\"BreadcrumbList\",\"@id\":\"https:\\\/\\\/www.eldiario.net\\\/portal\\\/2026\\\/07\\\/14\\\/investigacion-suma-nuevas-pruebas-tras-allanamientos\\\/#breadcrumb\",\"itemListElement\":[{\"@type\":\"ListItem\",\"position\":1,\"name\":\"Portada\",\"item\":\"https:\\\/\\\/www.eldiario.net\\\/portal\\\/\"},{\"@type\":\"ListItem\",\"position\":2,\"name\":\"Investigaci\u00f3n suma nuevas pruebas tras allanamientos\"}]},{\"@type\":\"WebSite\",\"@id\":\"https:\\\/\\\/www.eldiario.net\\\/portal\\\/#website\",\"url\":\"https:\\\/\\\/www.eldiario.net\\\/portal\\\/\",\"name\":\"El Diario - Decano de la prensa nacional\",\"description\":\"El Diario - Decano de la prensa nacional\",\"publisher\":{\"@id\":\"https:\\\/\\\/www.eldiario.net\\\/portal\\\/#organization\"},\"potentialAction\":[{\"@type\":\"SearchAction\",\"target\":{\"@type\":\"EntryPoint\",\"urlTemplate\":\"https:\\\/\\\/www.eldiario.net\\\/portal\\\/?s={search_term_string}\"},\"query-input\":{\"@type\":\"PropertyValueSpecification\",\"valueRequired\":true,\"valueName\":\"search_term_string\"}}],\"inLanguage\":\"es\"},{\"@type\":\"Organization\",\"@id\":\"https:\\\/\\\/www.eldiario.net\\\/portal\\\/#organization\",\"name\":\"El Diario - Decano de la prensa nacional\",\"url\":\"https:\\\/\\\/www.eldiario.net\\\/portal\\\/\",\"logo\":{\"@type\":\"ImageObject\",\"inLanguage\":\"es\",\"@id\":\"https:\\\/\\\/www.eldiario.net\\\/portal\\\/#\\\/schema\\\/logo\\\/image\\\/\",\"url\":\"https:\\\/\\\/www.eldiario.net\\\/portal\\\/wp-content\\\/uploads\\\/2023\\\/07\\\/logo_ED.jpg\",\"contentUrl\":\"https:\\\/\\\/www.eldiario.net\\\/portal\\\/wp-content\\\/uploads\\\/2023\\\/07\\\/logo_ED.jpg\",\"width\":272,\"height\":52,\"caption\":\"El Diario - Decano de la prensa nacional\"},\"image\":{\"@id\":\"https:\\\/\\\/www.eldiario.net\\\/portal\\\/#\\\/schema\\\/logo\\\/image\\\/\"},\"sameAs\":[\"https:\\\/\\\/www.facebook.com\\\/eldiario.bolivia\\\/\",\"https:\\\/\\\/x.com\\\/eldiario_net\"]},{\"@type\":\"Person\",\"@id\":\"https:\\\/\\\/www.eldiario.net\\\/portal\\\/#\\\/schema\\\/person\\\/2c57cf2b7a7ae032e449e4c9b1019eac\",\"name\":\"Jeanette\",\"image\":{\"@type\":\"ImageObject\",\"inLanguage\":\"es\",\"@id\":\"https:\\\/\\\/secure.gravatar.com\\\/avatar\\\/3ea2118a5f7dad2b7138b1187a6b7ee55f160b9968b66013c3a3ef39dd7e5798?s=96&d=mm&r=g\",\"url\":\"https:\\\/\\\/secure.gravatar.com\\\/avatar\\\/3ea2118a5f7dad2b7138b1187a6b7ee55f160b9968b66013c3a3ef39dd7e5798?s=96&d=mm&r=g\",\"contentUrl\":\"https:\\\/\\\/secure.gravatar.com\\\/avatar\\\/3ea2118a5f7dad2b7138b1187a6b7ee55f160b9968b66013c3a3ef39dd7e5798?s=96&d=mm&r=g\",\"caption\":\"Jeanette\"},\"sameAs\":[\"https:\\\/\\\/www.eldiario.net\\\/portal\"],\"url\":\"https:\\\/\\\/www.eldiario.net\\\/portal\\\/author\\\/jeanette\\\/\"}]}<\/script>\n<!-- \/ Yoast SEO plugin. -->","yoast_head_json":{"title":"Investigaci\u00f3n suma nuevas pruebas tras allanamientos - El Diario - Bolivia","robots":{"index":"index","follow":"follow","max-snippet":"max-snippet:-1","max-image-preview":"max-image-preview:large","max-video-preview":"max-video-preview:-1"},"canonical":"https:\/\/www.eldiario.net\/portal\/2026\/07\/14\/investigacion-suma-nuevas-pruebas-tras-allanamientos\/","og_locale":"es_ES","og_type":"article","og_title":"Investigaci\u00f3n suma nuevas pruebas tras allanamientos - El Diario - Bolivia","og_description":"La Fiscal\u00eda y la Polic\u00eda secuestraron documentos, equipos de videovigilancia y un veh\u00edculo durante los allanamientos realizados en Equipetrol y el Urub\u00f3 por el caso de los fusiles AK-47 hallados en Viru Viru. Los elementos ser\u00e1n analizados para determinar su relaci\u00f3n con el ingreso del cargamento de armas. Los operativos fueron ejecutados ayer como parte [&hellip;]","og_url":"https:\/\/www.eldiario.net\/portal\/2026\/07\/14\/investigacion-suma-nuevas-pruebas-tras-allanamientos\/","og_site_name":"El Diario - Bolivia","article_publisher":"https:\/\/www.facebook.com\/eldiario.bolivia\/","article_published_time":"2026-07-14T10:11:46+00:00","og_image":[{"width":1410,"height":738,"url":"https:\/\/www.eldiario.net\/portal\/wp-content\/uploads\/2026\/07\/ARMAS-FOTO-1.webp","type":"image\/webp"}],"author":"Jeanette","twitter_card":"summary_large_image","twitter_creator":"@eldiario_net","twitter_site":"@eldiario_net","twitter_misc":{"Escrito por":"Jeanette","Tiempo de lectura":"2 minutos"},"schema":{"@context":"https:\/\/schema.org","@graph":[{"@type":"Article","@id":"https:\/\/www.eldiario.net\/portal\/2026\/07\/14\/investigacion-suma-nuevas-pruebas-tras-allanamientos\/#article","isPartOf":{"@id":"https:\/\/www.eldiario.net\/portal\/2026\/07\/14\/investigacion-suma-nuevas-pruebas-tras-allanamientos\/"},"author":{"name":"Jeanette","@id":"https:\/\/www.eldiario.net\/portal\/#\/schema\/person\/2c57cf2b7a7ae032e449e4c9b1019eac"},"headline":"Investigaci\u00f3n suma nuevas pruebas tras allanamientos","datePublished":"2026-07-14T10:11:46+00:00","mainEntityOfPage":{"@id":"https:\/\/www.eldiario.net\/portal\/2026\/07\/14\/investigacion-suma-nuevas-pruebas-tras-allanamientos\/"},"wordCount":439,"publisher":{"@id":"https:\/\/www.eldiario.net\/portal\/#organization"},"image":{"@id":"https:\/\/www.eldiario.net\/portal\/2026\/07\/14\/investigacion-suma-nuevas-pruebas-tras-allanamientos\/#primaryimage"},"thumbnailUrl":"https:\/\/www.eldiario.net\/portal\/wp-content\/uploads\/2026\/07\/ARMAS-FOTO-1.webp","articleSection":["Sociedad - Seguridad"],"inLanguage":"es"},{"@type":"WebPage","@id":"https:\/\/www.eldiario.net\/portal\/2026\/07\/14\/investigacion-suma-nuevas-pruebas-tras-allanamientos\/","url":"https:\/\/www.eldiario.net\/portal\/2026\/07\/14\/investigacion-suma-nuevas-pruebas-tras-allanamientos\/","name":"Investigaci\u00f3n suma nuevas pruebas tras allanamientos - El Diario - Bolivia","isPartOf":{"@id":"https:\/\/www.eldiario.net\/portal\/#website"},"primaryImageOfPage":{"@id":"https:\/\/www.eldiario.net\/portal\/2026\/07\/14\/investigacion-suma-nuevas-pruebas-tras-allanamientos\/#primaryimage"},"image":{"@id":"https:\/\/www.eldiario.net\/portal\/2026\/07\/14\/investigacion-suma-nuevas-pruebas-tras-allanamientos\/#primaryimage"},"thumbnailUrl":"https:\/\/www.eldiario.net\/portal\/wp-content\/uploads\/2026\/07\/ARMAS-FOTO-1.webp","datePublished":"2026-07-14T10:11:46+00:00","breadcrumb":{"@id":"https:\/\/www.eldiario.net\/portal\/2026\/07\/14\/investigacion-suma-nuevas-pruebas-tras-allanamientos\/#breadcrumb"},"inLanguage":"es","potentialAction":[{"@type":"ReadAction","target":["https:\/\/www.eldiario.net\/portal\/2026\/07\/14\/investigacion-suma-nuevas-pruebas-tras-allanamientos\/"]}]},{"@type":"ImageObject","inLanguage":"es","@id":"https:\/\/www.eldiario.net\/portal\/2026\/07\/14\/investigacion-suma-nuevas-pruebas-tras-allanamientos\/#primaryimage","url":"https:\/\/www.eldiario.net\/portal\/wp-content\/uploads\/2026\/07\/ARMAS-FOTO-1.webp","contentUrl":"https:\/\/www.eldiario.net\/portal\/wp-content\/uploads\/2026\/07\/ARMAS-FOTO-1.webp","width":1410,"height":738,"caption":"Los allanamientos se ejecutaron como parte de las investigaciones por el delito de tr\u00e1fico de armas. Cr\u00e9dito de foto: RRSS"},{"@type":"BreadcrumbList","@id":"https:\/\/www.eldiario.net\/portal\/2026\/07\/14\/investigacion-suma-nuevas-pruebas-tras-allanamientos\/#breadcrumb","itemListElement":[{"@type":"ListItem","position":1,"name":"Portada","item":"https:\/\/www.eldiario.net\/portal\/"},{"@type":"ListItem","position":2,"name":"Investigaci\u00f3n suma nuevas pruebas tras allanamientos"}]},{"@type":"WebSite","@id":"https:\/\/www.eldiario.net\/portal\/#website","url":"https:\/\/www.eldiario.net\/portal\/","name":"El Diario - Decano de la prensa nacional","description":"El Diario - Decano de la prensa nacional","publisher":{"@id":"https:\/\/www.eldiario.net\/portal\/#organization"},"potentialAction":[{"@type":"SearchAction","target":{"@type":"EntryPoint","urlTemplate":"https:\/\/www.eldiario.net\/portal\/?s={search_term_string}"},"query-input":{"@type":"PropertyValueSpecification","valueRequired":true,"valueName":"search_term_string"}}],"inLanguage":"es"},{"@type":"Organization","@id":"https:\/\/www.eldiario.net\/portal\/#organization","name":"El Diario - Decano de la prensa nacional","url":"https:\/\/www.eldiario.net\/portal\/","logo":{"@type":"ImageObject","inLanguage":"es","@id":"https:\/\/www.eldiario.net\/portal\/#\/schema\/logo\/image\/","url":"https:\/\/www.eldiario.net\/portal\/wp-content\/uploads\/2023\/07\/logo_ED.jpg","contentUrl":"https:\/\/www.eldiario.net\/portal\/wp-content\/uploads\/2023\/07\/logo_ED.jpg","width":272,"height":52,"caption":"El Diario - Decano de la prensa nacional"},"image":{"@id":"https:\/\/www.eldiario.net\/portal\/#\/schema\/logo\/image\/"},"sameAs":["https:\/\/www.facebook.com\/eldiario.bolivia\/","https:\/\/x.com\/eldiario_net"]},{"@type":"Person","@id":"https:\/\/www.eldiario.net\/portal\/#\/schema\/person\/2c57cf2b7a7ae032e449e4c9b1019eac","name":"Jeanette","image":{"@type":"ImageObject","inLanguage":"es","@id":"https:\/\/secure.gravatar.com\/avatar\/3ea2118a5f7dad2b7138b1187a6b7ee55f160b9968b66013c3a3ef39dd7e5798?s=96&d=mm&r=g","url":"https:\/\/secure.gravatar.com\/avatar\/3ea2118a5f7dad2b7138b1187a6b7ee55f160b9968b66013c3a3ef39dd7e5798?s=96&d=mm&r=g","contentUrl":"https:\/\/secure.gravatar.com\/avatar\/3ea2118a5f7dad2b7138b1187a6b7ee55f160b9968b66013c3a3ef39dd7e5798?s=96&d=mm&r=g","caption":"Jeanette"},"sameAs":["https:\/\/www.eldiario.net\/portal"],"url":"https:\/\/www.eldiario.net\/portal\/author\/jeanette\/"}]}},"_links":{"self":[{"href":"https:\/\/www.eldiario.net\/portal\/wp-json\/wp\/v2\/posts\/412457","targetHints":{"allow":["GET"]}}],"collection":[{"href":"https:\/\/www.eldiario.net\/portal\/wp-json\/wp\/v2\/posts"}],"about":[{"href":"https:\/\/www.eldiario.net\/portal\/wp-json\/wp\/v2\/types\/post"}],"author":[{"embeddable":true,"href":"https:\/\/www.eldiario.net\/portal\/wp-json\/wp\/v2\/users\/1"}],"replies":[{"embeddable":true,"href":"https:\/\/www.eldiario.net\/portal\/wp-json\/wp\/v2\/comments?post=412457"}],"version-history":[{"count":1,"href":"https:\/\/www.eldiario.net\/portal\/wp-json\/wp\/v2\/posts\/412457\/revisions"}],"predecessor-version":[{"id":412459,"href":"https:\/\/www.eldiario.net\/portal\/wp-json\/wp\/v2\/posts\/412457\/revisions\/412459"}],"wp:featuredmedia":[{"embeddable":true,"href":"https:\/\/www.eldiario.net\/portal\/wp-json\/wp\/v2\/media\/412458"}],"wp:attachment":[{"href":"https:\/\/www.eldiario.net\/portal\/wp-json\/wp\/v2\/media?parent=412457"}],"wp:term":[{"taxonomy":"category","embeddable":true,"href":"https:\/\/www.eldiario.net\/portal\/wp-json\/wp\/v2\/categories?post=412457"},{"taxonomy":"post_tag","embeddable":true,"href":"https:\/\/www.eldiario.net\/portal\/wp-json\/wp\/v2\/tags?post=412457"}],"curies":[{"name":"wp","href":"https:\/\/api.w.org\/{rel}","templated":true}]}}