{"id":412166,"date":"2026-07-13T06:42:59","date_gmt":"2026-07-13T10:42:59","guid":{"rendered":"https:\/\/www.eldiario.net\/portal\/?p=412166"},"modified":"2026-07-13T06:42:59","modified_gmt":"2026-07-13T10:42:59","slug":"anp-fiscal-libera-de-proceso-a-dos-agresores-de-periodista","status":"publish","type":"post","link":"https:\/\/www.eldiario.net\/portal\/2026\/07\/13\/anp-fiscal-libera-de-proceso-a-dos-agresores-de-periodista\/","title":{"rendered":"ANP: fiscal libera de proceso a dos agresores de periodista"},"content":{"rendered":"<p class=\"v1MsoNormal\"><span lang=\"ES\">El presidente del Tribunal Supremo Electoral (TSE), Gustavo \u00c1vila, advirti\u00f3 que, \u00abla misma persona que en 2024 perjudic\u00f3 el normal desarrollo de las Elecciones Judiciales pretende vulnerar la institucionalidad del \u00d3rgano Judicial en el departamento del Beni\u00bb.<\/span><\/p>\n<p class=\"v1MsoNormal\"><span lang=\"ES\">A trav\u00e9s de sus redes sociales, la m\u00e1xima autoridad electoral del pa\u00eds, sin hacer alusiones directas, alert\u00f3 sobre supuestos planes para alterar el normal funcionamiento del Tribunal Departamental de Justicia del Beni.\u00a0<\/span><\/p>\n<p class=\"v1MsoNormal\"><span lang=\"ES\">\u00abEn las \u00faltimas horas, la misma persona que en 2024 perjudic\u00f3 el normal desarrollo de las Elecciones Judiciales pretende vulnerar la institucionalidad del \u00d3rgano Judicial en el departamento del Beni\u00bb, expres\u00f3.<\/span><\/p>\n<p class=\"v1MsoNormal\"><span lang=\"ES\">\u00c1vila tambi\u00e9n record\u00f3 que la suspensi\u00f3n y fragmentaci\u00f3n de las elecciones judiciales en 2024 tuvo su origen en una decisi\u00f3n emitida por una Sala Constitucional del Beni, acto que gener\u00f3 \u00abun perjuicio institucional sin precedentes\u00bb.<\/span><\/p>\n<p class=\"v1MsoNormal\"><span lang=\"ES\">\u00abComo consecuencia, millones de bolivianas y bolivianos fueron privados del ejercicio pleno de su derecho al voto, mientras el Estado asumi\u00f3 p\u00e9rdidas superiores a los 70 millones de bolivianos, adem\u00e1s de la grave afectaci\u00f3n a la planificaci\u00f3n y ejecuci\u00f3n de un proceso electoral de alcance nacional\u00bb, se\u00f1ala la publicaci\u00f3n del presidente del TSE.<\/span><\/p>\n<p class=\"v1MsoNormal\"><span lang=\"ES\">En octubre de 2024, el actual vocal del Tribunal Departamental de Justicia de Beni, Charles Mej\u00eda, fung\u00eda como presidente de una Sala Constitucional de este departamento, desde donde se declar\u00f3 desierta la convocatoria a elecciones judiciales en el Tribunal Supremo de Justicia y el Tribunal Constitucional Plurinacional.<\/span><\/p>\n<p class=\"v1MsoNormal\"><span lang=\"ES\">\u00abEn un Estado de Derecho, el respeto a la institucionalidad, y la seguridad jur\u00eddica constituyen principios irrenunciables. Es responsabilidad de todas las autoridades y de la ciudadan\u00eda denunciar y rechazar cualquier acci\u00f3n que pretenda debilitar las instituciones o poner en riesgo el normal funcionamiento de la democracia\u00bb, a\u00f1adi\u00f3 \u00c1vila.<\/span><\/p>\n<p class=\"v1MsoNormal\"><span lang=\"ES\">Durante el fin de semana, el presidente del Tribunal Supremo de Justicia, Romer Saucedo, y el vocal Mej\u00eda, intercambiaron acusaciones e incluso amenazas desde sus cuentas en la red social Facebook.\u00a0\u00a0<\/span><\/p>\n<p class=\"v1MsoNormal\"><span lang=\"ES\">Saucedo calific\u00f3 a Mej\u00eda como un \u00abcarnicero de la democracia\u00bb y dio un plazo de \u00ab72 horas\u00bb para que el vocal rinda cuentas por sus actos.<\/span><\/p>\n<p class=\"v1MsoNormal\"><span lang=\"ES\">\u00abCharles Fernando Mej\u00eda Cardozo es uno de los responsables del da\u00f1o econ\u00f3mico al estado boliviano por m\u00e1s de 55 Millones de Bs., adem\u00e1s de dejar sin elecciones judiciales a m\u00e1s de medio pa\u00eds. Por culpa de aquellos adictos al poder, tenemos un desorden institucional. El momento de rendirle cuentas a la justicia se va acercando, ning\u00fan acto delincuencial quedar\u00e1 impune\u00bb, public\u00f3 Saucedo.<\/span><\/p>\n<p class=\"v1MsoNormal\"><span lang=\"ES\">Por su parte, Mej\u00eda hizo referencia a las advertencias de paro judicial expresadas por Saucedo como forma de presi\u00f3n en favor de las demandas presupuestarias del \u00d3rgano Judicial ante los \u00d3rganos Ejecutivo y Legislativo.\u00a0\u00a0\u00a0<\/span><\/p>\n<p class=\"v1MsoNormal\"><span lang=\"ES\">\u00abEl art 187-15 de la Ley 025 del \u00d3rgano Judicial sanciona como falta grave propiciar o participar en huelgas o paros&#8230;. pero un personaje pretend\u00eda que los jueces y vocales cometamos faltas graves con la amenaza de paro por presupuesto a ver los legisladores que investiguen cu\u00e1nto gasta el \u00d3rgano Judicial en pasajes y vi\u00e1ticos nacionales e internacionales\u00bb, public\u00f3 Mej\u00eda.<\/span><\/p>\n<p class=\"v1MsoNormal\"><span lang=\"ES\">\u00a0<\/span><\/p>\n","protected":false},"excerpt":{"rendered":"<p>El presidente del Tribunal Supremo Electoral (TSE), Gustavo \u00c1vila, advirti\u00f3 que, \u00abla misma persona que en 2024 perjudic\u00f3 el normal desarrollo de las Elecciones Judiciales pretende vulnerar la institucionalidad del \u00d3rgano Judicial en el departamento del Beni\u00bb. A trav\u00e9s de sus redes sociales, la m\u00e1xima autoridad electoral del pa\u00eds, sin hacer alusiones directas, alert\u00f3 sobre [&hellip;]<\/p>\n","protected":false},"author":1,"featured_media":412167,"comment_status":"closed","ping_status":"open","sticky":false,"template":"","format":"standard","meta":{"_acf_changed":false,"footnotes":""},"categories":[15],"tags":[],"class_list":["post-412166","post","type-post","status-publish","format-standard","has-post-thumbnail","category-portada"],"acf":{"antetitulo":"Desvirt\u00faa pruebas de amenazas"},"yoast_head":"<!-- This site is optimized with the Yoast SEO plugin v28.4 - https:\/\/yoast.com\/product\/yoast-seo-wordpress\/ -->\n<title>ANP: fiscal libera de proceso a dos agresores de periodista - El Diario - Bolivia<\/title>\n<meta name=\"robots\" content=\"index, follow, max-snippet:-1, max-image-preview:large, max-video-preview:-1\" \/>\n<link rel=\"canonical\" href=\"https:\/\/www.eldiario.net\/portal\/2026\/07\/13\/anp-fiscal-libera-de-proceso-a-dos-agresores-de-periodista\/\" \/>\n<meta property=\"og:locale\" content=\"es_ES\" \/>\n<meta property=\"og:type\" content=\"article\" \/>\n<meta property=\"og:title\" content=\"ANP: fiscal libera de proceso a dos agresores de periodista - El Diario - Bolivia\" \/>\n<meta property=\"og:description\" content=\"El presidente del Tribunal Supremo Electoral (TSE), Gustavo \u00c1vila, advirti\u00f3 que, \u00abla misma persona que en 2024 perjudic\u00f3 el normal desarrollo de las Elecciones Judiciales pretende vulnerar la institucionalidad del \u00d3rgano Judicial en el departamento del Beni\u00bb. A trav\u00e9s de sus redes sociales, la m\u00e1xima autoridad electoral del pa\u00eds, sin hacer alusiones directas, alert\u00f3 sobre [&hellip;]\" \/>\n<meta property=\"og:url\" content=\"https:\/\/www.eldiario.net\/portal\/2026\/07\/13\/anp-fiscal-libera-de-proceso-a-dos-agresores-de-periodista\/\" \/>\n<meta property=\"og:site_name\" content=\"El Diario - Bolivia\" \/>\n<meta property=\"article:publisher\" content=\"https:\/\/www.facebook.com\/eldiario.bolivia\/\" \/>\n<meta property=\"article:published_time\" content=\"2026-07-13T10:42:59+00:00\" \/>\n<meta property=\"og:image\" content=\"https:\/\/www.eldiario.net\/portal\/wp-content\/uploads\/2026\/07\/repudio-El-Deber-10-cm-x-7.webp\" \/>\n\t<meta property=\"og:image:width\" content=\"1200\" \/>\n\t<meta property=\"og:image:height\" content=\"675\" \/>\n\t<meta property=\"og:image:type\" content=\"image\/webp\" \/>\n<meta name=\"author\" content=\"Jeanette\" \/>\n<meta name=\"twitter:card\" content=\"summary_large_image\" \/>\n<meta name=\"twitter:creator\" content=\"@eldiario_net\" \/>\n<meta name=\"twitter:site\" content=\"@eldiario_net\" \/>\n<meta name=\"twitter:label1\" content=\"Escrito por\" \/>\n\t<meta name=\"twitter:data1\" content=\"Jeanette\" \/>\n\t<meta name=\"twitter:label2\" content=\"Tiempo de lectura\" \/>\n\t<meta name=\"twitter:data2\" content=\"2 minutos\" \/>\n<script type=\"application\/ld+json\" class=\"yoast-schema-graph\">{\"@context\":\"https:\\\/\\\/schema.org\",\"@graph\":[{\"@type\":\"Article\",\"@id\":\"https:\\\/\\\/www.eldiario.net\\\/portal\\\/2026\\\/07\\\/13\\\/anp-fiscal-libera-de-proceso-a-dos-agresores-de-periodista\\\/#article\",\"isPartOf\":{\"@id\":\"https:\\\/\\\/www.eldiario.net\\\/portal\\\/2026\\\/07\\\/13\\\/anp-fiscal-libera-de-proceso-a-dos-agresores-de-periodista\\\/\"},\"author\":{\"name\":\"Jeanette\",\"@id\":\"https:\\\/\\\/www.eldiario.net\\\/portal\\\/#\\\/schema\\\/person\\\/2c57cf2b7a7ae032e449e4c9b1019eac\"},\"headline\":\"ANP: fiscal libera de proceso a dos agresores de periodista\",\"datePublished\":\"2026-07-13T10:42:59+00:00\",\"mainEntityOfPage\":{\"@id\":\"https:\\\/\\\/www.eldiario.net\\\/portal\\\/2026\\\/07\\\/13\\\/anp-fiscal-libera-de-proceso-a-dos-agresores-de-periodista\\\/\"},\"wordCount\":535,\"publisher\":{\"@id\":\"https:\\\/\\\/www.eldiario.net\\\/portal\\\/#organization\"},\"image\":{\"@id\":\"https:\\\/\\\/www.eldiario.net\\\/portal\\\/2026\\\/07\\\/13\\\/anp-fiscal-libera-de-proceso-a-dos-agresores-de-periodista\\\/#primaryimage\"},\"thumbnailUrl\":\"https:\\\/\\\/www.eldiario.net\\\/portal\\\/wp-content\\\/uploads\\\/2026\\\/07\\\/repudio-El-Deber-10-cm-x-7.webp\",\"articleSection\":[\"Portada\"],\"inLanguage\":\"es\"},{\"@type\":\"WebPage\",\"@id\":\"https:\\\/\\\/www.eldiario.net\\\/portal\\\/2026\\\/07\\\/13\\\/anp-fiscal-libera-de-proceso-a-dos-agresores-de-periodista\\\/\",\"url\":\"https:\\\/\\\/www.eldiario.net\\\/portal\\\/2026\\\/07\\\/13\\\/anp-fiscal-libera-de-proceso-a-dos-agresores-de-periodista\\\/\",\"name\":\"ANP: fiscal libera de proceso a dos agresores de periodista - El Diario - Bolivia\",\"isPartOf\":{\"@id\":\"https:\\\/\\\/www.eldiario.net\\\/portal\\\/#website\"},\"primaryImageOfPage\":{\"@id\":\"https:\\\/\\\/www.eldiario.net\\\/portal\\\/2026\\\/07\\\/13\\\/anp-fiscal-libera-de-proceso-a-dos-agresores-de-periodista\\\/#primaryimage\"},\"image\":{\"@id\":\"https:\\\/\\\/www.eldiario.net\\\/portal\\\/2026\\\/07\\\/13\\\/anp-fiscal-libera-de-proceso-a-dos-agresores-de-periodista\\\/#primaryimage\"},\"thumbnailUrl\":\"https:\\\/\\\/www.eldiario.net\\\/portal\\\/wp-content\\\/uploads\\\/2026\\\/07\\\/repudio-El-Deber-10-cm-x-7.webp\",\"datePublished\":\"2026-07-13T10:42:59+00:00\",\"breadcrumb\":{\"@id\":\"https:\\\/\\\/www.eldiario.net\\\/portal\\\/2026\\\/07\\\/13\\\/anp-fiscal-libera-de-proceso-a-dos-agresores-de-periodista\\\/#breadcrumb\"},\"inLanguage\":\"es\",\"potentialAction\":[{\"@type\":\"ReadAction\",\"target\":[\"https:\\\/\\\/www.eldiario.net\\\/portal\\\/2026\\\/07\\\/13\\\/anp-fiscal-libera-de-proceso-a-dos-agresores-de-periodista\\\/\"]}]},{\"@type\":\"ImageObject\",\"inLanguage\":\"es\",\"@id\":\"https:\\\/\\\/www.eldiario.net\\\/portal\\\/2026\\\/07\\\/13\\\/anp-fiscal-libera-de-proceso-a-dos-agresores-de-periodista\\\/#primaryimage\",\"url\":\"https:\\\/\\\/www.eldiario.net\\\/portal\\\/wp-content\\\/uploads\\\/2026\\\/07\\\/repudio-El-Deber-10-cm-x-7.webp\",\"contentUrl\":\"https:\\\/\\\/www.eldiario.net\\\/portal\\\/wp-content\\\/uploads\\\/2026\\\/07\\\/repudio-El-Deber-10-cm-x-7.webp\",\"width\":1200,\"height\":675,\"caption\":\"Rechazan todo tipo de amenazas a periodistas en Santa Cruz.\"},{\"@type\":\"BreadcrumbList\",\"@id\":\"https:\\\/\\\/www.eldiario.net\\\/portal\\\/2026\\\/07\\\/13\\\/anp-fiscal-libera-de-proceso-a-dos-agresores-de-periodista\\\/#breadcrumb\",\"itemListElement\":[{\"@type\":\"ListItem\",\"position\":1,\"name\":\"Portada\",\"item\":\"https:\\\/\\\/www.eldiario.net\\\/portal\\\/\"},{\"@type\":\"ListItem\",\"position\":2,\"name\":\"ANP: fiscal libera de proceso a dos agresores de periodista\"}]},{\"@type\":\"WebSite\",\"@id\":\"https:\\\/\\\/www.eldiario.net\\\/portal\\\/#website\",\"url\":\"https:\\\/\\\/www.eldiario.net\\\/portal\\\/\",\"name\":\"El Diario - Decano de la prensa nacional\",\"description\":\"El Diario - Decano de la prensa nacional\",\"publisher\":{\"@id\":\"https:\\\/\\\/www.eldiario.net\\\/portal\\\/#organization\"},\"potentialAction\":[{\"@type\":\"SearchAction\",\"target\":{\"@type\":\"EntryPoint\",\"urlTemplate\":\"https:\\\/\\\/www.eldiario.net\\\/portal\\\/?s={search_term_string}\"},\"query-input\":{\"@type\":\"PropertyValueSpecification\",\"valueRequired\":true,\"valueName\":\"search_term_string\"}}],\"inLanguage\":\"es\"},{\"@type\":\"Organization\",\"@id\":\"https:\\\/\\\/www.eldiario.net\\\/portal\\\/#organization\",\"name\":\"El Diario - Decano de la prensa nacional\",\"url\":\"https:\\\/\\\/www.eldiario.net\\\/portal\\\/\",\"logo\":{\"@type\":\"ImageObject\",\"inLanguage\":\"es\",\"@id\":\"https:\\\/\\\/www.eldiario.net\\\/portal\\\/#\\\/schema\\\/logo\\\/image\\\/\",\"url\":\"https:\\\/\\\/www.eldiario.net\\\/portal\\\/wp-content\\\/uploads\\\/2023\\\/07\\\/logo_ED.jpg\",\"contentUrl\":\"https:\\\/\\\/www.eldiario.net\\\/portal\\\/wp-content\\\/uploads\\\/2023\\\/07\\\/logo_ED.jpg\",\"width\":272,\"height\":52,\"caption\":\"El Diario - Decano de la prensa nacional\"},\"image\":{\"@id\":\"https:\\\/\\\/www.eldiario.net\\\/portal\\\/#\\\/schema\\\/logo\\\/image\\\/\"},\"sameAs\":[\"https:\\\/\\\/www.facebook.com\\\/eldiario.bolivia\\\/\",\"https:\\\/\\\/x.com\\\/eldiario_net\"]},{\"@type\":\"Person\",\"@id\":\"https:\\\/\\\/www.eldiario.net\\\/portal\\\/#\\\/schema\\\/person\\\/2c57cf2b7a7ae032e449e4c9b1019eac\",\"name\":\"Jeanette\",\"image\":{\"@type\":\"ImageObject\",\"inLanguage\":\"es\",\"@id\":\"https:\\\/\\\/secure.gravatar.com\\\/avatar\\\/3ea2118a5f7dad2b7138b1187a6b7ee55f160b9968b66013c3a3ef39dd7e5798?s=96&d=mm&r=g\",\"url\":\"https:\\\/\\\/secure.gravatar.com\\\/avatar\\\/3ea2118a5f7dad2b7138b1187a6b7ee55f160b9968b66013c3a3ef39dd7e5798?s=96&d=mm&r=g\",\"contentUrl\":\"https:\\\/\\\/secure.gravatar.com\\\/avatar\\\/3ea2118a5f7dad2b7138b1187a6b7ee55f160b9968b66013c3a3ef39dd7e5798?s=96&d=mm&r=g\",\"caption\":\"Jeanette\"},\"sameAs\":[\"https:\\\/\\\/www.eldiario.net\\\/portal\"],\"url\":\"https:\\\/\\\/www.eldiario.net\\\/portal\\\/author\\\/jeanette\\\/\"}]}<\/script>\n<!-- \/ Yoast SEO plugin. -->","yoast_head_json":{"title":"ANP: fiscal libera de proceso a dos agresores de periodista - El Diario - Bolivia","robots":{"index":"index","follow":"follow","max-snippet":"max-snippet:-1","max-image-preview":"max-image-preview:large","max-video-preview":"max-video-preview:-1"},"canonical":"https:\/\/www.eldiario.net\/portal\/2026\/07\/13\/anp-fiscal-libera-de-proceso-a-dos-agresores-de-periodista\/","og_locale":"es_ES","og_type":"article","og_title":"ANP: fiscal libera de proceso a dos agresores de periodista - El Diario - Bolivia","og_description":"El presidente del Tribunal Supremo Electoral (TSE), Gustavo \u00c1vila, advirti\u00f3 que, \u00abla misma persona que en 2024 perjudic\u00f3 el normal desarrollo de las Elecciones Judiciales pretende vulnerar la institucionalidad del \u00d3rgano Judicial en el departamento del Beni\u00bb. A trav\u00e9s de sus redes sociales, la m\u00e1xima autoridad electoral del pa\u00eds, sin hacer alusiones directas, alert\u00f3 sobre [&hellip;]","og_url":"https:\/\/www.eldiario.net\/portal\/2026\/07\/13\/anp-fiscal-libera-de-proceso-a-dos-agresores-de-periodista\/","og_site_name":"El Diario - Bolivia","article_publisher":"https:\/\/www.facebook.com\/eldiario.bolivia\/","article_published_time":"2026-07-13T10:42:59+00:00","og_image":[{"width":1200,"height":675,"url":"https:\/\/www.eldiario.net\/portal\/wp-content\/uploads\/2026\/07\/repudio-El-Deber-10-cm-x-7.webp","type":"image\/webp"}],"author":"Jeanette","twitter_card":"summary_large_image","twitter_creator":"@eldiario_net","twitter_site":"@eldiario_net","twitter_misc":{"Escrito por":"Jeanette","Tiempo de lectura":"2 minutos"},"schema":{"@context":"https:\/\/schema.org","@graph":[{"@type":"Article","@id":"https:\/\/www.eldiario.net\/portal\/2026\/07\/13\/anp-fiscal-libera-de-proceso-a-dos-agresores-de-periodista\/#article","isPartOf":{"@id":"https:\/\/www.eldiario.net\/portal\/2026\/07\/13\/anp-fiscal-libera-de-proceso-a-dos-agresores-de-periodista\/"},"author":{"name":"Jeanette","@id":"https:\/\/www.eldiario.net\/portal\/#\/schema\/person\/2c57cf2b7a7ae032e449e4c9b1019eac"},"headline":"ANP: fiscal libera de proceso a dos agresores de periodista","datePublished":"2026-07-13T10:42:59+00:00","mainEntityOfPage":{"@id":"https:\/\/www.eldiario.net\/portal\/2026\/07\/13\/anp-fiscal-libera-de-proceso-a-dos-agresores-de-periodista\/"},"wordCount":535,"publisher":{"@id":"https:\/\/www.eldiario.net\/portal\/#organization"},"image":{"@id":"https:\/\/www.eldiario.net\/portal\/2026\/07\/13\/anp-fiscal-libera-de-proceso-a-dos-agresores-de-periodista\/#primaryimage"},"thumbnailUrl":"https:\/\/www.eldiario.net\/portal\/wp-content\/uploads\/2026\/07\/repudio-El-Deber-10-cm-x-7.webp","articleSection":["Portada"],"inLanguage":"es"},{"@type":"WebPage","@id":"https:\/\/www.eldiario.net\/portal\/2026\/07\/13\/anp-fiscal-libera-de-proceso-a-dos-agresores-de-periodista\/","url":"https:\/\/www.eldiario.net\/portal\/2026\/07\/13\/anp-fiscal-libera-de-proceso-a-dos-agresores-de-periodista\/","name":"ANP: fiscal libera de proceso a dos agresores de periodista - El Diario - Bolivia","isPartOf":{"@id":"https:\/\/www.eldiario.net\/portal\/#website"},"primaryImageOfPage":{"@id":"https:\/\/www.eldiario.net\/portal\/2026\/07\/13\/anp-fiscal-libera-de-proceso-a-dos-agresores-de-periodista\/#primaryimage"},"image":{"@id":"https:\/\/www.eldiario.net\/portal\/2026\/07\/13\/anp-fiscal-libera-de-proceso-a-dos-agresores-de-periodista\/#primaryimage"},"thumbnailUrl":"https:\/\/www.eldiario.net\/portal\/wp-content\/uploads\/2026\/07\/repudio-El-Deber-10-cm-x-7.webp","datePublished":"2026-07-13T10:42:59+00:00","breadcrumb":{"@id":"https:\/\/www.eldiario.net\/portal\/2026\/07\/13\/anp-fiscal-libera-de-proceso-a-dos-agresores-de-periodista\/#breadcrumb"},"inLanguage":"es","potentialAction":[{"@type":"ReadAction","target":["https:\/\/www.eldiario.net\/portal\/2026\/07\/13\/anp-fiscal-libera-de-proceso-a-dos-agresores-de-periodista\/"]}]},{"@type":"ImageObject","inLanguage":"es","@id":"https:\/\/www.eldiario.net\/portal\/2026\/07\/13\/anp-fiscal-libera-de-proceso-a-dos-agresores-de-periodista\/#primaryimage","url":"https:\/\/www.eldiario.net\/portal\/wp-content\/uploads\/2026\/07\/repudio-El-Deber-10-cm-x-7.webp","contentUrl":"https:\/\/www.eldiario.net\/portal\/wp-content\/uploads\/2026\/07\/repudio-El-Deber-10-cm-x-7.webp","width":1200,"height":675,"caption":"Rechazan todo tipo de amenazas a periodistas en Santa Cruz."},{"@type":"BreadcrumbList","@id":"https:\/\/www.eldiario.net\/portal\/2026\/07\/13\/anp-fiscal-libera-de-proceso-a-dos-agresores-de-periodista\/#breadcrumb","itemListElement":[{"@type":"ListItem","position":1,"name":"Portada","item":"https:\/\/www.eldiario.net\/portal\/"},{"@type":"ListItem","position":2,"name":"ANP: fiscal libera de proceso a dos agresores de periodista"}]},{"@type":"WebSite","@id":"https:\/\/www.eldiario.net\/portal\/#website","url":"https:\/\/www.eldiario.net\/portal\/","name":"El Diario - Decano de la prensa nacional","description":"El Diario - Decano de la prensa nacional","publisher":{"@id":"https:\/\/www.eldiario.net\/portal\/#organization"},"potentialAction":[{"@type":"SearchAction","target":{"@type":"EntryPoint","urlTemplate":"https:\/\/www.eldiario.net\/portal\/?s={search_term_string}"},"query-input":{"@type":"PropertyValueSpecification","valueRequired":true,"valueName":"search_term_string"}}],"inLanguage":"es"},{"@type":"Organization","@id":"https:\/\/www.eldiario.net\/portal\/#organization","name":"El Diario - Decano de la prensa nacional","url":"https:\/\/www.eldiario.net\/portal\/","logo":{"@type":"ImageObject","inLanguage":"es","@id":"https:\/\/www.eldiario.net\/portal\/#\/schema\/logo\/image\/","url":"https:\/\/www.eldiario.net\/portal\/wp-content\/uploads\/2023\/07\/logo_ED.jpg","contentUrl":"https:\/\/www.eldiario.net\/portal\/wp-content\/uploads\/2023\/07\/logo_ED.jpg","width":272,"height":52,"caption":"El Diario - Decano de la prensa nacional"},"image":{"@id":"https:\/\/www.eldiario.net\/portal\/#\/schema\/logo\/image\/"},"sameAs":["https:\/\/www.facebook.com\/eldiario.bolivia\/","https:\/\/x.com\/eldiario_net"]},{"@type":"Person","@id":"https:\/\/www.eldiario.net\/portal\/#\/schema\/person\/2c57cf2b7a7ae032e449e4c9b1019eac","name":"Jeanette","image":{"@type":"ImageObject","inLanguage":"es","@id":"https:\/\/secure.gravatar.com\/avatar\/3ea2118a5f7dad2b7138b1187a6b7ee55f160b9968b66013c3a3ef39dd7e5798?s=96&d=mm&r=g","url":"https:\/\/secure.gravatar.com\/avatar\/3ea2118a5f7dad2b7138b1187a6b7ee55f160b9968b66013c3a3ef39dd7e5798?s=96&d=mm&r=g","contentUrl":"https:\/\/secure.gravatar.com\/avatar\/3ea2118a5f7dad2b7138b1187a6b7ee55f160b9968b66013c3a3ef39dd7e5798?s=96&d=mm&r=g","caption":"Jeanette"},"sameAs":["https:\/\/www.eldiario.net\/portal"],"url":"https:\/\/www.eldiario.net\/portal\/author\/jeanette\/"}]}},"_links":{"self":[{"href":"https:\/\/www.eldiario.net\/portal\/wp-json\/wp\/v2\/posts\/412166","targetHints":{"allow":["GET"]}}],"collection":[{"href":"https:\/\/www.eldiario.net\/portal\/wp-json\/wp\/v2\/posts"}],"about":[{"href":"https:\/\/www.eldiario.net\/portal\/wp-json\/wp\/v2\/types\/post"}],"author":[{"embeddable":true,"href":"https:\/\/www.eldiario.net\/portal\/wp-json\/wp\/v2\/users\/1"}],"replies":[{"embeddable":true,"href":"https:\/\/www.eldiario.net\/portal\/wp-json\/wp\/v2\/comments?post=412166"}],"version-history":[{"count":1,"href":"https:\/\/www.eldiario.net\/portal\/wp-json\/wp\/v2\/posts\/412166\/revisions"}],"predecessor-version":[{"id":412168,"href":"https:\/\/www.eldiario.net\/portal\/wp-json\/wp\/v2\/posts\/412166\/revisions\/412168"}],"wp:featuredmedia":[{"embeddable":true,"href":"https:\/\/www.eldiario.net\/portal\/wp-json\/wp\/v2\/media\/412167"}],"wp:attachment":[{"href":"https:\/\/www.eldiario.net\/portal\/wp-json\/wp\/v2\/media?parent=412166"}],"wp:term":[{"taxonomy":"category","embeddable":true,"href":"https:\/\/www.eldiario.net\/portal\/wp-json\/wp\/v2\/categories?post=412166"},{"taxonomy":"post_tag","embeddable":true,"href":"https:\/\/www.eldiario.net\/portal\/wp-json\/wp\/v2\/tags?post=412166"}],"curies":[{"name":"wp","href":"https:\/\/api.w.org\/{rel}","templated":true}]}}