{"id":412100,"date":"2026-07-13T00:35:49","date_gmt":"2026-07-13T04:35:49","guid":{"rendered":"https:\/\/www.eldiario.net\/portal\/?p=412100"},"modified":"2026-07-12T22:36:14","modified_gmt":"2026-07-13T02:36:14","slug":"las-gafas-meta-en-el-centro-de-la-polemica","status":"publish","type":"post","link":"https:\/\/www.eldiario.net\/portal\/2026\/07\/13\/las-gafas-meta-en-el-centro-de-la-polemica\/","title":{"rendered":"Las gafas Meta en el centro de la pol\u00e9mica"},"content":{"rendered":"<p>La pol\u00e9mica sobre la privacidad en las gafas inteligentes de Meta ha dado un nuevo giro. La compa\u00f1\u00eda anunci\u00f3 una medida dr\u00e1stica: sus dispositivos desactivar\u00e1n la c\u00e1mara si detectan que el LED de captura ha sido manipulado o destruido.<\/p>\n<p><strong>El papel del LED de captura<\/strong><\/p>\n<p>Ese peque\u00f1o indicador blanco, conocido como <strong>capture LED<\/strong>, aparece en el frontal de las gafas cada vez que se toma una foto o se graba un v\u00eddeo. Su funci\u00f3n es sencilla: avisar a las personas alrededor de que se est\u00e1 registrando contenido. En fotos, la luz parpadea un instante; en v\u00eddeos, permanece encendida durante toda la grabaci\u00f3n.<\/p>\n<p>La importancia de este LED es enorme. A diferencia de un m\u00f3vil levantado frente a nosotros, unas gafas inteligentes pueden pasar inadvertidas. El LED es la pista visible que permite identificar que alguien est\u00e1 grabando.<\/p>\n<p><strong>Intentos de ocultar la luz<\/strong><\/p>\n<p>Meta ya hab\u00eda implementado un sistema que bloqueaba la captura si el LED estaba cubierto. Sin embargo, aparecieron m\u00e9todos m\u00e1s agresivos para rodear esa protecci\u00f3n: modificaciones f\u00edsicas, destrucci\u00f3n del indicador o accesorios dise\u00f1ados para ocultarlo. Medios especializados documentaron servicios que ofrec\u00edan alterar las gafas para inutilizar la luz, as\u00ed como t\u00e9cnicas rudimentarias para taparla.<\/p>\n<p>El problema era claro: si la se\u00f1al desaparec\u00eda y la c\u00e1mara segu\u00eda funcionando, la promesa de transparencia quedaba debilitada.<\/p>\n<p><strong>La nueva medida de Meta<\/strong><\/p>\n<p>La compa\u00f1\u00eda decidi\u00f3 reforzar la protecci\u00f3n. Ahora, si el sistema detecta que el LED ha sido manipulado o destruido, la c\u00e1mara se desactivar\u00e1 autom\u00e1ticamente. No es una garant\u00eda absoluta contra todos los usos indebidos, pero s\u00ed una respuesta directa a una vulnerabilidad concreta.<\/p>\n<p>Meta presenta esta actualizaci\u00f3n como una nueva capa de privacidad. En la pr\u00e1ctica, convierte al LED en algo m\u00e1s que un simple indicador: lo transforma en una condici\u00f3n necesaria para que la c\u00e1mara funcione.<\/p>\n<p><strong>Privacidad y confianza<\/strong><\/p>\n<p>El debate sobre las gafas inteligentes no se limita a la tecnolog\u00eda, sino a la percepci\u00f3n social. Muchas personas todav\u00eda no reaccionan igual ante unas gafas aparentemente normales que ante un m\u00f3vil apuntando en su direcci\u00f3n. La ausencia de se\u00f1ales visibles genera un vac\u00edo de confianza.<\/p>\n<p>La decisi\u00f3n de Meta busca precisamente reforzar esa confianza. Al garantizar que la c\u00e1mara no puede operar sin el LED, la compa\u00f1\u00eda intenta ofrecer mayor seguridad a quienes temen ser grabados sin saberlo.<\/p>\n<p><strong>Un reto para el futuro<\/strong><\/p>\n<p>Las gafas con inteligencia artificial representan una nueva categor\u00eda de dispositivos que combinan funciones de captura, asistencia y conectividad. Sin embargo, tambi\u00e9n plantean desaf\u00edos en materia de privacidad y regulaci\u00f3n. La actualizaci\u00f3n de Meta es un paso en esa direcci\u00f3n, pero la discusi\u00f3n sobre c\u00f3mo equilibrar innovaci\u00f3n y protecci\u00f3n de datos seguir\u00e1 abierta.<\/p>\n<p>La clave estar\u00e1 en que las medidas t\u00e9cnicas se acompa\u00f1en de una mayor conciencia social. Si las personas aprenden a identificar se\u00f1ales como el LED y conf\u00edan en que no puede ser manipulado, la aceptaci\u00f3n de estos dispositivos ser\u00e1 m\u00e1s sencilla.<\/p>\n<p>&nbsp;<\/p>\n","protected":false},"excerpt":{"rendered":"<p>La pol\u00e9mica sobre la privacidad en las gafas inteligentes de Meta ha dado un nuevo giro. La compa\u00f1\u00eda anunci\u00f3 una medida dr\u00e1stica: sus dispositivos desactivar\u00e1n la c\u00e1mara si detectan que el LED de captura ha sido manipulado o destruido. El papel del LED de captura Ese peque\u00f1o indicador blanco, conocido como capture LED, aparece en [&hellip;]<\/p>\n","protected":false},"author":1,"featured_media":412101,"comment_status":"closed","ping_status":"open","sticky":false,"template":"","format":"standard","meta":{"_acf_changed":false,"footnotes":""},"categories":[46],"tags":[],"class_list":["post-412100","post","type-post","status-publish","format-standard","has-post-thumbnail","category-ciencia-computacion"],"acf":{"antetitulo":""},"yoast_head":"<!-- This site is optimized with the Yoast SEO plugin v28.4 - https:\/\/yoast.com\/product\/yoast-seo-wordpress\/ -->\n<title>Las gafas Meta en el centro de la pol\u00e9mica - El Diario - Bolivia<\/title>\n<meta name=\"robots\" content=\"index, follow, max-snippet:-1, max-image-preview:large, max-video-preview:-1\" \/>\n<link rel=\"canonical\" href=\"https:\/\/www.eldiario.net\/portal\/2026\/07\/13\/las-gafas-meta-en-el-centro-de-la-polemica\/\" \/>\n<meta property=\"og:locale\" content=\"es_ES\" \/>\n<meta property=\"og:type\" content=\"article\" \/>\n<meta property=\"og:title\" content=\"Las gafas Meta en el centro de la pol\u00e9mica - El Diario - Bolivia\" \/>\n<meta property=\"og:description\" content=\"La pol\u00e9mica sobre la privacidad en las gafas inteligentes de Meta ha dado un nuevo giro. La compa\u00f1\u00eda anunci\u00f3 una medida dr\u00e1stica: sus dispositivos desactivar\u00e1n la c\u00e1mara si detectan que el LED de captura ha sido manipulado o destruido. El papel del LED de captura Ese peque\u00f1o indicador blanco, conocido como capture LED, aparece en [&hellip;]\" \/>\n<meta property=\"og:url\" content=\"https:\/\/www.eldiario.net\/portal\/2026\/07\/13\/las-gafas-meta-en-el-centro-de-la-polemica\/\" \/>\n<meta property=\"og:site_name\" content=\"El Diario - Bolivia\" \/>\n<meta property=\"article:publisher\" content=\"https:\/\/www.facebook.com\/eldiario.bolivia\/\" \/>\n<meta property=\"article:published_time\" content=\"2026-07-13T04:35:49+00:00\" \/>\n<meta property=\"og:image\" content=\"https:\/\/www.eldiario.net\/portal\/wp-content\/uploads\/2026\/07\/2-B-1-1.webp\" \/>\n\t<meta property=\"og:image:width\" content=\"911\" \/>\n\t<meta property=\"og:image:height\" content=\"514\" \/>\n\t<meta property=\"og:image:type\" content=\"image\/webp\" \/>\n<meta name=\"author\" content=\"Jeanette\" \/>\n<meta name=\"twitter:card\" content=\"summary_large_image\" \/>\n<meta name=\"twitter:creator\" content=\"@eldiario_net\" \/>\n<meta name=\"twitter:site\" content=\"@eldiario_net\" \/>\n<meta name=\"twitter:label1\" content=\"Escrito por\" \/>\n\t<meta name=\"twitter:data1\" content=\"Jeanette\" \/>\n\t<meta name=\"twitter:label2\" content=\"Tiempo de lectura\" \/>\n\t<meta name=\"twitter:data2\" content=\"3 minutos\" \/>\n<script type=\"application\/ld+json\" class=\"yoast-schema-graph\">{\"@context\":\"https:\\\/\\\/schema.org\",\"@graph\":[{\"@type\":\"Article\",\"@id\":\"https:\\\/\\\/www.eldiario.net\\\/portal\\\/2026\\\/07\\\/13\\\/las-gafas-meta-en-el-centro-de-la-polemica\\\/#article\",\"isPartOf\":{\"@id\":\"https:\\\/\\\/www.eldiario.net\\\/portal\\\/2026\\\/07\\\/13\\\/las-gafas-meta-en-el-centro-de-la-polemica\\\/\"},\"author\":{\"name\":\"Jeanette\",\"@id\":\"https:\\\/\\\/www.eldiario.net\\\/portal\\\/#\\\/schema\\\/person\\\/2c57cf2b7a7ae032e449e4c9b1019eac\"},\"headline\":\"Las gafas Meta en el centro de la pol\u00e9mica\",\"datePublished\":\"2026-07-13T04:35:49+00:00\",\"mainEntityOfPage\":{\"@id\":\"https:\\\/\\\/www.eldiario.net\\\/portal\\\/2026\\\/07\\\/13\\\/las-gafas-meta-en-el-centro-de-la-polemica\\\/\"},\"wordCount\":549,\"publisher\":{\"@id\":\"https:\\\/\\\/www.eldiario.net\\\/portal\\\/#organization\"},\"image\":{\"@id\":\"https:\\\/\\\/www.eldiario.net\\\/portal\\\/2026\\\/07\\\/13\\\/las-gafas-meta-en-el-centro-de-la-polemica\\\/#primaryimage\"},\"thumbnailUrl\":\"https:\\\/\\\/www.eldiario.net\\\/portal\\\/wp-content\\\/uploads\\\/2026\\\/07\\\/2-B-1-1.webp\",\"articleSection\":[\"Ciencia y Computaci\u00f3n\"],\"inLanguage\":\"es\"},{\"@type\":\"WebPage\",\"@id\":\"https:\\\/\\\/www.eldiario.net\\\/portal\\\/2026\\\/07\\\/13\\\/las-gafas-meta-en-el-centro-de-la-polemica\\\/\",\"url\":\"https:\\\/\\\/www.eldiario.net\\\/portal\\\/2026\\\/07\\\/13\\\/las-gafas-meta-en-el-centro-de-la-polemica\\\/\",\"name\":\"Las gafas Meta en el centro de la pol\u00e9mica - El Diario - Bolivia\",\"isPartOf\":{\"@id\":\"https:\\\/\\\/www.eldiario.net\\\/portal\\\/#website\"},\"primaryImageOfPage\":{\"@id\":\"https:\\\/\\\/www.eldiario.net\\\/portal\\\/2026\\\/07\\\/13\\\/las-gafas-meta-en-el-centro-de-la-polemica\\\/#primaryimage\"},\"image\":{\"@id\":\"https:\\\/\\\/www.eldiario.net\\\/portal\\\/2026\\\/07\\\/13\\\/las-gafas-meta-en-el-centro-de-la-polemica\\\/#primaryimage\"},\"thumbnailUrl\":\"https:\\\/\\\/www.eldiario.net\\\/portal\\\/wp-content\\\/uploads\\\/2026\\\/07\\\/2-B-1-1.webp\",\"datePublished\":\"2026-07-13T04:35:49+00:00\",\"breadcrumb\":{\"@id\":\"https:\\\/\\\/www.eldiario.net\\\/portal\\\/2026\\\/07\\\/13\\\/las-gafas-meta-en-el-centro-de-la-polemica\\\/#breadcrumb\"},\"inLanguage\":\"es\",\"potentialAction\":[{\"@type\":\"ReadAction\",\"target\":[\"https:\\\/\\\/www.eldiario.net\\\/portal\\\/2026\\\/07\\\/13\\\/las-gafas-meta-en-el-centro-de-la-polemica\\\/\"]}]},{\"@type\":\"ImageObject\",\"inLanguage\":\"es\",\"@id\":\"https:\\\/\\\/www.eldiario.net\\\/portal\\\/2026\\\/07\\\/13\\\/las-gafas-meta-en-el-centro-de-la-polemica\\\/#primaryimage\",\"url\":\"https:\\\/\\\/www.eldiario.net\\\/portal\\\/wp-content\\\/uploads\\\/2026\\\/07\\\/2-B-1-1.webp\",\"contentUrl\":\"https:\\\/\\\/www.eldiario.net\\\/portal\\\/wp-content\\\/uploads\\\/2026\\\/07\\\/2-B-1-1.webp\",\"width\":911,\"height\":514},{\"@type\":\"BreadcrumbList\",\"@id\":\"https:\\\/\\\/www.eldiario.net\\\/portal\\\/2026\\\/07\\\/13\\\/las-gafas-meta-en-el-centro-de-la-polemica\\\/#breadcrumb\",\"itemListElement\":[{\"@type\":\"ListItem\",\"position\":1,\"name\":\"Portada\",\"item\":\"https:\\\/\\\/www.eldiario.net\\\/portal\\\/\"},{\"@type\":\"ListItem\",\"position\":2,\"name\":\"Las gafas Meta en el centro de la pol\u00e9mica\"}]},{\"@type\":\"WebSite\",\"@id\":\"https:\\\/\\\/www.eldiario.net\\\/portal\\\/#website\",\"url\":\"https:\\\/\\\/www.eldiario.net\\\/portal\\\/\",\"name\":\"El Diario - Decano de la prensa nacional\",\"description\":\"El Diario - Decano de la prensa nacional\",\"publisher\":{\"@id\":\"https:\\\/\\\/www.eldiario.net\\\/portal\\\/#organization\"},\"potentialAction\":[{\"@type\":\"SearchAction\",\"target\":{\"@type\":\"EntryPoint\",\"urlTemplate\":\"https:\\\/\\\/www.eldiario.net\\\/portal\\\/?s={search_term_string}\"},\"query-input\":{\"@type\":\"PropertyValueSpecification\",\"valueRequired\":true,\"valueName\":\"search_term_string\"}}],\"inLanguage\":\"es\"},{\"@type\":\"Organization\",\"@id\":\"https:\\\/\\\/www.eldiario.net\\\/portal\\\/#organization\",\"name\":\"El Diario - Decano de la prensa nacional\",\"url\":\"https:\\\/\\\/www.eldiario.net\\\/portal\\\/\",\"logo\":{\"@type\":\"ImageObject\",\"inLanguage\":\"es\",\"@id\":\"https:\\\/\\\/www.eldiario.net\\\/portal\\\/#\\\/schema\\\/logo\\\/image\\\/\",\"url\":\"https:\\\/\\\/www.eldiario.net\\\/portal\\\/wp-content\\\/uploads\\\/2023\\\/07\\\/logo_ED.jpg\",\"contentUrl\":\"https:\\\/\\\/www.eldiario.net\\\/portal\\\/wp-content\\\/uploads\\\/2023\\\/07\\\/logo_ED.jpg\",\"width\":272,\"height\":52,\"caption\":\"El Diario - Decano de la prensa nacional\"},\"image\":{\"@id\":\"https:\\\/\\\/www.eldiario.net\\\/portal\\\/#\\\/schema\\\/logo\\\/image\\\/\"},\"sameAs\":[\"https:\\\/\\\/www.facebook.com\\\/eldiario.bolivia\\\/\",\"https:\\\/\\\/x.com\\\/eldiario_net\"]},{\"@type\":\"Person\",\"@id\":\"https:\\\/\\\/www.eldiario.net\\\/portal\\\/#\\\/schema\\\/person\\\/2c57cf2b7a7ae032e449e4c9b1019eac\",\"name\":\"Jeanette\",\"image\":{\"@type\":\"ImageObject\",\"inLanguage\":\"es\",\"@id\":\"https:\\\/\\\/secure.gravatar.com\\\/avatar\\\/3ea2118a5f7dad2b7138b1187a6b7ee55f160b9968b66013c3a3ef39dd7e5798?s=96&d=mm&r=g\",\"url\":\"https:\\\/\\\/secure.gravatar.com\\\/avatar\\\/3ea2118a5f7dad2b7138b1187a6b7ee55f160b9968b66013c3a3ef39dd7e5798?s=96&d=mm&r=g\",\"contentUrl\":\"https:\\\/\\\/secure.gravatar.com\\\/avatar\\\/3ea2118a5f7dad2b7138b1187a6b7ee55f160b9968b66013c3a3ef39dd7e5798?s=96&d=mm&r=g\",\"caption\":\"Jeanette\"},\"sameAs\":[\"https:\\\/\\\/www.eldiario.net\\\/portal\"],\"url\":\"https:\\\/\\\/www.eldiario.net\\\/portal\\\/author\\\/jeanette\\\/\"}]}<\/script>\n<!-- \/ Yoast SEO plugin. -->","yoast_head_json":{"title":"Las gafas Meta en el centro de la pol\u00e9mica - El Diario - Bolivia","robots":{"index":"index","follow":"follow","max-snippet":"max-snippet:-1","max-image-preview":"max-image-preview:large","max-video-preview":"max-video-preview:-1"},"canonical":"https:\/\/www.eldiario.net\/portal\/2026\/07\/13\/las-gafas-meta-en-el-centro-de-la-polemica\/","og_locale":"es_ES","og_type":"article","og_title":"Las gafas Meta en el centro de la pol\u00e9mica - El Diario - Bolivia","og_description":"La pol\u00e9mica sobre la privacidad en las gafas inteligentes de Meta ha dado un nuevo giro. La compa\u00f1\u00eda anunci\u00f3 una medida dr\u00e1stica: sus dispositivos desactivar\u00e1n la c\u00e1mara si detectan que el LED de captura ha sido manipulado o destruido. El papel del LED de captura Ese peque\u00f1o indicador blanco, conocido como capture LED, aparece en [&hellip;]","og_url":"https:\/\/www.eldiario.net\/portal\/2026\/07\/13\/las-gafas-meta-en-el-centro-de-la-polemica\/","og_site_name":"El Diario - Bolivia","article_publisher":"https:\/\/www.facebook.com\/eldiario.bolivia\/","article_published_time":"2026-07-13T04:35:49+00:00","og_image":[{"width":911,"height":514,"url":"https:\/\/www.eldiario.net\/portal\/wp-content\/uploads\/2026\/07\/2-B-1-1.webp","type":"image\/webp"}],"author":"Jeanette","twitter_card":"summary_large_image","twitter_creator":"@eldiario_net","twitter_site":"@eldiario_net","twitter_misc":{"Escrito por":"Jeanette","Tiempo de lectura":"3 minutos"},"schema":{"@context":"https:\/\/schema.org","@graph":[{"@type":"Article","@id":"https:\/\/www.eldiario.net\/portal\/2026\/07\/13\/las-gafas-meta-en-el-centro-de-la-polemica\/#article","isPartOf":{"@id":"https:\/\/www.eldiario.net\/portal\/2026\/07\/13\/las-gafas-meta-en-el-centro-de-la-polemica\/"},"author":{"name":"Jeanette","@id":"https:\/\/www.eldiario.net\/portal\/#\/schema\/person\/2c57cf2b7a7ae032e449e4c9b1019eac"},"headline":"Las gafas Meta en el centro de la pol\u00e9mica","datePublished":"2026-07-13T04:35:49+00:00","mainEntityOfPage":{"@id":"https:\/\/www.eldiario.net\/portal\/2026\/07\/13\/las-gafas-meta-en-el-centro-de-la-polemica\/"},"wordCount":549,"publisher":{"@id":"https:\/\/www.eldiario.net\/portal\/#organization"},"image":{"@id":"https:\/\/www.eldiario.net\/portal\/2026\/07\/13\/las-gafas-meta-en-el-centro-de-la-polemica\/#primaryimage"},"thumbnailUrl":"https:\/\/www.eldiario.net\/portal\/wp-content\/uploads\/2026\/07\/2-B-1-1.webp","articleSection":["Ciencia y Computaci\u00f3n"],"inLanguage":"es"},{"@type":"WebPage","@id":"https:\/\/www.eldiario.net\/portal\/2026\/07\/13\/las-gafas-meta-en-el-centro-de-la-polemica\/","url":"https:\/\/www.eldiario.net\/portal\/2026\/07\/13\/las-gafas-meta-en-el-centro-de-la-polemica\/","name":"Las gafas Meta en el centro de la pol\u00e9mica - El Diario - Bolivia","isPartOf":{"@id":"https:\/\/www.eldiario.net\/portal\/#website"},"primaryImageOfPage":{"@id":"https:\/\/www.eldiario.net\/portal\/2026\/07\/13\/las-gafas-meta-en-el-centro-de-la-polemica\/#primaryimage"},"image":{"@id":"https:\/\/www.eldiario.net\/portal\/2026\/07\/13\/las-gafas-meta-en-el-centro-de-la-polemica\/#primaryimage"},"thumbnailUrl":"https:\/\/www.eldiario.net\/portal\/wp-content\/uploads\/2026\/07\/2-B-1-1.webp","datePublished":"2026-07-13T04:35:49+00:00","breadcrumb":{"@id":"https:\/\/www.eldiario.net\/portal\/2026\/07\/13\/las-gafas-meta-en-el-centro-de-la-polemica\/#breadcrumb"},"inLanguage":"es","potentialAction":[{"@type":"ReadAction","target":["https:\/\/www.eldiario.net\/portal\/2026\/07\/13\/las-gafas-meta-en-el-centro-de-la-polemica\/"]}]},{"@type":"ImageObject","inLanguage":"es","@id":"https:\/\/www.eldiario.net\/portal\/2026\/07\/13\/las-gafas-meta-en-el-centro-de-la-polemica\/#primaryimage","url":"https:\/\/www.eldiario.net\/portal\/wp-content\/uploads\/2026\/07\/2-B-1-1.webp","contentUrl":"https:\/\/www.eldiario.net\/portal\/wp-content\/uploads\/2026\/07\/2-B-1-1.webp","width":911,"height":514},{"@type":"BreadcrumbList","@id":"https:\/\/www.eldiario.net\/portal\/2026\/07\/13\/las-gafas-meta-en-el-centro-de-la-polemica\/#breadcrumb","itemListElement":[{"@type":"ListItem","position":1,"name":"Portada","item":"https:\/\/www.eldiario.net\/portal\/"},{"@type":"ListItem","position":2,"name":"Las gafas Meta en el centro de la pol\u00e9mica"}]},{"@type":"WebSite","@id":"https:\/\/www.eldiario.net\/portal\/#website","url":"https:\/\/www.eldiario.net\/portal\/","name":"El Diario - Decano de la prensa nacional","description":"El Diario - Decano de la prensa nacional","publisher":{"@id":"https:\/\/www.eldiario.net\/portal\/#organization"},"potentialAction":[{"@type":"SearchAction","target":{"@type":"EntryPoint","urlTemplate":"https:\/\/www.eldiario.net\/portal\/?s={search_term_string}"},"query-input":{"@type":"PropertyValueSpecification","valueRequired":true,"valueName":"search_term_string"}}],"inLanguage":"es"},{"@type":"Organization","@id":"https:\/\/www.eldiario.net\/portal\/#organization","name":"El Diario - Decano de la prensa nacional","url":"https:\/\/www.eldiario.net\/portal\/","logo":{"@type":"ImageObject","inLanguage":"es","@id":"https:\/\/www.eldiario.net\/portal\/#\/schema\/logo\/image\/","url":"https:\/\/www.eldiario.net\/portal\/wp-content\/uploads\/2023\/07\/logo_ED.jpg","contentUrl":"https:\/\/www.eldiario.net\/portal\/wp-content\/uploads\/2023\/07\/logo_ED.jpg","width":272,"height":52,"caption":"El Diario - Decano de la prensa nacional"},"image":{"@id":"https:\/\/www.eldiario.net\/portal\/#\/schema\/logo\/image\/"},"sameAs":["https:\/\/www.facebook.com\/eldiario.bolivia\/","https:\/\/x.com\/eldiario_net"]},{"@type":"Person","@id":"https:\/\/www.eldiario.net\/portal\/#\/schema\/person\/2c57cf2b7a7ae032e449e4c9b1019eac","name":"Jeanette","image":{"@type":"ImageObject","inLanguage":"es","@id":"https:\/\/secure.gravatar.com\/avatar\/3ea2118a5f7dad2b7138b1187a6b7ee55f160b9968b66013c3a3ef39dd7e5798?s=96&d=mm&r=g","url":"https:\/\/secure.gravatar.com\/avatar\/3ea2118a5f7dad2b7138b1187a6b7ee55f160b9968b66013c3a3ef39dd7e5798?s=96&d=mm&r=g","contentUrl":"https:\/\/secure.gravatar.com\/avatar\/3ea2118a5f7dad2b7138b1187a6b7ee55f160b9968b66013c3a3ef39dd7e5798?s=96&d=mm&r=g","caption":"Jeanette"},"sameAs":["https:\/\/www.eldiario.net\/portal"],"url":"https:\/\/www.eldiario.net\/portal\/author\/jeanette\/"}]}},"_links":{"self":[{"href":"https:\/\/www.eldiario.net\/portal\/wp-json\/wp\/v2\/posts\/412100","targetHints":{"allow":["GET"]}}],"collection":[{"href":"https:\/\/www.eldiario.net\/portal\/wp-json\/wp\/v2\/posts"}],"about":[{"href":"https:\/\/www.eldiario.net\/portal\/wp-json\/wp\/v2\/types\/post"}],"author":[{"embeddable":true,"href":"https:\/\/www.eldiario.net\/portal\/wp-json\/wp\/v2\/users\/1"}],"replies":[{"embeddable":true,"href":"https:\/\/www.eldiario.net\/portal\/wp-json\/wp\/v2\/comments?post=412100"}],"version-history":[{"count":1,"href":"https:\/\/www.eldiario.net\/portal\/wp-json\/wp\/v2\/posts\/412100\/revisions"}],"predecessor-version":[{"id":412102,"href":"https:\/\/www.eldiario.net\/portal\/wp-json\/wp\/v2\/posts\/412100\/revisions\/412102"}],"wp:featuredmedia":[{"embeddable":true,"href":"https:\/\/www.eldiario.net\/portal\/wp-json\/wp\/v2\/media\/412101"}],"wp:attachment":[{"href":"https:\/\/www.eldiario.net\/portal\/wp-json\/wp\/v2\/media?parent=412100"}],"wp:term":[{"taxonomy":"category","embeddable":true,"href":"https:\/\/www.eldiario.net\/portal\/wp-json\/wp\/v2\/categories?post=412100"},{"taxonomy":"post_tag","embeddable":true,"href":"https:\/\/www.eldiario.net\/portal\/wp-json\/wp\/v2\/tags?post=412100"}],"curies":[{"name":"wp","href":"https:\/\/api.w.org\/{rel}","templated":true}]}}