{"id":412097,"date":"2026-07-13T00:35:10","date_gmt":"2026-07-13T04:35:10","guid":{"rendered":"https:\/\/www.eldiario.net\/portal\/?p=412097"},"modified":"2026-07-12T22:35:36","modified_gmt":"2026-07-13T02:35:36","slug":"marcas-y-la-inteligencia-artificial","status":"publish","type":"post","link":"https:\/\/www.eldiario.net\/portal\/2026\/07\/13\/marcas-y-la-inteligencia-artificial\/","title":{"rendered":"Marcas y la Inteligencia Artificial"},"content":{"rendered":"<p>La irrupci\u00f3n de la inteligencia artificial en los buscadores est\u00e1 transformando la manera en que las marcas se presentan ante los consumidores. Durante a\u00f1os, el objetivo principal fue lograr un buen posicionamiento org\u00e1nico. Hoy, aunque sigue siendo relevante, ya no es suficiente.<\/p>\n<p>Los <strong>AI Overviews<\/strong> y las respuestas generadas por IA han creado un nuevo escenario: una marca puede aparecer en los primeros resultados de una b\u00fasqueda tradicional y, aun as\u00ed, no ser mencionada por la inteligencia artificial. Tambi\u00e9n ocurre lo contrario: ser citada por la IA sin figurar en posiciones destacadas del SEO cl\u00e1sico. Esto obliga a replantear las estrategias de visibilidad digital.<\/p>\n<p><strong>Nuevas reglas de visibilidad<\/strong><\/p>\n<p>Un informe reciente muestra que m\u00e1s del 40% de las marcas presentes en resultados org\u00e1nicos no aparecen en las respuestas generadas por IA. A la vez, el 28% de las marcas citadas por la IA no logran posicionarse en los resultados tradicionales. La conclusi\u00f3n es clara: las reglas han cambiado.<\/p>\n<p>La visibilidad en entornos de IA depende de se\u00f1ales distintas: autoridad del contenido, claridad de la informaci\u00f3n, menciones externas y presencia en plataformas relevantes. No basta con optimizar una web; se requiere un ecosistema m\u00e1s amplio.<\/p>\n<p><strong>YouTube y Reddit como aliados<\/strong><\/p>\n<p>El tipo de contenido influye en la forma en que la IA selecciona fuentes. Los videos de YouTube tienen m\u00e1s probabilidades de aparecer en AI Overviews que en b\u00fasquedas org\u00e1nicas, lo que convierte al video en un recurso clave para ganar presencia en respuestas generadas por IA.<\/p>\n<p>Por otro lado, Reddit mantiene un peso fuerte en los resultados tradicionales gracias a sus rese\u00f1as y conversaciones. Para las marcas, esto significa que no deben depender de un \u00fanico canal, sino combinar web, video, comunidades y menciones externas.<\/p>\n<p><strong>La intenci\u00f3n de b\u00fasqueda<\/strong><\/p>\n<p>No todas las consultas generan el mismo tipo de resultado. Las b\u00fasquedas comparativas, las preguntas de tipo \u201cc\u00f3mo hacer\u201d y las consultas por categor\u00eda suelen favorecer la aparici\u00f3n de marcas espec\u00edficas en respuestas de IA. En cambio, las consultas t\u00e9cnicas o informativas tienden a priorizar fuentes editoriales y gu\u00edas especializadas.<\/p>\n<p>Esto obliga a las marcas a producir contenido que cubra distintos momentos de decisi\u00f3n: descubrimiento, comparaci\u00f3n, evaluaci\u00f3n y compra.<\/p>\n<p><strong>El nuevo desaf\u00edo del SEO<\/strong><\/p>\n<p>La optimizaci\u00f3n ya no puede limitarse a palabras clave y enlaces. Ahora debe considerar c\u00f3mo los sistemas de IA interpretan, resumen y recomiendan informaci\u00f3n. No se trata de abandonar el SEO tradicional, sino de ampliarlo con contenido claro, \u00fatil, verificable y distribuido en m\u00faltiples formatos.<\/p>\n<p>En un contexto donde el tr\u00e1fico org\u00e1nico puede disminuir, aparecer en respuestas generadas por IA ser\u00e1 cada vez m\u00e1s decisivo. La pregunta estrat\u00e9gica ya no es solo c\u00f3mo llegar al primer resultado, sino c\u00f3mo lograr que la inteligencia artificial entienda, cite y recomiende una marca.<\/p>\n<p>&nbsp;<\/p>\n","protected":false},"excerpt":{"rendered":"<p>La irrupci\u00f3n de la inteligencia artificial en los buscadores est\u00e1 transformando la manera en que las marcas se presentan ante los consumidores. Durante a\u00f1os, el objetivo principal fue lograr un buen posicionamiento org\u00e1nico. Hoy, aunque sigue siendo relevante, ya no es suficiente. Los AI Overviews y las respuestas generadas por IA han creado un nuevo [&hellip;]<\/p>\n","protected":false},"author":1,"featured_media":412098,"comment_status":"closed","ping_status":"open","sticky":false,"template":"","format":"standard","meta":{"_acf_changed":false,"footnotes":""},"categories":[46],"tags":[],"class_list":["post-412097","post","type-post","status-publish","format-standard","has-post-thumbnail","category-ciencia-computacion"],"acf":{"antetitulo":""},"yoast_head":"<!-- This site is optimized with the Yoast SEO plugin v28.4 - https:\/\/yoast.com\/product\/yoast-seo-wordpress\/ -->\n<title>Marcas y la Inteligencia Artificial - El Diario - Bolivia<\/title>\n<meta name=\"robots\" content=\"index, follow, max-snippet:-1, max-image-preview:large, max-video-preview:-1\" \/>\n<link rel=\"canonical\" href=\"https:\/\/www.eldiario.net\/portal\/2026\/07\/13\/marcas-y-la-inteligencia-artificial\/\" \/>\n<meta property=\"og:locale\" content=\"es_ES\" \/>\n<meta property=\"og:type\" content=\"article\" \/>\n<meta property=\"og:title\" content=\"Marcas y la Inteligencia Artificial - El Diario - Bolivia\" \/>\n<meta property=\"og:description\" content=\"La irrupci\u00f3n de la inteligencia artificial en los buscadores est\u00e1 transformando la manera en que las marcas se presentan ante los consumidores. Durante a\u00f1os, el objetivo principal fue lograr un buen posicionamiento org\u00e1nico. Hoy, aunque sigue siendo relevante, ya no es suficiente. Los AI Overviews y las respuestas generadas por IA han creado un nuevo [&hellip;]\" \/>\n<meta property=\"og:url\" content=\"https:\/\/www.eldiario.net\/portal\/2026\/07\/13\/marcas-y-la-inteligencia-artificial\/\" \/>\n<meta property=\"og:site_name\" content=\"El Diario - Bolivia\" \/>\n<meta property=\"article:publisher\" content=\"https:\/\/www.facebook.com\/eldiario.bolivia\/\" \/>\n<meta property=\"article:published_time\" content=\"2026-07-13T04:35:10+00:00\" \/>\n<meta property=\"og:image\" content=\"https:\/\/www.eldiario.net\/portal\/wp-content\/uploads\/2026\/07\/8-a.webp\" \/>\n\t<meta property=\"og:image:width\" content=\"769\" \/>\n\t<meta property=\"og:image:height\" content=\"509\" \/>\n\t<meta property=\"og:image:type\" content=\"image\/webp\" \/>\n<meta name=\"author\" content=\"Jeanette\" \/>\n<meta name=\"twitter:card\" content=\"summary_large_image\" \/>\n<meta name=\"twitter:creator\" content=\"@eldiario_net\" \/>\n<meta name=\"twitter:site\" content=\"@eldiario_net\" \/>\n<meta name=\"twitter:label1\" content=\"Escrito por\" \/>\n\t<meta name=\"twitter:data1\" content=\"Jeanette\" \/>\n\t<meta name=\"twitter:label2\" content=\"Tiempo de lectura\" \/>\n\t<meta name=\"twitter:data2\" content=\"3 minutos\" \/>\n<script type=\"application\/ld+json\" class=\"yoast-schema-graph\">{\"@context\":\"https:\\\/\\\/schema.org\",\"@graph\":[{\"@type\":\"Article\",\"@id\":\"https:\\\/\\\/www.eldiario.net\\\/portal\\\/2026\\\/07\\\/13\\\/marcas-y-la-inteligencia-artificial\\\/#article\",\"isPartOf\":{\"@id\":\"https:\\\/\\\/www.eldiario.net\\\/portal\\\/2026\\\/07\\\/13\\\/marcas-y-la-inteligencia-artificial\\\/\"},\"author\":{\"name\":\"Jeanette\",\"@id\":\"https:\\\/\\\/www.eldiario.net\\\/portal\\\/#\\\/schema\\\/person\\\/2c57cf2b7a7ae032e449e4c9b1019eac\"},\"headline\":\"Marcas y la Inteligencia Artificial\",\"datePublished\":\"2026-07-13T04:35:10+00:00\",\"mainEntityOfPage\":{\"@id\":\"https:\\\/\\\/www.eldiario.net\\\/portal\\\/2026\\\/07\\\/13\\\/marcas-y-la-inteligencia-artificial\\\/\"},\"wordCount\":496,\"publisher\":{\"@id\":\"https:\\\/\\\/www.eldiario.net\\\/portal\\\/#organization\"},\"image\":{\"@id\":\"https:\\\/\\\/www.eldiario.net\\\/portal\\\/2026\\\/07\\\/13\\\/marcas-y-la-inteligencia-artificial\\\/#primaryimage\"},\"thumbnailUrl\":\"https:\\\/\\\/www.eldiario.net\\\/portal\\\/wp-content\\\/uploads\\\/2026\\\/07\\\/8-a.webp\",\"articleSection\":[\"Ciencia y Computaci\u00f3n\"],\"inLanguage\":\"es\"},{\"@type\":\"WebPage\",\"@id\":\"https:\\\/\\\/www.eldiario.net\\\/portal\\\/2026\\\/07\\\/13\\\/marcas-y-la-inteligencia-artificial\\\/\",\"url\":\"https:\\\/\\\/www.eldiario.net\\\/portal\\\/2026\\\/07\\\/13\\\/marcas-y-la-inteligencia-artificial\\\/\",\"name\":\"Marcas y la Inteligencia Artificial - El Diario - Bolivia\",\"isPartOf\":{\"@id\":\"https:\\\/\\\/www.eldiario.net\\\/portal\\\/#website\"},\"primaryImageOfPage\":{\"@id\":\"https:\\\/\\\/www.eldiario.net\\\/portal\\\/2026\\\/07\\\/13\\\/marcas-y-la-inteligencia-artificial\\\/#primaryimage\"},\"image\":{\"@id\":\"https:\\\/\\\/www.eldiario.net\\\/portal\\\/2026\\\/07\\\/13\\\/marcas-y-la-inteligencia-artificial\\\/#primaryimage\"},\"thumbnailUrl\":\"https:\\\/\\\/www.eldiario.net\\\/portal\\\/wp-content\\\/uploads\\\/2026\\\/07\\\/8-a.webp\",\"datePublished\":\"2026-07-13T04:35:10+00:00\",\"breadcrumb\":{\"@id\":\"https:\\\/\\\/www.eldiario.net\\\/portal\\\/2026\\\/07\\\/13\\\/marcas-y-la-inteligencia-artificial\\\/#breadcrumb\"},\"inLanguage\":\"es\",\"potentialAction\":[{\"@type\":\"ReadAction\",\"target\":[\"https:\\\/\\\/www.eldiario.net\\\/portal\\\/2026\\\/07\\\/13\\\/marcas-y-la-inteligencia-artificial\\\/\"]}]},{\"@type\":\"ImageObject\",\"inLanguage\":\"es\",\"@id\":\"https:\\\/\\\/www.eldiario.net\\\/portal\\\/2026\\\/07\\\/13\\\/marcas-y-la-inteligencia-artificial\\\/#primaryimage\",\"url\":\"https:\\\/\\\/www.eldiario.net\\\/portal\\\/wp-content\\\/uploads\\\/2026\\\/07\\\/8-a.webp\",\"contentUrl\":\"https:\\\/\\\/www.eldiario.net\\\/portal\\\/wp-content\\\/uploads\\\/2026\\\/07\\\/8-a.webp\",\"width\":769,\"height\":509},{\"@type\":\"BreadcrumbList\",\"@id\":\"https:\\\/\\\/www.eldiario.net\\\/portal\\\/2026\\\/07\\\/13\\\/marcas-y-la-inteligencia-artificial\\\/#breadcrumb\",\"itemListElement\":[{\"@type\":\"ListItem\",\"position\":1,\"name\":\"Portada\",\"item\":\"https:\\\/\\\/www.eldiario.net\\\/portal\\\/\"},{\"@type\":\"ListItem\",\"position\":2,\"name\":\"Marcas y la Inteligencia Artificial\"}]},{\"@type\":\"WebSite\",\"@id\":\"https:\\\/\\\/www.eldiario.net\\\/portal\\\/#website\",\"url\":\"https:\\\/\\\/www.eldiario.net\\\/portal\\\/\",\"name\":\"El Diario - Decano de la prensa nacional\",\"description\":\"El Diario - Decano de la prensa nacional\",\"publisher\":{\"@id\":\"https:\\\/\\\/www.eldiario.net\\\/portal\\\/#organization\"},\"potentialAction\":[{\"@type\":\"SearchAction\",\"target\":{\"@type\":\"EntryPoint\",\"urlTemplate\":\"https:\\\/\\\/www.eldiario.net\\\/portal\\\/?s={search_term_string}\"},\"query-input\":{\"@type\":\"PropertyValueSpecification\",\"valueRequired\":true,\"valueName\":\"search_term_string\"}}],\"inLanguage\":\"es\"},{\"@type\":\"Organization\",\"@id\":\"https:\\\/\\\/www.eldiario.net\\\/portal\\\/#organization\",\"name\":\"El Diario - Decano de la prensa nacional\",\"url\":\"https:\\\/\\\/www.eldiario.net\\\/portal\\\/\",\"logo\":{\"@type\":\"ImageObject\",\"inLanguage\":\"es\",\"@id\":\"https:\\\/\\\/www.eldiario.net\\\/portal\\\/#\\\/schema\\\/logo\\\/image\\\/\",\"url\":\"https:\\\/\\\/www.eldiario.net\\\/portal\\\/wp-content\\\/uploads\\\/2023\\\/07\\\/logo_ED.jpg\",\"contentUrl\":\"https:\\\/\\\/www.eldiario.net\\\/portal\\\/wp-content\\\/uploads\\\/2023\\\/07\\\/logo_ED.jpg\",\"width\":272,\"height\":52,\"caption\":\"El Diario - Decano de la prensa nacional\"},\"image\":{\"@id\":\"https:\\\/\\\/www.eldiario.net\\\/portal\\\/#\\\/schema\\\/logo\\\/image\\\/\"},\"sameAs\":[\"https:\\\/\\\/www.facebook.com\\\/eldiario.bolivia\\\/\",\"https:\\\/\\\/x.com\\\/eldiario_net\"]},{\"@type\":\"Person\",\"@id\":\"https:\\\/\\\/www.eldiario.net\\\/portal\\\/#\\\/schema\\\/person\\\/2c57cf2b7a7ae032e449e4c9b1019eac\",\"name\":\"Jeanette\",\"image\":{\"@type\":\"ImageObject\",\"inLanguage\":\"es\",\"@id\":\"https:\\\/\\\/secure.gravatar.com\\\/avatar\\\/3ea2118a5f7dad2b7138b1187a6b7ee55f160b9968b66013c3a3ef39dd7e5798?s=96&d=mm&r=g\",\"url\":\"https:\\\/\\\/secure.gravatar.com\\\/avatar\\\/3ea2118a5f7dad2b7138b1187a6b7ee55f160b9968b66013c3a3ef39dd7e5798?s=96&d=mm&r=g\",\"contentUrl\":\"https:\\\/\\\/secure.gravatar.com\\\/avatar\\\/3ea2118a5f7dad2b7138b1187a6b7ee55f160b9968b66013c3a3ef39dd7e5798?s=96&d=mm&r=g\",\"caption\":\"Jeanette\"},\"sameAs\":[\"https:\\\/\\\/www.eldiario.net\\\/portal\"],\"url\":\"https:\\\/\\\/www.eldiario.net\\\/portal\\\/author\\\/jeanette\\\/\"}]}<\/script>\n<!-- \/ Yoast SEO plugin. -->","yoast_head_json":{"title":"Marcas y la Inteligencia Artificial - El Diario - Bolivia","robots":{"index":"index","follow":"follow","max-snippet":"max-snippet:-1","max-image-preview":"max-image-preview:large","max-video-preview":"max-video-preview:-1"},"canonical":"https:\/\/www.eldiario.net\/portal\/2026\/07\/13\/marcas-y-la-inteligencia-artificial\/","og_locale":"es_ES","og_type":"article","og_title":"Marcas y la Inteligencia Artificial - El Diario - Bolivia","og_description":"La irrupci\u00f3n de la inteligencia artificial en los buscadores est\u00e1 transformando la manera en que las marcas se presentan ante los consumidores. Durante a\u00f1os, el objetivo principal fue lograr un buen posicionamiento org\u00e1nico. Hoy, aunque sigue siendo relevante, ya no es suficiente. Los AI Overviews y las respuestas generadas por IA han creado un nuevo [&hellip;]","og_url":"https:\/\/www.eldiario.net\/portal\/2026\/07\/13\/marcas-y-la-inteligencia-artificial\/","og_site_name":"El Diario - Bolivia","article_publisher":"https:\/\/www.facebook.com\/eldiario.bolivia\/","article_published_time":"2026-07-13T04:35:10+00:00","og_image":[{"width":769,"height":509,"url":"https:\/\/www.eldiario.net\/portal\/wp-content\/uploads\/2026\/07\/8-a.webp","type":"image\/webp"}],"author":"Jeanette","twitter_card":"summary_large_image","twitter_creator":"@eldiario_net","twitter_site":"@eldiario_net","twitter_misc":{"Escrito por":"Jeanette","Tiempo de lectura":"3 minutos"},"schema":{"@context":"https:\/\/schema.org","@graph":[{"@type":"Article","@id":"https:\/\/www.eldiario.net\/portal\/2026\/07\/13\/marcas-y-la-inteligencia-artificial\/#article","isPartOf":{"@id":"https:\/\/www.eldiario.net\/portal\/2026\/07\/13\/marcas-y-la-inteligencia-artificial\/"},"author":{"name":"Jeanette","@id":"https:\/\/www.eldiario.net\/portal\/#\/schema\/person\/2c57cf2b7a7ae032e449e4c9b1019eac"},"headline":"Marcas y la Inteligencia Artificial","datePublished":"2026-07-13T04:35:10+00:00","mainEntityOfPage":{"@id":"https:\/\/www.eldiario.net\/portal\/2026\/07\/13\/marcas-y-la-inteligencia-artificial\/"},"wordCount":496,"publisher":{"@id":"https:\/\/www.eldiario.net\/portal\/#organization"},"image":{"@id":"https:\/\/www.eldiario.net\/portal\/2026\/07\/13\/marcas-y-la-inteligencia-artificial\/#primaryimage"},"thumbnailUrl":"https:\/\/www.eldiario.net\/portal\/wp-content\/uploads\/2026\/07\/8-a.webp","articleSection":["Ciencia y Computaci\u00f3n"],"inLanguage":"es"},{"@type":"WebPage","@id":"https:\/\/www.eldiario.net\/portal\/2026\/07\/13\/marcas-y-la-inteligencia-artificial\/","url":"https:\/\/www.eldiario.net\/portal\/2026\/07\/13\/marcas-y-la-inteligencia-artificial\/","name":"Marcas y la Inteligencia Artificial - El Diario - Bolivia","isPartOf":{"@id":"https:\/\/www.eldiario.net\/portal\/#website"},"primaryImageOfPage":{"@id":"https:\/\/www.eldiario.net\/portal\/2026\/07\/13\/marcas-y-la-inteligencia-artificial\/#primaryimage"},"image":{"@id":"https:\/\/www.eldiario.net\/portal\/2026\/07\/13\/marcas-y-la-inteligencia-artificial\/#primaryimage"},"thumbnailUrl":"https:\/\/www.eldiario.net\/portal\/wp-content\/uploads\/2026\/07\/8-a.webp","datePublished":"2026-07-13T04:35:10+00:00","breadcrumb":{"@id":"https:\/\/www.eldiario.net\/portal\/2026\/07\/13\/marcas-y-la-inteligencia-artificial\/#breadcrumb"},"inLanguage":"es","potentialAction":[{"@type":"ReadAction","target":["https:\/\/www.eldiario.net\/portal\/2026\/07\/13\/marcas-y-la-inteligencia-artificial\/"]}]},{"@type":"ImageObject","inLanguage":"es","@id":"https:\/\/www.eldiario.net\/portal\/2026\/07\/13\/marcas-y-la-inteligencia-artificial\/#primaryimage","url":"https:\/\/www.eldiario.net\/portal\/wp-content\/uploads\/2026\/07\/8-a.webp","contentUrl":"https:\/\/www.eldiario.net\/portal\/wp-content\/uploads\/2026\/07\/8-a.webp","width":769,"height":509},{"@type":"BreadcrumbList","@id":"https:\/\/www.eldiario.net\/portal\/2026\/07\/13\/marcas-y-la-inteligencia-artificial\/#breadcrumb","itemListElement":[{"@type":"ListItem","position":1,"name":"Portada","item":"https:\/\/www.eldiario.net\/portal\/"},{"@type":"ListItem","position":2,"name":"Marcas y la Inteligencia Artificial"}]},{"@type":"WebSite","@id":"https:\/\/www.eldiario.net\/portal\/#website","url":"https:\/\/www.eldiario.net\/portal\/","name":"El Diario - Decano de la prensa nacional","description":"El Diario - Decano de la prensa nacional","publisher":{"@id":"https:\/\/www.eldiario.net\/portal\/#organization"},"potentialAction":[{"@type":"SearchAction","target":{"@type":"EntryPoint","urlTemplate":"https:\/\/www.eldiario.net\/portal\/?s={search_term_string}"},"query-input":{"@type":"PropertyValueSpecification","valueRequired":true,"valueName":"search_term_string"}}],"inLanguage":"es"},{"@type":"Organization","@id":"https:\/\/www.eldiario.net\/portal\/#organization","name":"El Diario - Decano de la prensa nacional","url":"https:\/\/www.eldiario.net\/portal\/","logo":{"@type":"ImageObject","inLanguage":"es","@id":"https:\/\/www.eldiario.net\/portal\/#\/schema\/logo\/image\/","url":"https:\/\/www.eldiario.net\/portal\/wp-content\/uploads\/2023\/07\/logo_ED.jpg","contentUrl":"https:\/\/www.eldiario.net\/portal\/wp-content\/uploads\/2023\/07\/logo_ED.jpg","width":272,"height":52,"caption":"El Diario - Decano de la prensa nacional"},"image":{"@id":"https:\/\/www.eldiario.net\/portal\/#\/schema\/logo\/image\/"},"sameAs":["https:\/\/www.facebook.com\/eldiario.bolivia\/","https:\/\/x.com\/eldiario_net"]},{"@type":"Person","@id":"https:\/\/www.eldiario.net\/portal\/#\/schema\/person\/2c57cf2b7a7ae032e449e4c9b1019eac","name":"Jeanette","image":{"@type":"ImageObject","inLanguage":"es","@id":"https:\/\/secure.gravatar.com\/avatar\/3ea2118a5f7dad2b7138b1187a6b7ee55f160b9968b66013c3a3ef39dd7e5798?s=96&d=mm&r=g","url":"https:\/\/secure.gravatar.com\/avatar\/3ea2118a5f7dad2b7138b1187a6b7ee55f160b9968b66013c3a3ef39dd7e5798?s=96&d=mm&r=g","contentUrl":"https:\/\/secure.gravatar.com\/avatar\/3ea2118a5f7dad2b7138b1187a6b7ee55f160b9968b66013c3a3ef39dd7e5798?s=96&d=mm&r=g","caption":"Jeanette"},"sameAs":["https:\/\/www.eldiario.net\/portal"],"url":"https:\/\/www.eldiario.net\/portal\/author\/jeanette\/"}]}},"_links":{"self":[{"href":"https:\/\/www.eldiario.net\/portal\/wp-json\/wp\/v2\/posts\/412097","targetHints":{"allow":["GET"]}}],"collection":[{"href":"https:\/\/www.eldiario.net\/portal\/wp-json\/wp\/v2\/posts"}],"about":[{"href":"https:\/\/www.eldiario.net\/portal\/wp-json\/wp\/v2\/types\/post"}],"author":[{"embeddable":true,"href":"https:\/\/www.eldiario.net\/portal\/wp-json\/wp\/v2\/users\/1"}],"replies":[{"embeddable":true,"href":"https:\/\/www.eldiario.net\/portal\/wp-json\/wp\/v2\/comments?post=412097"}],"version-history":[{"count":1,"href":"https:\/\/www.eldiario.net\/portal\/wp-json\/wp\/v2\/posts\/412097\/revisions"}],"predecessor-version":[{"id":412099,"href":"https:\/\/www.eldiario.net\/portal\/wp-json\/wp\/v2\/posts\/412097\/revisions\/412099"}],"wp:featuredmedia":[{"embeddable":true,"href":"https:\/\/www.eldiario.net\/portal\/wp-json\/wp\/v2\/media\/412098"}],"wp:attachment":[{"href":"https:\/\/www.eldiario.net\/portal\/wp-json\/wp\/v2\/media?parent=412097"}],"wp:term":[{"taxonomy":"category","embeddable":true,"href":"https:\/\/www.eldiario.net\/portal\/wp-json\/wp\/v2\/categories?post=412097"},{"taxonomy":"post_tag","embeddable":true,"href":"https:\/\/www.eldiario.net\/portal\/wp-json\/wp\/v2\/tags?post=412097"}],"curies":[{"name":"wp","href":"https:\/\/api.w.org\/{rel}","templated":true}]}}