{"id":412094,"date":"2026-07-13T00:34:33","date_gmt":"2026-07-13T04:34:33","guid":{"rendered":"https:\/\/www.eldiario.net\/portal\/?p=412094"},"modified":"2026-07-12T22:34:59","modified_gmt":"2026-07-13T02:34:59","slug":"meta-lanza-muse-image","status":"publish","type":"post","link":"https:\/\/www.eldiario.net\/portal\/2026\/07\/13\/meta-lanza-muse-image\/","title":{"rendered":"Meta lanza Muse Image"},"content":{"rendered":"<p>Meta ha dado un paso decisivo en la carrera de la inteligencia artificial generativa con el lanzamiento de <strong>Muse Image<\/strong>, su modelo m\u00e1s avanzado de creaci\u00f3n de im\u00e1genes, ya disponible en Instagram y WhatsApp. Adem\u00e1s, la compa\u00f1\u00eda ha presentado la vista previa de <strong>Muse Video<\/strong>, que pr\u00f3ximamente llegar\u00e1 a Facebook, Messenger y Advantage+ Creative, ampliando as\u00ed su ecosistema de herramientas creativas impulsadas por IA.<\/p>\n<p><strong>Un modelo con capacidades \u00fanicas<\/strong><\/p>\n<p>Muse Image no es solo un generador de im\u00e1genes: funciona como un agente capaz de utilizar herramientas de b\u00fasqueda y programaci\u00f3n, perfeccionarse de manera aut\u00f3noma y optimizar su rendimiento. Seg\u00fan Meta, este modelo \u201csigue las instrucciones al pie de la letra, edita con precisi\u00f3n, compone a partir de m\u00faltiples referencias y utiliza Instagram para crear contexto social\u201d.<\/p>\n<p>Su integraci\u00f3n con <strong>Muse Spark<\/strong> permite combinar generaci\u00f3n de c\u00f3digo y contenido multimedia, lo que abre la puerta a experiencias interactivas como GIF animados, sitios web con im\u00e1genes incrustadas o juegos visuales.<\/p>\n<p><strong>Funciones principales<\/strong><\/p>\n<ul>\n<li><strong>B\u00fasqueda en tiempo real<\/strong>: Muse Image puede consultar la web para acceder a informaci\u00f3n actualizada y generar im\u00e1genes veraces y realistas, especialmente \u00fatiles en contextos ligados a eventos recientes.<\/li>\n<li><strong>Programaci\u00f3n<\/strong>: el modelo escribe y ejecuta c\u00f3digo para crear gr\u00e1ficos, c\u00f3digos QR o figuras renderizadas optimizadas.<\/li>\n<li><strong>Edici\u00f3n precisa<\/strong>: permite modificar solo los elementos indicados en una imagen existente, manteniendo la coherencia del resto.<\/li>\n<li><strong>Uso de m\u00faltiples referencias<\/strong>: procesa varias im\u00e1genes aportadas por el usuario y combina elementos de cada una en una nueva composici\u00f3n.<\/li>\n<li><strong>Autoperfeccionamiento<\/strong>: reflexiona sobre su propio trabajo y corrige errores de manera aut\u00f3noma, ya sea ajustando detalles o generando una nueva imagen desde cero.<\/li>\n<li><strong>Escalado de c\u00f3mputo<\/strong>: mejora su razonamiento y calidad final al procesar m\u00e1s informaci\u00f3n durante la inferencia, potenciando la interacci\u00f3n entre razonamiento y herramientas externas.<\/li>\n<\/ul>\n<p><strong>Integraci\u00f3n en el ecosistema Meta<\/strong><\/p>\n<p>Muse Image ya est\u00e1 disponible en la aplicaci\u00f3n Meta AI, en la web meta.ai, en Instagram Stories en Estados Unidos y en WhatsApp en varios pa\u00edses. La compa\u00f1\u00eda planea expandirlo a Facebook y Messenger, adem\u00e1s de ofrecerlo a anunciantes mediante Advantage+ Creative.<\/p>\n<p>Por su parte, Muse Video se encuentra en fase de vista previa y promete llevar la generaci\u00f3n de contenido audiovisual a un nuevo nivel, ampliando las posibilidades de creaci\u00f3n para usuarios y marcas.<\/p>\n<p><strong>Implicaciones estrat\u00e9gicas<\/strong><\/p>\n<p>El lanzamiento de Muse Image y Muse Video refleja la ambici\u00f3n de Meta por liderar la innovaci\u00f3n en IA generativa aplicada al contenido multimedia. Estas herramientas no solo ofrecen nuevas formas de expresi\u00f3n creativa, sino que tambi\u00e9n abren oportunidades para la publicidad, el marketing y la interacci\u00f3n social.<\/p>\n<p>La capacidad de combinar b\u00fasqueda, programaci\u00f3n y edici\u00f3n precisa convierte a Muse Image en un modelo vers\u00e1til, preparado para integrarse en flujos de trabajo creativos y comerciales. Adem\u00e1s, su despliegue en plataformas de uso masivo como Instagram y WhatsApp asegura una adopci\u00f3n r\u00e1pida y un impacto directo en millones de usuarios.<\/p>\n","protected":false},"excerpt":{"rendered":"<p>Meta ha dado un paso decisivo en la carrera de la inteligencia artificial generativa con el lanzamiento de Muse Image, su modelo m\u00e1s avanzado de creaci\u00f3n de im\u00e1genes, ya disponible en Instagram y WhatsApp. Adem\u00e1s, la compa\u00f1\u00eda ha presentado la vista previa de Muse Video, que pr\u00f3ximamente llegar\u00e1 a Facebook, Messenger y Advantage+ Creative, ampliando [&hellip;]<\/p>\n","protected":false},"author":1,"featured_media":412095,"comment_status":"closed","ping_status":"open","sticky":false,"template":"","format":"standard","meta":{"_acf_changed":false,"footnotes":""},"categories":[46],"tags":[],"class_list":["post-412094","post","type-post","status-publish","format-standard","has-post-thumbnail","category-ciencia-computacion"],"acf":{"antetitulo":""},"yoast_head":"<!-- This site is optimized with the Yoast SEO plugin v28.4 - https:\/\/yoast.com\/product\/yoast-seo-wordpress\/ -->\n<title>Meta lanza Muse Image - El Diario - Bolivia<\/title>\n<meta name=\"robots\" content=\"index, follow, max-snippet:-1, max-image-preview:large, max-video-preview:-1\" \/>\n<link rel=\"canonical\" href=\"https:\/\/www.eldiario.net\/portal\/2026\/07\/13\/meta-lanza-muse-image\/\" \/>\n<meta property=\"og:locale\" content=\"es_ES\" \/>\n<meta property=\"og:type\" content=\"article\" \/>\n<meta property=\"og:title\" content=\"Meta lanza Muse Image - El Diario - Bolivia\" \/>\n<meta property=\"og:description\" content=\"Meta ha dado un paso decisivo en la carrera de la inteligencia artificial generativa con el lanzamiento de Muse Image, su modelo m\u00e1s avanzado de creaci\u00f3n de im\u00e1genes, ya disponible en Instagram y WhatsApp. Adem\u00e1s, la compa\u00f1\u00eda ha presentado la vista previa de Muse Video, que pr\u00f3ximamente llegar\u00e1 a Facebook, Messenger y Advantage+ Creative, ampliando [&hellip;]\" \/>\n<meta property=\"og:url\" content=\"https:\/\/www.eldiario.net\/portal\/2026\/07\/13\/meta-lanza-muse-image\/\" \/>\n<meta property=\"og:site_name\" content=\"El Diario - Bolivia\" \/>\n<meta property=\"article:publisher\" content=\"https:\/\/www.facebook.com\/eldiario.bolivia\/\" \/>\n<meta property=\"article:published_time\" content=\"2026-07-13T04:34:33+00:00\" \/>\n<meta property=\"og:image\" content=\"https:\/\/www.eldiario.net\/portal\/wp-content\/uploads\/2026\/07\/7-A-1-1.webp\" \/>\n\t<meta property=\"og:image:width\" content=\"854\" \/>\n\t<meta property=\"og:image:height\" content=\"507\" \/>\n\t<meta property=\"og:image:type\" content=\"image\/webp\" \/>\n<meta name=\"author\" content=\"Jeanette\" \/>\n<meta name=\"twitter:card\" content=\"summary_large_image\" \/>\n<meta name=\"twitter:creator\" content=\"@eldiario_net\" \/>\n<meta name=\"twitter:site\" content=\"@eldiario_net\" \/>\n<meta name=\"twitter:label1\" content=\"Escrito por\" \/>\n\t<meta name=\"twitter:data1\" content=\"Jeanette\" \/>\n\t<meta name=\"twitter:label2\" content=\"Tiempo de lectura\" \/>\n\t<meta name=\"twitter:data2\" content=\"3 minutos\" \/>\n<script type=\"application\/ld+json\" class=\"yoast-schema-graph\">{\"@context\":\"https:\\\/\\\/schema.org\",\"@graph\":[{\"@type\":\"Article\",\"@id\":\"https:\\\/\\\/www.eldiario.net\\\/portal\\\/2026\\\/07\\\/13\\\/meta-lanza-muse-image\\\/#article\",\"isPartOf\":{\"@id\":\"https:\\\/\\\/www.eldiario.net\\\/portal\\\/2026\\\/07\\\/13\\\/meta-lanza-muse-image\\\/\"},\"author\":{\"name\":\"Jeanette\",\"@id\":\"https:\\\/\\\/www.eldiario.net\\\/portal\\\/#\\\/schema\\\/person\\\/2c57cf2b7a7ae032e449e4c9b1019eac\"},\"headline\":\"Meta lanza Muse Image\",\"datePublished\":\"2026-07-13T04:34:33+00:00\",\"mainEntityOfPage\":{\"@id\":\"https:\\\/\\\/www.eldiario.net\\\/portal\\\/2026\\\/07\\\/13\\\/meta-lanza-muse-image\\\/\"},\"wordCount\":529,\"publisher\":{\"@id\":\"https:\\\/\\\/www.eldiario.net\\\/portal\\\/#organization\"},\"image\":{\"@id\":\"https:\\\/\\\/www.eldiario.net\\\/portal\\\/2026\\\/07\\\/13\\\/meta-lanza-muse-image\\\/#primaryimage\"},\"thumbnailUrl\":\"https:\\\/\\\/www.eldiario.net\\\/portal\\\/wp-content\\\/uploads\\\/2026\\\/07\\\/7-A-1-1.webp\",\"articleSection\":[\"Ciencia y Computaci\u00f3n\"],\"inLanguage\":\"es\"},{\"@type\":\"WebPage\",\"@id\":\"https:\\\/\\\/www.eldiario.net\\\/portal\\\/2026\\\/07\\\/13\\\/meta-lanza-muse-image\\\/\",\"url\":\"https:\\\/\\\/www.eldiario.net\\\/portal\\\/2026\\\/07\\\/13\\\/meta-lanza-muse-image\\\/\",\"name\":\"Meta lanza Muse Image - El Diario - Bolivia\",\"isPartOf\":{\"@id\":\"https:\\\/\\\/www.eldiario.net\\\/portal\\\/#website\"},\"primaryImageOfPage\":{\"@id\":\"https:\\\/\\\/www.eldiario.net\\\/portal\\\/2026\\\/07\\\/13\\\/meta-lanza-muse-image\\\/#primaryimage\"},\"image\":{\"@id\":\"https:\\\/\\\/www.eldiario.net\\\/portal\\\/2026\\\/07\\\/13\\\/meta-lanza-muse-image\\\/#primaryimage\"},\"thumbnailUrl\":\"https:\\\/\\\/www.eldiario.net\\\/portal\\\/wp-content\\\/uploads\\\/2026\\\/07\\\/7-A-1-1.webp\",\"datePublished\":\"2026-07-13T04:34:33+00:00\",\"breadcrumb\":{\"@id\":\"https:\\\/\\\/www.eldiario.net\\\/portal\\\/2026\\\/07\\\/13\\\/meta-lanza-muse-image\\\/#breadcrumb\"},\"inLanguage\":\"es\",\"potentialAction\":[{\"@type\":\"ReadAction\",\"target\":[\"https:\\\/\\\/www.eldiario.net\\\/portal\\\/2026\\\/07\\\/13\\\/meta-lanza-muse-image\\\/\"]}]},{\"@type\":\"ImageObject\",\"inLanguage\":\"es\",\"@id\":\"https:\\\/\\\/www.eldiario.net\\\/portal\\\/2026\\\/07\\\/13\\\/meta-lanza-muse-image\\\/#primaryimage\",\"url\":\"https:\\\/\\\/www.eldiario.net\\\/portal\\\/wp-content\\\/uploads\\\/2026\\\/07\\\/7-A-1-1.webp\",\"contentUrl\":\"https:\\\/\\\/www.eldiario.net\\\/portal\\\/wp-content\\\/uploads\\\/2026\\\/07\\\/7-A-1-1.webp\",\"width\":854,\"height\":507},{\"@type\":\"BreadcrumbList\",\"@id\":\"https:\\\/\\\/www.eldiario.net\\\/portal\\\/2026\\\/07\\\/13\\\/meta-lanza-muse-image\\\/#breadcrumb\",\"itemListElement\":[{\"@type\":\"ListItem\",\"position\":1,\"name\":\"Portada\",\"item\":\"https:\\\/\\\/www.eldiario.net\\\/portal\\\/\"},{\"@type\":\"ListItem\",\"position\":2,\"name\":\"Meta lanza Muse Image\"}]},{\"@type\":\"WebSite\",\"@id\":\"https:\\\/\\\/www.eldiario.net\\\/portal\\\/#website\",\"url\":\"https:\\\/\\\/www.eldiario.net\\\/portal\\\/\",\"name\":\"El Diario - Decano de la prensa nacional\",\"description\":\"El Diario - Decano de la prensa nacional\",\"publisher\":{\"@id\":\"https:\\\/\\\/www.eldiario.net\\\/portal\\\/#organization\"},\"potentialAction\":[{\"@type\":\"SearchAction\",\"target\":{\"@type\":\"EntryPoint\",\"urlTemplate\":\"https:\\\/\\\/www.eldiario.net\\\/portal\\\/?s={search_term_string}\"},\"query-input\":{\"@type\":\"PropertyValueSpecification\",\"valueRequired\":true,\"valueName\":\"search_term_string\"}}],\"inLanguage\":\"es\"},{\"@type\":\"Organization\",\"@id\":\"https:\\\/\\\/www.eldiario.net\\\/portal\\\/#organization\",\"name\":\"El Diario - Decano de la prensa nacional\",\"url\":\"https:\\\/\\\/www.eldiario.net\\\/portal\\\/\",\"logo\":{\"@type\":\"ImageObject\",\"inLanguage\":\"es\",\"@id\":\"https:\\\/\\\/www.eldiario.net\\\/portal\\\/#\\\/schema\\\/logo\\\/image\\\/\",\"url\":\"https:\\\/\\\/www.eldiario.net\\\/portal\\\/wp-content\\\/uploads\\\/2023\\\/07\\\/logo_ED.jpg\",\"contentUrl\":\"https:\\\/\\\/www.eldiario.net\\\/portal\\\/wp-content\\\/uploads\\\/2023\\\/07\\\/logo_ED.jpg\",\"width\":272,\"height\":52,\"caption\":\"El Diario - Decano de la prensa nacional\"},\"image\":{\"@id\":\"https:\\\/\\\/www.eldiario.net\\\/portal\\\/#\\\/schema\\\/logo\\\/image\\\/\"},\"sameAs\":[\"https:\\\/\\\/www.facebook.com\\\/eldiario.bolivia\\\/\",\"https:\\\/\\\/x.com\\\/eldiario_net\"]},{\"@type\":\"Person\",\"@id\":\"https:\\\/\\\/www.eldiario.net\\\/portal\\\/#\\\/schema\\\/person\\\/2c57cf2b7a7ae032e449e4c9b1019eac\",\"name\":\"Jeanette\",\"image\":{\"@type\":\"ImageObject\",\"inLanguage\":\"es\",\"@id\":\"https:\\\/\\\/secure.gravatar.com\\\/avatar\\\/3ea2118a5f7dad2b7138b1187a6b7ee55f160b9968b66013c3a3ef39dd7e5798?s=96&d=mm&r=g\",\"url\":\"https:\\\/\\\/secure.gravatar.com\\\/avatar\\\/3ea2118a5f7dad2b7138b1187a6b7ee55f160b9968b66013c3a3ef39dd7e5798?s=96&d=mm&r=g\",\"contentUrl\":\"https:\\\/\\\/secure.gravatar.com\\\/avatar\\\/3ea2118a5f7dad2b7138b1187a6b7ee55f160b9968b66013c3a3ef39dd7e5798?s=96&d=mm&r=g\",\"caption\":\"Jeanette\"},\"sameAs\":[\"https:\\\/\\\/www.eldiario.net\\\/portal\"],\"url\":\"https:\\\/\\\/www.eldiario.net\\\/portal\\\/author\\\/jeanette\\\/\"}]}<\/script>\n<!-- \/ Yoast SEO plugin. -->","yoast_head_json":{"title":"Meta lanza Muse Image - El Diario - Bolivia","robots":{"index":"index","follow":"follow","max-snippet":"max-snippet:-1","max-image-preview":"max-image-preview:large","max-video-preview":"max-video-preview:-1"},"canonical":"https:\/\/www.eldiario.net\/portal\/2026\/07\/13\/meta-lanza-muse-image\/","og_locale":"es_ES","og_type":"article","og_title":"Meta lanza Muse Image - El Diario - Bolivia","og_description":"Meta ha dado un paso decisivo en la carrera de la inteligencia artificial generativa con el lanzamiento de Muse Image, su modelo m\u00e1s avanzado de creaci\u00f3n de im\u00e1genes, ya disponible en Instagram y WhatsApp. Adem\u00e1s, la compa\u00f1\u00eda ha presentado la vista previa de Muse Video, que pr\u00f3ximamente llegar\u00e1 a Facebook, Messenger y Advantage+ Creative, ampliando [&hellip;]","og_url":"https:\/\/www.eldiario.net\/portal\/2026\/07\/13\/meta-lanza-muse-image\/","og_site_name":"El Diario - Bolivia","article_publisher":"https:\/\/www.facebook.com\/eldiario.bolivia\/","article_published_time":"2026-07-13T04:34:33+00:00","og_image":[{"width":854,"height":507,"url":"https:\/\/www.eldiario.net\/portal\/wp-content\/uploads\/2026\/07\/7-A-1-1.webp","type":"image\/webp"}],"author":"Jeanette","twitter_card":"summary_large_image","twitter_creator":"@eldiario_net","twitter_site":"@eldiario_net","twitter_misc":{"Escrito por":"Jeanette","Tiempo de lectura":"3 minutos"},"schema":{"@context":"https:\/\/schema.org","@graph":[{"@type":"Article","@id":"https:\/\/www.eldiario.net\/portal\/2026\/07\/13\/meta-lanza-muse-image\/#article","isPartOf":{"@id":"https:\/\/www.eldiario.net\/portal\/2026\/07\/13\/meta-lanza-muse-image\/"},"author":{"name":"Jeanette","@id":"https:\/\/www.eldiario.net\/portal\/#\/schema\/person\/2c57cf2b7a7ae032e449e4c9b1019eac"},"headline":"Meta lanza Muse Image","datePublished":"2026-07-13T04:34:33+00:00","mainEntityOfPage":{"@id":"https:\/\/www.eldiario.net\/portal\/2026\/07\/13\/meta-lanza-muse-image\/"},"wordCount":529,"publisher":{"@id":"https:\/\/www.eldiario.net\/portal\/#organization"},"image":{"@id":"https:\/\/www.eldiario.net\/portal\/2026\/07\/13\/meta-lanza-muse-image\/#primaryimage"},"thumbnailUrl":"https:\/\/www.eldiario.net\/portal\/wp-content\/uploads\/2026\/07\/7-A-1-1.webp","articleSection":["Ciencia y Computaci\u00f3n"],"inLanguage":"es"},{"@type":"WebPage","@id":"https:\/\/www.eldiario.net\/portal\/2026\/07\/13\/meta-lanza-muse-image\/","url":"https:\/\/www.eldiario.net\/portal\/2026\/07\/13\/meta-lanza-muse-image\/","name":"Meta lanza Muse Image - El Diario - Bolivia","isPartOf":{"@id":"https:\/\/www.eldiario.net\/portal\/#website"},"primaryImageOfPage":{"@id":"https:\/\/www.eldiario.net\/portal\/2026\/07\/13\/meta-lanza-muse-image\/#primaryimage"},"image":{"@id":"https:\/\/www.eldiario.net\/portal\/2026\/07\/13\/meta-lanza-muse-image\/#primaryimage"},"thumbnailUrl":"https:\/\/www.eldiario.net\/portal\/wp-content\/uploads\/2026\/07\/7-A-1-1.webp","datePublished":"2026-07-13T04:34:33+00:00","breadcrumb":{"@id":"https:\/\/www.eldiario.net\/portal\/2026\/07\/13\/meta-lanza-muse-image\/#breadcrumb"},"inLanguage":"es","potentialAction":[{"@type":"ReadAction","target":["https:\/\/www.eldiario.net\/portal\/2026\/07\/13\/meta-lanza-muse-image\/"]}]},{"@type":"ImageObject","inLanguage":"es","@id":"https:\/\/www.eldiario.net\/portal\/2026\/07\/13\/meta-lanza-muse-image\/#primaryimage","url":"https:\/\/www.eldiario.net\/portal\/wp-content\/uploads\/2026\/07\/7-A-1-1.webp","contentUrl":"https:\/\/www.eldiario.net\/portal\/wp-content\/uploads\/2026\/07\/7-A-1-1.webp","width":854,"height":507},{"@type":"BreadcrumbList","@id":"https:\/\/www.eldiario.net\/portal\/2026\/07\/13\/meta-lanza-muse-image\/#breadcrumb","itemListElement":[{"@type":"ListItem","position":1,"name":"Portada","item":"https:\/\/www.eldiario.net\/portal\/"},{"@type":"ListItem","position":2,"name":"Meta lanza Muse Image"}]},{"@type":"WebSite","@id":"https:\/\/www.eldiario.net\/portal\/#website","url":"https:\/\/www.eldiario.net\/portal\/","name":"El Diario - Decano de la prensa nacional","description":"El Diario - Decano de la prensa nacional","publisher":{"@id":"https:\/\/www.eldiario.net\/portal\/#organization"},"potentialAction":[{"@type":"SearchAction","target":{"@type":"EntryPoint","urlTemplate":"https:\/\/www.eldiario.net\/portal\/?s={search_term_string}"},"query-input":{"@type":"PropertyValueSpecification","valueRequired":true,"valueName":"search_term_string"}}],"inLanguage":"es"},{"@type":"Organization","@id":"https:\/\/www.eldiario.net\/portal\/#organization","name":"El Diario - Decano de la prensa nacional","url":"https:\/\/www.eldiario.net\/portal\/","logo":{"@type":"ImageObject","inLanguage":"es","@id":"https:\/\/www.eldiario.net\/portal\/#\/schema\/logo\/image\/","url":"https:\/\/www.eldiario.net\/portal\/wp-content\/uploads\/2023\/07\/logo_ED.jpg","contentUrl":"https:\/\/www.eldiario.net\/portal\/wp-content\/uploads\/2023\/07\/logo_ED.jpg","width":272,"height":52,"caption":"El Diario - Decano de la prensa nacional"},"image":{"@id":"https:\/\/www.eldiario.net\/portal\/#\/schema\/logo\/image\/"},"sameAs":["https:\/\/www.facebook.com\/eldiario.bolivia\/","https:\/\/x.com\/eldiario_net"]},{"@type":"Person","@id":"https:\/\/www.eldiario.net\/portal\/#\/schema\/person\/2c57cf2b7a7ae032e449e4c9b1019eac","name":"Jeanette","image":{"@type":"ImageObject","inLanguage":"es","@id":"https:\/\/secure.gravatar.com\/avatar\/3ea2118a5f7dad2b7138b1187a6b7ee55f160b9968b66013c3a3ef39dd7e5798?s=96&d=mm&r=g","url":"https:\/\/secure.gravatar.com\/avatar\/3ea2118a5f7dad2b7138b1187a6b7ee55f160b9968b66013c3a3ef39dd7e5798?s=96&d=mm&r=g","contentUrl":"https:\/\/secure.gravatar.com\/avatar\/3ea2118a5f7dad2b7138b1187a6b7ee55f160b9968b66013c3a3ef39dd7e5798?s=96&d=mm&r=g","caption":"Jeanette"},"sameAs":["https:\/\/www.eldiario.net\/portal"],"url":"https:\/\/www.eldiario.net\/portal\/author\/jeanette\/"}]}},"_links":{"self":[{"href":"https:\/\/www.eldiario.net\/portal\/wp-json\/wp\/v2\/posts\/412094","targetHints":{"allow":["GET"]}}],"collection":[{"href":"https:\/\/www.eldiario.net\/portal\/wp-json\/wp\/v2\/posts"}],"about":[{"href":"https:\/\/www.eldiario.net\/portal\/wp-json\/wp\/v2\/types\/post"}],"author":[{"embeddable":true,"href":"https:\/\/www.eldiario.net\/portal\/wp-json\/wp\/v2\/users\/1"}],"replies":[{"embeddable":true,"href":"https:\/\/www.eldiario.net\/portal\/wp-json\/wp\/v2\/comments?post=412094"}],"version-history":[{"count":1,"href":"https:\/\/www.eldiario.net\/portal\/wp-json\/wp\/v2\/posts\/412094\/revisions"}],"predecessor-version":[{"id":412096,"href":"https:\/\/www.eldiario.net\/portal\/wp-json\/wp\/v2\/posts\/412094\/revisions\/412096"}],"wp:featuredmedia":[{"embeddable":true,"href":"https:\/\/www.eldiario.net\/portal\/wp-json\/wp\/v2\/media\/412095"}],"wp:attachment":[{"href":"https:\/\/www.eldiario.net\/portal\/wp-json\/wp\/v2\/media?parent=412094"}],"wp:term":[{"taxonomy":"category","embeddable":true,"href":"https:\/\/www.eldiario.net\/portal\/wp-json\/wp\/v2\/categories?post=412094"},{"taxonomy":"post_tag","embeddable":true,"href":"https:\/\/www.eldiario.net\/portal\/wp-json\/wp\/v2\/tags?post=412094"}],"curies":[{"name":"wp","href":"https:\/\/api.w.org\/{rel}","templated":true}]}}