{"id":412082,"date":"2026-07-13T00:31:06","date_gmt":"2026-07-13T04:31:06","guid":{"rendered":"https:\/\/www.eldiario.net\/portal\/?p=412082"},"modified":"2026-07-12T22:31:35","modified_gmt":"2026-07-13T02:31:35","slug":"protege-tus-imagenes-en-instagram","status":"publish","type":"post","link":"https:\/\/www.eldiario.net\/portal\/2026\/07\/13\/protege-tus-imagenes-en-instagram\/","title":{"rendered":"Protege tus im\u00e1genes en Instagram"},"content":{"rendered":"<p>Meta ha lanzado <strong>Muse Image<\/strong>, su modelo de generaci\u00f3n de im\u00e1genes m\u00e1s avanzado, pensado para crear contenido en redes sociales como Instagram. Sin embargo, junto con esta novedad ha llegado un cambio de pol\u00edtica que ha despertado preocupaci\u00f3n: ahora cualquier usuario puede usar fotos p\u00fablicas de otra persona para generar im\u00e1genes con inteligencia artificial, sin necesidad de pedir permiso.<\/p>\n<p><strong>El riesgo de las fotos p\u00fablicas<\/strong><\/p>\n<p>La funci\u00f3n permite que, si tu cuenta est\u00e1 configurada como p\u00fablica, tus im\u00e1genes puedan ser utilizadas como base para creaciones generadas por IA. Esto significa que tu rostro o tu cuerpo podr\u00edan aparecer en escenarios o situaciones que desconoces y sobre las que no tienes control.<\/p>\n<p>Lo m\u00e1s delicado es que Instagram no notifica a los usuarios cuando sus fotos son reutilizadas en este contexto. En otras palabras, no existe un aviso que te permita saber si tu imagen ha sido empleada por otra persona en una creaci\u00f3n con IA.<\/p>\n<p>Meta asegura que sus algoritmos analizan las solicitudes antes de generar contenido, pero no ha detallado qu\u00e9 medidas concretas existen para evitar abusos, im\u00e1genes ofensivas o usos indebidos.<\/p>\n<p><strong>C\u00f3mo bloquear la reutilizaci\u00f3n<\/strong><\/p>\n<p>Existen dos formas de impedir que tu imagen sea utilizada por Muse Image:<\/p>\n<ol>\n<li><strong>Hacer tu cuenta privada.<\/strong> De esta manera, tus fotos dejan de ser accesibles p\u00fablicamente y la IA no podr\u00e1 utilizarlas. El inconveniente es que las publicaciones anteriores a este cambio podr\u00edan seguir siendo accesibles. Adem\u00e1s, tu alcance en la plataforma se reduce.<\/li>\n<li><strong>Desactivar la opci\u00f3n de reutilizaci\u00f3n en la configuraci\u00f3n.<\/strong> Instagram ha a\u00f1adido un apartado espec\u00edfico en los ajustes, aunque no lo ha publicitado de forma clara. Para encontrarlo:\n<ul>\n<li>Abre tu perfil y pulsa el bot\u00f3n de las tres l\u00edneas en la esquina superior derecha.<\/li>\n<li>Entra en <strong>Configuraci\u00f3n<\/strong>.<\/li>\n<li>Accede a la secci\u00f3n <strong>Compartir y reutilizar<\/strong>.<\/li>\n<li>Desactiva las opciones bajo el t\u00edtulo <em>Allow people to reuse your content on Instagram and with AI features at Meta<\/em>.<\/li>\n<li>Aseg\u00farate de desactivar tanto \u201cPublicaciones\u201d como \u201cReels\u201d.<\/li>\n<\/ul>\n<\/li>\n<\/ol>\n<p>Con este ajuste, tus fotos y videos no podr\u00e1n ser usados como base para creaciones con IA, incluso si tu cuenta es p\u00fablica.<\/p>\n<p><strong>Una funci\u00f3n activada por defecto<\/strong><\/p>\n<p>Lo m\u00e1s pol\u00e9mico es que esta opci\u00f3n viene activada por defecto en todas las cuentas. Es decir, si no entras a desactivarla, tus fotos pueden ser reutilizadas sin tu consentimiento expl\u00edcito.<\/p>\n<p>Este detalle ha generado cr\u00edticas, ya que coloca la responsabilidad en el usuario de proteger su imagen personal, en lugar de requerir un permiso previo para habilitar la funci\u00f3n.<\/p>\n<p><strong>Implicaciones y contexto<\/strong><\/p>\n<p>Aunque Muse Image no est\u00e1 disponible en la Uni\u00f3n Europea por las regulaciones m\u00e1s estrictas sobre inteligencia artificial, la opci\u00f3n de reutilizaci\u00f3n aparece igualmente en las cuentas de usuarios europeos. Esto significa que, aunque ellos no puedan generar im\u00e1genes, otros usuarios en pa\u00edses donde la funci\u00f3n est\u00e1 activa s\u00ed pueden hacerlo con sus fotos p\u00fablicas.<\/p>\n<p>La situaci\u00f3n abre un debate sobre la propiedad digital y la privacidad en redes sociales. El hecho de que una foto publicada en Instagram pueda convertirse en material para creaciones de IA sin aviso ni control plantea riesgos evidentes: desde usos ofensivos hasta la manipulaci\u00f3n de la identidad personal.<\/p>\n<p>La llegada de Muse Image representa un avance tecnol\u00f3gico importante, pero tambi\u00e9n expone a los usuarios a un nuevo nivel de vulnerabilidad. La posibilidad de que cualquiera use tus fotos p\u00fablicas para generar im\u00e1genes con IA sin tu conocimiento convierte la configuraci\u00f3n de privacidad en una herramienta esencial.<\/p>\n<p>La recomendaci\u00f3n es clara: revisar los ajustes de tu cuenta y decidir si quieres permitir la reutilizaci\u00f3n de tu contenido. En un entorno donde la inteligencia artificial avanza m\u00e1s r\u00e1pido que las regulaciones, el control sobre tu imagen depende de las decisiones que tomes dentro de la propia aplicaci\u00f3n.<\/p>\n<p>&nbsp;<\/p>\n","protected":false},"excerpt":{"rendered":"<p>Meta ha lanzado Muse Image, su modelo de generaci\u00f3n de im\u00e1genes m\u00e1s avanzado, pensado para crear contenido en redes sociales como Instagram. Sin embargo, junto con esta novedad ha llegado un cambio de pol\u00edtica que ha despertado preocupaci\u00f3n: ahora cualquier usuario puede usar fotos p\u00fablicas de otra persona para generar im\u00e1genes con inteligencia artificial, sin [&hellip;]<\/p>\n","protected":false},"author":1,"featured_media":412083,"comment_status":"closed","ping_status":"open","sticky":false,"template":"","format":"standard","meta":{"_acf_changed":false,"footnotes":""},"categories":[46],"tags":[],"class_list":["post-412082","post","type-post","status-publish","format-standard","has-post-thumbnail","category-ciencia-computacion"],"acf":{"antetitulo":""},"yoast_head":"<!-- This site is optimized with the Yoast SEO plugin v28.4 - https:\/\/yoast.com\/product\/yoast-seo-wordpress\/ -->\n<title>Protege tus im\u00e1genes en Instagram - El Diario - Bolivia<\/title>\n<meta name=\"robots\" content=\"index, follow, max-snippet:-1, max-image-preview:large, max-video-preview:-1\" \/>\n<link rel=\"canonical\" href=\"https:\/\/www.eldiario.net\/portal\/2026\/07\/13\/protege-tus-imagenes-en-instagram\/\" \/>\n<meta property=\"og:locale\" content=\"es_ES\" \/>\n<meta property=\"og:type\" content=\"article\" \/>\n<meta property=\"og:title\" content=\"Protege tus im\u00e1genes en Instagram - El Diario - Bolivia\" \/>\n<meta property=\"og:description\" content=\"Meta ha lanzado Muse Image, su modelo de generaci\u00f3n de im\u00e1genes m\u00e1s avanzado, pensado para crear contenido en redes sociales como Instagram. Sin embargo, junto con esta novedad ha llegado un cambio de pol\u00edtica que ha despertado preocupaci\u00f3n: ahora cualquier usuario puede usar fotos p\u00fablicas de otra persona para generar im\u00e1genes con inteligencia artificial, sin [&hellip;]\" \/>\n<meta property=\"og:url\" content=\"https:\/\/www.eldiario.net\/portal\/2026\/07\/13\/protege-tus-imagenes-en-instagram\/\" \/>\n<meta property=\"og:site_name\" content=\"El Diario - Bolivia\" \/>\n<meta property=\"article:publisher\" content=\"https:\/\/www.facebook.com\/eldiario.bolivia\/\" \/>\n<meta property=\"article:published_time\" content=\"2026-07-13T04:31:06+00:00\" \/>\n<meta property=\"og:image\" content=\"https:\/\/www.eldiario.net\/portal\/wp-content\/uploads\/2026\/07\/8-B-1-1.webp\" \/>\n\t<meta property=\"og:image:width\" content=\"863\" \/>\n\t<meta property=\"og:image:height\" content=\"514\" \/>\n\t<meta property=\"og:image:type\" content=\"image\/webp\" \/>\n<meta name=\"author\" content=\"Jeanette\" \/>\n<meta name=\"twitter:card\" content=\"summary_large_image\" \/>\n<meta name=\"twitter:creator\" content=\"@eldiario_net\" \/>\n<meta name=\"twitter:site\" content=\"@eldiario_net\" \/>\n<meta name=\"twitter:label1\" content=\"Escrito por\" \/>\n\t<meta name=\"twitter:data1\" content=\"Jeanette\" \/>\n\t<meta name=\"twitter:label2\" content=\"Tiempo de lectura\" \/>\n\t<meta name=\"twitter:data2\" content=\"4 minutos\" \/>\n<script type=\"application\/ld+json\" class=\"yoast-schema-graph\">{\"@context\":\"https:\\\/\\\/schema.org\",\"@graph\":[{\"@type\":\"Article\",\"@id\":\"https:\\\/\\\/www.eldiario.net\\\/portal\\\/2026\\\/07\\\/13\\\/protege-tus-imagenes-en-instagram\\\/#article\",\"isPartOf\":{\"@id\":\"https:\\\/\\\/www.eldiario.net\\\/portal\\\/2026\\\/07\\\/13\\\/protege-tus-imagenes-en-instagram\\\/\"},\"author\":{\"name\":\"Jeanette\",\"@id\":\"https:\\\/\\\/www.eldiario.net\\\/portal\\\/#\\\/schema\\\/person\\\/2c57cf2b7a7ae032e449e4c9b1019eac\"},\"headline\":\"Protege tus im\u00e1genes en Instagram\",\"datePublished\":\"2026-07-13T04:31:06+00:00\",\"mainEntityOfPage\":{\"@id\":\"https:\\\/\\\/www.eldiario.net\\\/portal\\\/2026\\\/07\\\/13\\\/protege-tus-imagenes-en-instagram\\\/\"},\"wordCount\":681,\"publisher\":{\"@id\":\"https:\\\/\\\/www.eldiario.net\\\/portal\\\/#organization\"},\"image\":{\"@id\":\"https:\\\/\\\/www.eldiario.net\\\/portal\\\/2026\\\/07\\\/13\\\/protege-tus-imagenes-en-instagram\\\/#primaryimage\"},\"thumbnailUrl\":\"https:\\\/\\\/www.eldiario.net\\\/portal\\\/wp-content\\\/uploads\\\/2026\\\/07\\\/8-B-1-1.webp\",\"articleSection\":[\"Ciencia y Computaci\u00f3n\"],\"inLanguage\":\"es\"},{\"@type\":\"WebPage\",\"@id\":\"https:\\\/\\\/www.eldiario.net\\\/portal\\\/2026\\\/07\\\/13\\\/protege-tus-imagenes-en-instagram\\\/\",\"url\":\"https:\\\/\\\/www.eldiario.net\\\/portal\\\/2026\\\/07\\\/13\\\/protege-tus-imagenes-en-instagram\\\/\",\"name\":\"Protege tus im\u00e1genes en Instagram - El Diario - Bolivia\",\"isPartOf\":{\"@id\":\"https:\\\/\\\/www.eldiario.net\\\/portal\\\/#website\"},\"primaryImageOfPage\":{\"@id\":\"https:\\\/\\\/www.eldiario.net\\\/portal\\\/2026\\\/07\\\/13\\\/protege-tus-imagenes-en-instagram\\\/#primaryimage\"},\"image\":{\"@id\":\"https:\\\/\\\/www.eldiario.net\\\/portal\\\/2026\\\/07\\\/13\\\/protege-tus-imagenes-en-instagram\\\/#primaryimage\"},\"thumbnailUrl\":\"https:\\\/\\\/www.eldiario.net\\\/portal\\\/wp-content\\\/uploads\\\/2026\\\/07\\\/8-B-1-1.webp\",\"datePublished\":\"2026-07-13T04:31:06+00:00\",\"breadcrumb\":{\"@id\":\"https:\\\/\\\/www.eldiario.net\\\/portal\\\/2026\\\/07\\\/13\\\/protege-tus-imagenes-en-instagram\\\/#breadcrumb\"},\"inLanguage\":\"es\",\"potentialAction\":[{\"@type\":\"ReadAction\",\"target\":[\"https:\\\/\\\/www.eldiario.net\\\/portal\\\/2026\\\/07\\\/13\\\/protege-tus-imagenes-en-instagram\\\/\"]}]},{\"@type\":\"ImageObject\",\"inLanguage\":\"es\",\"@id\":\"https:\\\/\\\/www.eldiario.net\\\/portal\\\/2026\\\/07\\\/13\\\/protege-tus-imagenes-en-instagram\\\/#primaryimage\",\"url\":\"https:\\\/\\\/www.eldiario.net\\\/portal\\\/wp-content\\\/uploads\\\/2026\\\/07\\\/8-B-1-1.webp\",\"contentUrl\":\"https:\\\/\\\/www.eldiario.net\\\/portal\\\/wp-content\\\/uploads\\\/2026\\\/07\\\/8-B-1-1.webp\",\"width\":863,\"height\":514},{\"@type\":\"BreadcrumbList\",\"@id\":\"https:\\\/\\\/www.eldiario.net\\\/portal\\\/2026\\\/07\\\/13\\\/protege-tus-imagenes-en-instagram\\\/#breadcrumb\",\"itemListElement\":[{\"@type\":\"ListItem\",\"position\":1,\"name\":\"Portada\",\"item\":\"https:\\\/\\\/www.eldiario.net\\\/portal\\\/\"},{\"@type\":\"ListItem\",\"position\":2,\"name\":\"Protege tus im\u00e1genes en Instagram\"}]},{\"@type\":\"WebSite\",\"@id\":\"https:\\\/\\\/www.eldiario.net\\\/portal\\\/#website\",\"url\":\"https:\\\/\\\/www.eldiario.net\\\/portal\\\/\",\"name\":\"El Diario - Decano de la prensa nacional\",\"description\":\"El Diario - Decano de la prensa nacional\",\"publisher\":{\"@id\":\"https:\\\/\\\/www.eldiario.net\\\/portal\\\/#organization\"},\"potentialAction\":[{\"@type\":\"SearchAction\",\"target\":{\"@type\":\"EntryPoint\",\"urlTemplate\":\"https:\\\/\\\/www.eldiario.net\\\/portal\\\/?s={search_term_string}\"},\"query-input\":{\"@type\":\"PropertyValueSpecification\",\"valueRequired\":true,\"valueName\":\"search_term_string\"}}],\"inLanguage\":\"es\"},{\"@type\":\"Organization\",\"@id\":\"https:\\\/\\\/www.eldiario.net\\\/portal\\\/#organization\",\"name\":\"El Diario - Decano de la prensa nacional\",\"url\":\"https:\\\/\\\/www.eldiario.net\\\/portal\\\/\",\"logo\":{\"@type\":\"ImageObject\",\"inLanguage\":\"es\",\"@id\":\"https:\\\/\\\/www.eldiario.net\\\/portal\\\/#\\\/schema\\\/logo\\\/image\\\/\",\"url\":\"https:\\\/\\\/www.eldiario.net\\\/portal\\\/wp-content\\\/uploads\\\/2023\\\/07\\\/logo_ED.jpg\",\"contentUrl\":\"https:\\\/\\\/www.eldiario.net\\\/portal\\\/wp-content\\\/uploads\\\/2023\\\/07\\\/logo_ED.jpg\",\"width\":272,\"height\":52,\"caption\":\"El Diario - Decano de la prensa nacional\"},\"image\":{\"@id\":\"https:\\\/\\\/www.eldiario.net\\\/portal\\\/#\\\/schema\\\/logo\\\/image\\\/\"},\"sameAs\":[\"https:\\\/\\\/www.facebook.com\\\/eldiario.bolivia\\\/\",\"https:\\\/\\\/x.com\\\/eldiario_net\"]},{\"@type\":\"Person\",\"@id\":\"https:\\\/\\\/www.eldiario.net\\\/portal\\\/#\\\/schema\\\/person\\\/2c57cf2b7a7ae032e449e4c9b1019eac\",\"name\":\"Jeanette\",\"image\":{\"@type\":\"ImageObject\",\"inLanguage\":\"es\",\"@id\":\"https:\\\/\\\/secure.gravatar.com\\\/avatar\\\/3ea2118a5f7dad2b7138b1187a6b7ee55f160b9968b66013c3a3ef39dd7e5798?s=96&d=mm&r=g\",\"url\":\"https:\\\/\\\/secure.gravatar.com\\\/avatar\\\/3ea2118a5f7dad2b7138b1187a6b7ee55f160b9968b66013c3a3ef39dd7e5798?s=96&d=mm&r=g\",\"contentUrl\":\"https:\\\/\\\/secure.gravatar.com\\\/avatar\\\/3ea2118a5f7dad2b7138b1187a6b7ee55f160b9968b66013c3a3ef39dd7e5798?s=96&d=mm&r=g\",\"caption\":\"Jeanette\"},\"sameAs\":[\"https:\\\/\\\/www.eldiario.net\\\/portal\"],\"url\":\"https:\\\/\\\/www.eldiario.net\\\/portal\\\/author\\\/jeanette\\\/\"}]}<\/script>\n<!-- \/ Yoast SEO plugin. -->","yoast_head_json":{"title":"Protege tus im\u00e1genes en Instagram - El Diario - Bolivia","robots":{"index":"index","follow":"follow","max-snippet":"max-snippet:-1","max-image-preview":"max-image-preview:large","max-video-preview":"max-video-preview:-1"},"canonical":"https:\/\/www.eldiario.net\/portal\/2026\/07\/13\/protege-tus-imagenes-en-instagram\/","og_locale":"es_ES","og_type":"article","og_title":"Protege tus im\u00e1genes en Instagram - El Diario - Bolivia","og_description":"Meta ha lanzado Muse Image, su modelo de generaci\u00f3n de im\u00e1genes m\u00e1s avanzado, pensado para crear contenido en redes sociales como Instagram. Sin embargo, junto con esta novedad ha llegado un cambio de pol\u00edtica que ha despertado preocupaci\u00f3n: ahora cualquier usuario puede usar fotos p\u00fablicas de otra persona para generar im\u00e1genes con inteligencia artificial, sin [&hellip;]","og_url":"https:\/\/www.eldiario.net\/portal\/2026\/07\/13\/protege-tus-imagenes-en-instagram\/","og_site_name":"El Diario - Bolivia","article_publisher":"https:\/\/www.facebook.com\/eldiario.bolivia\/","article_published_time":"2026-07-13T04:31:06+00:00","og_image":[{"width":863,"height":514,"url":"https:\/\/www.eldiario.net\/portal\/wp-content\/uploads\/2026\/07\/8-B-1-1.webp","type":"image\/webp"}],"author":"Jeanette","twitter_card":"summary_large_image","twitter_creator":"@eldiario_net","twitter_site":"@eldiario_net","twitter_misc":{"Escrito por":"Jeanette","Tiempo de lectura":"4 minutos"},"schema":{"@context":"https:\/\/schema.org","@graph":[{"@type":"Article","@id":"https:\/\/www.eldiario.net\/portal\/2026\/07\/13\/protege-tus-imagenes-en-instagram\/#article","isPartOf":{"@id":"https:\/\/www.eldiario.net\/portal\/2026\/07\/13\/protege-tus-imagenes-en-instagram\/"},"author":{"name":"Jeanette","@id":"https:\/\/www.eldiario.net\/portal\/#\/schema\/person\/2c57cf2b7a7ae032e449e4c9b1019eac"},"headline":"Protege tus im\u00e1genes en Instagram","datePublished":"2026-07-13T04:31:06+00:00","mainEntityOfPage":{"@id":"https:\/\/www.eldiario.net\/portal\/2026\/07\/13\/protege-tus-imagenes-en-instagram\/"},"wordCount":681,"publisher":{"@id":"https:\/\/www.eldiario.net\/portal\/#organization"},"image":{"@id":"https:\/\/www.eldiario.net\/portal\/2026\/07\/13\/protege-tus-imagenes-en-instagram\/#primaryimage"},"thumbnailUrl":"https:\/\/www.eldiario.net\/portal\/wp-content\/uploads\/2026\/07\/8-B-1-1.webp","articleSection":["Ciencia y Computaci\u00f3n"],"inLanguage":"es"},{"@type":"WebPage","@id":"https:\/\/www.eldiario.net\/portal\/2026\/07\/13\/protege-tus-imagenes-en-instagram\/","url":"https:\/\/www.eldiario.net\/portal\/2026\/07\/13\/protege-tus-imagenes-en-instagram\/","name":"Protege tus im\u00e1genes en Instagram - El Diario - Bolivia","isPartOf":{"@id":"https:\/\/www.eldiario.net\/portal\/#website"},"primaryImageOfPage":{"@id":"https:\/\/www.eldiario.net\/portal\/2026\/07\/13\/protege-tus-imagenes-en-instagram\/#primaryimage"},"image":{"@id":"https:\/\/www.eldiario.net\/portal\/2026\/07\/13\/protege-tus-imagenes-en-instagram\/#primaryimage"},"thumbnailUrl":"https:\/\/www.eldiario.net\/portal\/wp-content\/uploads\/2026\/07\/8-B-1-1.webp","datePublished":"2026-07-13T04:31:06+00:00","breadcrumb":{"@id":"https:\/\/www.eldiario.net\/portal\/2026\/07\/13\/protege-tus-imagenes-en-instagram\/#breadcrumb"},"inLanguage":"es","potentialAction":[{"@type":"ReadAction","target":["https:\/\/www.eldiario.net\/portal\/2026\/07\/13\/protege-tus-imagenes-en-instagram\/"]}]},{"@type":"ImageObject","inLanguage":"es","@id":"https:\/\/www.eldiario.net\/portal\/2026\/07\/13\/protege-tus-imagenes-en-instagram\/#primaryimage","url":"https:\/\/www.eldiario.net\/portal\/wp-content\/uploads\/2026\/07\/8-B-1-1.webp","contentUrl":"https:\/\/www.eldiario.net\/portal\/wp-content\/uploads\/2026\/07\/8-B-1-1.webp","width":863,"height":514},{"@type":"BreadcrumbList","@id":"https:\/\/www.eldiario.net\/portal\/2026\/07\/13\/protege-tus-imagenes-en-instagram\/#breadcrumb","itemListElement":[{"@type":"ListItem","position":1,"name":"Portada","item":"https:\/\/www.eldiario.net\/portal\/"},{"@type":"ListItem","position":2,"name":"Protege tus im\u00e1genes en Instagram"}]},{"@type":"WebSite","@id":"https:\/\/www.eldiario.net\/portal\/#website","url":"https:\/\/www.eldiario.net\/portal\/","name":"El Diario - Decano de la prensa nacional","description":"El Diario - Decano de la prensa nacional","publisher":{"@id":"https:\/\/www.eldiario.net\/portal\/#organization"},"potentialAction":[{"@type":"SearchAction","target":{"@type":"EntryPoint","urlTemplate":"https:\/\/www.eldiario.net\/portal\/?s={search_term_string}"},"query-input":{"@type":"PropertyValueSpecification","valueRequired":true,"valueName":"search_term_string"}}],"inLanguage":"es"},{"@type":"Organization","@id":"https:\/\/www.eldiario.net\/portal\/#organization","name":"El Diario - Decano de la prensa nacional","url":"https:\/\/www.eldiario.net\/portal\/","logo":{"@type":"ImageObject","inLanguage":"es","@id":"https:\/\/www.eldiario.net\/portal\/#\/schema\/logo\/image\/","url":"https:\/\/www.eldiario.net\/portal\/wp-content\/uploads\/2023\/07\/logo_ED.jpg","contentUrl":"https:\/\/www.eldiario.net\/portal\/wp-content\/uploads\/2023\/07\/logo_ED.jpg","width":272,"height":52,"caption":"El Diario - Decano de la prensa nacional"},"image":{"@id":"https:\/\/www.eldiario.net\/portal\/#\/schema\/logo\/image\/"},"sameAs":["https:\/\/www.facebook.com\/eldiario.bolivia\/","https:\/\/x.com\/eldiario_net"]},{"@type":"Person","@id":"https:\/\/www.eldiario.net\/portal\/#\/schema\/person\/2c57cf2b7a7ae032e449e4c9b1019eac","name":"Jeanette","image":{"@type":"ImageObject","inLanguage":"es","@id":"https:\/\/secure.gravatar.com\/avatar\/3ea2118a5f7dad2b7138b1187a6b7ee55f160b9968b66013c3a3ef39dd7e5798?s=96&d=mm&r=g","url":"https:\/\/secure.gravatar.com\/avatar\/3ea2118a5f7dad2b7138b1187a6b7ee55f160b9968b66013c3a3ef39dd7e5798?s=96&d=mm&r=g","contentUrl":"https:\/\/secure.gravatar.com\/avatar\/3ea2118a5f7dad2b7138b1187a6b7ee55f160b9968b66013c3a3ef39dd7e5798?s=96&d=mm&r=g","caption":"Jeanette"},"sameAs":["https:\/\/www.eldiario.net\/portal"],"url":"https:\/\/www.eldiario.net\/portal\/author\/jeanette\/"}]}},"_links":{"self":[{"href":"https:\/\/www.eldiario.net\/portal\/wp-json\/wp\/v2\/posts\/412082","targetHints":{"allow":["GET"]}}],"collection":[{"href":"https:\/\/www.eldiario.net\/portal\/wp-json\/wp\/v2\/posts"}],"about":[{"href":"https:\/\/www.eldiario.net\/portal\/wp-json\/wp\/v2\/types\/post"}],"author":[{"embeddable":true,"href":"https:\/\/www.eldiario.net\/portal\/wp-json\/wp\/v2\/users\/1"}],"replies":[{"embeddable":true,"href":"https:\/\/www.eldiario.net\/portal\/wp-json\/wp\/v2\/comments?post=412082"}],"version-history":[{"count":1,"href":"https:\/\/www.eldiario.net\/portal\/wp-json\/wp\/v2\/posts\/412082\/revisions"}],"predecessor-version":[{"id":412084,"href":"https:\/\/www.eldiario.net\/portal\/wp-json\/wp\/v2\/posts\/412082\/revisions\/412084"}],"wp:featuredmedia":[{"embeddable":true,"href":"https:\/\/www.eldiario.net\/portal\/wp-json\/wp\/v2\/media\/412083"}],"wp:attachment":[{"href":"https:\/\/www.eldiario.net\/portal\/wp-json\/wp\/v2\/media?parent=412082"}],"wp:term":[{"taxonomy":"category","embeddable":true,"href":"https:\/\/www.eldiario.net\/portal\/wp-json\/wp\/v2\/categories?post=412082"},{"taxonomy":"post_tag","embeddable":true,"href":"https:\/\/www.eldiario.net\/portal\/wp-json\/wp\/v2\/tags?post=412082"}],"curies":[{"name":"wp","href":"https:\/\/api.w.org\/{rel}","templated":true}]}}