{"id":412076,"date":"2026-07-13T00:38:06","date_gmt":"2026-07-13T04:38:06","guid":{"rendered":"https:\/\/www.eldiario.net\/portal\/?p=412076"},"modified":"2026-07-12T22:29:47","modified_gmt":"2026-07-13T02:29:47","slug":"whatsapp-se-consolida-como-canal-de-ventas","status":"publish","type":"post","link":"https:\/\/www.eldiario.net\/portal\/2026\/07\/13\/whatsapp-se-consolida-como-canal-de-ventas\/","title":{"rendered":"WhatsApp se consolida como canal de ventas"},"content":{"rendered":"<p>Los procesos comerciales evolucionan r\u00e1pidamente y las empresas necesitan responder con mayor agilidad, personalizar cada contacto y reducir los tiempos entre una consulta y una oportunidad concreta. En este contexto, <strong>WhatsApp se consolida como un canal global de captaci\u00f3n, ventas y relaci\u00f3n con clientes<\/strong>.<\/p>\n<p><strong>Un competidor del email<\/strong><\/p>\n<p>Un informe reciente revela que el 68% de los profesionales de ventas utiliza WhatsApp para generar oportunidades de negocio, una cifra muy cercana al 70% que obtiene el correo electr\u00f3nico. La diferencia frente a LinkedIn es notable: solo el 13% de los encuestados lo considera un canal eficaz para captar clientes.<\/p>\n<p>Esto no significa que LinkedIn pierda relevancia, ya que sigue siendo clave para el networking y la construcci\u00f3n de marca. Sin embargo, cuando se trata de iniciar una conversaci\u00f3n comercial r\u00e1pida, WhatsApp ofrece cercan\u00eda y velocidad en un entorno que los clientes ya usan a diario.<\/p>\n<p><strong>Menos fricci\u00f3n, m\u00e1s oportunidades<\/strong><\/p>\n<p>El auge de los canales conversacionales responde a un problema concreto: los equipos de ventas dedican demasiado tiempo a tareas administrativas y a buscar informaci\u00f3n dispersa. Seis de cada diez profesionales invierten m\u00e1s de cinco horas semanales en estas tareas, y el 67% reconoce haber perdido oportunidades por datos incompletos o desactualizados.<\/p>\n<p>WhatsApp ayuda a reducir esa fricci\u00f3n, acelerando respuestas y ordenando seguimientos. No obstante, para que funcione de manera efectiva debe integrarse en una estrategia comercial clara, evitando que se convierta en un canal improvisado.<\/p>\n<p><strong>Marketing y ventas en el mismo espacio<\/strong><\/p>\n<p>El impacto de WhatsApp no se limita a las ventas. El 40% de los profesionales de marketing lo considera una herramienta eficaz para alcanzar objetivos. Esto abre posibilidades en todas las etapas del recorrido del cliente: captaci\u00f3n, seguimiento, atenci\u00f3n, fidelizaci\u00f3n y recuperaci\u00f3n de consultas.<\/p>\n<p>La clave est\u00e1 en usarlo con criterio. Un mensaje oportuno puede acercar a la marca, mientras que un exceso de env\u00edos puede generar rechazo. Por ello, la personalizaci\u00f3n, el consentimiento y la relevancia del contenido son fundamentales.<\/p>\n<p><strong>El desaf\u00edo de los datos<\/strong><\/p>\n<p>La coordinaci\u00f3n interna es otro punto cr\u00edtico. El 65% de las organizaciones reconoce p\u00e9rdidas de resultados por problemas en el intercambio de informaci\u00f3n entre equipos. Integrar WhatsApp con CRM, automatizaciones y bases de datos actualizadas permite registrar cada conversaci\u00f3n, medir su impacto y convertirla en informaci\u00f3n \u00fatil para futuras acciones.<\/p>\n<p>WhatsApp no reemplaza al email ni a LinkedIn, pero los complementa. Su crecimiento confirma una tendencia global: los clientes esperan comunicarse con las empresas de forma m\u00e1s simple, r\u00e1pida y cercana. Las marcas que logren integrar este canal de manera estrat\u00e9gica, sin invadir, tendr\u00e1n m\u00e1s posibilidades de transformar conversaciones en oportunidades reales de negocio.<\/p>\n","protected":false},"excerpt":{"rendered":"<p>Los procesos comerciales evolucionan r\u00e1pidamente y las empresas necesitan responder con mayor agilidad, personalizar cada contacto y reducir los tiempos entre una consulta y una oportunidad concreta. En este contexto, WhatsApp se consolida como un canal global de captaci\u00f3n, ventas y relaci\u00f3n con clientes. Un competidor del email Un informe reciente revela que el 68% [&hellip;]<\/p>\n","protected":false},"author":1,"featured_media":412077,"comment_status":"closed","ping_status":"open","sticky":false,"template":"","format":"standard","meta":{"_acf_changed":false,"footnotes":""},"categories":[46],"tags":[],"class_list":["post-412076","post","type-post","status-publish","format-standard","has-post-thumbnail","category-ciencia-computacion"],"acf":{"antetitulo":""},"yoast_head":"<!-- This site is optimized with the Yoast SEO plugin v28.4 - https:\/\/yoast.com\/product\/yoast-seo-wordpress\/ -->\n<title>WhatsApp se consolida como canal de ventas - El Diario - Bolivia<\/title>\n<meta name=\"robots\" content=\"index, follow, max-snippet:-1, max-image-preview:large, max-video-preview:-1\" \/>\n<link rel=\"canonical\" href=\"https:\/\/www.eldiario.net\/portal\/2026\/07\/13\/whatsapp-se-consolida-como-canal-de-ventas\/\" \/>\n<meta property=\"og:locale\" content=\"es_ES\" \/>\n<meta property=\"og:type\" content=\"article\" \/>\n<meta property=\"og:title\" content=\"WhatsApp se consolida como canal de ventas - El Diario - Bolivia\" \/>\n<meta property=\"og:description\" content=\"Los procesos comerciales evolucionan r\u00e1pidamente y las empresas necesitan responder con mayor agilidad, personalizar cada contacto y reducir los tiempos entre una consulta y una oportunidad concreta. En este contexto, WhatsApp se consolida como un canal global de captaci\u00f3n, ventas y relaci\u00f3n con clientes. Un competidor del email Un informe reciente revela que el 68% [&hellip;]\" \/>\n<meta property=\"og:url\" content=\"https:\/\/www.eldiario.net\/portal\/2026\/07\/13\/whatsapp-se-consolida-como-canal-de-ventas\/\" \/>\n<meta property=\"og:site_name\" content=\"El Diario - Bolivia\" \/>\n<meta property=\"article:publisher\" content=\"https:\/\/www.facebook.com\/eldiario.bolivia\/\" \/>\n<meta property=\"article:published_time\" content=\"2026-07-13T04:38:06+00:00\" \/>\n<meta property=\"og:image\" content=\"https:\/\/www.eldiario.net\/portal\/wp-content\/uploads\/2026\/07\/4-A-1-1.webp\" \/>\n\t<meta property=\"og:image:width\" content=\"918\" \/>\n\t<meta property=\"og:image:height\" content=\"509\" \/>\n\t<meta property=\"og:image:type\" content=\"image\/webp\" \/>\n<meta name=\"author\" content=\"Jeanette\" \/>\n<meta name=\"twitter:card\" content=\"summary_large_image\" \/>\n<meta name=\"twitter:creator\" content=\"@eldiario_net\" \/>\n<meta name=\"twitter:site\" content=\"@eldiario_net\" \/>\n<meta name=\"twitter:label1\" content=\"Escrito por\" \/>\n\t<meta name=\"twitter:data1\" content=\"Jeanette\" \/>\n\t<meta name=\"twitter:label2\" content=\"Tiempo de lectura\" \/>\n\t<meta name=\"twitter:data2\" content=\"3 minutos\" \/>\n<script type=\"application\/ld+json\" class=\"yoast-schema-graph\">{\"@context\":\"https:\\\/\\\/schema.org\",\"@graph\":[{\"@type\":\"Article\",\"@id\":\"https:\\\/\\\/www.eldiario.net\\\/portal\\\/2026\\\/07\\\/13\\\/whatsapp-se-consolida-como-canal-de-ventas\\\/#article\",\"isPartOf\":{\"@id\":\"https:\\\/\\\/www.eldiario.net\\\/portal\\\/2026\\\/07\\\/13\\\/whatsapp-se-consolida-como-canal-de-ventas\\\/\"},\"author\":{\"name\":\"Jeanette\",\"@id\":\"https:\\\/\\\/www.eldiario.net\\\/portal\\\/#\\\/schema\\\/person\\\/2c57cf2b7a7ae032e449e4c9b1019eac\"},\"headline\":\"WhatsApp se consolida como canal de ventas\",\"datePublished\":\"2026-07-13T04:38:06+00:00\",\"mainEntityOfPage\":{\"@id\":\"https:\\\/\\\/www.eldiario.net\\\/portal\\\/2026\\\/07\\\/13\\\/whatsapp-se-consolida-como-canal-de-ventas\\\/\"},\"wordCount\":464,\"publisher\":{\"@id\":\"https:\\\/\\\/www.eldiario.net\\\/portal\\\/#organization\"},\"image\":{\"@id\":\"https:\\\/\\\/www.eldiario.net\\\/portal\\\/2026\\\/07\\\/13\\\/whatsapp-se-consolida-como-canal-de-ventas\\\/#primaryimage\"},\"thumbnailUrl\":\"https:\\\/\\\/www.eldiario.net\\\/portal\\\/wp-content\\\/uploads\\\/2026\\\/07\\\/4-A-1-1.webp\",\"articleSection\":[\"Ciencia y Computaci\u00f3n\"],\"inLanguage\":\"es\"},{\"@type\":\"WebPage\",\"@id\":\"https:\\\/\\\/www.eldiario.net\\\/portal\\\/2026\\\/07\\\/13\\\/whatsapp-se-consolida-como-canal-de-ventas\\\/\",\"url\":\"https:\\\/\\\/www.eldiario.net\\\/portal\\\/2026\\\/07\\\/13\\\/whatsapp-se-consolida-como-canal-de-ventas\\\/\",\"name\":\"WhatsApp se consolida como canal de ventas - El Diario - Bolivia\",\"isPartOf\":{\"@id\":\"https:\\\/\\\/www.eldiario.net\\\/portal\\\/#website\"},\"primaryImageOfPage\":{\"@id\":\"https:\\\/\\\/www.eldiario.net\\\/portal\\\/2026\\\/07\\\/13\\\/whatsapp-se-consolida-como-canal-de-ventas\\\/#primaryimage\"},\"image\":{\"@id\":\"https:\\\/\\\/www.eldiario.net\\\/portal\\\/2026\\\/07\\\/13\\\/whatsapp-se-consolida-como-canal-de-ventas\\\/#primaryimage\"},\"thumbnailUrl\":\"https:\\\/\\\/www.eldiario.net\\\/portal\\\/wp-content\\\/uploads\\\/2026\\\/07\\\/4-A-1-1.webp\",\"datePublished\":\"2026-07-13T04:38:06+00:00\",\"breadcrumb\":{\"@id\":\"https:\\\/\\\/www.eldiario.net\\\/portal\\\/2026\\\/07\\\/13\\\/whatsapp-se-consolida-como-canal-de-ventas\\\/#breadcrumb\"},\"inLanguage\":\"es\",\"potentialAction\":[{\"@type\":\"ReadAction\",\"target\":[\"https:\\\/\\\/www.eldiario.net\\\/portal\\\/2026\\\/07\\\/13\\\/whatsapp-se-consolida-como-canal-de-ventas\\\/\"]}]},{\"@type\":\"ImageObject\",\"inLanguage\":\"es\",\"@id\":\"https:\\\/\\\/www.eldiario.net\\\/portal\\\/2026\\\/07\\\/13\\\/whatsapp-se-consolida-como-canal-de-ventas\\\/#primaryimage\",\"url\":\"https:\\\/\\\/www.eldiario.net\\\/portal\\\/wp-content\\\/uploads\\\/2026\\\/07\\\/4-A-1-1.webp\",\"contentUrl\":\"https:\\\/\\\/www.eldiario.net\\\/portal\\\/wp-content\\\/uploads\\\/2026\\\/07\\\/4-A-1-1.webp\",\"width\":918,\"height\":509},{\"@type\":\"BreadcrumbList\",\"@id\":\"https:\\\/\\\/www.eldiario.net\\\/portal\\\/2026\\\/07\\\/13\\\/whatsapp-se-consolida-como-canal-de-ventas\\\/#breadcrumb\",\"itemListElement\":[{\"@type\":\"ListItem\",\"position\":1,\"name\":\"Portada\",\"item\":\"https:\\\/\\\/www.eldiario.net\\\/portal\\\/\"},{\"@type\":\"ListItem\",\"position\":2,\"name\":\"WhatsApp se consolida como canal de ventas\"}]},{\"@type\":\"WebSite\",\"@id\":\"https:\\\/\\\/www.eldiario.net\\\/portal\\\/#website\",\"url\":\"https:\\\/\\\/www.eldiario.net\\\/portal\\\/\",\"name\":\"El Diario - Decano de la prensa nacional\",\"description\":\"El Diario - Decano de la prensa nacional\",\"publisher\":{\"@id\":\"https:\\\/\\\/www.eldiario.net\\\/portal\\\/#organization\"},\"potentialAction\":[{\"@type\":\"SearchAction\",\"target\":{\"@type\":\"EntryPoint\",\"urlTemplate\":\"https:\\\/\\\/www.eldiario.net\\\/portal\\\/?s={search_term_string}\"},\"query-input\":{\"@type\":\"PropertyValueSpecification\",\"valueRequired\":true,\"valueName\":\"search_term_string\"}}],\"inLanguage\":\"es\"},{\"@type\":\"Organization\",\"@id\":\"https:\\\/\\\/www.eldiario.net\\\/portal\\\/#organization\",\"name\":\"El Diario - Decano de la prensa nacional\",\"url\":\"https:\\\/\\\/www.eldiario.net\\\/portal\\\/\",\"logo\":{\"@type\":\"ImageObject\",\"inLanguage\":\"es\",\"@id\":\"https:\\\/\\\/www.eldiario.net\\\/portal\\\/#\\\/schema\\\/logo\\\/image\\\/\",\"url\":\"https:\\\/\\\/www.eldiario.net\\\/portal\\\/wp-content\\\/uploads\\\/2023\\\/07\\\/logo_ED.jpg\",\"contentUrl\":\"https:\\\/\\\/www.eldiario.net\\\/portal\\\/wp-content\\\/uploads\\\/2023\\\/07\\\/logo_ED.jpg\",\"width\":272,\"height\":52,\"caption\":\"El Diario - Decano de la prensa nacional\"},\"image\":{\"@id\":\"https:\\\/\\\/www.eldiario.net\\\/portal\\\/#\\\/schema\\\/logo\\\/image\\\/\"},\"sameAs\":[\"https:\\\/\\\/www.facebook.com\\\/eldiario.bolivia\\\/\",\"https:\\\/\\\/x.com\\\/eldiario_net\"]},{\"@type\":\"Person\",\"@id\":\"https:\\\/\\\/www.eldiario.net\\\/portal\\\/#\\\/schema\\\/person\\\/2c57cf2b7a7ae032e449e4c9b1019eac\",\"name\":\"Jeanette\",\"image\":{\"@type\":\"ImageObject\",\"inLanguage\":\"es\",\"@id\":\"https:\\\/\\\/secure.gravatar.com\\\/avatar\\\/3ea2118a5f7dad2b7138b1187a6b7ee55f160b9968b66013c3a3ef39dd7e5798?s=96&d=mm&r=g\",\"url\":\"https:\\\/\\\/secure.gravatar.com\\\/avatar\\\/3ea2118a5f7dad2b7138b1187a6b7ee55f160b9968b66013c3a3ef39dd7e5798?s=96&d=mm&r=g\",\"contentUrl\":\"https:\\\/\\\/secure.gravatar.com\\\/avatar\\\/3ea2118a5f7dad2b7138b1187a6b7ee55f160b9968b66013c3a3ef39dd7e5798?s=96&d=mm&r=g\",\"caption\":\"Jeanette\"},\"sameAs\":[\"https:\\\/\\\/www.eldiario.net\\\/portal\"],\"url\":\"https:\\\/\\\/www.eldiario.net\\\/portal\\\/author\\\/jeanette\\\/\"}]}<\/script>\n<!-- \/ Yoast SEO plugin. -->","yoast_head_json":{"title":"WhatsApp se consolida como canal de ventas - El Diario - Bolivia","robots":{"index":"index","follow":"follow","max-snippet":"max-snippet:-1","max-image-preview":"max-image-preview:large","max-video-preview":"max-video-preview:-1"},"canonical":"https:\/\/www.eldiario.net\/portal\/2026\/07\/13\/whatsapp-se-consolida-como-canal-de-ventas\/","og_locale":"es_ES","og_type":"article","og_title":"WhatsApp se consolida como canal de ventas - El Diario - Bolivia","og_description":"Los procesos comerciales evolucionan r\u00e1pidamente y las empresas necesitan responder con mayor agilidad, personalizar cada contacto y reducir los tiempos entre una consulta y una oportunidad concreta. En este contexto, WhatsApp se consolida como un canal global de captaci\u00f3n, ventas y relaci\u00f3n con clientes. Un competidor del email Un informe reciente revela que el 68% [&hellip;]","og_url":"https:\/\/www.eldiario.net\/portal\/2026\/07\/13\/whatsapp-se-consolida-como-canal-de-ventas\/","og_site_name":"El Diario - Bolivia","article_publisher":"https:\/\/www.facebook.com\/eldiario.bolivia\/","article_published_time":"2026-07-13T04:38:06+00:00","og_image":[{"width":918,"height":509,"url":"https:\/\/www.eldiario.net\/portal\/wp-content\/uploads\/2026\/07\/4-A-1-1.webp","type":"image\/webp"}],"author":"Jeanette","twitter_card":"summary_large_image","twitter_creator":"@eldiario_net","twitter_site":"@eldiario_net","twitter_misc":{"Escrito por":"Jeanette","Tiempo de lectura":"3 minutos"},"schema":{"@context":"https:\/\/schema.org","@graph":[{"@type":"Article","@id":"https:\/\/www.eldiario.net\/portal\/2026\/07\/13\/whatsapp-se-consolida-como-canal-de-ventas\/#article","isPartOf":{"@id":"https:\/\/www.eldiario.net\/portal\/2026\/07\/13\/whatsapp-se-consolida-como-canal-de-ventas\/"},"author":{"name":"Jeanette","@id":"https:\/\/www.eldiario.net\/portal\/#\/schema\/person\/2c57cf2b7a7ae032e449e4c9b1019eac"},"headline":"WhatsApp se consolida como canal de ventas","datePublished":"2026-07-13T04:38:06+00:00","mainEntityOfPage":{"@id":"https:\/\/www.eldiario.net\/portal\/2026\/07\/13\/whatsapp-se-consolida-como-canal-de-ventas\/"},"wordCount":464,"publisher":{"@id":"https:\/\/www.eldiario.net\/portal\/#organization"},"image":{"@id":"https:\/\/www.eldiario.net\/portal\/2026\/07\/13\/whatsapp-se-consolida-como-canal-de-ventas\/#primaryimage"},"thumbnailUrl":"https:\/\/www.eldiario.net\/portal\/wp-content\/uploads\/2026\/07\/4-A-1-1.webp","articleSection":["Ciencia y Computaci\u00f3n"],"inLanguage":"es"},{"@type":"WebPage","@id":"https:\/\/www.eldiario.net\/portal\/2026\/07\/13\/whatsapp-se-consolida-como-canal-de-ventas\/","url":"https:\/\/www.eldiario.net\/portal\/2026\/07\/13\/whatsapp-se-consolida-como-canal-de-ventas\/","name":"WhatsApp se consolida como canal de ventas - El Diario - Bolivia","isPartOf":{"@id":"https:\/\/www.eldiario.net\/portal\/#website"},"primaryImageOfPage":{"@id":"https:\/\/www.eldiario.net\/portal\/2026\/07\/13\/whatsapp-se-consolida-como-canal-de-ventas\/#primaryimage"},"image":{"@id":"https:\/\/www.eldiario.net\/portal\/2026\/07\/13\/whatsapp-se-consolida-como-canal-de-ventas\/#primaryimage"},"thumbnailUrl":"https:\/\/www.eldiario.net\/portal\/wp-content\/uploads\/2026\/07\/4-A-1-1.webp","datePublished":"2026-07-13T04:38:06+00:00","breadcrumb":{"@id":"https:\/\/www.eldiario.net\/portal\/2026\/07\/13\/whatsapp-se-consolida-como-canal-de-ventas\/#breadcrumb"},"inLanguage":"es","potentialAction":[{"@type":"ReadAction","target":["https:\/\/www.eldiario.net\/portal\/2026\/07\/13\/whatsapp-se-consolida-como-canal-de-ventas\/"]}]},{"@type":"ImageObject","inLanguage":"es","@id":"https:\/\/www.eldiario.net\/portal\/2026\/07\/13\/whatsapp-se-consolida-como-canal-de-ventas\/#primaryimage","url":"https:\/\/www.eldiario.net\/portal\/wp-content\/uploads\/2026\/07\/4-A-1-1.webp","contentUrl":"https:\/\/www.eldiario.net\/portal\/wp-content\/uploads\/2026\/07\/4-A-1-1.webp","width":918,"height":509},{"@type":"BreadcrumbList","@id":"https:\/\/www.eldiario.net\/portal\/2026\/07\/13\/whatsapp-se-consolida-como-canal-de-ventas\/#breadcrumb","itemListElement":[{"@type":"ListItem","position":1,"name":"Portada","item":"https:\/\/www.eldiario.net\/portal\/"},{"@type":"ListItem","position":2,"name":"WhatsApp se consolida como canal de ventas"}]},{"@type":"WebSite","@id":"https:\/\/www.eldiario.net\/portal\/#website","url":"https:\/\/www.eldiario.net\/portal\/","name":"El Diario - Decano de la prensa nacional","description":"El Diario - Decano de la prensa nacional","publisher":{"@id":"https:\/\/www.eldiario.net\/portal\/#organization"},"potentialAction":[{"@type":"SearchAction","target":{"@type":"EntryPoint","urlTemplate":"https:\/\/www.eldiario.net\/portal\/?s={search_term_string}"},"query-input":{"@type":"PropertyValueSpecification","valueRequired":true,"valueName":"search_term_string"}}],"inLanguage":"es"},{"@type":"Organization","@id":"https:\/\/www.eldiario.net\/portal\/#organization","name":"El Diario - Decano de la prensa nacional","url":"https:\/\/www.eldiario.net\/portal\/","logo":{"@type":"ImageObject","inLanguage":"es","@id":"https:\/\/www.eldiario.net\/portal\/#\/schema\/logo\/image\/","url":"https:\/\/www.eldiario.net\/portal\/wp-content\/uploads\/2023\/07\/logo_ED.jpg","contentUrl":"https:\/\/www.eldiario.net\/portal\/wp-content\/uploads\/2023\/07\/logo_ED.jpg","width":272,"height":52,"caption":"El Diario - Decano de la prensa nacional"},"image":{"@id":"https:\/\/www.eldiario.net\/portal\/#\/schema\/logo\/image\/"},"sameAs":["https:\/\/www.facebook.com\/eldiario.bolivia\/","https:\/\/x.com\/eldiario_net"]},{"@type":"Person","@id":"https:\/\/www.eldiario.net\/portal\/#\/schema\/person\/2c57cf2b7a7ae032e449e4c9b1019eac","name":"Jeanette","image":{"@type":"ImageObject","inLanguage":"es","@id":"https:\/\/secure.gravatar.com\/avatar\/3ea2118a5f7dad2b7138b1187a6b7ee55f160b9968b66013c3a3ef39dd7e5798?s=96&d=mm&r=g","url":"https:\/\/secure.gravatar.com\/avatar\/3ea2118a5f7dad2b7138b1187a6b7ee55f160b9968b66013c3a3ef39dd7e5798?s=96&d=mm&r=g","contentUrl":"https:\/\/secure.gravatar.com\/avatar\/3ea2118a5f7dad2b7138b1187a6b7ee55f160b9968b66013c3a3ef39dd7e5798?s=96&d=mm&r=g","caption":"Jeanette"},"sameAs":["https:\/\/www.eldiario.net\/portal"],"url":"https:\/\/www.eldiario.net\/portal\/author\/jeanette\/"}]}},"_links":{"self":[{"href":"https:\/\/www.eldiario.net\/portal\/wp-json\/wp\/v2\/posts\/412076","targetHints":{"allow":["GET"]}}],"collection":[{"href":"https:\/\/www.eldiario.net\/portal\/wp-json\/wp\/v2\/posts"}],"about":[{"href":"https:\/\/www.eldiario.net\/portal\/wp-json\/wp\/v2\/types\/post"}],"author":[{"embeddable":true,"href":"https:\/\/www.eldiario.net\/portal\/wp-json\/wp\/v2\/users\/1"}],"replies":[{"embeddable":true,"href":"https:\/\/www.eldiario.net\/portal\/wp-json\/wp\/v2\/comments?post=412076"}],"version-history":[{"count":1,"href":"https:\/\/www.eldiario.net\/portal\/wp-json\/wp\/v2\/posts\/412076\/revisions"}],"predecessor-version":[{"id":412078,"href":"https:\/\/www.eldiario.net\/portal\/wp-json\/wp\/v2\/posts\/412076\/revisions\/412078"}],"wp:featuredmedia":[{"embeddable":true,"href":"https:\/\/www.eldiario.net\/portal\/wp-json\/wp\/v2\/media\/412077"}],"wp:attachment":[{"href":"https:\/\/www.eldiario.net\/portal\/wp-json\/wp\/v2\/media?parent=412076"}],"wp:term":[{"taxonomy":"category","embeddable":true,"href":"https:\/\/www.eldiario.net\/portal\/wp-json\/wp\/v2\/categories?post=412076"},{"taxonomy":"post_tag","embeddable":true,"href":"https:\/\/www.eldiario.net\/portal\/wp-json\/wp\/v2\/tags?post=412076"}],"curies":[{"name":"wp","href":"https:\/\/api.w.org\/{rel}","templated":true}]}}