{"id":411835,"date":"2026-07-12T00:15:55","date_gmt":"2026-07-12T04:15:55","guid":{"rendered":"https:\/\/www.eldiario.net\/portal\/?p=411835"},"modified":"2026-07-11T08:16:13","modified_gmt":"2026-07-11T12:16:13","slug":"disenar-desde-la-ciudad-el-hogar-como-reflejo-del-habitar-paceno","status":"publish","type":"post","link":"https:\/\/www.eldiario.net\/portal\/2026\/07\/12\/disenar-desde-la-ciudad-el-hogar-como-reflejo-del-habitar-paceno\/","title":{"rendered":"DISE\u00d1AR DESDE LA CIUDAD: EL HOGAR COMO REFLEJO DEL HABITAR PACE\u00d1O"},"content":{"rendered":"<p>Por: M.A. Arq. Cecilia Vania Burgoa D\u00edaz<br \/>\nceciliaburgoadiaz@gmail.com<\/p>\n<p>Habitar una vivienda no significa solamente ocupar un espacio cerrado, amueblado y funcional. Habitar implica construir una relaci\u00f3n emocional, cultural y cotidiana con el lugar donde vivimos. En una ciudad como La Paz, marcada por su topograf\u00eda, su movimiento permanente, sus contrastes urbanos y sus m\u00faltiples formas de apropiaci\u00f3n del espacio p\u00fablico, el interior dom\u00e9stico no puede entenderse como un mundo aislado de la ciudad. Por el contrario, la vivienda pace\u00f1a expresa muchas de las din\u00e1micas que ocurren fuera de ella.<\/p>\n<p>Las calles, mercados, aceras, ferias, gradas, entradas folkl\u00f3ricas y actividades comerciales informales forman parte de la experiencia urbana cotidiana. Estos escenarios muestran una ciudad flexible, adaptable y en constante transformaci\u00f3n. Esa misma l\u00f3gica se traslada al interior de los hogares, donde los espacios rara vez conservan una \u00fanica funci\u00f3n. La cocina se convierte en lugar de reuni\u00f3n; el comedor puede ser \u00e1rea de trabajo; la habitaci\u00f3n puede funcionar como espacio privado, familiar o incluso laboral; y algunas salas terminan siendo dep\u00f3sitos, \u00e1reas de apoyo o espacios de uso ocasional.<\/p>\n<p>Esta realidad no debe interpretarse \u00fanicamente como desorden o falta de planificaci\u00f3n. Tambi\u00e9n revela una forma cultural de habitar basada en la adaptaci\u00f3n, la necesidad y la apropiaci\u00f3n. El usuario pace\u00f1o transforma su vivienda de acuerdo con sus actividades, sus v\u00ednculos familiares, su econom\u00eda, sus costumbres y su relaci\u00f3n con el entorno urbano. Por ello, el hogar se convierte en una extensi\u00f3n de la ciudad, aunque no siempre exista una conexi\u00f3n f\u00edsica directa entre interior y exterior.<\/p>\n<p>En este contexto, el dise\u00f1o de interiores adquiere un rol fundamental para el bienestar. No se trata solo de decorar, elegir colores o distribuir muebles. El dise\u00f1ador de interiores debe interpretar c\u00f3mo vive cada usuario, qu\u00e9 actividades realiza, qu\u00e9 memorias conserva, qu\u00e9 objetos necesita, c\u00f3mo se relaciona con su familia y de qu\u00e9 manera la ciudad influye en su vida diaria. Dise\u00f1ar un hogar en La Paz exige comprender la vivienda como un espacio vivo, cambiante y profundamente ligado a la identidad urbana.<\/p>\n<p>Por eso, aplicar modelos universales o tendencias descontextualizadas puede resultar insuficiente. El verdadero desaf\u00edo consiste en dise\u00f1ar espacios flexibles, saludables y significativos, capaces de acompa\u00f1ar las transformaciones cotidianas de quienes los habitan. En una ciudad que se reinventa todos los d\u00edas, el interior dom\u00e9stico tambi\u00e9n debe pensarse como un territorio de bienestar, pertenencia e identidad.<\/p>\n<p>&nbsp;<\/p>\n","protected":false},"excerpt":{"rendered":"<p>Por: M.A. Arq. Cecilia Vania Burgoa D\u00edaz ceciliaburgoadiaz@gmail.com Habitar una vivienda no significa solamente ocupar un espacio cerrado, amueblado y funcional. Habitar implica construir una relaci\u00f3n emocional, cultural y cotidiana con el lugar donde vivimos. En una ciudad como La Paz, marcada por su topograf\u00eda, su movimiento permanente, sus contrastes urbanos y sus m\u00faltiples formas [&hellip;]<\/p>\n","protected":false},"author":1,"featured_media":411836,"comment_status":"closed","ping_status":"open","sticky":false,"template":"","format":"standard","meta":{"_acf_changed":false,"footnotes":""},"categories":[52],"tags":[],"class_list":["post-411835","post","type-post","status-publish","format-standard","has-post-thumbnail","category-de-salud-mas-vida"],"acf":{"antetitulo":""},"yoast_head":"<!-- This site is optimized with the Yoast SEO plugin v28.4 - https:\/\/yoast.com\/product\/yoast-seo-wordpress\/ -->\n<title>DISE\u00d1AR DESDE LA CIUDAD: EL HOGAR COMO REFLEJO DEL HABITAR PACE\u00d1O - El Diario - Bolivia<\/title>\n<meta name=\"robots\" content=\"index, follow, max-snippet:-1, max-image-preview:large, max-video-preview:-1\" \/>\n<link rel=\"canonical\" href=\"https:\/\/www.eldiario.net\/portal\/2026\/07\/12\/disenar-desde-la-ciudad-el-hogar-como-reflejo-del-habitar-paceno\/\" \/>\n<meta property=\"og:locale\" content=\"es_ES\" \/>\n<meta property=\"og:type\" content=\"article\" \/>\n<meta property=\"og:title\" content=\"DISE\u00d1AR DESDE LA CIUDAD: EL HOGAR COMO REFLEJO DEL HABITAR PACE\u00d1O - El Diario - Bolivia\" \/>\n<meta property=\"og:description\" content=\"Por: M.A. Arq. Cecilia Vania Burgoa D\u00edaz ceciliaburgoadiaz@gmail.com Habitar una vivienda no significa solamente ocupar un espacio cerrado, amueblado y funcional. Habitar implica construir una relaci\u00f3n emocional, cultural y cotidiana con el lugar donde vivimos. En una ciudad como La Paz, marcada por su topograf\u00eda, su movimiento permanente, sus contrastes urbanos y sus m\u00faltiples formas [&hellip;]\" \/>\n<meta property=\"og:url\" content=\"https:\/\/www.eldiario.net\/portal\/2026\/07\/12\/disenar-desde-la-ciudad-el-hogar-como-reflejo-del-habitar-paceno\/\" \/>\n<meta property=\"og:site_name\" content=\"El Diario - Bolivia\" \/>\n<meta property=\"article:publisher\" content=\"https:\/\/www.facebook.com\/eldiario.bolivia\/\" \/>\n<meta property=\"article:published_time\" content=\"2026-07-12T04:15:55+00:00\" \/>\n<meta property=\"og:image\" content=\"https:\/\/www.eldiario.net\/portal\/wp-content\/uploads\/2026\/07\/DISENAR-DESDE-LA-CIUDAD-EL-HOGAR-COMO-REFLEJO-DEL-HABITAR-PACENO-copia.webp\" \/>\n\t<meta property=\"og:image:width\" content=\"1080\" \/>\n\t<meta property=\"og:image:height\" content=\"771\" \/>\n\t<meta property=\"og:image:type\" content=\"image\/webp\" \/>\n<meta name=\"author\" content=\"Jeanette\" \/>\n<meta name=\"twitter:card\" content=\"summary_large_image\" \/>\n<meta name=\"twitter:creator\" content=\"@eldiario_net\" \/>\n<meta name=\"twitter:site\" content=\"@eldiario_net\" \/>\n<meta name=\"twitter:label1\" content=\"Escrito por\" \/>\n\t<meta name=\"twitter:data1\" content=\"Jeanette\" \/>\n\t<meta name=\"twitter:label2\" content=\"Tiempo de lectura\" \/>\n\t<meta name=\"twitter:data2\" content=\"3 minutos\" \/>\n<script type=\"application\/ld+json\" class=\"yoast-schema-graph\">{\"@context\":\"https:\\\/\\\/schema.org\",\"@graph\":[{\"@type\":\"Article\",\"@id\":\"https:\\\/\\\/www.eldiario.net\\\/portal\\\/2026\\\/07\\\/12\\\/disenar-desde-la-ciudad-el-hogar-como-reflejo-del-habitar-paceno\\\/#article\",\"isPartOf\":{\"@id\":\"https:\\\/\\\/www.eldiario.net\\\/portal\\\/2026\\\/07\\\/12\\\/disenar-desde-la-ciudad-el-hogar-como-reflejo-del-habitar-paceno\\\/\"},\"author\":{\"name\":\"Jeanette\",\"@id\":\"https:\\\/\\\/www.eldiario.net\\\/portal\\\/#\\\/schema\\\/person\\\/2c57cf2b7a7ae032e449e4c9b1019eac\"},\"headline\":\"DISE\u00d1AR DESDE LA CIUDAD: EL HOGAR COMO REFLEJO DEL HABITAR PACE\u00d1O\",\"datePublished\":\"2026-07-12T04:15:55+00:00\",\"mainEntityOfPage\":{\"@id\":\"https:\\\/\\\/www.eldiario.net\\\/portal\\\/2026\\\/07\\\/12\\\/disenar-desde-la-ciudad-el-hogar-como-reflejo-del-habitar-paceno\\\/\"},\"wordCount\":448,\"publisher\":{\"@id\":\"https:\\\/\\\/www.eldiario.net\\\/portal\\\/#organization\"},\"image\":{\"@id\":\"https:\\\/\\\/www.eldiario.net\\\/portal\\\/2026\\\/07\\\/12\\\/disenar-desde-la-ciudad-el-hogar-como-reflejo-del-habitar-paceno\\\/#primaryimage\"},\"thumbnailUrl\":\"https:\\\/\\\/www.eldiario.net\\\/portal\\\/wp-content\\\/uploads\\\/2026\\\/07\\\/DISENAR-DESDE-LA-CIUDAD-EL-HOGAR-COMO-REFLEJO-DEL-HABITAR-PACENO-copia.webp\",\"articleSection\":[\"De Salud + vida\"],\"inLanguage\":\"es\"},{\"@type\":\"WebPage\",\"@id\":\"https:\\\/\\\/www.eldiario.net\\\/portal\\\/2026\\\/07\\\/12\\\/disenar-desde-la-ciudad-el-hogar-como-reflejo-del-habitar-paceno\\\/\",\"url\":\"https:\\\/\\\/www.eldiario.net\\\/portal\\\/2026\\\/07\\\/12\\\/disenar-desde-la-ciudad-el-hogar-como-reflejo-del-habitar-paceno\\\/\",\"name\":\"DISE\u00d1AR DESDE LA CIUDAD: EL HOGAR COMO REFLEJO DEL HABITAR PACE\u00d1O - El Diario - Bolivia\",\"isPartOf\":{\"@id\":\"https:\\\/\\\/www.eldiario.net\\\/portal\\\/#website\"},\"primaryImageOfPage\":{\"@id\":\"https:\\\/\\\/www.eldiario.net\\\/portal\\\/2026\\\/07\\\/12\\\/disenar-desde-la-ciudad-el-hogar-como-reflejo-del-habitar-paceno\\\/#primaryimage\"},\"image\":{\"@id\":\"https:\\\/\\\/www.eldiario.net\\\/portal\\\/2026\\\/07\\\/12\\\/disenar-desde-la-ciudad-el-hogar-como-reflejo-del-habitar-paceno\\\/#primaryimage\"},\"thumbnailUrl\":\"https:\\\/\\\/www.eldiario.net\\\/portal\\\/wp-content\\\/uploads\\\/2026\\\/07\\\/DISENAR-DESDE-LA-CIUDAD-EL-HOGAR-COMO-REFLEJO-DEL-HABITAR-PACENO-copia.webp\",\"datePublished\":\"2026-07-12T04:15:55+00:00\",\"breadcrumb\":{\"@id\":\"https:\\\/\\\/www.eldiario.net\\\/portal\\\/2026\\\/07\\\/12\\\/disenar-desde-la-ciudad-el-hogar-como-reflejo-del-habitar-paceno\\\/#breadcrumb\"},\"inLanguage\":\"es\",\"potentialAction\":[{\"@type\":\"ReadAction\",\"target\":[\"https:\\\/\\\/www.eldiario.net\\\/portal\\\/2026\\\/07\\\/12\\\/disenar-desde-la-ciudad-el-hogar-como-reflejo-del-habitar-paceno\\\/\"]}]},{\"@type\":\"ImageObject\",\"inLanguage\":\"es\",\"@id\":\"https:\\\/\\\/www.eldiario.net\\\/portal\\\/2026\\\/07\\\/12\\\/disenar-desde-la-ciudad-el-hogar-como-reflejo-del-habitar-paceno\\\/#primaryimage\",\"url\":\"https:\\\/\\\/www.eldiario.net\\\/portal\\\/wp-content\\\/uploads\\\/2026\\\/07\\\/DISENAR-DESDE-LA-CIUDAD-EL-HOGAR-COMO-REFLEJO-DEL-HABITAR-PACENO-copia.webp\",\"contentUrl\":\"https:\\\/\\\/www.eldiario.net\\\/portal\\\/wp-content\\\/uploads\\\/2026\\\/07\\\/DISENAR-DESDE-LA-CIUDAD-EL-HOGAR-COMO-REFLEJO-DEL-HABITAR-PACENO-copia.webp\",\"width\":1080,\"height\":771,\"caption\":\"Calles, mercados y aceras forman parte del habitar pace\u00f1o. Comprender estas din\u00e1micas permite pensar el hogar no solo como refugio, sino como un espacio de bienestar, identidad y adaptaci\u00f3n cotidiana.\"},{\"@type\":\"BreadcrumbList\",\"@id\":\"https:\\\/\\\/www.eldiario.net\\\/portal\\\/2026\\\/07\\\/12\\\/disenar-desde-la-ciudad-el-hogar-como-reflejo-del-habitar-paceno\\\/#breadcrumb\",\"itemListElement\":[{\"@type\":\"ListItem\",\"position\":1,\"name\":\"Portada\",\"item\":\"https:\\\/\\\/www.eldiario.net\\\/portal\\\/\"},{\"@type\":\"ListItem\",\"position\":2,\"name\":\"DISE\u00d1AR DESDE LA CIUDAD: EL HOGAR COMO REFLEJO DEL HABITAR PACE\u00d1O\"}]},{\"@type\":\"WebSite\",\"@id\":\"https:\\\/\\\/www.eldiario.net\\\/portal\\\/#website\",\"url\":\"https:\\\/\\\/www.eldiario.net\\\/portal\\\/\",\"name\":\"El Diario - Decano de la prensa nacional\",\"description\":\"El Diario - Decano de la prensa nacional\",\"publisher\":{\"@id\":\"https:\\\/\\\/www.eldiario.net\\\/portal\\\/#organization\"},\"potentialAction\":[{\"@type\":\"SearchAction\",\"target\":{\"@type\":\"EntryPoint\",\"urlTemplate\":\"https:\\\/\\\/www.eldiario.net\\\/portal\\\/?s={search_term_string}\"},\"query-input\":{\"@type\":\"PropertyValueSpecification\",\"valueRequired\":true,\"valueName\":\"search_term_string\"}}],\"inLanguage\":\"es\"},{\"@type\":\"Organization\",\"@id\":\"https:\\\/\\\/www.eldiario.net\\\/portal\\\/#organization\",\"name\":\"El Diario - Decano de la prensa nacional\",\"url\":\"https:\\\/\\\/www.eldiario.net\\\/portal\\\/\",\"logo\":{\"@type\":\"ImageObject\",\"inLanguage\":\"es\",\"@id\":\"https:\\\/\\\/www.eldiario.net\\\/portal\\\/#\\\/schema\\\/logo\\\/image\\\/\",\"url\":\"https:\\\/\\\/www.eldiario.net\\\/portal\\\/wp-content\\\/uploads\\\/2023\\\/07\\\/logo_ED.jpg\",\"contentUrl\":\"https:\\\/\\\/www.eldiario.net\\\/portal\\\/wp-content\\\/uploads\\\/2023\\\/07\\\/logo_ED.jpg\",\"width\":272,\"height\":52,\"caption\":\"El Diario - Decano de la prensa nacional\"},\"image\":{\"@id\":\"https:\\\/\\\/www.eldiario.net\\\/portal\\\/#\\\/schema\\\/logo\\\/image\\\/\"},\"sameAs\":[\"https:\\\/\\\/www.facebook.com\\\/eldiario.bolivia\\\/\",\"https:\\\/\\\/x.com\\\/eldiario_net\"]},{\"@type\":\"Person\",\"@id\":\"https:\\\/\\\/www.eldiario.net\\\/portal\\\/#\\\/schema\\\/person\\\/2c57cf2b7a7ae032e449e4c9b1019eac\",\"name\":\"Jeanette\",\"image\":{\"@type\":\"ImageObject\",\"inLanguage\":\"es\",\"@id\":\"https:\\\/\\\/secure.gravatar.com\\\/avatar\\\/3ea2118a5f7dad2b7138b1187a6b7ee55f160b9968b66013c3a3ef39dd7e5798?s=96&d=mm&r=g\",\"url\":\"https:\\\/\\\/secure.gravatar.com\\\/avatar\\\/3ea2118a5f7dad2b7138b1187a6b7ee55f160b9968b66013c3a3ef39dd7e5798?s=96&d=mm&r=g\",\"contentUrl\":\"https:\\\/\\\/secure.gravatar.com\\\/avatar\\\/3ea2118a5f7dad2b7138b1187a6b7ee55f160b9968b66013c3a3ef39dd7e5798?s=96&d=mm&r=g\",\"caption\":\"Jeanette\"},\"sameAs\":[\"https:\\\/\\\/www.eldiario.net\\\/portal\"],\"url\":\"https:\\\/\\\/www.eldiario.net\\\/portal\\\/author\\\/jeanette\\\/\"}]}<\/script>\n<!-- \/ Yoast SEO plugin. -->","yoast_head_json":{"title":"DISE\u00d1AR DESDE LA CIUDAD: EL HOGAR COMO REFLEJO DEL HABITAR PACE\u00d1O - El Diario - Bolivia","robots":{"index":"index","follow":"follow","max-snippet":"max-snippet:-1","max-image-preview":"max-image-preview:large","max-video-preview":"max-video-preview:-1"},"canonical":"https:\/\/www.eldiario.net\/portal\/2026\/07\/12\/disenar-desde-la-ciudad-el-hogar-como-reflejo-del-habitar-paceno\/","og_locale":"es_ES","og_type":"article","og_title":"DISE\u00d1AR DESDE LA CIUDAD: EL HOGAR COMO REFLEJO DEL HABITAR PACE\u00d1O - El Diario - Bolivia","og_description":"Por: M.A. Arq. Cecilia Vania Burgoa D\u00edaz ceciliaburgoadiaz@gmail.com Habitar una vivienda no significa solamente ocupar un espacio cerrado, amueblado y funcional. Habitar implica construir una relaci\u00f3n emocional, cultural y cotidiana con el lugar donde vivimos. En una ciudad como La Paz, marcada por su topograf\u00eda, su movimiento permanente, sus contrastes urbanos y sus m\u00faltiples formas [&hellip;]","og_url":"https:\/\/www.eldiario.net\/portal\/2026\/07\/12\/disenar-desde-la-ciudad-el-hogar-como-reflejo-del-habitar-paceno\/","og_site_name":"El Diario - Bolivia","article_publisher":"https:\/\/www.facebook.com\/eldiario.bolivia\/","article_published_time":"2026-07-12T04:15:55+00:00","og_image":[{"width":1080,"height":771,"url":"https:\/\/www.eldiario.net\/portal\/wp-content\/uploads\/2026\/07\/DISENAR-DESDE-LA-CIUDAD-EL-HOGAR-COMO-REFLEJO-DEL-HABITAR-PACENO-copia.webp","type":"image\/webp"}],"author":"Jeanette","twitter_card":"summary_large_image","twitter_creator":"@eldiario_net","twitter_site":"@eldiario_net","twitter_misc":{"Escrito por":"Jeanette","Tiempo de lectura":"3 minutos"},"schema":{"@context":"https:\/\/schema.org","@graph":[{"@type":"Article","@id":"https:\/\/www.eldiario.net\/portal\/2026\/07\/12\/disenar-desde-la-ciudad-el-hogar-como-reflejo-del-habitar-paceno\/#article","isPartOf":{"@id":"https:\/\/www.eldiario.net\/portal\/2026\/07\/12\/disenar-desde-la-ciudad-el-hogar-como-reflejo-del-habitar-paceno\/"},"author":{"name":"Jeanette","@id":"https:\/\/www.eldiario.net\/portal\/#\/schema\/person\/2c57cf2b7a7ae032e449e4c9b1019eac"},"headline":"DISE\u00d1AR DESDE LA CIUDAD: EL HOGAR COMO REFLEJO DEL HABITAR PACE\u00d1O","datePublished":"2026-07-12T04:15:55+00:00","mainEntityOfPage":{"@id":"https:\/\/www.eldiario.net\/portal\/2026\/07\/12\/disenar-desde-la-ciudad-el-hogar-como-reflejo-del-habitar-paceno\/"},"wordCount":448,"publisher":{"@id":"https:\/\/www.eldiario.net\/portal\/#organization"},"image":{"@id":"https:\/\/www.eldiario.net\/portal\/2026\/07\/12\/disenar-desde-la-ciudad-el-hogar-como-reflejo-del-habitar-paceno\/#primaryimage"},"thumbnailUrl":"https:\/\/www.eldiario.net\/portal\/wp-content\/uploads\/2026\/07\/DISENAR-DESDE-LA-CIUDAD-EL-HOGAR-COMO-REFLEJO-DEL-HABITAR-PACENO-copia.webp","articleSection":["De Salud + vida"],"inLanguage":"es"},{"@type":"WebPage","@id":"https:\/\/www.eldiario.net\/portal\/2026\/07\/12\/disenar-desde-la-ciudad-el-hogar-como-reflejo-del-habitar-paceno\/","url":"https:\/\/www.eldiario.net\/portal\/2026\/07\/12\/disenar-desde-la-ciudad-el-hogar-como-reflejo-del-habitar-paceno\/","name":"DISE\u00d1AR DESDE LA CIUDAD: EL HOGAR COMO REFLEJO DEL HABITAR PACE\u00d1O - El Diario - Bolivia","isPartOf":{"@id":"https:\/\/www.eldiario.net\/portal\/#website"},"primaryImageOfPage":{"@id":"https:\/\/www.eldiario.net\/portal\/2026\/07\/12\/disenar-desde-la-ciudad-el-hogar-como-reflejo-del-habitar-paceno\/#primaryimage"},"image":{"@id":"https:\/\/www.eldiario.net\/portal\/2026\/07\/12\/disenar-desde-la-ciudad-el-hogar-como-reflejo-del-habitar-paceno\/#primaryimage"},"thumbnailUrl":"https:\/\/www.eldiario.net\/portal\/wp-content\/uploads\/2026\/07\/DISENAR-DESDE-LA-CIUDAD-EL-HOGAR-COMO-REFLEJO-DEL-HABITAR-PACENO-copia.webp","datePublished":"2026-07-12T04:15:55+00:00","breadcrumb":{"@id":"https:\/\/www.eldiario.net\/portal\/2026\/07\/12\/disenar-desde-la-ciudad-el-hogar-como-reflejo-del-habitar-paceno\/#breadcrumb"},"inLanguage":"es","potentialAction":[{"@type":"ReadAction","target":["https:\/\/www.eldiario.net\/portal\/2026\/07\/12\/disenar-desde-la-ciudad-el-hogar-como-reflejo-del-habitar-paceno\/"]}]},{"@type":"ImageObject","inLanguage":"es","@id":"https:\/\/www.eldiario.net\/portal\/2026\/07\/12\/disenar-desde-la-ciudad-el-hogar-como-reflejo-del-habitar-paceno\/#primaryimage","url":"https:\/\/www.eldiario.net\/portal\/wp-content\/uploads\/2026\/07\/DISENAR-DESDE-LA-CIUDAD-EL-HOGAR-COMO-REFLEJO-DEL-HABITAR-PACENO-copia.webp","contentUrl":"https:\/\/www.eldiario.net\/portal\/wp-content\/uploads\/2026\/07\/DISENAR-DESDE-LA-CIUDAD-EL-HOGAR-COMO-REFLEJO-DEL-HABITAR-PACENO-copia.webp","width":1080,"height":771,"caption":"Calles, mercados y aceras forman parte del habitar pace\u00f1o. Comprender estas din\u00e1micas permite pensar el hogar no solo como refugio, sino como un espacio de bienestar, identidad y adaptaci\u00f3n cotidiana."},{"@type":"BreadcrumbList","@id":"https:\/\/www.eldiario.net\/portal\/2026\/07\/12\/disenar-desde-la-ciudad-el-hogar-como-reflejo-del-habitar-paceno\/#breadcrumb","itemListElement":[{"@type":"ListItem","position":1,"name":"Portada","item":"https:\/\/www.eldiario.net\/portal\/"},{"@type":"ListItem","position":2,"name":"DISE\u00d1AR DESDE LA CIUDAD: EL HOGAR COMO REFLEJO DEL HABITAR PACE\u00d1O"}]},{"@type":"WebSite","@id":"https:\/\/www.eldiario.net\/portal\/#website","url":"https:\/\/www.eldiario.net\/portal\/","name":"El Diario - Decano de la prensa nacional","description":"El Diario - Decano de la prensa nacional","publisher":{"@id":"https:\/\/www.eldiario.net\/portal\/#organization"},"potentialAction":[{"@type":"SearchAction","target":{"@type":"EntryPoint","urlTemplate":"https:\/\/www.eldiario.net\/portal\/?s={search_term_string}"},"query-input":{"@type":"PropertyValueSpecification","valueRequired":true,"valueName":"search_term_string"}}],"inLanguage":"es"},{"@type":"Organization","@id":"https:\/\/www.eldiario.net\/portal\/#organization","name":"El Diario - Decano de la prensa nacional","url":"https:\/\/www.eldiario.net\/portal\/","logo":{"@type":"ImageObject","inLanguage":"es","@id":"https:\/\/www.eldiario.net\/portal\/#\/schema\/logo\/image\/","url":"https:\/\/www.eldiario.net\/portal\/wp-content\/uploads\/2023\/07\/logo_ED.jpg","contentUrl":"https:\/\/www.eldiario.net\/portal\/wp-content\/uploads\/2023\/07\/logo_ED.jpg","width":272,"height":52,"caption":"El Diario - Decano de la prensa nacional"},"image":{"@id":"https:\/\/www.eldiario.net\/portal\/#\/schema\/logo\/image\/"},"sameAs":["https:\/\/www.facebook.com\/eldiario.bolivia\/","https:\/\/x.com\/eldiario_net"]},{"@type":"Person","@id":"https:\/\/www.eldiario.net\/portal\/#\/schema\/person\/2c57cf2b7a7ae032e449e4c9b1019eac","name":"Jeanette","image":{"@type":"ImageObject","inLanguage":"es","@id":"https:\/\/secure.gravatar.com\/avatar\/3ea2118a5f7dad2b7138b1187a6b7ee55f160b9968b66013c3a3ef39dd7e5798?s=96&d=mm&r=g","url":"https:\/\/secure.gravatar.com\/avatar\/3ea2118a5f7dad2b7138b1187a6b7ee55f160b9968b66013c3a3ef39dd7e5798?s=96&d=mm&r=g","contentUrl":"https:\/\/secure.gravatar.com\/avatar\/3ea2118a5f7dad2b7138b1187a6b7ee55f160b9968b66013c3a3ef39dd7e5798?s=96&d=mm&r=g","caption":"Jeanette"},"sameAs":["https:\/\/www.eldiario.net\/portal"],"url":"https:\/\/www.eldiario.net\/portal\/author\/jeanette\/"}]}},"_links":{"self":[{"href":"https:\/\/www.eldiario.net\/portal\/wp-json\/wp\/v2\/posts\/411835","targetHints":{"allow":["GET"]}}],"collection":[{"href":"https:\/\/www.eldiario.net\/portal\/wp-json\/wp\/v2\/posts"}],"about":[{"href":"https:\/\/www.eldiario.net\/portal\/wp-json\/wp\/v2\/types\/post"}],"author":[{"embeddable":true,"href":"https:\/\/www.eldiario.net\/portal\/wp-json\/wp\/v2\/users\/1"}],"replies":[{"embeddable":true,"href":"https:\/\/www.eldiario.net\/portal\/wp-json\/wp\/v2\/comments?post=411835"}],"version-history":[{"count":1,"href":"https:\/\/www.eldiario.net\/portal\/wp-json\/wp\/v2\/posts\/411835\/revisions"}],"predecessor-version":[{"id":411837,"href":"https:\/\/www.eldiario.net\/portal\/wp-json\/wp\/v2\/posts\/411835\/revisions\/411837"}],"wp:featuredmedia":[{"embeddable":true,"href":"https:\/\/www.eldiario.net\/portal\/wp-json\/wp\/v2\/media\/411836"}],"wp:attachment":[{"href":"https:\/\/www.eldiario.net\/portal\/wp-json\/wp\/v2\/media?parent=411835"}],"wp:term":[{"taxonomy":"category","embeddable":true,"href":"https:\/\/www.eldiario.net\/portal\/wp-json\/wp\/v2\/categories?post=411835"},{"taxonomy":"post_tag","embeddable":true,"href":"https:\/\/www.eldiario.net\/portal\/wp-json\/wp\/v2\/tags?post=411835"}],"curies":[{"name":"wp","href":"https:\/\/api.w.org\/{rel}","templated":true}]}}