{"id":411682,"date":"2026-07-11T00:16:55","date_gmt":"2026-07-11T04:16:55","guid":{"rendered":"https:\/\/www.eldiario.net\/portal\/?p=411682"},"modified":"2026-07-10T22:17:54","modified_gmt":"2026-07-11T02:17:54","slug":"espana-triunfa-con-agonia","status":"publish","type":"post","link":"https:\/\/www.eldiario.net\/portal\/2026\/07\/11\/espana-triunfa-con-agonia\/","title":{"rendered":"ESPA\u00d1A TRIUNFA CON AGON\u00cdA"},"content":{"rendered":"<p>Le cost\u00f3, Espa\u00f1a se clasific\u00f3 a las semifinales de un Mundial por segunda vez en su historia tras derrotar a B\u00e9lgica por 2-1. El encuentro repiti\u00f3 la din\u00e1mica de la ronda anterior, resolvi\u00e9ndose en los instantes finales gracias a una intervenci\u00f3n decisiva desde el banquillo.<br \/>\nEl partido comenz\u00f3 con un duelo intenso entre los extremos J\u00e9r\u00e9my Doku y Lamine Yamal. El dominio inicial de Espa\u00f1a dio frutos cuando Fabi\u00e1n Ruiz anot\u00f3 el 1-0, aprovechando un rechace en el \u00e1rea tras una jugada colectiva iniciada por Yamal y asistida por Pedro Porro.<br \/>\nB\u00e9lgica reaccion\u00f3 y consigui\u00f3 romper la imbatibilidad de la selecci\u00f3n espa\u00f1ola en el torneo. Charles De Ketelaere anticip\u00f3 a la defensa en el primer palo tras un centro de Timothy Castagne, logrando el empate provisional y batiendo al guardameta Unai Sim\u00f3n.<br \/>\nUn factor clave en el tramo final result\u00f3 la lesi\u00f3n del portero belga Thibaut Courtois en el minuto 71. Su retirada forz\u00f3 el debut del joven Senne Lammens, quien asumi\u00f3 la responsabilidad en los minutos de mayor presi\u00f3n del encuentro.<br \/>\nLa resoluci\u00f3n definitiva lleg\u00f3 en el minuto 88 de la mano de Mikel Merino, quien ingres\u00f3 poco antes al campo. El centrocampista aprovech\u00f3 un rechace defectuoso de Lammens tras un disparo lejano de Pau Cubars\u00ed para anotar el definitivo 2-1 y otorgar el pase a Espa\u00f1a.<\/p>\n<figure id=\"attachment_411684\" aria-describedby=\"caption-attachment-411684\" style=\"width: 560px\" class=\"wp-caption alignleft\"><img loading=\"lazy\" decoding=\"async\" class=\" wp-image-411684\" src=\"https:\/\/www.eldiario.net\/portal\/wp-content\/uploads\/2026\/07\/Foto-2-4.webp\" alt=\"\" width=\"560\" height=\"700\" srcset=\"https:\/\/www.eldiario.net\/portal\/wp-content\/uploads\/2026\/07\/Foto-2-4.webp 1024w, https:\/\/www.eldiario.net\/portal\/wp-content\/uploads\/2026\/07\/Foto-2-4-240x300.webp 240w, https:\/\/www.eldiario.net\/portal\/wp-content\/uploads\/2026\/07\/Foto-2-4-819x1024.webp 819w, https:\/\/www.eldiario.net\/portal\/wp-content\/uploads\/2026\/07\/Foto-2-4-768x960.webp 768w, https:\/\/www.eldiario.net\/portal\/wp-content\/uploads\/2026\/07\/Foto-2-4-336x420.webp 336w, https:\/\/www.eldiario.net\/portal\/wp-content\/uploads\/2026\/07\/Foto-2-4-150x188.webp 150w, https:\/\/www.eldiario.net\/portal\/wp-content\/uploads\/2026\/07\/Foto-2-4-300x375.webp 300w, https:\/\/www.eldiario.net\/portal\/wp-content\/uploads\/2026\/07\/Foto-2-4-696x870.webp 696w\" sizes=\"auto, (max-width: 560px) 100vw, 560px\" \/><figcaption id=\"caption-attachment-411684\" class=\"wp-caption-text\">Partido de choque f\u00edsico entre ambas selecciones. Foto: Selecci\u00f3n Espa\u00f1a<\/figcaption><\/figure>\n","protected":false},"excerpt":{"rendered":"<p>Le cost\u00f3, Espa\u00f1a se clasific\u00f3 a las semifinales de un Mundial por segunda vez en su historia tras derrotar a B\u00e9lgica por 2-1. El encuentro repiti\u00f3 la din\u00e1mica de la ronda anterior, resolvi\u00e9ndose en los instantes finales gracias a una intervenci\u00f3n decisiva desde el banquillo. El partido comenz\u00f3 con un duelo intenso entre los extremos [&hellip;]<\/p>\n","protected":false},"author":1,"featured_media":411683,"comment_status":"closed","ping_status":"open","sticky":false,"template":"","format":"standard","meta":{"_acf_changed":false,"footnotes":""},"categories":[6],"tags":[],"class_list":["post-411682","post","type-post","status-publish","format-standard","has-post-thumbnail","category-deportes"],"acf":{"antetitulo":""},"yoast_head":"<!-- This site is optimized with the Yoast SEO plugin v28.4 - https:\/\/yoast.com\/product\/yoast-seo-wordpress\/ -->\n<title>ESPA\u00d1A TRIUNFA CON AGON\u00cdA - El Diario - Bolivia<\/title>\n<meta name=\"robots\" content=\"index, follow, max-snippet:-1, max-image-preview:large, max-video-preview:-1\" \/>\n<link rel=\"canonical\" href=\"https:\/\/www.eldiario.net\/portal\/2026\/07\/11\/espana-triunfa-con-agonia\/\" \/>\n<meta property=\"og:locale\" content=\"es_ES\" \/>\n<meta property=\"og:type\" content=\"article\" \/>\n<meta property=\"og:title\" content=\"ESPA\u00d1A TRIUNFA CON AGON\u00cdA - El Diario - Bolivia\" \/>\n<meta property=\"og:description\" content=\"Le cost\u00f3, Espa\u00f1a se clasific\u00f3 a las semifinales de un Mundial por segunda vez en su historia tras derrotar a B\u00e9lgica por 2-1. El encuentro repiti\u00f3 la din\u00e1mica de la ronda anterior, resolvi\u00e9ndose en los instantes finales gracias a una intervenci\u00f3n decisiva desde el banquillo. El partido comenz\u00f3 con un duelo intenso entre los extremos [&hellip;]\" \/>\n<meta property=\"og:url\" content=\"https:\/\/www.eldiario.net\/portal\/2026\/07\/11\/espana-triunfa-con-agonia\/\" \/>\n<meta property=\"og:site_name\" content=\"El Diario - Bolivia\" \/>\n<meta property=\"article:publisher\" content=\"https:\/\/www.facebook.com\/eldiario.bolivia\/\" \/>\n<meta property=\"article:published_time\" content=\"2026-07-11T04:16:55+00:00\" \/>\n<meta property=\"og:image\" content=\"https:\/\/www.eldiario.net\/portal\/wp-content\/uploads\/2026\/07\/Principal-1.webp\" \/>\n\t<meta property=\"og:image:width\" content=\"1024\" \/>\n\t<meta property=\"og:image:height\" content=\"800\" \/>\n\t<meta property=\"og:image:type\" content=\"image\/webp\" \/>\n<meta name=\"author\" content=\"Jeanette\" \/>\n<meta name=\"twitter:card\" content=\"summary_large_image\" \/>\n<meta name=\"twitter:creator\" content=\"@eldiario_net\" \/>\n<meta name=\"twitter:site\" content=\"@eldiario_net\" \/>\n<meta name=\"twitter:label1\" content=\"Escrito por\" \/>\n\t<meta name=\"twitter:data1\" content=\"Jeanette\" \/>\n\t<meta name=\"twitter:label2\" content=\"Tiempo de lectura\" \/>\n\t<meta name=\"twitter:data2\" content=\"2 minutos\" \/>\n<script type=\"application\/ld+json\" class=\"yoast-schema-graph\">{\"@context\":\"https:\\\/\\\/schema.org\",\"@graph\":[{\"@type\":\"Article\",\"@id\":\"https:\\\/\\\/www.eldiario.net\\\/portal\\\/2026\\\/07\\\/11\\\/espana-triunfa-con-agonia\\\/#article\",\"isPartOf\":{\"@id\":\"https:\\\/\\\/www.eldiario.net\\\/portal\\\/2026\\\/07\\\/11\\\/espana-triunfa-con-agonia\\\/\"},\"author\":{\"name\":\"Jeanette\",\"@id\":\"https:\\\/\\\/www.eldiario.net\\\/portal\\\/#\\\/schema\\\/person\\\/2c57cf2b7a7ae032e449e4c9b1019eac\"},\"headline\":\"ESPA\u00d1A TRIUNFA CON AGON\u00cdA\",\"datePublished\":\"2026-07-11T04:16:55+00:00\",\"mainEntityOfPage\":{\"@id\":\"https:\\\/\\\/www.eldiario.net\\\/portal\\\/2026\\\/07\\\/11\\\/espana-triunfa-con-agonia\\\/\"},\"wordCount\":259,\"publisher\":{\"@id\":\"https:\\\/\\\/www.eldiario.net\\\/portal\\\/#organization\"},\"image\":{\"@id\":\"https:\\\/\\\/www.eldiario.net\\\/portal\\\/2026\\\/07\\\/11\\\/espana-triunfa-con-agonia\\\/#primaryimage\"},\"thumbnailUrl\":\"https:\\\/\\\/www.eldiario.net\\\/portal\\\/wp-content\\\/uploads\\\/2026\\\/07\\\/Principal-1.webp\",\"articleSection\":[\"Deportes\"],\"inLanguage\":\"es\"},{\"@type\":\"WebPage\",\"@id\":\"https:\\\/\\\/www.eldiario.net\\\/portal\\\/2026\\\/07\\\/11\\\/espana-triunfa-con-agonia\\\/\",\"url\":\"https:\\\/\\\/www.eldiario.net\\\/portal\\\/2026\\\/07\\\/11\\\/espana-triunfa-con-agonia\\\/\",\"name\":\"ESPA\u00d1A TRIUNFA CON AGON\u00cdA - El Diario - Bolivia\",\"isPartOf\":{\"@id\":\"https:\\\/\\\/www.eldiario.net\\\/portal\\\/#website\"},\"primaryImageOfPage\":{\"@id\":\"https:\\\/\\\/www.eldiario.net\\\/portal\\\/2026\\\/07\\\/11\\\/espana-triunfa-con-agonia\\\/#primaryimage\"},\"image\":{\"@id\":\"https:\\\/\\\/www.eldiario.net\\\/portal\\\/2026\\\/07\\\/11\\\/espana-triunfa-con-agonia\\\/#primaryimage\"},\"thumbnailUrl\":\"https:\\\/\\\/www.eldiario.net\\\/portal\\\/wp-content\\\/uploads\\\/2026\\\/07\\\/Principal-1.webp\",\"datePublished\":\"2026-07-11T04:16:55+00:00\",\"breadcrumb\":{\"@id\":\"https:\\\/\\\/www.eldiario.net\\\/portal\\\/2026\\\/07\\\/11\\\/espana-triunfa-con-agonia\\\/#breadcrumb\"},\"inLanguage\":\"es\",\"potentialAction\":[{\"@type\":\"ReadAction\",\"target\":[\"https:\\\/\\\/www.eldiario.net\\\/portal\\\/2026\\\/07\\\/11\\\/espana-triunfa-con-agonia\\\/\"]}]},{\"@type\":\"ImageObject\",\"inLanguage\":\"es\",\"@id\":\"https:\\\/\\\/www.eldiario.net\\\/portal\\\/2026\\\/07\\\/11\\\/espana-triunfa-con-agonia\\\/#primaryimage\",\"url\":\"https:\\\/\\\/www.eldiario.net\\\/portal\\\/wp-content\\\/uploads\\\/2026\\\/07\\\/Principal-1.webp\",\"contentUrl\":\"https:\\\/\\\/www.eldiario.net\\\/portal\\\/wp-content\\\/uploads\\\/2026\\\/07\\\/Principal-1.webp\",\"width\":1024,\"height\":800,\"caption\":\"Mikel Merino y su festejo por el gol sobre el final del partido. Foto: Selecci\u00f3n Espa\u00f1ola\"},{\"@type\":\"BreadcrumbList\",\"@id\":\"https:\\\/\\\/www.eldiario.net\\\/portal\\\/2026\\\/07\\\/11\\\/espana-triunfa-con-agonia\\\/#breadcrumb\",\"itemListElement\":[{\"@type\":\"ListItem\",\"position\":1,\"name\":\"Portada\",\"item\":\"https:\\\/\\\/www.eldiario.net\\\/portal\\\/\"},{\"@type\":\"ListItem\",\"position\":2,\"name\":\"ESPA\u00d1A TRIUNFA CON AGON\u00cdA\"}]},{\"@type\":\"WebSite\",\"@id\":\"https:\\\/\\\/www.eldiario.net\\\/portal\\\/#website\",\"url\":\"https:\\\/\\\/www.eldiario.net\\\/portal\\\/\",\"name\":\"El Diario - Decano de la prensa nacional\",\"description\":\"El Diario - Decano de la prensa nacional\",\"publisher\":{\"@id\":\"https:\\\/\\\/www.eldiario.net\\\/portal\\\/#organization\"},\"potentialAction\":[{\"@type\":\"SearchAction\",\"target\":{\"@type\":\"EntryPoint\",\"urlTemplate\":\"https:\\\/\\\/www.eldiario.net\\\/portal\\\/?s={search_term_string}\"},\"query-input\":{\"@type\":\"PropertyValueSpecification\",\"valueRequired\":true,\"valueName\":\"search_term_string\"}}],\"inLanguage\":\"es\"},{\"@type\":\"Organization\",\"@id\":\"https:\\\/\\\/www.eldiario.net\\\/portal\\\/#organization\",\"name\":\"El Diario - Decano de la prensa nacional\",\"url\":\"https:\\\/\\\/www.eldiario.net\\\/portal\\\/\",\"logo\":{\"@type\":\"ImageObject\",\"inLanguage\":\"es\",\"@id\":\"https:\\\/\\\/www.eldiario.net\\\/portal\\\/#\\\/schema\\\/logo\\\/image\\\/\",\"url\":\"https:\\\/\\\/www.eldiario.net\\\/portal\\\/wp-content\\\/uploads\\\/2023\\\/07\\\/logo_ED.jpg\",\"contentUrl\":\"https:\\\/\\\/www.eldiario.net\\\/portal\\\/wp-content\\\/uploads\\\/2023\\\/07\\\/logo_ED.jpg\",\"width\":272,\"height\":52,\"caption\":\"El Diario - Decano de la prensa nacional\"},\"image\":{\"@id\":\"https:\\\/\\\/www.eldiario.net\\\/portal\\\/#\\\/schema\\\/logo\\\/image\\\/\"},\"sameAs\":[\"https:\\\/\\\/www.facebook.com\\\/eldiario.bolivia\\\/\",\"https:\\\/\\\/x.com\\\/eldiario_net\"]},{\"@type\":\"Person\",\"@id\":\"https:\\\/\\\/www.eldiario.net\\\/portal\\\/#\\\/schema\\\/person\\\/2c57cf2b7a7ae032e449e4c9b1019eac\",\"name\":\"Jeanette\",\"image\":{\"@type\":\"ImageObject\",\"inLanguage\":\"es\",\"@id\":\"https:\\\/\\\/secure.gravatar.com\\\/avatar\\\/3ea2118a5f7dad2b7138b1187a6b7ee55f160b9968b66013c3a3ef39dd7e5798?s=96&d=mm&r=g\",\"url\":\"https:\\\/\\\/secure.gravatar.com\\\/avatar\\\/3ea2118a5f7dad2b7138b1187a6b7ee55f160b9968b66013c3a3ef39dd7e5798?s=96&d=mm&r=g\",\"contentUrl\":\"https:\\\/\\\/secure.gravatar.com\\\/avatar\\\/3ea2118a5f7dad2b7138b1187a6b7ee55f160b9968b66013c3a3ef39dd7e5798?s=96&d=mm&r=g\",\"caption\":\"Jeanette\"},\"sameAs\":[\"https:\\\/\\\/www.eldiario.net\\\/portal\"],\"url\":\"https:\\\/\\\/www.eldiario.net\\\/portal\\\/author\\\/jeanette\\\/\"}]}<\/script>\n<!-- \/ Yoast SEO plugin. -->","yoast_head_json":{"title":"ESPA\u00d1A TRIUNFA CON AGON\u00cdA - El Diario - Bolivia","robots":{"index":"index","follow":"follow","max-snippet":"max-snippet:-1","max-image-preview":"max-image-preview:large","max-video-preview":"max-video-preview:-1"},"canonical":"https:\/\/www.eldiario.net\/portal\/2026\/07\/11\/espana-triunfa-con-agonia\/","og_locale":"es_ES","og_type":"article","og_title":"ESPA\u00d1A TRIUNFA CON AGON\u00cdA - El Diario - Bolivia","og_description":"Le cost\u00f3, Espa\u00f1a se clasific\u00f3 a las semifinales de un Mundial por segunda vez en su historia tras derrotar a B\u00e9lgica por 2-1. El encuentro repiti\u00f3 la din\u00e1mica de la ronda anterior, resolvi\u00e9ndose en los instantes finales gracias a una intervenci\u00f3n decisiva desde el banquillo. El partido comenz\u00f3 con un duelo intenso entre los extremos [&hellip;]","og_url":"https:\/\/www.eldiario.net\/portal\/2026\/07\/11\/espana-triunfa-con-agonia\/","og_site_name":"El Diario - Bolivia","article_publisher":"https:\/\/www.facebook.com\/eldiario.bolivia\/","article_published_time":"2026-07-11T04:16:55+00:00","og_image":[{"width":1024,"height":800,"url":"https:\/\/www.eldiario.net\/portal\/wp-content\/uploads\/2026\/07\/Principal-1.webp","type":"image\/webp"}],"author":"Jeanette","twitter_card":"summary_large_image","twitter_creator":"@eldiario_net","twitter_site":"@eldiario_net","twitter_misc":{"Escrito por":"Jeanette","Tiempo de lectura":"2 minutos"},"schema":{"@context":"https:\/\/schema.org","@graph":[{"@type":"Article","@id":"https:\/\/www.eldiario.net\/portal\/2026\/07\/11\/espana-triunfa-con-agonia\/#article","isPartOf":{"@id":"https:\/\/www.eldiario.net\/portal\/2026\/07\/11\/espana-triunfa-con-agonia\/"},"author":{"name":"Jeanette","@id":"https:\/\/www.eldiario.net\/portal\/#\/schema\/person\/2c57cf2b7a7ae032e449e4c9b1019eac"},"headline":"ESPA\u00d1A TRIUNFA CON AGON\u00cdA","datePublished":"2026-07-11T04:16:55+00:00","mainEntityOfPage":{"@id":"https:\/\/www.eldiario.net\/portal\/2026\/07\/11\/espana-triunfa-con-agonia\/"},"wordCount":259,"publisher":{"@id":"https:\/\/www.eldiario.net\/portal\/#organization"},"image":{"@id":"https:\/\/www.eldiario.net\/portal\/2026\/07\/11\/espana-triunfa-con-agonia\/#primaryimage"},"thumbnailUrl":"https:\/\/www.eldiario.net\/portal\/wp-content\/uploads\/2026\/07\/Principal-1.webp","articleSection":["Deportes"],"inLanguage":"es"},{"@type":"WebPage","@id":"https:\/\/www.eldiario.net\/portal\/2026\/07\/11\/espana-triunfa-con-agonia\/","url":"https:\/\/www.eldiario.net\/portal\/2026\/07\/11\/espana-triunfa-con-agonia\/","name":"ESPA\u00d1A TRIUNFA CON AGON\u00cdA - El Diario - Bolivia","isPartOf":{"@id":"https:\/\/www.eldiario.net\/portal\/#website"},"primaryImageOfPage":{"@id":"https:\/\/www.eldiario.net\/portal\/2026\/07\/11\/espana-triunfa-con-agonia\/#primaryimage"},"image":{"@id":"https:\/\/www.eldiario.net\/portal\/2026\/07\/11\/espana-triunfa-con-agonia\/#primaryimage"},"thumbnailUrl":"https:\/\/www.eldiario.net\/portal\/wp-content\/uploads\/2026\/07\/Principal-1.webp","datePublished":"2026-07-11T04:16:55+00:00","breadcrumb":{"@id":"https:\/\/www.eldiario.net\/portal\/2026\/07\/11\/espana-triunfa-con-agonia\/#breadcrumb"},"inLanguage":"es","potentialAction":[{"@type":"ReadAction","target":["https:\/\/www.eldiario.net\/portal\/2026\/07\/11\/espana-triunfa-con-agonia\/"]}]},{"@type":"ImageObject","inLanguage":"es","@id":"https:\/\/www.eldiario.net\/portal\/2026\/07\/11\/espana-triunfa-con-agonia\/#primaryimage","url":"https:\/\/www.eldiario.net\/portal\/wp-content\/uploads\/2026\/07\/Principal-1.webp","contentUrl":"https:\/\/www.eldiario.net\/portal\/wp-content\/uploads\/2026\/07\/Principal-1.webp","width":1024,"height":800,"caption":"Mikel Merino y su festejo por el gol sobre el final del partido. Foto: Selecci\u00f3n Espa\u00f1ola"},{"@type":"BreadcrumbList","@id":"https:\/\/www.eldiario.net\/portal\/2026\/07\/11\/espana-triunfa-con-agonia\/#breadcrumb","itemListElement":[{"@type":"ListItem","position":1,"name":"Portada","item":"https:\/\/www.eldiario.net\/portal\/"},{"@type":"ListItem","position":2,"name":"ESPA\u00d1A TRIUNFA CON AGON\u00cdA"}]},{"@type":"WebSite","@id":"https:\/\/www.eldiario.net\/portal\/#website","url":"https:\/\/www.eldiario.net\/portal\/","name":"El Diario - Decano de la prensa nacional","description":"El Diario - Decano de la prensa nacional","publisher":{"@id":"https:\/\/www.eldiario.net\/portal\/#organization"},"potentialAction":[{"@type":"SearchAction","target":{"@type":"EntryPoint","urlTemplate":"https:\/\/www.eldiario.net\/portal\/?s={search_term_string}"},"query-input":{"@type":"PropertyValueSpecification","valueRequired":true,"valueName":"search_term_string"}}],"inLanguage":"es"},{"@type":"Organization","@id":"https:\/\/www.eldiario.net\/portal\/#organization","name":"El Diario - Decano de la prensa nacional","url":"https:\/\/www.eldiario.net\/portal\/","logo":{"@type":"ImageObject","inLanguage":"es","@id":"https:\/\/www.eldiario.net\/portal\/#\/schema\/logo\/image\/","url":"https:\/\/www.eldiario.net\/portal\/wp-content\/uploads\/2023\/07\/logo_ED.jpg","contentUrl":"https:\/\/www.eldiario.net\/portal\/wp-content\/uploads\/2023\/07\/logo_ED.jpg","width":272,"height":52,"caption":"El Diario - Decano de la prensa nacional"},"image":{"@id":"https:\/\/www.eldiario.net\/portal\/#\/schema\/logo\/image\/"},"sameAs":["https:\/\/www.facebook.com\/eldiario.bolivia\/","https:\/\/x.com\/eldiario_net"]},{"@type":"Person","@id":"https:\/\/www.eldiario.net\/portal\/#\/schema\/person\/2c57cf2b7a7ae032e449e4c9b1019eac","name":"Jeanette","image":{"@type":"ImageObject","inLanguage":"es","@id":"https:\/\/secure.gravatar.com\/avatar\/3ea2118a5f7dad2b7138b1187a6b7ee55f160b9968b66013c3a3ef39dd7e5798?s=96&d=mm&r=g","url":"https:\/\/secure.gravatar.com\/avatar\/3ea2118a5f7dad2b7138b1187a6b7ee55f160b9968b66013c3a3ef39dd7e5798?s=96&d=mm&r=g","contentUrl":"https:\/\/secure.gravatar.com\/avatar\/3ea2118a5f7dad2b7138b1187a6b7ee55f160b9968b66013c3a3ef39dd7e5798?s=96&d=mm&r=g","caption":"Jeanette"},"sameAs":["https:\/\/www.eldiario.net\/portal"],"url":"https:\/\/www.eldiario.net\/portal\/author\/jeanette\/"}]}},"_links":{"self":[{"href":"https:\/\/www.eldiario.net\/portal\/wp-json\/wp\/v2\/posts\/411682","targetHints":{"allow":["GET"]}}],"collection":[{"href":"https:\/\/www.eldiario.net\/portal\/wp-json\/wp\/v2\/posts"}],"about":[{"href":"https:\/\/www.eldiario.net\/portal\/wp-json\/wp\/v2\/types\/post"}],"author":[{"embeddable":true,"href":"https:\/\/www.eldiario.net\/portal\/wp-json\/wp\/v2\/users\/1"}],"replies":[{"embeddable":true,"href":"https:\/\/www.eldiario.net\/portal\/wp-json\/wp\/v2\/comments?post=411682"}],"version-history":[{"count":1,"href":"https:\/\/www.eldiario.net\/portal\/wp-json\/wp\/v2\/posts\/411682\/revisions"}],"predecessor-version":[{"id":411685,"href":"https:\/\/www.eldiario.net\/portal\/wp-json\/wp\/v2\/posts\/411682\/revisions\/411685"}],"wp:featuredmedia":[{"embeddable":true,"href":"https:\/\/www.eldiario.net\/portal\/wp-json\/wp\/v2\/media\/411683"}],"wp:attachment":[{"href":"https:\/\/www.eldiario.net\/portal\/wp-json\/wp\/v2\/media?parent=411682"}],"wp:term":[{"taxonomy":"category","embeddable":true,"href":"https:\/\/www.eldiario.net\/portal\/wp-json\/wp\/v2\/categories?post=411682"},{"taxonomy":"post_tag","embeddable":true,"href":"https:\/\/www.eldiario.net\/portal\/wp-json\/wp\/v2\/tags?post=411682"}],"curies":[{"name":"wp","href":"https:\/\/api.w.org\/{rel}","templated":true}]}}