{"id":411672,"date":"2026-07-11T00:12:02","date_gmt":"2026-07-11T04:12:02","guid":{"rendered":"https:\/\/www.eldiario.net\/portal\/?p=411672"},"modified":"2026-07-10T22:13:28","modified_gmt":"2026-07-11T02:13:28","slug":"argentina-busca-lavarse-la-cara","status":"publish","type":"post","link":"https:\/\/www.eldiario.net\/portal\/2026\/07\/11\/argentina-busca-lavarse-la-cara\/","title":{"rendered":"Argentina busca  lavarse la cara"},"content":{"rendered":"<p>La Copa del Mundo ingres\u00f3 en su recta final de su desarrollo y quedan s\u00f3lo dos cupos m\u00e1s para las semifinales que se conocer\u00e1n esta tarde y noche, y cuyo juego m\u00e1s atractivo ser\u00e1 el que disputen Argentina y Suiza desde las 21.00 (hora de Bolivia) en el estadio GEHA Field at Arrowhead, en Kansas.<br \/>\nEl mundo nuevamente pondr\u00e1 sus ojos en lo que puede hacer el \u00fanico representante sudamericano en esta competici\u00f3n tras las eliminaciones de Uruguay, Paraguay, Colombia, Ecuador y Brasil.<br \/>\nLionel Messi ser\u00e1 nuevamente el objetivo de las c\u00e1maras porque podr\u00eda ser su \u00faltimo concierto en caso de repetir su anterior actuaci\u00f3n en la que por poco se despide del Mundial ante un sorpresivo Egipto que de ganar por 2-0 cay\u00f3 ante la Albiceleste por 3-2.<br \/>\nEsa performance del actual campe\u00f3n mundial dej\u00f3 muchas dudas en la afici\u00f3n porque durante 78 minutos no la tuvo f\u00e1cil y fue en los 12 \u00faltimos minutos cuando reaccion\u00f3 bajo la gu\u00eda de Messi y la efectividad de sus delanteros.<br \/>\nEl cotejo contra los \u2018faraones\u2019 dej\u00f3 al mismo tiempo una serie de especulaciones sobre un favoritismo de la FIFA y sus dirigentes por el cuadro albiceleste, sin embargo el cuadro de Lionel Scaloni deber\u00e1 desmentirlo sobre el c\u00e9sped y en 90 minutos contra los suizos.<br \/>\nRespecto al once titular que saldr\u00e1 esta noche, Scaloni s\u00f3lo tiene una duda si de incluir a Lautaro Mart\u00ednez en la delantera o seguir\u00e1 probando con Juli\u00e1n \u00c1lvarez. Ambos jugadores no est\u00e1n con la p\u00f3lvora encendida, el primero apenas anot\u00f3 un gol y el segundo ni se estren\u00f3 con las redes.<br \/>\nSuiza cuenta con una buena defensa que supo frenar a Colombia en octavos de final y con esa muralla intentar\u00e1 hacer lo mismo con los argentinos que llegan con Messi como el goleador del campeonato.<br \/>\nToda Europa est\u00e1 con el cuadro helv\u00e9tico porque es uno de los que podr\u00eda detener el avance argentino y asegurar que el trofeo de la Copa del Mundo regrese al Viejo Continente luego de cuatro a\u00f1os.<\/p>\n<p>7 Partidos jugaron argentinos y suizos en su historia. Argentina gan\u00f3 cinco veces y empat\u00f3 en dos.<\/p>\n<p><strong>LA ESPERANZA<\/strong><\/p>\n<p>Para &#8216;la Scaloneta&#8217;, alimentar la esperanza de convertirse en la segunda selecci\u00f3n que encadena dos t\u00edtulos mundiales consecutivos (tras el Brasil de Pel\u00e9 en 1958 y 62) y ofrecerle a su capit\u00e1n otros dos encuentros -semifinal y final o tercer puesto- con los que seguir batiendo r\u00e9cords y estar en igualdad de condiciones en la carrera por la Bota de Oro con Kylian Mbapp\u00e9.<\/p>\n<p><strong>PARA DESTACAR<\/strong><\/p>\n<p>Argentina no pierde en una eliminatoria de un gran torneo desde que cay\u00f3 ante Brasil en las semifinales de la Copa Am\u00e9rica de 2019 y presumen de un invicto de 11 partidos en la Copa del Mundo que se remonta a Qatar. Han marcado m\u00e1s de un gol en cada uno de esos encuentros.<br \/>\nAutor de un triplete en el debut argentino ante Argelia en el Arrowhead, Messi comparte con el franc\u00e9s Kylian Mbapp\u00e9 la cima de la tabla de goleadores con ocho conquistas. El capit\u00e1n de 39 a\u00f1os suma 21 goles en su carrera mundialista.<\/p>\n<figure id=\"attachment_411674\" aria-describedby=\"caption-attachment-411674\" style=\"width: 419px\" class=\"wp-caption alignleft\"><img loading=\"lazy\" decoding=\"async\" class=\" wp-image-411674\" src=\"https:\/\/www.eldiario.net\/portal\/wp-content\/uploads\/2026\/07\/bola-1.webp\" alt=\"\" width=\"419\" height=\"471\" srcset=\"https:\/\/www.eldiario.net\/portal\/wp-content\/uploads\/2026\/07\/bola-1.webp 854w, https:\/\/www.eldiario.net\/portal\/wp-content\/uploads\/2026\/07\/bola-1-267x300.webp 267w, https:\/\/www.eldiario.net\/portal\/wp-content\/uploads\/2026\/07\/bola-1-768x863.webp 768w, https:\/\/www.eldiario.net\/portal\/wp-content\/uploads\/2026\/07\/bola-1-374x420.webp 374w, https:\/\/www.eldiario.net\/portal\/wp-content\/uploads\/2026\/07\/bola-1-150x169.webp 150w, https:\/\/www.eldiario.net\/portal\/wp-content\/uploads\/2026\/07\/bola-1-300x337.webp 300w, https:\/\/www.eldiario.net\/portal\/wp-content\/uploads\/2026\/07\/bola-1-696x782.webp 696w\" sizes=\"auto, (max-width: 419px) 100vw, 419px\" \/><figcaption id=\"caption-attachment-411674\" class=\"wp-caption-text\">Lionel Messi optimista en el viaje con sus compa\u00f1eros. Foto: AFA<\/figcaption><\/figure>\n","protected":false},"excerpt":{"rendered":"<p>La Copa del Mundo ingres\u00f3 en su recta final de su desarrollo y quedan s\u00f3lo dos cupos m\u00e1s para las semifinales que se conocer\u00e1n esta tarde y noche, y cuyo juego m\u00e1s atractivo ser\u00e1 el que disputen Argentina y Suiza desde las 21.00 (hora de Bolivia) en el estadio GEHA Field at Arrowhead, en Kansas. [&hellip;]<\/p>\n","protected":false},"author":1,"featured_media":411673,"comment_status":"closed","ping_status":"open","sticky":false,"template":"","format":"standard","meta":{"_acf_changed":false,"footnotes":""},"categories":[6],"tags":[],"class_list":["post-411672","post","type-post","status-publish","format-standard","has-post-thumbnail","category-deportes"],"acf":{"antetitulo":""},"yoast_head":"<!-- This site is optimized with the Yoast SEO plugin v28.4 - https:\/\/yoast.com\/product\/yoast-seo-wordpress\/ -->\n<title>Argentina busca lavarse la cara - El Diario - Bolivia<\/title>\n<meta name=\"robots\" content=\"index, follow, max-snippet:-1, max-image-preview:large, max-video-preview:-1\" \/>\n<link rel=\"canonical\" href=\"https:\/\/www.eldiario.net\/portal\/2026\/07\/11\/argentina-busca-lavarse-la-cara\/\" \/>\n<meta property=\"og:locale\" content=\"es_ES\" \/>\n<meta property=\"og:type\" content=\"article\" \/>\n<meta property=\"og:title\" content=\"Argentina busca lavarse la cara - El Diario - Bolivia\" \/>\n<meta property=\"og:description\" content=\"La Copa del Mundo ingres\u00f3 en su recta final de su desarrollo y quedan s\u00f3lo dos cupos m\u00e1s para las semifinales que se conocer\u00e1n esta tarde y noche, y cuyo juego m\u00e1s atractivo ser\u00e1 el que disputen Argentina y Suiza desde las 21.00 (hora de Bolivia) en el estadio GEHA Field at Arrowhead, en Kansas. [&hellip;]\" \/>\n<meta property=\"og:url\" content=\"https:\/\/www.eldiario.net\/portal\/2026\/07\/11\/argentina-busca-lavarse-la-cara\/\" \/>\n<meta property=\"og:site_name\" content=\"El Diario - Bolivia\" \/>\n<meta property=\"article:publisher\" content=\"https:\/\/www.facebook.com\/eldiario.bolivia\/\" \/>\n<meta property=\"article:published_time\" content=\"2026-07-11T04:12:02+00:00\" \/>\n<meta property=\"og:image\" content=\"https:\/\/www.eldiario.net\/portal\/wp-content\/uploads\/2026\/07\/argentina.webp\" \/>\n\t<meta property=\"og:image:width\" content=\"854\" \/>\n\t<meta property=\"og:image:height\" content=\"982\" \/>\n\t<meta property=\"og:image:type\" content=\"image\/webp\" \/>\n<meta name=\"author\" content=\"Jeanette\" \/>\n<meta name=\"twitter:card\" content=\"summary_large_image\" \/>\n<meta name=\"twitter:creator\" content=\"@eldiario_net\" \/>\n<meta name=\"twitter:site\" content=\"@eldiario_net\" \/>\n<meta name=\"twitter:label1\" content=\"Escrito por\" \/>\n\t<meta name=\"twitter:data1\" content=\"Jeanette\" \/>\n\t<meta name=\"twitter:label2\" content=\"Tiempo de lectura\" \/>\n\t<meta name=\"twitter:data2\" content=\"3 minutos\" \/>\n<script type=\"application\/ld+json\" class=\"yoast-schema-graph\">{\"@context\":\"https:\\\/\\\/schema.org\",\"@graph\":[{\"@type\":\"Article\",\"@id\":\"https:\\\/\\\/www.eldiario.net\\\/portal\\\/2026\\\/07\\\/11\\\/argentina-busca-lavarse-la-cara\\\/#article\",\"isPartOf\":{\"@id\":\"https:\\\/\\\/www.eldiario.net\\\/portal\\\/2026\\\/07\\\/11\\\/argentina-busca-lavarse-la-cara\\\/\"},\"author\":{\"name\":\"Jeanette\",\"@id\":\"https:\\\/\\\/www.eldiario.net\\\/portal\\\/#\\\/schema\\\/person\\\/2c57cf2b7a7ae032e449e4c9b1019eac\"},\"headline\":\"Argentina busca lavarse la cara\",\"datePublished\":\"2026-07-11T04:12:02+00:00\",\"mainEntityOfPage\":{\"@id\":\"https:\\\/\\\/www.eldiario.net\\\/portal\\\/2026\\\/07\\\/11\\\/argentina-busca-lavarse-la-cara\\\/\"},\"wordCount\":560,\"publisher\":{\"@id\":\"https:\\\/\\\/www.eldiario.net\\\/portal\\\/#organization\"},\"image\":{\"@id\":\"https:\\\/\\\/www.eldiario.net\\\/portal\\\/2026\\\/07\\\/11\\\/argentina-busca-lavarse-la-cara\\\/#primaryimage\"},\"thumbnailUrl\":\"https:\\\/\\\/www.eldiario.net\\\/portal\\\/wp-content\\\/uploads\\\/2026\\\/07\\\/argentina.webp\",\"articleSection\":[\"Deportes\"],\"inLanguage\":\"es\"},{\"@type\":\"WebPage\",\"@id\":\"https:\\\/\\\/www.eldiario.net\\\/portal\\\/2026\\\/07\\\/11\\\/argentina-busca-lavarse-la-cara\\\/\",\"url\":\"https:\\\/\\\/www.eldiario.net\\\/portal\\\/2026\\\/07\\\/11\\\/argentina-busca-lavarse-la-cara\\\/\",\"name\":\"Argentina busca lavarse la cara - El Diario - Bolivia\",\"isPartOf\":{\"@id\":\"https:\\\/\\\/www.eldiario.net\\\/portal\\\/#website\"},\"primaryImageOfPage\":{\"@id\":\"https:\\\/\\\/www.eldiario.net\\\/portal\\\/2026\\\/07\\\/11\\\/argentina-busca-lavarse-la-cara\\\/#primaryimage\"},\"image\":{\"@id\":\"https:\\\/\\\/www.eldiario.net\\\/portal\\\/2026\\\/07\\\/11\\\/argentina-busca-lavarse-la-cara\\\/#primaryimage\"},\"thumbnailUrl\":\"https:\\\/\\\/www.eldiario.net\\\/portal\\\/wp-content\\\/uploads\\\/2026\\\/07\\\/argentina.webp\",\"datePublished\":\"2026-07-11T04:12:02+00:00\",\"breadcrumb\":{\"@id\":\"https:\\\/\\\/www.eldiario.net\\\/portal\\\/2026\\\/07\\\/11\\\/argentina-busca-lavarse-la-cara\\\/#breadcrumb\"},\"inLanguage\":\"es\",\"potentialAction\":[{\"@type\":\"ReadAction\",\"target\":[\"https:\\\/\\\/www.eldiario.net\\\/portal\\\/2026\\\/07\\\/11\\\/argentina-busca-lavarse-la-cara\\\/\"]}]},{\"@type\":\"ImageObject\",\"inLanguage\":\"es\",\"@id\":\"https:\\\/\\\/www.eldiario.net\\\/portal\\\/2026\\\/07\\\/11\\\/argentina-busca-lavarse-la-cara\\\/#primaryimage\",\"url\":\"https:\\\/\\\/www.eldiario.net\\\/portal\\\/wp-content\\\/uploads\\\/2026\\\/07\\\/argentina.webp\",\"contentUrl\":\"https:\\\/\\\/www.eldiario.net\\\/portal\\\/wp-content\\\/uploads\\\/2026\\\/07\\\/argentina.webp\",\"width\":854,\"height\":982,\"caption\":\"El arribo de la selecci\u00f3n Argentina en Kansas para el lance contra Suiza. Foto:AFA\"},{\"@type\":\"BreadcrumbList\",\"@id\":\"https:\\\/\\\/www.eldiario.net\\\/portal\\\/2026\\\/07\\\/11\\\/argentina-busca-lavarse-la-cara\\\/#breadcrumb\",\"itemListElement\":[{\"@type\":\"ListItem\",\"position\":1,\"name\":\"Portada\",\"item\":\"https:\\\/\\\/www.eldiario.net\\\/portal\\\/\"},{\"@type\":\"ListItem\",\"position\":2,\"name\":\"Argentina busca lavarse la cara\"}]},{\"@type\":\"WebSite\",\"@id\":\"https:\\\/\\\/www.eldiario.net\\\/portal\\\/#website\",\"url\":\"https:\\\/\\\/www.eldiario.net\\\/portal\\\/\",\"name\":\"El Diario - Decano de la prensa nacional\",\"description\":\"El Diario - Decano de la prensa nacional\",\"publisher\":{\"@id\":\"https:\\\/\\\/www.eldiario.net\\\/portal\\\/#organization\"},\"potentialAction\":[{\"@type\":\"SearchAction\",\"target\":{\"@type\":\"EntryPoint\",\"urlTemplate\":\"https:\\\/\\\/www.eldiario.net\\\/portal\\\/?s={search_term_string}\"},\"query-input\":{\"@type\":\"PropertyValueSpecification\",\"valueRequired\":true,\"valueName\":\"search_term_string\"}}],\"inLanguage\":\"es\"},{\"@type\":\"Organization\",\"@id\":\"https:\\\/\\\/www.eldiario.net\\\/portal\\\/#organization\",\"name\":\"El Diario - Decano de la prensa nacional\",\"url\":\"https:\\\/\\\/www.eldiario.net\\\/portal\\\/\",\"logo\":{\"@type\":\"ImageObject\",\"inLanguage\":\"es\",\"@id\":\"https:\\\/\\\/www.eldiario.net\\\/portal\\\/#\\\/schema\\\/logo\\\/image\\\/\",\"url\":\"https:\\\/\\\/www.eldiario.net\\\/portal\\\/wp-content\\\/uploads\\\/2023\\\/07\\\/logo_ED.jpg\",\"contentUrl\":\"https:\\\/\\\/www.eldiario.net\\\/portal\\\/wp-content\\\/uploads\\\/2023\\\/07\\\/logo_ED.jpg\",\"width\":272,\"height\":52,\"caption\":\"El Diario - Decano de la prensa nacional\"},\"image\":{\"@id\":\"https:\\\/\\\/www.eldiario.net\\\/portal\\\/#\\\/schema\\\/logo\\\/image\\\/\"},\"sameAs\":[\"https:\\\/\\\/www.facebook.com\\\/eldiario.bolivia\\\/\",\"https:\\\/\\\/x.com\\\/eldiario_net\"]},{\"@type\":\"Person\",\"@id\":\"https:\\\/\\\/www.eldiario.net\\\/portal\\\/#\\\/schema\\\/person\\\/2c57cf2b7a7ae032e449e4c9b1019eac\",\"name\":\"Jeanette\",\"image\":{\"@type\":\"ImageObject\",\"inLanguage\":\"es\",\"@id\":\"https:\\\/\\\/secure.gravatar.com\\\/avatar\\\/3ea2118a5f7dad2b7138b1187a6b7ee55f160b9968b66013c3a3ef39dd7e5798?s=96&d=mm&r=g\",\"url\":\"https:\\\/\\\/secure.gravatar.com\\\/avatar\\\/3ea2118a5f7dad2b7138b1187a6b7ee55f160b9968b66013c3a3ef39dd7e5798?s=96&d=mm&r=g\",\"contentUrl\":\"https:\\\/\\\/secure.gravatar.com\\\/avatar\\\/3ea2118a5f7dad2b7138b1187a6b7ee55f160b9968b66013c3a3ef39dd7e5798?s=96&d=mm&r=g\",\"caption\":\"Jeanette\"},\"sameAs\":[\"https:\\\/\\\/www.eldiario.net\\\/portal\"],\"url\":\"https:\\\/\\\/www.eldiario.net\\\/portal\\\/author\\\/jeanette\\\/\"}]}<\/script>\n<!-- \/ Yoast SEO plugin. -->","yoast_head_json":{"title":"Argentina busca lavarse la cara - El Diario - Bolivia","robots":{"index":"index","follow":"follow","max-snippet":"max-snippet:-1","max-image-preview":"max-image-preview:large","max-video-preview":"max-video-preview:-1"},"canonical":"https:\/\/www.eldiario.net\/portal\/2026\/07\/11\/argentina-busca-lavarse-la-cara\/","og_locale":"es_ES","og_type":"article","og_title":"Argentina busca lavarse la cara - El Diario - Bolivia","og_description":"La Copa del Mundo ingres\u00f3 en su recta final de su desarrollo y quedan s\u00f3lo dos cupos m\u00e1s para las semifinales que se conocer\u00e1n esta tarde y noche, y cuyo juego m\u00e1s atractivo ser\u00e1 el que disputen Argentina y Suiza desde las 21.00 (hora de Bolivia) en el estadio GEHA Field at Arrowhead, en Kansas. [&hellip;]","og_url":"https:\/\/www.eldiario.net\/portal\/2026\/07\/11\/argentina-busca-lavarse-la-cara\/","og_site_name":"El Diario - Bolivia","article_publisher":"https:\/\/www.facebook.com\/eldiario.bolivia\/","article_published_time":"2026-07-11T04:12:02+00:00","og_image":[{"width":854,"height":982,"url":"https:\/\/www.eldiario.net\/portal\/wp-content\/uploads\/2026\/07\/argentina.webp","type":"image\/webp"}],"author":"Jeanette","twitter_card":"summary_large_image","twitter_creator":"@eldiario_net","twitter_site":"@eldiario_net","twitter_misc":{"Escrito por":"Jeanette","Tiempo de lectura":"3 minutos"},"schema":{"@context":"https:\/\/schema.org","@graph":[{"@type":"Article","@id":"https:\/\/www.eldiario.net\/portal\/2026\/07\/11\/argentina-busca-lavarse-la-cara\/#article","isPartOf":{"@id":"https:\/\/www.eldiario.net\/portal\/2026\/07\/11\/argentina-busca-lavarse-la-cara\/"},"author":{"name":"Jeanette","@id":"https:\/\/www.eldiario.net\/portal\/#\/schema\/person\/2c57cf2b7a7ae032e449e4c9b1019eac"},"headline":"Argentina busca lavarse la cara","datePublished":"2026-07-11T04:12:02+00:00","mainEntityOfPage":{"@id":"https:\/\/www.eldiario.net\/portal\/2026\/07\/11\/argentina-busca-lavarse-la-cara\/"},"wordCount":560,"publisher":{"@id":"https:\/\/www.eldiario.net\/portal\/#organization"},"image":{"@id":"https:\/\/www.eldiario.net\/portal\/2026\/07\/11\/argentina-busca-lavarse-la-cara\/#primaryimage"},"thumbnailUrl":"https:\/\/www.eldiario.net\/portal\/wp-content\/uploads\/2026\/07\/argentina.webp","articleSection":["Deportes"],"inLanguage":"es"},{"@type":"WebPage","@id":"https:\/\/www.eldiario.net\/portal\/2026\/07\/11\/argentina-busca-lavarse-la-cara\/","url":"https:\/\/www.eldiario.net\/portal\/2026\/07\/11\/argentina-busca-lavarse-la-cara\/","name":"Argentina busca lavarse la cara - El Diario - Bolivia","isPartOf":{"@id":"https:\/\/www.eldiario.net\/portal\/#website"},"primaryImageOfPage":{"@id":"https:\/\/www.eldiario.net\/portal\/2026\/07\/11\/argentina-busca-lavarse-la-cara\/#primaryimage"},"image":{"@id":"https:\/\/www.eldiario.net\/portal\/2026\/07\/11\/argentina-busca-lavarse-la-cara\/#primaryimage"},"thumbnailUrl":"https:\/\/www.eldiario.net\/portal\/wp-content\/uploads\/2026\/07\/argentina.webp","datePublished":"2026-07-11T04:12:02+00:00","breadcrumb":{"@id":"https:\/\/www.eldiario.net\/portal\/2026\/07\/11\/argentina-busca-lavarse-la-cara\/#breadcrumb"},"inLanguage":"es","potentialAction":[{"@type":"ReadAction","target":["https:\/\/www.eldiario.net\/portal\/2026\/07\/11\/argentina-busca-lavarse-la-cara\/"]}]},{"@type":"ImageObject","inLanguage":"es","@id":"https:\/\/www.eldiario.net\/portal\/2026\/07\/11\/argentina-busca-lavarse-la-cara\/#primaryimage","url":"https:\/\/www.eldiario.net\/portal\/wp-content\/uploads\/2026\/07\/argentina.webp","contentUrl":"https:\/\/www.eldiario.net\/portal\/wp-content\/uploads\/2026\/07\/argentina.webp","width":854,"height":982,"caption":"El arribo de la selecci\u00f3n Argentina en Kansas para el lance contra Suiza. Foto:AFA"},{"@type":"BreadcrumbList","@id":"https:\/\/www.eldiario.net\/portal\/2026\/07\/11\/argentina-busca-lavarse-la-cara\/#breadcrumb","itemListElement":[{"@type":"ListItem","position":1,"name":"Portada","item":"https:\/\/www.eldiario.net\/portal\/"},{"@type":"ListItem","position":2,"name":"Argentina busca lavarse la cara"}]},{"@type":"WebSite","@id":"https:\/\/www.eldiario.net\/portal\/#website","url":"https:\/\/www.eldiario.net\/portal\/","name":"El Diario - Decano de la prensa nacional","description":"El Diario - Decano de la prensa nacional","publisher":{"@id":"https:\/\/www.eldiario.net\/portal\/#organization"},"potentialAction":[{"@type":"SearchAction","target":{"@type":"EntryPoint","urlTemplate":"https:\/\/www.eldiario.net\/portal\/?s={search_term_string}"},"query-input":{"@type":"PropertyValueSpecification","valueRequired":true,"valueName":"search_term_string"}}],"inLanguage":"es"},{"@type":"Organization","@id":"https:\/\/www.eldiario.net\/portal\/#organization","name":"El Diario - Decano de la prensa nacional","url":"https:\/\/www.eldiario.net\/portal\/","logo":{"@type":"ImageObject","inLanguage":"es","@id":"https:\/\/www.eldiario.net\/portal\/#\/schema\/logo\/image\/","url":"https:\/\/www.eldiario.net\/portal\/wp-content\/uploads\/2023\/07\/logo_ED.jpg","contentUrl":"https:\/\/www.eldiario.net\/portal\/wp-content\/uploads\/2023\/07\/logo_ED.jpg","width":272,"height":52,"caption":"El Diario - Decano de la prensa nacional"},"image":{"@id":"https:\/\/www.eldiario.net\/portal\/#\/schema\/logo\/image\/"},"sameAs":["https:\/\/www.facebook.com\/eldiario.bolivia\/","https:\/\/x.com\/eldiario_net"]},{"@type":"Person","@id":"https:\/\/www.eldiario.net\/portal\/#\/schema\/person\/2c57cf2b7a7ae032e449e4c9b1019eac","name":"Jeanette","image":{"@type":"ImageObject","inLanguage":"es","@id":"https:\/\/secure.gravatar.com\/avatar\/3ea2118a5f7dad2b7138b1187a6b7ee55f160b9968b66013c3a3ef39dd7e5798?s=96&d=mm&r=g","url":"https:\/\/secure.gravatar.com\/avatar\/3ea2118a5f7dad2b7138b1187a6b7ee55f160b9968b66013c3a3ef39dd7e5798?s=96&d=mm&r=g","contentUrl":"https:\/\/secure.gravatar.com\/avatar\/3ea2118a5f7dad2b7138b1187a6b7ee55f160b9968b66013c3a3ef39dd7e5798?s=96&d=mm&r=g","caption":"Jeanette"},"sameAs":["https:\/\/www.eldiario.net\/portal"],"url":"https:\/\/www.eldiario.net\/portal\/author\/jeanette\/"}]}},"_links":{"self":[{"href":"https:\/\/www.eldiario.net\/portal\/wp-json\/wp\/v2\/posts\/411672","targetHints":{"allow":["GET"]}}],"collection":[{"href":"https:\/\/www.eldiario.net\/portal\/wp-json\/wp\/v2\/posts"}],"about":[{"href":"https:\/\/www.eldiario.net\/portal\/wp-json\/wp\/v2\/types\/post"}],"author":[{"embeddable":true,"href":"https:\/\/www.eldiario.net\/portal\/wp-json\/wp\/v2\/users\/1"}],"replies":[{"embeddable":true,"href":"https:\/\/www.eldiario.net\/portal\/wp-json\/wp\/v2\/comments?post=411672"}],"version-history":[{"count":1,"href":"https:\/\/www.eldiario.net\/portal\/wp-json\/wp\/v2\/posts\/411672\/revisions"}],"predecessor-version":[{"id":411675,"href":"https:\/\/www.eldiario.net\/portal\/wp-json\/wp\/v2\/posts\/411672\/revisions\/411675"}],"wp:featuredmedia":[{"embeddable":true,"href":"https:\/\/www.eldiario.net\/portal\/wp-json\/wp\/v2\/media\/411673"}],"wp:attachment":[{"href":"https:\/\/www.eldiario.net\/portal\/wp-json\/wp\/v2\/media?parent=411672"}],"wp:term":[{"taxonomy":"category","embeddable":true,"href":"https:\/\/www.eldiario.net\/portal\/wp-json\/wp\/v2\/categories?post=411672"},{"taxonomy":"post_tag","embeddable":true,"href":"https:\/\/www.eldiario.net\/portal\/wp-json\/wp\/v2\/tags?post=411672"}],"curies":[{"name":"wp","href":"https:\/\/api.w.org\/{rel}","templated":true}]}}