{"id":411657,"date":"2026-07-11T00:06:20","date_gmt":"2026-07-11T04:06:20","guid":{"rendered":"https:\/\/www.eldiario.net\/portal\/?p=411657"},"modified":"2026-07-10T22:07:27","modified_gmt":"2026-07-11T02:07:27","slug":"caf-propone-una-mirada-al-arte-contemporaneo-con-actuales-y-sus-lecturas-del-presente","status":"publish","type":"post","link":"https:\/\/www.eldiario.net\/portal\/2026\/07\/11\/caf-propone-una-mirada-al-arte-contemporaneo-con-actuales-y-sus-lecturas-del-presente\/","title":{"rendered":"CAF propone una mirada al arte contempor\u00e1neo  con Actuales y sus lecturas del presente"},"content":{"rendered":"<p>CAF -banco de desarrollo de Am\u00e9rica Latina y el Caribe-, en colaboraci\u00f3n con la Fundaci\u00f3n Gast\u00f3n Ugalde y Salar Galer\u00eda de Arte, presenta Actual(es): Lecturas del presente, exposici\u00f3n colectiva de arte contempor\u00e1neo boliviano que integra su programaci\u00f3n para la XX Larga Noche de Museos, reprogramada a ra\u00edz de los conflictos sociales vividos en el pa\u00eds.<\/p>\n<p>Instalada en la Galer\u00eda CAF, en la sede del organismo sobre la Av. Arce, la exposici\u00f3n propone un di\u00e1logo entre la producci\u00f3n art\u00edstica contempor\u00e1nea y la reflexi\u00f3n cr\u00edtica sobre el presente. Bajo la curadur\u00eda de Canela Ugalde y Mariano Ugalde, \u201cActual(es): Lecturas del presente\u201d ofrece una mirada plural sobre la escena art\u00edstica boliviana actual. A trav\u00e9s de pintura, fotograf\u00eda, videoarte, instalaci\u00f3n y textil, la muestra re\u00fane distintos lenguajes art\u00edsticos que permiten explorar temas como identidad, territorio, memoria, econom\u00eda y representaci\u00f3n, desde una mirada cr\u00edtica sobre la realidad contempor\u00e1nea.<\/p>\n<p>El recorrido presenta obras de Alfredo Coloma, River Claure, Jos\u00e9 Ballivi\u00e1n, Cristian Laime, Iv\u00e1n C\u00e1ceres, Roberto Unterladstaetter, Mario Coarite, Sebasti\u00e1n Ugalde, Christian Lanza, Rodrigo Alarc\u00f3n y Paola Bascon. Sus propuestas abordan temas vinculados con la identidad, el territorio, la memoria colectiva, las din\u00e1micas econ\u00f3micas, la representaci\u00f3n y las transformaciones sociales y culturales del presente.<\/p>\n<p>\u201cCon esta muestra, CAF reafirma su compromiso con la circulaci\u00f3n de artistas de Am\u00e9rica Latina y el Caribe y con la cultura como dimensi\u00f3n esencial del desarrollo. Actual(es) abre un espacio para que nuevos p\u00fablicos se acerquen al arte contempor\u00e1neo boliviano y reflexionen sobre temas como memoria, territorio, identidad y representaci\u00f3n\u201d, afirma Jeannette S\u00e1nchez Zurita, representante de CAF en Bolivia.<\/p>\n<p>Una de las piezas centrales de la exposici\u00f3n es Bloque(o), de Alfredo Coloma, obra que apela a la iconograf\u00eda tiwanakota asociada al monolito Bennett para interrogar la construcci\u00f3n de sentidos, la monumentalidad y la instrumentalizaci\u00f3n de los s\u00edmbolos culturales en distintos momentos de la historia boliviana.<\/p>\n<p>\u201cActual(es) no busca ofrecer respuestas cerradas, sino abrir un campo de lectura. Las obras parten de contextos locales, pero dialogan con problem\u00e1ticas que tambi\u00e9n son globales; por eso nos interesa mostrar nuevos lenguajes que inviten a mirar m\u00e1s all\u00e1 de lo evidente\u201d, se\u00f1ala Mariano Ugalde.<\/p>\n<p><strong>Documental sobre Cristian Laime <\/strong><\/p>\n<p>Como parte de la jornada, la Galer\u00eda CAF presentar\u00e1 un cortometraje documental sobre la vida y obra de Cristian Laime, destacado artista ind\u00edgena boliviano participante de la muestra. La proyecci\u00f3n se realizar\u00e1 en tres turnos, a las 17:00, 18:00 y 19:00, con una duraci\u00f3n aproximada de 15 minutos.<\/p>\n<p>El documental recorre momentos clave de la trayectoria de Laime, desde sus v\u00ednculos con el lago Titicaca hasta su consolidaci\u00f3n dentro de la escena art\u00edstica contempor\u00e1nea. La actividad busca acercar al p\u00fablico a los procesos creativos que sostienen la exposici\u00f3n y ampliar la experiencia de visita durante la Larga Noche de Museos.<\/p>\n<p>El programa presentado por la Galer\u00eda CAF busca acercar nuevos p\u00fablicos a la creaci\u00f3n contempor\u00e1nea, generar espacios de encuentro ciudadano y promover una lectura cr\u00edtica del presente desde el arte.<\/p>\n<p>La participaci\u00f3n de CAF en esta jornada responde a su Estrategia de Cultura, articulada por la Secretar\u00eda General, a trav\u00e9s del Programa de Circulaci\u00f3n y Visibilizaci\u00f3n de Artistas Latinoamericanos y Caribe\u00f1os, reafirmando su compromiso con la cultura como dimensi\u00f3n esencial y motor del desarrollo sostenible, la cohesi\u00f3n social y la integraci\u00f3n de Am\u00e9rica Latina y el Caribe, promoviendo las expresiones de los pueblos de la regi\u00f3n como puente de integraci\u00f3n y crecimiento.<\/p>\n\r\n                <style type=\"text\/css\">\r\n                    \r\n                    #tdi_1  .td-doubleSlider-2 .td-item1 {\r\n                        background: url(https:\/\/www.eldiario.net\/portal\/wp-content\/uploads\/2026\/07\/FOTO-7-1-80x60.webp) 0 0 no-repeat;\r\n                    }\r\n                    #tdi_1  .td-doubleSlider-2 .td-item2 {\r\n                        background: url(https:\/\/www.eldiario.net\/portal\/wp-content\/uploads\/2026\/07\/FOTO-3-2-80x60.webp) 0 0 no-repeat;\r\n                    }\r\n                    #tdi_1  .td-doubleSlider-2 .td-item3 {\r\n                        background: url(https:\/\/www.eldiario.net\/portal\/wp-content\/uploads\/2026\/07\/FOTO-5-2-80x60.webp) 0 0 no-repeat;\r\n                    }\r\n                    #tdi_1  .td-doubleSlider-2 .td-item4 {\r\n                        background: url(https:\/\/www.eldiario.net\/portal\/wp-content\/uploads\/2026\/07\/FOTO-6-80x60.webp) 0 0 no-repeat;\r\n                    }\r\n                <\/style>\r\n\r\n                <div id=\"tdi_1\" class=\"td-gallery td-slide-on-2-columns\">\r\n                    <div class=\"post_td_gallery\">\r\n                        <div class=\"td-gallery-slide-top\">\r\n                           <div class=\"td-gallery-title\"><\/div>\r\n\r\n                            <div class=\"td-gallery-controls-wrapper\">\r\n                                <div class=\"td-gallery-slide-count\"><span class=\"td-gallery-slide-item-focus\">1<\/span> de 4<\/div>\r\n                                <div class=\"td-gallery-slide-prev-next-but\">\r\n                                    <i class = \"td-icon-left doubleSliderPrevButton\"><\/i>\r\n                                    <i class = \"td-icon-right doubleSliderNextButton\"><\/i>\r\n                                <\/div>\r\n                            <\/div>\r\n                        <\/div>\r\n\r\n                        <div class = \"td-doubleSlider-1 \">\r\n                            <div class = \"td-slider\">\r\n                                \r\n                    <div class = \"td-slide-item td-item1\">\r\n                        <figure class=\"td-slide-galery-figure td-slide-popup-gallery\">\r\n                            <a class=\"slide-gallery-image-link\" href=\"https:\/\/www.eldiario.net\/portal\/wp-content\/uploads\/2026\/07\/FOTO-7-1.webp\" title=\"FOTO-7\"  data-caption=\"\"  data-description=\"\">\r\n                                <img decoding=\"async\" src=\"https:\/\/www.eldiario.net\/portal\/wp-content\/uploads\/2026\/07\/FOTO-7-1-630x420.webp\" srcset=\"https:\/\/www.eldiario.net\/portal\/wp-content\/uploads\/2026\/07\/FOTO-7-1-630x420.webp 630w, https:\/\/www.eldiario.net\/portal\/wp-content\/uploads\/2026\/07\/FOTO-7-1-300x200.webp 300w, https:\/\/www.eldiario.net\/portal\/wp-content\/uploads\/2026\/07\/FOTO-7-1-1024x682.webp 1024w, https:\/\/www.eldiario.net\/portal\/wp-content\/uploads\/2026\/07\/FOTO-7-1-768x512.webp 768w, https:\/\/www.eldiario.net\/portal\/wp-content\/uploads\/2026\/07\/FOTO-7-1-150x100.webp 150w, https:\/\/www.eldiario.net\/portal\/wp-content\/uploads\/2026\/07\/FOTO-7-1-696x464.webp 696w, https:\/\/www.eldiario.net\/portal\/wp-content\/uploads\/2026\/07\/FOTO-7-1-1068x712.webp 1068w, https:\/\/www.eldiario.net\/portal\/wp-content\/uploads\/2026\/07\/FOTO-7-1.webp 1280w\" sizes=\"(max-width: 630px) 100vw, 630px\" alt=\"\">\r\n                            <\/a>\r\n                            \r\n                        <\/figure>\r\n                    <\/div>\r\n                    <div class = \"td-slide-item td-item2\">\r\n                        <figure class=\"td-slide-galery-figure td-slide-popup-gallery\">\r\n                            <a class=\"slide-gallery-image-link\" href=\"https:\/\/www.eldiario.net\/portal\/wp-content\/uploads\/2026\/07\/FOTO-3-2.webp\" title=\"FOTO-3\"  data-caption=\"\"  data-description=\"\">\r\n                                <img decoding=\"async\" src=\"https:\/\/www.eldiario.net\/portal\/wp-content\/uploads\/2026\/07\/FOTO-3-2-630x420.webp\" srcset=\"https:\/\/www.eldiario.net\/portal\/wp-content\/uploads\/2026\/07\/FOTO-3-2-630x420.webp 630w, https:\/\/www.eldiario.net\/portal\/wp-content\/uploads\/2026\/07\/FOTO-3-2-300x200.webp 300w, https:\/\/www.eldiario.net\/portal\/wp-content\/uploads\/2026\/07\/FOTO-3-2-1024x682.webp 1024w, https:\/\/www.eldiario.net\/portal\/wp-content\/uploads\/2026\/07\/FOTO-3-2-768x512.webp 768w, https:\/\/www.eldiario.net\/portal\/wp-content\/uploads\/2026\/07\/FOTO-3-2-150x100.webp 150w, https:\/\/www.eldiario.net\/portal\/wp-content\/uploads\/2026\/07\/FOTO-3-2-696x464.webp 696w, https:\/\/www.eldiario.net\/portal\/wp-content\/uploads\/2026\/07\/FOTO-3-2-1068x712.webp 1068w, https:\/\/www.eldiario.net\/portal\/wp-content\/uploads\/2026\/07\/FOTO-3-2.webp 1280w\" sizes=\"(max-width: 630px) 100vw, 630px\" alt=\"\">\r\n                            <\/a>\r\n                            \r\n                        <\/figure>\r\n                    <\/div>\r\n                    <div class = \"td-slide-item td-item3\">\r\n                        <figure class=\"td-slide-galery-figure td-slide-popup-gallery\">\r\n                            <a class=\"slide-gallery-image-link\" href=\"https:\/\/www.eldiario.net\/portal\/wp-content\/uploads\/2026\/07\/FOTO-5-2.webp\" title=\"FOTO-5\"  data-caption=\"\"  data-description=\"\">\r\n                                <img decoding=\"async\" src=\"https:\/\/www.eldiario.net\/portal\/wp-content\/uploads\/2026\/07\/FOTO-5-2-630x420.webp\" srcset=\"https:\/\/www.eldiario.net\/portal\/wp-content\/uploads\/2026\/07\/FOTO-5-2-630x420.webp 630w, https:\/\/www.eldiario.net\/portal\/wp-content\/uploads\/2026\/07\/FOTO-5-2-300x200.webp 300w, https:\/\/www.eldiario.net\/portal\/wp-content\/uploads\/2026\/07\/FOTO-5-2-1024x682.webp 1024w, https:\/\/www.eldiario.net\/portal\/wp-content\/uploads\/2026\/07\/FOTO-5-2-768x512.webp 768w, https:\/\/www.eldiario.net\/portal\/wp-content\/uploads\/2026\/07\/FOTO-5-2-150x100.webp 150w, https:\/\/www.eldiario.net\/portal\/wp-content\/uploads\/2026\/07\/FOTO-5-2-696x464.webp 696w, https:\/\/www.eldiario.net\/portal\/wp-content\/uploads\/2026\/07\/FOTO-5-2-1068x712.webp 1068w, https:\/\/www.eldiario.net\/portal\/wp-content\/uploads\/2026\/07\/FOTO-5-2.webp 1280w\" sizes=\"(max-width: 630px) 100vw, 630px\" alt=\"\">\r\n                            <\/a>\r\n                            \r\n                        <\/figure>\r\n                    <\/div>\r\n                    <div class = \"td-slide-item td-item4\">\r\n                        <figure class=\"td-slide-galery-figure td-slide-popup-gallery\">\r\n                            <a class=\"slide-gallery-image-link\" href=\"https:\/\/www.eldiario.net\/portal\/wp-content\/uploads\/2026\/07\/FOTO-6.webp\" title=\"FOTO-6\"  data-caption=\"\"  data-description=\"\">\r\n                                <img decoding=\"async\" src=\"https:\/\/www.eldiario.net\/portal\/wp-content\/uploads\/2026\/07\/FOTO-6-630x420.webp\" srcset=\"https:\/\/www.eldiario.net\/portal\/wp-content\/uploads\/2026\/07\/FOTO-6-630x420.webp 630w, https:\/\/www.eldiario.net\/portal\/wp-content\/uploads\/2026\/07\/FOTO-6-300x200.webp 300w, https:\/\/www.eldiario.net\/portal\/wp-content\/uploads\/2026\/07\/FOTO-6-1024x682.webp 1024w, https:\/\/www.eldiario.net\/portal\/wp-content\/uploads\/2026\/07\/FOTO-6-768x512.webp 768w, https:\/\/www.eldiario.net\/portal\/wp-content\/uploads\/2026\/07\/FOTO-6-150x100.webp 150w, https:\/\/www.eldiario.net\/portal\/wp-content\/uploads\/2026\/07\/FOTO-6-696x464.webp 696w, https:\/\/www.eldiario.net\/portal\/wp-content\/uploads\/2026\/07\/FOTO-6-1068x712.webp 1068w, https:\/\/www.eldiario.net\/portal\/wp-content\/uploads\/2026\/07\/FOTO-6.webp 1280w\" sizes=\"(max-width: 630px) 100vw, 630px\" alt=\"\">\r\n                            <\/a>\r\n                            \r\n                        <\/figure>\r\n                    <\/div>\r\n                            <\/div>\r\n                        <\/div>\r\n\r\n                        <div class = \"td-doubleSlider-2\">\r\n                            <div class = \"td-slider\">\r\n                                \r\n                    <div class = \"td-button td-item1\">\r\n                        <div class = \"td-border\"><\/div>\r\n                    <\/div>\r\n                    <div class = \"td-button td-item2\">\r\n                        <div class = \"td-border\"><\/div>\r\n                    <\/div>\r\n                    <div class = \"td-button td-item3\">\r\n                        <div class = \"td-border\"><\/div>\r\n                    <\/div>\r\n                    <div class = \"td-button td-item4\">\r\n                        <div class = \"td-border\"><\/div>\r\n                    <\/div>\r\n                            <\/div>\r\n                        <\/div>\r\n\r\n                    <\/div>\r\n\r\n                <\/div>\r\n                \n","protected":false},"excerpt":{"rendered":"<p>CAF -banco de desarrollo de Am\u00e9rica Latina y el Caribe-, en colaboraci\u00f3n con la Fundaci\u00f3n Gast\u00f3n Ugalde y Salar Galer\u00eda de Arte, presenta Actual(es): Lecturas del presente, exposici\u00f3n colectiva de arte contempor\u00e1neo boliviano que integra su programaci\u00f3n para la XX Larga Noche de Museos, reprogramada a ra\u00edz de los conflictos sociales vividos en el pa\u00eds. [&hellip;]<\/p>\n","protected":false},"author":1,"featured_media":411661,"comment_status":"closed","ping_status":"open","sticky":false,"template":"","format":"standard","meta":{"_acf_changed":false,"footnotes":""},"categories":[8],"tags":[],"class_list":["post-411657","post","type-post","status-publish","format-standard","has-post-thumbnail","category-cultural"],"acf":{"antetitulo":"Larga noche de museos"},"yoast_head":"<!-- This site is optimized with the Yoast SEO plugin v28.4 - https:\/\/yoast.com\/product\/yoast-seo-wordpress\/ -->\n<title>CAF propone una mirada al arte contempor\u00e1neo con Actuales y sus lecturas del presente - El Diario - Bolivia<\/title>\n<meta name=\"robots\" content=\"index, follow, max-snippet:-1, max-image-preview:large, max-video-preview:-1\" \/>\n<link rel=\"canonical\" href=\"https:\/\/www.eldiario.net\/portal\/2026\/07\/11\/caf-propone-una-mirada-al-arte-contemporaneo-con-actuales-y-sus-lecturas-del-presente\/\" \/>\n<meta property=\"og:locale\" content=\"es_ES\" \/>\n<meta property=\"og:type\" content=\"article\" \/>\n<meta property=\"og:title\" content=\"CAF propone una mirada al arte contempor\u00e1neo con Actuales y sus lecturas del presente - El Diario - Bolivia\" \/>\n<meta property=\"og:description\" content=\"CAF -banco de desarrollo de Am\u00e9rica Latina y el Caribe-, en colaboraci\u00f3n con la Fundaci\u00f3n Gast\u00f3n Ugalde y Salar Galer\u00eda de Arte, presenta Actual(es): Lecturas del presente, exposici\u00f3n colectiva de arte contempor\u00e1neo boliviano que integra su programaci\u00f3n para la XX Larga Noche de Museos, reprogramada a ra\u00edz de los conflictos sociales vividos en el pa\u00eds. [&hellip;]\" \/>\n<meta property=\"og:url\" content=\"https:\/\/www.eldiario.net\/portal\/2026\/07\/11\/caf-propone-una-mirada-al-arte-contemporaneo-con-actuales-y-sus-lecturas-del-presente\/\" \/>\n<meta property=\"og:site_name\" content=\"El Diario - Bolivia\" \/>\n<meta property=\"article:publisher\" content=\"https:\/\/www.facebook.com\/eldiario.bolivia\/\" \/>\n<meta property=\"article:published_time\" content=\"2026-07-11T04:06:20+00:00\" \/>\n<meta property=\"og:image\" content=\"https:\/\/www.eldiario.net\/portal\/wp-content\/uploads\/2026\/07\/FOTO-6.webp\" \/>\n\t<meta property=\"og:image:width\" content=\"1280\" \/>\n\t<meta property=\"og:image:height\" content=\"853\" \/>\n\t<meta property=\"og:image:type\" content=\"image\/webp\" \/>\n<meta name=\"author\" content=\"Jeanette\" \/>\n<meta name=\"twitter:card\" content=\"summary_large_image\" \/>\n<meta name=\"twitter:creator\" content=\"@eldiario_net\" \/>\n<meta name=\"twitter:site\" content=\"@eldiario_net\" \/>\n<meta name=\"twitter:label1\" content=\"Escrito por\" \/>\n\t<meta name=\"twitter:data1\" content=\"Jeanette\" \/>\n\t<meta name=\"twitter:label2\" content=\"Tiempo de lectura\" \/>\n\t<meta name=\"twitter:data2\" content=\"3 minutos\" \/>\n<script type=\"application\/ld+json\" class=\"yoast-schema-graph\">{\"@context\":\"https:\\\/\\\/schema.org\",\"@graph\":[{\"@type\":\"Article\",\"@id\":\"https:\\\/\\\/www.eldiario.net\\\/portal\\\/2026\\\/07\\\/11\\\/caf-propone-una-mirada-al-arte-contemporaneo-con-actuales-y-sus-lecturas-del-presente\\\/#article\",\"isPartOf\":{\"@id\":\"https:\\\/\\\/www.eldiario.net\\\/portal\\\/2026\\\/07\\\/11\\\/caf-propone-una-mirada-al-arte-contemporaneo-con-actuales-y-sus-lecturas-del-presente\\\/\"},\"author\":{\"name\":\"Jeanette\",\"@id\":\"https:\\\/\\\/www.eldiario.net\\\/portal\\\/#\\\/schema\\\/person\\\/2c57cf2b7a7ae032e449e4c9b1019eac\"},\"headline\":\"CAF propone una mirada al arte contempor\u00e1neo con Actuales y sus lecturas del presente\",\"datePublished\":\"2026-07-11T04:06:20+00:00\",\"mainEntityOfPage\":{\"@id\":\"https:\\\/\\\/www.eldiario.net\\\/portal\\\/2026\\\/07\\\/11\\\/caf-propone-una-mirada-al-arte-contemporaneo-con-actuales-y-sus-lecturas-del-presente\\\/\"},\"wordCount\":659,\"publisher\":{\"@id\":\"https:\\\/\\\/www.eldiario.net\\\/portal\\\/#organization\"},\"image\":{\"@id\":\"https:\\\/\\\/www.eldiario.net\\\/portal\\\/2026\\\/07\\\/11\\\/caf-propone-una-mirada-al-arte-contemporaneo-con-actuales-y-sus-lecturas-del-presente\\\/#primaryimage\"},\"thumbnailUrl\":\"https:\\\/\\\/www.eldiario.net\\\/portal\\\/wp-content\\\/uploads\\\/2026\\\/07\\\/FOTO-6.webp\",\"articleSection\":[\"Cultural\"],\"inLanguage\":\"es\"},{\"@type\":\"WebPage\",\"@id\":\"https:\\\/\\\/www.eldiario.net\\\/portal\\\/2026\\\/07\\\/11\\\/caf-propone-una-mirada-al-arte-contemporaneo-con-actuales-y-sus-lecturas-del-presente\\\/\",\"url\":\"https:\\\/\\\/www.eldiario.net\\\/portal\\\/2026\\\/07\\\/11\\\/caf-propone-una-mirada-al-arte-contemporaneo-con-actuales-y-sus-lecturas-del-presente\\\/\",\"name\":\"CAF propone una mirada al arte contempor\u00e1neo con Actuales y sus lecturas del presente - El Diario - Bolivia\",\"isPartOf\":{\"@id\":\"https:\\\/\\\/www.eldiario.net\\\/portal\\\/#website\"},\"primaryImageOfPage\":{\"@id\":\"https:\\\/\\\/www.eldiario.net\\\/portal\\\/2026\\\/07\\\/11\\\/caf-propone-una-mirada-al-arte-contemporaneo-con-actuales-y-sus-lecturas-del-presente\\\/#primaryimage\"},\"image\":{\"@id\":\"https:\\\/\\\/www.eldiario.net\\\/portal\\\/2026\\\/07\\\/11\\\/caf-propone-una-mirada-al-arte-contemporaneo-con-actuales-y-sus-lecturas-del-presente\\\/#primaryimage\"},\"thumbnailUrl\":\"https:\\\/\\\/www.eldiario.net\\\/portal\\\/wp-content\\\/uploads\\\/2026\\\/07\\\/FOTO-6.webp\",\"datePublished\":\"2026-07-11T04:06:20+00:00\",\"breadcrumb\":{\"@id\":\"https:\\\/\\\/www.eldiario.net\\\/portal\\\/2026\\\/07\\\/11\\\/caf-propone-una-mirada-al-arte-contemporaneo-con-actuales-y-sus-lecturas-del-presente\\\/#breadcrumb\"},\"inLanguage\":\"es\",\"potentialAction\":[{\"@type\":\"ReadAction\",\"target\":[\"https:\\\/\\\/www.eldiario.net\\\/portal\\\/2026\\\/07\\\/11\\\/caf-propone-una-mirada-al-arte-contemporaneo-con-actuales-y-sus-lecturas-del-presente\\\/\"]}]},{\"@type\":\"ImageObject\",\"inLanguage\":\"es\",\"@id\":\"https:\\\/\\\/www.eldiario.net\\\/portal\\\/2026\\\/07\\\/11\\\/caf-propone-una-mirada-al-arte-contemporaneo-con-actuales-y-sus-lecturas-del-presente\\\/#primaryimage\",\"url\":\"https:\\\/\\\/www.eldiario.net\\\/portal\\\/wp-content\\\/uploads\\\/2026\\\/07\\\/FOTO-6.webp\",\"contentUrl\":\"https:\\\/\\\/www.eldiario.net\\\/portal\\\/wp-content\\\/uploads\\\/2026\\\/07\\\/FOTO-6.webp\",\"width\":1280,\"height\":853},{\"@type\":\"BreadcrumbList\",\"@id\":\"https:\\\/\\\/www.eldiario.net\\\/portal\\\/2026\\\/07\\\/11\\\/caf-propone-una-mirada-al-arte-contemporaneo-con-actuales-y-sus-lecturas-del-presente\\\/#breadcrumb\",\"itemListElement\":[{\"@type\":\"ListItem\",\"position\":1,\"name\":\"Portada\",\"item\":\"https:\\\/\\\/www.eldiario.net\\\/portal\\\/\"},{\"@type\":\"ListItem\",\"position\":2,\"name\":\"CAF propone una mirada al arte contempor\u00e1neo con Actuales y sus lecturas del presente\"}]},{\"@type\":\"WebSite\",\"@id\":\"https:\\\/\\\/www.eldiario.net\\\/portal\\\/#website\",\"url\":\"https:\\\/\\\/www.eldiario.net\\\/portal\\\/\",\"name\":\"El Diario - Decano de la prensa nacional\",\"description\":\"El Diario - Decano de la prensa nacional\",\"publisher\":{\"@id\":\"https:\\\/\\\/www.eldiario.net\\\/portal\\\/#organization\"},\"potentialAction\":[{\"@type\":\"SearchAction\",\"target\":{\"@type\":\"EntryPoint\",\"urlTemplate\":\"https:\\\/\\\/www.eldiario.net\\\/portal\\\/?s={search_term_string}\"},\"query-input\":{\"@type\":\"PropertyValueSpecification\",\"valueRequired\":true,\"valueName\":\"search_term_string\"}}],\"inLanguage\":\"es\"},{\"@type\":\"Organization\",\"@id\":\"https:\\\/\\\/www.eldiario.net\\\/portal\\\/#organization\",\"name\":\"El Diario - Decano de la prensa nacional\",\"url\":\"https:\\\/\\\/www.eldiario.net\\\/portal\\\/\",\"logo\":{\"@type\":\"ImageObject\",\"inLanguage\":\"es\",\"@id\":\"https:\\\/\\\/www.eldiario.net\\\/portal\\\/#\\\/schema\\\/logo\\\/image\\\/\",\"url\":\"https:\\\/\\\/www.eldiario.net\\\/portal\\\/wp-content\\\/uploads\\\/2023\\\/07\\\/logo_ED.jpg\",\"contentUrl\":\"https:\\\/\\\/www.eldiario.net\\\/portal\\\/wp-content\\\/uploads\\\/2023\\\/07\\\/logo_ED.jpg\",\"width\":272,\"height\":52,\"caption\":\"El Diario - Decano de la prensa nacional\"},\"image\":{\"@id\":\"https:\\\/\\\/www.eldiario.net\\\/portal\\\/#\\\/schema\\\/logo\\\/image\\\/\"},\"sameAs\":[\"https:\\\/\\\/www.facebook.com\\\/eldiario.bolivia\\\/\",\"https:\\\/\\\/x.com\\\/eldiario_net\"]},{\"@type\":\"Person\",\"@id\":\"https:\\\/\\\/www.eldiario.net\\\/portal\\\/#\\\/schema\\\/person\\\/2c57cf2b7a7ae032e449e4c9b1019eac\",\"name\":\"Jeanette\",\"image\":{\"@type\":\"ImageObject\",\"inLanguage\":\"es\",\"@id\":\"https:\\\/\\\/secure.gravatar.com\\\/avatar\\\/3ea2118a5f7dad2b7138b1187a6b7ee55f160b9968b66013c3a3ef39dd7e5798?s=96&d=mm&r=g\",\"url\":\"https:\\\/\\\/secure.gravatar.com\\\/avatar\\\/3ea2118a5f7dad2b7138b1187a6b7ee55f160b9968b66013c3a3ef39dd7e5798?s=96&d=mm&r=g\",\"contentUrl\":\"https:\\\/\\\/secure.gravatar.com\\\/avatar\\\/3ea2118a5f7dad2b7138b1187a6b7ee55f160b9968b66013c3a3ef39dd7e5798?s=96&d=mm&r=g\",\"caption\":\"Jeanette\"},\"sameAs\":[\"https:\\\/\\\/www.eldiario.net\\\/portal\"],\"url\":\"https:\\\/\\\/www.eldiario.net\\\/portal\\\/author\\\/jeanette\\\/\"}]}<\/script>\n<!-- \/ Yoast SEO plugin. -->","yoast_head_json":{"title":"CAF propone una mirada al arte contempor\u00e1neo con Actuales y sus lecturas del presente - El Diario - Bolivia","robots":{"index":"index","follow":"follow","max-snippet":"max-snippet:-1","max-image-preview":"max-image-preview:large","max-video-preview":"max-video-preview:-1"},"canonical":"https:\/\/www.eldiario.net\/portal\/2026\/07\/11\/caf-propone-una-mirada-al-arte-contemporaneo-con-actuales-y-sus-lecturas-del-presente\/","og_locale":"es_ES","og_type":"article","og_title":"CAF propone una mirada al arte contempor\u00e1neo con Actuales y sus lecturas del presente - El Diario - Bolivia","og_description":"CAF -banco de desarrollo de Am\u00e9rica Latina y el Caribe-, en colaboraci\u00f3n con la Fundaci\u00f3n Gast\u00f3n Ugalde y Salar Galer\u00eda de Arte, presenta Actual(es): Lecturas del presente, exposici\u00f3n colectiva de arte contempor\u00e1neo boliviano que integra su programaci\u00f3n para la XX Larga Noche de Museos, reprogramada a ra\u00edz de los conflictos sociales vividos en el pa\u00eds. [&hellip;]","og_url":"https:\/\/www.eldiario.net\/portal\/2026\/07\/11\/caf-propone-una-mirada-al-arte-contemporaneo-con-actuales-y-sus-lecturas-del-presente\/","og_site_name":"El Diario - Bolivia","article_publisher":"https:\/\/www.facebook.com\/eldiario.bolivia\/","article_published_time":"2026-07-11T04:06:20+00:00","og_image":[{"width":1280,"height":853,"url":"https:\/\/www.eldiario.net\/portal\/wp-content\/uploads\/2026\/07\/FOTO-6.webp","type":"image\/webp"}],"author":"Jeanette","twitter_card":"summary_large_image","twitter_creator":"@eldiario_net","twitter_site":"@eldiario_net","twitter_misc":{"Escrito por":"Jeanette","Tiempo de lectura":"3 minutos"},"schema":{"@context":"https:\/\/schema.org","@graph":[{"@type":"Article","@id":"https:\/\/www.eldiario.net\/portal\/2026\/07\/11\/caf-propone-una-mirada-al-arte-contemporaneo-con-actuales-y-sus-lecturas-del-presente\/#article","isPartOf":{"@id":"https:\/\/www.eldiario.net\/portal\/2026\/07\/11\/caf-propone-una-mirada-al-arte-contemporaneo-con-actuales-y-sus-lecturas-del-presente\/"},"author":{"name":"Jeanette","@id":"https:\/\/www.eldiario.net\/portal\/#\/schema\/person\/2c57cf2b7a7ae032e449e4c9b1019eac"},"headline":"CAF propone una mirada al arte contempor\u00e1neo con Actuales y sus lecturas del presente","datePublished":"2026-07-11T04:06:20+00:00","mainEntityOfPage":{"@id":"https:\/\/www.eldiario.net\/portal\/2026\/07\/11\/caf-propone-una-mirada-al-arte-contemporaneo-con-actuales-y-sus-lecturas-del-presente\/"},"wordCount":659,"publisher":{"@id":"https:\/\/www.eldiario.net\/portal\/#organization"},"image":{"@id":"https:\/\/www.eldiario.net\/portal\/2026\/07\/11\/caf-propone-una-mirada-al-arte-contemporaneo-con-actuales-y-sus-lecturas-del-presente\/#primaryimage"},"thumbnailUrl":"https:\/\/www.eldiario.net\/portal\/wp-content\/uploads\/2026\/07\/FOTO-6.webp","articleSection":["Cultural"],"inLanguage":"es"},{"@type":"WebPage","@id":"https:\/\/www.eldiario.net\/portal\/2026\/07\/11\/caf-propone-una-mirada-al-arte-contemporaneo-con-actuales-y-sus-lecturas-del-presente\/","url":"https:\/\/www.eldiario.net\/portal\/2026\/07\/11\/caf-propone-una-mirada-al-arte-contemporaneo-con-actuales-y-sus-lecturas-del-presente\/","name":"CAF propone una mirada al arte contempor\u00e1neo con Actuales y sus lecturas del presente - El Diario - Bolivia","isPartOf":{"@id":"https:\/\/www.eldiario.net\/portal\/#website"},"primaryImageOfPage":{"@id":"https:\/\/www.eldiario.net\/portal\/2026\/07\/11\/caf-propone-una-mirada-al-arte-contemporaneo-con-actuales-y-sus-lecturas-del-presente\/#primaryimage"},"image":{"@id":"https:\/\/www.eldiario.net\/portal\/2026\/07\/11\/caf-propone-una-mirada-al-arte-contemporaneo-con-actuales-y-sus-lecturas-del-presente\/#primaryimage"},"thumbnailUrl":"https:\/\/www.eldiario.net\/portal\/wp-content\/uploads\/2026\/07\/FOTO-6.webp","datePublished":"2026-07-11T04:06:20+00:00","breadcrumb":{"@id":"https:\/\/www.eldiario.net\/portal\/2026\/07\/11\/caf-propone-una-mirada-al-arte-contemporaneo-con-actuales-y-sus-lecturas-del-presente\/#breadcrumb"},"inLanguage":"es","potentialAction":[{"@type":"ReadAction","target":["https:\/\/www.eldiario.net\/portal\/2026\/07\/11\/caf-propone-una-mirada-al-arte-contemporaneo-con-actuales-y-sus-lecturas-del-presente\/"]}]},{"@type":"ImageObject","inLanguage":"es","@id":"https:\/\/www.eldiario.net\/portal\/2026\/07\/11\/caf-propone-una-mirada-al-arte-contemporaneo-con-actuales-y-sus-lecturas-del-presente\/#primaryimage","url":"https:\/\/www.eldiario.net\/portal\/wp-content\/uploads\/2026\/07\/FOTO-6.webp","contentUrl":"https:\/\/www.eldiario.net\/portal\/wp-content\/uploads\/2026\/07\/FOTO-6.webp","width":1280,"height":853},{"@type":"BreadcrumbList","@id":"https:\/\/www.eldiario.net\/portal\/2026\/07\/11\/caf-propone-una-mirada-al-arte-contemporaneo-con-actuales-y-sus-lecturas-del-presente\/#breadcrumb","itemListElement":[{"@type":"ListItem","position":1,"name":"Portada","item":"https:\/\/www.eldiario.net\/portal\/"},{"@type":"ListItem","position":2,"name":"CAF propone una mirada al arte contempor\u00e1neo con Actuales y sus lecturas del presente"}]},{"@type":"WebSite","@id":"https:\/\/www.eldiario.net\/portal\/#website","url":"https:\/\/www.eldiario.net\/portal\/","name":"El Diario - Decano de la prensa nacional","description":"El Diario - Decano de la prensa nacional","publisher":{"@id":"https:\/\/www.eldiario.net\/portal\/#organization"},"potentialAction":[{"@type":"SearchAction","target":{"@type":"EntryPoint","urlTemplate":"https:\/\/www.eldiario.net\/portal\/?s={search_term_string}"},"query-input":{"@type":"PropertyValueSpecification","valueRequired":true,"valueName":"search_term_string"}}],"inLanguage":"es"},{"@type":"Organization","@id":"https:\/\/www.eldiario.net\/portal\/#organization","name":"El Diario - Decano de la prensa nacional","url":"https:\/\/www.eldiario.net\/portal\/","logo":{"@type":"ImageObject","inLanguage":"es","@id":"https:\/\/www.eldiario.net\/portal\/#\/schema\/logo\/image\/","url":"https:\/\/www.eldiario.net\/portal\/wp-content\/uploads\/2023\/07\/logo_ED.jpg","contentUrl":"https:\/\/www.eldiario.net\/portal\/wp-content\/uploads\/2023\/07\/logo_ED.jpg","width":272,"height":52,"caption":"El Diario - Decano de la prensa nacional"},"image":{"@id":"https:\/\/www.eldiario.net\/portal\/#\/schema\/logo\/image\/"},"sameAs":["https:\/\/www.facebook.com\/eldiario.bolivia\/","https:\/\/x.com\/eldiario_net"]},{"@type":"Person","@id":"https:\/\/www.eldiario.net\/portal\/#\/schema\/person\/2c57cf2b7a7ae032e449e4c9b1019eac","name":"Jeanette","image":{"@type":"ImageObject","inLanguage":"es","@id":"https:\/\/secure.gravatar.com\/avatar\/3ea2118a5f7dad2b7138b1187a6b7ee55f160b9968b66013c3a3ef39dd7e5798?s=96&d=mm&r=g","url":"https:\/\/secure.gravatar.com\/avatar\/3ea2118a5f7dad2b7138b1187a6b7ee55f160b9968b66013c3a3ef39dd7e5798?s=96&d=mm&r=g","contentUrl":"https:\/\/secure.gravatar.com\/avatar\/3ea2118a5f7dad2b7138b1187a6b7ee55f160b9968b66013c3a3ef39dd7e5798?s=96&d=mm&r=g","caption":"Jeanette"},"sameAs":["https:\/\/www.eldiario.net\/portal"],"url":"https:\/\/www.eldiario.net\/portal\/author\/jeanette\/"}]}},"_links":{"self":[{"href":"https:\/\/www.eldiario.net\/portal\/wp-json\/wp\/v2\/posts\/411657","targetHints":{"allow":["GET"]}}],"collection":[{"href":"https:\/\/www.eldiario.net\/portal\/wp-json\/wp\/v2\/posts"}],"about":[{"href":"https:\/\/www.eldiario.net\/portal\/wp-json\/wp\/v2\/types\/post"}],"author":[{"embeddable":true,"href":"https:\/\/www.eldiario.net\/portal\/wp-json\/wp\/v2\/users\/1"}],"replies":[{"embeddable":true,"href":"https:\/\/www.eldiario.net\/portal\/wp-json\/wp\/v2\/comments?post=411657"}],"version-history":[{"count":1,"href":"https:\/\/www.eldiario.net\/portal\/wp-json\/wp\/v2\/posts\/411657\/revisions"}],"predecessor-version":[{"id":411662,"href":"https:\/\/www.eldiario.net\/portal\/wp-json\/wp\/v2\/posts\/411657\/revisions\/411662"}],"wp:featuredmedia":[{"embeddable":true,"href":"https:\/\/www.eldiario.net\/portal\/wp-json\/wp\/v2\/media\/411661"}],"wp:attachment":[{"href":"https:\/\/www.eldiario.net\/portal\/wp-json\/wp\/v2\/media?parent=411657"}],"wp:term":[{"taxonomy":"category","embeddable":true,"href":"https:\/\/www.eldiario.net\/portal\/wp-json\/wp\/v2\/categories?post=411657"},{"taxonomy":"post_tag","embeddable":true,"href":"https:\/\/www.eldiario.net\/portal\/wp-json\/wp\/v2\/tags?post=411657"}],"curies":[{"name":"wp","href":"https:\/\/api.w.org\/{rel}","templated":true}]}}