{"id":411645,"date":"2026-07-11T00:02:18","date_gmt":"2026-07-11T04:02:18","guid":{"rendered":"https:\/\/www.eldiario.net\/portal\/?p=411645"},"modified":"2026-07-10T22:04:40","modified_gmt":"2026-07-11T02:04:40","slug":"national-geographic-society-rinde-homenaje-postumo-al-ing-walter-gonzalez","status":"publish","type":"post","link":"https:\/\/www.eldiario.net\/portal\/2026\/07\/11\/national-geographic-society-rinde-homenaje-postumo-al-ing-walter-gonzalez\/","title":{"rendered":"National Geographic Society rinde  homenaje p\u00f3stumo al Ing Walter Gonz\u00e1lez"},"content":{"rendered":"<p>En Washington, DC, capital de los EEUU, en una fiesta corrida de tres d\u00edas del 16 al 18 de junio de 2026, la National Geographic Society inaugur\u00f3 su nuevo Museo de Exploraci\u00f3n, nombr\u00f3 a su Exploradora del A\u00f1o y estableci\u00f3 su categor\u00eda de honor \u201cCartographer\u2019s Circle,\u201d que incluye al boliviano Ing. Walter Gonz\u00e1lez Gonz\u00e1lez (nace Cochabamba 1924\u2013fallece Illinois 1979), que entre otros logros profesionales, fue docente y decano de la facultad de Ingenier\u00eda Civil de la UMSA, presidente de la Sociedad de Ingenieros de Bolivia (1965-66), y Jefe de Ingenieria del Proyecto Alto Beni.<br \/>\nComo invitados de honor para la inauguraci\u00f3n del nuevo museo y homenaje p\u00f3stumo al Ing. Walter Gonz\u00e1lez estuvieron presentes dos de sus cinco hijos, el m\u00e9dico-cirujano Fernando Gonz\u00e1lez Sfeir y el abogado de empresas Javier Gonz\u00e1lez Sfeir. (Los otros hijos son Walter Ramiro (+), Jorge Mauricio y Sergio Antonio). El Sr. Kevin Maroni, presidente de la junta directiva de la National Geographic Society, fue el maestro de ceremonias para saludar a los invitados, develar la placa conmemorativa de la categor\u00eda de honor \u201cCartographer\u2019s Circle\u201d y ofrecer un brindis a los homenajeados y sus familias.<br \/>\nFue un momento de profunda reflexi\u00f3n y gratitud para los hermanos Gonz\u00e1lez Sfeir. Seg\u00fan Fernando, \u201cmi padre es mi h\u00e9roe, dediqu\u00e9 mi vida profesional a la medicina para curar a los enfermos, en gran parte porque mi pap\u00e1 muri\u00f3 demasiado joven de c\u00e1ncer\u201d, Seg\u00fan Javier, \u201cnuestro pap\u00e1 fue miembro suscriptor de la revista National Geographic Magazine desde la d\u00e9cada de 1960 y en casa, nosotros, sus hijos le\u00edamos mensualmente con gran entusiasmo cada n\u00famero de capa a capa\u201d.<br \/>\nLos dos hermanos agregaron en unison \u00abTambi\u00e9n hoy recordamos con cari\u00f1o y agradecimiento a nuestra madre Nelly Sfeir Cabero vda. de Gonz\u00e1lez, mujer siempre fiel a su marido\u00bb. Ahora y para siempre, la National Geographic Society recuerda al Ing. Walter Gonz\u00e1lez Gonz\u00e1lez.<\/p>\n<p><em>\u00abIllumina et protege mirabilia mundi\u00bb<\/em><\/p>\n\r\n                <style type=\"text\/css\">\r\n                    \r\n                    #tdi_1  .td-doubleSlider-2 .td-item1 {\r\n                        background: url(https:\/\/www.eldiario.net\/portal\/wp-content\/uploads\/2026\/07\/FOTO-1-3-80x60.webp) 0 0 no-repeat;\r\n                    }\r\n                    #tdi_1  .td-doubleSlider-2 .td-item2 {\r\n                        background: url(https:\/\/www.eldiario.net\/portal\/wp-content\/uploads\/2026\/07\/FOTO-2-3-80x60.webp) 0 0 no-repeat;\r\n                    }\r\n                    #tdi_1  .td-doubleSlider-2 .td-item3 {\r\n                        background: url(https:\/\/www.eldiario.net\/portal\/wp-content\/uploads\/2026\/07\/FOTO-3-1-80x60.webp) 0 0 no-repeat;\r\n                    }\r\n                    #tdi_1  .td-doubleSlider-2 .td-item4 {\r\n                        background: url(https:\/\/www.eldiario.net\/portal\/wp-content\/uploads\/2026\/07\/FOTO-4-80x60.webp) 0 0 no-repeat;\r\n                    }\r\n                    #tdi_1  .td-doubleSlider-2 .td-item5 {\r\n                        background: url(https:\/\/www.eldiario.net\/portal\/wp-content\/uploads\/2026\/07\/FOTO-5-80x60.webp) 0 0 no-repeat;\r\n                    }\r\n                    #tdi_1  .td-doubleSlider-2 .td-item6 {\r\n                        background: url(https:\/\/www.eldiario.net\/portal\/wp-content\/uploads\/2026\/07\/FOTO-7-80x60.webp) 0 0 no-repeat;\r\n                    }\r\n                    #tdi_1  .td-doubleSlider-2 .td-item7 {\r\n                        background: url(https:\/\/www.eldiario.net\/portal\/wp-content\/uploads\/2026\/07\/FOTO-8-80x60.webp) 0 0 no-repeat;\r\n                    }\r\n                    #tdi_1  .td-doubleSlider-2 .td-item8 {\r\n                        background: url(https:\/\/www.eldiario.net\/portal\/wp-content\/uploads\/2026\/07\/FOTO-11-2-80x60.webp) 0 0 no-repeat;\r\n                    }\r\n                    #tdi_1  .td-doubleSlider-2 .td-item9 {\r\n                        background: url(https:\/\/www.eldiario.net\/portal\/wp-content\/uploads\/2026\/07\/FOTO-12-1-80x60.webp) 0 0 no-repeat;\r\n                    }\r\n                    #tdi_1  .td-doubleSlider-2 .td-item10 {\r\n                        background: url(https:\/\/www.eldiario.net\/portal\/wp-content\/uploads\/2026\/07\/FOTO-14-80x60.webp) 0 0 no-repeat;\r\n                    }\r\n                <\/style>\r\n\r\n                <div id=\"tdi_1\" class=\"td-gallery td-slide-on-2-columns\">\r\n                    <div class=\"post_td_gallery\">\r\n                        <div class=\"td-gallery-slide-top\">\r\n                           <div class=\"td-gallery-title\"><\/div>\r\n\r\n                            <div class=\"td-gallery-controls-wrapper\">\r\n                                <div class=\"td-gallery-slide-count\"><span class=\"td-gallery-slide-item-focus\">1<\/span> de 10<\/div>\r\n                                <div class=\"td-gallery-slide-prev-next-but\">\r\n                                    <i class = \"td-icon-left doubleSliderPrevButton\"><\/i>\r\n                                    <i class = \"td-icon-right doubleSliderNextButton\"><\/i>\r\n                                <\/div>\r\n                            <\/div>\r\n                        <\/div>\r\n\r\n                        <div class = \"td-doubleSlider-1 \">\r\n                            <div class = \"td-slider\">\r\n                                \r\n                    <div class = \"td-slide-item td-item1\">\r\n                        <figure class=\"td-slide-galery-figure td-slide-popup-gallery\">\r\n                            <a class=\"slide-gallery-image-link\" href=\"https:\/\/www.eldiario.net\/portal\/wp-content\/uploads\/2026\/07\/FOTO-1-3.webp\" title=\"FOTO-1\"  data-caption=\"LOS HERMANOS FERNANDO GONZ\u00c1LEZ SFEIR, M\u00c8DICO CIRUJANO, Y JAVIER GONZ\u00c1LEZ SFEIR, ABOGADO.\"  data-description=\"LOS HERMANOS FERNANDO GONZ&Aacute;LEZ SFEIR, M&Egrave;DICO CIRUJANO, Y JAVIER GONZ&Aacute;LEZ SFEIR, ABOGADO.\">\r\n                                <img decoding=\"async\" src=\"https:\/\/www.eldiario.net\/portal\/wp-content\/uploads\/2026\/07\/FOTO-1-3-263x420.webp\" srcset=\"https:\/\/www.eldiario.net\/portal\/wp-content\/uploads\/2026\/07\/FOTO-1-3-263x420.webp 263w, https:\/\/www.eldiario.net\/portal\/wp-content\/uploads\/2026\/07\/FOTO-1-3-188x300.webp 188w, https:\/\/www.eldiario.net\/portal\/wp-content\/uploads\/2026\/07\/FOTO-1-3-642x1024.webp 642w, https:\/\/www.eldiario.net\/portal\/wp-content\/uploads\/2026\/07\/FOTO-1-3-768x1224.webp 768w, https:\/\/www.eldiario.net\/portal\/wp-content\/uploads\/2026\/07\/FOTO-1-3-150x239.webp 150w, https:\/\/www.eldiario.net\/portal\/wp-content\/uploads\/2026\/07\/FOTO-1-3-300x478.webp 300w, https:\/\/www.eldiario.net\/portal\/wp-content\/uploads\/2026\/07\/FOTO-1-3-696x1109.webp 696w, https:\/\/www.eldiario.net\/portal\/wp-content\/uploads\/2026\/07\/FOTO-1-3.webp 803w\" sizes=\"(max-width: 263px) 100vw, 263px\" alt=\"\">\r\n                            <\/a>\r\n                            <figcaption class = \"td-slide-caption td-gallery-slide-content\"><div class = \"td-gallery-slide-copywrite\">LOS HERMANOS FERNANDO GONZ\u00c1LEZ SFEIR, M\u00c8DICO CIRUJANO, Y JAVIER GONZ\u00c1LEZ SFEIR, ABOGADO.<\/div><span>LOS HERMANOS FERNANDO GONZ\u00c1LEZ SFEIR, M\u00c8DICO CIRUJANO, Y JAVIER GONZ\u00c1LEZ SFEIR, ABOGADO.<\/span><\/figcaption>\r\n                        <\/figure>\r\n                    <\/div>\r\n                    <div class = \"td-slide-item td-item2\">\r\n                        <figure class=\"td-slide-galery-figure td-slide-popup-gallery\">\r\n                            <a class=\"slide-gallery-image-link\" href=\"https:\/\/www.eldiario.net\/portal\/wp-content\/uploads\/2026\/07\/FOTO-2-3.webp\" title=\"FOTO-2\"  data-caption=\"\"  data-description=\"\">\r\n                                <img decoding=\"async\" src=\"https:\/\/www.eldiario.net\/portal\/wp-content\/uploads\/2026\/07\/FOTO-2-3-242x420.webp\" srcset=\"https:\/\/www.eldiario.net\/portal\/wp-content\/uploads\/2026\/07\/FOTO-2-3-242x420.webp 242w, https:\/\/www.eldiario.net\/portal\/wp-content\/uploads\/2026\/07\/FOTO-2-3-173x300.webp 173w, https:\/\/www.eldiario.net\/portal\/wp-content\/uploads\/2026\/07\/FOTO-2-3-591x1024.webp 591w, https:\/\/www.eldiario.net\/portal\/wp-content\/uploads\/2026\/07\/FOTO-2-3-150x260.webp 150w, https:\/\/www.eldiario.net\/portal\/wp-content\/uploads\/2026\/07\/FOTO-2-3-300x520.webp 300w, https:\/\/www.eldiario.net\/portal\/wp-content\/uploads\/2026\/07\/FOTO-2-3-696x1206.webp 696w, https:\/\/www.eldiario.net\/portal\/wp-content\/uploads\/2026\/07\/FOTO-2-3.webp 717w\" sizes=\"(max-width: 242px) 100vw, 242px\" alt=\"\">\r\n                            <\/a>\r\n                            \r\n                        <\/figure>\r\n                    <\/div>\r\n                    <div class = \"td-slide-item td-item3\">\r\n                        <figure class=\"td-slide-galery-figure td-slide-popup-gallery\">\r\n                            <a class=\"slide-gallery-image-link\" href=\"https:\/\/www.eldiario.net\/portal\/wp-content\/uploads\/2026\/07\/FOTO-3-1.webp\" title=\"FOTO-3\"  data-caption=\"\"  data-description=\"\">\r\n                                <img decoding=\"async\" src=\"https:\/\/www.eldiario.net\/portal\/wp-content\/uploads\/2026\/07\/FOTO-3-1-297x420.webp\" srcset=\"https:\/\/www.eldiario.net\/portal\/wp-content\/uploads\/2026\/07\/FOTO-3-1-297x420.webp 297w, https:\/\/www.eldiario.net\/portal\/wp-content\/uploads\/2026\/07\/FOTO-3-1-212x300.webp 212w, https:\/\/www.eldiario.net\/portal\/wp-content\/uploads\/2026\/07\/FOTO-3-1-724x1024.webp 724w, https:\/\/www.eldiario.net\/portal\/wp-content\/uploads\/2026\/07\/FOTO-3-1-768x1086.webp 768w, https:\/\/www.eldiario.net\/portal\/wp-content\/uploads\/2026\/07\/FOTO-3-1-150x212.webp 150w, https:\/\/www.eldiario.net\/portal\/wp-content\/uploads\/2026\/07\/FOTO-3-1-300x424.webp 300w, https:\/\/www.eldiario.net\/portal\/wp-content\/uploads\/2026\/07\/FOTO-3-1-696x984.webp 696w, https:\/\/www.eldiario.net\/portal\/wp-content\/uploads\/2026\/07\/FOTO-3-1.webp 905w\" sizes=\"(max-width: 297px) 100vw, 297px\" alt=\"\">\r\n                            <\/a>\r\n                            \r\n                        <\/figure>\r\n                    <\/div>\r\n                    <div class = \"td-slide-item td-item4\">\r\n                        <figure class=\"td-slide-galery-figure td-slide-popup-gallery\">\r\n                            <a class=\"slide-gallery-image-link\" href=\"https:\/\/www.eldiario.net\/portal\/wp-content\/uploads\/2026\/07\/FOTO-4.webp\" title=\"FOTO-4\"  data-caption=\"\"  data-description=\"\">\r\n                                <img decoding=\"async\" src=\"https:\/\/www.eldiario.net\/portal\/wp-content\/uploads\/2026\/07\/FOTO-4-293x420.webp\" srcset=\"https:\/\/www.eldiario.net\/portal\/wp-content\/uploads\/2026\/07\/FOTO-4-293x420.webp 293w, https:\/\/www.eldiario.net\/portal\/wp-content\/uploads\/2026\/07\/FOTO-4-209x300.webp 209w, https:\/\/www.eldiario.net\/portal\/wp-content\/uploads\/2026\/07\/FOTO-4-150x215.webp 150w, https:\/\/www.eldiario.net\/portal\/wp-content\/uploads\/2026\/07\/FOTO-4-300x430.webp 300w, https:\/\/www.eldiario.net\/portal\/wp-content\/uploads\/2026\/07\/FOTO-4.webp 641w\" sizes=\"(max-width: 293px) 100vw, 293px\" alt=\"\">\r\n                            <\/a>\r\n                            \r\n                        <\/figure>\r\n                    <\/div>\r\n                    <div class = \"td-slide-item td-item5\">\r\n                        <figure class=\"td-slide-galery-figure td-slide-popup-gallery\">\r\n                            <a class=\"slide-gallery-image-link\" href=\"https:\/\/www.eldiario.net\/portal\/wp-content\/uploads\/2026\/07\/FOTO-5.webp\" title=\"FOTO-5\"  data-caption=\"\"  data-description=\"\">\r\n                                <img decoding=\"async\" src=\"https:\/\/www.eldiario.net\/portal\/wp-content\/uploads\/2026\/07\/FOTO-5.webp\" srcset=\"https:\/\/www.eldiario.net\/portal\/wp-content\/uploads\/2026\/07\/FOTO-5.webp 917w, https:\/\/www.eldiario.net\/portal\/wp-content\/uploads\/2026\/07\/FOTO-5-300x129.webp 300w, https:\/\/www.eldiario.net\/portal\/wp-content\/uploads\/2026\/07\/FOTO-5-768x329.webp 768w, https:\/\/www.eldiario.net\/portal\/wp-content\/uploads\/2026\/07\/FOTO-5-150x64.webp 150w, https:\/\/www.eldiario.net\/portal\/wp-content\/uploads\/2026\/07\/FOTO-5-696x298.webp 696w\" sizes=\"(max-width: 917px) 100vw, 917px\" alt=\"\">\r\n                            <\/a>\r\n                            \r\n                        <\/figure>\r\n                    <\/div>\r\n                    <div class = \"td-slide-item td-item6\">\r\n                        <figure class=\"td-slide-galery-figure td-slide-popup-gallery\">\r\n                            <a class=\"slide-gallery-image-link\" href=\"https:\/\/www.eldiario.net\/portal\/wp-content\/uploads\/2026\/07\/FOTO-7.webp\" title=\"FOTO-7\"  data-caption=\"\"  data-description=\"\">\r\n                                <img decoding=\"async\" src=\"https:\/\/www.eldiario.net\/portal\/wp-content\/uploads\/2026\/07\/FOTO-7-726x420.webp\" srcset=\"https:\/\/www.eldiario.net\/portal\/wp-content\/uploads\/2026\/07\/FOTO-7-726x420.webp 726w, https:\/\/www.eldiario.net\/portal\/wp-content\/uploads\/2026\/07\/FOTO-7-300x174.webp 300w, https:\/\/www.eldiario.net\/portal\/wp-content\/uploads\/2026\/07\/FOTO-7-1024x592.webp 1024w, https:\/\/www.eldiario.net\/portal\/wp-content\/uploads\/2026\/07\/FOTO-7-768x444.webp 768w, https:\/\/www.eldiario.net\/portal\/wp-content\/uploads\/2026\/07\/FOTO-7-150x87.webp 150w, https:\/\/www.eldiario.net\/portal\/wp-content\/uploads\/2026\/07\/FOTO-7-696x403.webp 696w, https:\/\/www.eldiario.net\/portal\/wp-content\/uploads\/2026\/07\/FOTO-7.webp 1056w\" sizes=\"(max-width: 726px) 100vw, 726px\" alt=\"\">\r\n                            <\/a>\r\n                            \r\n                        <\/figure>\r\n                    <\/div>\r\n                    <div class = \"td-slide-item td-item7\">\r\n                        <figure class=\"td-slide-galery-figure td-slide-popup-gallery\">\r\n                            <a class=\"slide-gallery-image-link\" href=\"https:\/\/www.eldiario.net\/portal\/wp-content\/uploads\/2026\/07\/FOTO-8.webp\" title=\"FOTO-8\"  data-caption=\"EL C\u00cdRCULO DE \nCART\u00d3GRAFOS RINDE HOMENAJE AL LEGADO EMBLEM\u00c1TICO DE LA GEOGRAF\u00cdA Y LA \nCARTOGRAF\u00cdA DE LA NATIONAL \nGEOGRAPHIC SOCIETY, CON MOTIVO DE LA \nINAUGURACI\u00d3N DEL\n MUSEO DE LA\n EXPLORACI\u00d3N.\"  data-description=\"EL C&Iacute;RCULO DE \nCART&Oacute;GRAFOS RINDE HOMENAJE AL LEGADO EMBLEM&Aacute;TICO DE LA GEOGRAF&Iacute;A Y LA \nCARTOGRAF&Iacute;A DE LA NATIONAL \nGEOGRAPHIC SOCIETY, CON MOTIVO DE LA \nINAUGURACI&Oacute;N DEL\n MUSEO DE LA\n EXPLORACI&Oacute;N.\">\r\n                                <img decoding=\"async\" src=\"https:\/\/www.eldiario.net\/portal\/wp-content\/uploads\/2026\/07\/FOTO-8-461x420.webp\" srcset=\"https:\/\/www.eldiario.net\/portal\/wp-content\/uploads\/2026\/07\/FOTO-8-461x420.webp 461w, https:\/\/www.eldiario.net\/portal\/wp-content\/uploads\/2026\/07\/FOTO-8-300x274.webp 300w, https:\/\/www.eldiario.net\/portal\/wp-content\/uploads\/2026\/07\/FOTO-8-1024x934.webp 1024w, https:\/\/www.eldiario.net\/portal\/wp-content\/uploads\/2026\/07\/FOTO-8-768x700.webp 768w, https:\/\/www.eldiario.net\/portal\/wp-content\/uploads\/2026\/07\/FOTO-8-150x137.webp 150w, https:\/\/www.eldiario.net\/portal\/wp-content\/uploads\/2026\/07\/FOTO-8-696x635.webp 696w, https:\/\/www.eldiario.net\/portal\/wp-content\/uploads\/2026\/07\/FOTO-8.webp 1056w\" sizes=\"(max-width: 461px) 100vw, 461px\" alt=\"\">\r\n                            <\/a>\r\n                            <figcaption class = \"td-slide-caption td-gallery-slide-content\"><div class = \"td-gallery-slide-copywrite\">EL C\u00cdRCULO DE \nCART\u00d3GRAFOS RINDE HOMENAJE AL LEGADO EMBLEM\u00c1TICO DE LA GEOGRAF\u00cdA Y LA \nCARTOGRAF\u00cdA DE LA NATIONAL \nGEOGRAPHIC SOCIETY, CON MOTIVO DE LA \nINAUGURACI\u00d3N DEL\n MUSEO DE LA\n EXPLORACI\u00d3N.<\/div><span>EL C\u00cdRCULO DE \nCART\u00d3GRAFOS RINDE HOMENAJE AL LEGADO EMBLEM\u00c1TICO DE LA GEOGRAF\u00cdA Y LA \nCARTOGRAF\u00cdA DE LA NATIONAL \nGEOGRAPHIC SOCIETY, CON MOTIVO DE LA \nINAUGURACI\u00d3N DEL\n MUSEO DE LA\n EXPLORACI\u00d3N.<\/span><\/figcaption>\r\n                        <\/figure>\r\n                    <\/div>\r\n                    <div class = \"td-slide-item td-item8\">\r\n                        <figure class=\"td-slide-galery-figure td-slide-popup-gallery\">\r\n                            <a class=\"slide-gallery-image-link\" href=\"https:\/\/www.eldiario.net\/portal\/wp-content\/uploads\/2026\/07\/FOTO-11-2.webp\" title=\"FOTO-11\"  data-caption=\"\"  data-description=\"\">\r\n                                <img decoding=\"async\" src=\"https:\/\/www.eldiario.net\/portal\/wp-content\/uploads\/2026\/07\/FOTO-11-2-493x420.webp\" srcset=\"https:\/\/www.eldiario.net\/portal\/wp-content\/uploads\/2026\/07\/FOTO-11-2-493x420.webp 493w, https:\/\/www.eldiario.net\/portal\/wp-content\/uploads\/2026\/07\/FOTO-11-2-300x256.webp 300w, https:\/\/www.eldiario.net\/portal\/wp-content\/uploads\/2026\/07\/FOTO-11-2-150x128.webp 150w, https:\/\/www.eldiario.net\/portal\/wp-content\/uploads\/2026\/07\/FOTO-11-2.webp 589w\" sizes=\"(max-width: 493px) 100vw, 493px\" alt=\"\">\r\n                            <\/a>\r\n                            \r\n                        <\/figure>\r\n                    <\/div>\r\n                    <div class = \"td-slide-item td-item9\">\r\n                        <figure class=\"td-slide-galery-figure td-slide-popup-gallery\">\r\n                            <a class=\"slide-gallery-image-link\" href=\"https:\/\/www.eldiario.net\/portal\/wp-content\/uploads\/2026\/07\/FOTO-12-1.webp\" title=\"FOTO-12\"  data-caption=\"\"  data-description=\"\">\r\n                                <img decoding=\"async\" src=\"https:\/\/www.eldiario.net\/portal\/wp-content\/uploads\/2026\/07\/FOTO-12-1-416x420.webp\" srcset=\"https:\/\/www.eldiario.net\/portal\/wp-content\/uploads\/2026\/07\/FOTO-12-1-416x420.webp 416w, https:\/\/www.eldiario.net\/portal\/wp-content\/uploads\/2026\/07\/FOTO-12-1-297x300.webp 297w, https:\/\/www.eldiario.net\/portal\/wp-content\/uploads\/2026\/07\/FOTO-12-1-150x151.webp 150w, https:\/\/www.eldiario.net\/portal\/wp-content\/uploads\/2026\/07\/FOTO-12-1-300x303.webp 300w, https:\/\/www.eldiario.net\/portal\/wp-content\/uploads\/2026\/07\/FOTO-12-1.webp 566w\" sizes=\"(max-width: 416px) 100vw, 416px\" alt=\"\">\r\n                            <\/a>\r\n                            \r\n                        <\/figure>\r\n                    <\/div>\r\n                    <div class = \"td-slide-item td-item10\">\r\n                        <figure class=\"td-slide-galery-figure td-slide-popup-gallery\">\r\n                            <a class=\"slide-gallery-image-link\" href=\"https:\/\/www.eldiario.net\/portal\/wp-content\/uploads\/2026\/07\/FOTO-14.webp\" title=\"FOTO-14\"  data-caption=\" LA \nEXPLORADORA DEL A\u00d1O 2026: KRITHI K. KARANTH (INDIA), Y \nEL \nABOGADO JAVIER \nGONZ\u00c1LEZ SFEIR.\"  data-description=\" LA \nEXPLORADORA DEL A&Ntilde;O 2026: KRITHI K. KARANTH (INDIA), Y \nEL \nABOGADO JAVIER \nGONZ&Aacute;LEZ SFEIR.\">\r\n                                <img decoding=\"async\" src=\"https:\/\/www.eldiario.net\/portal\/wp-content\/uploads\/2026\/07\/FOTO-14-275x420.webp\" srcset=\"https:\/\/www.eldiario.net\/portal\/wp-content\/uploads\/2026\/07\/FOTO-14-275x420.webp 275w, https:\/\/www.eldiario.net\/portal\/wp-content\/uploads\/2026\/07\/FOTO-14-196x300.webp 196w, https:\/\/www.eldiario.net\/portal\/wp-content\/uploads\/2026\/07\/FOTO-14-670x1024.webp 670w, https:\/\/www.eldiario.net\/portal\/wp-content\/uploads\/2026\/07\/FOTO-14-768x1173.webp 768w, https:\/\/www.eldiario.net\/portal\/wp-content\/uploads\/2026\/07\/FOTO-14-150x229.webp 150w, https:\/\/www.eldiario.net\/portal\/wp-content\/uploads\/2026\/07\/FOTO-14-300x458.webp 300w, https:\/\/www.eldiario.net\/portal\/wp-content\/uploads\/2026\/07\/FOTO-14-696x1063.webp 696w, https:\/\/www.eldiario.net\/portal\/wp-content\/uploads\/2026\/07\/FOTO-14.webp 838w\" sizes=\"(max-width: 275px) 100vw, 275px\" alt=\"\">\r\n                            <\/a>\r\n                            <figcaption class = \"td-slide-caption td-gallery-slide-content\"><div class = \"td-gallery-slide-copywrite\"> LA \nEXPLORADORA DEL A\u00d1O 2026: KRITHI K. KARANTH (INDIA), Y \nEL \nABOGADO JAVIER \nGONZ\u00c1LEZ SFEIR.<\/div><span> LA \nEXPLORADORA DEL A\u00d1O 2026: KRITHI K. KARANTH (INDIA), Y \nEL \nABOGADO JAVIER \nGONZ\u00c1LEZ SFEIR.<\/span><\/figcaption>\r\n                        <\/figure>\r\n                    <\/div>\r\n                            <\/div>\r\n                        <\/div>\r\n\r\n                        <div class = \"td-doubleSlider-2\">\r\n                            <div class = \"td-slider\">\r\n                                \r\n                    <div class = \"td-button td-item1\">\r\n                        <div class = \"td-border\"><\/div>\r\n                    <\/div>\r\n                    <div class = \"td-button td-item2\">\r\n                        <div class = \"td-border\"><\/div>\r\n                    <\/div>\r\n                    <div class = \"td-button td-item3\">\r\n                        <div class = \"td-border\"><\/div>\r\n                    <\/div>\r\n                    <div class = \"td-button td-item4\">\r\n                        <div class = \"td-border\"><\/div>\r\n                    <\/div>\r\n                    <div class = \"td-button td-item5\">\r\n                        <div class = \"td-border\"><\/div>\r\n                    <\/div>\r\n                    <div class = \"td-button td-item6\">\r\n                        <div class = \"td-border\"><\/div>\r\n                    <\/div>\r\n                    <div class = \"td-button td-item7\">\r\n                        <div class = \"td-border\"><\/div>\r\n                    <\/div>\r\n                    <div class = \"td-button td-item8\">\r\n                        <div class = \"td-border\"><\/div>\r\n                    <\/div>\r\n                    <div class = \"td-button td-item9\">\r\n                        <div class = \"td-border\"><\/div>\r\n                    <\/div>\r\n                    <div class = \"td-button td-item10\">\r\n                        <div class = \"td-border\"><\/div>\r\n                    <\/div>\r\n                            <\/div>\r\n                        <\/div>\r\n\r\n                    <\/div>\r\n\r\n                <\/div>\r\n                \n","protected":false},"excerpt":{"rendered":"<p>En Washington, DC, capital de los EEUU, en una fiesta corrida de tres d\u00edas del 16 al 18 de junio de 2026, la National Geographic Society inaugur\u00f3 su nuevo Museo de Exploraci\u00f3n, nombr\u00f3 a su Exploradora del A\u00f1o y estableci\u00f3 su categor\u00eda de honor \u201cCartographer\u2019s Circle,\u201d que incluye al boliviano Ing. Walter Gonz\u00e1lez Gonz\u00e1lez (nace [&hellip;]<\/p>\n","protected":false},"author":1,"featured_media":411646,"comment_status":"closed","ping_status":"open","sticky":false,"template":"","format":"standard","meta":{"_acf_changed":false,"footnotes":""},"categories":[40],"tags":[],"class_list":["post-411645","post","type-post","status-publish","format-standard","has-post-thumbnail","category-sociales"],"acf":{"antetitulo":""},"yoast_head":"<!-- This site is optimized with the Yoast SEO plugin v28.4 - https:\/\/yoast.com\/product\/yoast-seo-wordpress\/ -->\n<title>National Geographic Society rinde homenaje p\u00f3stumo al Ing Walter Gonz\u00e1lez - El Diario - Bolivia<\/title>\n<meta name=\"robots\" content=\"index, follow, max-snippet:-1, max-image-preview:large, max-video-preview:-1\" \/>\n<link rel=\"canonical\" href=\"https:\/\/www.eldiario.net\/portal\/2026\/07\/11\/national-geographic-society-rinde-homenaje-postumo-al-ing-walter-gonzalez\/\" \/>\n<meta property=\"og:locale\" content=\"es_ES\" \/>\n<meta property=\"og:type\" content=\"article\" \/>\n<meta property=\"og:title\" content=\"National Geographic Society rinde homenaje p\u00f3stumo al Ing Walter Gonz\u00e1lez - El Diario - Bolivia\" \/>\n<meta property=\"og:description\" content=\"En Washington, DC, capital de los EEUU, en una fiesta corrida de tres d\u00edas del 16 al 18 de junio de 2026, la National Geographic Society inaugur\u00f3 su nuevo Museo de Exploraci\u00f3n, nombr\u00f3 a su Exploradora del A\u00f1o y estableci\u00f3 su categor\u00eda de honor \u201cCartographer\u2019s Circle,\u201d que incluye al boliviano Ing. Walter Gonz\u00e1lez Gonz\u00e1lez (nace [&hellip;]\" \/>\n<meta property=\"og:url\" content=\"https:\/\/www.eldiario.net\/portal\/2026\/07\/11\/national-geographic-society-rinde-homenaje-postumo-al-ing-walter-gonzalez\/\" \/>\n<meta property=\"og:site_name\" content=\"El Diario - Bolivia\" \/>\n<meta property=\"article:publisher\" content=\"https:\/\/www.facebook.com\/eldiario.bolivia\/\" \/>\n<meta property=\"article:published_time\" content=\"2026-07-11T04:02:18+00:00\" \/>\n<meta property=\"og:image\" content=\"https:\/\/www.eldiario.net\/portal\/wp-content\/uploads\/2026\/07\/FOTO-1-3.webp\" \/>\n\t<meta property=\"og:image:width\" content=\"803\" \/>\n\t<meta property=\"og:image:height\" content=\"1280\" \/>\n\t<meta property=\"og:image:type\" content=\"image\/webp\" \/>\n<meta name=\"author\" content=\"Jeanette\" \/>\n<meta name=\"twitter:card\" content=\"summary_large_image\" \/>\n<meta name=\"twitter:creator\" content=\"@eldiario_net\" \/>\n<meta name=\"twitter:site\" content=\"@eldiario_net\" \/>\n<meta name=\"twitter:label1\" content=\"Escrito por\" \/>\n\t<meta name=\"twitter:data1\" content=\"Jeanette\" \/>\n\t<meta name=\"twitter:label2\" content=\"Tiempo de lectura\" \/>\n\t<meta name=\"twitter:data2\" content=\"2 minutos\" \/>\n<script type=\"application\/ld+json\" class=\"yoast-schema-graph\">{\"@context\":\"https:\\\/\\\/schema.org\",\"@graph\":[{\"@type\":\"Article\",\"@id\":\"https:\\\/\\\/www.eldiario.net\\\/portal\\\/2026\\\/07\\\/11\\\/national-geographic-society-rinde-homenaje-postumo-al-ing-walter-gonzalez\\\/#article\",\"isPartOf\":{\"@id\":\"https:\\\/\\\/www.eldiario.net\\\/portal\\\/2026\\\/07\\\/11\\\/national-geographic-society-rinde-homenaje-postumo-al-ing-walter-gonzalez\\\/\"},\"author\":{\"name\":\"Jeanette\",\"@id\":\"https:\\\/\\\/www.eldiario.net\\\/portal\\\/#\\\/schema\\\/person\\\/2c57cf2b7a7ae032e449e4c9b1019eac\"},\"headline\":\"National Geographic Society rinde homenaje p\u00f3stumo al Ing Walter Gonz\u00e1lez\",\"datePublished\":\"2026-07-11T04:02:18+00:00\",\"mainEntityOfPage\":{\"@id\":\"https:\\\/\\\/www.eldiario.net\\\/portal\\\/2026\\\/07\\\/11\\\/national-geographic-society-rinde-homenaje-postumo-al-ing-walter-gonzalez\\\/\"},\"wordCount\":358,\"publisher\":{\"@id\":\"https:\\\/\\\/www.eldiario.net\\\/portal\\\/#organization\"},\"image\":{\"@id\":\"https:\\\/\\\/www.eldiario.net\\\/portal\\\/2026\\\/07\\\/11\\\/national-geographic-society-rinde-homenaje-postumo-al-ing-walter-gonzalez\\\/#primaryimage\"},\"thumbnailUrl\":\"https:\\\/\\\/www.eldiario.net\\\/portal\\\/wp-content\\\/uploads\\\/2026\\\/07\\\/FOTO-1-3.webp\",\"articleSection\":[\"Sociales\"],\"inLanguage\":\"es\"},{\"@type\":\"WebPage\",\"@id\":\"https:\\\/\\\/www.eldiario.net\\\/portal\\\/2026\\\/07\\\/11\\\/national-geographic-society-rinde-homenaje-postumo-al-ing-walter-gonzalez\\\/\",\"url\":\"https:\\\/\\\/www.eldiario.net\\\/portal\\\/2026\\\/07\\\/11\\\/national-geographic-society-rinde-homenaje-postumo-al-ing-walter-gonzalez\\\/\",\"name\":\"National Geographic Society rinde homenaje p\u00f3stumo al Ing Walter Gonz\u00e1lez - El Diario - Bolivia\",\"isPartOf\":{\"@id\":\"https:\\\/\\\/www.eldiario.net\\\/portal\\\/#website\"},\"primaryImageOfPage\":{\"@id\":\"https:\\\/\\\/www.eldiario.net\\\/portal\\\/2026\\\/07\\\/11\\\/national-geographic-society-rinde-homenaje-postumo-al-ing-walter-gonzalez\\\/#primaryimage\"},\"image\":{\"@id\":\"https:\\\/\\\/www.eldiario.net\\\/portal\\\/2026\\\/07\\\/11\\\/national-geographic-society-rinde-homenaje-postumo-al-ing-walter-gonzalez\\\/#primaryimage\"},\"thumbnailUrl\":\"https:\\\/\\\/www.eldiario.net\\\/portal\\\/wp-content\\\/uploads\\\/2026\\\/07\\\/FOTO-1-3.webp\",\"datePublished\":\"2026-07-11T04:02:18+00:00\",\"breadcrumb\":{\"@id\":\"https:\\\/\\\/www.eldiario.net\\\/portal\\\/2026\\\/07\\\/11\\\/national-geographic-society-rinde-homenaje-postumo-al-ing-walter-gonzalez\\\/#breadcrumb\"},\"inLanguage\":\"es\",\"potentialAction\":[{\"@type\":\"ReadAction\",\"target\":[\"https:\\\/\\\/www.eldiario.net\\\/portal\\\/2026\\\/07\\\/11\\\/national-geographic-society-rinde-homenaje-postumo-al-ing-walter-gonzalez\\\/\"]}]},{\"@type\":\"ImageObject\",\"inLanguage\":\"es\",\"@id\":\"https:\\\/\\\/www.eldiario.net\\\/portal\\\/2026\\\/07\\\/11\\\/national-geographic-society-rinde-homenaje-postumo-al-ing-walter-gonzalez\\\/#primaryimage\",\"url\":\"https:\\\/\\\/www.eldiario.net\\\/portal\\\/wp-content\\\/uploads\\\/2026\\\/07\\\/FOTO-1-3.webp\",\"contentUrl\":\"https:\\\/\\\/www.eldiario.net\\\/portal\\\/wp-content\\\/uploads\\\/2026\\\/07\\\/FOTO-1-3.webp\",\"width\":803,\"height\":1280,\"caption\":\"LOS HERMANOS FERNANDO GONZ\u00c1LEZ SFEIR, M\u00c8DICO CIRUJANO, Y JAVIER GONZ\u00c1LEZ SFEIR, ABOGADO.\"},{\"@type\":\"BreadcrumbList\",\"@id\":\"https:\\\/\\\/www.eldiario.net\\\/portal\\\/2026\\\/07\\\/11\\\/national-geographic-society-rinde-homenaje-postumo-al-ing-walter-gonzalez\\\/#breadcrumb\",\"itemListElement\":[{\"@type\":\"ListItem\",\"position\":1,\"name\":\"Portada\",\"item\":\"https:\\\/\\\/www.eldiario.net\\\/portal\\\/\"},{\"@type\":\"ListItem\",\"position\":2,\"name\":\"National Geographic Society rinde homenaje p\u00f3stumo al Ing Walter Gonz\u00e1lez\"}]},{\"@type\":\"WebSite\",\"@id\":\"https:\\\/\\\/www.eldiario.net\\\/portal\\\/#website\",\"url\":\"https:\\\/\\\/www.eldiario.net\\\/portal\\\/\",\"name\":\"El Diario - Decano de la prensa nacional\",\"description\":\"El Diario - Decano de la prensa nacional\",\"publisher\":{\"@id\":\"https:\\\/\\\/www.eldiario.net\\\/portal\\\/#organization\"},\"potentialAction\":[{\"@type\":\"SearchAction\",\"target\":{\"@type\":\"EntryPoint\",\"urlTemplate\":\"https:\\\/\\\/www.eldiario.net\\\/portal\\\/?s={search_term_string}\"},\"query-input\":{\"@type\":\"PropertyValueSpecification\",\"valueRequired\":true,\"valueName\":\"search_term_string\"}}],\"inLanguage\":\"es\"},{\"@type\":\"Organization\",\"@id\":\"https:\\\/\\\/www.eldiario.net\\\/portal\\\/#organization\",\"name\":\"El Diario - Decano de la prensa nacional\",\"url\":\"https:\\\/\\\/www.eldiario.net\\\/portal\\\/\",\"logo\":{\"@type\":\"ImageObject\",\"inLanguage\":\"es\",\"@id\":\"https:\\\/\\\/www.eldiario.net\\\/portal\\\/#\\\/schema\\\/logo\\\/image\\\/\",\"url\":\"https:\\\/\\\/www.eldiario.net\\\/portal\\\/wp-content\\\/uploads\\\/2023\\\/07\\\/logo_ED.jpg\",\"contentUrl\":\"https:\\\/\\\/www.eldiario.net\\\/portal\\\/wp-content\\\/uploads\\\/2023\\\/07\\\/logo_ED.jpg\",\"width\":272,\"height\":52,\"caption\":\"El Diario - Decano de la prensa nacional\"},\"image\":{\"@id\":\"https:\\\/\\\/www.eldiario.net\\\/portal\\\/#\\\/schema\\\/logo\\\/image\\\/\"},\"sameAs\":[\"https:\\\/\\\/www.facebook.com\\\/eldiario.bolivia\\\/\",\"https:\\\/\\\/x.com\\\/eldiario_net\"]},{\"@type\":\"Person\",\"@id\":\"https:\\\/\\\/www.eldiario.net\\\/portal\\\/#\\\/schema\\\/person\\\/2c57cf2b7a7ae032e449e4c9b1019eac\",\"name\":\"Jeanette\",\"image\":{\"@type\":\"ImageObject\",\"inLanguage\":\"es\",\"@id\":\"https:\\\/\\\/secure.gravatar.com\\\/avatar\\\/3ea2118a5f7dad2b7138b1187a6b7ee55f160b9968b66013c3a3ef39dd7e5798?s=96&d=mm&r=g\",\"url\":\"https:\\\/\\\/secure.gravatar.com\\\/avatar\\\/3ea2118a5f7dad2b7138b1187a6b7ee55f160b9968b66013c3a3ef39dd7e5798?s=96&d=mm&r=g\",\"contentUrl\":\"https:\\\/\\\/secure.gravatar.com\\\/avatar\\\/3ea2118a5f7dad2b7138b1187a6b7ee55f160b9968b66013c3a3ef39dd7e5798?s=96&d=mm&r=g\",\"caption\":\"Jeanette\"},\"sameAs\":[\"https:\\\/\\\/www.eldiario.net\\\/portal\"],\"url\":\"https:\\\/\\\/www.eldiario.net\\\/portal\\\/author\\\/jeanette\\\/\"}]}<\/script>\n<!-- \/ Yoast SEO plugin. -->","yoast_head_json":{"title":"National Geographic Society rinde homenaje p\u00f3stumo al Ing Walter Gonz\u00e1lez - El Diario - Bolivia","robots":{"index":"index","follow":"follow","max-snippet":"max-snippet:-1","max-image-preview":"max-image-preview:large","max-video-preview":"max-video-preview:-1"},"canonical":"https:\/\/www.eldiario.net\/portal\/2026\/07\/11\/national-geographic-society-rinde-homenaje-postumo-al-ing-walter-gonzalez\/","og_locale":"es_ES","og_type":"article","og_title":"National Geographic Society rinde homenaje p\u00f3stumo al Ing Walter Gonz\u00e1lez - El Diario - Bolivia","og_description":"En Washington, DC, capital de los EEUU, en una fiesta corrida de tres d\u00edas del 16 al 18 de junio de 2026, la National Geographic Society inaugur\u00f3 su nuevo Museo de Exploraci\u00f3n, nombr\u00f3 a su Exploradora del A\u00f1o y estableci\u00f3 su categor\u00eda de honor \u201cCartographer\u2019s Circle,\u201d que incluye al boliviano Ing. Walter Gonz\u00e1lez Gonz\u00e1lez (nace [&hellip;]","og_url":"https:\/\/www.eldiario.net\/portal\/2026\/07\/11\/national-geographic-society-rinde-homenaje-postumo-al-ing-walter-gonzalez\/","og_site_name":"El Diario - Bolivia","article_publisher":"https:\/\/www.facebook.com\/eldiario.bolivia\/","article_published_time":"2026-07-11T04:02:18+00:00","og_image":[{"width":803,"height":1280,"url":"https:\/\/www.eldiario.net\/portal\/wp-content\/uploads\/2026\/07\/FOTO-1-3.webp","type":"image\/webp"}],"author":"Jeanette","twitter_card":"summary_large_image","twitter_creator":"@eldiario_net","twitter_site":"@eldiario_net","twitter_misc":{"Escrito por":"Jeanette","Tiempo de lectura":"2 minutos"},"schema":{"@context":"https:\/\/schema.org","@graph":[{"@type":"Article","@id":"https:\/\/www.eldiario.net\/portal\/2026\/07\/11\/national-geographic-society-rinde-homenaje-postumo-al-ing-walter-gonzalez\/#article","isPartOf":{"@id":"https:\/\/www.eldiario.net\/portal\/2026\/07\/11\/national-geographic-society-rinde-homenaje-postumo-al-ing-walter-gonzalez\/"},"author":{"name":"Jeanette","@id":"https:\/\/www.eldiario.net\/portal\/#\/schema\/person\/2c57cf2b7a7ae032e449e4c9b1019eac"},"headline":"National Geographic Society rinde homenaje p\u00f3stumo al Ing Walter Gonz\u00e1lez","datePublished":"2026-07-11T04:02:18+00:00","mainEntityOfPage":{"@id":"https:\/\/www.eldiario.net\/portal\/2026\/07\/11\/national-geographic-society-rinde-homenaje-postumo-al-ing-walter-gonzalez\/"},"wordCount":358,"publisher":{"@id":"https:\/\/www.eldiario.net\/portal\/#organization"},"image":{"@id":"https:\/\/www.eldiario.net\/portal\/2026\/07\/11\/national-geographic-society-rinde-homenaje-postumo-al-ing-walter-gonzalez\/#primaryimage"},"thumbnailUrl":"https:\/\/www.eldiario.net\/portal\/wp-content\/uploads\/2026\/07\/FOTO-1-3.webp","articleSection":["Sociales"],"inLanguage":"es"},{"@type":"WebPage","@id":"https:\/\/www.eldiario.net\/portal\/2026\/07\/11\/national-geographic-society-rinde-homenaje-postumo-al-ing-walter-gonzalez\/","url":"https:\/\/www.eldiario.net\/portal\/2026\/07\/11\/national-geographic-society-rinde-homenaje-postumo-al-ing-walter-gonzalez\/","name":"National Geographic Society rinde homenaje p\u00f3stumo al Ing Walter Gonz\u00e1lez - El Diario - Bolivia","isPartOf":{"@id":"https:\/\/www.eldiario.net\/portal\/#website"},"primaryImageOfPage":{"@id":"https:\/\/www.eldiario.net\/portal\/2026\/07\/11\/national-geographic-society-rinde-homenaje-postumo-al-ing-walter-gonzalez\/#primaryimage"},"image":{"@id":"https:\/\/www.eldiario.net\/portal\/2026\/07\/11\/national-geographic-society-rinde-homenaje-postumo-al-ing-walter-gonzalez\/#primaryimage"},"thumbnailUrl":"https:\/\/www.eldiario.net\/portal\/wp-content\/uploads\/2026\/07\/FOTO-1-3.webp","datePublished":"2026-07-11T04:02:18+00:00","breadcrumb":{"@id":"https:\/\/www.eldiario.net\/portal\/2026\/07\/11\/national-geographic-society-rinde-homenaje-postumo-al-ing-walter-gonzalez\/#breadcrumb"},"inLanguage":"es","potentialAction":[{"@type":"ReadAction","target":["https:\/\/www.eldiario.net\/portal\/2026\/07\/11\/national-geographic-society-rinde-homenaje-postumo-al-ing-walter-gonzalez\/"]}]},{"@type":"ImageObject","inLanguage":"es","@id":"https:\/\/www.eldiario.net\/portal\/2026\/07\/11\/national-geographic-society-rinde-homenaje-postumo-al-ing-walter-gonzalez\/#primaryimage","url":"https:\/\/www.eldiario.net\/portal\/wp-content\/uploads\/2026\/07\/FOTO-1-3.webp","contentUrl":"https:\/\/www.eldiario.net\/portal\/wp-content\/uploads\/2026\/07\/FOTO-1-3.webp","width":803,"height":1280,"caption":"LOS HERMANOS FERNANDO GONZ\u00c1LEZ SFEIR, M\u00c8DICO CIRUJANO, Y JAVIER GONZ\u00c1LEZ SFEIR, ABOGADO."},{"@type":"BreadcrumbList","@id":"https:\/\/www.eldiario.net\/portal\/2026\/07\/11\/national-geographic-society-rinde-homenaje-postumo-al-ing-walter-gonzalez\/#breadcrumb","itemListElement":[{"@type":"ListItem","position":1,"name":"Portada","item":"https:\/\/www.eldiario.net\/portal\/"},{"@type":"ListItem","position":2,"name":"National Geographic Society rinde homenaje p\u00f3stumo al Ing Walter Gonz\u00e1lez"}]},{"@type":"WebSite","@id":"https:\/\/www.eldiario.net\/portal\/#website","url":"https:\/\/www.eldiario.net\/portal\/","name":"El Diario - Decano de la prensa nacional","description":"El Diario - Decano de la prensa nacional","publisher":{"@id":"https:\/\/www.eldiario.net\/portal\/#organization"},"potentialAction":[{"@type":"SearchAction","target":{"@type":"EntryPoint","urlTemplate":"https:\/\/www.eldiario.net\/portal\/?s={search_term_string}"},"query-input":{"@type":"PropertyValueSpecification","valueRequired":true,"valueName":"search_term_string"}}],"inLanguage":"es"},{"@type":"Organization","@id":"https:\/\/www.eldiario.net\/portal\/#organization","name":"El Diario - Decano de la prensa nacional","url":"https:\/\/www.eldiario.net\/portal\/","logo":{"@type":"ImageObject","inLanguage":"es","@id":"https:\/\/www.eldiario.net\/portal\/#\/schema\/logo\/image\/","url":"https:\/\/www.eldiario.net\/portal\/wp-content\/uploads\/2023\/07\/logo_ED.jpg","contentUrl":"https:\/\/www.eldiario.net\/portal\/wp-content\/uploads\/2023\/07\/logo_ED.jpg","width":272,"height":52,"caption":"El Diario - Decano de la prensa nacional"},"image":{"@id":"https:\/\/www.eldiario.net\/portal\/#\/schema\/logo\/image\/"},"sameAs":["https:\/\/www.facebook.com\/eldiario.bolivia\/","https:\/\/x.com\/eldiario_net"]},{"@type":"Person","@id":"https:\/\/www.eldiario.net\/portal\/#\/schema\/person\/2c57cf2b7a7ae032e449e4c9b1019eac","name":"Jeanette","image":{"@type":"ImageObject","inLanguage":"es","@id":"https:\/\/secure.gravatar.com\/avatar\/3ea2118a5f7dad2b7138b1187a6b7ee55f160b9968b66013c3a3ef39dd7e5798?s=96&d=mm&r=g","url":"https:\/\/secure.gravatar.com\/avatar\/3ea2118a5f7dad2b7138b1187a6b7ee55f160b9968b66013c3a3ef39dd7e5798?s=96&d=mm&r=g","contentUrl":"https:\/\/secure.gravatar.com\/avatar\/3ea2118a5f7dad2b7138b1187a6b7ee55f160b9968b66013c3a3ef39dd7e5798?s=96&d=mm&r=g","caption":"Jeanette"},"sameAs":["https:\/\/www.eldiario.net\/portal"],"url":"https:\/\/www.eldiario.net\/portal\/author\/jeanette\/"}]}},"_links":{"self":[{"href":"https:\/\/www.eldiario.net\/portal\/wp-json\/wp\/v2\/posts\/411645","targetHints":{"allow":["GET"]}}],"collection":[{"href":"https:\/\/www.eldiario.net\/portal\/wp-json\/wp\/v2\/posts"}],"about":[{"href":"https:\/\/www.eldiario.net\/portal\/wp-json\/wp\/v2\/types\/post"}],"author":[{"embeddable":true,"href":"https:\/\/www.eldiario.net\/portal\/wp-json\/wp\/v2\/users\/1"}],"replies":[{"embeddable":true,"href":"https:\/\/www.eldiario.net\/portal\/wp-json\/wp\/v2\/comments?post=411645"}],"version-history":[{"count":1,"href":"https:\/\/www.eldiario.net\/portal\/wp-json\/wp\/v2\/posts\/411645\/revisions"}],"predecessor-version":[{"id":411656,"href":"https:\/\/www.eldiario.net\/portal\/wp-json\/wp\/v2\/posts\/411645\/revisions\/411656"}],"wp:featuredmedia":[{"embeddable":true,"href":"https:\/\/www.eldiario.net\/portal\/wp-json\/wp\/v2\/media\/411646"}],"wp:attachment":[{"href":"https:\/\/www.eldiario.net\/portal\/wp-json\/wp\/v2\/media?parent=411645"}],"wp:term":[{"taxonomy":"category","embeddable":true,"href":"https:\/\/www.eldiario.net\/portal\/wp-json\/wp\/v2\/categories?post=411645"},{"taxonomy":"post_tag","embeddable":true,"href":"https:\/\/www.eldiario.net\/portal\/wp-json\/wp\/v2\/tags?post=411645"}],"curies":[{"name":"wp","href":"https:\/\/api.w.org\/{rel}","templated":true}]}}