{"id":411628,"date":"2026-07-10T19:03:45","date_gmt":"2026-07-10T23:03:45","guid":{"rendered":"https:\/\/www.eldiario.net\/portal\/?p=411628"},"modified":"2026-07-10T19:03:45","modified_gmt":"2026-07-10T23:03:45","slug":"arrestan-a-sospechoso-luego-del-presunto-asesinato-de-la-exministra-1903","status":"publish","type":"post","link":"https:\/\/www.eldiario.net\/portal\/2026\/07\/10\/arrestan-a-sospechoso-luego-del-presunto-asesinato-de-la-exministra-1903\/","title":{"rendered":"Arrestan a sospechoso luego del presunto asesinato de la exministra (19:03)"},"content":{"rendered":"<p>Un joven de 26 a\u00f1os fue arrestado este viernes bajo sospecha de asesinato luego del hallazgo del cuerpo sin vida de la exdiputada y exministra brit\u00e1nica Ann Widdecombe.<\/p>\n<p>La emblem\u00e1tica figura de la pol\u00edtica conservadora y actual portavoz de Reform UK, de 78 a\u00f1os, fue encontrada el jueves por la polic\u00eda con heridas graves en su domicilio rural en Dartmoor, Devon.<\/p>\n<p>La polic\u00eda de Devon y Cornwall descart\u00f3 preliminarmente motivaciones terroristas o pol\u00edticas en el ataque, asegurando que el sospechoso, de nacionalidad brit\u00e1nica, ya se encuentra bajo custodia.<\/p>\n<p data-path-to-node=\"2\">Widdecombe forj\u00f3 una extensa carrera p\u00fablica que abarc\u00f3 m\u00e1s de tres d\u00e9cadas en el Parlamento, desempe\u00f1\u00e1ndose como ministra del Interior bajo el gobierno de John Major antes de ganar una masiva popularidad en la televisi\u00f3n brit\u00e1nica y liderar los movimientos a favor del Brexit. (Agencias)<\/p>\n","protected":false},"excerpt":{"rendered":"<p>Un joven de 26 a\u00f1os fue arrestado este viernes bajo sospecha de asesinato luego del hallazgo del cuerpo sin vida de la exdiputada y exministra brit\u00e1nica Ann Widdecombe. La emblem\u00e1tica figura de la pol\u00edtica conservadora y actual portavoz de Reform UK, de 78 a\u00f1os, fue encontrada el jueves por la polic\u00eda con heridas graves en [&hellip;]<\/p>\n","protected":false},"author":7,"featured_media":411629,"comment_status":"closed","ping_status":"open","sticky":false,"template":"","format":"standard","meta":{"_acf_changed":false,"footnotes":""},"categories":[51],"tags":[],"class_list":["post-411628","post","type-post","status-publish","format-standard","has-post-thumbnail","category-ultima-hora"],"acf":{"antetitulo":""},"yoast_head":"<!-- This site is optimized with the Yoast SEO plugin v28.4 - https:\/\/yoast.com\/product\/yoast-seo-wordpress\/ -->\n<title>Arrestan a sospechoso luego del presunto asesinato de la exministra (19:03) - El Diario - Bolivia<\/title>\n<meta name=\"robots\" content=\"index, follow, max-snippet:-1, max-image-preview:large, max-video-preview:-1\" \/>\n<link rel=\"canonical\" href=\"https:\/\/www.eldiario.net\/portal\/2026\/07\/10\/arrestan-a-sospechoso-luego-del-presunto-asesinato-de-la-exministra-1903\/\" \/>\n<meta property=\"og:locale\" content=\"es_ES\" \/>\n<meta property=\"og:type\" content=\"article\" \/>\n<meta property=\"og:title\" content=\"Arrestan a sospechoso luego del presunto asesinato de la exministra (19:03) - El Diario - Bolivia\" \/>\n<meta property=\"og:description\" content=\"Un joven de 26 a\u00f1os fue arrestado este viernes bajo sospecha de asesinato luego del hallazgo del cuerpo sin vida de la exdiputada y exministra brit\u00e1nica Ann Widdecombe. La emblem\u00e1tica figura de la pol\u00edtica conservadora y actual portavoz de Reform UK, de 78 a\u00f1os, fue encontrada el jueves por la polic\u00eda con heridas graves en [&hellip;]\" \/>\n<meta property=\"og:url\" content=\"https:\/\/www.eldiario.net\/portal\/2026\/07\/10\/arrestan-a-sospechoso-luego-del-presunto-asesinato-de-la-exministra-1903\/\" \/>\n<meta property=\"og:site_name\" content=\"El Diario - Bolivia\" \/>\n<meta property=\"article:publisher\" content=\"https:\/\/www.facebook.com\/eldiario.bolivia\/\" \/>\n<meta property=\"article:published_time\" content=\"2026-07-10T23:03:45+00:00\" \/>\n<meta property=\"og:image\" content=\"https:\/\/www.eldiario.net\/portal\/wp-content\/uploads\/2026\/07\/Ann-Widdecombe-10.07.26-copia.webp\" \/>\n\t<meta property=\"og:image:width\" content=\"477\" \/>\n\t<meta property=\"og:image:height\" content=\"550\" \/>\n\t<meta property=\"og:image:type\" content=\"image\/webp\" \/>\n<meta name=\"author\" content=\"Viviana Monrroy\" \/>\n<meta name=\"twitter:card\" content=\"summary_large_image\" \/>\n<meta name=\"twitter:creator\" content=\"@eldiario_net\" \/>\n<meta name=\"twitter:site\" content=\"@eldiario_net\" \/>\n<meta name=\"twitter:label1\" content=\"Escrito por\" \/>\n\t<meta name=\"twitter:data1\" content=\"Viviana Monrroy\" \/>\n\t<meta name=\"twitter:label2\" content=\"Tiempo de lectura\" \/>\n\t<meta name=\"twitter:data2\" content=\"1 minuto\" \/>\n<script type=\"application\/ld+json\" class=\"yoast-schema-graph\">{\"@context\":\"https:\\\/\\\/schema.org\",\"@graph\":[{\"@type\":\"Article\",\"@id\":\"https:\\\/\\\/www.eldiario.net\\\/portal\\\/2026\\\/07\\\/10\\\/arrestan-a-sospechoso-luego-del-presunto-asesinato-de-la-exministra-1903\\\/#article\",\"isPartOf\":{\"@id\":\"https:\\\/\\\/www.eldiario.net\\\/portal\\\/2026\\\/07\\\/10\\\/arrestan-a-sospechoso-luego-del-presunto-asesinato-de-la-exministra-1903\\\/\"},\"author\":{\"name\":\"Viviana Monrroy\",\"@id\":\"https:\\\/\\\/www.eldiario.net\\\/portal\\\/#\\\/schema\\\/person\\\/32cc89e801dfcbad3a54f91da7f2ea06\"},\"headline\":\"Arrestan a sospechoso luego del presunto asesinato de la exministra (19:03)\",\"datePublished\":\"2026-07-10T23:03:45+00:00\",\"mainEntityOfPage\":{\"@id\":\"https:\\\/\\\/www.eldiario.net\\\/portal\\\/2026\\\/07\\\/10\\\/arrestan-a-sospechoso-luego-del-presunto-asesinato-de-la-exministra-1903\\\/\"},\"wordCount\":156,\"publisher\":{\"@id\":\"https:\\\/\\\/www.eldiario.net\\\/portal\\\/#organization\"},\"image\":{\"@id\":\"https:\\\/\\\/www.eldiario.net\\\/portal\\\/2026\\\/07\\\/10\\\/arrestan-a-sospechoso-luego-del-presunto-asesinato-de-la-exministra-1903\\\/#primaryimage\"},\"thumbnailUrl\":\"https:\\\/\\\/www.eldiario.net\\\/portal\\\/wp-content\\\/uploads\\\/2026\\\/07\\\/Ann-Widdecombe-10.07.26-copia.webp\",\"articleSection\":[\"\u00daltima Hora\"],\"inLanguage\":\"es\"},{\"@type\":\"WebPage\",\"@id\":\"https:\\\/\\\/www.eldiario.net\\\/portal\\\/2026\\\/07\\\/10\\\/arrestan-a-sospechoso-luego-del-presunto-asesinato-de-la-exministra-1903\\\/\",\"url\":\"https:\\\/\\\/www.eldiario.net\\\/portal\\\/2026\\\/07\\\/10\\\/arrestan-a-sospechoso-luego-del-presunto-asesinato-de-la-exministra-1903\\\/\",\"name\":\"Arrestan a sospechoso luego del presunto asesinato de la exministra (19:03) - El Diario - Bolivia\",\"isPartOf\":{\"@id\":\"https:\\\/\\\/www.eldiario.net\\\/portal\\\/#website\"},\"primaryImageOfPage\":{\"@id\":\"https:\\\/\\\/www.eldiario.net\\\/portal\\\/2026\\\/07\\\/10\\\/arrestan-a-sospechoso-luego-del-presunto-asesinato-de-la-exministra-1903\\\/#primaryimage\"},\"image\":{\"@id\":\"https:\\\/\\\/www.eldiario.net\\\/portal\\\/2026\\\/07\\\/10\\\/arrestan-a-sospechoso-luego-del-presunto-asesinato-de-la-exministra-1903\\\/#primaryimage\"},\"thumbnailUrl\":\"https:\\\/\\\/www.eldiario.net\\\/portal\\\/wp-content\\\/uploads\\\/2026\\\/07\\\/Ann-Widdecombe-10.07.26-copia.webp\",\"datePublished\":\"2026-07-10T23:03:45+00:00\",\"breadcrumb\":{\"@id\":\"https:\\\/\\\/www.eldiario.net\\\/portal\\\/2026\\\/07\\\/10\\\/arrestan-a-sospechoso-luego-del-presunto-asesinato-de-la-exministra-1903\\\/#breadcrumb\"},\"inLanguage\":\"es\",\"potentialAction\":[{\"@type\":\"ReadAction\",\"target\":[\"https:\\\/\\\/www.eldiario.net\\\/portal\\\/2026\\\/07\\\/10\\\/arrestan-a-sospechoso-luego-del-presunto-asesinato-de-la-exministra-1903\\\/\"]}]},{\"@type\":\"ImageObject\",\"inLanguage\":\"es\",\"@id\":\"https:\\\/\\\/www.eldiario.net\\\/portal\\\/2026\\\/07\\\/10\\\/arrestan-a-sospechoso-luego-del-presunto-asesinato-de-la-exministra-1903\\\/#primaryimage\",\"url\":\"https:\\\/\\\/www.eldiario.net\\\/portal\\\/wp-content\\\/uploads\\\/2026\\\/07\\\/Ann-Widdecombe-10.07.26-copia.webp\",\"contentUrl\":\"https:\\\/\\\/www.eldiario.net\\\/portal\\\/wp-content\\\/uploads\\\/2026\\\/07\\\/Ann-Widdecombe-10.07.26-copia.webp\",\"width\":477,\"height\":550,\"caption\":\"Foto: Ann Widdecombe (RR.SS.)\"},{\"@type\":\"BreadcrumbList\",\"@id\":\"https:\\\/\\\/www.eldiario.net\\\/portal\\\/2026\\\/07\\\/10\\\/arrestan-a-sospechoso-luego-del-presunto-asesinato-de-la-exministra-1903\\\/#breadcrumb\",\"itemListElement\":[{\"@type\":\"ListItem\",\"position\":1,\"name\":\"Portada\",\"item\":\"https:\\\/\\\/www.eldiario.net\\\/portal\\\/\"},{\"@type\":\"ListItem\",\"position\":2,\"name\":\"Arrestan a sospechoso luego del presunto asesinato de la exministra (19:03)\"}]},{\"@type\":\"WebSite\",\"@id\":\"https:\\\/\\\/www.eldiario.net\\\/portal\\\/#website\",\"url\":\"https:\\\/\\\/www.eldiario.net\\\/portal\\\/\",\"name\":\"El Diario - Decano de la prensa nacional\",\"description\":\"El Diario - Decano de la prensa nacional\",\"publisher\":{\"@id\":\"https:\\\/\\\/www.eldiario.net\\\/portal\\\/#organization\"},\"potentialAction\":[{\"@type\":\"SearchAction\",\"target\":{\"@type\":\"EntryPoint\",\"urlTemplate\":\"https:\\\/\\\/www.eldiario.net\\\/portal\\\/?s={search_term_string}\"},\"query-input\":{\"@type\":\"PropertyValueSpecification\",\"valueRequired\":true,\"valueName\":\"search_term_string\"}}],\"inLanguage\":\"es\"},{\"@type\":\"Organization\",\"@id\":\"https:\\\/\\\/www.eldiario.net\\\/portal\\\/#organization\",\"name\":\"El Diario - Decano de la prensa nacional\",\"url\":\"https:\\\/\\\/www.eldiario.net\\\/portal\\\/\",\"logo\":{\"@type\":\"ImageObject\",\"inLanguage\":\"es\",\"@id\":\"https:\\\/\\\/www.eldiario.net\\\/portal\\\/#\\\/schema\\\/logo\\\/image\\\/\",\"url\":\"https:\\\/\\\/www.eldiario.net\\\/portal\\\/wp-content\\\/uploads\\\/2023\\\/07\\\/logo_ED.jpg\",\"contentUrl\":\"https:\\\/\\\/www.eldiario.net\\\/portal\\\/wp-content\\\/uploads\\\/2023\\\/07\\\/logo_ED.jpg\",\"width\":272,\"height\":52,\"caption\":\"El Diario - Decano de la prensa nacional\"},\"image\":{\"@id\":\"https:\\\/\\\/www.eldiario.net\\\/portal\\\/#\\\/schema\\\/logo\\\/image\\\/\"},\"sameAs\":[\"https:\\\/\\\/www.facebook.com\\\/eldiario.bolivia\\\/\",\"https:\\\/\\\/x.com\\\/eldiario_net\"]},{\"@type\":\"Person\",\"@id\":\"https:\\\/\\\/www.eldiario.net\\\/portal\\\/#\\\/schema\\\/person\\\/32cc89e801dfcbad3a54f91da7f2ea06\",\"name\":\"Viviana Monrroy\",\"image\":{\"@type\":\"ImageObject\",\"inLanguage\":\"es\",\"@id\":\"https:\\\/\\\/secure.gravatar.com\\\/avatar\\\/dfd1611ed5600959a0e5a9754503b6c05d1dcf190010998e0363aee2ad98afca?s=96&d=mm&r=g\",\"url\":\"https:\\\/\\\/secure.gravatar.com\\\/avatar\\\/dfd1611ed5600959a0e5a9754503b6c05d1dcf190010998e0363aee2ad98afca?s=96&d=mm&r=g\",\"contentUrl\":\"https:\\\/\\\/secure.gravatar.com\\\/avatar\\\/dfd1611ed5600959a0e5a9754503b6c05d1dcf190010998e0363aee2ad98afca?s=96&d=mm&r=g\",\"caption\":\"Viviana Monrroy\"},\"sameAs\":[\"http:\\\/\\\/www.eldiario.net\"],\"url\":\"https:\\\/\\\/www.eldiario.net\\\/portal\\\/author\\\/vivianamonrroy\\\/\"}]}<\/script>\n<!-- \/ Yoast SEO plugin. -->","yoast_head_json":{"title":"Arrestan a sospechoso luego del presunto asesinato de la exministra (19:03) - El Diario - Bolivia","robots":{"index":"index","follow":"follow","max-snippet":"max-snippet:-1","max-image-preview":"max-image-preview:large","max-video-preview":"max-video-preview:-1"},"canonical":"https:\/\/www.eldiario.net\/portal\/2026\/07\/10\/arrestan-a-sospechoso-luego-del-presunto-asesinato-de-la-exministra-1903\/","og_locale":"es_ES","og_type":"article","og_title":"Arrestan a sospechoso luego del presunto asesinato de la exministra (19:03) - El Diario - Bolivia","og_description":"Un joven de 26 a\u00f1os fue arrestado este viernes bajo sospecha de asesinato luego del hallazgo del cuerpo sin vida de la exdiputada y exministra brit\u00e1nica Ann Widdecombe. La emblem\u00e1tica figura de la pol\u00edtica conservadora y actual portavoz de Reform UK, de 78 a\u00f1os, fue encontrada el jueves por la polic\u00eda con heridas graves en [&hellip;]","og_url":"https:\/\/www.eldiario.net\/portal\/2026\/07\/10\/arrestan-a-sospechoso-luego-del-presunto-asesinato-de-la-exministra-1903\/","og_site_name":"El Diario - Bolivia","article_publisher":"https:\/\/www.facebook.com\/eldiario.bolivia\/","article_published_time":"2026-07-10T23:03:45+00:00","og_image":[{"width":477,"height":550,"url":"https:\/\/www.eldiario.net\/portal\/wp-content\/uploads\/2026\/07\/Ann-Widdecombe-10.07.26-copia.webp","type":"image\/webp"}],"author":"Viviana Monrroy","twitter_card":"summary_large_image","twitter_creator":"@eldiario_net","twitter_site":"@eldiario_net","twitter_misc":{"Escrito por":"Viviana Monrroy","Tiempo de lectura":"1 minuto"},"schema":{"@context":"https:\/\/schema.org","@graph":[{"@type":"Article","@id":"https:\/\/www.eldiario.net\/portal\/2026\/07\/10\/arrestan-a-sospechoso-luego-del-presunto-asesinato-de-la-exministra-1903\/#article","isPartOf":{"@id":"https:\/\/www.eldiario.net\/portal\/2026\/07\/10\/arrestan-a-sospechoso-luego-del-presunto-asesinato-de-la-exministra-1903\/"},"author":{"name":"Viviana Monrroy","@id":"https:\/\/www.eldiario.net\/portal\/#\/schema\/person\/32cc89e801dfcbad3a54f91da7f2ea06"},"headline":"Arrestan a sospechoso luego del presunto asesinato de la exministra (19:03)","datePublished":"2026-07-10T23:03:45+00:00","mainEntityOfPage":{"@id":"https:\/\/www.eldiario.net\/portal\/2026\/07\/10\/arrestan-a-sospechoso-luego-del-presunto-asesinato-de-la-exministra-1903\/"},"wordCount":156,"publisher":{"@id":"https:\/\/www.eldiario.net\/portal\/#organization"},"image":{"@id":"https:\/\/www.eldiario.net\/portal\/2026\/07\/10\/arrestan-a-sospechoso-luego-del-presunto-asesinato-de-la-exministra-1903\/#primaryimage"},"thumbnailUrl":"https:\/\/www.eldiario.net\/portal\/wp-content\/uploads\/2026\/07\/Ann-Widdecombe-10.07.26-copia.webp","articleSection":["\u00daltima Hora"],"inLanguage":"es"},{"@type":"WebPage","@id":"https:\/\/www.eldiario.net\/portal\/2026\/07\/10\/arrestan-a-sospechoso-luego-del-presunto-asesinato-de-la-exministra-1903\/","url":"https:\/\/www.eldiario.net\/portal\/2026\/07\/10\/arrestan-a-sospechoso-luego-del-presunto-asesinato-de-la-exministra-1903\/","name":"Arrestan a sospechoso luego del presunto asesinato de la exministra (19:03) - El Diario - Bolivia","isPartOf":{"@id":"https:\/\/www.eldiario.net\/portal\/#website"},"primaryImageOfPage":{"@id":"https:\/\/www.eldiario.net\/portal\/2026\/07\/10\/arrestan-a-sospechoso-luego-del-presunto-asesinato-de-la-exministra-1903\/#primaryimage"},"image":{"@id":"https:\/\/www.eldiario.net\/portal\/2026\/07\/10\/arrestan-a-sospechoso-luego-del-presunto-asesinato-de-la-exministra-1903\/#primaryimage"},"thumbnailUrl":"https:\/\/www.eldiario.net\/portal\/wp-content\/uploads\/2026\/07\/Ann-Widdecombe-10.07.26-copia.webp","datePublished":"2026-07-10T23:03:45+00:00","breadcrumb":{"@id":"https:\/\/www.eldiario.net\/portal\/2026\/07\/10\/arrestan-a-sospechoso-luego-del-presunto-asesinato-de-la-exministra-1903\/#breadcrumb"},"inLanguage":"es","potentialAction":[{"@type":"ReadAction","target":["https:\/\/www.eldiario.net\/portal\/2026\/07\/10\/arrestan-a-sospechoso-luego-del-presunto-asesinato-de-la-exministra-1903\/"]}]},{"@type":"ImageObject","inLanguage":"es","@id":"https:\/\/www.eldiario.net\/portal\/2026\/07\/10\/arrestan-a-sospechoso-luego-del-presunto-asesinato-de-la-exministra-1903\/#primaryimage","url":"https:\/\/www.eldiario.net\/portal\/wp-content\/uploads\/2026\/07\/Ann-Widdecombe-10.07.26-copia.webp","contentUrl":"https:\/\/www.eldiario.net\/portal\/wp-content\/uploads\/2026\/07\/Ann-Widdecombe-10.07.26-copia.webp","width":477,"height":550,"caption":"Foto: Ann Widdecombe (RR.SS.)"},{"@type":"BreadcrumbList","@id":"https:\/\/www.eldiario.net\/portal\/2026\/07\/10\/arrestan-a-sospechoso-luego-del-presunto-asesinato-de-la-exministra-1903\/#breadcrumb","itemListElement":[{"@type":"ListItem","position":1,"name":"Portada","item":"https:\/\/www.eldiario.net\/portal\/"},{"@type":"ListItem","position":2,"name":"Arrestan a sospechoso luego del presunto asesinato de la exministra (19:03)"}]},{"@type":"WebSite","@id":"https:\/\/www.eldiario.net\/portal\/#website","url":"https:\/\/www.eldiario.net\/portal\/","name":"El Diario - Decano de la prensa nacional","description":"El Diario - Decano de la prensa nacional","publisher":{"@id":"https:\/\/www.eldiario.net\/portal\/#organization"},"potentialAction":[{"@type":"SearchAction","target":{"@type":"EntryPoint","urlTemplate":"https:\/\/www.eldiario.net\/portal\/?s={search_term_string}"},"query-input":{"@type":"PropertyValueSpecification","valueRequired":true,"valueName":"search_term_string"}}],"inLanguage":"es"},{"@type":"Organization","@id":"https:\/\/www.eldiario.net\/portal\/#organization","name":"El Diario - Decano de la prensa nacional","url":"https:\/\/www.eldiario.net\/portal\/","logo":{"@type":"ImageObject","inLanguage":"es","@id":"https:\/\/www.eldiario.net\/portal\/#\/schema\/logo\/image\/","url":"https:\/\/www.eldiario.net\/portal\/wp-content\/uploads\/2023\/07\/logo_ED.jpg","contentUrl":"https:\/\/www.eldiario.net\/portal\/wp-content\/uploads\/2023\/07\/logo_ED.jpg","width":272,"height":52,"caption":"El Diario - Decano de la prensa nacional"},"image":{"@id":"https:\/\/www.eldiario.net\/portal\/#\/schema\/logo\/image\/"},"sameAs":["https:\/\/www.facebook.com\/eldiario.bolivia\/","https:\/\/x.com\/eldiario_net"]},{"@type":"Person","@id":"https:\/\/www.eldiario.net\/portal\/#\/schema\/person\/32cc89e801dfcbad3a54f91da7f2ea06","name":"Viviana Monrroy","image":{"@type":"ImageObject","inLanguage":"es","@id":"https:\/\/secure.gravatar.com\/avatar\/dfd1611ed5600959a0e5a9754503b6c05d1dcf190010998e0363aee2ad98afca?s=96&d=mm&r=g","url":"https:\/\/secure.gravatar.com\/avatar\/dfd1611ed5600959a0e5a9754503b6c05d1dcf190010998e0363aee2ad98afca?s=96&d=mm&r=g","contentUrl":"https:\/\/secure.gravatar.com\/avatar\/dfd1611ed5600959a0e5a9754503b6c05d1dcf190010998e0363aee2ad98afca?s=96&d=mm&r=g","caption":"Viviana Monrroy"},"sameAs":["http:\/\/www.eldiario.net"],"url":"https:\/\/www.eldiario.net\/portal\/author\/vivianamonrroy\/"}]}},"_links":{"self":[{"href":"https:\/\/www.eldiario.net\/portal\/wp-json\/wp\/v2\/posts\/411628","targetHints":{"allow":["GET"]}}],"collection":[{"href":"https:\/\/www.eldiario.net\/portal\/wp-json\/wp\/v2\/posts"}],"about":[{"href":"https:\/\/www.eldiario.net\/portal\/wp-json\/wp\/v2\/types\/post"}],"author":[{"embeddable":true,"href":"https:\/\/www.eldiario.net\/portal\/wp-json\/wp\/v2\/users\/7"}],"replies":[{"embeddable":true,"href":"https:\/\/www.eldiario.net\/portal\/wp-json\/wp\/v2\/comments?post=411628"}],"version-history":[{"count":1,"href":"https:\/\/www.eldiario.net\/portal\/wp-json\/wp\/v2\/posts\/411628\/revisions"}],"predecessor-version":[{"id":411630,"href":"https:\/\/www.eldiario.net\/portal\/wp-json\/wp\/v2\/posts\/411628\/revisions\/411630"}],"wp:featuredmedia":[{"embeddable":true,"href":"https:\/\/www.eldiario.net\/portal\/wp-json\/wp\/v2\/media\/411629"}],"wp:attachment":[{"href":"https:\/\/www.eldiario.net\/portal\/wp-json\/wp\/v2\/media?parent=411628"}],"wp:term":[{"taxonomy":"category","embeddable":true,"href":"https:\/\/www.eldiario.net\/portal\/wp-json\/wp\/v2\/categories?post=411628"},{"taxonomy":"post_tag","embeddable":true,"href":"https:\/\/www.eldiario.net\/portal\/wp-json\/wp\/v2\/tags?post=411628"}],"curies":[{"name":"wp","href":"https:\/\/api.w.org\/{rel}","templated":true}]}}