{"id":411527,"date":"2026-07-10T11:46:40","date_gmt":"2026-07-10T15:46:40","guid":{"rendered":"https:\/\/www.eldiario.net\/portal\/?p=411527"},"modified":"2026-07-10T11:46:40","modified_gmt":"2026-07-10T15:46:40","slug":"estabilizan-en-brasil-al-presidente-de-la-aduana-luego-de-sufrir-un-infarto-en-la-frontera-1145","status":"publish","type":"post","link":"https:\/\/www.eldiario.net\/portal\/2026\/07\/10\/estabilizan-en-brasil-al-presidente-de-la-aduana-luego-de-sufrir-un-infarto-en-la-frontera-1145\/","title":{"rendered":"Estabilizan en Brasil al presidente de la Aduana luego de sufrir un infarto en la frontera (11:45)"},"content":{"rendered":"<p>El presidente de la Aduana Nacional, Alberto Samuel Soto, fue estabilizado con \u00e9xito en un hospital de Corumb\u00e1, Brasil, luego de sufrir un infarto en Puerto Quijarro mientras sosten\u00eda reuniones con autoridades municipales.<\/p>\n<p data-path-to-node=\"2\">La autoridad tuvo este percance m\u00e9dico en dicho municipio del departamento de Santa Cruz, mientras se encontraba cumpliendo una agenda de trabajo en la regi\u00f3n fronteriza.<\/p>\n<p>Fue atendido en primera instancia en el Hospital Pr\u00edncipe de Paz desde donde fue traslado al vecino pa\u00eds<\/p>\n","protected":false},"excerpt":{"rendered":"<p>El presidente de la Aduana Nacional, Alberto Samuel Soto, fue estabilizado con \u00e9xito en un hospital de Corumb\u00e1, Brasil, luego de sufrir un infarto en Puerto Quijarro mientras sosten\u00eda reuniones con autoridades municipales. La autoridad tuvo este percance m\u00e9dico en dicho municipio del departamento de Santa Cruz, mientras se encontraba cumpliendo una agenda de trabajo [&hellip;]<\/p>\n","protected":false},"author":7,"featured_media":411528,"comment_status":"closed","ping_status":"open","sticky":false,"template":"","format":"standard","meta":{"_acf_changed":false,"footnotes":""},"categories":[51],"tags":[],"class_list":["post-411527","post","type-post","status-publish","format-standard","has-post-thumbnail","category-ultima-hora"],"acf":{"antetitulo":""},"yoast_head":"<!-- This site is optimized with the Yoast SEO plugin v28.3 - https:\/\/yoast.com\/product\/yoast-seo-wordpress\/ -->\n<title>Estabilizan en Brasil al presidente de la Aduana luego de sufrir un infarto en la frontera (11:45) - El Diario - Bolivia<\/title>\n<meta name=\"robots\" content=\"index, follow, max-snippet:-1, max-image-preview:large, max-video-preview:-1\" \/>\n<link rel=\"canonical\" href=\"https:\/\/www.eldiario.net\/portal\/2026\/07\/10\/estabilizan-en-brasil-al-presidente-de-la-aduana-luego-de-sufrir-un-infarto-en-la-frontera-1145\/\" \/>\n<meta property=\"og:locale\" content=\"es_ES\" \/>\n<meta property=\"og:type\" content=\"article\" \/>\n<meta property=\"og:title\" content=\"Estabilizan en Brasil al presidente de la Aduana luego de sufrir un infarto en la frontera (11:45) - El Diario - Bolivia\" \/>\n<meta property=\"og:description\" content=\"El presidente de la Aduana Nacional, Alberto Samuel Soto, fue estabilizado con \u00e9xito en un hospital de Corumb\u00e1, Brasil, luego de sufrir un infarto en Puerto Quijarro mientras sosten\u00eda reuniones con autoridades municipales. La autoridad tuvo este percance m\u00e9dico en dicho municipio del departamento de Santa Cruz, mientras se encontraba cumpliendo una agenda de trabajo [&hellip;]\" \/>\n<meta property=\"og:url\" content=\"https:\/\/www.eldiario.net\/portal\/2026\/07\/10\/estabilizan-en-brasil-al-presidente-de-la-aduana-luego-de-sufrir-un-infarto-en-la-frontera-1145\/\" \/>\n<meta property=\"og:site_name\" content=\"El Diario - Bolivia\" \/>\n<meta property=\"article:publisher\" content=\"https:\/\/www.facebook.com\/eldiario.bolivia\/\" \/>\n<meta property=\"article:published_time\" content=\"2026-07-10T15:46:40+00:00\" \/>\n<meta property=\"og:image\" content=\"https:\/\/www.eldiario.net\/portal\/wp-content\/uploads\/2026\/07\/aduana-10.07.26-copia.webp\" \/>\n\t<meta property=\"og:image:width\" content=\"500\" \/>\n\t<meta property=\"og:image:height\" content=\"529\" \/>\n\t<meta property=\"og:image:type\" content=\"image\/webp\" \/>\n<meta name=\"author\" content=\"Viviana Monrroy\" \/>\n<meta name=\"twitter:card\" content=\"summary_large_image\" \/>\n<meta name=\"twitter:creator\" content=\"@eldiario_net\" \/>\n<meta name=\"twitter:site\" content=\"@eldiario_net\" \/>\n<meta name=\"twitter:label1\" content=\"Escrito por\" \/>\n\t<meta name=\"twitter:data1\" content=\"Viviana Monrroy\" \/>\n\t<meta name=\"twitter:label2\" content=\"Tiempo de lectura\" \/>\n\t<meta name=\"twitter:data2\" content=\"1 minuto\" \/>\n<script type=\"application\/ld+json\" class=\"yoast-schema-graph\">{\"@context\":\"https:\\\/\\\/schema.org\",\"@graph\":[{\"@type\":\"Article\",\"@id\":\"https:\\\/\\\/www.eldiario.net\\\/portal\\\/2026\\\/07\\\/10\\\/estabilizan-en-brasil-al-presidente-de-la-aduana-luego-de-sufrir-un-infarto-en-la-frontera-1145\\\/#article\",\"isPartOf\":{\"@id\":\"https:\\\/\\\/www.eldiario.net\\\/portal\\\/2026\\\/07\\\/10\\\/estabilizan-en-brasil-al-presidente-de-la-aduana-luego-de-sufrir-un-infarto-en-la-frontera-1145\\\/\"},\"author\":{\"name\":\"Viviana Monrroy\",\"@id\":\"https:\\\/\\\/www.eldiario.net\\\/portal\\\/#\\\/schema\\\/person\\\/ba370d92d160f4d3574381f6d9b78fab\"},\"headline\":\"Estabilizan en Brasil al presidente de la Aduana luego de sufrir un infarto en la frontera (11:45)\",\"datePublished\":\"2026-07-10T15:46:40+00:00\",\"mainEntityOfPage\":{\"@id\":\"https:\\\/\\\/www.eldiario.net\\\/portal\\\/2026\\\/07\\\/10\\\/estabilizan-en-brasil-al-presidente-de-la-aduana-luego-de-sufrir-un-infarto-en-la-frontera-1145\\\/\"},\"wordCount\":98,\"publisher\":{\"@id\":\"https:\\\/\\\/www.eldiario.net\\\/portal\\\/#organization\"},\"image\":{\"@id\":\"https:\\\/\\\/www.eldiario.net\\\/portal\\\/2026\\\/07\\\/10\\\/estabilizan-en-brasil-al-presidente-de-la-aduana-luego-de-sufrir-un-infarto-en-la-frontera-1145\\\/#primaryimage\"},\"thumbnailUrl\":\"https:\\\/\\\/www.eldiario.net\\\/portal\\\/wp-content\\\/uploads\\\/2026\\\/07\\\/aduana-10.07.26-copia.webp\",\"articleSection\":[\"\u00daltima Hora\"],\"inLanguage\":\"es\"},{\"@type\":\"WebPage\",\"@id\":\"https:\\\/\\\/www.eldiario.net\\\/portal\\\/2026\\\/07\\\/10\\\/estabilizan-en-brasil-al-presidente-de-la-aduana-luego-de-sufrir-un-infarto-en-la-frontera-1145\\\/\",\"url\":\"https:\\\/\\\/www.eldiario.net\\\/portal\\\/2026\\\/07\\\/10\\\/estabilizan-en-brasil-al-presidente-de-la-aduana-luego-de-sufrir-un-infarto-en-la-frontera-1145\\\/\",\"name\":\"Estabilizan en Brasil al presidente de la Aduana luego de sufrir un infarto en la frontera (11:45) - El Diario - Bolivia\",\"isPartOf\":{\"@id\":\"https:\\\/\\\/www.eldiario.net\\\/portal\\\/#website\"},\"primaryImageOfPage\":{\"@id\":\"https:\\\/\\\/www.eldiario.net\\\/portal\\\/2026\\\/07\\\/10\\\/estabilizan-en-brasil-al-presidente-de-la-aduana-luego-de-sufrir-un-infarto-en-la-frontera-1145\\\/#primaryimage\"},\"image\":{\"@id\":\"https:\\\/\\\/www.eldiario.net\\\/portal\\\/2026\\\/07\\\/10\\\/estabilizan-en-brasil-al-presidente-de-la-aduana-luego-de-sufrir-un-infarto-en-la-frontera-1145\\\/#primaryimage\"},\"thumbnailUrl\":\"https:\\\/\\\/www.eldiario.net\\\/portal\\\/wp-content\\\/uploads\\\/2026\\\/07\\\/aduana-10.07.26-copia.webp\",\"datePublished\":\"2026-07-10T15:46:40+00:00\",\"breadcrumb\":{\"@id\":\"https:\\\/\\\/www.eldiario.net\\\/portal\\\/2026\\\/07\\\/10\\\/estabilizan-en-brasil-al-presidente-de-la-aduana-luego-de-sufrir-un-infarto-en-la-frontera-1145\\\/#breadcrumb\"},\"inLanguage\":\"es\",\"potentialAction\":[{\"@type\":\"ReadAction\",\"target\":[\"https:\\\/\\\/www.eldiario.net\\\/portal\\\/2026\\\/07\\\/10\\\/estabilizan-en-brasil-al-presidente-de-la-aduana-luego-de-sufrir-un-infarto-en-la-frontera-1145\\\/\"]}]},{\"@type\":\"ImageObject\",\"inLanguage\":\"es\",\"@id\":\"https:\\\/\\\/www.eldiario.net\\\/portal\\\/2026\\\/07\\\/10\\\/estabilizan-en-brasil-al-presidente-de-la-aduana-luego-de-sufrir-un-infarto-en-la-frontera-1145\\\/#primaryimage\",\"url\":\"https:\\\/\\\/www.eldiario.net\\\/portal\\\/wp-content\\\/uploads\\\/2026\\\/07\\\/aduana-10.07.26-copia.webp\",\"contentUrl\":\"https:\\\/\\\/www.eldiario.net\\\/portal\\\/wp-content\\\/uploads\\\/2026\\\/07\\\/aduana-10.07.26-copia.webp\",\"width\":500,\"height\":529,\"caption\":\"Foto: RR.SS.\"},{\"@type\":\"BreadcrumbList\",\"@id\":\"https:\\\/\\\/www.eldiario.net\\\/portal\\\/2026\\\/07\\\/10\\\/estabilizan-en-brasil-al-presidente-de-la-aduana-luego-de-sufrir-un-infarto-en-la-frontera-1145\\\/#breadcrumb\",\"itemListElement\":[{\"@type\":\"ListItem\",\"position\":1,\"name\":\"Portada\",\"item\":\"https:\\\/\\\/www.eldiario.net\\\/portal\\\/\"},{\"@type\":\"ListItem\",\"position\":2,\"name\":\"Estabilizan en Brasil al presidente de la Aduana luego de sufrir un infarto en la frontera (11:45)\"}]},{\"@type\":\"WebSite\",\"@id\":\"https:\\\/\\\/www.eldiario.net\\\/portal\\\/#website\",\"url\":\"https:\\\/\\\/www.eldiario.net\\\/portal\\\/\",\"name\":\"El Diario - Decano de la prensa nacional\",\"description\":\"El Diario - Decano de la prensa nacional\",\"publisher\":{\"@id\":\"https:\\\/\\\/www.eldiario.net\\\/portal\\\/#organization\"},\"potentialAction\":[{\"@type\":\"SearchAction\",\"target\":{\"@type\":\"EntryPoint\",\"urlTemplate\":\"https:\\\/\\\/www.eldiario.net\\\/portal\\\/?s={search_term_string}\"},\"query-input\":{\"@type\":\"PropertyValueSpecification\",\"valueRequired\":true,\"valueName\":\"search_term_string\"}}],\"inLanguage\":\"es\"},{\"@type\":\"Organization\",\"@id\":\"https:\\\/\\\/www.eldiario.net\\\/portal\\\/#organization\",\"name\":\"El Diario - Decano de la prensa nacional\",\"url\":\"https:\\\/\\\/www.eldiario.net\\\/portal\\\/\",\"logo\":{\"@type\":\"ImageObject\",\"inLanguage\":\"es\",\"@id\":\"https:\\\/\\\/www.eldiario.net\\\/portal\\\/#\\\/schema\\\/logo\\\/image\\\/\",\"url\":\"https:\\\/\\\/www.eldiario.net\\\/portal\\\/wp-content\\\/uploads\\\/2023\\\/07\\\/logo_ED.jpg\",\"contentUrl\":\"https:\\\/\\\/www.eldiario.net\\\/portal\\\/wp-content\\\/uploads\\\/2023\\\/07\\\/logo_ED.jpg\",\"width\":272,\"height\":52,\"caption\":\"El Diario - Decano de la prensa nacional\"},\"image\":{\"@id\":\"https:\\\/\\\/www.eldiario.net\\\/portal\\\/#\\\/schema\\\/logo\\\/image\\\/\"},\"sameAs\":[\"https:\\\/\\\/www.facebook.com\\\/eldiario.bolivia\\\/\",\"https:\\\/\\\/x.com\\\/eldiario_net\"]},{\"@type\":\"Person\",\"@id\":\"https:\\\/\\\/www.eldiario.net\\\/portal\\\/#\\\/schema\\\/person\\\/ba370d92d160f4d3574381f6d9b78fab\",\"name\":\"Viviana Monrroy\",\"image\":{\"@type\":\"ImageObject\",\"inLanguage\":\"es\",\"@id\":\"https:\\\/\\\/secure.gravatar.com\\\/avatar\\\/dfd1611ed5600959a0e5a9754503b6c05d1dcf190010998e0363aee2ad98afca?s=96&d=mm&r=g\",\"url\":\"https:\\\/\\\/secure.gravatar.com\\\/avatar\\\/dfd1611ed5600959a0e5a9754503b6c05d1dcf190010998e0363aee2ad98afca?s=96&d=mm&r=g\",\"contentUrl\":\"https:\\\/\\\/secure.gravatar.com\\\/avatar\\\/dfd1611ed5600959a0e5a9754503b6c05d1dcf190010998e0363aee2ad98afca?s=96&d=mm&r=g\",\"caption\":\"Viviana Monrroy\"},\"sameAs\":[\"http:\\\/\\\/www.eldiario.net\"],\"url\":\"https:\\\/\\\/www.eldiario.net\\\/portal\\\/author\\\/vivianamonrroy\\\/\"}]}<\/script>\n<!-- \/ Yoast SEO plugin. -->","yoast_head_json":{"title":"Estabilizan en Brasil al presidente de la Aduana luego de sufrir un infarto en la frontera (11:45) - El Diario - Bolivia","robots":{"index":"index","follow":"follow","max-snippet":"max-snippet:-1","max-image-preview":"max-image-preview:large","max-video-preview":"max-video-preview:-1"},"canonical":"https:\/\/www.eldiario.net\/portal\/2026\/07\/10\/estabilizan-en-brasil-al-presidente-de-la-aduana-luego-de-sufrir-un-infarto-en-la-frontera-1145\/","og_locale":"es_ES","og_type":"article","og_title":"Estabilizan en Brasil al presidente de la Aduana luego de sufrir un infarto en la frontera (11:45) - El Diario - Bolivia","og_description":"El presidente de la Aduana Nacional, Alberto Samuel Soto, fue estabilizado con \u00e9xito en un hospital de Corumb\u00e1, Brasil, luego de sufrir un infarto en Puerto Quijarro mientras sosten\u00eda reuniones con autoridades municipales. La autoridad tuvo este percance m\u00e9dico en dicho municipio del departamento de Santa Cruz, mientras se encontraba cumpliendo una agenda de trabajo [&hellip;]","og_url":"https:\/\/www.eldiario.net\/portal\/2026\/07\/10\/estabilizan-en-brasil-al-presidente-de-la-aduana-luego-de-sufrir-un-infarto-en-la-frontera-1145\/","og_site_name":"El Diario - Bolivia","article_publisher":"https:\/\/www.facebook.com\/eldiario.bolivia\/","article_published_time":"2026-07-10T15:46:40+00:00","og_image":[{"width":500,"height":529,"url":"https:\/\/www.eldiario.net\/portal\/wp-content\/uploads\/2026\/07\/aduana-10.07.26-copia.webp","type":"image\/webp"}],"author":"Viviana Monrroy","twitter_card":"summary_large_image","twitter_creator":"@eldiario_net","twitter_site":"@eldiario_net","twitter_misc":{"Escrito por":"Viviana Monrroy","Tiempo de lectura":"1 minuto"},"schema":{"@context":"https:\/\/schema.org","@graph":[{"@type":"Article","@id":"https:\/\/www.eldiario.net\/portal\/2026\/07\/10\/estabilizan-en-brasil-al-presidente-de-la-aduana-luego-de-sufrir-un-infarto-en-la-frontera-1145\/#article","isPartOf":{"@id":"https:\/\/www.eldiario.net\/portal\/2026\/07\/10\/estabilizan-en-brasil-al-presidente-de-la-aduana-luego-de-sufrir-un-infarto-en-la-frontera-1145\/"},"author":{"name":"Viviana Monrroy","@id":"https:\/\/www.eldiario.net\/portal\/#\/schema\/person\/ba370d92d160f4d3574381f6d9b78fab"},"headline":"Estabilizan en Brasil al presidente de la Aduana luego de sufrir un infarto en la frontera (11:45)","datePublished":"2026-07-10T15:46:40+00:00","mainEntityOfPage":{"@id":"https:\/\/www.eldiario.net\/portal\/2026\/07\/10\/estabilizan-en-brasil-al-presidente-de-la-aduana-luego-de-sufrir-un-infarto-en-la-frontera-1145\/"},"wordCount":98,"publisher":{"@id":"https:\/\/www.eldiario.net\/portal\/#organization"},"image":{"@id":"https:\/\/www.eldiario.net\/portal\/2026\/07\/10\/estabilizan-en-brasil-al-presidente-de-la-aduana-luego-de-sufrir-un-infarto-en-la-frontera-1145\/#primaryimage"},"thumbnailUrl":"https:\/\/www.eldiario.net\/portal\/wp-content\/uploads\/2026\/07\/aduana-10.07.26-copia.webp","articleSection":["\u00daltima Hora"],"inLanguage":"es"},{"@type":"WebPage","@id":"https:\/\/www.eldiario.net\/portal\/2026\/07\/10\/estabilizan-en-brasil-al-presidente-de-la-aduana-luego-de-sufrir-un-infarto-en-la-frontera-1145\/","url":"https:\/\/www.eldiario.net\/portal\/2026\/07\/10\/estabilizan-en-brasil-al-presidente-de-la-aduana-luego-de-sufrir-un-infarto-en-la-frontera-1145\/","name":"Estabilizan en Brasil al presidente de la Aduana luego de sufrir un infarto en la frontera (11:45) - El Diario - Bolivia","isPartOf":{"@id":"https:\/\/www.eldiario.net\/portal\/#website"},"primaryImageOfPage":{"@id":"https:\/\/www.eldiario.net\/portal\/2026\/07\/10\/estabilizan-en-brasil-al-presidente-de-la-aduana-luego-de-sufrir-un-infarto-en-la-frontera-1145\/#primaryimage"},"image":{"@id":"https:\/\/www.eldiario.net\/portal\/2026\/07\/10\/estabilizan-en-brasil-al-presidente-de-la-aduana-luego-de-sufrir-un-infarto-en-la-frontera-1145\/#primaryimage"},"thumbnailUrl":"https:\/\/www.eldiario.net\/portal\/wp-content\/uploads\/2026\/07\/aduana-10.07.26-copia.webp","datePublished":"2026-07-10T15:46:40+00:00","breadcrumb":{"@id":"https:\/\/www.eldiario.net\/portal\/2026\/07\/10\/estabilizan-en-brasil-al-presidente-de-la-aduana-luego-de-sufrir-un-infarto-en-la-frontera-1145\/#breadcrumb"},"inLanguage":"es","potentialAction":[{"@type":"ReadAction","target":["https:\/\/www.eldiario.net\/portal\/2026\/07\/10\/estabilizan-en-brasil-al-presidente-de-la-aduana-luego-de-sufrir-un-infarto-en-la-frontera-1145\/"]}]},{"@type":"ImageObject","inLanguage":"es","@id":"https:\/\/www.eldiario.net\/portal\/2026\/07\/10\/estabilizan-en-brasil-al-presidente-de-la-aduana-luego-de-sufrir-un-infarto-en-la-frontera-1145\/#primaryimage","url":"https:\/\/www.eldiario.net\/portal\/wp-content\/uploads\/2026\/07\/aduana-10.07.26-copia.webp","contentUrl":"https:\/\/www.eldiario.net\/portal\/wp-content\/uploads\/2026\/07\/aduana-10.07.26-copia.webp","width":500,"height":529,"caption":"Foto: RR.SS."},{"@type":"BreadcrumbList","@id":"https:\/\/www.eldiario.net\/portal\/2026\/07\/10\/estabilizan-en-brasil-al-presidente-de-la-aduana-luego-de-sufrir-un-infarto-en-la-frontera-1145\/#breadcrumb","itemListElement":[{"@type":"ListItem","position":1,"name":"Portada","item":"https:\/\/www.eldiario.net\/portal\/"},{"@type":"ListItem","position":2,"name":"Estabilizan en Brasil al presidente de la Aduana luego de sufrir un infarto en la frontera (11:45)"}]},{"@type":"WebSite","@id":"https:\/\/www.eldiario.net\/portal\/#website","url":"https:\/\/www.eldiario.net\/portal\/","name":"El Diario - Decano de la prensa nacional","description":"El Diario - Decano de la prensa nacional","publisher":{"@id":"https:\/\/www.eldiario.net\/portal\/#organization"},"potentialAction":[{"@type":"SearchAction","target":{"@type":"EntryPoint","urlTemplate":"https:\/\/www.eldiario.net\/portal\/?s={search_term_string}"},"query-input":{"@type":"PropertyValueSpecification","valueRequired":true,"valueName":"search_term_string"}}],"inLanguage":"es"},{"@type":"Organization","@id":"https:\/\/www.eldiario.net\/portal\/#organization","name":"El Diario - Decano de la prensa nacional","url":"https:\/\/www.eldiario.net\/portal\/","logo":{"@type":"ImageObject","inLanguage":"es","@id":"https:\/\/www.eldiario.net\/portal\/#\/schema\/logo\/image\/","url":"https:\/\/www.eldiario.net\/portal\/wp-content\/uploads\/2023\/07\/logo_ED.jpg","contentUrl":"https:\/\/www.eldiario.net\/portal\/wp-content\/uploads\/2023\/07\/logo_ED.jpg","width":272,"height":52,"caption":"El Diario - Decano de la prensa nacional"},"image":{"@id":"https:\/\/www.eldiario.net\/portal\/#\/schema\/logo\/image\/"},"sameAs":["https:\/\/www.facebook.com\/eldiario.bolivia\/","https:\/\/x.com\/eldiario_net"]},{"@type":"Person","@id":"https:\/\/www.eldiario.net\/portal\/#\/schema\/person\/ba370d92d160f4d3574381f6d9b78fab","name":"Viviana Monrroy","image":{"@type":"ImageObject","inLanguage":"es","@id":"https:\/\/secure.gravatar.com\/avatar\/dfd1611ed5600959a0e5a9754503b6c05d1dcf190010998e0363aee2ad98afca?s=96&d=mm&r=g","url":"https:\/\/secure.gravatar.com\/avatar\/dfd1611ed5600959a0e5a9754503b6c05d1dcf190010998e0363aee2ad98afca?s=96&d=mm&r=g","contentUrl":"https:\/\/secure.gravatar.com\/avatar\/dfd1611ed5600959a0e5a9754503b6c05d1dcf190010998e0363aee2ad98afca?s=96&d=mm&r=g","caption":"Viviana Monrroy"},"sameAs":["http:\/\/www.eldiario.net"],"url":"https:\/\/www.eldiario.net\/portal\/author\/vivianamonrroy\/"}]}},"_links":{"self":[{"href":"https:\/\/www.eldiario.net\/portal\/wp-json\/wp\/v2\/posts\/411527","targetHints":{"allow":["GET"]}}],"collection":[{"href":"https:\/\/www.eldiario.net\/portal\/wp-json\/wp\/v2\/posts"}],"about":[{"href":"https:\/\/www.eldiario.net\/portal\/wp-json\/wp\/v2\/types\/post"}],"author":[{"embeddable":true,"href":"https:\/\/www.eldiario.net\/portal\/wp-json\/wp\/v2\/users\/7"}],"replies":[{"embeddable":true,"href":"https:\/\/www.eldiario.net\/portal\/wp-json\/wp\/v2\/comments?post=411527"}],"version-history":[{"count":1,"href":"https:\/\/www.eldiario.net\/portal\/wp-json\/wp\/v2\/posts\/411527\/revisions"}],"predecessor-version":[{"id":411529,"href":"https:\/\/www.eldiario.net\/portal\/wp-json\/wp\/v2\/posts\/411527\/revisions\/411529"}],"wp:featuredmedia":[{"embeddable":true,"href":"https:\/\/www.eldiario.net\/portal\/wp-json\/wp\/v2\/media\/411528"}],"wp:attachment":[{"href":"https:\/\/www.eldiario.net\/portal\/wp-json\/wp\/v2\/media?parent=411527"}],"wp:term":[{"taxonomy":"category","embeddable":true,"href":"https:\/\/www.eldiario.net\/portal\/wp-json\/wp\/v2\/categories?post=411527"},{"taxonomy":"post_tag","embeddable":true,"href":"https:\/\/www.eldiario.net\/portal\/wp-json\/wp\/v2\/tags?post=411527"}],"curies":[{"name":"wp","href":"https:\/\/api.w.org\/{rel}","templated":true}]}}