{"id":411504,"date":"2026-07-10T09:10:11","date_gmt":"2026-07-10T13:10:11","guid":{"rendered":"https:\/\/www.eldiario.net\/portal\/?p=411504"},"modified":"2026-07-10T09:10:11","modified_gmt":"2026-07-10T13:10:11","slug":"ministro-de-trabajo-descarta-ampliar-el-feriado-de-la-efemeride-pacena-0910","status":"publish","type":"post","link":"https:\/\/www.eldiario.net\/portal\/2026\/07\/10\/ministro-de-trabajo-descarta-ampliar-el-feriado-de-la-efemeride-pacena-0910\/","title":{"rendered":"Ministro de Trabajo descarta ampliar el feriado de la efem\u00e9ride pace\u00f1a (09:10)"},"content":{"rendered":"<p>El ministro de Trabajo, Williams Bascop\u00e9, en contacto con medios de comunicaci\u00f3n, descart\u00f3 de manera definitiva la posibilidad de ampliar el feriado departamental del 16 de julio hasta el viernes 17 de julio bajo la modalidad de \u00abferiado puente\u00bb.<\/p>\n<p>La aclaraci\u00f3n surge ante la solicitud de diversos sectores que esperaban un fin de semana largo en conmemoraci\u00f3n de la Gesta Libertaria de La Paz.<\/p>\n<p data-path-to-node=\"2\">Bascop\u00e9 explic\u00f3 que el Decreto Supremo 5521 ya norma con precisi\u00f3n qu\u00e9 feriados nacionales y departamentales pueden ser extendidos, por lo que no existen las condiciones legales para disponer una ampliaci\u00f3n en este caso.<\/p>\n<p>Al tratarse de una efem\u00e9ride estrictamente departamental, la jornada no laboral aplicar\u00e1 \u00fanica y exclusivamente para La Paz durante el d\u00eda jueves.<\/p>\n<p data-path-to-node=\"3\">A los argumentos legales se suma la urgencia econ\u00f3mica que atraviesa la regi\u00f3n.<\/p>\n<p>La autoridad nacional remarc\u00f3 que, luego de sufrir 53 d\u00edas de bloqueos de carreteras que paralizaron y golpearon severamente al eje central del pa\u00eds entre mayo y junio, Bolivia necesita priorizar la reactivaci\u00f3n productiva y el movimiento de sus actividades econ\u00f3micas.<\/p>\n","protected":false},"excerpt":{"rendered":"<p>El ministro de Trabajo, Williams Bascop\u00e9, en contacto con medios de comunicaci\u00f3n, descart\u00f3 de manera definitiva la posibilidad de ampliar el feriado departamental del 16 de julio hasta el viernes 17 de julio bajo la modalidad de \u00abferiado puente\u00bb. La aclaraci\u00f3n surge ante la solicitud de diversos sectores que esperaban un fin de semana largo [&hellip;]<\/p>\n","protected":false},"author":7,"featured_media":411506,"comment_status":"closed","ping_status":"open","sticky":false,"template":"","format":"standard","meta":{"_acf_changed":false,"footnotes":""},"categories":[51],"tags":[],"class_list":["post-411504","post","type-post","status-publish","format-standard","has-post-thumbnail","category-ultima-hora"],"acf":{"antetitulo":""},"yoast_head":"<!-- This site is optimized with the Yoast SEO plugin v28.4 - https:\/\/yoast.com\/product\/yoast-seo-wordpress\/ -->\n<title>Ministro de Trabajo descarta ampliar el feriado de la efem\u00e9ride pace\u00f1a (09:10) - El Diario - Bolivia<\/title>\n<meta name=\"robots\" content=\"index, follow, max-snippet:-1, max-image-preview:large, max-video-preview:-1\" \/>\n<link rel=\"canonical\" href=\"https:\/\/www.eldiario.net\/portal\/2026\/07\/10\/ministro-de-trabajo-descarta-ampliar-el-feriado-de-la-efemeride-pacena-0910\/\" \/>\n<meta property=\"og:locale\" content=\"es_ES\" \/>\n<meta property=\"og:type\" content=\"article\" \/>\n<meta property=\"og:title\" content=\"Ministro de Trabajo descarta ampliar el feriado de la efem\u00e9ride pace\u00f1a (09:10) - El Diario - Bolivia\" \/>\n<meta property=\"og:description\" content=\"El ministro de Trabajo, Williams Bascop\u00e9, en contacto con medios de comunicaci\u00f3n, descart\u00f3 de manera definitiva la posibilidad de ampliar el feriado departamental del 16 de julio hasta el viernes 17 de julio bajo la modalidad de \u00abferiado puente\u00bb. La aclaraci\u00f3n surge ante la solicitud de diversos sectores que esperaban un fin de semana largo [&hellip;]\" \/>\n<meta property=\"og:url\" content=\"https:\/\/www.eldiario.net\/portal\/2026\/07\/10\/ministro-de-trabajo-descarta-ampliar-el-feriado-de-la-efemeride-pacena-0910\/\" \/>\n<meta property=\"og:site_name\" content=\"El Diario - Bolivia\" \/>\n<meta property=\"article:publisher\" content=\"https:\/\/www.facebook.com\/eldiario.bolivia\/\" \/>\n<meta property=\"article:published_time\" content=\"2026-07-10T13:10:11+00:00\" \/>\n<meta property=\"og:image\" content=\"https:\/\/www.eldiario.net\/portal\/wp-content\/uploads\/2026\/07\/la-paz-10.07.26-copia.webp\" \/>\n\t<meta property=\"og:image:width\" content=\"550\" \/>\n\t<meta property=\"og:image:height\" content=\"440\" \/>\n\t<meta property=\"og:image:type\" content=\"image\/webp\" \/>\n<meta name=\"author\" content=\"Viviana Monrroy\" \/>\n<meta name=\"twitter:card\" content=\"summary_large_image\" \/>\n<meta name=\"twitter:creator\" content=\"@eldiario_net\" \/>\n<meta name=\"twitter:site\" content=\"@eldiario_net\" \/>\n<meta name=\"twitter:label1\" content=\"Escrito por\" \/>\n\t<meta name=\"twitter:data1\" content=\"Viviana Monrroy\" \/>\n\t<meta name=\"twitter:label2\" content=\"Tiempo de lectura\" \/>\n\t<meta name=\"twitter:data2\" content=\"1 minuto\" \/>\n<script type=\"application\/ld+json\" class=\"yoast-schema-graph\">{\"@context\":\"https:\\\/\\\/schema.org\",\"@graph\":[{\"@type\":\"Article\",\"@id\":\"https:\\\/\\\/www.eldiario.net\\\/portal\\\/2026\\\/07\\\/10\\\/ministro-de-trabajo-descarta-ampliar-el-feriado-de-la-efemeride-pacena-0910\\\/#article\",\"isPartOf\":{\"@id\":\"https:\\\/\\\/www.eldiario.net\\\/portal\\\/2026\\\/07\\\/10\\\/ministro-de-trabajo-descarta-ampliar-el-feriado-de-la-efemeride-pacena-0910\\\/\"},\"author\":{\"name\":\"Viviana Monrroy\",\"@id\":\"https:\\\/\\\/www.eldiario.net\\\/portal\\\/#\\\/schema\\\/person\\\/32cc89e801dfcbad3a54f91da7f2ea06\"},\"headline\":\"Ministro de Trabajo descarta ampliar el feriado de la efem\u00e9ride pace\u00f1a (09:10)\",\"datePublished\":\"2026-07-10T13:10:11+00:00\",\"mainEntityOfPage\":{\"@id\":\"https:\\\/\\\/www.eldiario.net\\\/portal\\\/2026\\\/07\\\/10\\\/ministro-de-trabajo-descarta-ampliar-el-feriado-de-la-efemeride-pacena-0910\\\/\"},\"wordCount\":196,\"publisher\":{\"@id\":\"https:\\\/\\\/www.eldiario.net\\\/portal\\\/#organization\"},\"image\":{\"@id\":\"https:\\\/\\\/www.eldiario.net\\\/portal\\\/2026\\\/07\\\/10\\\/ministro-de-trabajo-descarta-ampliar-el-feriado-de-la-efemeride-pacena-0910\\\/#primaryimage\"},\"thumbnailUrl\":\"https:\\\/\\\/www.eldiario.net\\\/portal\\\/wp-content\\\/uploads\\\/2026\\\/07\\\/la-paz-10.07.26-copia.webp\",\"articleSection\":[\"\u00daltima Hora\"],\"inLanguage\":\"es\"},{\"@type\":\"WebPage\",\"@id\":\"https:\\\/\\\/www.eldiario.net\\\/portal\\\/2026\\\/07\\\/10\\\/ministro-de-trabajo-descarta-ampliar-el-feriado-de-la-efemeride-pacena-0910\\\/\",\"url\":\"https:\\\/\\\/www.eldiario.net\\\/portal\\\/2026\\\/07\\\/10\\\/ministro-de-trabajo-descarta-ampliar-el-feriado-de-la-efemeride-pacena-0910\\\/\",\"name\":\"Ministro de Trabajo descarta ampliar el feriado de la efem\u00e9ride pace\u00f1a (09:10) - El Diario - Bolivia\",\"isPartOf\":{\"@id\":\"https:\\\/\\\/www.eldiario.net\\\/portal\\\/#website\"},\"primaryImageOfPage\":{\"@id\":\"https:\\\/\\\/www.eldiario.net\\\/portal\\\/2026\\\/07\\\/10\\\/ministro-de-trabajo-descarta-ampliar-el-feriado-de-la-efemeride-pacena-0910\\\/#primaryimage\"},\"image\":{\"@id\":\"https:\\\/\\\/www.eldiario.net\\\/portal\\\/2026\\\/07\\\/10\\\/ministro-de-trabajo-descarta-ampliar-el-feriado-de-la-efemeride-pacena-0910\\\/#primaryimage\"},\"thumbnailUrl\":\"https:\\\/\\\/www.eldiario.net\\\/portal\\\/wp-content\\\/uploads\\\/2026\\\/07\\\/la-paz-10.07.26-copia.webp\",\"datePublished\":\"2026-07-10T13:10:11+00:00\",\"breadcrumb\":{\"@id\":\"https:\\\/\\\/www.eldiario.net\\\/portal\\\/2026\\\/07\\\/10\\\/ministro-de-trabajo-descarta-ampliar-el-feriado-de-la-efemeride-pacena-0910\\\/#breadcrumb\"},\"inLanguage\":\"es\",\"potentialAction\":[{\"@type\":\"ReadAction\",\"target\":[\"https:\\\/\\\/www.eldiario.net\\\/portal\\\/2026\\\/07\\\/10\\\/ministro-de-trabajo-descarta-ampliar-el-feriado-de-la-efemeride-pacena-0910\\\/\"]}]},{\"@type\":\"ImageObject\",\"inLanguage\":\"es\",\"@id\":\"https:\\\/\\\/www.eldiario.net\\\/portal\\\/2026\\\/07\\\/10\\\/ministro-de-trabajo-descarta-ampliar-el-feriado-de-la-efemeride-pacena-0910\\\/#primaryimage\",\"url\":\"https:\\\/\\\/www.eldiario.net\\\/portal\\\/wp-content\\\/uploads\\\/2026\\\/07\\\/la-paz-10.07.26-copia.webp\",\"contentUrl\":\"https:\\\/\\\/www.eldiario.net\\\/portal\\\/wp-content\\\/uploads\\\/2026\\\/07\\\/la-paz-10.07.26-copia.webp\",\"width\":550,\"height\":440,\"caption\":\"Foto: Bas\u00edlica de San Francisco, La Paz.\"},{\"@type\":\"BreadcrumbList\",\"@id\":\"https:\\\/\\\/www.eldiario.net\\\/portal\\\/2026\\\/07\\\/10\\\/ministro-de-trabajo-descarta-ampliar-el-feriado-de-la-efemeride-pacena-0910\\\/#breadcrumb\",\"itemListElement\":[{\"@type\":\"ListItem\",\"position\":1,\"name\":\"Portada\",\"item\":\"https:\\\/\\\/www.eldiario.net\\\/portal\\\/\"},{\"@type\":\"ListItem\",\"position\":2,\"name\":\"Ministro de Trabajo descarta ampliar el feriado de la efem\u00e9ride pace\u00f1a (09:10)\"}]},{\"@type\":\"WebSite\",\"@id\":\"https:\\\/\\\/www.eldiario.net\\\/portal\\\/#website\",\"url\":\"https:\\\/\\\/www.eldiario.net\\\/portal\\\/\",\"name\":\"El Diario - Decano de la prensa nacional\",\"description\":\"El Diario - Decano de la prensa nacional\",\"publisher\":{\"@id\":\"https:\\\/\\\/www.eldiario.net\\\/portal\\\/#organization\"},\"potentialAction\":[{\"@type\":\"SearchAction\",\"target\":{\"@type\":\"EntryPoint\",\"urlTemplate\":\"https:\\\/\\\/www.eldiario.net\\\/portal\\\/?s={search_term_string}\"},\"query-input\":{\"@type\":\"PropertyValueSpecification\",\"valueRequired\":true,\"valueName\":\"search_term_string\"}}],\"inLanguage\":\"es\"},{\"@type\":\"Organization\",\"@id\":\"https:\\\/\\\/www.eldiario.net\\\/portal\\\/#organization\",\"name\":\"El Diario - Decano de la prensa nacional\",\"url\":\"https:\\\/\\\/www.eldiario.net\\\/portal\\\/\",\"logo\":{\"@type\":\"ImageObject\",\"inLanguage\":\"es\",\"@id\":\"https:\\\/\\\/www.eldiario.net\\\/portal\\\/#\\\/schema\\\/logo\\\/image\\\/\",\"url\":\"https:\\\/\\\/www.eldiario.net\\\/portal\\\/wp-content\\\/uploads\\\/2023\\\/07\\\/logo_ED.jpg\",\"contentUrl\":\"https:\\\/\\\/www.eldiario.net\\\/portal\\\/wp-content\\\/uploads\\\/2023\\\/07\\\/logo_ED.jpg\",\"width\":272,\"height\":52,\"caption\":\"El Diario - Decano de la prensa nacional\"},\"image\":{\"@id\":\"https:\\\/\\\/www.eldiario.net\\\/portal\\\/#\\\/schema\\\/logo\\\/image\\\/\"},\"sameAs\":[\"https:\\\/\\\/www.facebook.com\\\/eldiario.bolivia\\\/\",\"https:\\\/\\\/x.com\\\/eldiario_net\"]},{\"@type\":\"Person\",\"@id\":\"https:\\\/\\\/www.eldiario.net\\\/portal\\\/#\\\/schema\\\/person\\\/32cc89e801dfcbad3a54f91da7f2ea06\",\"name\":\"Viviana Monrroy\",\"image\":{\"@type\":\"ImageObject\",\"inLanguage\":\"es\",\"@id\":\"https:\\\/\\\/secure.gravatar.com\\\/avatar\\\/dfd1611ed5600959a0e5a9754503b6c05d1dcf190010998e0363aee2ad98afca?s=96&d=mm&r=g\",\"url\":\"https:\\\/\\\/secure.gravatar.com\\\/avatar\\\/dfd1611ed5600959a0e5a9754503b6c05d1dcf190010998e0363aee2ad98afca?s=96&d=mm&r=g\",\"contentUrl\":\"https:\\\/\\\/secure.gravatar.com\\\/avatar\\\/dfd1611ed5600959a0e5a9754503b6c05d1dcf190010998e0363aee2ad98afca?s=96&d=mm&r=g\",\"caption\":\"Viviana Monrroy\"},\"sameAs\":[\"http:\\\/\\\/www.eldiario.net\"],\"url\":\"https:\\\/\\\/www.eldiario.net\\\/portal\\\/author\\\/vivianamonrroy\\\/\"}]}<\/script>\n<!-- \/ Yoast SEO plugin. -->","yoast_head_json":{"title":"Ministro de Trabajo descarta ampliar el feriado de la efem\u00e9ride pace\u00f1a (09:10) - El Diario - Bolivia","robots":{"index":"index","follow":"follow","max-snippet":"max-snippet:-1","max-image-preview":"max-image-preview:large","max-video-preview":"max-video-preview:-1"},"canonical":"https:\/\/www.eldiario.net\/portal\/2026\/07\/10\/ministro-de-trabajo-descarta-ampliar-el-feriado-de-la-efemeride-pacena-0910\/","og_locale":"es_ES","og_type":"article","og_title":"Ministro de Trabajo descarta ampliar el feriado de la efem\u00e9ride pace\u00f1a (09:10) - El Diario - Bolivia","og_description":"El ministro de Trabajo, Williams Bascop\u00e9, en contacto con medios de comunicaci\u00f3n, descart\u00f3 de manera definitiva la posibilidad de ampliar el feriado departamental del 16 de julio hasta el viernes 17 de julio bajo la modalidad de \u00abferiado puente\u00bb. La aclaraci\u00f3n surge ante la solicitud de diversos sectores que esperaban un fin de semana largo [&hellip;]","og_url":"https:\/\/www.eldiario.net\/portal\/2026\/07\/10\/ministro-de-trabajo-descarta-ampliar-el-feriado-de-la-efemeride-pacena-0910\/","og_site_name":"El Diario - Bolivia","article_publisher":"https:\/\/www.facebook.com\/eldiario.bolivia\/","article_published_time":"2026-07-10T13:10:11+00:00","og_image":[{"width":550,"height":440,"url":"https:\/\/www.eldiario.net\/portal\/wp-content\/uploads\/2026\/07\/la-paz-10.07.26-copia.webp","type":"image\/webp"}],"author":"Viviana Monrroy","twitter_card":"summary_large_image","twitter_creator":"@eldiario_net","twitter_site":"@eldiario_net","twitter_misc":{"Escrito por":"Viviana Monrroy","Tiempo de lectura":"1 minuto"},"schema":{"@context":"https:\/\/schema.org","@graph":[{"@type":"Article","@id":"https:\/\/www.eldiario.net\/portal\/2026\/07\/10\/ministro-de-trabajo-descarta-ampliar-el-feriado-de-la-efemeride-pacena-0910\/#article","isPartOf":{"@id":"https:\/\/www.eldiario.net\/portal\/2026\/07\/10\/ministro-de-trabajo-descarta-ampliar-el-feriado-de-la-efemeride-pacena-0910\/"},"author":{"name":"Viviana Monrroy","@id":"https:\/\/www.eldiario.net\/portal\/#\/schema\/person\/32cc89e801dfcbad3a54f91da7f2ea06"},"headline":"Ministro de Trabajo descarta ampliar el feriado de la efem\u00e9ride pace\u00f1a (09:10)","datePublished":"2026-07-10T13:10:11+00:00","mainEntityOfPage":{"@id":"https:\/\/www.eldiario.net\/portal\/2026\/07\/10\/ministro-de-trabajo-descarta-ampliar-el-feriado-de-la-efemeride-pacena-0910\/"},"wordCount":196,"publisher":{"@id":"https:\/\/www.eldiario.net\/portal\/#organization"},"image":{"@id":"https:\/\/www.eldiario.net\/portal\/2026\/07\/10\/ministro-de-trabajo-descarta-ampliar-el-feriado-de-la-efemeride-pacena-0910\/#primaryimage"},"thumbnailUrl":"https:\/\/www.eldiario.net\/portal\/wp-content\/uploads\/2026\/07\/la-paz-10.07.26-copia.webp","articleSection":["\u00daltima Hora"],"inLanguage":"es"},{"@type":"WebPage","@id":"https:\/\/www.eldiario.net\/portal\/2026\/07\/10\/ministro-de-trabajo-descarta-ampliar-el-feriado-de-la-efemeride-pacena-0910\/","url":"https:\/\/www.eldiario.net\/portal\/2026\/07\/10\/ministro-de-trabajo-descarta-ampliar-el-feriado-de-la-efemeride-pacena-0910\/","name":"Ministro de Trabajo descarta ampliar el feriado de la efem\u00e9ride pace\u00f1a (09:10) - El Diario - Bolivia","isPartOf":{"@id":"https:\/\/www.eldiario.net\/portal\/#website"},"primaryImageOfPage":{"@id":"https:\/\/www.eldiario.net\/portal\/2026\/07\/10\/ministro-de-trabajo-descarta-ampliar-el-feriado-de-la-efemeride-pacena-0910\/#primaryimage"},"image":{"@id":"https:\/\/www.eldiario.net\/portal\/2026\/07\/10\/ministro-de-trabajo-descarta-ampliar-el-feriado-de-la-efemeride-pacena-0910\/#primaryimage"},"thumbnailUrl":"https:\/\/www.eldiario.net\/portal\/wp-content\/uploads\/2026\/07\/la-paz-10.07.26-copia.webp","datePublished":"2026-07-10T13:10:11+00:00","breadcrumb":{"@id":"https:\/\/www.eldiario.net\/portal\/2026\/07\/10\/ministro-de-trabajo-descarta-ampliar-el-feriado-de-la-efemeride-pacena-0910\/#breadcrumb"},"inLanguage":"es","potentialAction":[{"@type":"ReadAction","target":["https:\/\/www.eldiario.net\/portal\/2026\/07\/10\/ministro-de-trabajo-descarta-ampliar-el-feriado-de-la-efemeride-pacena-0910\/"]}]},{"@type":"ImageObject","inLanguage":"es","@id":"https:\/\/www.eldiario.net\/portal\/2026\/07\/10\/ministro-de-trabajo-descarta-ampliar-el-feriado-de-la-efemeride-pacena-0910\/#primaryimage","url":"https:\/\/www.eldiario.net\/portal\/wp-content\/uploads\/2026\/07\/la-paz-10.07.26-copia.webp","contentUrl":"https:\/\/www.eldiario.net\/portal\/wp-content\/uploads\/2026\/07\/la-paz-10.07.26-copia.webp","width":550,"height":440,"caption":"Foto: Bas\u00edlica de San Francisco, La Paz."},{"@type":"BreadcrumbList","@id":"https:\/\/www.eldiario.net\/portal\/2026\/07\/10\/ministro-de-trabajo-descarta-ampliar-el-feriado-de-la-efemeride-pacena-0910\/#breadcrumb","itemListElement":[{"@type":"ListItem","position":1,"name":"Portada","item":"https:\/\/www.eldiario.net\/portal\/"},{"@type":"ListItem","position":2,"name":"Ministro de Trabajo descarta ampliar el feriado de la efem\u00e9ride pace\u00f1a (09:10)"}]},{"@type":"WebSite","@id":"https:\/\/www.eldiario.net\/portal\/#website","url":"https:\/\/www.eldiario.net\/portal\/","name":"El Diario - Decano de la prensa nacional","description":"El Diario - Decano de la prensa nacional","publisher":{"@id":"https:\/\/www.eldiario.net\/portal\/#organization"},"potentialAction":[{"@type":"SearchAction","target":{"@type":"EntryPoint","urlTemplate":"https:\/\/www.eldiario.net\/portal\/?s={search_term_string}"},"query-input":{"@type":"PropertyValueSpecification","valueRequired":true,"valueName":"search_term_string"}}],"inLanguage":"es"},{"@type":"Organization","@id":"https:\/\/www.eldiario.net\/portal\/#organization","name":"El Diario - Decano de la prensa nacional","url":"https:\/\/www.eldiario.net\/portal\/","logo":{"@type":"ImageObject","inLanguage":"es","@id":"https:\/\/www.eldiario.net\/portal\/#\/schema\/logo\/image\/","url":"https:\/\/www.eldiario.net\/portal\/wp-content\/uploads\/2023\/07\/logo_ED.jpg","contentUrl":"https:\/\/www.eldiario.net\/portal\/wp-content\/uploads\/2023\/07\/logo_ED.jpg","width":272,"height":52,"caption":"El Diario - Decano de la prensa nacional"},"image":{"@id":"https:\/\/www.eldiario.net\/portal\/#\/schema\/logo\/image\/"},"sameAs":["https:\/\/www.facebook.com\/eldiario.bolivia\/","https:\/\/x.com\/eldiario_net"]},{"@type":"Person","@id":"https:\/\/www.eldiario.net\/portal\/#\/schema\/person\/32cc89e801dfcbad3a54f91da7f2ea06","name":"Viviana Monrroy","image":{"@type":"ImageObject","inLanguage":"es","@id":"https:\/\/secure.gravatar.com\/avatar\/dfd1611ed5600959a0e5a9754503b6c05d1dcf190010998e0363aee2ad98afca?s=96&d=mm&r=g","url":"https:\/\/secure.gravatar.com\/avatar\/dfd1611ed5600959a0e5a9754503b6c05d1dcf190010998e0363aee2ad98afca?s=96&d=mm&r=g","contentUrl":"https:\/\/secure.gravatar.com\/avatar\/dfd1611ed5600959a0e5a9754503b6c05d1dcf190010998e0363aee2ad98afca?s=96&d=mm&r=g","caption":"Viviana Monrroy"},"sameAs":["http:\/\/www.eldiario.net"],"url":"https:\/\/www.eldiario.net\/portal\/author\/vivianamonrroy\/"}]}},"_links":{"self":[{"href":"https:\/\/www.eldiario.net\/portal\/wp-json\/wp\/v2\/posts\/411504","targetHints":{"allow":["GET"]}}],"collection":[{"href":"https:\/\/www.eldiario.net\/portal\/wp-json\/wp\/v2\/posts"}],"about":[{"href":"https:\/\/www.eldiario.net\/portal\/wp-json\/wp\/v2\/types\/post"}],"author":[{"embeddable":true,"href":"https:\/\/www.eldiario.net\/portal\/wp-json\/wp\/v2\/users\/7"}],"replies":[{"embeddable":true,"href":"https:\/\/www.eldiario.net\/portal\/wp-json\/wp\/v2\/comments?post=411504"}],"version-history":[{"count":1,"href":"https:\/\/www.eldiario.net\/portal\/wp-json\/wp\/v2\/posts\/411504\/revisions"}],"predecessor-version":[{"id":411507,"href":"https:\/\/www.eldiario.net\/portal\/wp-json\/wp\/v2\/posts\/411504\/revisions\/411507"}],"wp:featuredmedia":[{"embeddable":true,"href":"https:\/\/www.eldiario.net\/portal\/wp-json\/wp\/v2\/media\/411506"}],"wp:attachment":[{"href":"https:\/\/www.eldiario.net\/portal\/wp-json\/wp\/v2\/media?parent=411504"}],"wp:term":[{"taxonomy":"category","embeddable":true,"href":"https:\/\/www.eldiario.net\/portal\/wp-json\/wp\/v2\/categories?post=411504"},{"taxonomy":"post_tag","embeddable":true,"href":"https:\/\/www.eldiario.net\/portal\/wp-json\/wp\/v2\/tags?post=411504"}],"curies":[{"name":"wp","href":"https:\/\/api.w.org\/{rel}","templated":true}]}}