{"id":411484,"date":"2026-07-10T06:39:49","date_gmt":"2026-07-10T10:39:49","guid":{"rendered":"https:\/\/www.eldiario.net\/portal\/?p=411484"},"modified":"2026-07-10T06:39:49","modified_gmt":"2026-07-10T10:39:49","slug":"japon-y-santa-cruz-afianzan-70-anos-de-lazos-y-construyen-mas-puentes-de-cooperacion","status":"publish","type":"post","link":"https:\/\/www.eldiario.net\/portal\/2026\/07\/10\/japon-y-santa-cruz-afianzan-70-anos-de-lazos-y-construyen-mas-puentes-de-cooperacion\/","title":{"rendered":"Jap\u00f3n y Santa Cruz afianzan 70 a\u00f1os de lazos  y construyen m\u00e1s puentes de cooperaci\u00f3n"},"content":{"rendered":"<p>Una agenda marcada por la historia, la gratitud y la visi\u00f3n de futuro fue la que cumpli\u00f3 el embajador de Jap\u00f3n, Shigeharu Orihara, durante su estad\u00eda en la capital cruce\u00f1a y sus provincias del 17 al 19 de junio. El diplom\u00e1tico lleg\u00f3 con el prop\u00f3sito de afianzar los hist\u00f3ricos lazos de amistad y cooperaci\u00f3n en una regi\u00f3n donde la historia entre Jap\u00f3n y Santa Cruz inicia con la inmigraci\u00f3n japonesa hace m\u00e1s de 70 a\u00f1os, v\u00ednculo especial que destaca por el valioso aporte de la comunidad nikkei.<br \/>\nDurante su recorrido, el embajador Orihara constat\u00f3 el impacto de los proyectos financiados por la Asistencia Oficial para el Desarrollo del Jap\u00f3n en territorio cruce\u00f1o, que alcanzan la hist\u00f3rica suma de 400 millones de d\u00f3lares. Entre las obras emblem\u00e1ticas que han transformado la regi\u00f3n destacan la construcci\u00f3n del Aeropuerto Internacional Viru Viru, el Hospital Japon\u00e9s, puentes, carreteras y el valioso soporte t\u00e9cnico al sector agr\u00edcola a trav\u00e9s de CETABOL.<br \/>\nEl Palacio Consistorial y la Casa de Gobierno fueron paradas clave. En la cita con el alcalde Manuel Saavedra, se resalt\u00f3 el asesoramiento nip\u00f3n para implementar el sistema BRT en el centro hist\u00f3rico. Por su parte, el gobernador Juan Pablo Velasco extendi\u00f3 su agradecimiento por el constante equipamiento de hospitales de tercer nivel y la prevenci\u00f3n de incendios forestales de la mano de expertos japoneses, proyectando adem\u00e1s nuevos hitos como la carretera a Okinawa y el desarrollo fluvial en Puerto Quijarro. La agenda econ\u00f3mica se consolid\u00f3 con importantes reuniones junto a l\u00edderes de CAINCO, CAO y CADEX, enfocadas en abrir nuevas oportunidades para la exportaci\u00f3n de productos bolivianos hacia el mercado asi\u00e1tico.<br \/>\nLa jornada del 18 de junio fue dedicada a las comunidades japonesas tanto de San Juan como de Okinawa. En San Juan se entregaron nuevas aulas para la unidad educativa local, mientras que en Okinawa el Embajador asisti\u00f3 al acto de condecoraci\u00f3n p\u00f3stuma al se\u00f1or Yukifumi Nakamura, quien en vida fue un notable eslab\u00f3n para la amistad entre Santa Cruz y Jap\u00f3n.<br \/>\nLa jornada cerr\u00f3 con un encuentro con importantes empresarios nikkei y una visita al Hospital Japon\u00e9s -catalogado en su momento como el mejor del pa\u00eds-donde se anunci\u00f3 la pronta entrega de nuevos equipos m\u00e9dicos de especialidad.<br \/>\nEl dinamismo de la visita tambi\u00e9n lleg\u00f3 a las aulas de la UTEPSA, donde el Embajador visit\u00f3 \u00abEl rinc\u00f3n del Jap\u00f3n\u00bb, un espacio literario donado por la Nippon Foundation. Como broche de oro, un grupo de legisladores liderados por el diputado de origen japon\u00e9s Rolando Kobayashi entreg\u00f3 un reconocimiento de agradecimiento al pueblo nip\u00f3n, en solemne acto que cont\u00f3 con la grata presencia de Eri Miyasato, Se\u00f1orita Santa Cruz 2026.<br \/>\nAl despedirse, muy complacido por el c\u00e1lido recibimiento, el Embajador Shigeharu Orihara asegur\u00f3 haber sentido la amabilidad del pueblo cruce\u00f1o, disfrutado de la cultura y conocido las \u00e1reas donde se puede trabajar conjuntamente, llev\u00e1ndose consigo la certeza de que los cimientos est\u00e1n listos para seguir construyendo puentes de prosperidad mutua. Con entusiasmo y uniendo las voluntades de ambas culturas, el diplom\u00e1tico concluy\u00f3 su mensaje con la frase \u00ab\u00a1Sigamos avanzando, desarrollando y prosperando juntos!\u00bb.<\/p>\n\r\n                <style type=\"text\/css\">\r\n                    \r\n                    #tdi_1  .td-doubleSlider-2 .td-item1 {\r\n                        background: url(https:\/\/www.eldiario.net\/portal\/wp-content\/uploads\/2026\/07\/foto13-80x60.webp) 0 0 no-repeat;\r\n                    }\r\n                    #tdi_1  .td-doubleSlider-2 .td-item2 {\r\n                        background: url(https:\/\/www.eldiario.net\/portal\/wp-content\/uploads\/2026\/07\/foto1-80x60.webp) 0 0 no-repeat;\r\n                    }\r\n                    #tdi_1  .td-doubleSlider-2 .td-item3 {\r\n                        background: url(https:\/\/www.eldiario.net\/portal\/wp-content\/uploads\/2026\/07\/foto2-80x60.webp) 0 0 no-repeat;\r\n                    }\r\n                    #tdi_1  .td-doubleSlider-2 .td-item4 {\r\n                        background: url(https:\/\/www.eldiario.net\/portal\/wp-content\/uploads\/2026\/07\/foto3-80x60.webp) 0 0 no-repeat;\r\n                    }\r\n                    #tdi_1  .td-doubleSlider-2 .td-item5 {\r\n                        background: url(https:\/\/www.eldiario.net\/portal\/wp-content\/uploads\/2026\/07\/foto4-80x60.webp) 0 0 no-repeat;\r\n                    }\r\n                    #tdi_1  .td-doubleSlider-2 .td-item6 {\r\n                        background: url(https:\/\/www.eldiario.net\/portal\/wp-content\/uploads\/2026\/07\/foto5-80x60.webp) 0 0 no-repeat;\r\n                    }\r\n                    #tdi_1  .td-doubleSlider-2 .td-item7 {\r\n                        background: url(https:\/\/www.eldiario.net\/portal\/wp-content\/uploads\/2026\/07\/foto6-80x60.webp) 0 0 no-repeat;\r\n                    }\r\n                    #tdi_1  .td-doubleSlider-2 .td-item8 {\r\n                        background: url(https:\/\/www.eldiario.net\/portal\/wp-content\/uploads\/2026\/07\/foto7-80x60.webp) 0 0 no-repeat;\r\n                    }\r\n                    #tdi_1  .td-doubleSlider-2 .td-item9 {\r\n                        background: url(https:\/\/www.eldiario.net\/portal\/wp-content\/uploads\/2026\/07\/foto8-80x60.webp) 0 0 no-repeat;\r\n                    }\r\n                    #tdi_1  .td-doubleSlider-2 .td-item10 {\r\n                        background: url(https:\/\/www.eldiario.net\/portal\/wp-content\/uploads\/2026\/07\/foto9-80x60.webp) 0 0 no-repeat;\r\n                    }\r\n                    #tdi_1  .td-doubleSlider-2 .td-item11 {\r\n                        background: url(https:\/\/www.eldiario.net\/portal\/wp-content\/uploads\/2026\/07\/foto10-80x60.webp) 0 0 no-repeat;\r\n                    }\r\n                    #tdi_1  .td-doubleSlider-2 .td-item12 {\r\n                        background: url(https:\/\/www.eldiario.net\/portal\/wp-content\/uploads\/2026\/07\/foto11-80x60.webp) 0 0 no-repeat;\r\n                    }\r\n                    #tdi_1  .td-doubleSlider-2 .td-item13 {\r\n                        background: url(https:\/\/www.eldiario.net\/portal\/wp-content\/uploads\/2026\/07\/foto12-80x60.webp) 0 0 no-repeat;\r\n                    }\r\n                <\/style>\r\n\r\n                <div id=\"tdi_1\" class=\"td-gallery td-slide-on-2-columns\">\r\n                    <div class=\"post_td_gallery\">\r\n                        <div class=\"td-gallery-slide-top\">\r\n                           <div class=\"td-gallery-title\"><\/div>\r\n\r\n                            <div class=\"td-gallery-controls-wrapper\">\r\n                                <div class=\"td-gallery-slide-count\"><span class=\"td-gallery-slide-item-focus\">1<\/span> de 13<\/div>\r\n                                <div class=\"td-gallery-slide-prev-next-but\">\r\n                                    <i class = \"td-icon-left doubleSliderPrevButton\"><\/i>\r\n                                    <i class = \"td-icon-right doubleSliderNextButton\"><\/i>\r\n                                <\/div>\r\n                            <\/div>\r\n                        <\/div>\r\n\r\n                        <div class = \"td-doubleSlider-1 \">\r\n                            <div class = \"td-slider\">\r\n                                \r\n                    <div class = \"td-slide-item td-item1\">\r\n                        <figure class=\"td-slide-galery-figure td-slide-popup-gallery\">\r\n                            <a class=\"slide-gallery-image-link\" href=\"https:\/\/www.eldiario.net\/portal\/wp-content\/uploads\/2026\/07\/foto13.webp\" title=\"foto13\"  data-caption=\"VISITA A &quot;EL RINC\u00d3N DEL JAP\u00d3N&quot; EN LA UNIVERSIDAD\n TECNOL\u00d3GICA PRIVADA DE SANTA CRUZ (UTEPSA).\"  data-description=\"VISITA A &quot;EL RINC&Oacute;N DEL JAP&Oacute;N&quot; EN LA UNIVERSIDAD\n TECNOL&Oacute;GICA PRIVADA DE SANTA CRUZ (UTEPSA).\">\r\n                                <img decoding=\"async\" src=\"https:\/\/www.eldiario.net\/portal\/wp-content\/uploads\/2026\/07\/foto13-596x420.webp\" srcset=\"https:\/\/www.eldiario.net\/portal\/wp-content\/uploads\/2026\/07\/foto13-596x420.webp 596w, https:\/\/www.eldiario.net\/portal\/wp-content\/uploads\/2026\/07\/foto13-300x211.webp 300w, https:\/\/www.eldiario.net\/portal\/wp-content\/uploads\/2026\/07\/foto13-768x541.webp 768w, https:\/\/www.eldiario.net\/portal\/wp-content\/uploads\/2026\/07\/foto13-150x106.webp 150w, https:\/\/www.eldiario.net\/portal\/wp-content\/uploads\/2026\/07\/foto13-696x490.webp 696w, https:\/\/www.eldiario.net\/portal\/wp-content\/uploads\/2026\/07\/foto13.webp 791w\" sizes=\"(max-width: 596px) 100vw, 596px\" alt=\"\">\r\n                            <\/a>\r\n                            <figcaption class = \"td-slide-caption td-gallery-slide-content\"><div class = \"td-gallery-slide-copywrite\">VISITA A \"EL RINC\u00d3N DEL JAP\u00d3N\" EN LA UNIVERSIDAD\n TECNOL\u00d3GICA PRIVADA DE SANTA CRUZ (UTEPSA).<\/div><span>VISITA A \"EL RINC\u00d3N DEL JAP\u00d3N\" EN LA UNIVERSIDAD\n TECNOL\u00d3GICA PRIVADA DE SANTA CRUZ (UTEPSA).<\/span><\/figcaption>\r\n                        <\/figure>\r\n                    <\/div>\r\n                    <div class = \"td-slide-item td-item2\">\r\n                        <figure class=\"td-slide-galery-figure td-slide-popup-gallery\">\r\n                            <a class=\"slide-gallery-image-link\" href=\"https:\/\/www.eldiario.net\/portal\/wp-content\/uploads\/2026\/07\/foto1.webp\" title=\"foto1\"  data-caption=\"EL EMBAJADOR DEL JAP\u00d3N, SHIGEHARU ORIHARA, DURANTE SU ENCUENTRO CON EL GOBERNADOR DE SANTA CRUZ, JUAN PABLO VELASCO.\"  data-description=\"EL EMBAJADOR DEL JAP&Oacute;N, SHIGEHARU ORIHARA, DURANTE SU ENCUENTRO CON EL GOBERNADOR DE SANTA CRUZ, JUAN PABLO VELASCO.\">\r\n                                <img decoding=\"async\" src=\"https:\/\/www.eldiario.net\/portal\/wp-content\/uploads\/2026\/07\/foto1-560x420.webp\" srcset=\"https:\/\/www.eldiario.net\/portal\/wp-content\/uploads\/2026\/07\/foto1-560x420.webp 560w, https:\/\/www.eldiario.net\/portal\/wp-content\/uploads\/2026\/07\/foto1-300x225.webp 300w, https:\/\/www.eldiario.net\/portal\/wp-content\/uploads\/2026\/07\/foto1-768x576.webp 768w, https:\/\/www.eldiario.net\/portal\/wp-content\/uploads\/2026\/07\/foto1-80x60.webp 80w, https:\/\/www.eldiario.net\/portal\/wp-content\/uploads\/2026\/07\/foto1-150x112.webp 150w, https:\/\/www.eldiario.net\/portal\/wp-content\/uploads\/2026\/07\/foto1-696x522.webp 696w, https:\/\/www.eldiario.net\/portal\/wp-content\/uploads\/2026\/07\/foto1.webp 987w\" sizes=\"(max-width: 560px) 100vw, 560px\" alt=\"\">\r\n                            <\/a>\r\n                            <figcaption class = \"td-slide-caption td-gallery-slide-content\"><div class = \"td-gallery-slide-copywrite\">EL EMBAJADOR DEL JAP\u00d3N, SHIGEHARU ORIHARA, DURANTE SU ENCUENTRO CON EL GOBERNADOR DE SANTA CRUZ, JUAN PABLO VELASCO.<\/div><span>EL EMBAJADOR DEL JAP\u00d3N, SHIGEHARU ORIHARA, DURANTE SU ENCUENTRO CON EL GOBERNADOR DE SANTA CRUZ, JUAN PABLO VELASCO.<\/span><\/figcaption>\r\n                        <\/figure>\r\n                    <\/div>\r\n                    <div class = \"td-slide-item td-item3\">\r\n                        <figure class=\"td-slide-galery-figure td-slide-popup-gallery\">\r\n                            <a class=\"slide-gallery-image-link\" href=\"https:\/\/www.eldiario.net\/portal\/wp-content\/uploads\/2026\/07\/foto2.webp\" title=\"foto2\"  data-caption=\"EMBAJADOR  SHIGEHARU ORIHARA ESTRECHA LAS MANOS CON EL ALCALDE DE SANTA CRUZ, MANUEL SAAVEDRA.\"  data-description=\"EMBAJADOR  SHIGEHARU ORIHARA ESTRECHA LAS MANOS CON EL ALCALDE DE SANTA CRUZ, MANUEL SAAVEDRA.\">\r\n                                <img decoding=\"async\" src=\"https:\/\/www.eldiario.net\/portal\/wp-content\/uploads\/2026\/07\/foto2-291x420.webp\" srcset=\"https:\/\/www.eldiario.net\/portal\/wp-content\/uploads\/2026\/07\/foto2-291x420.webp 291w, https:\/\/www.eldiario.net\/portal\/wp-content\/uploads\/2026\/07\/foto2-208x300.webp 208w, https:\/\/www.eldiario.net\/portal\/wp-content\/uploads\/2026\/07\/foto2-150x217.webp 150w, https:\/\/www.eldiario.net\/portal\/wp-content\/uploads\/2026\/07\/foto2-300x433.webp 300w, https:\/\/www.eldiario.net\/portal\/wp-content\/uploads\/2026\/07\/foto2.webp 550w\" sizes=\"(max-width: 291px) 100vw, 291px\" alt=\"\">\r\n                            <\/a>\r\n                            <figcaption class = \"td-slide-caption td-gallery-slide-content\"><div class = \"td-gallery-slide-copywrite\">EMBAJADOR  SHIGEHARU ORIHARA ESTRECHA LAS MANOS CON EL ALCALDE DE SANTA CRUZ, MANUEL SAAVEDRA.<\/div><span>EMBAJADOR  SHIGEHARU ORIHARA ESTRECHA LAS MANOS CON EL ALCALDE DE SANTA CRUZ, MANUEL SAAVEDRA.<\/span><\/figcaption>\r\n                        <\/figure>\r\n                    <\/div>\r\n                    <div class = \"td-slide-item td-item4\">\r\n                        <figure class=\"td-slide-galery-figure td-slide-popup-gallery\">\r\n                            <a class=\"slide-gallery-image-link\" href=\"https:\/\/www.eldiario.net\/portal\/wp-content\/uploads\/2026\/07\/foto3.webp\" title=\"foto3\"  data-caption=\"ENTREGA DE UN RECONOCIMIENTO DE LA BRIGADA\n PARLAMENTARIA.\"  data-description=\"ENTREGA DE UN RECONOCIMIENTO DE LA BRIGADA\n PARLAMENTARIA.\">\r\n                                <img decoding=\"async\" src=\"https:\/\/www.eldiario.net\/portal\/wp-content\/uploads\/2026\/07\/foto3-315x420.webp\" srcset=\"https:\/\/www.eldiario.net\/portal\/wp-content\/uploads\/2026\/07\/foto3-315x420.webp 315w, https:\/\/www.eldiario.net\/portal\/wp-content\/uploads\/2026\/07\/foto3-225x300.webp 225w, https:\/\/www.eldiario.net\/portal\/wp-content\/uploads\/2026\/07\/foto3-150x200.webp 150w, https:\/\/www.eldiario.net\/portal\/wp-content\/uploads\/2026\/07\/foto3-300x400.webp 300w, https:\/\/www.eldiario.net\/portal\/wp-content\/uploads\/2026\/07\/foto3.webp 581w\" sizes=\"(max-width: 315px) 100vw, 315px\" alt=\"\">\r\n                            <\/a>\r\n                            <figcaption class = \"td-slide-caption td-gallery-slide-content\"><div class = \"td-gallery-slide-copywrite\">ENTREGA DE UN RECONOCIMIENTO DE LA BRIGADA\n PARLAMENTARIA.<\/div><span>ENTREGA DE UN RECONOCIMIENTO DE LA BRIGADA\n PARLAMENTARIA.<\/span><\/figcaption>\r\n                        <\/figure>\r\n                    <\/div>\r\n                    <div class = \"td-slide-item td-item5\">\r\n                        <figure class=\"td-slide-galery-figure td-slide-popup-gallery\">\r\n                            <a class=\"slide-gallery-image-link\" href=\"https:\/\/www.eldiario.net\/portal\/wp-content\/uploads\/2026\/07\/foto4.webp\" title=\"foto4\"  data-caption=\"EL JEFE DE LA MISI\u00d3N JAPONESA Y ERI MIYASATO, SE\u00d1ORITA SANTA CRUZ 2026.\"  data-description=\"EL JEFE DE LA MISI&Oacute;N JAPONESA Y ERI MIYASATO, SE&Ntilde;ORITA SANTA CRUZ 2026.\">\r\n                                <img decoding=\"async\" src=\"https:\/\/www.eldiario.net\/portal\/wp-content\/uploads\/2026\/07\/foto4-315x420.webp\" srcset=\"https:\/\/www.eldiario.net\/portal\/wp-content\/uploads\/2026\/07\/foto4-315x420.webp 315w, https:\/\/www.eldiario.net\/portal\/wp-content\/uploads\/2026\/07\/foto4-225x300.webp 225w, https:\/\/www.eldiario.net\/portal\/wp-content\/uploads\/2026\/07\/foto4-150x200.webp 150w, https:\/\/www.eldiario.net\/portal\/wp-content\/uploads\/2026\/07\/foto4-300x400.webp 300w, https:\/\/www.eldiario.net\/portal\/wp-content\/uploads\/2026\/07\/foto4.webp 622w\" sizes=\"(max-width: 315px) 100vw, 315px\" alt=\"\">\r\n                            <\/a>\r\n                            <figcaption class = \"td-slide-caption td-gallery-slide-content\"><div class = \"td-gallery-slide-copywrite\">EL JEFE DE LA MISI\u00d3N JAPONESA Y ERI MIYASATO, SE\u00d1ORITA SANTA CRUZ 2026.<\/div><span>EL JEFE DE LA MISI\u00d3N JAPONESA Y ERI MIYASATO, SE\u00d1ORITA SANTA CRUZ 2026.<\/span><\/figcaption>\r\n                        <\/figure>\r\n                    <\/div>\r\n                    <div class = \"td-slide-item td-item6\">\r\n                        <figure class=\"td-slide-galery-figure td-slide-popup-gallery\">\r\n                            <a class=\"slide-gallery-image-link\" href=\"https:\/\/www.eldiario.net\/portal\/wp-content\/uploads\/2026\/07\/foto5.webp\" title=\"foto5\"  data-caption=\"ACTO DE CONDECORACI\u00d3N P\u00d3STUMA AL SE\u00d1OR \nYUKIFUMI NAKAMURA EN LA ASOCIACI\u00d3N BOLIVIANO JAPONESA DE OKINAWA.\"  data-description=\"ACTO DE CONDECORACI&Oacute;N P&Oacute;STUMA AL SE&Ntilde;OR \nYUKIFUMI NAKAMURA EN LA ASOCIACI&Oacute;N BOLIVIANO JAPONESA DE OKINAWA.\">\r\n                                <img decoding=\"async\" src=\"https:\/\/www.eldiario.net\/portal\/wp-content\/uploads\/2026\/07\/foto5-327x420.webp\" srcset=\"https:\/\/www.eldiario.net\/portal\/wp-content\/uploads\/2026\/07\/foto5-327x420.webp 327w, https:\/\/www.eldiario.net\/portal\/wp-content\/uploads\/2026\/07\/foto5-234x300.webp 234w, https:\/\/www.eldiario.net\/portal\/wp-content\/uploads\/2026\/07\/foto5-150x193.webp 150w, https:\/\/www.eldiario.net\/portal\/wp-content\/uploads\/2026\/07\/foto5-300x385.webp 300w, https:\/\/www.eldiario.net\/portal\/wp-content\/uploads\/2026\/07\/foto5.webp 584w\" sizes=\"(max-width: 327px) 100vw, 327px\" alt=\"\">\r\n                            <\/a>\r\n                            <figcaption class = \"td-slide-caption td-gallery-slide-content\"><div class = \"td-gallery-slide-copywrite\">ACTO DE CONDECORACI\u00d3N P\u00d3STUMA AL SE\u00d1OR \nYUKIFUMI NAKAMURA EN LA ASOCIACI\u00d3N BOLIVIANO JAPONESA DE OKINAWA.<\/div><span>ACTO DE CONDECORACI\u00d3N P\u00d3STUMA AL SE\u00d1OR \nYUKIFUMI NAKAMURA EN LA ASOCIACI\u00d3N BOLIVIANO JAPONESA DE OKINAWA.<\/span><\/figcaption>\r\n                        <\/figure>\r\n                    <\/div>\r\n                    <div class = \"td-slide-item td-item7\">\r\n                        <figure class=\"td-slide-galery-figure td-slide-popup-gallery\">\r\n                            <a class=\"slide-gallery-image-link\" href=\"https:\/\/www.eldiario.net\/portal\/wp-content\/uploads\/2026\/07\/foto6.webp\" title=\"foto6\"  data-caption=\"ACTO DE ENTREGA DE AULAS A LA UNIDAD EDUCATIVA &quot;SAN JUAN&quot;, CONSTRUIDA A TRAV\u00c9S DEL ESQUEMA &quot;ASISTENCIA FINANCIERA NO REEMBOLSABLE DE SEGURIDAD HUMANA PARA PROYECTOS \nCOMUNITARIOS&quot;.\"  data-description=\"ACTO DE ENTREGA DE AULAS A LA UNIDAD EDUCATIVA &quot;SAN JUAN&quot;, CONSTRUIDA A TRAV&Eacute;S DEL ESQUEMA &quot;ASISTENCIA FINANCIERA NO REEMBOLSABLE DE SEGURIDAD HUMANA PARA PROYECTOS \nCOMUNITARIOS&quot;.\">\r\n                                <img decoding=\"async\" src=\"https:\/\/www.eldiario.net\/portal\/wp-content\/uploads\/2026\/07\/foto6-560x420.webp\" srcset=\"https:\/\/www.eldiario.net\/portal\/wp-content\/uploads\/2026\/07\/foto6-560x420.webp 560w, https:\/\/www.eldiario.net\/portal\/wp-content\/uploads\/2026\/07\/foto6-300x225.webp 300w, https:\/\/www.eldiario.net\/portal\/wp-content\/uploads\/2026\/07\/foto6-768x576.webp 768w, https:\/\/www.eldiario.net\/portal\/wp-content\/uploads\/2026\/07\/foto6-80x60.webp 80w, https:\/\/www.eldiario.net\/portal\/wp-content\/uploads\/2026\/07\/foto6-150x113.webp 150w, https:\/\/www.eldiario.net\/portal\/wp-content\/uploads\/2026\/07\/foto6-696x522.webp 696w, https:\/\/www.eldiario.net\/portal\/wp-content\/uploads\/2026\/07\/foto6.webp 852w\" sizes=\"(max-width: 560px) 100vw, 560px\" alt=\"\">\r\n                            <\/a>\r\n                            <figcaption class = \"td-slide-caption td-gallery-slide-content\"><div class = \"td-gallery-slide-copywrite\">ACTO DE ENTREGA DE AULAS A LA UNIDAD EDUCATIVA \"SAN JUAN\", CONSTRUIDA A TRAV\u00c9S DEL ESQUEMA \"ASISTENCIA FINANCIERA NO REEMBOLSABLE DE SEGURIDAD HUMANA PARA PROYECTOS \nCOMUNITARIOS\".<\/div><span>ACTO DE ENTREGA DE AULAS A LA UNIDAD EDUCATIVA \"SAN JUAN\", CONSTRUIDA A TRAV\u00c9S DEL ESQUEMA \"ASISTENCIA FINANCIERA NO REEMBOLSABLE DE SEGURIDAD HUMANA PARA PROYECTOS \nCOMUNITARIOS\".<\/span><\/figcaption>\r\n                        <\/figure>\r\n                    <\/div>\r\n                    <div class = \"td-slide-item td-item8\">\r\n                        <figure class=\"td-slide-galery-figure td-slide-popup-gallery\">\r\n                            <a class=\"slide-gallery-image-link\" href=\"https:\/\/www.eldiario.net\/portal\/wp-content\/uploads\/2026\/07\/foto7.webp\" title=\"foto7\"  data-caption=\"INFRAESTRUCTURA ESCOLAR RECI\u00c9N CONSTRUIDA.\"  data-description=\"INFRAESTRUCTURA ESCOLAR RECI&Eacute;N CONSTRUIDA.\">\r\n                                <img decoding=\"async\" src=\"https:\/\/www.eldiario.net\/portal\/wp-content\/uploads\/2026\/07\/foto7-560x420.webp\" srcset=\"https:\/\/www.eldiario.net\/portal\/wp-content\/uploads\/2026\/07\/foto7-560x420.webp 560w, https:\/\/www.eldiario.net\/portal\/wp-content\/uploads\/2026\/07\/foto7-300x225.webp 300w, https:\/\/www.eldiario.net\/portal\/wp-content\/uploads\/2026\/07\/foto7-768x576.webp 768w, https:\/\/www.eldiario.net\/portal\/wp-content\/uploads\/2026\/07\/foto7-80x60.webp 80w, https:\/\/www.eldiario.net\/portal\/wp-content\/uploads\/2026\/07\/foto7-150x113.webp 150w, https:\/\/www.eldiario.net\/portal\/wp-content\/uploads\/2026\/07\/foto7-696x522.webp 696w, https:\/\/www.eldiario.net\/portal\/wp-content\/uploads\/2026\/07\/foto7.webp 852w\" sizes=\"(max-width: 560px) 100vw, 560px\" alt=\"\">\r\n                            <\/a>\r\n                            <figcaption class = \"td-slide-caption td-gallery-slide-content\"><div class = \"td-gallery-slide-copywrite\">INFRAESTRUCTURA ESCOLAR RECI\u00c9N CONSTRUIDA.<\/div><span>INFRAESTRUCTURA ESCOLAR RECI\u00c9N CONSTRUIDA.<\/span><\/figcaption>\r\n                        <\/figure>\r\n                    <\/div>\r\n                    <div class = \"td-slide-item td-item9\">\r\n                        <figure class=\"td-slide-galery-figure td-slide-popup-gallery\">\r\n                            <a class=\"slide-gallery-image-link\" href=\"https:\/\/www.eldiario.net\/portal\/wp-content\/uploads\/2026\/07\/foto8.webp\" title=\"foto8\"  data-caption=\"VISITA AL AEROPUERTO VIRU VIRU, FINANCIADO POR JAP\u00d3N.\"  data-description=\"VISITA AL AEROPUERTO VIRU VIRU, FINANCIADO POR JAP&Oacute;N.\">\r\n                                <img decoding=\"async\" src=\"https:\/\/www.eldiario.net\/portal\/wp-content\/uploads\/2026\/07\/foto8-300x420.webp\" srcset=\"https:\/\/www.eldiario.net\/portal\/wp-content\/uploads\/2026\/07\/foto8-300x420.webp 300w, https:\/\/www.eldiario.net\/portal\/wp-content\/uploads\/2026\/07\/foto8-214x300.webp 214w, https:\/\/www.eldiario.net\/portal\/wp-content\/uploads\/2026\/07\/foto8-150x210.webp 150w, https:\/\/www.eldiario.net\/portal\/wp-content\/uploads\/2026\/07\/foto8.webp 445w\" sizes=\"(max-width: 300px) 100vw, 300px\" alt=\"\">\r\n                            <\/a>\r\n                            <figcaption class = \"td-slide-caption td-gallery-slide-content\"><div class = \"td-gallery-slide-copywrite\">VISITA AL AEROPUERTO VIRU VIRU, FINANCIADO POR JAP\u00d3N.<\/div><span>VISITA AL AEROPUERTO VIRU VIRU, FINANCIADO POR JAP\u00d3N.<\/span><\/figcaption>\r\n                        <\/figure>\r\n                    <\/div>\r\n                    <div class = \"td-slide-item td-item10\">\r\n                        <figure class=\"td-slide-galery-figure td-slide-popup-gallery\">\r\n                            <a class=\"slide-gallery-image-link\" href=\"https:\/\/www.eldiario.net\/portal\/wp-content\/uploads\/2026\/07\/foto9.webp\" title=\"foto9\"  data-caption=\"AEROPUERTO \nDE VIRU VIRU \nEN EL \nMOMENTO DE LA \nCONSTRUCCI\u00d3N (1982).\"  data-description=\"AEROPUERTO \nDE VIRU VIRU \nEN EL \nMOMENTO DE LA \nCONSTRUCCI&Oacute;N (1982).\">\r\n                                <img decoding=\"async\" src=\"https:\/\/www.eldiario.net\/portal\/wp-content\/uploads\/2026\/07\/foto9-602x420.webp\" srcset=\"https:\/\/www.eldiario.net\/portal\/wp-content\/uploads\/2026\/07\/foto9-602x420.webp 602w, https:\/\/www.eldiario.net\/portal\/wp-content\/uploads\/2026\/07\/foto9-300x209.webp 300w, https:\/\/www.eldiario.net\/portal\/wp-content\/uploads\/2026\/07\/foto9-768x536.webp 768w, https:\/\/www.eldiario.net\/portal\/wp-content\/uploads\/2026\/07\/foto9-150x105.webp 150w, https:\/\/www.eldiario.net\/portal\/wp-content\/uploads\/2026\/07\/foto9-696x486.webp 696w, https:\/\/www.eldiario.net\/portal\/wp-content\/uploads\/2026\/07\/foto9.webp 814w\" sizes=\"(max-width: 602px) 100vw, 602px\" alt=\"\">\r\n                            <\/a>\r\n                            <figcaption class = \"td-slide-caption td-gallery-slide-content\"><div class = \"td-gallery-slide-copywrite\">AEROPUERTO \nDE VIRU VIRU \nEN EL \nMOMENTO DE LA \nCONSTRUCCI\u00d3N (1982).<\/div><span>AEROPUERTO \nDE VIRU VIRU \nEN EL \nMOMENTO DE LA \nCONSTRUCCI\u00d3N (1982).<\/span><\/figcaption>\r\n                        <\/figure>\r\n                    <\/div>\r\n                    <div class = \"td-slide-item td-item11\">\r\n                        <figure class=\"td-slide-galery-figure td-slide-popup-gallery\">\r\n                            <a class=\"slide-gallery-image-link\" href=\"https:\/\/www.eldiario.net\/portal\/wp-content\/uploads\/2026\/07\/foto10.webp\" title=\"foto10\"  data-caption=\"VISITA AL HOSPITAL JAPON\u00c9S, FINANCIADO POR JAP\u00d3N.\"  data-description=\"VISITA AL HOSPITAL JAPON&Eacute;S, FINANCIADO POR JAP&Oacute;N.\">\r\n                                <img decoding=\"async\" src=\"https:\/\/www.eldiario.net\/portal\/wp-content\/uploads\/2026\/07\/foto10-526x420.webp\" srcset=\"https:\/\/www.eldiario.net\/portal\/wp-content\/uploads\/2026\/07\/foto10-526x420.webp 526w, https:\/\/www.eldiario.net\/portal\/wp-content\/uploads\/2026\/07\/foto10-300x240.webp 300w, https:\/\/www.eldiario.net\/portal\/wp-content\/uploads\/2026\/07\/foto10-768x613.webp 768w, https:\/\/www.eldiario.net\/portal\/wp-content\/uploads\/2026\/07\/foto10-150x120.webp 150w, https:\/\/www.eldiario.net\/portal\/wp-content\/uploads\/2026\/07\/foto10-696x556.webp 696w, https:\/\/www.eldiario.net\/portal\/wp-content\/uploads\/2026\/07\/foto10.webp 804w\" sizes=\"(max-width: 526px) 100vw, 526px\" alt=\"\">\r\n                            <\/a>\r\n                            <figcaption class = \"td-slide-caption td-gallery-slide-content\"><div class = \"td-gallery-slide-copywrite\">VISITA AL HOSPITAL JAPON\u00c9S, FINANCIADO POR JAP\u00d3N.<\/div><span>VISITA AL HOSPITAL JAPON\u00c9S, FINANCIADO POR JAP\u00d3N.<\/span><\/figcaption>\r\n                        <\/figure>\r\n                    <\/div>\r\n                    <div class = \"td-slide-item td-item12\">\r\n                        <figure class=\"td-slide-galery-figure td-slide-popup-gallery\">\r\n                            <a class=\"slide-gallery-image-link\" href=\"https:\/\/www.eldiario.net\/portal\/wp-content\/uploads\/2026\/07\/foto11.webp\" title=\"foto11\"  data-caption=\"EQUIPO DE \nANGIOGRAF\u00cdA QUE SER\u00c1 \nRENOVADO GRACIAS A LA COOPERACI\u00d3N DE JAP\u00d3N.\"  data-description=\"\">\r\n                                <img decoding=\"async\" src=\"https:\/\/www.eldiario.net\/portal\/wp-content\/uploads\/2026\/07\/foto11-315x420.webp\" srcset=\"https:\/\/www.eldiario.net\/portal\/wp-content\/uploads\/2026\/07\/foto11-315x420.webp 315w, https:\/\/www.eldiario.net\/portal\/wp-content\/uploads\/2026\/07\/foto11-225x300.webp 225w, https:\/\/www.eldiario.net\/portal\/wp-content\/uploads\/2026\/07\/foto11-150x200.webp 150w, https:\/\/www.eldiario.net\/portal\/wp-content\/uploads\/2026\/07\/foto11-300x400.webp 300w, https:\/\/www.eldiario.net\/portal\/wp-content\/uploads\/2026\/07\/foto11.webp 677w\" sizes=\"(max-width: 315px) 100vw, 315px\" alt=\"\">\r\n                            <\/a>\r\n                            <figcaption class = \"td-slide-caption td-gallery-slide-content\"><div class = \"td-gallery-slide-copywrite\">EQUIPO DE \nANGIOGRAF\u00cdA QUE SER\u00c1 \nRENOVADO GRACIAS A LA COOPERACI\u00d3N DE JAP\u00d3N.<\/div><\/figcaption>\r\n                        <\/figure>\r\n                    <\/div>\r\n                    <div class = \"td-slide-item td-item13\">\r\n                        <figure class=\"td-slide-galery-figure td-slide-popup-gallery\">\r\n                            <a class=\"slide-gallery-image-link\" href=\"https:\/\/www.eldiario.net\/portal\/wp-content\/uploads\/2026\/07\/foto12.webp\" title=\"foto12\"  data-caption=\"VISITA A LA CARRETERA ENTRE SANTA FE Y LA \nENCONADA, FINANCIADA POR JAP\u00d3N.\"  data-description=\"VISITA A LA CARRETERA ENTRE SANTA FE Y LA \nENCONADA, FINANCIADA POR JAP&Oacute;N.\">\r\n                                <img decoding=\"async\" src=\"https:\/\/www.eldiario.net\/portal\/wp-content\/uploads\/2026\/07\/foto12-315x420.webp\" srcset=\"https:\/\/www.eldiario.net\/portal\/wp-content\/uploads\/2026\/07\/foto12-315x420.webp 315w, https:\/\/www.eldiario.net\/portal\/wp-content\/uploads\/2026\/07\/foto12-225x300.webp 225w, https:\/\/www.eldiario.net\/portal\/wp-content\/uploads\/2026\/07\/foto12-150x200.webp 150w, https:\/\/www.eldiario.net\/portal\/wp-content\/uploads\/2026\/07\/foto12-300x400.webp 300w, https:\/\/www.eldiario.net\/portal\/wp-content\/uploads\/2026\/07\/foto12.webp 646w\" sizes=\"(max-width: 315px) 100vw, 315px\" alt=\"\">\r\n                            <\/a>\r\n                            <figcaption class = \"td-slide-caption td-gallery-slide-content\"><div class = \"td-gallery-slide-copywrite\">VISITA A LA CARRETERA ENTRE SANTA FE Y LA \nENCONADA, FINANCIADA POR JAP\u00d3N.<\/div><span>VISITA A LA CARRETERA ENTRE SANTA FE Y LA \nENCONADA, FINANCIADA POR JAP\u00d3N.<\/span><\/figcaption>\r\n                        <\/figure>\r\n                    <\/div>\r\n                            <\/div>\r\n                        <\/div>\r\n\r\n                        <div class = \"td-doubleSlider-2\">\r\n                            <div class = \"td-slider\">\r\n                                \r\n                    <div class = \"td-button td-item1\">\r\n                        <div class = \"td-border\"><\/div>\r\n                    <\/div>\r\n                    <div class = \"td-button td-item2\">\r\n                        <div class = \"td-border\"><\/div>\r\n                    <\/div>\r\n                    <div class = \"td-button td-item3\">\r\n                        <div class = \"td-border\"><\/div>\r\n                    <\/div>\r\n                    <div class = \"td-button td-item4\">\r\n                        <div class = \"td-border\"><\/div>\r\n                    <\/div>\r\n                    <div class = \"td-button td-item5\">\r\n                        <div class = \"td-border\"><\/div>\r\n                    <\/div>\r\n                    <div class = \"td-button td-item6\">\r\n                        <div class = \"td-border\"><\/div>\r\n                    <\/div>\r\n                    <div class = \"td-button td-item7\">\r\n                        <div class = \"td-border\"><\/div>\r\n                    <\/div>\r\n                    <div class = \"td-button td-item8\">\r\n                        <div class = \"td-border\"><\/div>\r\n                    <\/div>\r\n                    <div class = \"td-button td-item9\">\r\n                        <div class = \"td-border\"><\/div>\r\n                    <\/div>\r\n                    <div class = \"td-button td-item10\">\r\n                        <div class = \"td-border\"><\/div>\r\n                    <\/div>\r\n                    <div class = \"td-button td-item11\">\r\n                        <div class = \"td-border\"><\/div>\r\n                    <\/div>\r\n                    <div class = \"td-button td-item12\">\r\n                        <div class = \"td-border\"><\/div>\r\n                    <\/div>\r\n                    <div class = \"td-button td-item13\">\r\n                        <div class = \"td-border\"><\/div>\r\n                    <\/div>\r\n                            <\/div>\r\n                        <\/div>\r\n\r\n                    <\/div>\r\n\r\n                <\/div>\r\n                \n","protected":false},"excerpt":{"rendered":"<p>Una agenda marcada por la historia, la gratitud y la visi\u00f3n de futuro fue la que cumpli\u00f3 el embajador de Jap\u00f3n, Shigeharu Orihara, durante su estad\u00eda en la capital cruce\u00f1a y sus provincias del 17 al 19 de junio. El diplom\u00e1tico lleg\u00f3 con el prop\u00f3sito de afianzar los hist\u00f3ricos lazos de amistad y cooperaci\u00f3n en [&hellip;]<\/p>\n","protected":false},"author":1,"featured_media":411486,"comment_status":"closed","ping_status":"open","sticky":false,"template":"","format":"standard","meta":{"_acf_changed":false,"footnotes":""},"categories":[40],"tags":[],"class_list":["post-411484","post","type-post","status-publish","format-standard","has-post-thumbnail","category-sociales"],"acf":{"antetitulo":""},"yoast_head":"<!-- This site is optimized with the Yoast SEO plugin v28.4 - https:\/\/yoast.com\/product\/yoast-seo-wordpress\/ -->\n<title>Jap\u00f3n y Santa Cruz afianzan 70 a\u00f1os de lazos y construyen m\u00e1s puentes de cooperaci\u00f3n - El Diario - Bolivia<\/title>\n<meta name=\"robots\" content=\"index, follow, max-snippet:-1, max-image-preview:large, max-video-preview:-1\" \/>\n<link rel=\"canonical\" href=\"https:\/\/www.eldiario.net\/portal\/2026\/07\/10\/japon-y-santa-cruz-afianzan-70-anos-de-lazos-y-construyen-mas-puentes-de-cooperacion\/\" \/>\n<meta property=\"og:locale\" content=\"es_ES\" \/>\n<meta property=\"og:type\" content=\"article\" \/>\n<meta property=\"og:title\" content=\"Jap\u00f3n y Santa Cruz afianzan 70 a\u00f1os de lazos y construyen m\u00e1s puentes de cooperaci\u00f3n - El Diario - Bolivia\" \/>\n<meta property=\"og:description\" content=\"Una agenda marcada por la historia, la gratitud y la visi\u00f3n de futuro fue la que cumpli\u00f3 el embajador de Jap\u00f3n, Shigeharu Orihara, durante su estad\u00eda en la capital cruce\u00f1a y sus provincias del 17 al 19 de junio. El diplom\u00e1tico lleg\u00f3 con el prop\u00f3sito de afianzar los hist\u00f3ricos lazos de amistad y cooperaci\u00f3n en [&hellip;]\" \/>\n<meta property=\"og:url\" content=\"https:\/\/www.eldiario.net\/portal\/2026\/07\/10\/japon-y-santa-cruz-afianzan-70-anos-de-lazos-y-construyen-mas-puentes-de-cooperacion\/\" \/>\n<meta property=\"og:site_name\" content=\"El Diario - Bolivia\" \/>\n<meta property=\"article:publisher\" content=\"https:\/\/www.facebook.com\/eldiario.bolivia\/\" \/>\n<meta property=\"article:published_time\" content=\"2026-07-10T10:39:49+00:00\" \/>\n<meta property=\"og:image\" content=\"https:\/\/www.eldiario.net\/portal\/wp-content\/uploads\/2026\/07\/foto1.webp\" \/>\n\t<meta property=\"og:image:width\" content=\"987\" \/>\n\t<meta property=\"og:image:height\" content=\"740\" \/>\n\t<meta property=\"og:image:type\" content=\"image\/webp\" \/>\n<meta name=\"author\" content=\"Jeanette\" \/>\n<meta name=\"twitter:card\" content=\"summary_large_image\" \/>\n<meta name=\"twitter:creator\" content=\"@eldiario_net\" \/>\n<meta name=\"twitter:site\" content=\"@eldiario_net\" \/>\n<meta name=\"twitter:label1\" content=\"Escrito por\" \/>\n\t<meta name=\"twitter:data1\" content=\"Jeanette\" \/>\n\t<meta name=\"twitter:label2\" content=\"Tiempo de lectura\" \/>\n\t<meta name=\"twitter:data2\" content=\"3 minutos\" \/>\n<script type=\"application\/ld+json\" class=\"yoast-schema-graph\">{\"@context\":\"https:\\\/\\\/schema.org\",\"@graph\":[{\"@type\":\"Article\",\"@id\":\"https:\\\/\\\/www.eldiario.net\\\/portal\\\/2026\\\/07\\\/10\\\/japon-y-santa-cruz-afianzan-70-anos-de-lazos-y-construyen-mas-puentes-de-cooperacion\\\/#article\",\"isPartOf\":{\"@id\":\"https:\\\/\\\/www.eldiario.net\\\/portal\\\/2026\\\/07\\\/10\\\/japon-y-santa-cruz-afianzan-70-anos-de-lazos-y-construyen-mas-puentes-de-cooperacion\\\/\"},\"author\":{\"name\":\"Jeanette\",\"@id\":\"https:\\\/\\\/www.eldiario.net\\\/portal\\\/#\\\/schema\\\/person\\\/2c57cf2b7a7ae032e449e4c9b1019eac\"},\"headline\":\"Jap\u00f3n y Santa Cruz afianzan 70 a\u00f1os de lazos y construyen m\u00e1s puentes de cooperaci\u00f3n\",\"datePublished\":\"2026-07-10T10:39:49+00:00\",\"mainEntityOfPage\":{\"@id\":\"https:\\\/\\\/www.eldiario.net\\\/portal\\\/2026\\\/07\\\/10\\\/japon-y-santa-cruz-afianzan-70-anos-de-lazos-y-construyen-mas-puentes-de-cooperacion\\\/\"},\"wordCount\":582,\"publisher\":{\"@id\":\"https:\\\/\\\/www.eldiario.net\\\/portal\\\/#organization\"},\"image\":{\"@id\":\"https:\\\/\\\/www.eldiario.net\\\/portal\\\/2026\\\/07\\\/10\\\/japon-y-santa-cruz-afianzan-70-anos-de-lazos-y-construyen-mas-puentes-de-cooperacion\\\/#primaryimage\"},\"thumbnailUrl\":\"https:\\\/\\\/www.eldiario.net\\\/portal\\\/wp-content\\\/uploads\\\/2026\\\/07\\\/foto1.webp\",\"articleSection\":[\"Sociales\"],\"inLanguage\":\"es\"},{\"@type\":\"WebPage\",\"@id\":\"https:\\\/\\\/www.eldiario.net\\\/portal\\\/2026\\\/07\\\/10\\\/japon-y-santa-cruz-afianzan-70-anos-de-lazos-y-construyen-mas-puentes-de-cooperacion\\\/\",\"url\":\"https:\\\/\\\/www.eldiario.net\\\/portal\\\/2026\\\/07\\\/10\\\/japon-y-santa-cruz-afianzan-70-anos-de-lazos-y-construyen-mas-puentes-de-cooperacion\\\/\",\"name\":\"Jap\u00f3n y Santa Cruz afianzan 70 a\u00f1os de lazos y construyen m\u00e1s puentes de cooperaci\u00f3n - El Diario - Bolivia\",\"isPartOf\":{\"@id\":\"https:\\\/\\\/www.eldiario.net\\\/portal\\\/#website\"},\"primaryImageOfPage\":{\"@id\":\"https:\\\/\\\/www.eldiario.net\\\/portal\\\/2026\\\/07\\\/10\\\/japon-y-santa-cruz-afianzan-70-anos-de-lazos-y-construyen-mas-puentes-de-cooperacion\\\/#primaryimage\"},\"image\":{\"@id\":\"https:\\\/\\\/www.eldiario.net\\\/portal\\\/2026\\\/07\\\/10\\\/japon-y-santa-cruz-afianzan-70-anos-de-lazos-y-construyen-mas-puentes-de-cooperacion\\\/#primaryimage\"},\"thumbnailUrl\":\"https:\\\/\\\/www.eldiario.net\\\/portal\\\/wp-content\\\/uploads\\\/2026\\\/07\\\/foto1.webp\",\"datePublished\":\"2026-07-10T10:39:49+00:00\",\"breadcrumb\":{\"@id\":\"https:\\\/\\\/www.eldiario.net\\\/portal\\\/2026\\\/07\\\/10\\\/japon-y-santa-cruz-afianzan-70-anos-de-lazos-y-construyen-mas-puentes-de-cooperacion\\\/#breadcrumb\"},\"inLanguage\":\"es\",\"potentialAction\":[{\"@type\":\"ReadAction\",\"target\":[\"https:\\\/\\\/www.eldiario.net\\\/portal\\\/2026\\\/07\\\/10\\\/japon-y-santa-cruz-afianzan-70-anos-de-lazos-y-construyen-mas-puentes-de-cooperacion\\\/\"]}]},{\"@type\":\"ImageObject\",\"inLanguage\":\"es\",\"@id\":\"https:\\\/\\\/www.eldiario.net\\\/portal\\\/2026\\\/07\\\/10\\\/japon-y-santa-cruz-afianzan-70-anos-de-lazos-y-construyen-mas-puentes-de-cooperacion\\\/#primaryimage\",\"url\":\"https:\\\/\\\/www.eldiario.net\\\/portal\\\/wp-content\\\/uploads\\\/2026\\\/07\\\/foto1.webp\",\"contentUrl\":\"https:\\\/\\\/www.eldiario.net\\\/portal\\\/wp-content\\\/uploads\\\/2026\\\/07\\\/foto1.webp\",\"width\":987,\"height\":740,\"caption\":\"EL EMBAJADOR DEL JAP\u00d3N, SHIGEHARU ORIHARA, DURANTE SU ENCUENTRO CON EL GOBERNADOR DE SANTA CRUZ, JUAN PABLO VELASCO.\"},{\"@type\":\"BreadcrumbList\",\"@id\":\"https:\\\/\\\/www.eldiario.net\\\/portal\\\/2026\\\/07\\\/10\\\/japon-y-santa-cruz-afianzan-70-anos-de-lazos-y-construyen-mas-puentes-de-cooperacion\\\/#breadcrumb\",\"itemListElement\":[{\"@type\":\"ListItem\",\"position\":1,\"name\":\"Portada\",\"item\":\"https:\\\/\\\/www.eldiario.net\\\/portal\\\/\"},{\"@type\":\"ListItem\",\"position\":2,\"name\":\"Jap\u00f3n y Santa Cruz afianzan 70 a\u00f1os de lazos y construyen m\u00e1s puentes de cooperaci\u00f3n\"}]},{\"@type\":\"WebSite\",\"@id\":\"https:\\\/\\\/www.eldiario.net\\\/portal\\\/#website\",\"url\":\"https:\\\/\\\/www.eldiario.net\\\/portal\\\/\",\"name\":\"El Diario - Decano de la prensa nacional\",\"description\":\"El Diario - Decano de la prensa nacional\",\"publisher\":{\"@id\":\"https:\\\/\\\/www.eldiario.net\\\/portal\\\/#organization\"},\"potentialAction\":[{\"@type\":\"SearchAction\",\"target\":{\"@type\":\"EntryPoint\",\"urlTemplate\":\"https:\\\/\\\/www.eldiario.net\\\/portal\\\/?s={search_term_string}\"},\"query-input\":{\"@type\":\"PropertyValueSpecification\",\"valueRequired\":true,\"valueName\":\"search_term_string\"}}],\"inLanguage\":\"es\"},{\"@type\":\"Organization\",\"@id\":\"https:\\\/\\\/www.eldiario.net\\\/portal\\\/#organization\",\"name\":\"El Diario - Decano de la prensa nacional\",\"url\":\"https:\\\/\\\/www.eldiario.net\\\/portal\\\/\",\"logo\":{\"@type\":\"ImageObject\",\"inLanguage\":\"es\",\"@id\":\"https:\\\/\\\/www.eldiario.net\\\/portal\\\/#\\\/schema\\\/logo\\\/image\\\/\",\"url\":\"https:\\\/\\\/www.eldiario.net\\\/portal\\\/wp-content\\\/uploads\\\/2023\\\/07\\\/logo_ED.jpg\",\"contentUrl\":\"https:\\\/\\\/www.eldiario.net\\\/portal\\\/wp-content\\\/uploads\\\/2023\\\/07\\\/logo_ED.jpg\",\"width\":272,\"height\":52,\"caption\":\"El Diario - Decano de la prensa nacional\"},\"image\":{\"@id\":\"https:\\\/\\\/www.eldiario.net\\\/portal\\\/#\\\/schema\\\/logo\\\/image\\\/\"},\"sameAs\":[\"https:\\\/\\\/www.facebook.com\\\/eldiario.bolivia\\\/\",\"https:\\\/\\\/x.com\\\/eldiario_net\"]},{\"@type\":\"Person\",\"@id\":\"https:\\\/\\\/www.eldiario.net\\\/portal\\\/#\\\/schema\\\/person\\\/2c57cf2b7a7ae032e449e4c9b1019eac\",\"name\":\"Jeanette\",\"image\":{\"@type\":\"ImageObject\",\"inLanguage\":\"es\",\"@id\":\"https:\\\/\\\/secure.gravatar.com\\\/avatar\\\/3ea2118a5f7dad2b7138b1187a6b7ee55f160b9968b66013c3a3ef39dd7e5798?s=96&d=mm&r=g\",\"url\":\"https:\\\/\\\/secure.gravatar.com\\\/avatar\\\/3ea2118a5f7dad2b7138b1187a6b7ee55f160b9968b66013c3a3ef39dd7e5798?s=96&d=mm&r=g\",\"contentUrl\":\"https:\\\/\\\/secure.gravatar.com\\\/avatar\\\/3ea2118a5f7dad2b7138b1187a6b7ee55f160b9968b66013c3a3ef39dd7e5798?s=96&d=mm&r=g\",\"caption\":\"Jeanette\"},\"sameAs\":[\"https:\\\/\\\/www.eldiario.net\\\/portal\"],\"url\":\"https:\\\/\\\/www.eldiario.net\\\/portal\\\/author\\\/jeanette\\\/\"}]}<\/script>\n<!-- \/ Yoast SEO plugin. -->","yoast_head_json":{"title":"Jap\u00f3n y Santa Cruz afianzan 70 a\u00f1os de lazos y construyen m\u00e1s puentes de cooperaci\u00f3n - El Diario - Bolivia","robots":{"index":"index","follow":"follow","max-snippet":"max-snippet:-1","max-image-preview":"max-image-preview:large","max-video-preview":"max-video-preview:-1"},"canonical":"https:\/\/www.eldiario.net\/portal\/2026\/07\/10\/japon-y-santa-cruz-afianzan-70-anos-de-lazos-y-construyen-mas-puentes-de-cooperacion\/","og_locale":"es_ES","og_type":"article","og_title":"Jap\u00f3n y Santa Cruz afianzan 70 a\u00f1os de lazos y construyen m\u00e1s puentes de cooperaci\u00f3n - El Diario - Bolivia","og_description":"Una agenda marcada por la historia, la gratitud y la visi\u00f3n de futuro fue la que cumpli\u00f3 el embajador de Jap\u00f3n, Shigeharu Orihara, durante su estad\u00eda en la capital cruce\u00f1a y sus provincias del 17 al 19 de junio. El diplom\u00e1tico lleg\u00f3 con el prop\u00f3sito de afianzar los hist\u00f3ricos lazos de amistad y cooperaci\u00f3n en [&hellip;]","og_url":"https:\/\/www.eldiario.net\/portal\/2026\/07\/10\/japon-y-santa-cruz-afianzan-70-anos-de-lazos-y-construyen-mas-puentes-de-cooperacion\/","og_site_name":"El Diario - Bolivia","article_publisher":"https:\/\/www.facebook.com\/eldiario.bolivia\/","article_published_time":"2026-07-10T10:39:49+00:00","og_image":[{"width":987,"height":740,"url":"https:\/\/www.eldiario.net\/portal\/wp-content\/uploads\/2026\/07\/foto1.webp","type":"image\/webp"}],"author":"Jeanette","twitter_card":"summary_large_image","twitter_creator":"@eldiario_net","twitter_site":"@eldiario_net","twitter_misc":{"Escrito por":"Jeanette","Tiempo de lectura":"3 minutos"},"schema":{"@context":"https:\/\/schema.org","@graph":[{"@type":"Article","@id":"https:\/\/www.eldiario.net\/portal\/2026\/07\/10\/japon-y-santa-cruz-afianzan-70-anos-de-lazos-y-construyen-mas-puentes-de-cooperacion\/#article","isPartOf":{"@id":"https:\/\/www.eldiario.net\/portal\/2026\/07\/10\/japon-y-santa-cruz-afianzan-70-anos-de-lazos-y-construyen-mas-puentes-de-cooperacion\/"},"author":{"name":"Jeanette","@id":"https:\/\/www.eldiario.net\/portal\/#\/schema\/person\/2c57cf2b7a7ae032e449e4c9b1019eac"},"headline":"Jap\u00f3n y Santa Cruz afianzan 70 a\u00f1os de lazos y construyen m\u00e1s puentes de cooperaci\u00f3n","datePublished":"2026-07-10T10:39:49+00:00","mainEntityOfPage":{"@id":"https:\/\/www.eldiario.net\/portal\/2026\/07\/10\/japon-y-santa-cruz-afianzan-70-anos-de-lazos-y-construyen-mas-puentes-de-cooperacion\/"},"wordCount":582,"publisher":{"@id":"https:\/\/www.eldiario.net\/portal\/#organization"},"image":{"@id":"https:\/\/www.eldiario.net\/portal\/2026\/07\/10\/japon-y-santa-cruz-afianzan-70-anos-de-lazos-y-construyen-mas-puentes-de-cooperacion\/#primaryimage"},"thumbnailUrl":"https:\/\/www.eldiario.net\/portal\/wp-content\/uploads\/2026\/07\/foto1.webp","articleSection":["Sociales"],"inLanguage":"es"},{"@type":"WebPage","@id":"https:\/\/www.eldiario.net\/portal\/2026\/07\/10\/japon-y-santa-cruz-afianzan-70-anos-de-lazos-y-construyen-mas-puentes-de-cooperacion\/","url":"https:\/\/www.eldiario.net\/portal\/2026\/07\/10\/japon-y-santa-cruz-afianzan-70-anos-de-lazos-y-construyen-mas-puentes-de-cooperacion\/","name":"Jap\u00f3n y Santa Cruz afianzan 70 a\u00f1os de lazos y construyen m\u00e1s puentes de cooperaci\u00f3n - El Diario - Bolivia","isPartOf":{"@id":"https:\/\/www.eldiario.net\/portal\/#website"},"primaryImageOfPage":{"@id":"https:\/\/www.eldiario.net\/portal\/2026\/07\/10\/japon-y-santa-cruz-afianzan-70-anos-de-lazos-y-construyen-mas-puentes-de-cooperacion\/#primaryimage"},"image":{"@id":"https:\/\/www.eldiario.net\/portal\/2026\/07\/10\/japon-y-santa-cruz-afianzan-70-anos-de-lazos-y-construyen-mas-puentes-de-cooperacion\/#primaryimage"},"thumbnailUrl":"https:\/\/www.eldiario.net\/portal\/wp-content\/uploads\/2026\/07\/foto1.webp","datePublished":"2026-07-10T10:39:49+00:00","breadcrumb":{"@id":"https:\/\/www.eldiario.net\/portal\/2026\/07\/10\/japon-y-santa-cruz-afianzan-70-anos-de-lazos-y-construyen-mas-puentes-de-cooperacion\/#breadcrumb"},"inLanguage":"es","potentialAction":[{"@type":"ReadAction","target":["https:\/\/www.eldiario.net\/portal\/2026\/07\/10\/japon-y-santa-cruz-afianzan-70-anos-de-lazos-y-construyen-mas-puentes-de-cooperacion\/"]}]},{"@type":"ImageObject","inLanguage":"es","@id":"https:\/\/www.eldiario.net\/portal\/2026\/07\/10\/japon-y-santa-cruz-afianzan-70-anos-de-lazos-y-construyen-mas-puentes-de-cooperacion\/#primaryimage","url":"https:\/\/www.eldiario.net\/portal\/wp-content\/uploads\/2026\/07\/foto1.webp","contentUrl":"https:\/\/www.eldiario.net\/portal\/wp-content\/uploads\/2026\/07\/foto1.webp","width":987,"height":740,"caption":"EL EMBAJADOR DEL JAP\u00d3N, SHIGEHARU ORIHARA, DURANTE SU ENCUENTRO CON EL GOBERNADOR DE SANTA CRUZ, JUAN PABLO VELASCO."},{"@type":"BreadcrumbList","@id":"https:\/\/www.eldiario.net\/portal\/2026\/07\/10\/japon-y-santa-cruz-afianzan-70-anos-de-lazos-y-construyen-mas-puentes-de-cooperacion\/#breadcrumb","itemListElement":[{"@type":"ListItem","position":1,"name":"Portada","item":"https:\/\/www.eldiario.net\/portal\/"},{"@type":"ListItem","position":2,"name":"Jap\u00f3n y Santa Cruz afianzan 70 a\u00f1os de lazos y construyen m\u00e1s puentes de cooperaci\u00f3n"}]},{"@type":"WebSite","@id":"https:\/\/www.eldiario.net\/portal\/#website","url":"https:\/\/www.eldiario.net\/portal\/","name":"El Diario - Decano de la prensa nacional","description":"El Diario - Decano de la prensa nacional","publisher":{"@id":"https:\/\/www.eldiario.net\/portal\/#organization"},"potentialAction":[{"@type":"SearchAction","target":{"@type":"EntryPoint","urlTemplate":"https:\/\/www.eldiario.net\/portal\/?s={search_term_string}"},"query-input":{"@type":"PropertyValueSpecification","valueRequired":true,"valueName":"search_term_string"}}],"inLanguage":"es"},{"@type":"Organization","@id":"https:\/\/www.eldiario.net\/portal\/#organization","name":"El Diario - Decano de la prensa nacional","url":"https:\/\/www.eldiario.net\/portal\/","logo":{"@type":"ImageObject","inLanguage":"es","@id":"https:\/\/www.eldiario.net\/portal\/#\/schema\/logo\/image\/","url":"https:\/\/www.eldiario.net\/portal\/wp-content\/uploads\/2023\/07\/logo_ED.jpg","contentUrl":"https:\/\/www.eldiario.net\/portal\/wp-content\/uploads\/2023\/07\/logo_ED.jpg","width":272,"height":52,"caption":"El Diario - Decano de la prensa nacional"},"image":{"@id":"https:\/\/www.eldiario.net\/portal\/#\/schema\/logo\/image\/"},"sameAs":["https:\/\/www.facebook.com\/eldiario.bolivia\/","https:\/\/x.com\/eldiario_net"]},{"@type":"Person","@id":"https:\/\/www.eldiario.net\/portal\/#\/schema\/person\/2c57cf2b7a7ae032e449e4c9b1019eac","name":"Jeanette","image":{"@type":"ImageObject","inLanguage":"es","@id":"https:\/\/secure.gravatar.com\/avatar\/3ea2118a5f7dad2b7138b1187a6b7ee55f160b9968b66013c3a3ef39dd7e5798?s=96&d=mm&r=g","url":"https:\/\/secure.gravatar.com\/avatar\/3ea2118a5f7dad2b7138b1187a6b7ee55f160b9968b66013c3a3ef39dd7e5798?s=96&d=mm&r=g","contentUrl":"https:\/\/secure.gravatar.com\/avatar\/3ea2118a5f7dad2b7138b1187a6b7ee55f160b9968b66013c3a3ef39dd7e5798?s=96&d=mm&r=g","caption":"Jeanette"},"sameAs":["https:\/\/www.eldiario.net\/portal"],"url":"https:\/\/www.eldiario.net\/portal\/author\/jeanette\/"}]}},"_links":{"self":[{"href":"https:\/\/www.eldiario.net\/portal\/wp-json\/wp\/v2\/posts\/411484","targetHints":{"allow":["GET"]}}],"collection":[{"href":"https:\/\/www.eldiario.net\/portal\/wp-json\/wp\/v2\/posts"}],"about":[{"href":"https:\/\/www.eldiario.net\/portal\/wp-json\/wp\/v2\/types\/post"}],"author":[{"embeddable":true,"href":"https:\/\/www.eldiario.net\/portal\/wp-json\/wp\/v2\/users\/1"}],"replies":[{"embeddable":true,"href":"https:\/\/www.eldiario.net\/portal\/wp-json\/wp\/v2\/comments?post=411484"}],"version-history":[{"count":1,"href":"https:\/\/www.eldiario.net\/portal\/wp-json\/wp\/v2\/posts\/411484\/revisions"}],"predecessor-version":[{"id":411498,"href":"https:\/\/www.eldiario.net\/portal\/wp-json\/wp\/v2\/posts\/411484\/revisions\/411498"}],"wp:featuredmedia":[{"embeddable":true,"href":"https:\/\/www.eldiario.net\/portal\/wp-json\/wp\/v2\/media\/411486"}],"wp:attachment":[{"href":"https:\/\/www.eldiario.net\/portal\/wp-json\/wp\/v2\/media?parent=411484"}],"wp:term":[{"taxonomy":"category","embeddable":true,"href":"https:\/\/www.eldiario.net\/portal\/wp-json\/wp\/v2\/categories?post=411484"},{"taxonomy":"post_tag","embeddable":true,"href":"https:\/\/www.eldiario.net\/portal\/wp-json\/wp\/v2\/tags?post=411484"}],"curies":[{"name":"wp","href":"https:\/\/api.w.org\/{rel}","templated":true}]}}