{"id":410818,"date":"2026-07-08T07:07:26","date_gmt":"2026-07-08T11:07:26","guid":{"rendered":"https:\/\/www.eldiario.net\/portal\/?p=410818"},"modified":"2026-07-08T07:07:26","modified_gmt":"2026-07-08T11:07:26","slug":"cristiano-ronaldo-y-uno-de-los-finales-mas-tristes","status":"publish","type":"post","link":"https:\/\/www.eldiario.net\/portal\/2026\/07\/08\/cristiano-ronaldo-y-uno-de-los-finales-mas-tristes\/","title":{"rendered":"CRISTIANO RONALDO Y UNO DE LOS FINALES M\u00c1S TRISTES"},"content":{"rendered":"<p>Cristiano Ronaldo rompi\u00f3 en llanto tras la eliminaci\u00f3n de Portugal ante Espa\u00f1a, lo que signific\u00f3 el cierre de su trayectoria mundialista a los 41 a\u00f1os con un r\u00e9cord de seis ediciones disputadas. En paralelo, Neymar anunci\u00f3 su retiro de la selecci\u00f3n de Brasil luego de caer frente a Noruega sin lograr el ansiado hexacampeonato, march\u00e1ndose junto al criticado mediocampista Casemiro.<br \/>\nEl guardameta mexicano Guillermo &#8216;Memo&#8217; Ochoa tambi\u00e9n se despidi\u00f3 de su selecci\u00f3n en el Estadio Azteca tras perder contra Inglaterra, uni\u00e9ndose al selecto grupo con seis Copas del Mundo en su historial. Por su parte, el cerebro croata Luka Modric y el hist\u00f3rico arquero alem\u00e1n Manuel Neuer concluyeron sus legendarias etapas internacionales tras sufrir tempranas eliminaciones en el torneo.<br \/>\nFinalmente, el goleador ecuatoriano Enner Valencia cerr\u00f3 su ciclo con la Tri como el m\u00e1ximo anotador de su pa\u00eds. Asimismo, el portero uruguayo Fernando Muslera oficializ\u00f3 su retiro de la Celeste en medio de fuertes cuestionamientos, luego de que un fallo suyo provocara la eliminaci\u00f3n de su equipo en la fase de grupos.<br \/>\n\u201cEstoy disponible de cuerpo y alma para apoyar a la selecci\u00f3n. Jugando o no, tendr\u00e9 siempre un papel importante. Terminar\u00e9 cuando yo quiera, no cuando ustedes quieran. Es una p\u00e9rdida de tiempo que me hagan siempre esa misma pregunta\u00bb, afirm\u00f3 Ronaldo el lunes.<\/p>\n<p>146 goles hizo Ronaldo con su selecci\u00f3n. Es el m\u00e1ximo goleador de todos los tiempos con 6 mundiales.<\/p>\n","protected":false},"excerpt":{"rendered":"<p>Cristiano Ronaldo rompi\u00f3 en llanto tras la eliminaci\u00f3n de Portugal ante Espa\u00f1a, lo que signific\u00f3 el cierre de su trayectoria mundialista a los 41 a\u00f1os con un r\u00e9cord de seis ediciones disputadas. En paralelo, Neymar anunci\u00f3 su retiro de la selecci\u00f3n de Brasil luego de caer frente a Noruega sin lograr el ansiado hexacampeonato, march\u00e1ndose [&hellip;]<\/p>\n","protected":false},"author":1,"featured_media":410819,"comment_status":"closed","ping_status":"open","sticky":false,"template":"","format":"standard","meta":{"_acf_changed":false,"footnotes":""},"categories":[6],"tags":[],"class_list":["post-410818","post","type-post","status-publish","format-standard","has-post-thumbnail","category-deportes"],"acf":{"antetitulo":""},"yoast_head":"<!-- This site is optimized with the Yoast SEO plugin v28.4 - https:\/\/yoast.com\/product\/yoast-seo-wordpress\/ -->\n<title>CRISTIANO RONALDO Y UNO DE LOS FINALES M\u00c1S TRISTES - El Diario - Bolivia<\/title>\n<meta name=\"robots\" content=\"index, follow, max-snippet:-1, max-image-preview:large, max-video-preview:-1\" \/>\n<link rel=\"canonical\" href=\"https:\/\/www.eldiario.net\/portal\/2026\/07\/08\/cristiano-ronaldo-y-uno-de-los-finales-mas-tristes\/\" \/>\n<meta property=\"og:locale\" content=\"es_ES\" \/>\n<meta property=\"og:type\" content=\"article\" \/>\n<meta property=\"og:title\" content=\"CRISTIANO RONALDO Y UNO DE LOS FINALES M\u00c1S TRISTES - El Diario - Bolivia\" \/>\n<meta property=\"og:description\" content=\"Cristiano Ronaldo rompi\u00f3 en llanto tras la eliminaci\u00f3n de Portugal ante Espa\u00f1a, lo que signific\u00f3 el cierre de su trayectoria mundialista a los 41 a\u00f1os con un r\u00e9cord de seis ediciones disputadas. En paralelo, Neymar anunci\u00f3 su retiro de la selecci\u00f3n de Brasil luego de caer frente a Noruega sin lograr el ansiado hexacampeonato, march\u00e1ndose [&hellip;]\" \/>\n<meta property=\"og:url\" content=\"https:\/\/www.eldiario.net\/portal\/2026\/07\/08\/cristiano-ronaldo-y-uno-de-los-finales-mas-tristes\/\" \/>\n<meta property=\"og:site_name\" content=\"El Diario - Bolivia\" \/>\n<meta property=\"article:publisher\" content=\"https:\/\/www.facebook.com\/eldiario.bolivia\/\" \/>\n<meta property=\"article:published_time\" content=\"2026-07-08T11:07:26+00:00\" \/>\n<meta property=\"og:image\" content=\"https:\/\/www.eldiario.net\/portal\/wp-content\/uploads\/2026\/07\/Ronaldo.webp\" \/>\n\t<meta property=\"og:image:width\" content=\"682\" \/>\n\t<meta property=\"og:image:height\" content=\"676\" \/>\n\t<meta property=\"og:image:type\" content=\"image\/webp\" \/>\n<meta name=\"author\" content=\"Jeanette\" \/>\n<meta name=\"twitter:card\" content=\"summary_large_image\" \/>\n<meta name=\"twitter:creator\" content=\"@eldiario_net\" \/>\n<meta name=\"twitter:site\" content=\"@eldiario_net\" \/>\n<meta name=\"twitter:label1\" content=\"Escrito por\" \/>\n\t<meta name=\"twitter:data1\" content=\"Jeanette\" \/>\n\t<meta name=\"twitter:label2\" content=\"Tiempo de lectura\" \/>\n\t<meta name=\"twitter:data2\" content=\"2 minutos\" \/>\n<script type=\"application\/ld+json\" class=\"yoast-schema-graph\">{\"@context\":\"https:\\\/\\\/schema.org\",\"@graph\":[{\"@type\":\"Article\",\"@id\":\"https:\\\/\\\/www.eldiario.net\\\/portal\\\/2026\\\/07\\\/08\\\/cristiano-ronaldo-y-uno-de-los-finales-mas-tristes\\\/#article\",\"isPartOf\":{\"@id\":\"https:\\\/\\\/www.eldiario.net\\\/portal\\\/2026\\\/07\\\/08\\\/cristiano-ronaldo-y-uno-de-los-finales-mas-tristes\\\/\"},\"author\":{\"name\":\"Jeanette\",\"@id\":\"https:\\\/\\\/www.eldiario.net\\\/portal\\\/#\\\/schema\\\/person\\\/2c57cf2b7a7ae032e449e4c9b1019eac\"},\"headline\":\"CRISTIANO RONALDO Y UNO DE LOS FINALES M\u00c1S TRISTES\",\"datePublished\":\"2026-07-08T11:07:26+00:00\",\"mainEntityOfPage\":{\"@id\":\"https:\\\/\\\/www.eldiario.net\\\/portal\\\/2026\\\/07\\\/08\\\/cristiano-ronaldo-y-uno-de-los-finales-mas-tristes\\\/\"},\"wordCount\":258,\"publisher\":{\"@id\":\"https:\\\/\\\/www.eldiario.net\\\/portal\\\/#organization\"},\"image\":{\"@id\":\"https:\\\/\\\/www.eldiario.net\\\/portal\\\/2026\\\/07\\\/08\\\/cristiano-ronaldo-y-uno-de-los-finales-mas-tristes\\\/#primaryimage\"},\"thumbnailUrl\":\"https:\\\/\\\/www.eldiario.net\\\/portal\\\/wp-content\\\/uploads\\\/2026\\\/07\\\/Ronaldo.webp\",\"articleSection\":[\"Deportes\"],\"inLanguage\":\"es\"},{\"@type\":\"WebPage\",\"@id\":\"https:\\\/\\\/www.eldiario.net\\\/portal\\\/2026\\\/07\\\/08\\\/cristiano-ronaldo-y-uno-de-los-finales-mas-tristes\\\/\",\"url\":\"https:\\\/\\\/www.eldiario.net\\\/portal\\\/2026\\\/07\\\/08\\\/cristiano-ronaldo-y-uno-de-los-finales-mas-tristes\\\/\",\"name\":\"CRISTIANO RONALDO Y UNO DE LOS FINALES M\u00c1S TRISTES - El Diario - Bolivia\",\"isPartOf\":{\"@id\":\"https:\\\/\\\/www.eldiario.net\\\/portal\\\/#website\"},\"primaryImageOfPage\":{\"@id\":\"https:\\\/\\\/www.eldiario.net\\\/portal\\\/2026\\\/07\\\/08\\\/cristiano-ronaldo-y-uno-de-los-finales-mas-tristes\\\/#primaryimage\"},\"image\":{\"@id\":\"https:\\\/\\\/www.eldiario.net\\\/portal\\\/2026\\\/07\\\/08\\\/cristiano-ronaldo-y-uno-de-los-finales-mas-tristes\\\/#primaryimage\"},\"thumbnailUrl\":\"https:\\\/\\\/www.eldiario.net\\\/portal\\\/wp-content\\\/uploads\\\/2026\\\/07\\\/Ronaldo.webp\",\"datePublished\":\"2026-07-08T11:07:26+00:00\",\"breadcrumb\":{\"@id\":\"https:\\\/\\\/www.eldiario.net\\\/portal\\\/2026\\\/07\\\/08\\\/cristiano-ronaldo-y-uno-de-los-finales-mas-tristes\\\/#breadcrumb\"},\"inLanguage\":\"es\",\"potentialAction\":[{\"@type\":\"ReadAction\",\"target\":[\"https:\\\/\\\/www.eldiario.net\\\/portal\\\/2026\\\/07\\\/08\\\/cristiano-ronaldo-y-uno-de-los-finales-mas-tristes\\\/\"]}]},{\"@type\":\"ImageObject\",\"inLanguage\":\"es\",\"@id\":\"https:\\\/\\\/www.eldiario.net\\\/portal\\\/2026\\\/07\\\/08\\\/cristiano-ronaldo-y-uno-de-los-finales-mas-tristes\\\/#primaryimage\",\"url\":\"https:\\\/\\\/www.eldiario.net\\\/portal\\\/wp-content\\\/uploads\\\/2026\\\/07\\\/Ronaldo.webp\",\"contentUrl\":\"https:\\\/\\\/www.eldiario.net\\\/portal\\\/wp-content\\\/uploads\\\/2026\\\/07\\\/Ronaldo.webp\",\"width\":682,\"height\":676,\"caption\":\"Cristiano Ronaldo llora tras la eliminaci\u00f3n de Portugal.\"},{\"@type\":\"BreadcrumbList\",\"@id\":\"https:\\\/\\\/www.eldiario.net\\\/portal\\\/2026\\\/07\\\/08\\\/cristiano-ronaldo-y-uno-de-los-finales-mas-tristes\\\/#breadcrumb\",\"itemListElement\":[{\"@type\":\"ListItem\",\"position\":1,\"name\":\"Portada\",\"item\":\"https:\\\/\\\/www.eldiario.net\\\/portal\\\/\"},{\"@type\":\"ListItem\",\"position\":2,\"name\":\"CRISTIANO RONALDO Y UNO DE LOS FINALES M\u00c1S TRISTES\"}]},{\"@type\":\"WebSite\",\"@id\":\"https:\\\/\\\/www.eldiario.net\\\/portal\\\/#website\",\"url\":\"https:\\\/\\\/www.eldiario.net\\\/portal\\\/\",\"name\":\"El Diario - Decano de la prensa nacional\",\"description\":\"El Diario - Decano de la prensa nacional\",\"publisher\":{\"@id\":\"https:\\\/\\\/www.eldiario.net\\\/portal\\\/#organization\"},\"potentialAction\":[{\"@type\":\"SearchAction\",\"target\":{\"@type\":\"EntryPoint\",\"urlTemplate\":\"https:\\\/\\\/www.eldiario.net\\\/portal\\\/?s={search_term_string}\"},\"query-input\":{\"@type\":\"PropertyValueSpecification\",\"valueRequired\":true,\"valueName\":\"search_term_string\"}}],\"inLanguage\":\"es\"},{\"@type\":\"Organization\",\"@id\":\"https:\\\/\\\/www.eldiario.net\\\/portal\\\/#organization\",\"name\":\"El Diario - Decano de la prensa nacional\",\"url\":\"https:\\\/\\\/www.eldiario.net\\\/portal\\\/\",\"logo\":{\"@type\":\"ImageObject\",\"inLanguage\":\"es\",\"@id\":\"https:\\\/\\\/www.eldiario.net\\\/portal\\\/#\\\/schema\\\/logo\\\/image\\\/\",\"url\":\"https:\\\/\\\/www.eldiario.net\\\/portal\\\/wp-content\\\/uploads\\\/2023\\\/07\\\/logo_ED.jpg\",\"contentUrl\":\"https:\\\/\\\/www.eldiario.net\\\/portal\\\/wp-content\\\/uploads\\\/2023\\\/07\\\/logo_ED.jpg\",\"width\":272,\"height\":52,\"caption\":\"El Diario - Decano de la prensa nacional\"},\"image\":{\"@id\":\"https:\\\/\\\/www.eldiario.net\\\/portal\\\/#\\\/schema\\\/logo\\\/image\\\/\"},\"sameAs\":[\"https:\\\/\\\/www.facebook.com\\\/eldiario.bolivia\\\/\",\"https:\\\/\\\/x.com\\\/eldiario_net\"]},{\"@type\":\"Person\",\"@id\":\"https:\\\/\\\/www.eldiario.net\\\/portal\\\/#\\\/schema\\\/person\\\/2c57cf2b7a7ae032e449e4c9b1019eac\",\"name\":\"Jeanette\",\"image\":{\"@type\":\"ImageObject\",\"inLanguage\":\"es\",\"@id\":\"https:\\\/\\\/secure.gravatar.com\\\/avatar\\\/3ea2118a5f7dad2b7138b1187a6b7ee55f160b9968b66013c3a3ef39dd7e5798?s=96&d=mm&r=g\",\"url\":\"https:\\\/\\\/secure.gravatar.com\\\/avatar\\\/3ea2118a5f7dad2b7138b1187a6b7ee55f160b9968b66013c3a3ef39dd7e5798?s=96&d=mm&r=g\",\"contentUrl\":\"https:\\\/\\\/secure.gravatar.com\\\/avatar\\\/3ea2118a5f7dad2b7138b1187a6b7ee55f160b9968b66013c3a3ef39dd7e5798?s=96&d=mm&r=g\",\"caption\":\"Jeanette\"},\"sameAs\":[\"https:\\\/\\\/www.eldiario.net\\\/portal\"],\"url\":\"https:\\\/\\\/www.eldiario.net\\\/portal\\\/author\\\/jeanette\\\/\"}]}<\/script>\n<!-- \/ Yoast SEO plugin. -->","yoast_head_json":{"title":"CRISTIANO RONALDO Y UNO DE LOS FINALES M\u00c1S TRISTES - El Diario - Bolivia","robots":{"index":"index","follow":"follow","max-snippet":"max-snippet:-1","max-image-preview":"max-image-preview:large","max-video-preview":"max-video-preview:-1"},"canonical":"https:\/\/www.eldiario.net\/portal\/2026\/07\/08\/cristiano-ronaldo-y-uno-de-los-finales-mas-tristes\/","og_locale":"es_ES","og_type":"article","og_title":"CRISTIANO RONALDO Y UNO DE LOS FINALES M\u00c1S TRISTES - El Diario - Bolivia","og_description":"Cristiano Ronaldo rompi\u00f3 en llanto tras la eliminaci\u00f3n de Portugal ante Espa\u00f1a, lo que signific\u00f3 el cierre de su trayectoria mundialista a los 41 a\u00f1os con un r\u00e9cord de seis ediciones disputadas. En paralelo, Neymar anunci\u00f3 su retiro de la selecci\u00f3n de Brasil luego de caer frente a Noruega sin lograr el ansiado hexacampeonato, march\u00e1ndose [&hellip;]","og_url":"https:\/\/www.eldiario.net\/portal\/2026\/07\/08\/cristiano-ronaldo-y-uno-de-los-finales-mas-tristes\/","og_site_name":"El Diario - Bolivia","article_publisher":"https:\/\/www.facebook.com\/eldiario.bolivia\/","article_published_time":"2026-07-08T11:07:26+00:00","og_image":[{"width":682,"height":676,"url":"https:\/\/www.eldiario.net\/portal\/wp-content\/uploads\/2026\/07\/Ronaldo.webp","type":"image\/webp"}],"author":"Jeanette","twitter_card":"summary_large_image","twitter_creator":"@eldiario_net","twitter_site":"@eldiario_net","twitter_misc":{"Escrito por":"Jeanette","Tiempo de lectura":"2 minutos"},"schema":{"@context":"https:\/\/schema.org","@graph":[{"@type":"Article","@id":"https:\/\/www.eldiario.net\/portal\/2026\/07\/08\/cristiano-ronaldo-y-uno-de-los-finales-mas-tristes\/#article","isPartOf":{"@id":"https:\/\/www.eldiario.net\/portal\/2026\/07\/08\/cristiano-ronaldo-y-uno-de-los-finales-mas-tristes\/"},"author":{"name":"Jeanette","@id":"https:\/\/www.eldiario.net\/portal\/#\/schema\/person\/2c57cf2b7a7ae032e449e4c9b1019eac"},"headline":"CRISTIANO RONALDO Y UNO DE LOS FINALES M\u00c1S TRISTES","datePublished":"2026-07-08T11:07:26+00:00","mainEntityOfPage":{"@id":"https:\/\/www.eldiario.net\/portal\/2026\/07\/08\/cristiano-ronaldo-y-uno-de-los-finales-mas-tristes\/"},"wordCount":258,"publisher":{"@id":"https:\/\/www.eldiario.net\/portal\/#organization"},"image":{"@id":"https:\/\/www.eldiario.net\/portal\/2026\/07\/08\/cristiano-ronaldo-y-uno-de-los-finales-mas-tristes\/#primaryimage"},"thumbnailUrl":"https:\/\/www.eldiario.net\/portal\/wp-content\/uploads\/2026\/07\/Ronaldo.webp","articleSection":["Deportes"],"inLanguage":"es"},{"@type":"WebPage","@id":"https:\/\/www.eldiario.net\/portal\/2026\/07\/08\/cristiano-ronaldo-y-uno-de-los-finales-mas-tristes\/","url":"https:\/\/www.eldiario.net\/portal\/2026\/07\/08\/cristiano-ronaldo-y-uno-de-los-finales-mas-tristes\/","name":"CRISTIANO RONALDO Y UNO DE LOS FINALES M\u00c1S TRISTES - El Diario - Bolivia","isPartOf":{"@id":"https:\/\/www.eldiario.net\/portal\/#website"},"primaryImageOfPage":{"@id":"https:\/\/www.eldiario.net\/portal\/2026\/07\/08\/cristiano-ronaldo-y-uno-de-los-finales-mas-tristes\/#primaryimage"},"image":{"@id":"https:\/\/www.eldiario.net\/portal\/2026\/07\/08\/cristiano-ronaldo-y-uno-de-los-finales-mas-tristes\/#primaryimage"},"thumbnailUrl":"https:\/\/www.eldiario.net\/portal\/wp-content\/uploads\/2026\/07\/Ronaldo.webp","datePublished":"2026-07-08T11:07:26+00:00","breadcrumb":{"@id":"https:\/\/www.eldiario.net\/portal\/2026\/07\/08\/cristiano-ronaldo-y-uno-de-los-finales-mas-tristes\/#breadcrumb"},"inLanguage":"es","potentialAction":[{"@type":"ReadAction","target":["https:\/\/www.eldiario.net\/portal\/2026\/07\/08\/cristiano-ronaldo-y-uno-de-los-finales-mas-tristes\/"]}]},{"@type":"ImageObject","inLanguage":"es","@id":"https:\/\/www.eldiario.net\/portal\/2026\/07\/08\/cristiano-ronaldo-y-uno-de-los-finales-mas-tristes\/#primaryimage","url":"https:\/\/www.eldiario.net\/portal\/wp-content\/uploads\/2026\/07\/Ronaldo.webp","contentUrl":"https:\/\/www.eldiario.net\/portal\/wp-content\/uploads\/2026\/07\/Ronaldo.webp","width":682,"height":676,"caption":"Cristiano Ronaldo llora tras la eliminaci\u00f3n de Portugal."},{"@type":"BreadcrumbList","@id":"https:\/\/www.eldiario.net\/portal\/2026\/07\/08\/cristiano-ronaldo-y-uno-de-los-finales-mas-tristes\/#breadcrumb","itemListElement":[{"@type":"ListItem","position":1,"name":"Portada","item":"https:\/\/www.eldiario.net\/portal\/"},{"@type":"ListItem","position":2,"name":"CRISTIANO RONALDO Y UNO DE LOS FINALES M\u00c1S TRISTES"}]},{"@type":"WebSite","@id":"https:\/\/www.eldiario.net\/portal\/#website","url":"https:\/\/www.eldiario.net\/portal\/","name":"El Diario - Decano de la prensa nacional","description":"El Diario - Decano de la prensa nacional","publisher":{"@id":"https:\/\/www.eldiario.net\/portal\/#organization"},"potentialAction":[{"@type":"SearchAction","target":{"@type":"EntryPoint","urlTemplate":"https:\/\/www.eldiario.net\/portal\/?s={search_term_string}"},"query-input":{"@type":"PropertyValueSpecification","valueRequired":true,"valueName":"search_term_string"}}],"inLanguage":"es"},{"@type":"Organization","@id":"https:\/\/www.eldiario.net\/portal\/#organization","name":"El Diario - Decano de la prensa nacional","url":"https:\/\/www.eldiario.net\/portal\/","logo":{"@type":"ImageObject","inLanguage":"es","@id":"https:\/\/www.eldiario.net\/portal\/#\/schema\/logo\/image\/","url":"https:\/\/www.eldiario.net\/portal\/wp-content\/uploads\/2023\/07\/logo_ED.jpg","contentUrl":"https:\/\/www.eldiario.net\/portal\/wp-content\/uploads\/2023\/07\/logo_ED.jpg","width":272,"height":52,"caption":"El Diario - Decano de la prensa nacional"},"image":{"@id":"https:\/\/www.eldiario.net\/portal\/#\/schema\/logo\/image\/"},"sameAs":["https:\/\/www.facebook.com\/eldiario.bolivia\/","https:\/\/x.com\/eldiario_net"]},{"@type":"Person","@id":"https:\/\/www.eldiario.net\/portal\/#\/schema\/person\/2c57cf2b7a7ae032e449e4c9b1019eac","name":"Jeanette","image":{"@type":"ImageObject","inLanguage":"es","@id":"https:\/\/secure.gravatar.com\/avatar\/3ea2118a5f7dad2b7138b1187a6b7ee55f160b9968b66013c3a3ef39dd7e5798?s=96&d=mm&r=g","url":"https:\/\/secure.gravatar.com\/avatar\/3ea2118a5f7dad2b7138b1187a6b7ee55f160b9968b66013c3a3ef39dd7e5798?s=96&d=mm&r=g","contentUrl":"https:\/\/secure.gravatar.com\/avatar\/3ea2118a5f7dad2b7138b1187a6b7ee55f160b9968b66013c3a3ef39dd7e5798?s=96&d=mm&r=g","caption":"Jeanette"},"sameAs":["https:\/\/www.eldiario.net\/portal"],"url":"https:\/\/www.eldiario.net\/portal\/author\/jeanette\/"}]}},"_links":{"self":[{"href":"https:\/\/www.eldiario.net\/portal\/wp-json\/wp\/v2\/posts\/410818","targetHints":{"allow":["GET"]}}],"collection":[{"href":"https:\/\/www.eldiario.net\/portal\/wp-json\/wp\/v2\/posts"}],"about":[{"href":"https:\/\/www.eldiario.net\/portal\/wp-json\/wp\/v2\/types\/post"}],"author":[{"embeddable":true,"href":"https:\/\/www.eldiario.net\/portal\/wp-json\/wp\/v2\/users\/1"}],"replies":[{"embeddable":true,"href":"https:\/\/www.eldiario.net\/portal\/wp-json\/wp\/v2\/comments?post=410818"}],"version-history":[{"count":1,"href":"https:\/\/www.eldiario.net\/portal\/wp-json\/wp\/v2\/posts\/410818\/revisions"}],"predecessor-version":[{"id":410820,"href":"https:\/\/www.eldiario.net\/portal\/wp-json\/wp\/v2\/posts\/410818\/revisions\/410820"}],"wp:featuredmedia":[{"embeddable":true,"href":"https:\/\/www.eldiario.net\/portal\/wp-json\/wp\/v2\/media\/410819"}],"wp:attachment":[{"href":"https:\/\/www.eldiario.net\/portal\/wp-json\/wp\/v2\/media?parent=410818"}],"wp:term":[{"taxonomy":"category","embeddable":true,"href":"https:\/\/www.eldiario.net\/portal\/wp-json\/wp\/v2\/categories?post=410818"},{"taxonomy":"post_tag","embeddable":true,"href":"https:\/\/www.eldiario.net\/portal\/wp-json\/wp\/v2\/tags?post=410818"}],"curies":[{"name":"wp","href":"https:\/\/api.w.org\/{rel}","templated":true}]}}