{"id":410814,"date":"2026-07-08T07:05:21","date_gmt":"2026-07-08T11:05:21","guid":{"rendered":"https:\/\/www.eldiario.net\/portal\/?p=410814"},"modified":"2026-07-08T07:05:21","modified_gmt":"2026-07-08T11:05:21","slug":"colombia-fallo-en-los-doce-pasos","status":"publish","type":"post","link":"https:\/\/www.eldiario.net\/portal\/2026\/07\/08\/colombia-fallo-en-los-doce-pasos\/","title":{"rendered":"Colombia fall\u00f3 en los doce pasos"},"content":{"rendered":"<p>Colombia se despidi\u00f3 del Mundial 2026 tras fallar dos remates en la definici\u00f3n de los doce pasos en los que Suiza fue m\u00e1s certero y al final venci\u00f3 por 4-3 para avanzar a cuartos de final.<br \/>\nEn los 120 minutos de juego, en total, Colombia y Suiza empataron 0-0 por lo que se tuvo que recurrir a los doce pasos para confirmar al pr\u00f3ximo clasificado. Suiza ser\u00e1 rival de Argentina en la siguiente instancia, mientras Colombia se despidi\u00f3 del torneo.<br \/>\nLas caras de James Rodr\u00edguez, Davinson S\u00e1nchez y Jonatan Lerma lo dicen todo, fue ayer el \u00faltimo partido de los tres en un Mundial, en el que se van sin pena ni gloria.<br \/>\nLa virtud del equipo suizo estuvo en que durante el primer tiempo aguant\u00f3 el embate de su rival, en el segundo recompuso sus l\u00edneas y adelant\u00f3 un poco a sus jugadores con lo que pudieron controlar mejor el bal\u00f3n, pero no hubo superioridad de alguno en los 90 minutos en un partido parejo.<br \/>\nEn la pr\u00f3rroga entr\u00f3 mejor Colombia, Campaz fue el que m\u00e1s prob\u00f3, D\u00edaz no estuvo tan fino como en otras ocasiones. Y Campaz pudo sentenciar el partido, no lo hizo, al final se lament\u00f3 junto a sus compa\u00f1eros.<br \/>\nEn la definici\u00f3n de los penales creci\u00f3 la figura del golero suizo Kobel, quien ataj\u00f3 un remate y en otro tuvo la suerte de su lado porque peg\u00f3 en el travesa\u00f1o. Anotaron para Suiza: Xhaka, Amdouni, Item yVargas (4), para Colombia (3): Quintero, Campaz y D\u00edaz, fallaron S\u00e1nchez y Hern\u00e1ndez.<\/p>\n<p>72 A\u00f1os tuvieron que pasar para que Suiza se clasifique a cuartos de final.<\/p>\n<figure id=\"attachment_410816\" aria-describedby=\"caption-attachment-410816\" style=\"width: 557px\" class=\"wp-caption alignleft\"><img loading=\"lazy\" decoding=\"async\" class=\" wp-image-410816\" src=\"https:\/\/www.eldiario.net\/portal\/wp-content\/uploads\/2026\/07\/Foto-circulo.webp\" alt=\"\" width=\"557\" height=\"696\" srcset=\"https:\/\/www.eldiario.net\/portal\/wp-content\/uploads\/2026\/07\/Foto-circulo.webp 1154w, https:\/\/www.eldiario.net\/portal\/wp-content\/uploads\/2026\/07\/Foto-circulo-240x300.webp 240w, https:\/\/www.eldiario.net\/portal\/wp-content\/uploads\/2026\/07\/Foto-circulo-819x1024.webp 819w, https:\/\/www.eldiario.net\/portal\/wp-content\/uploads\/2026\/07\/Foto-circulo-768x960.webp 768w, https:\/\/www.eldiario.net\/portal\/wp-content\/uploads\/2026\/07\/Foto-circulo-336x420.webp 336w, https:\/\/www.eldiario.net\/portal\/wp-content\/uploads\/2026\/07\/Foto-circulo-150x187.webp 150w, https:\/\/www.eldiario.net\/portal\/wp-content\/uploads\/2026\/07\/Foto-circulo-300x375.webp 300w, https:\/\/www.eldiario.net\/portal\/wp-content\/uploads\/2026\/07\/Foto-circulo-696x870.webp 696w, https:\/\/www.eldiario.net\/portal\/wp-content\/uploads\/2026\/07\/Foto-circulo-1068x1335.webp 1068w\" sizes=\"auto, (max-width: 557px) 100vw, 557px\" \/><figcaption id=\"caption-attachment-410816\" class=\"wp-caption-text\">Luis D\u00edaz se tapa la cara en se\u00f1al de frustraci\u00f3n tras el \u00faltimo penal de Suiza. (Foto Conmebol)<\/figcaption><\/figure>\n","protected":false},"excerpt":{"rendered":"<p>Colombia se despidi\u00f3 del Mundial 2026 tras fallar dos remates en la definici\u00f3n de los doce pasos en los que Suiza fue m\u00e1s certero y al final venci\u00f3 por 4-3 para avanzar a cuartos de final. En los 120 minutos de juego, en total, Colombia y Suiza empataron 0-0 por lo que se tuvo que [&hellip;]<\/p>\n","protected":false},"author":1,"featured_media":410815,"comment_status":"closed","ping_status":"open","sticky":false,"template":"","format":"standard","meta":{"_acf_changed":false,"footnotes":""},"categories":[6],"tags":[],"class_list":["post-410814","post","type-post","status-publish","format-standard","has-post-thumbnail","category-deportes"],"acf":{"antetitulo":""},"yoast_head":"<!-- This site is optimized with the Yoast SEO plugin v28.4 - https:\/\/yoast.com\/product\/yoast-seo-wordpress\/ -->\n<title>Colombia fall\u00f3 en los doce pasos - El Diario - Bolivia<\/title>\n<meta name=\"robots\" content=\"index, follow, max-snippet:-1, max-image-preview:large, max-video-preview:-1\" \/>\n<link rel=\"canonical\" href=\"https:\/\/www.eldiario.net\/portal\/2026\/07\/08\/colombia-fallo-en-los-doce-pasos\/\" \/>\n<meta property=\"og:locale\" content=\"es_ES\" \/>\n<meta property=\"og:type\" content=\"article\" \/>\n<meta property=\"og:title\" content=\"Colombia fall\u00f3 en los doce pasos - El Diario - Bolivia\" \/>\n<meta property=\"og:description\" content=\"Colombia se despidi\u00f3 del Mundial 2026 tras fallar dos remates en la definici\u00f3n de los doce pasos en los que Suiza fue m\u00e1s certero y al final venci\u00f3 por 4-3 para avanzar a cuartos de final. En los 120 minutos de juego, en total, Colombia y Suiza empataron 0-0 por lo que se tuvo que [&hellip;]\" \/>\n<meta property=\"og:url\" content=\"https:\/\/www.eldiario.net\/portal\/2026\/07\/08\/colombia-fallo-en-los-doce-pasos\/\" \/>\n<meta property=\"og:site_name\" content=\"El Diario - Bolivia\" \/>\n<meta property=\"article:publisher\" content=\"https:\/\/www.facebook.com\/eldiario.bolivia\/\" \/>\n<meta property=\"article:published_time\" content=\"2026-07-08T11:05:21+00:00\" \/>\n<meta property=\"og:image\" content=\"https:\/\/www.eldiario.net\/portal\/wp-content\/uploads\/2026\/07\/Principal.webp\" \/>\n\t<meta property=\"og:image:width\" content=\"876\" \/>\n\t<meta property=\"og:image:height\" content=\"740\" \/>\n\t<meta property=\"og:image:type\" content=\"image\/webp\" \/>\n<meta name=\"author\" content=\"Jeanette\" \/>\n<meta name=\"twitter:card\" content=\"summary_large_image\" \/>\n<meta name=\"twitter:creator\" content=\"@eldiario_net\" \/>\n<meta name=\"twitter:site\" content=\"@eldiario_net\" \/>\n<meta name=\"twitter:label1\" content=\"Escrito por\" \/>\n\t<meta name=\"twitter:data1\" content=\"Jeanette\" \/>\n\t<meta name=\"twitter:label2\" content=\"Tiempo de lectura\" \/>\n\t<meta name=\"twitter:data2\" content=\"2 minutos\" \/>\n<script type=\"application\/ld+json\" class=\"yoast-schema-graph\">{\"@context\":\"https:\\\/\\\/schema.org\",\"@graph\":[{\"@type\":\"Article\",\"@id\":\"https:\\\/\\\/www.eldiario.net\\\/portal\\\/2026\\\/07\\\/08\\\/colombia-fallo-en-los-doce-pasos\\\/#article\",\"isPartOf\":{\"@id\":\"https:\\\/\\\/www.eldiario.net\\\/portal\\\/2026\\\/07\\\/08\\\/colombia-fallo-en-los-doce-pasos\\\/\"},\"author\":{\"name\":\"Jeanette\",\"@id\":\"https:\\\/\\\/www.eldiario.net\\\/portal\\\/#\\\/schema\\\/person\\\/2c57cf2b7a7ae032e449e4c9b1019eac\"},\"headline\":\"Colombia fall\u00f3 en los doce pasos\",\"datePublished\":\"2026-07-08T11:05:21+00:00\",\"mainEntityOfPage\":{\"@id\":\"https:\\\/\\\/www.eldiario.net\\\/portal\\\/2026\\\/07\\\/08\\\/colombia-fallo-en-los-doce-pasos\\\/\"},\"wordCount\":313,\"publisher\":{\"@id\":\"https:\\\/\\\/www.eldiario.net\\\/portal\\\/#organization\"},\"image\":{\"@id\":\"https:\\\/\\\/www.eldiario.net\\\/portal\\\/2026\\\/07\\\/08\\\/colombia-fallo-en-los-doce-pasos\\\/#primaryimage\"},\"thumbnailUrl\":\"https:\\\/\\\/www.eldiario.net\\\/portal\\\/wp-content\\\/uploads\\\/2026\\\/07\\\/Principal.webp\",\"articleSection\":[\"Deportes\"],\"inLanguage\":\"es\"},{\"@type\":\"WebPage\",\"@id\":\"https:\\\/\\\/www.eldiario.net\\\/portal\\\/2026\\\/07\\\/08\\\/colombia-fallo-en-los-doce-pasos\\\/\",\"url\":\"https:\\\/\\\/www.eldiario.net\\\/portal\\\/2026\\\/07\\\/08\\\/colombia-fallo-en-los-doce-pasos\\\/\",\"name\":\"Colombia fall\u00f3 en los doce pasos - El Diario - Bolivia\",\"isPartOf\":{\"@id\":\"https:\\\/\\\/www.eldiario.net\\\/portal\\\/#website\"},\"primaryImageOfPage\":{\"@id\":\"https:\\\/\\\/www.eldiario.net\\\/portal\\\/2026\\\/07\\\/08\\\/colombia-fallo-en-los-doce-pasos\\\/#primaryimage\"},\"image\":{\"@id\":\"https:\\\/\\\/www.eldiario.net\\\/portal\\\/2026\\\/07\\\/08\\\/colombia-fallo-en-los-doce-pasos\\\/#primaryimage\"},\"thumbnailUrl\":\"https:\\\/\\\/www.eldiario.net\\\/portal\\\/wp-content\\\/uploads\\\/2026\\\/07\\\/Principal.webp\",\"datePublished\":\"2026-07-08T11:05:21+00:00\",\"breadcrumb\":{\"@id\":\"https:\\\/\\\/www.eldiario.net\\\/portal\\\/2026\\\/07\\\/08\\\/colombia-fallo-en-los-doce-pasos\\\/#breadcrumb\"},\"inLanguage\":\"es\",\"potentialAction\":[{\"@type\":\"ReadAction\",\"target\":[\"https:\\\/\\\/www.eldiario.net\\\/portal\\\/2026\\\/07\\\/08\\\/colombia-fallo-en-los-doce-pasos\\\/\"]}]},{\"@type\":\"ImageObject\",\"inLanguage\":\"es\",\"@id\":\"https:\\\/\\\/www.eldiario.net\\\/portal\\\/2026\\\/07\\\/08\\\/colombia-fallo-en-los-doce-pasos\\\/#primaryimage\",\"url\":\"https:\\\/\\\/www.eldiario.net\\\/portal\\\/wp-content\\\/uploads\\\/2026\\\/07\\\/Principal.webp\",\"contentUrl\":\"https:\\\/\\\/www.eldiario.net\\\/portal\\\/wp-content\\\/uploads\\\/2026\\\/07\\\/Principal.webp\",\"width\":876,\"height\":740,\"caption\":\"Quintero va al remate mientras la zaga suiza espera en su \u00e1rea, Colombia no pudo encontrar el gol ayer. (Foto Conmebol)\"},{\"@type\":\"BreadcrumbList\",\"@id\":\"https:\\\/\\\/www.eldiario.net\\\/portal\\\/2026\\\/07\\\/08\\\/colombia-fallo-en-los-doce-pasos\\\/#breadcrumb\",\"itemListElement\":[{\"@type\":\"ListItem\",\"position\":1,\"name\":\"Portada\",\"item\":\"https:\\\/\\\/www.eldiario.net\\\/portal\\\/\"},{\"@type\":\"ListItem\",\"position\":2,\"name\":\"Colombia fall\u00f3 en los doce pasos\"}]},{\"@type\":\"WebSite\",\"@id\":\"https:\\\/\\\/www.eldiario.net\\\/portal\\\/#website\",\"url\":\"https:\\\/\\\/www.eldiario.net\\\/portal\\\/\",\"name\":\"El Diario - Decano de la prensa nacional\",\"description\":\"El Diario - Decano de la prensa nacional\",\"publisher\":{\"@id\":\"https:\\\/\\\/www.eldiario.net\\\/portal\\\/#organization\"},\"potentialAction\":[{\"@type\":\"SearchAction\",\"target\":{\"@type\":\"EntryPoint\",\"urlTemplate\":\"https:\\\/\\\/www.eldiario.net\\\/portal\\\/?s={search_term_string}\"},\"query-input\":{\"@type\":\"PropertyValueSpecification\",\"valueRequired\":true,\"valueName\":\"search_term_string\"}}],\"inLanguage\":\"es\"},{\"@type\":\"Organization\",\"@id\":\"https:\\\/\\\/www.eldiario.net\\\/portal\\\/#organization\",\"name\":\"El Diario - Decano de la prensa nacional\",\"url\":\"https:\\\/\\\/www.eldiario.net\\\/portal\\\/\",\"logo\":{\"@type\":\"ImageObject\",\"inLanguage\":\"es\",\"@id\":\"https:\\\/\\\/www.eldiario.net\\\/portal\\\/#\\\/schema\\\/logo\\\/image\\\/\",\"url\":\"https:\\\/\\\/www.eldiario.net\\\/portal\\\/wp-content\\\/uploads\\\/2023\\\/07\\\/logo_ED.jpg\",\"contentUrl\":\"https:\\\/\\\/www.eldiario.net\\\/portal\\\/wp-content\\\/uploads\\\/2023\\\/07\\\/logo_ED.jpg\",\"width\":272,\"height\":52,\"caption\":\"El Diario - Decano de la prensa nacional\"},\"image\":{\"@id\":\"https:\\\/\\\/www.eldiario.net\\\/portal\\\/#\\\/schema\\\/logo\\\/image\\\/\"},\"sameAs\":[\"https:\\\/\\\/www.facebook.com\\\/eldiario.bolivia\\\/\",\"https:\\\/\\\/x.com\\\/eldiario_net\"]},{\"@type\":\"Person\",\"@id\":\"https:\\\/\\\/www.eldiario.net\\\/portal\\\/#\\\/schema\\\/person\\\/2c57cf2b7a7ae032e449e4c9b1019eac\",\"name\":\"Jeanette\",\"image\":{\"@type\":\"ImageObject\",\"inLanguage\":\"es\",\"@id\":\"https:\\\/\\\/secure.gravatar.com\\\/avatar\\\/3ea2118a5f7dad2b7138b1187a6b7ee55f160b9968b66013c3a3ef39dd7e5798?s=96&d=mm&r=g\",\"url\":\"https:\\\/\\\/secure.gravatar.com\\\/avatar\\\/3ea2118a5f7dad2b7138b1187a6b7ee55f160b9968b66013c3a3ef39dd7e5798?s=96&d=mm&r=g\",\"contentUrl\":\"https:\\\/\\\/secure.gravatar.com\\\/avatar\\\/3ea2118a5f7dad2b7138b1187a6b7ee55f160b9968b66013c3a3ef39dd7e5798?s=96&d=mm&r=g\",\"caption\":\"Jeanette\"},\"sameAs\":[\"https:\\\/\\\/www.eldiario.net\\\/portal\"],\"url\":\"https:\\\/\\\/www.eldiario.net\\\/portal\\\/author\\\/jeanette\\\/\"}]}<\/script>\n<!-- \/ Yoast SEO plugin. -->","yoast_head_json":{"title":"Colombia fall\u00f3 en los doce pasos - El Diario - Bolivia","robots":{"index":"index","follow":"follow","max-snippet":"max-snippet:-1","max-image-preview":"max-image-preview:large","max-video-preview":"max-video-preview:-1"},"canonical":"https:\/\/www.eldiario.net\/portal\/2026\/07\/08\/colombia-fallo-en-los-doce-pasos\/","og_locale":"es_ES","og_type":"article","og_title":"Colombia fall\u00f3 en los doce pasos - El Diario - Bolivia","og_description":"Colombia se despidi\u00f3 del Mundial 2026 tras fallar dos remates en la definici\u00f3n de los doce pasos en los que Suiza fue m\u00e1s certero y al final venci\u00f3 por 4-3 para avanzar a cuartos de final. En los 120 minutos de juego, en total, Colombia y Suiza empataron 0-0 por lo que se tuvo que [&hellip;]","og_url":"https:\/\/www.eldiario.net\/portal\/2026\/07\/08\/colombia-fallo-en-los-doce-pasos\/","og_site_name":"El Diario - Bolivia","article_publisher":"https:\/\/www.facebook.com\/eldiario.bolivia\/","article_published_time":"2026-07-08T11:05:21+00:00","og_image":[{"width":876,"height":740,"url":"https:\/\/www.eldiario.net\/portal\/wp-content\/uploads\/2026\/07\/Principal.webp","type":"image\/webp"}],"author":"Jeanette","twitter_card":"summary_large_image","twitter_creator":"@eldiario_net","twitter_site":"@eldiario_net","twitter_misc":{"Escrito por":"Jeanette","Tiempo de lectura":"2 minutos"},"schema":{"@context":"https:\/\/schema.org","@graph":[{"@type":"Article","@id":"https:\/\/www.eldiario.net\/portal\/2026\/07\/08\/colombia-fallo-en-los-doce-pasos\/#article","isPartOf":{"@id":"https:\/\/www.eldiario.net\/portal\/2026\/07\/08\/colombia-fallo-en-los-doce-pasos\/"},"author":{"name":"Jeanette","@id":"https:\/\/www.eldiario.net\/portal\/#\/schema\/person\/2c57cf2b7a7ae032e449e4c9b1019eac"},"headline":"Colombia fall\u00f3 en los doce pasos","datePublished":"2026-07-08T11:05:21+00:00","mainEntityOfPage":{"@id":"https:\/\/www.eldiario.net\/portal\/2026\/07\/08\/colombia-fallo-en-los-doce-pasos\/"},"wordCount":313,"publisher":{"@id":"https:\/\/www.eldiario.net\/portal\/#organization"},"image":{"@id":"https:\/\/www.eldiario.net\/portal\/2026\/07\/08\/colombia-fallo-en-los-doce-pasos\/#primaryimage"},"thumbnailUrl":"https:\/\/www.eldiario.net\/portal\/wp-content\/uploads\/2026\/07\/Principal.webp","articleSection":["Deportes"],"inLanguage":"es"},{"@type":"WebPage","@id":"https:\/\/www.eldiario.net\/portal\/2026\/07\/08\/colombia-fallo-en-los-doce-pasos\/","url":"https:\/\/www.eldiario.net\/portal\/2026\/07\/08\/colombia-fallo-en-los-doce-pasos\/","name":"Colombia fall\u00f3 en los doce pasos - El Diario - Bolivia","isPartOf":{"@id":"https:\/\/www.eldiario.net\/portal\/#website"},"primaryImageOfPage":{"@id":"https:\/\/www.eldiario.net\/portal\/2026\/07\/08\/colombia-fallo-en-los-doce-pasos\/#primaryimage"},"image":{"@id":"https:\/\/www.eldiario.net\/portal\/2026\/07\/08\/colombia-fallo-en-los-doce-pasos\/#primaryimage"},"thumbnailUrl":"https:\/\/www.eldiario.net\/portal\/wp-content\/uploads\/2026\/07\/Principal.webp","datePublished":"2026-07-08T11:05:21+00:00","breadcrumb":{"@id":"https:\/\/www.eldiario.net\/portal\/2026\/07\/08\/colombia-fallo-en-los-doce-pasos\/#breadcrumb"},"inLanguage":"es","potentialAction":[{"@type":"ReadAction","target":["https:\/\/www.eldiario.net\/portal\/2026\/07\/08\/colombia-fallo-en-los-doce-pasos\/"]}]},{"@type":"ImageObject","inLanguage":"es","@id":"https:\/\/www.eldiario.net\/portal\/2026\/07\/08\/colombia-fallo-en-los-doce-pasos\/#primaryimage","url":"https:\/\/www.eldiario.net\/portal\/wp-content\/uploads\/2026\/07\/Principal.webp","contentUrl":"https:\/\/www.eldiario.net\/portal\/wp-content\/uploads\/2026\/07\/Principal.webp","width":876,"height":740,"caption":"Quintero va al remate mientras la zaga suiza espera en su \u00e1rea, Colombia no pudo encontrar el gol ayer. (Foto Conmebol)"},{"@type":"BreadcrumbList","@id":"https:\/\/www.eldiario.net\/portal\/2026\/07\/08\/colombia-fallo-en-los-doce-pasos\/#breadcrumb","itemListElement":[{"@type":"ListItem","position":1,"name":"Portada","item":"https:\/\/www.eldiario.net\/portal\/"},{"@type":"ListItem","position":2,"name":"Colombia fall\u00f3 en los doce pasos"}]},{"@type":"WebSite","@id":"https:\/\/www.eldiario.net\/portal\/#website","url":"https:\/\/www.eldiario.net\/portal\/","name":"El Diario - Decano de la prensa nacional","description":"El Diario - Decano de la prensa nacional","publisher":{"@id":"https:\/\/www.eldiario.net\/portal\/#organization"},"potentialAction":[{"@type":"SearchAction","target":{"@type":"EntryPoint","urlTemplate":"https:\/\/www.eldiario.net\/portal\/?s={search_term_string}"},"query-input":{"@type":"PropertyValueSpecification","valueRequired":true,"valueName":"search_term_string"}}],"inLanguage":"es"},{"@type":"Organization","@id":"https:\/\/www.eldiario.net\/portal\/#organization","name":"El Diario - Decano de la prensa nacional","url":"https:\/\/www.eldiario.net\/portal\/","logo":{"@type":"ImageObject","inLanguage":"es","@id":"https:\/\/www.eldiario.net\/portal\/#\/schema\/logo\/image\/","url":"https:\/\/www.eldiario.net\/portal\/wp-content\/uploads\/2023\/07\/logo_ED.jpg","contentUrl":"https:\/\/www.eldiario.net\/portal\/wp-content\/uploads\/2023\/07\/logo_ED.jpg","width":272,"height":52,"caption":"El Diario - Decano de la prensa nacional"},"image":{"@id":"https:\/\/www.eldiario.net\/portal\/#\/schema\/logo\/image\/"},"sameAs":["https:\/\/www.facebook.com\/eldiario.bolivia\/","https:\/\/x.com\/eldiario_net"]},{"@type":"Person","@id":"https:\/\/www.eldiario.net\/portal\/#\/schema\/person\/2c57cf2b7a7ae032e449e4c9b1019eac","name":"Jeanette","image":{"@type":"ImageObject","inLanguage":"es","@id":"https:\/\/secure.gravatar.com\/avatar\/3ea2118a5f7dad2b7138b1187a6b7ee55f160b9968b66013c3a3ef39dd7e5798?s=96&d=mm&r=g","url":"https:\/\/secure.gravatar.com\/avatar\/3ea2118a5f7dad2b7138b1187a6b7ee55f160b9968b66013c3a3ef39dd7e5798?s=96&d=mm&r=g","contentUrl":"https:\/\/secure.gravatar.com\/avatar\/3ea2118a5f7dad2b7138b1187a6b7ee55f160b9968b66013c3a3ef39dd7e5798?s=96&d=mm&r=g","caption":"Jeanette"},"sameAs":["https:\/\/www.eldiario.net\/portal"],"url":"https:\/\/www.eldiario.net\/portal\/author\/jeanette\/"}]}},"_links":{"self":[{"href":"https:\/\/www.eldiario.net\/portal\/wp-json\/wp\/v2\/posts\/410814","targetHints":{"allow":["GET"]}}],"collection":[{"href":"https:\/\/www.eldiario.net\/portal\/wp-json\/wp\/v2\/posts"}],"about":[{"href":"https:\/\/www.eldiario.net\/portal\/wp-json\/wp\/v2\/types\/post"}],"author":[{"embeddable":true,"href":"https:\/\/www.eldiario.net\/portal\/wp-json\/wp\/v2\/users\/1"}],"replies":[{"embeddable":true,"href":"https:\/\/www.eldiario.net\/portal\/wp-json\/wp\/v2\/comments?post=410814"}],"version-history":[{"count":1,"href":"https:\/\/www.eldiario.net\/portal\/wp-json\/wp\/v2\/posts\/410814\/revisions"}],"predecessor-version":[{"id":410817,"href":"https:\/\/www.eldiario.net\/portal\/wp-json\/wp\/v2\/posts\/410814\/revisions\/410817"}],"wp:featuredmedia":[{"embeddable":true,"href":"https:\/\/www.eldiario.net\/portal\/wp-json\/wp\/v2\/media\/410815"}],"wp:attachment":[{"href":"https:\/\/www.eldiario.net\/portal\/wp-json\/wp\/v2\/media?parent=410814"}],"wp:term":[{"taxonomy":"category","embeddable":true,"href":"https:\/\/www.eldiario.net\/portal\/wp-json\/wp\/v2\/categories?post=410814"},{"taxonomy":"post_tag","embeddable":true,"href":"https:\/\/www.eldiario.net\/portal\/wp-json\/wp\/v2\/tags?post=410814"}],"curies":[{"name":"wp","href":"https:\/\/api.w.org\/{rel}","templated":true}]}}