{"id":410811,"date":"2026-07-08T07:04:24","date_gmt":"2026-07-08T11:04:24","guid":{"rendered":"https:\/\/www.eldiario.net\/portal\/?p=410811"},"modified":"2026-07-08T07:04:24","modified_gmt":"2026-07-08T11:04:24","slug":"ocho-equipos-van-por-la-corona-mundial-2026","status":"publish","type":"post","link":"https:\/\/www.eldiario.net\/portal\/2026\/07\/08\/ocho-equipos-van-por-la-corona-mundial-2026\/","title":{"rendered":"Ocho equipos van por la corona Mundial 2026"},"content":{"rendered":"<p>Concluyeron este martes los octavos de final del Mundial Estados Unidos-M\u00e9xico-Canad\u00e1 2026 y se definen los ocho equipos que jugar\u00e1n los cuartos, la tercera instancia de eliminaci\u00f3n directa en el nuevo formato de juego que instaur\u00f3 la Federaci\u00f3n Internacional de F\u00fatbol (FIFA) con 48 participantes.<br \/>\nLos primeros seleccionados que superaron la ronda de 16 fueron Marruecos y Francia y se enfrentar\u00e1n en el siguiente cruce. Los africanos le ganaron 3 a 0 a Canad\u00e1, uno de los anfitriones, con un doblete de Azzedine Ounahi m\u00e1s otro tanto de Soufiane Rahimi mientras que el equipo galo se impuso a Paraguay 1 a 0 con un penal de Kylian Mbapp\u00e9.<br \/>\nEspa\u00f1a le gan\u00f3 a Portugal 1 a 0 con un tanto de Mikel Merino sobre el final y jugar\u00e1 vs. B\u00e9lgica, que gole\u00f3 a Estados Unidos 4 a 1 con un doblete de Charles De Ketelaere m\u00e1s un gol cada uno de Hans Vanaken y Romelu Lukaku. Malik Tillman igual\u00f3 transitoriamente para uno de los coanfitriones de la Copa del Mundo.<br \/>\nNoruega protagoniz\u00f3 uno de los grandes batacazos del torneo y derrot\u00f3 a Brasil 2 a 1 con un doblete de Erling Haaland. Neymar Jr. descont\u00f3 para la Verdeamarela sobre el final, pero fue insuficiente. Su rival en la pr\u00f3xima instancia ser\u00e1 Inglaterra, que dej\u00f3 en el camino a M\u00e9xico 3 a 2 en un partido memorable en el estadio Azteca gracias a un doblete de Jude Bellingham y un tanto de Harry Kane. Juli\u00e1n Qui\u00f1ones y Ra\u00fal Jim\u00e9nez anotaron los goles del Tri.<br \/>\nLa selecci\u00f3n argentina le gan\u00f3 un partido hist\u00f3rico a Egipto 3 a 2. La albiceleste perd\u00eda 2 a 0 por un cabezazo de Yasser Ibrahim en el primer tiempo y otro tanto de Mostafa Zico en el complemento. Sin embargo, el equipo de Scaloni lo revirti\u00f3 con tres goles en 11 minutos: Cristian Romero descont\u00f3 de cabeza para la albiceleste; al ratito Lionel Messi marc\u00f3 el empate con un remate desde adentro del \u00e1rea y, a los 92\u2032, Enzo Fern\u00e1ndez defini\u00f3 un contraataque de cabeza. En el primer tiempo, el arquero Mostafa Shobeir le ataj\u00f3 un penal al propio Messi, cuando su equipo ya ganaba 1 a 0.<br \/>\nPor \u00faltimo, Suiza derrot\u00f3 a Colombia por penales. El seleccionado helv\u00e9tico se impuso desde los doce pasos luego del empate 0 a 0 en los 120\u2032 reglamentarios. En la tanda, Juan Fernando Quintero, J\u00e1minton Campaz y Luis D\u00edaz convirtieron para los colombianos. A su vez, D\u00e1vinson Sanchez estrell\u00f3 su remate en el travesa\u00f1o y Gregor Kobel contuvo el disparo de Juan Camilo \u2018Cucho\u2019 Hern\u00e1ndez. Para los suizos, en tanto, anotaron Granit Xhaka, Zeki Amdouni, Cedric Itten y R\u00faben Vargas, y Manuel Akanji la tir\u00f3 afuera.<br \/>\nLos cuartos de final se disputar\u00e1n despu\u00e9s de la primera jornada sin actividad de la Copa del Mundo desde que la pelota empez\u00f3 a rodar el 11 de junio. (LA NACI\u00d3N)<\/p>\n","protected":false},"excerpt":{"rendered":"<p>Concluyeron este martes los octavos de final del Mundial Estados Unidos-M\u00e9xico-Canad\u00e1 2026 y se definen los ocho equipos que jugar\u00e1n los cuartos, la tercera instancia de eliminaci\u00f3n directa en el nuevo formato de juego que instaur\u00f3 la Federaci\u00f3n Internacional de F\u00fatbol (FIFA) con 48 participantes. Los primeros seleccionados que superaron la ronda de 16 fueron [&hellip;]<\/p>\n","protected":false},"author":1,"featured_media":410812,"comment_status":"closed","ping_status":"open","sticky":false,"template":"","format":"standard","meta":{"_acf_changed":false,"footnotes":""},"categories":[6],"tags":[],"class_list":["post-410811","post","type-post","status-publish","format-standard","has-post-thumbnail","category-deportes"],"acf":{"antetitulo":""},"yoast_head":"<!-- This site is optimized with the Yoast SEO plugin v28.4 - https:\/\/yoast.com\/product\/yoast-seo-wordpress\/ -->\n<title>Ocho equipos van por la corona Mundial 2026 - El Diario - Bolivia<\/title>\n<meta name=\"robots\" content=\"index, follow, max-snippet:-1, max-image-preview:large, max-video-preview:-1\" \/>\n<link rel=\"canonical\" href=\"https:\/\/www.eldiario.net\/portal\/2026\/07\/08\/ocho-equipos-van-por-la-corona-mundial-2026\/\" \/>\n<meta property=\"og:locale\" content=\"es_ES\" \/>\n<meta property=\"og:type\" content=\"article\" \/>\n<meta property=\"og:title\" content=\"Ocho equipos van por la corona Mundial 2026 - El Diario - Bolivia\" \/>\n<meta property=\"og:description\" content=\"Concluyeron este martes los octavos de final del Mundial Estados Unidos-M\u00e9xico-Canad\u00e1 2026 y se definen los ocho equipos que jugar\u00e1n los cuartos, la tercera instancia de eliminaci\u00f3n directa en el nuevo formato de juego que instaur\u00f3 la Federaci\u00f3n Internacional de F\u00fatbol (FIFA) con 48 participantes. Los primeros seleccionados que superaron la ronda de 16 fueron [&hellip;]\" \/>\n<meta property=\"og:url\" content=\"https:\/\/www.eldiario.net\/portal\/2026\/07\/08\/ocho-equipos-van-por-la-corona-mundial-2026\/\" \/>\n<meta property=\"og:site_name\" content=\"El Diario - Bolivia\" \/>\n<meta property=\"article:publisher\" content=\"https:\/\/www.facebook.com\/eldiario.bolivia\/\" \/>\n<meta property=\"article:published_time\" content=\"2026-07-08T11:04:24+00:00\" \/>\n<meta property=\"og:image\" content=\"https:\/\/www.eldiario.net\/portal\/wp-content\/uploads\/2026\/07\/Mbappe.webp\" \/>\n\t<meta property=\"og:image:width\" content=\"490\" \/>\n\t<meta property=\"og:image:height\" content=\"326\" \/>\n\t<meta property=\"og:image:type\" content=\"image\/webp\" \/>\n<meta name=\"author\" content=\"Jeanette\" \/>\n<meta name=\"twitter:card\" content=\"summary_large_image\" \/>\n<meta name=\"twitter:creator\" content=\"@eldiario_net\" \/>\n<meta name=\"twitter:site\" content=\"@eldiario_net\" \/>\n<meta name=\"twitter:label1\" content=\"Escrito por\" \/>\n\t<meta name=\"twitter:data1\" content=\"Jeanette\" \/>\n\t<meta name=\"twitter:label2\" content=\"Tiempo de lectura\" \/>\n\t<meta name=\"twitter:data2\" content=\"3 minutos\" \/>\n<script type=\"application\/ld+json\" class=\"yoast-schema-graph\">{\"@context\":\"https:\\\/\\\/schema.org\",\"@graph\":[{\"@type\":\"Article\",\"@id\":\"https:\\\/\\\/www.eldiario.net\\\/portal\\\/2026\\\/07\\\/08\\\/ocho-equipos-van-por-la-corona-mundial-2026\\\/#article\",\"isPartOf\":{\"@id\":\"https:\\\/\\\/www.eldiario.net\\\/portal\\\/2026\\\/07\\\/08\\\/ocho-equipos-van-por-la-corona-mundial-2026\\\/\"},\"author\":{\"name\":\"Jeanette\",\"@id\":\"https:\\\/\\\/www.eldiario.net\\\/portal\\\/#\\\/schema\\\/person\\\/2c57cf2b7a7ae032e449e4c9b1019eac\"},\"headline\":\"Ocho equipos van por la corona Mundial 2026\",\"datePublished\":\"2026-07-08T11:04:24+00:00\",\"mainEntityOfPage\":{\"@id\":\"https:\\\/\\\/www.eldiario.net\\\/portal\\\/2026\\\/07\\\/08\\\/ocho-equipos-van-por-la-corona-mundial-2026\\\/\"},\"wordCount\":486,\"publisher\":{\"@id\":\"https:\\\/\\\/www.eldiario.net\\\/portal\\\/#organization\"},\"image\":{\"@id\":\"https:\\\/\\\/www.eldiario.net\\\/portal\\\/2026\\\/07\\\/08\\\/ocho-equipos-van-por-la-corona-mundial-2026\\\/#primaryimage\"},\"thumbnailUrl\":\"https:\\\/\\\/www.eldiario.net\\\/portal\\\/wp-content\\\/uploads\\\/2026\\\/07\\\/Mbappe.webp\",\"articleSection\":[\"Deportes\"],\"inLanguage\":\"es\"},{\"@type\":\"WebPage\",\"@id\":\"https:\\\/\\\/www.eldiario.net\\\/portal\\\/2026\\\/07\\\/08\\\/ocho-equipos-van-por-la-corona-mundial-2026\\\/\",\"url\":\"https:\\\/\\\/www.eldiario.net\\\/portal\\\/2026\\\/07\\\/08\\\/ocho-equipos-van-por-la-corona-mundial-2026\\\/\",\"name\":\"Ocho equipos van por la corona Mundial 2026 - El Diario - Bolivia\",\"isPartOf\":{\"@id\":\"https:\\\/\\\/www.eldiario.net\\\/portal\\\/#website\"},\"primaryImageOfPage\":{\"@id\":\"https:\\\/\\\/www.eldiario.net\\\/portal\\\/2026\\\/07\\\/08\\\/ocho-equipos-van-por-la-corona-mundial-2026\\\/#primaryimage\"},\"image\":{\"@id\":\"https:\\\/\\\/www.eldiario.net\\\/portal\\\/2026\\\/07\\\/08\\\/ocho-equipos-van-por-la-corona-mundial-2026\\\/#primaryimage\"},\"thumbnailUrl\":\"https:\\\/\\\/www.eldiario.net\\\/portal\\\/wp-content\\\/uploads\\\/2026\\\/07\\\/Mbappe.webp\",\"datePublished\":\"2026-07-08T11:04:24+00:00\",\"breadcrumb\":{\"@id\":\"https:\\\/\\\/www.eldiario.net\\\/portal\\\/2026\\\/07\\\/08\\\/ocho-equipos-van-por-la-corona-mundial-2026\\\/#breadcrumb\"},\"inLanguage\":\"es\",\"potentialAction\":[{\"@type\":\"ReadAction\",\"target\":[\"https:\\\/\\\/www.eldiario.net\\\/portal\\\/2026\\\/07\\\/08\\\/ocho-equipos-van-por-la-corona-mundial-2026\\\/\"]}]},{\"@type\":\"ImageObject\",\"inLanguage\":\"es\",\"@id\":\"https:\\\/\\\/www.eldiario.net\\\/portal\\\/2026\\\/07\\\/08\\\/ocho-equipos-van-por-la-corona-mundial-2026\\\/#primaryimage\",\"url\":\"https:\\\/\\\/www.eldiario.net\\\/portal\\\/wp-content\\\/uploads\\\/2026\\\/07\\\/Mbappe.webp\",\"contentUrl\":\"https:\\\/\\\/www.eldiario.net\\\/portal\\\/wp-content\\\/uploads\\\/2026\\\/07\\\/Mbappe.webp\",\"width\":490,\"height\":326,\"caption\":\"Mbapp\u00e9, en el partido jugado contra Paraguay. Foto: FIFA\"},{\"@type\":\"BreadcrumbList\",\"@id\":\"https:\\\/\\\/www.eldiario.net\\\/portal\\\/2026\\\/07\\\/08\\\/ocho-equipos-van-por-la-corona-mundial-2026\\\/#breadcrumb\",\"itemListElement\":[{\"@type\":\"ListItem\",\"position\":1,\"name\":\"Portada\",\"item\":\"https:\\\/\\\/www.eldiario.net\\\/portal\\\/\"},{\"@type\":\"ListItem\",\"position\":2,\"name\":\"Ocho equipos van por la corona Mundial 2026\"}]},{\"@type\":\"WebSite\",\"@id\":\"https:\\\/\\\/www.eldiario.net\\\/portal\\\/#website\",\"url\":\"https:\\\/\\\/www.eldiario.net\\\/portal\\\/\",\"name\":\"El Diario - Decano de la prensa nacional\",\"description\":\"El Diario - Decano de la prensa nacional\",\"publisher\":{\"@id\":\"https:\\\/\\\/www.eldiario.net\\\/portal\\\/#organization\"},\"potentialAction\":[{\"@type\":\"SearchAction\",\"target\":{\"@type\":\"EntryPoint\",\"urlTemplate\":\"https:\\\/\\\/www.eldiario.net\\\/portal\\\/?s={search_term_string}\"},\"query-input\":{\"@type\":\"PropertyValueSpecification\",\"valueRequired\":true,\"valueName\":\"search_term_string\"}}],\"inLanguage\":\"es\"},{\"@type\":\"Organization\",\"@id\":\"https:\\\/\\\/www.eldiario.net\\\/portal\\\/#organization\",\"name\":\"El Diario - Decano de la prensa nacional\",\"url\":\"https:\\\/\\\/www.eldiario.net\\\/portal\\\/\",\"logo\":{\"@type\":\"ImageObject\",\"inLanguage\":\"es\",\"@id\":\"https:\\\/\\\/www.eldiario.net\\\/portal\\\/#\\\/schema\\\/logo\\\/image\\\/\",\"url\":\"https:\\\/\\\/www.eldiario.net\\\/portal\\\/wp-content\\\/uploads\\\/2023\\\/07\\\/logo_ED.jpg\",\"contentUrl\":\"https:\\\/\\\/www.eldiario.net\\\/portal\\\/wp-content\\\/uploads\\\/2023\\\/07\\\/logo_ED.jpg\",\"width\":272,\"height\":52,\"caption\":\"El Diario - Decano de la prensa nacional\"},\"image\":{\"@id\":\"https:\\\/\\\/www.eldiario.net\\\/portal\\\/#\\\/schema\\\/logo\\\/image\\\/\"},\"sameAs\":[\"https:\\\/\\\/www.facebook.com\\\/eldiario.bolivia\\\/\",\"https:\\\/\\\/x.com\\\/eldiario_net\"]},{\"@type\":\"Person\",\"@id\":\"https:\\\/\\\/www.eldiario.net\\\/portal\\\/#\\\/schema\\\/person\\\/2c57cf2b7a7ae032e449e4c9b1019eac\",\"name\":\"Jeanette\",\"image\":{\"@type\":\"ImageObject\",\"inLanguage\":\"es\",\"@id\":\"https:\\\/\\\/secure.gravatar.com\\\/avatar\\\/3ea2118a5f7dad2b7138b1187a6b7ee55f160b9968b66013c3a3ef39dd7e5798?s=96&d=mm&r=g\",\"url\":\"https:\\\/\\\/secure.gravatar.com\\\/avatar\\\/3ea2118a5f7dad2b7138b1187a6b7ee55f160b9968b66013c3a3ef39dd7e5798?s=96&d=mm&r=g\",\"contentUrl\":\"https:\\\/\\\/secure.gravatar.com\\\/avatar\\\/3ea2118a5f7dad2b7138b1187a6b7ee55f160b9968b66013c3a3ef39dd7e5798?s=96&d=mm&r=g\",\"caption\":\"Jeanette\"},\"sameAs\":[\"https:\\\/\\\/www.eldiario.net\\\/portal\"],\"url\":\"https:\\\/\\\/www.eldiario.net\\\/portal\\\/author\\\/jeanette\\\/\"}]}<\/script>\n<!-- \/ Yoast SEO plugin. -->","yoast_head_json":{"title":"Ocho equipos van por la corona Mundial 2026 - El Diario - Bolivia","robots":{"index":"index","follow":"follow","max-snippet":"max-snippet:-1","max-image-preview":"max-image-preview:large","max-video-preview":"max-video-preview:-1"},"canonical":"https:\/\/www.eldiario.net\/portal\/2026\/07\/08\/ocho-equipos-van-por-la-corona-mundial-2026\/","og_locale":"es_ES","og_type":"article","og_title":"Ocho equipos van por la corona Mundial 2026 - El Diario - Bolivia","og_description":"Concluyeron este martes los octavos de final del Mundial Estados Unidos-M\u00e9xico-Canad\u00e1 2026 y se definen los ocho equipos que jugar\u00e1n los cuartos, la tercera instancia de eliminaci\u00f3n directa en el nuevo formato de juego que instaur\u00f3 la Federaci\u00f3n Internacional de F\u00fatbol (FIFA) con 48 participantes. Los primeros seleccionados que superaron la ronda de 16 fueron [&hellip;]","og_url":"https:\/\/www.eldiario.net\/portal\/2026\/07\/08\/ocho-equipos-van-por-la-corona-mundial-2026\/","og_site_name":"El Diario - Bolivia","article_publisher":"https:\/\/www.facebook.com\/eldiario.bolivia\/","article_published_time":"2026-07-08T11:04:24+00:00","og_image":[{"width":490,"height":326,"url":"https:\/\/www.eldiario.net\/portal\/wp-content\/uploads\/2026\/07\/Mbappe.webp","type":"image\/webp"}],"author":"Jeanette","twitter_card":"summary_large_image","twitter_creator":"@eldiario_net","twitter_site":"@eldiario_net","twitter_misc":{"Escrito por":"Jeanette","Tiempo de lectura":"3 minutos"},"schema":{"@context":"https:\/\/schema.org","@graph":[{"@type":"Article","@id":"https:\/\/www.eldiario.net\/portal\/2026\/07\/08\/ocho-equipos-van-por-la-corona-mundial-2026\/#article","isPartOf":{"@id":"https:\/\/www.eldiario.net\/portal\/2026\/07\/08\/ocho-equipos-van-por-la-corona-mundial-2026\/"},"author":{"name":"Jeanette","@id":"https:\/\/www.eldiario.net\/portal\/#\/schema\/person\/2c57cf2b7a7ae032e449e4c9b1019eac"},"headline":"Ocho equipos van por la corona Mundial 2026","datePublished":"2026-07-08T11:04:24+00:00","mainEntityOfPage":{"@id":"https:\/\/www.eldiario.net\/portal\/2026\/07\/08\/ocho-equipos-van-por-la-corona-mundial-2026\/"},"wordCount":486,"publisher":{"@id":"https:\/\/www.eldiario.net\/portal\/#organization"},"image":{"@id":"https:\/\/www.eldiario.net\/portal\/2026\/07\/08\/ocho-equipos-van-por-la-corona-mundial-2026\/#primaryimage"},"thumbnailUrl":"https:\/\/www.eldiario.net\/portal\/wp-content\/uploads\/2026\/07\/Mbappe.webp","articleSection":["Deportes"],"inLanguage":"es"},{"@type":"WebPage","@id":"https:\/\/www.eldiario.net\/portal\/2026\/07\/08\/ocho-equipos-van-por-la-corona-mundial-2026\/","url":"https:\/\/www.eldiario.net\/portal\/2026\/07\/08\/ocho-equipos-van-por-la-corona-mundial-2026\/","name":"Ocho equipos van por la corona Mundial 2026 - El Diario - Bolivia","isPartOf":{"@id":"https:\/\/www.eldiario.net\/portal\/#website"},"primaryImageOfPage":{"@id":"https:\/\/www.eldiario.net\/portal\/2026\/07\/08\/ocho-equipos-van-por-la-corona-mundial-2026\/#primaryimage"},"image":{"@id":"https:\/\/www.eldiario.net\/portal\/2026\/07\/08\/ocho-equipos-van-por-la-corona-mundial-2026\/#primaryimage"},"thumbnailUrl":"https:\/\/www.eldiario.net\/portal\/wp-content\/uploads\/2026\/07\/Mbappe.webp","datePublished":"2026-07-08T11:04:24+00:00","breadcrumb":{"@id":"https:\/\/www.eldiario.net\/portal\/2026\/07\/08\/ocho-equipos-van-por-la-corona-mundial-2026\/#breadcrumb"},"inLanguage":"es","potentialAction":[{"@type":"ReadAction","target":["https:\/\/www.eldiario.net\/portal\/2026\/07\/08\/ocho-equipos-van-por-la-corona-mundial-2026\/"]}]},{"@type":"ImageObject","inLanguage":"es","@id":"https:\/\/www.eldiario.net\/portal\/2026\/07\/08\/ocho-equipos-van-por-la-corona-mundial-2026\/#primaryimage","url":"https:\/\/www.eldiario.net\/portal\/wp-content\/uploads\/2026\/07\/Mbappe.webp","contentUrl":"https:\/\/www.eldiario.net\/portal\/wp-content\/uploads\/2026\/07\/Mbappe.webp","width":490,"height":326,"caption":"Mbapp\u00e9, en el partido jugado contra Paraguay. Foto: FIFA"},{"@type":"BreadcrumbList","@id":"https:\/\/www.eldiario.net\/portal\/2026\/07\/08\/ocho-equipos-van-por-la-corona-mundial-2026\/#breadcrumb","itemListElement":[{"@type":"ListItem","position":1,"name":"Portada","item":"https:\/\/www.eldiario.net\/portal\/"},{"@type":"ListItem","position":2,"name":"Ocho equipos van por la corona Mundial 2026"}]},{"@type":"WebSite","@id":"https:\/\/www.eldiario.net\/portal\/#website","url":"https:\/\/www.eldiario.net\/portal\/","name":"El Diario - Decano de la prensa nacional","description":"El Diario - Decano de la prensa nacional","publisher":{"@id":"https:\/\/www.eldiario.net\/portal\/#organization"},"potentialAction":[{"@type":"SearchAction","target":{"@type":"EntryPoint","urlTemplate":"https:\/\/www.eldiario.net\/portal\/?s={search_term_string}"},"query-input":{"@type":"PropertyValueSpecification","valueRequired":true,"valueName":"search_term_string"}}],"inLanguage":"es"},{"@type":"Organization","@id":"https:\/\/www.eldiario.net\/portal\/#organization","name":"El Diario - Decano de la prensa nacional","url":"https:\/\/www.eldiario.net\/portal\/","logo":{"@type":"ImageObject","inLanguage":"es","@id":"https:\/\/www.eldiario.net\/portal\/#\/schema\/logo\/image\/","url":"https:\/\/www.eldiario.net\/portal\/wp-content\/uploads\/2023\/07\/logo_ED.jpg","contentUrl":"https:\/\/www.eldiario.net\/portal\/wp-content\/uploads\/2023\/07\/logo_ED.jpg","width":272,"height":52,"caption":"El Diario - Decano de la prensa nacional"},"image":{"@id":"https:\/\/www.eldiario.net\/portal\/#\/schema\/logo\/image\/"},"sameAs":["https:\/\/www.facebook.com\/eldiario.bolivia\/","https:\/\/x.com\/eldiario_net"]},{"@type":"Person","@id":"https:\/\/www.eldiario.net\/portal\/#\/schema\/person\/2c57cf2b7a7ae032e449e4c9b1019eac","name":"Jeanette","image":{"@type":"ImageObject","inLanguage":"es","@id":"https:\/\/secure.gravatar.com\/avatar\/3ea2118a5f7dad2b7138b1187a6b7ee55f160b9968b66013c3a3ef39dd7e5798?s=96&d=mm&r=g","url":"https:\/\/secure.gravatar.com\/avatar\/3ea2118a5f7dad2b7138b1187a6b7ee55f160b9968b66013c3a3ef39dd7e5798?s=96&d=mm&r=g","contentUrl":"https:\/\/secure.gravatar.com\/avatar\/3ea2118a5f7dad2b7138b1187a6b7ee55f160b9968b66013c3a3ef39dd7e5798?s=96&d=mm&r=g","caption":"Jeanette"},"sameAs":["https:\/\/www.eldiario.net\/portal"],"url":"https:\/\/www.eldiario.net\/portal\/author\/jeanette\/"}]}},"_links":{"self":[{"href":"https:\/\/www.eldiario.net\/portal\/wp-json\/wp\/v2\/posts\/410811","targetHints":{"allow":["GET"]}}],"collection":[{"href":"https:\/\/www.eldiario.net\/portal\/wp-json\/wp\/v2\/posts"}],"about":[{"href":"https:\/\/www.eldiario.net\/portal\/wp-json\/wp\/v2\/types\/post"}],"author":[{"embeddable":true,"href":"https:\/\/www.eldiario.net\/portal\/wp-json\/wp\/v2\/users\/1"}],"replies":[{"embeddable":true,"href":"https:\/\/www.eldiario.net\/portal\/wp-json\/wp\/v2\/comments?post=410811"}],"version-history":[{"count":1,"href":"https:\/\/www.eldiario.net\/portal\/wp-json\/wp\/v2\/posts\/410811\/revisions"}],"predecessor-version":[{"id":410813,"href":"https:\/\/www.eldiario.net\/portal\/wp-json\/wp\/v2\/posts\/410811\/revisions\/410813"}],"wp:featuredmedia":[{"embeddable":true,"href":"https:\/\/www.eldiario.net\/portal\/wp-json\/wp\/v2\/media\/410812"}],"wp:attachment":[{"href":"https:\/\/www.eldiario.net\/portal\/wp-json\/wp\/v2\/media?parent=410811"}],"wp:term":[{"taxonomy":"category","embeddable":true,"href":"https:\/\/www.eldiario.net\/portal\/wp-json\/wp\/v2\/categories?post=410811"},{"taxonomy":"post_tag","embeddable":true,"href":"https:\/\/www.eldiario.net\/portal\/wp-json\/wp\/v2\/tags?post=410811"}],"curies":[{"name":"wp","href":"https:\/\/api.w.org\/{rel}","templated":true}]}}