{"id":410800,"date":"2026-07-08T06:59:57","date_gmt":"2026-07-08T10:59:57","guid":{"rendered":"https:\/\/www.eldiario.net\/portal\/?p=410800"},"modified":"2026-07-08T06:59:57","modified_gmt":"2026-07-08T10:59:57","slug":"la-paz-entre-bloqueo-institucional-y-urgencia-de-resultados","status":"publish","type":"post","link":"https:\/\/www.eldiario.net\/portal\/2026\/07\/08\/la-paz-entre-bloqueo-institucional-y-urgencia-de-resultados\/","title":{"rendered":"La Paz entre bloqueo institucional y urgencia de resultados"},"content":{"rendered":"<p>Ante el escenario actual, marcado por tensiones institucionales recurrentes dentro del Gobierno Aut\u00f3nomo Municipal de La Paz, el desaf\u00edo ya no puede leerse \u00fanicamente en clave pol\u00edtica o administrativa. Lo que est\u00e1 en juego es algo m\u00e1s profundo: la capacidad real de la ciudad para transformar la gesti\u00f3n p\u00fablica en resultados concretos.<br \/>\nCuando la institucionalidad se tensiona hasta convertir la gesti\u00f3n en confrontaci\u00f3n permanente, el progreso deja de ser una consecuencia natural del gobierno y pasa a ser una aspiraci\u00f3n constantemente interrumpida. En ese punto, la ciudad no avanza con el ritmo de sus necesidades, sino con el ritmo de sus conflictos.<br \/>\nEl desarrollo no se define por declaraciones ni por promesas, sino por hechos verificables: obras concluidas, servicios eficientes, planificaci\u00f3n sostenida y decisiones ejecutadas sin bloqueos innecesarios.<br \/>\nCuando estos elementos se ven alterados por disputas internas, el problema deja de ser coyuntural y se convierte en estructural. La gesti\u00f3n p\u00fablica pierde continuidad y la ciudadan\u00eda percibe una brecha cada vez mayor entre lo que se anuncia y lo que realmente se logra.<br \/>\nLos obst\u00e1culos institucionales no son negativos en s\u00ed mismos cuando funcionan como mecanismos de control y equilibrio. El problema surge cuando dejan de cumplir esa funci\u00f3n y se transforman en factores de par\u00e1lisis.<br \/>\nEn ese escenario, la ciudadan\u00eda deja de percibir el conflicto como parte natural de la democracia y comienza a interpretarlo como incapacidad de gesti\u00f3n. El costo no es solo administrativo: es tambi\u00e9n un desgaste profundo de la confianza p\u00fablica.<br \/>\nLa l\u00f3gica del poder democr\u00e1tico no se basa en la confrontaci\u00f3n permanente entre \u00f3rganos del Estado, sino en su capacidad de coordinaci\u00f3n. El Ejecutivo y el Concejo no est\u00e1n llamados a neutralizarse, sino a complementarse dentro de sus competencias.<br \/>\nCuando esa relaci\u00f3n se rompe, el sistema deja de producir soluciones y comienza a reproducir conflictos. La pol\u00edtica deja de ser un instrumento de gesti\u00f3n y se convierte en un espacio de fricci\u00f3n constante.<br \/>\nEn \u00faltima instancia, el \u00fanico par\u00e1metro v\u00e1lido para evaluar la gesti\u00f3n p\u00fablica es el ciudadano, no el conflicto interno, no la intensidad del debate institucional, sino el impacto real en la vida cotidiana.<br \/>\nCuando la ciudad se paraliza, cuando los proyectos se retrasan y cuando la incertidumbre se vuelve constante, el sistema deja de cumplir su funci\u00f3n esencial: servir.<br \/>\nEl desarrollo no se proclama, se demuestra con resultados concretos, no con la acumulaci\u00f3n de obst\u00e1culos.<br \/>\nEn este contexto, incluso en medio de tensiones institucionales, La Paz enfrenta una decisi\u00f3n de fondo: continuar atrapada en din\u00e1micas de bloqueo o recuperar la capacidad de transformar el conflicto en acci\u00f3n efectiva.<br \/>\nPorque, al final, la verdadera medida del poder p\u00fablico no es la intensidad de sus disputas, sino la calidad de sus resultados, y cuando los obst\u00e1culos dejan de ser superados, dejan de ser desaf\u00edos para convertirse en excusas del estancamiento.<br \/>\nLa situaci\u00f3n institucional dentro del Gobierno Aut\u00f3nomo Municipal de La Paz ha alcanzado un punto en el que la prolongaci\u00f3n del conflicto entre el \u00d3rgano Ejecutivo y el Concejo Municipal deja de ser una diferencia normal de criterios y se convierte en un factor de riesgo para la gobernabilidad de la ciudad.<br \/>\nLa Paz no puede continuar en un escenario donde la gesti\u00f3n municipal no avanza por encontrarse condicionada por disputas internas que terminan afectando la toma de decisiones, la ejecuci\u00f3n de proyectos y la continuidad de los servicios p\u00fablicos.<br \/>\nCada d\u00eda de conflicto no resuelto se traduce en retrasos acumulados, incertidumbre administrativa y desgaste institucional. Pero m\u00e1s all\u00e1 de lo t\u00e9cnico o administrativo, el impacto es directo sobre la ciudadan\u00eda: menos obras, menor eficiencia en la gesti\u00f3n y una sensaci\u00f3n creciente de estancamiento.<br \/>\nEl momento exige responsabilidad pol\u00edtica e institucional. No se trata de qui\u00e9n tiene raz\u00f3n en cada observaci\u00f3n o decisi\u00f3n, sino de entender que la prolongaci\u00f3n del conflicto est\u00e1 generando un costo que ya no es abstracto: es urbano, social y econ\u00f3mico.<br \/>\nEl Ejecutivo y el Concejo Municipal tienen la obligaci\u00f3n hist\u00f3rica de encontrar una salida inmediata al conflicto. No hay margen para la continuidad del bloqueo institucional ni para la normalizaci\u00f3n del enfrentamiento como forma de gesti\u00f3n.<br \/>\nLa Paz necesita gobernabilidad, continuidad y resultados y eso solo ser\u00e1 posible si ambas partes comprenden que el poder no se ejerce para bloquear al otro, sino para servir a la ciudad.<br \/>\nEl bloqueo de la gesti\u00f3n municipal no puede normalizarse, prolongarlo significa trasladar el costo a quienes no participan del conflicto y dependen de una ciudad que funcione.<br \/>\nLa Paz no se merece esto, m\u00e1s par\u00e1lisis es simplemente inhumano e inadmisible.<\/p>\n<p>El autor es diplom\u00e1tico de carrera y polit\u00f3logo.<\/p>\n","protected":false},"excerpt":{"rendered":"<p>Ante el escenario actual, marcado por tensiones institucionales recurrentes dentro del Gobierno Aut\u00f3nomo Municipal de La Paz, el desaf\u00edo ya no puede leerse \u00fanicamente en clave pol\u00edtica o administrativa. Lo que est\u00e1 en juego es algo m\u00e1s profundo: la capacidad real de la ciudad para transformar la gesti\u00f3n p\u00fablica en resultados concretos. Cuando la institucionalidad [&hellip;]<\/p>\n","protected":false},"author":1,"featured_media":380217,"comment_status":"closed","ping_status":"open","sticky":false,"template":"","format":"standard","meta":{"_acf_changed":false,"footnotes":""},"categories":[9],"tags":[],"class_list":["post-410800","post","type-post","status-publish","format-standard","has-post-thumbnail","category-opinion"],"acf":{"antetitulo":""},"yoast_head":"<!-- This site is optimized with the Yoast SEO plugin v28.4 - https:\/\/yoast.com\/product\/yoast-seo-wordpress\/ -->\n<title>La Paz entre bloqueo institucional y urgencia de resultados - El Diario - Bolivia<\/title>\n<meta name=\"robots\" content=\"index, follow, max-snippet:-1, max-image-preview:large, max-video-preview:-1\" \/>\n<link rel=\"canonical\" href=\"https:\/\/www.eldiario.net\/portal\/2026\/07\/08\/la-paz-entre-bloqueo-institucional-y-urgencia-de-resultados\/\" \/>\n<meta property=\"og:locale\" content=\"es_ES\" \/>\n<meta property=\"og:type\" content=\"article\" \/>\n<meta property=\"og:title\" content=\"La Paz entre bloqueo institucional y urgencia de resultados - El Diario - Bolivia\" \/>\n<meta property=\"og:description\" content=\"Ante el escenario actual, marcado por tensiones institucionales recurrentes dentro del Gobierno Aut\u00f3nomo Municipal de La Paz, el desaf\u00edo ya no puede leerse \u00fanicamente en clave pol\u00edtica o administrativa. Lo que est\u00e1 en juego es algo m\u00e1s profundo: la capacidad real de la ciudad para transformar la gesti\u00f3n p\u00fablica en resultados concretos. Cuando la institucionalidad [&hellip;]\" \/>\n<meta property=\"og:url\" content=\"https:\/\/www.eldiario.net\/portal\/2026\/07\/08\/la-paz-entre-bloqueo-institucional-y-urgencia-de-resultados\/\" \/>\n<meta property=\"og:site_name\" content=\"El Diario - Bolivia\" \/>\n<meta property=\"article:publisher\" content=\"https:\/\/www.facebook.com\/eldiario.bolivia\/\" \/>\n<meta property=\"article:published_time\" content=\"2026-07-08T10:59:57+00:00\" \/>\n<meta property=\"og:image\" content=\"https:\/\/www.eldiario.net\/portal\/wp-content\/uploads\/2026\/03\/Raul-Palza-Zeballos.webp\" \/>\n\t<meta property=\"og:image:width\" content=\"1200\" \/>\n\t<meta property=\"og:image:height\" content=\"628\" \/>\n\t<meta property=\"og:image:type\" content=\"image\/webp\" \/>\n<meta name=\"author\" content=\"Jeanette\" \/>\n<meta name=\"twitter:card\" content=\"summary_large_image\" \/>\n<meta name=\"twitter:creator\" content=\"@eldiario_net\" \/>\n<meta name=\"twitter:site\" content=\"@eldiario_net\" \/>\n<meta name=\"twitter:label1\" content=\"Escrito por\" \/>\n\t<meta name=\"twitter:data1\" content=\"Jeanette\" \/>\n\t<meta name=\"twitter:label2\" content=\"Tiempo de lectura\" \/>\n\t<meta name=\"twitter:data2\" content=\"4 minutos\" \/>\n<script type=\"application\/ld+json\" class=\"yoast-schema-graph\">{\"@context\":\"https:\\\/\\\/schema.org\",\"@graph\":[{\"@type\":\"Article\",\"@id\":\"https:\\\/\\\/www.eldiario.net\\\/portal\\\/2026\\\/07\\\/08\\\/la-paz-entre-bloqueo-institucional-y-urgencia-de-resultados\\\/#article\",\"isPartOf\":{\"@id\":\"https:\\\/\\\/www.eldiario.net\\\/portal\\\/2026\\\/07\\\/08\\\/la-paz-entre-bloqueo-institucional-y-urgencia-de-resultados\\\/\"},\"author\":{\"name\":\"Jeanette\",\"@id\":\"https:\\\/\\\/www.eldiario.net\\\/portal\\\/#\\\/schema\\\/person\\\/2c57cf2b7a7ae032e449e4c9b1019eac\"},\"headline\":\"La Paz entre bloqueo institucional y urgencia de resultados\",\"datePublished\":\"2026-07-08T10:59:57+00:00\",\"mainEntityOfPage\":{\"@id\":\"https:\\\/\\\/www.eldiario.net\\\/portal\\\/2026\\\/07\\\/08\\\/la-paz-entre-bloqueo-institucional-y-urgencia-de-resultados\\\/\"},\"wordCount\":836,\"publisher\":{\"@id\":\"https:\\\/\\\/www.eldiario.net\\\/portal\\\/#organization\"},\"image\":{\"@id\":\"https:\\\/\\\/www.eldiario.net\\\/portal\\\/2026\\\/07\\\/08\\\/la-paz-entre-bloqueo-institucional-y-urgencia-de-resultados\\\/#primaryimage\"},\"thumbnailUrl\":\"https:\\\/\\\/www.eldiario.net\\\/portal\\\/wp-content\\\/uploads\\\/2026\\\/03\\\/Raul-Palza-Zeballos.webp\",\"articleSection\":[\"Opini\u00f3n\"],\"inLanguage\":\"es\"},{\"@type\":\"WebPage\",\"@id\":\"https:\\\/\\\/www.eldiario.net\\\/portal\\\/2026\\\/07\\\/08\\\/la-paz-entre-bloqueo-institucional-y-urgencia-de-resultados\\\/\",\"url\":\"https:\\\/\\\/www.eldiario.net\\\/portal\\\/2026\\\/07\\\/08\\\/la-paz-entre-bloqueo-institucional-y-urgencia-de-resultados\\\/\",\"name\":\"La Paz entre bloqueo institucional y urgencia de resultados - El Diario - Bolivia\",\"isPartOf\":{\"@id\":\"https:\\\/\\\/www.eldiario.net\\\/portal\\\/#website\"},\"primaryImageOfPage\":{\"@id\":\"https:\\\/\\\/www.eldiario.net\\\/portal\\\/2026\\\/07\\\/08\\\/la-paz-entre-bloqueo-institucional-y-urgencia-de-resultados\\\/#primaryimage\"},\"image\":{\"@id\":\"https:\\\/\\\/www.eldiario.net\\\/portal\\\/2026\\\/07\\\/08\\\/la-paz-entre-bloqueo-institucional-y-urgencia-de-resultados\\\/#primaryimage\"},\"thumbnailUrl\":\"https:\\\/\\\/www.eldiario.net\\\/portal\\\/wp-content\\\/uploads\\\/2026\\\/03\\\/Raul-Palza-Zeballos.webp\",\"datePublished\":\"2026-07-08T10:59:57+00:00\",\"breadcrumb\":{\"@id\":\"https:\\\/\\\/www.eldiario.net\\\/portal\\\/2026\\\/07\\\/08\\\/la-paz-entre-bloqueo-institucional-y-urgencia-de-resultados\\\/#breadcrumb\"},\"inLanguage\":\"es\",\"potentialAction\":[{\"@type\":\"ReadAction\",\"target\":[\"https:\\\/\\\/www.eldiario.net\\\/portal\\\/2026\\\/07\\\/08\\\/la-paz-entre-bloqueo-institucional-y-urgencia-de-resultados\\\/\"]}]},{\"@type\":\"ImageObject\",\"inLanguage\":\"es\",\"@id\":\"https:\\\/\\\/www.eldiario.net\\\/portal\\\/2026\\\/07\\\/08\\\/la-paz-entre-bloqueo-institucional-y-urgencia-de-resultados\\\/#primaryimage\",\"url\":\"https:\\\/\\\/www.eldiario.net\\\/portal\\\/wp-content\\\/uploads\\\/2026\\\/03\\\/Raul-Palza-Zeballos.webp\",\"contentUrl\":\"https:\\\/\\\/www.eldiario.net\\\/portal\\\/wp-content\\\/uploads\\\/2026\\\/03\\\/Raul-Palza-Zeballos.webp\",\"width\":1200,\"height\":628,\"caption\":\"Ra\u00fal Palza Zeballos\"},{\"@type\":\"BreadcrumbList\",\"@id\":\"https:\\\/\\\/www.eldiario.net\\\/portal\\\/2026\\\/07\\\/08\\\/la-paz-entre-bloqueo-institucional-y-urgencia-de-resultados\\\/#breadcrumb\",\"itemListElement\":[{\"@type\":\"ListItem\",\"position\":1,\"name\":\"Portada\",\"item\":\"https:\\\/\\\/www.eldiario.net\\\/portal\\\/\"},{\"@type\":\"ListItem\",\"position\":2,\"name\":\"La Paz entre bloqueo institucional y urgencia de resultados\"}]},{\"@type\":\"WebSite\",\"@id\":\"https:\\\/\\\/www.eldiario.net\\\/portal\\\/#website\",\"url\":\"https:\\\/\\\/www.eldiario.net\\\/portal\\\/\",\"name\":\"El Diario - Decano de la prensa nacional\",\"description\":\"El Diario - Decano de la prensa nacional\",\"publisher\":{\"@id\":\"https:\\\/\\\/www.eldiario.net\\\/portal\\\/#organization\"},\"potentialAction\":[{\"@type\":\"SearchAction\",\"target\":{\"@type\":\"EntryPoint\",\"urlTemplate\":\"https:\\\/\\\/www.eldiario.net\\\/portal\\\/?s={search_term_string}\"},\"query-input\":{\"@type\":\"PropertyValueSpecification\",\"valueRequired\":true,\"valueName\":\"search_term_string\"}}],\"inLanguage\":\"es\"},{\"@type\":\"Organization\",\"@id\":\"https:\\\/\\\/www.eldiario.net\\\/portal\\\/#organization\",\"name\":\"El Diario - Decano de la prensa nacional\",\"url\":\"https:\\\/\\\/www.eldiario.net\\\/portal\\\/\",\"logo\":{\"@type\":\"ImageObject\",\"inLanguage\":\"es\",\"@id\":\"https:\\\/\\\/www.eldiario.net\\\/portal\\\/#\\\/schema\\\/logo\\\/image\\\/\",\"url\":\"https:\\\/\\\/www.eldiario.net\\\/portal\\\/wp-content\\\/uploads\\\/2023\\\/07\\\/logo_ED.jpg\",\"contentUrl\":\"https:\\\/\\\/www.eldiario.net\\\/portal\\\/wp-content\\\/uploads\\\/2023\\\/07\\\/logo_ED.jpg\",\"width\":272,\"height\":52,\"caption\":\"El Diario - Decano de la prensa nacional\"},\"image\":{\"@id\":\"https:\\\/\\\/www.eldiario.net\\\/portal\\\/#\\\/schema\\\/logo\\\/image\\\/\"},\"sameAs\":[\"https:\\\/\\\/www.facebook.com\\\/eldiario.bolivia\\\/\",\"https:\\\/\\\/x.com\\\/eldiario_net\"]},{\"@type\":\"Person\",\"@id\":\"https:\\\/\\\/www.eldiario.net\\\/portal\\\/#\\\/schema\\\/person\\\/2c57cf2b7a7ae032e449e4c9b1019eac\",\"name\":\"Jeanette\",\"image\":{\"@type\":\"ImageObject\",\"inLanguage\":\"es\",\"@id\":\"https:\\\/\\\/secure.gravatar.com\\\/avatar\\\/3ea2118a5f7dad2b7138b1187a6b7ee55f160b9968b66013c3a3ef39dd7e5798?s=96&d=mm&r=g\",\"url\":\"https:\\\/\\\/secure.gravatar.com\\\/avatar\\\/3ea2118a5f7dad2b7138b1187a6b7ee55f160b9968b66013c3a3ef39dd7e5798?s=96&d=mm&r=g\",\"contentUrl\":\"https:\\\/\\\/secure.gravatar.com\\\/avatar\\\/3ea2118a5f7dad2b7138b1187a6b7ee55f160b9968b66013c3a3ef39dd7e5798?s=96&d=mm&r=g\",\"caption\":\"Jeanette\"},\"sameAs\":[\"https:\\\/\\\/www.eldiario.net\\\/portal\"],\"url\":\"https:\\\/\\\/www.eldiario.net\\\/portal\\\/author\\\/jeanette\\\/\"}]}<\/script>\n<!-- \/ Yoast SEO plugin. -->","yoast_head_json":{"title":"La Paz entre bloqueo institucional y urgencia de resultados - El Diario - Bolivia","robots":{"index":"index","follow":"follow","max-snippet":"max-snippet:-1","max-image-preview":"max-image-preview:large","max-video-preview":"max-video-preview:-1"},"canonical":"https:\/\/www.eldiario.net\/portal\/2026\/07\/08\/la-paz-entre-bloqueo-institucional-y-urgencia-de-resultados\/","og_locale":"es_ES","og_type":"article","og_title":"La Paz entre bloqueo institucional y urgencia de resultados - El Diario - Bolivia","og_description":"Ante el escenario actual, marcado por tensiones institucionales recurrentes dentro del Gobierno Aut\u00f3nomo Municipal de La Paz, el desaf\u00edo ya no puede leerse \u00fanicamente en clave pol\u00edtica o administrativa. Lo que est\u00e1 en juego es algo m\u00e1s profundo: la capacidad real de la ciudad para transformar la gesti\u00f3n p\u00fablica en resultados concretos. Cuando la institucionalidad [&hellip;]","og_url":"https:\/\/www.eldiario.net\/portal\/2026\/07\/08\/la-paz-entre-bloqueo-institucional-y-urgencia-de-resultados\/","og_site_name":"El Diario - Bolivia","article_publisher":"https:\/\/www.facebook.com\/eldiario.bolivia\/","article_published_time":"2026-07-08T10:59:57+00:00","og_image":[{"width":1200,"height":628,"url":"https:\/\/www.eldiario.net\/portal\/wp-content\/uploads\/2026\/03\/Raul-Palza-Zeballos.webp","type":"image\/webp"}],"author":"Jeanette","twitter_card":"summary_large_image","twitter_creator":"@eldiario_net","twitter_site":"@eldiario_net","twitter_misc":{"Escrito por":"Jeanette","Tiempo de lectura":"4 minutos"},"schema":{"@context":"https:\/\/schema.org","@graph":[{"@type":"Article","@id":"https:\/\/www.eldiario.net\/portal\/2026\/07\/08\/la-paz-entre-bloqueo-institucional-y-urgencia-de-resultados\/#article","isPartOf":{"@id":"https:\/\/www.eldiario.net\/portal\/2026\/07\/08\/la-paz-entre-bloqueo-institucional-y-urgencia-de-resultados\/"},"author":{"name":"Jeanette","@id":"https:\/\/www.eldiario.net\/portal\/#\/schema\/person\/2c57cf2b7a7ae032e449e4c9b1019eac"},"headline":"La Paz entre bloqueo institucional y urgencia de resultados","datePublished":"2026-07-08T10:59:57+00:00","mainEntityOfPage":{"@id":"https:\/\/www.eldiario.net\/portal\/2026\/07\/08\/la-paz-entre-bloqueo-institucional-y-urgencia-de-resultados\/"},"wordCount":836,"publisher":{"@id":"https:\/\/www.eldiario.net\/portal\/#organization"},"image":{"@id":"https:\/\/www.eldiario.net\/portal\/2026\/07\/08\/la-paz-entre-bloqueo-institucional-y-urgencia-de-resultados\/#primaryimage"},"thumbnailUrl":"https:\/\/www.eldiario.net\/portal\/wp-content\/uploads\/2026\/03\/Raul-Palza-Zeballos.webp","articleSection":["Opini\u00f3n"],"inLanguage":"es"},{"@type":"WebPage","@id":"https:\/\/www.eldiario.net\/portal\/2026\/07\/08\/la-paz-entre-bloqueo-institucional-y-urgencia-de-resultados\/","url":"https:\/\/www.eldiario.net\/portal\/2026\/07\/08\/la-paz-entre-bloqueo-institucional-y-urgencia-de-resultados\/","name":"La Paz entre bloqueo institucional y urgencia de resultados - El Diario - Bolivia","isPartOf":{"@id":"https:\/\/www.eldiario.net\/portal\/#website"},"primaryImageOfPage":{"@id":"https:\/\/www.eldiario.net\/portal\/2026\/07\/08\/la-paz-entre-bloqueo-institucional-y-urgencia-de-resultados\/#primaryimage"},"image":{"@id":"https:\/\/www.eldiario.net\/portal\/2026\/07\/08\/la-paz-entre-bloqueo-institucional-y-urgencia-de-resultados\/#primaryimage"},"thumbnailUrl":"https:\/\/www.eldiario.net\/portal\/wp-content\/uploads\/2026\/03\/Raul-Palza-Zeballos.webp","datePublished":"2026-07-08T10:59:57+00:00","breadcrumb":{"@id":"https:\/\/www.eldiario.net\/portal\/2026\/07\/08\/la-paz-entre-bloqueo-institucional-y-urgencia-de-resultados\/#breadcrumb"},"inLanguage":"es","potentialAction":[{"@type":"ReadAction","target":["https:\/\/www.eldiario.net\/portal\/2026\/07\/08\/la-paz-entre-bloqueo-institucional-y-urgencia-de-resultados\/"]}]},{"@type":"ImageObject","inLanguage":"es","@id":"https:\/\/www.eldiario.net\/portal\/2026\/07\/08\/la-paz-entre-bloqueo-institucional-y-urgencia-de-resultados\/#primaryimage","url":"https:\/\/www.eldiario.net\/portal\/wp-content\/uploads\/2026\/03\/Raul-Palza-Zeballos.webp","contentUrl":"https:\/\/www.eldiario.net\/portal\/wp-content\/uploads\/2026\/03\/Raul-Palza-Zeballos.webp","width":1200,"height":628,"caption":"Ra\u00fal Palza Zeballos"},{"@type":"BreadcrumbList","@id":"https:\/\/www.eldiario.net\/portal\/2026\/07\/08\/la-paz-entre-bloqueo-institucional-y-urgencia-de-resultados\/#breadcrumb","itemListElement":[{"@type":"ListItem","position":1,"name":"Portada","item":"https:\/\/www.eldiario.net\/portal\/"},{"@type":"ListItem","position":2,"name":"La Paz entre bloqueo institucional y urgencia de resultados"}]},{"@type":"WebSite","@id":"https:\/\/www.eldiario.net\/portal\/#website","url":"https:\/\/www.eldiario.net\/portal\/","name":"El Diario - Decano de la prensa nacional","description":"El Diario - Decano de la prensa nacional","publisher":{"@id":"https:\/\/www.eldiario.net\/portal\/#organization"},"potentialAction":[{"@type":"SearchAction","target":{"@type":"EntryPoint","urlTemplate":"https:\/\/www.eldiario.net\/portal\/?s={search_term_string}"},"query-input":{"@type":"PropertyValueSpecification","valueRequired":true,"valueName":"search_term_string"}}],"inLanguage":"es"},{"@type":"Organization","@id":"https:\/\/www.eldiario.net\/portal\/#organization","name":"El Diario - Decano de la prensa nacional","url":"https:\/\/www.eldiario.net\/portal\/","logo":{"@type":"ImageObject","inLanguage":"es","@id":"https:\/\/www.eldiario.net\/portal\/#\/schema\/logo\/image\/","url":"https:\/\/www.eldiario.net\/portal\/wp-content\/uploads\/2023\/07\/logo_ED.jpg","contentUrl":"https:\/\/www.eldiario.net\/portal\/wp-content\/uploads\/2023\/07\/logo_ED.jpg","width":272,"height":52,"caption":"El Diario - Decano de la prensa nacional"},"image":{"@id":"https:\/\/www.eldiario.net\/portal\/#\/schema\/logo\/image\/"},"sameAs":["https:\/\/www.facebook.com\/eldiario.bolivia\/","https:\/\/x.com\/eldiario_net"]},{"@type":"Person","@id":"https:\/\/www.eldiario.net\/portal\/#\/schema\/person\/2c57cf2b7a7ae032e449e4c9b1019eac","name":"Jeanette","image":{"@type":"ImageObject","inLanguage":"es","@id":"https:\/\/secure.gravatar.com\/avatar\/3ea2118a5f7dad2b7138b1187a6b7ee55f160b9968b66013c3a3ef39dd7e5798?s=96&d=mm&r=g","url":"https:\/\/secure.gravatar.com\/avatar\/3ea2118a5f7dad2b7138b1187a6b7ee55f160b9968b66013c3a3ef39dd7e5798?s=96&d=mm&r=g","contentUrl":"https:\/\/secure.gravatar.com\/avatar\/3ea2118a5f7dad2b7138b1187a6b7ee55f160b9968b66013c3a3ef39dd7e5798?s=96&d=mm&r=g","caption":"Jeanette"},"sameAs":["https:\/\/www.eldiario.net\/portal"],"url":"https:\/\/www.eldiario.net\/portal\/author\/jeanette\/"}]}},"_links":{"self":[{"href":"https:\/\/www.eldiario.net\/portal\/wp-json\/wp\/v2\/posts\/410800","targetHints":{"allow":["GET"]}}],"collection":[{"href":"https:\/\/www.eldiario.net\/portal\/wp-json\/wp\/v2\/posts"}],"about":[{"href":"https:\/\/www.eldiario.net\/portal\/wp-json\/wp\/v2\/types\/post"}],"author":[{"embeddable":true,"href":"https:\/\/www.eldiario.net\/portal\/wp-json\/wp\/v2\/users\/1"}],"replies":[{"embeddable":true,"href":"https:\/\/www.eldiario.net\/portal\/wp-json\/wp\/v2\/comments?post=410800"}],"version-history":[{"count":1,"href":"https:\/\/www.eldiario.net\/portal\/wp-json\/wp\/v2\/posts\/410800\/revisions"}],"predecessor-version":[{"id":410801,"href":"https:\/\/www.eldiario.net\/portal\/wp-json\/wp\/v2\/posts\/410800\/revisions\/410801"}],"wp:featuredmedia":[{"embeddable":true,"href":"https:\/\/www.eldiario.net\/portal\/wp-json\/wp\/v2\/media\/380217"}],"wp:attachment":[{"href":"https:\/\/www.eldiario.net\/portal\/wp-json\/wp\/v2\/media?parent=410800"}],"wp:term":[{"taxonomy":"category","embeddable":true,"href":"https:\/\/www.eldiario.net\/portal\/wp-json\/wp\/v2\/categories?post=410800"},{"taxonomy":"post_tag","embeddable":true,"href":"https:\/\/www.eldiario.net\/portal\/wp-json\/wp\/v2\/tags?post=410800"}],"curies":[{"name":"wp","href":"https:\/\/api.w.org\/{rel}","templated":true}]}}