{"id":410798,"date":"2026-07-08T06:59:15","date_gmt":"2026-07-08T10:59:15","guid":{"rendered":"https:\/\/www.eldiario.net\/portal\/?p=410798"},"modified":"2026-07-08T06:59:15","modified_gmt":"2026-07-08T10:59:15","slug":"el-olvidado-pedro-kramer-prometedor-intelectual-boliviano","status":"publish","type":"post","link":"https:\/\/www.eldiario.net\/portal\/2026\/07\/08\/el-olvidado-pedro-kramer-prometedor-intelectual-boliviano\/","title":{"rendered":"El olvidado Pedro Kramer, prometedor intelectual boliviano"},"content":{"rendered":"<p>\u201c&#8230;Por mi telegrama del 27, transmitido por intermedio de la Legaci\u00f3n en Buenos Aires, anunci\u00e9 a Ud. el fallecimiento del Secretario de esta Legaci\u00f3n, acaecido el 20 de diciembre en Manaos&#8230;\u201d. Con estas palabras, el entonces ministro Plenipotenciario de Bolivia en Brasil, Luis Salinas Vega, informaba a las autoridades bolivianas, mediante la nota N\u00b0 49 A, fechada en Petr\u00f3polis el 30 de diciembre de 1899, sobre el fallecimiento de Pedro Kramer, destacada figura de las letras bolivianas y hoy pr\u00e1cticamente olvidada.<br \/>\nPero, \u00bfqui\u00e9n fue realmente Pedro Kramer? \u00bfCu\u00e1l fue su trayectoria intelectual y qu\u00e9 obras leg\u00f3 a la literatura boliviana? Estos interrogantes ser\u00e1n abordados en esta nota.<br \/>\nDe padre alem\u00e1n y madre italiana, naci\u00f3 el 26 de abril de 1869 en la localidad de Challuncayani, cant\u00f3n Berenguela, provincia Pacajes, departamento de La Paz. Realiz\u00f3 sus estudios primarios en el Colegio Seminario y los secundarios en el Colegio Nacional Ayacucho, ambos de la ciudad de La Paz. Posteriormente, estudi\u00f3 Derecho, obteniendo el t\u00edtulo de abogado a inicios de 1898.<br \/>\nEntre marzo de 1891 a octubre de 1895 desempe\u00f1\u00f3 las funciones de Director de la Biblioteca P\u00fablica de La Paz. Como resultado de esta labor public\u00f3 el libro Cat\u00e1logo General de la Biblioteca P\u00fablica (1896).<br \/>\nDe pluma \u00e1gil, public\u00f3 el texto educativo \u2018Compendio de Historia de Bolivia\u2019 (1894). Sobre este manual escribi\u00f3: \u201c\u2026hicimos un estudio sint\u00e9tico relativamente completo de la Historia de Bolivia, estudiando la prehistoria, \u00e9poca vaga pero indispensable para conocer el origen del pueblo boliviano; introdujimos en el dominio de la historia patria el coloniaje: hemos dado vida \u00e1 m\u00e1s de dos siglos y medio de nuestra historia, adem\u00e1s de iniciar un nuevo m\u00e9todo de escribir esta ciencia, que no es puramente la relaci\u00f3n de batallas ganadas \u00f3 perdidas, de sucesos palaciegos \u00f3 un inventario de actos administrativos; sin\u00f3 el examen de los pueblos en todas sus manifestaciones sociales, morales, intelectuales \u00e9 industriales, y el estudio de los agentes f\u00edsicos y \u00e9tnicos que forman el llamado medio-ambiente. Hemos estudiado tambi\u00e9n al pueblo boliviano, consider\u00e1ndole no como \u00e1 una tribu en medio del desierto sin recibir influencia de ning\u00fan otro pueblo, ni influir \u00e1 su vez, sin\u00f3 como un elemento que ha entrado en la composici\u00f3n de la humanidad\u2026\u201d.<br \/>\nPosteriormente, desempe\u00f1\u00f3 las funciones de Diputado por la provincia Pacajes. En este cargo present\u00f3 un proyecto de ley para la creaci\u00f3n de un nuevo departamento en la jurisdicci\u00f3n del Territorio Nacional de Colonias (actual departamento de Pando). Como derivaci\u00f3n de su gesti\u00f3n public\u00f3 el folleto intitulado \u2018Un nuevo departamento. Proyecto de Ley presentado a la legislatura de 1896\u2019 (1897). Asimismo, public\u00f3 el fasc\u00edculo \u2018Tiahuanacu\u2019 (1897) y m\u00e1s adelante, en colaboraci\u00f3n con el escritor Alfredo Ascarrunz, dio a luz la obra \u2018Efem\u00e9rides Bolivianas\u2019 (1898).<br \/>\nA sus 29 a\u00f1os ya era considerado un destacado historiador y periodista. En el campo pol\u00edtico particip\u00f3 en la Revoluci\u00f3n Federal de 1898 y public\u00f3 la biograf\u00eda de Carlos de Villegas, bajo el t\u00edtulo \u2018General Carlos de Villegas: estudio hist\u00f3rico-biogr\u00e1fico\u2019 (1899).<br \/>\nTambi\u00e9n imprimi\u00f3 las obras monumentales \u2018La Industria en Bolivia\u2019 (1899) e \u2018Historia de Bolivia, Tomo I\u2019 (1899). Este \u00faltimo libro comprende desde los or\u00edgenes hasta la disoluci\u00f3n del Incanato. Para Kramer, la Historia de Bolivia \u201c\u2026no se reduce al per\u00edodo de la independencia y a la \u00e9poca de la rep\u00fablica, como han cre\u00eddo los que de esta materia se han ocupado en trabajos de m\u00e9rito y con \u00e1nimo de estudiar toda la historia de la patria; de ese modo resulta el trabajo incompleto, no se llega a comprender ni el origen, ni las causas de los m\u00e1s importantes acontecimientos\u2026\u201d, escribi\u00f3 nuestro biografiado.<br \/>\nSin duda, la temprana muerte de Pedro Kramer trunc\u00f3 la trayectoria de uno de los intelectuales bolivianos m\u00e1s prometedores de fines del Siglo XIX, cuya obra hist\u00f3rica y literaria merece mayor reconocimiento. Rescatar su memoria implica tambi\u00e9n valorar una parte importante del patrimonio intelectual de nuestro pa\u00eds.<\/p>\n","protected":false},"excerpt":{"rendered":"<p>\u201c&#8230;Por mi telegrama del 27, transmitido por intermedio de la Legaci\u00f3n en Buenos Aires, anunci\u00e9 a Ud. el fallecimiento del Secretario de esta Legaci\u00f3n, acaecido el 20 de diciembre en Manaos&#8230;\u201d. Con estas palabras, el entonces ministro Plenipotenciario de Bolivia en Brasil, Luis Salinas Vega, informaba a las autoridades bolivianas, mediante la nota N\u00b0 49 [&hellip;]<\/p>\n","protected":false},"author":1,"featured_media":259492,"comment_status":"closed","ping_status":"open","sticky":false,"template":"","format":"standard","meta":{"_acf_changed":false,"footnotes":""},"categories":[9],"tags":[],"class_list":["post-410798","post","type-post","status-publish","format-standard","has-post-thumbnail","category-opinion"],"acf":{"antetitulo":""},"yoast_head":"<!-- This site is optimized with the Yoast SEO plugin v28.4 - https:\/\/yoast.com\/product\/yoast-seo-wordpress\/ -->\n<title>El olvidado Pedro Kramer, prometedor intelectual boliviano - El Diario - Bolivia<\/title>\n<meta name=\"robots\" content=\"index, follow, max-snippet:-1, max-image-preview:large, max-video-preview:-1\" \/>\n<link rel=\"canonical\" href=\"https:\/\/www.eldiario.net\/portal\/2026\/07\/08\/el-olvidado-pedro-kramer-prometedor-intelectual-boliviano\/\" \/>\n<meta property=\"og:locale\" content=\"es_ES\" \/>\n<meta property=\"og:type\" content=\"article\" \/>\n<meta property=\"og:title\" content=\"El olvidado Pedro Kramer, prometedor intelectual boliviano - El Diario - Bolivia\" \/>\n<meta property=\"og:description\" content=\"\u201c&#8230;Por mi telegrama del 27, transmitido por intermedio de la Legaci\u00f3n en Buenos Aires, anunci\u00e9 a Ud. el fallecimiento del Secretario de esta Legaci\u00f3n, acaecido el 20 de diciembre en Manaos&#8230;\u201d. Con estas palabras, el entonces ministro Plenipotenciario de Bolivia en Brasil, Luis Salinas Vega, informaba a las autoridades bolivianas, mediante la nota N\u00b0 49 [&hellip;]\" \/>\n<meta property=\"og:url\" content=\"https:\/\/www.eldiario.net\/portal\/2026\/07\/08\/el-olvidado-pedro-kramer-prometedor-intelectual-boliviano\/\" \/>\n<meta property=\"og:site_name\" content=\"El Diario - Bolivia\" \/>\n<meta property=\"article:publisher\" content=\"https:\/\/www.facebook.com\/eldiario.bolivia\/\" \/>\n<meta property=\"article:published_time\" content=\"2026-07-08T10:59:15+00:00\" \/>\n<meta property=\"og:image\" content=\"https:\/\/www.eldiario.net\/portal\/wp-content\/uploads\/2024\/11\/Jose-Pradel-B.jpg\" \/>\n\t<meta property=\"og:image:width\" content=\"1200\" \/>\n\t<meta property=\"og:image:height\" content=\"628\" \/>\n\t<meta property=\"og:image:type\" content=\"image\/jpeg\" \/>\n<meta name=\"author\" content=\"Jeanette\" \/>\n<meta name=\"twitter:card\" content=\"summary_large_image\" \/>\n<meta name=\"twitter:creator\" content=\"@eldiario_net\" \/>\n<meta name=\"twitter:site\" content=\"@eldiario_net\" \/>\n<meta name=\"twitter:label1\" content=\"Escrito por\" \/>\n\t<meta name=\"twitter:data1\" content=\"Jeanette\" \/>\n\t<meta name=\"twitter:label2\" content=\"Tiempo de lectura\" \/>\n\t<meta name=\"twitter:data2\" content=\"4 minutos\" \/>\n<script type=\"application\/ld+json\" class=\"yoast-schema-graph\">{\"@context\":\"https:\\\/\\\/schema.org\",\"@graph\":[{\"@type\":\"Article\",\"@id\":\"https:\\\/\\\/www.eldiario.net\\\/portal\\\/2026\\\/07\\\/08\\\/el-olvidado-pedro-kramer-prometedor-intelectual-boliviano\\\/#article\",\"isPartOf\":{\"@id\":\"https:\\\/\\\/www.eldiario.net\\\/portal\\\/2026\\\/07\\\/08\\\/el-olvidado-pedro-kramer-prometedor-intelectual-boliviano\\\/\"},\"author\":{\"name\":\"Jeanette\",\"@id\":\"https:\\\/\\\/www.eldiario.net\\\/portal\\\/#\\\/schema\\\/person\\\/2c57cf2b7a7ae032e449e4c9b1019eac\"},\"headline\":\"El olvidado Pedro Kramer, prometedor intelectual boliviano\",\"datePublished\":\"2026-07-08T10:59:15+00:00\",\"mainEntityOfPage\":{\"@id\":\"https:\\\/\\\/www.eldiario.net\\\/portal\\\/2026\\\/07\\\/08\\\/el-olvidado-pedro-kramer-prometedor-intelectual-boliviano\\\/\"},\"wordCount\":671,\"publisher\":{\"@id\":\"https:\\\/\\\/www.eldiario.net\\\/portal\\\/#organization\"},\"image\":{\"@id\":\"https:\\\/\\\/www.eldiario.net\\\/portal\\\/2026\\\/07\\\/08\\\/el-olvidado-pedro-kramer-prometedor-intelectual-boliviano\\\/#primaryimage\"},\"thumbnailUrl\":\"https:\\\/\\\/www.eldiario.net\\\/portal\\\/wp-content\\\/uploads\\\/2024\\\/11\\\/Jose-Pradel-B.jpg\",\"articleSection\":[\"Opini\u00f3n\"],\"inLanguage\":\"es\"},{\"@type\":\"WebPage\",\"@id\":\"https:\\\/\\\/www.eldiario.net\\\/portal\\\/2026\\\/07\\\/08\\\/el-olvidado-pedro-kramer-prometedor-intelectual-boliviano\\\/\",\"url\":\"https:\\\/\\\/www.eldiario.net\\\/portal\\\/2026\\\/07\\\/08\\\/el-olvidado-pedro-kramer-prometedor-intelectual-boliviano\\\/\",\"name\":\"El olvidado Pedro Kramer, prometedor intelectual boliviano - El Diario - Bolivia\",\"isPartOf\":{\"@id\":\"https:\\\/\\\/www.eldiario.net\\\/portal\\\/#website\"},\"primaryImageOfPage\":{\"@id\":\"https:\\\/\\\/www.eldiario.net\\\/portal\\\/2026\\\/07\\\/08\\\/el-olvidado-pedro-kramer-prometedor-intelectual-boliviano\\\/#primaryimage\"},\"image\":{\"@id\":\"https:\\\/\\\/www.eldiario.net\\\/portal\\\/2026\\\/07\\\/08\\\/el-olvidado-pedro-kramer-prometedor-intelectual-boliviano\\\/#primaryimage\"},\"thumbnailUrl\":\"https:\\\/\\\/www.eldiario.net\\\/portal\\\/wp-content\\\/uploads\\\/2024\\\/11\\\/Jose-Pradel-B.jpg\",\"datePublished\":\"2026-07-08T10:59:15+00:00\",\"breadcrumb\":{\"@id\":\"https:\\\/\\\/www.eldiario.net\\\/portal\\\/2026\\\/07\\\/08\\\/el-olvidado-pedro-kramer-prometedor-intelectual-boliviano\\\/#breadcrumb\"},\"inLanguage\":\"es\",\"potentialAction\":[{\"@type\":\"ReadAction\",\"target\":[\"https:\\\/\\\/www.eldiario.net\\\/portal\\\/2026\\\/07\\\/08\\\/el-olvidado-pedro-kramer-prometedor-intelectual-boliviano\\\/\"]}]},{\"@type\":\"ImageObject\",\"inLanguage\":\"es\",\"@id\":\"https:\\\/\\\/www.eldiario.net\\\/portal\\\/2026\\\/07\\\/08\\\/el-olvidado-pedro-kramer-prometedor-intelectual-boliviano\\\/#primaryimage\",\"url\":\"https:\\\/\\\/www.eldiario.net\\\/portal\\\/wp-content\\\/uploads\\\/2024\\\/11\\\/Jose-Pradel-B.jpg\",\"contentUrl\":\"https:\\\/\\\/www.eldiario.net\\\/portal\\\/wp-content\\\/uploads\\\/2024\\\/11\\\/Jose-Pradel-B.jpg\",\"width\":1200,\"height\":628},{\"@type\":\"BreadcrumbList\",\"@id\":\"https:\\\/\\\/www.eldiario.net\\\/portal\\\/2026\\\/07\\\/08\\\/el-olvidado-pedro-kramer-prometedor-intelectual-boliviano\\\/#breadcrumb\",\"itemListElement\":[{\"@type\":\"ListItem\",\"position\":1,\"name\":\"Portada\",\"item\":\"https:\\\/\\\/www.eldiario.net\\\/portal\\\/\"},{\"@type\":\"ListItem\",\"position\":2,\"name\":\"El olvidado Pedro Kramer, prometedor intelectual boliviano\"}]},{\"@type\":\"WebSite\",\"@id\":\"https:\\\/\\\/www.eldiario.net\\\/portal\\\/#website\",\"url\":\"https:\\\/\\\/www.eldiario.net\\\/portal\\\/\",\"name\":\"El Diario - Decano de la prensa nacional\",\"description\":\"El Diario - Decano de la prensa nacional\",\"publisher\":{\"@id\":\"https:\\\/\\\/www.eldiario.net\\\/portal\\\/#organization\"},\"potentialAction\":[{\"@type\":\"SearchAction\",\"target\":{\"@type\":\"EntryPoint\",\"urlTemplate\":\"https:\\\/\\\/www.eldiario.net\\\/portal\\\/?s={search_term_string}\"},\"query-input\":{\"@type\":\"PropertyValueSpecification\",\"valueRequired\":true,\"valueName\":\"search_term_string\"}}],\"inLanguage\":\"es\"},{\"@type\":\"Organization\",\"@id\":\"https:\\\/\\\/www.eldiario.net\\\/portal\\\/#organization\",\"name\":\"El Diario - Decano de la prensa nacional\",\"url\":\"https:\\\/\\\/www.eldiario.net\\\/portal\\\/\",\"logo\":{\"@type\":\"ImageObject\",\"inLanguage\":\"es\",\"@id\":\"https:\\\/\\\/www.eldiario.net\\\/portal\\\/#\\\/schema\\\/logo\\\/image\\\/\",\"url\":\"https:\\\/\\\/www.eldiario.net\\\/portal\\\/wp-content\\\/uploads\\\/2023\\\/07\\\/logo_ED.jpg\",\"contentUrl\":\"https:\\\/\\\/www.eldiario.net\\\/portal\\\/wp-content\\\/uploads\\\/2023\\\/07\\\/logo_ED.jpg\",\"width\":272,\"height\":52,\"caption\":\"El Diario - Decano de la prensa nacional\"},\"image\":{\"@id\":\"https:\\\/\\\/www.eldiario.net\\\/portal\\\/#\\\/schema\\\/logo\\\/image\\\/\"},\"sameAs\":[\"https:\\\/\\\/www.facebook.com\\\/eldiario.bolivia\\\/\",\"https:\\\/\\\/x.com\\\/eldiario_net\"]},{\"@type\":\"Person\",\"@id\":\"https:\\\/\\\/www.eldiario.net\\\/portal\\\/#\\\/schema\\\/person\\\/2c57cf2b7a7ae032e449e4c9b1019eac\",\"name\":\"Jeanette\",\"image\":{\"@type\":\"ImageObject\",\"inLanguage\":\"es\",\"@id\":\"https:\\\/\\\/secure.gravatar.com\\\/avatar\\\/3ea2118a5f7dad2b7138b1187a6b7ee55f160b9968b66013c3a3ef39dd7e5798?s=96&d=mm&r=g\",\"url\":\"https:\\\/\\\/secure.gravatar.com\\\/avatar\\\/3ea2118a5f7dad2b7138b1187a6b7ee55f160b9968b66013c3a3ef39dd7e5798?s=96&d=mm&r=g\",\"contentUrl\":\"https:\\\/\\\/secure.gravatar.com\\\/avatar\\\/3ea2118a5f7dad2b7138b1187a6b7ee55f160b9968b66013c3a3ef39dd7e5798?s=96&d=mm&r=g\",\"caption\":\"Jeanette\"},\"sameAs\":[\"https:\\\/\\\/www.eldiario.net\\\/portal\"],\"url\":\"https:\\\/\\\/www.eldiario.net\\\/portal\\\/author\\\/jeanette\\\/\"}]}<\/script>\n<!-- \/ Yoast SEO plugin. -->","yoast_head_json":{"title":"El olvidado Pedro Kramer, prometedor intelectual boliviano - El Diario - Bolivia","robots":{"index":"index","follow":"follow","max-snippet":"max-snippet:-1","max-image-preview":"max-image-preview:large","max-video-preview":"max-video-preview:-1"},"canonical":"https:\/\/www.eldiario.net\/portal\/2026\/07\/08\/el-olvidado-pedro-kramer-prometedor-intelectual-boliviano\/","og_locale":"es_ES","og_type":"article","og_title":"El olvidado Pedro Kramer, prometedor intelectual boliviano - El Diario - Bolivia","og_description":"\u201c&#8230;Por mi telegrama del 27, transmitido por intermedio de la Legaci\u00f3n en Buenos Aires, anunci\u00e9 a Ud. el fallecimiento del Secretario de esta Legaci\u00f3n, acaecido el 20 de diciembre en Manaos&#8230;\u201d. Con estas palabras, el entonces ministro Plenipotenciario de Bolivia en Brasil, Luis Salinas Vega, informaba a las autoridades bolivianas, mediante la nota N\u00b0 49 [&hellip;]","og_url":"https:\/\/www.eldiario.net\/portal\/2026\/07\/08\/el-olvidado-pedro-kramer-prometedor-intelectual-boliviano\/","og_site_name":"El Diario - Bolivia","article_publisher":"https:\/\/www.facebook.com\/eldiario.bolivia\/","article_published_time":"2026-07-08T10:59:15+00:00","og_image":[{"width":1200,"height":628,"url":"https:\/\/www.eldiario.net\/portal\/wp-content\/uploads\/2024\/11\/Jose-Pradel-B.jpg","type":"image\/jpeg"}],"author":"Jeanette","twitter_card":"summary_large_image","twitter_creator":"@eldiario_net","twitter_site":"@eldiario_net","twitter_misc":{"Escrito por":"Jeanette","Tiempo de lectura":"4 minutos"},"schema":{"@context":"https:\/\/schema.org","@graph":[{"@type":"Article","@id":"https:\/\/www.eldiario.net\/portal\/2026\/07\/08\/el-olvidado-pedro-kramer-prometedor-intelectual-boliviano\/#article","isPartOf":{"@id":"https:\/\/www.eldiario.net\/portal\/2026\/07\/08\/el-olvidado-pedro-kramer-prometedor-intelectual-boliviano\/"},"author":{"name":"Jeanette","@id":"https:\/\/www.eldiario.net\/portal\/#\/schema\/person\/2c57cf2b7a7ae032e449e4c9b1019eac"},"headline":"El olvidado Pedro Kramer, prometedor intelectual boliviano","datePublished":"2026-07-08T10:59:15+00:00","mainEntityOfPage":{"@id":"https:\/\/www.eldiario.net\/portal\/2026\/07\/08\/el-olvidado-pedro-kramer-prometedor-intelectual-boliviano\/"},"wordCount":671,"publisher":{"@id":"https:\/\/www.eldiario.net\/portal\/#organization"},"image":{"@id":"https:\/\/www.eldiario.net\/portal\/2026\/07\/08\/el-olvidado-pedro-kramer-prometedor-intelectual-boliviano\/#primaryimage"},"thumbnailUrl":"https:\/\/www.eldiario.net\/portal\/wp-content\/uploads\/2024\/11\/Jose-Pradel-B.jpg","articleSection":["Opini\u00f3n"],"inLanguage":"es"},{"@type":"WebPage","@id":"https:\/\/www.eldiario.net\/portal\/2026\/07\/08\/el-olvidado-pedro-kramer-prometedor-intelectual-boliviano\/","url":"https:\/\/www.eldiario.net\/portal\/2026\/07\/08\/el-olvidado-pedro-kramer-prometedor-intelectual-boliviano\/","name":"El olvidado Pedro Kramer, prometedor intelectual boliviano - El Diario - Bolivia","isPartOf":{"@id":"https:\/\/www.eldiario.net\/portal\/#website"},"primaryImageOfPage":{"@id":"https:\/\/www.eldiario.net\/portal\/2026\/07\/08\/el-olvidado-pedro-kramer-prometedor-intelectual-boliviano\/#primaryimage"},"image":{"@id":"https:\/\/www.eldiario.net\/portal\/2026\/07\/08\/el-olvidado-pedro-kramer-prometedor-intelectual-boliviano\/#primaryimage"},"thumbnailUrl":"https:\/\/www.eldiario.net\/portal\/wp-content\/uploads\/2024\/11\/Jose-Pradel-B.jpg","datePublished":"2026-07-08T10:59:15+00:00","breadcrumb":{"@id":"https:\/\/www.eldiario.net\/portal\/2026\/07\/08\/el-olvidado-pedro-kramer-prometedor-intelectual-boliviano\/#breadcrumb"},"inLanguage":"es","potentialAction":[{"@type":"ReadAction","target":["https:\/\/www.eldiario.net\/portal\/2026\/07\/08\/el-olvidado-pedro-kramer-prometedor-intelectual-boliviano\/"]}]},{"@type":"ImageObject","inLanguage":"es","@id":"https:\/\/www.eldiario.net\/portal\/2026\/07\/08\/el-olvidado-pedro-kramer-prometedor-intelectual-boliviano\/#primaryimage","url":"https:\/\/www.eldiario.net\/portal\/wp-content\/uploads\/2024\/11\/Jose-Pradel-B.jpg","contentUrl":"https:\/\/www.eldiario.net\/portal\/wp-content\/uploads\/2024\/11\/Jose-Pradel-B.jpg","width":1200,"height":628},{"@type":"BreadcrumbList","@id":"https:\/\/www.eldiario.net\/portal\/2026\/07\/08\/el-olvidado-pedro-kramer-prometedor-intelectual-boliviano\/#breadcrumb","itemListElement":[{"@type":"ListItem","position":1,"name":"Portada","item":"https:\/\/www.eldiario.net\/portal\/"},{"@type":"ListItem","position":2,"name":"El olvidado Pedro Kramer, prometedor intelectual boliviano"}]},{"@type":"WebSite","@id":"https:\/\/www.eldiario.net\/portal\/#website","url":"https:\/\/www.eldiario.net\/portal\/","name":"El Diario - Decano de la prensa nacional","description":"El Diario - Decano de la prensa nacional","publisher":{"@id":"https:\/\/www.eldiario.net\/portal\/#organization"},"potentialAction":[{"@type":"SearchAction","target":{"@type":"EntryPoint","urlTemplate":"https:\/\/www.eldiario.net\/portal\/?s={search_term_string}"},"query-input":{"@type":"PropertyValueSpecification","valueRequired":true,"valueName":"search_term_string"}}],"inLanguage":"es"},{"@type":"Organization","@id":"https:\/\/www.eldiario.net\/portal\/#organization","name":"El Diario - Decano de la prensa nacional","url":"https:\/\/www.eldiario.net\/portal\/","logo":{"@type":"ImageObject","inLanguage":"es","@id":"https:\/\/www.eldiario.net\/portal\/#\/schema\/logo\/image\/","url":"https:\/\/www.eldiario.net\/portal\/wp-content\/uploads\/2023\/07\/logo_ED.jpg","contentUrl":"https:\/\/www.eldiario.net\/portal\/wp-content\/uploads\/2023\/07\/logo_ED.jpg","width":272,"height":52,"caption":"El Diario - Decano de la prensa nacional"},"image":{"@id":"https:\/\/www.eldiario.net\/portal\/#\/schema\/logo\/image\/"},"sameAs":["https:\/\/www.facebook.com\/eldiario.bolivia\/","https:\/\/x.com\/eldiario_net"]},{"@type":"Person","@id":"https:\/\/www.eldiario.net\/portal\/#\/schema\/person\/2c57cf2b7a7ae032e449e4c9b1019eac","name":"Jeanette","image":{"@type":"ImageObject","inLanguage":"es","@id":"https:\/\/secure.gravatar.com\/avatar\/3ea2118a5f7dad2b7138b1187a6b7ee55f160b9968b66013c3a3ef39dd7e5798?s=96&d=mm&r=g","url":"https:\/\/secure.gravatar.com\/avatar\/3ea2118a5f7dad2b7138b1187a6b7ee55f160b9968b66013c3a3ef39dd7e5798?s=96&d=mm&r=g","contentUrl":"https:\/\/secure.gravatar.com\/avatar\/3ea2118a5f7dad2b7138b1187a6b7ee55f160b9968b66013c3a3ef39dd7e5798?s=96&d=mm&r=g","caption":"Jeanette"},"sameAs":["https:\/\/www.eldiario.net\/portal"],"url":"https:\/\/www.eldiario.net\/portal\/author\/jeanette\/"}]}},"_links":{"self":[{"href":"https:\/\/www.eldiario.net\/portal\/wp-json\/wp\/v2\/posts\/410798","targetHints":{"allow":["GET"]}}],"collection":[{"href":"https:\/\/www.eldiario.net\/portal\/wp-json\/wp\/v2\/posts"}],"about":[{"href":"https:\/\/www.eldiario.net\/portal\/wp-json\/wp\/v2\/types\/post"}],"author":[{"embeddable":true,"href":"https:\/\/www.eldiario.net\/portal\/wp-json\/wp\/v2\/users\/1"}],"replies":[{"embeddable":true,"href":"https:\/\/www.eldiario.net\/portal\/wp-json\/wp\/v2\/comments?post=410798"}],"version-history":[{"count":1,"href":"https:\/\/www.eldiario.net\/portal\/wp-json\/wp\/v2\/posts\/410798\/revisions"}],"predecessor-version":[{"id":410799,"href":"https:\/\/www.eldiario.net\/portal\/wp-json\/wp\/v2\/posts\/410798\/revisions\/410799"}],"wp:featuredmedia":[{"embeddable":true,"href":"https:\/\/www.eldiario.net\/portal\/wp-json\/wp\/v2\/media\/259492"}],"wp:attachment":[{"href":"https:\/\/www.eldiario.net\/portal\/wp-json\/wp\/v2\/media?parent=410798"}],"wp:term":[{"taxonomy":"category","embeddable":true,"href":"https:\/\/www.eldiario.net\/portal\/wp-json\/wp\/v2\/categories?post=410798"},{"taxonomy":"post_tag","embeddable":true,"href":"https:\/\/www.eldiario.net\/portal\/wp-json\/wp\/v2\/tags?post=410798"}],"curies":[{"name":"wp","href":"https:\/\/api.w.org\/{rel}","templated":true}]}}