{"id":410410,"date":"2026-07-06T23:51:12","date_gmt":"2026-07-07T03:51:12","guid":{"rendered":"https:\/\/www.eldiario.net\/portal\/?p=410410"},"modified":"2026-07-06T23:51:12","modified_gmt":"2026-07-07T03:51:12","slug":"de-ketelaere-golpeo-y-belgica-trunco-la-ilusion-mundialista-de-estados-unidos","status":"publish","type":"post","link":"https:\/\/www.eldiario.net\/portal\/2026\/07\/06\/de-ketelaere-golpeo-y-belgica-trunco-la-ilusion-mundialista-de-estados-unidos\/","title":{"rendered":"De Ketelaere golpe\u00f3 y B\u00e9lgica trunc\u00f3 la ilusi\u00f3n mundialista de Estados Unidos"},"content":{"rendered":"<p>FIFA<\/p>\n<p>B\u00e9lgica derrot\u00f3 por 4-1 a Estados Unidos en el Estadio Seattle, cort\u00f3 la buena racha del seleccionado norteamericano, y se clasific\u00f3 a los cuartos de final de la Copa Mundial de la FIFA 2026.<\/p>\n<p>El conjunto europeo avis\u00f3 con un exigente remate de Timothy Castagne, apenas empezado el encuentro, que deriv\u00f3 en una atajada providencial de Matt Freese para evitar la ca\u00edda de la valla estadounidense. Fue un anticipo de lo que suceder\u00eda poco despu\u00e9s: Raskin, liderando la presi\u00f3n alta, captur\u00f3 un rebote y asisti\u00f3 a De Ketelaere que solo debi\u00f3 definir para poner al elenco belga 1-0 en ventaja.<\/p>\n<p>A los 30 lleg\u00f3 la igualdad del combinado dirigido por Mauricio Pochettino cuando el desarrollo del partido era favorable para B\u00e9lgica. Tillmann ejecut\u00f3 un tiro libre frontal que se desvi\u00f3 en la barrera y descoloc\u00f3 a Courtois. Pero la celebraci\u00f3n de la afici\u00f3n local dur\u00f3 poco: Trossard por izquierda logr\u00f3 desmarcarse de Dest y tir\u00f3 un centro preciso para De Ketelaere, que de cabeza puso el 2-1 en favor del equipo de Rudi Garc\u00eda.<\/p>\n<p>Una desatenci\u00f3n de la l\u00ednea defensiva de Estados Unidos favoreci\u00f3 el tercer tanto belga, a los 10 minutos del complemento: Freese anticip\u00f3 un env\u00edo largo, pero demor\u00f3 en el rechazo y perdi\u00f3 la posesi\u00f3n ante la presi\u00f3n de De Ketelaere, la pelota cay\u00f3 en los pies de Vanaken (que hab\u00eda ingresado por el lesionado Onana) que desde afuera del \u00e1rea le acert\u00f3 a la porter\u00eda vac\u00eda y estir\u00f3 las diferencias en el marcador.<\/p>\n<p>El m\u00e9rito de Los Diablos Rojos fue el de redoblar los esfuerzos y prevalecer en el desarrollo ante un seleccionado estadounidense que, hasta ahora, nunca se hab\u00eda visto acorralado en la actual edici\u00f3n de la Copa Mundial. La frutilla del postre fue el cuarto tanto belga, obra de Lukaku con una excelsa definici\u00f3n, en tiempo adicionado.<\/p>\n<p>B\u00e9lgica sell\u00f3, sin sobresaltos, su clasificaci\u00f3n a los cuartos de final, instancia en la que se medir\u00e1 ante Espa\u00f1a en el Estadio Los \u00c1ngeles. (Foto FIFA)<\/p>\n","protected":false},"excerpt":{"rendered":"<p>FIFA B\u00e9lgica derrot\u00f3 por 4-1 a Estados Unidos en el Estadio Seattle, cort\u00f3 la buena racha del seleccionado norteamericano, y se clasific\u00f3 a los cuartos de final de la Copa Mundial de la FIFA 2026. El conjunto europeo avis\u00f3 con un exigente remate de Timothy Castagne, apenas empezado el encuentro, que deriv\u00f3 en una atajada [&hellip;]<\/p>\n","protected":false},"author":3,"featured_media":410411,"comment_status":"closed","ping_status":"open","sticky":false,"template":"","format":"standard","meta":{"_acf_changed":false,"footnotes":""},"categories":[6],"tags":[],"class_list":["post-410410","post","type-post","status-publish","format-standard","has-post-thumbnail","category-deportes"],"acf":{"antetitulo":""},"yoast_head":"<!-- This site is optimized with the Yoast SEO plugin v28.3 - https:\/\/yoast.com\/product\/yoast-seo-wordpress\/ -->\n<title>De Ketelaere golpe\u00f3 y B\u00e9lgica trunc\u00f3 la ilusi\u00f3n mundialista de Estados Unidos - El Diario - Bolivia<\/title>\n<meta name=\"robots\" content=\"index, follow, max-snippet:-1, max-image-preview:large, max-video-preview:-1\" \/>\n<link rel=\"canonical\" href=\"https:\/\/www.eldiario.net\/portal\/2026\/07\/06\/de-ketelaere-golpeo-y-belgica-trunco-la-ilusion-mundialista-de-estados-unidos\/\" \/>\n<meta property=\"og:locale\" content=\"es_ES\" \/>\n<meta property=\"og:type\" content=\"article\" \/>\n<meta property=\"og:title\" content=\"De Ketelaere golpe\u00f3 y B\u00e9lgica trunc\u00f3 la ilusi\u00f3n mundialista de Estados Unidos - El Diario - Bolivia\" \/>\n<meta property=\"og:description\" content=\"FIFA B\u00e9lgica derrot\u00f3 por 4-1 a Estados Unidos en el Estadio Seattle, cort\u00f3 la buena racha del seleccionado norteamericano, y se clasific\u00f3 a los cuartos de final de la Copa Mundial de la FIFA 2026. El conjunto europeo avis\u00f3 con un exigente remate de Timothy Castagne, apenas empezado el encuentro, que deriv\u00f3 en una atajada [&hellip;]\" \/>\n<meta property=\"og:url\" content=\"https:\/\/www.eldiario.net\/portal\/2026\/07\/06\/de-ketelaere-golpeo-y-belgica-trunco-la-ilusion-mundialista-de-estados-unidos\/\" \/>\n<meta property=\"og:site_name\" content=\"El Diario - Bolivia\" \/>\n<meta property=\"article:publisher\" content=\"https:\/\/www.facebook.com\/eldiario.bolivia\/\" \/>\n<meta property=\"article:published_time\" content=\"2026-07-07T03:51:12+00:00\" \/>\n<meta property=\"og:image\" content=\"https:\/\/www.eldiario.net\/portal\/wp-content\/uploads\/2026\/07\/belgium.webp\" \/>\n\t<meta property=\"og:image:width\" content=\"1080\" \/>\n\t<meta property=\"og:image:height\" content=\"816\" \/>\n\t<meta property=\"og:image:type\" content=\"image\/webp\" \/>\n<meta name=\"author\" content=\"Jhonny Mollinedo\" \/>\n<meta name=\"twitter:card\" content=\"summary_large_image\" \/>\n<meta name=\"twitter:creator\" content=\"@eldiario_net\" \/>\n<meta name=\"twitter:site\" content=\"@eldiario_net\" \/>\n<meta name=\"twitter:label1\" content=\"Escrito por\" \/>\n\t<meta name=\"twitter:data1\" content=\"Jhonny Mollinedo\" \/>\n\t<meta name=\"twitter:label2\" content=\"Tiempo de lectura\" \/>\n\t<meta name=\"twitter:data2\" content=\"2 minutos\" \/>\n<script type=\"application\/ld+json\" class=\"yoast-schema-graph\">{\"@context\":\"https:\\\/\\\/schema.org\",\"@graph\":[{\"@type\":\"Article\",\"@id\":\"https:\\\/\\\/www.eldiario.net\\\/portal\\\/2026\\\/07\\\/06\\\/de-ketelaere-golpeo-y-belgica-trunco-la-ilusion-mundialista-de-estados-unidos\\\/#article\",\"isPartOf\":{\"@id\":\"https:\\\/\\\/www.eldiario.net\\\/portal\\\/2026\\\/07\\\/06\\\/de-ketelaere-golpeo-y-belgica-trunco-la-ilusion-mundialista-de-estados-unidos\\\/\"},\"author\":{\"name\":\"Jhonny Mollinedo\",\"@id\":\"https:\\\/\\\/www.eldiario.net\\\/portal\\\/#\\\/schema\\\/person\\\/4827a631df9f245a7e27ab829ae89ae3\"},\"headline\":\"De Ketelaere golpe\u00f3 y B\u00e9lgica trunc\u00f3 la ilusi\u00f3n mundialista de Estados Unidos\",\"datePublished\":\"2026-07-07T03:51:12+00:00\",\"mainEntityOfPage\":{\"@id\":\"https:\\\/\\\/www.eldiario.net\\\/portal\\\/2026\\\/07\\\/06\\\/de-ketelaere-golpeo-y-belgica-trunco-la-ilusion-mundialista-de-estados-unidos\\\/\"},\"wordCount\":365,\"publisher\":{\"@id\":\"https:\\\/\\\/www.eldiario.net\\\/portal\\\/#organization\"},\"image\":{\"@id\":\"https:\\\/\\\/www.eldiario.net\\\/portal\\\/2026\\\/07\\\/06\\\/de-ketelaere-golpeo-y-belgica-trunco-la-ilusion-mundialista-de-estados-unidos\\\/#primaryimage\"},\"thumbnailUrl\":\"https:\\\/\\\/www.eldiario.net\\\/portal\\\/wp-content\\\/uploads\\\/2026\\\/07\\\/belgium.webp\",\"articleSection\":[\"Deportes\"],\"inLanguage\":\"es\"},{\"@type\":\"WebPage\",\"@id\":\"https:\\\/\\\/www.eldiario.net\\\/portal\\\/2026\\\/07\\\/06\\\/de-ketelaere-golpeo-y-belgica-trunco-la-ilusion-mundialista-de-estados-unidos\\\/\",\"url\":\"https:\\\/\\\/www.eldiario.net\\\/portal\\\/2026\\\/07\\\/06\\\/de-ketelaere-golpeo-y-belgica-trunco-la-ilusion-mundialista-de-estados-unidos\\\/\",\"name\":\"De Ketelaere golpe\u00f3 y B\u00e9lgica trunc\u00f3 la ilusi\u00f3n mundialista de Estados Unidos - El Diario - Bolivia\",\"isPartOf\":{\"@id\":\"https:\\\/\\\/www.eldiario.net\\\/portal\\\/#website\"},\"primaryImageOfPage\":{\"@id\":\"https:\\\/\\\/www.eldiario.net\\\/portal\\\/2026\\\/07\\\/06\\\/de-ketelaere-golpeo-y-belgica-trunco-la-ilusion-mundialista-de-estados-unidos\\\/#primaryimage\"},\"image\":{\"@id\":\"https:\\\/\\\/www.eldiario.net\\\/portal\\\/2026\\\/07\\\/06\\\/de-ketelaere-golpeo-y-belgica-trunco-la-ilusion-mundialista-de-estados-unidos\\\/#primaryimage\"},\"thumbnailUrl\":\"https:\\\/\\\/www.eldiario.net\\\/portal\\\/wp-content\\\/uploads\\\/2026\\\/07\\\/belgium.webp\",\"datePublished\":\"2026-07-07T03:51:12+00:00\",\"breadcrumb\":{\"@id\":\"https:\\\/\\\/www.eldiario.net\\\/portal\\\/2026\\\/07\\\/06\\\/de-ketelaere-golpeo-y-belgica-trunco-la-ilusion-mundialista-de-estados-unidos\\\/#breadcrumb\"},\"inLanguage\":\"es\",\"potentialAction\":[{\"@type\":\"ReadAction\",\"target\":[\"https:\\\/\\\/www.eldiario.net\\\/portal\\\/2026\\\/07\\\/06\\\/de-ketelaere-golpeo-y-belgica-trunco-la-ilusion-mundialista-de-estados-unidos\\\/\"]}]},{\"@type\":\"ImageObject\",\"inLanguage\":\"es\",\"@id\":\"https:\\\/\\\/www.eldiario.net\\\/portal\\\/2026\\\/07\\\/06\\\/de-ketelaere-golpeo-y-belgica-trunco-la-ilusion-mundialista-de-estados-unidos\\\/#primaryimage\",\"url\":\"https:\\\/\\\/www.eldiario.net\\\/portal\\\/wp-content\\\/uploads\\\/2026\\\/07\\\/belgium.webp\",\"contentUrl\":\"https:\\\/\\\/www.eldiario.net\\\/portal\\\/wp-content\\\/uploads\\\/2026\\\/07\\\/belgium.webp\",\"width\":1080,\"height\":816},{\"@type\":\"BreadcrumbList\",\"@id\":\"https:\\\/\\\/www.eldiario.net\\\/portal\\\/2026\\\/07\\\/06\\\/de-ketelaere-golpeo-y-belgica-trunco-la-ilusion-mundialista-de-estados-unidos\\\/#breadcrumb\",\"itemListElement\":[{\"@type\":\"ListItem\",\"position\":1,\"name\":\"Portada\",\"item\":\"https:\\\/\\\/www.eldiario.net\\\/portal\\\/\"},{\"@type\":\"ListItem\",\"position\":2,\"name\":\"De Ketelaere golpe\u00f3 y B\u00e9lgica trunc\u00f3 la ilusi\u00f3n mundialista de Estados Unidos\"}]},{\"@type\":\"WebSite\",\"@id\":\"https:\\\/\\\/www.eldiario.net\\\/portal\\\/#website\",\"url\":\"https:\\\/\\\/www.eldiario.net\\\/portal\\\/\",\"name\":\"El Diario - Decano de la prensa nacional\",\"description\":\"El Diario - Decano de la prensa nacional\",\"publisher\":{\"@id\":\"https:\\\/\\\/www.eldiario.net\\\/portal\\\/#organization\"},\"potentialAction\":[{\"@type\":\"SearchAction\",\"target\":{\"@type\":\"EntryPoint\",\"urlTemplate\":\"https:\\\/\\\/www.eldiario.net\\\/portal\\\/?s={search_term_string}\"},\"query-input\":{\"@type\":\"PropertyValueSpecification\",\"valueRequired\":true,\"valueName\":\"search_term_string\"}}],\"inLanguage\":\"es\"},{\"@type\":\"Organization\",\"@id\":\"https:\\\/\\\/www.eldiario.net\\\/portal\\\/#organization\",\"name\":\"El Diario - Decano de la prensa nacional\",\"url\":\"https:\\\/\\\/www.eldiario.net\\\/portal\\\/\",\"logo\":{\"@type\":\"ImageObject\",\"inLanguage\":\"es\",\"@id\":\"https:\\\/\\\/www.eldiario.net\\\/portal\\\/#\\\/schema\\\/logo\\\/image\\\/\",\"url\":\"https:\\\/\\\/www.eldiario.net\\\/portal\\\/wp-content\\\/uploads\\\/2023\\\/07\\\/logo_ED.jpg\",\"contentUrl\":\"https:\\\/\\\/www.eldiario.net\\\/portal\\\/wp-content\\\/uploads\\\/2023\\\/07\\\/logo_ED.jpg\",\"width\":272,\"height\":52,\"caption\":\"El Diario - Decano de la prensa nacional\"},\"image\":{\"@id\":\"https:\\\/\\\/www.eldiario.net\\\/portal\\\/#\\\/schema\\\/logo\\\/image\\\/\"},\"sameAs\":[\"https:\\\/\\\/www.facebook.com\\\/eldiario.bolivia\\\/\",\"https:\\\/\\\/x.com\\\/eldiario_net\"]},{\"@type\":\"Person\",\"@id\":\"https:\\\/\\\/www.eldiario.net\\\/portal\\\/#\\\/schema\\\/person\\\/4827a631df9f245a7e27ab829ae89ae3\",\"name\":\"Jhonny Mollinedo\",\"image\":{\"@type\":\"ImageObject\",\"inLanguage\":\"es\",\"@id\":\"https:\\\/\\\/secure.gravatar.com\\\/avatar\\\/3ea2118a5f7dad2b7138b1187a6b7ee55f160b9968b66013c3a3ef39dd7e5798?s=96&d=mm&r=g\",\"url\":\"https:\\\/\\\/secure.gravatar.com\\\/avatar\\\/3ea2118a5f7dad2b7138b1187a6b7ee55f160b9968b66013c3a3ef39dd7e5798?s=96&d=mm&r=g\",\"contentUrl\":\"https:\\\/\\\/secure.gravatar.com\\\/avatar\\\/3ea2118a5f7dad2b7138b1187a6b7ee55f160b9968b66013c3a3ef39dd7e5798?s=96&d=mm&r=g\",\"caption\":\"Jhonny Mollinedo\"},\"url\":\"https:\\\/\\\/www.eldiario.net\\\/portal\\\/author\\\/deportes\\\/\"}]}<\/script>\n<!-- \/ Yoast SEO plugin. -->","yoast_head_json":{"title":"De Ketelaere golpe\u00f3 y B\u00e9lgica trunc\u00f3 la ilusi\u00f3n mundialista de Estados Unidos - El Diario - Bolivia","robots":{"index":"index","follow":"follow","max-snippet":"max-snippet:-1","max-image-preview":"max-image-preview:large","max-video-preview":"max-video-preview:-1"},"canonical":"https:\/\/www.eldiario.net\/portal\/2026\/07\/06\/de-ketelaere-golpeo-y-belgica-trunco-la-ilusion-mundialista-de-estados-unidos\/","og_locale":"es_ES","og_type":"article","og_title":"De Ketelaere golpe\u00f3 y B\u00e9lgica trunc\u00f3 la ilusi\u00f3n mundialista de Estados Unidos - El Diario - Bolivia","og_description":"FIFA B\u00e9lgica derrot\u00f3 por 4-1 a Estados Unidos en el Estadio Seattle, cort\u00f3 la buena racha del seleccionado norteamericano, y se clasific\u00f3 a los cuartos de final de la Copa Mundial de la FIFA 2026. El conjunto europeo avis\u00f3 con un exigente remate de Timothy Castagne, apenas empezado el encuentro, que deriv\u00f3 en una atajada [&hellip;]","og_url":"https:\/\/www.eldiario.net\/portal\/2026\/07\/06\/de-ketelaere-golpeo-y-belgica-trunco-la-ilusion-mundialista-de-estados-unidos\/","og_site_name":"El Diario - Bolivia","article_publisher":"https:\/\/www.facebook.com\/eldiario.bolivia\/","article_published_time":"2026-07-07T03:51:12+00:00","og_image":[{"width":1080,"height":816,"url":"https:\/\/www.eldiario.net\/portal\/wp-content\/uploads\/2026\/07\/belgium.webp","type":"image\/webp"}],"author":"Jhonny Mollinedo","twitter_card":"summary_large_image","twitter_creator":"@eldiario_net","twitter_site":"@eldiario_net","twitter_misc":{"Escrito por":"Jhonny Mollinedo","Tiempo de lectura":"2 minutos"},"schema":{"@context":"https:\/\/schema.org","@graph":[{"@type":"Article","@id":"https:\/\/www.eldiario.net\/portal\/2026\/07\/06\/de-ketelaere-golpeo-y-belgica-trunco-la-ilusion-mundialista-de-estados-unidos\/#article","isPartOf":{"@id":"https:\/\/www.eldiario.net\/portal\/2026\/07\/06\/de-ketelaere-golpeo-y-belgica-trunco-la-ilusion-mundialista-de-estados-unidos\/"},"author":{"name":"Jhonny Mollinedo","@id":"https:\/\/www.eldiario.net\/portal\/#\/schema\/person\/4827a631df9f245a7e27ab829ae89ae3"},"headline":"De Ketelaere golpe\u00f3 y B\u00e9lgica trunc\u00f3 la ilusi\u00f3n mundialista de Estados Unidos","datePublished":"2026-07-07T03:51:12+00:00","mainEntityOfPage":{"@id":"https:\/\/www.eldiario.net\/portal\/2026\/07\/06\/de-ketelaere-golpeo-y-belgica-trunco-la-ilusion-mundialista-de-estados-unidos\/"},"wordCount":365,"publisher":{"@id":"https:\/\/www.eldiario.net\/portal\/#organization"},"image":{"@id":"https:\/\/www.eldiario.net\/portal\/2026\/07\/06\/de-ketelaere-golpeo-y-belgica-trunco-la-ilusion-mundialista-de-estados-unidos\/#primaryimage"},"thumbnailUrl":"https:\/\/www.eldiario.net\/portal\/wp-content\/uploads\/2026\/07\/belgium.webp","articleSection":["Deportes"],"inLanguage":"es"},{"@type":"WebPage","@id":"https:\/\/www.eldiario.net\/portal\/2026\/07\/06\/de-ketelaere-golpeo-y-belgica-trunco-la-ilusion-mundialista-de-estados-unidos\/","url":"https:\/\/www.eldiario.net\/portal\/2026\/07\/06\/de-ketelaere-golpeo-y-belgica-trunco-la-ilusion-mundialista-de-estados-unidos\/","name":"De Ketelaere golpe\u00f3 y B\u00e9lgica trunc\u00f3 la ilusi\u00f3n mundialista de Estados Unidos - El Diario - Bolivia","isPartOf":{"@id":"https:\/\/www.eldiario.net\/portal\/#website"},"primaryImageOfPage":{"@id":"https:\/\/www.eldiario.net\/portal\/2026\/07\/06\/de-ketelaere-golpeo-y-belgica-trunco-la-ilusion-mundialista-de-estados-unidos\/#primaryimage"},"image":{"@id":"https:\/\/www.eldiario.net\/portal\/2026\/07\/06\/de-ketelaere-golpeo-y-belgica-trunco-la-ilusion-mundialista-de-estados-unidos\/#primaryimage"},"thumbnailUrl":"https:\/\/www.eldiario.net\/portal\/wp-content\/uploads\/2026\/07\/belgium.webp","datePublished":"2026-07-07T03:51:12+00:00","breadcrumb":{"@id":"https:\/\/www.eldiario.net\/portal\/2026\/07\/06\/de-ketelaere-golpeo-y-belgica-trunco-la-ilusion-mundialista-de-estados-unidos\/#breadcrumb"},"inLanguage":"es","potentialAction":[{"@type":"ReadAction","target":["https:\/\/www.eldiario.net\/portal\/2026\/07\/06\/de-ketelaere-golpeo-y-belgica-trunco-la-ilusion-mundialista-de-estados-unidos\/"]}]},{"@type":"ImageObject","inLanguage":"es","@id":"https:\/\/www.eldiario.net\/portal\/2026\/07\/06\/de-ketelaere-golpeo-y-belgica-trunco-la-ilusion-mundialista-de-estados-unidos\/#primaryimage","url":"https:\/\/www.eldiario.net\/portal\/wp-content\/uploads\/2026\/07\/belgium.webp","contentUrl":"https:\/\/www.eldiario.net\/portal\/wp-content\/uploads\/2026\/07\/belgium.webp","width":1080,"height":816},{"@type":"BreadcrumbList","@id":"https:\/\/www.eldiario.net\/portal\/2026\/07\/06\/de-ketelaere-golpeo-y-belgica-trunco-la-ilusion-mundialista-de-estados-unidos\/#breadcrumb","itemListElement":[{"@type":"ListItem","position":1,"name":"Portada","item":"https:\/\/www.eldiario.net\/portal\/"},{"@type":"ListItem","position":2,"name":"De Ketelaere golpe\u00f3 y B\u00e9lgica trunc\u00f3 la ilusi\u00f3n mundialista de Estados Unidos"}]},{"@type":"WebSite","@id":"https:\/\/www.eldiario.net\/portal\/#website","url":"https:\/\/www.eldiario.net\/portal\/","name":"El Diario - Decano de la prensa nacional","description":"El Diario - Decano de la prensa nacional","publisher":{"@id":"https:\/\/www.eldiario.net\/portal\/#organization"},"potentialAction":[{"@type":"SearchAction","target":{"@type":"EntryPoint","urlTemplate":"https:\/\/www.eldiario.net\/portal\/?s={search_term_string}"},"query-input":{"@type":"PropertyValueSpecification","valueRequired":true,"valueName":"search_term_string"}}],"inLanguage":"es"},{"@type":"Organization","@id":"https:\/\/www.eldiario.net\/portal\/#organization","name":"El Diario - Decano de la prensa nacional","url":"https:\/\/www.eldiario.net\/portal\/","logo":{"@type":"ImageObject","inLanguage":"es","@id":"https:\/\/www.eldiario.net\/portal\/#\/schema\/logo\/image\/","url":"https:\/\/www.eldiario.net\/portal\/wp-content\/uploads\/2023\/07\/logo_ED.jpg","contentUrl":"https:\/\/www.eldiario.net\/portal\/wp-content\/uploads\/2023\/07\/logo_ED.jpg","width":272,"height":52,"caption":"El Diario - Decano de la prensa nacional"},"image":{"@id":"https:\/\/www.eldiario.net\/portal\/#\/schema\/logo\/image\/"},"sameAs":["https:\/\/www.facebook.com\/eldiario.bolivia\/","https:\/\/x.com\/eldiario_net"]},{"@type":"Person","@id":"https:\/\/www.eldiario.net\/portal\/#\/schema\/person\/4827a631df9f245a7e27ab829ae89ae3","name":"Jhonny Mollinedo","image":{"@type":"ImageObject","inLanguage":"es","@id":"https:\/\/secure.gravatar.com\/avatar\/3ea2118a5f7dad2b7138b1187a6b7ee55f160b9968b66013c3a3ef39dd7e5798?s=96&d=mm&r=g","url":"https:\/\/secure.gravatar.com\/avatar\/3ea2118a5f7dad2b7138b1187a6b7ee55f160b9968b66013c3a3ef39dd7e5798?s=96&d=mm&r=g","contentUrl":"https:\/\/secure.gravatar.com\/avatar\/3ea2118a5f7dad2b7138b1187a6b7ee55f160b9968b66013c3a3ef39dd7e5798?s=96&d=mm&r=g","caption":"Jhonny Mollinedo"},"url":"https:\/\/www.eldiario.net\/portal\/author\/deportes\/"}]}},"_links":{"self":[{"href":"https:\/\/www.eldiario.net\/portal\/wp-json\/wp\/v2\/posts\/410410","targetHints":{"allow":["GET"]}}],"collection":[{"href":"https:\/\/www.eldiario.net\/portal\/wp-json\/wp\/v2\/posts"}],"about":[{"href":"https:\/\/www.eldiario.net\/portal\/wp-json\/wp\/v2\/types\/post"}],"author":[{"embeddable":true,"href":"https:\/\/www.eldiario.net\/portal\/wp-json\/wp\/v2\/users\/3"}],"replies":[{"embeddable":true,"href":"https:\/\/www.eldiario.net\/portal\/wp-json\/wp\/v2\/comments?post=410410"}],"version-history":[{"count":1,"href":"https:\/\/www.eldiario.net\/portal\/wp-json\/wp\/v2\/posts\/410410\/revisions"}],"predecessor-version":[{"id":410412,"href":"https:\/\/www.eldiario.net\/portal\/wp-json\/wp\/v2\/posts\/410410\/revisions\/410412"}],"wp:featuredmedia":[{"embeddable":true,"href":"https:\/\/www.eldiario.net\/portal\/wp-json\/wp\/v2\/media\/410411"}],"wp:attachment":[{"href":"https:\/\/www.eldiario.net\/portal\/wp-json\/wp\/v2\/media?parent=410410"}],"wp:term":[{"taxonomy":"category","embeddable":true,"href":"https:\/\/www.eldiario.net\/portal\/wp-json\/wp\/v2\/categories?post=410410"},{"taxonomy":"post_tag","embeddable":true,"href":"https:\/\/www.eldiario.net\/portal\/wp-json\/wp\/v2\/tags?post=410410"}],"curies":[{"name":"wp","href":"https:\/\/api.w.org\/{rel}","templated":true}]}}