{"id":410376,"date":"2026-07-07T00:03:59","date_gmt":"2026-07-07T04:03:59","guid":{"rendered":"https:\/\/www.eldiario.net\/portal\/?p=410376"},"modified":"2026-07-06T22:05:06","modified_gmt":"2026-07-07T02:05:06","slug":"el-decreto-que-no-pudo-borrar-la-cuna","status":"publish","type":"post","link":"https:\/\/www.eldiario.net\/portal\/2026\/07\/07\/el-decreto-que-no-pudo-borrar-la-cuna\/","title":{"rendered":"El decreto que no pudo borrar la cuna"},"content":{"rendered":"<p>En un pa\u00eds como el nuestro, donde el sometimiento de la justicia al poder pol\u00edtico es casi una tradici\u00f3n, resulta inusual ser testigo de decisiones gubernamentales que, al someterse a la competencia jurisdiccional, obliguen al Ejecutivo a actuar como cualquier particular despojado de privilegios. Sin embargo, la realidad demuestra que incluso en naciones con democracias consolidadas como los Estados Unidos de Norteam\u00e9rica, persiste la tendencia al favorecimiento por parte de agentes judiciales que guardan un \u201cdeber\u201d de reciprocidad con quienes los encumbraron como magistrados del m\u00e1s alto nivel.<\/p>\n<p>Y es que, efectivamente, el pasado 30 de junio, el TSJ de Estados Unidos bloque\u00f3 una decisi\u00f3n pol\u00edtica del presidente Donald Trump; una medida inapelable desde el punto de vista ideol\u00f3gico que pretend\u00eda restringir la ciudadan\u00eda por nacimiento, lo que en el fondo significaba castigar a como d\u00e9 lugar la migraci\u00f3n de personas con permanencia temporal, principalmente de procedencia latina.<\/p>\n<p>El hist\u00f3rico fallo dictado por el tribunal colegiado marca un antes y un despu\u00e9s en el pol\u00e9mico debate sobre el derecho universal de los seres humanos a habitar all\u00e1 donde mejor les convenga, previo cumplimiento, por supuesto, de ciertos presupuestos jur\u00eddicos de cada Estado, siempre y cuando estos no se opongan a los derechos humanos ni a la l\u00f3gica que debe primar en la adopci\u00f3n de cualquier norma para integrarse al derecho positivo dentro de los l\u00edmites territoriales.<\/p>\n<p>Aunque un tercio del m\u00e1s alto tribunal prefiri\u00f3 congraciarse con quien los nomin\u00f3 para ocupar un curul en el Supreme Court Building \u2014dando la raz\u00f3n a una tendencia m\u00e1s propia de la Edad Media que del siglo XXI\u2014, la mayor\u00eda de la Corte Suprema hizo historia al defender la ciudadan\u00eda por nacimiento. En el caso Trump v. B\u00e1rbara, el tribunal anul\u00f3 por una mayor\u00eda de 6 contra 3 la orden ejecutiva que el mandatario firm\u00f3 el 20 de enero de 2025, reafirmando que la Decimocuarta Enmienda constitucional garantiza que todo ni\u00f1o nacido en suelo estadounidense es ciudadano autom\u00e1tico, independientemente del estatus migratorio de sus padres.<\/p>\n<p>En primer t\u00e9rmino, este fallo judicial impone un l\u00edmite infranqueable al \u00abdecreto\u00bb frente a la Constituci\u00f3n, erigi\u00e9ndose como un documento reflexivo sobre el equilibrio de poderes y el valor de la seguridad jur\u00eddica; un horizonte al que, de acuerdo con nuestra propia historia pol\u00edtica, aspiramos llegar alg\u00fan d\u00eda. Un presidente, por m\u00e1s popular o poderoso que sea, no puede borrar un derecho constitucional mediante una norma de rango muy inferior, como lo es un decreto. La m\u00e1s alta autoridad del tribunal sustent\u00f3 el fallo en una consideraci\u00f3n de profundo valor axiol\u00f3gico: la Constituci\u00f3n es una \u201cpromesa\u201d que los gobernantes est\u00e1n obligados a mantener.<\/p>\n<p>Esto \u00faltimo trae a colaci\u00f3n un paralelismo conceptual: las democracias saludables necesitan contrapesos judiciales fuertes para frenar los excesos del presidencialismo, una asignatura que en nuestro contexto sigue pendiente desde la misma fundaci\u00f3n de la rep\u00fablica.<\/p>\n<p>Volviendo al culmen del fallo y a la trascendencia que de \u00e9l se deriva, el derecho de suelo (jus soli) es el est\u00e1ndar humanitario de casi toda Am\u00e9rica Latina y el continente americano, una coraza que protege la identidad de las personas frente a los vaivenes ideol\u00f3gicos de los gobiernos de turno. Causa estupor pensar que, de haberse validado el plan de Trump, m\u00e1s de un cuarto de mill\u00f3n de ni\u00f1os nacidos al a\u00f1o habr\u00edan quedado en un limbo legal, convertidos en ap\u00e1tridas, despojados de su origen ciudadano y condenados a vivir en una nube de incertidumbre. Este fallo, afortunadamente, contrasta con el restrictivo modelo europeo del derecho de sangre.<\/p>\n<p>M\u00e1s all\u00e1 de sus cimientos legales, el fallo impacta directamente en la realidad socioecon\u00f3mica de una buena parte de las familias latinoamericanas. La jurisdicci\u00f3n ordinaria ha comprendido correctamente que ninguna restricci\u00f3n extrema puede frenar la fuerza de la migraci\u00f3n, y que tales medidas solo consiguen precarizar la vida de las futuras generaciones que ya nacen y crecen en el pa\u00eds receptor.<\/p>\n<p>Es seguro que la Administraci\u00f3n Trump no se quedar\u00e1 de brazos cruzados ante este rev\u00e9s judicial. De hecho, ya ha tomado medidas dentro de sus competencias para endurecer las condiciones de vida de ciertos segmentos de indocumentados. Sin embargo, esta decisi\u00f3n judicial ya ha sido consagrada como una victoria de los derechos civiles y un triunfo del humanismo sobre la xenofobia. La ciudadan\u00eda de los ni\u00f1os nacidos all\u00e1 permanece intocable, lo que constituye un alivio silencioso que abraza a miles de hogares desde M\u00e9xico hasta la Tierra del Fuego, record\u00e1ndoles que su destino no tiene por qu\u00e9 depender del humor del inquilino de la Casa Blanca.<\/p>\n<p>&nbsp;<\/p>\n<p><em>Augusto Vera Riveros es abogado.<\/em><\/p>\n","protected":false},"excerpt":{"rendered":"<p>En un pa\u00eds como el nuestro, donde el sometimiento de la justicia al poder pol\u00edtico es casi una tradici\u00f3n, resulta inusual ser testigo de decisiones gubernamentales que, al someterse a la competencia jurisdiccional, obliguen al Ejecutivo a actuar como cualquier particular despojado de privilegios. Sin embargo, la realidad demuestra que incluso en naciones con democracias [&hellip;]<\/p>\n","protected":false},"author":1,"featured_media":158120,"comment_status":"closed","ping_status":"open","sticky":false,"template":"","format":"standard","meta":{"_acf_changed":false,"footnotes":""},"categories":[9],"tags":[],"class_list":["post-410376","post","type-post","status-publish","format-standard","has-post-thumbnail","category-opinion"],"acf":{"antetitulo":"Contra viento y marea"},"yoast_head":"<!-- This site is optimized with the Yoast SEO plugin v28.3 - https:\/\/yoast.com\/product\/yoast-seo-wordpress\/ -->\n<title>El decreto que no pudo borrar la cuna - El Diario - Bolivia<\/title>\n<meta name=\"robots\" content=\"index, follow, max-snippet:-1, max-image-preview:large, max-video-preview:-1\" \/>\n<link rel=\"canonical\" href=\"https:\/\/www.eldiario.net\/portal\/2026\/07\/07\/el-decreto-que-no-pudo-borrar-la-cuna\/\" \/>\n<meta property=\"og:locale\" content=\"es_ES\" \/>\n<meta property=\"og:type\" content=\"article\" \/>\n<meta property=\"og:title\" content=\"El decreto que no pudo borrar la cuna - El Diario - Bolivia\" \/>\n<meta property=\"og:description\" content=\"En un pa\u00eds como el nuestro, donde el sometimiento de la justicia al poder pol\u00edtico es casi una tradici\u00f3n, resulta inusual ser testigo de decisiones gubernamentales que, al someterse a la competencia jurisdiccional, obliguen al Ejecutivo a actuar como cualquier particular despojado de privilegios. Sin embargo, la realidad demuestra que incluso en naciones con democracias [&hellip;]\" \/>\n<meta property=\"og:url\" content=\"https:\/\/www.eldiario.net\/portal\/2026\/07\/07\/el-decreto-que-no-pudo-borrar-la-cuna\/\" \/>\n<meta property=\"og:site_name\" content=\"El Diario - Bolivia\" \/>\n<meta property=\"article:publisher\" content=\"https:\/\/www.facebook.com\/eldiario.bolivia\/\" \/>\n<meta property=\"article:published_time\" content=\"2026-07-07T04:03:59+00:00\" \/>\n<meta property=\"og:image\" content=\"https:\/\/www.eldiario.net\/portal\/wp-content\/uploads\/2023\/06\/Augusto-Vera-Riveros.jpg\" \/>\n\t<meta property=\"og:image:width\" content=\"1200\" \/>\n\t<meta property=\"og:image:height\" content=\"628\" \/>\n\t<meta property=\"og:image:type\" content=\"image\/jpeg\" \/>\n<meta name=\"author\" content=\"Jeanette\" \/>\n<meta name=\"twitter:card\" content=\"summary_large_image\" \/>\n<meta name=\"twitter:creator\" content=\"@eldiario_net\" \/>\n<meta name=\"twitter:site\" content=\"@eldiario_net\" \/>\n<meta name=\"twitter:label1\" content=\"Escrito por\" \/>\n\t<meta name=\"twitter:data1\" content=\"Jeanette\" \/>\n\t<meta name=\"twitter:label2\" content=\"Tiempo de lectura\" \/>\n\t<meta name=\"twitter:data2\" content=\"4 minutos\" \/>\n<script type=\"application\/ld+json\" class=\"yoast-schema-graph\">{\"@context\":\"https:\\\/\\\/schema.org\",\"@graph\":[{\"@type\":\"Article\",\"@id\":\"https:\\\/\\\/www.eldiario.net\\\/portal\\\/2026\\\/07\\\/07\\\/el-decreto-que-no-pudo-borrar-la-cuna\\\/#article\",\"isPartOf\":{\"@id\":\"https:\\\/\\\/www.eldiario.net\\\/portal\\\/2026\\\/07\\\/07\\\/el-decreto-que-no-pudo-borrar-la-cuna\\\/\"},\"author\":{\"name\":\"Jeanette\",\"@id\":\"https:\\\/\\\/www.eldiario.net\\\/portal\\\/#\\\/schema\\\/person\\\/f46445640444750d7d753ccd04ae01b7\"},\"headline\":\"El decreto que no pudo borrar la cuna\",\"datePublished\":\"2026-07-07T04:03:59+00:00\",\"mainEntityOfPage\":{\"@id\":\"https:\\\/\\\/www.eldiario.net\\\/portal\\\/2026\\\/07\\\/07\\\/el-decreto-que-no-pudo-borrar-la-cuna\\\/\"},\"wordCount\":822,\"publisher\":{\"@id\":\"https:\\\/\\\/www.eldiario.net\\\/portal\\\/#organization\"},\"image\":{\"@id\":\"https:\\\/\\\/www.eldiario.net\\\/portal\\\/2026\\\/07\\\/07\\\/el-decreto-que-no-pudo-borrar-la-cuna\\\/#primaryimage\"},\"thumbnailUrl\":\"https:\\\/\\\/www.eldiario.net\\\/portal\\\/wp-content\\\/uploads\\\/2023\\\/06\\\/Augusto-Vera-Riveros.jpg\",\"articleSection\":[\"Opini\u00f3n\"],\"inLanguage\":\"es\"},{\"@type\":\"WebPage\",\"@id\":\"https:\\\/\\\/www.eldiario.net\\\/portal\\\/2026\\\/07\\\/07\\\/el-decreto-que-no-pudo-borrar-la-cuna\\\/\",\"url\":\"https:\\\/\\\/www.eldiario.net\\\/portal\\\/2026\\\/07\\\/07\\\/el-decreto-que-no-pudo-borrar-la-cuna\\\/\",\"name\":\"El decreto que no pudo borrar la cuna - El Diario - Bolivia\",\"isPartOf\":{\"@id\":\"https:\\\/\\\/www.eldiario.net\\\/portal\\\/#website\"},\"primaryImageOfPage\":{\"@id\":\"https:\\\/\\\/www.eldiario.net\\\/portal\\\/2026\\\/07\\\/07\\\/el-decreto-que-no-pudo-borrar-la-cuna\\\/#primaryimage\"},\"image\":{\"@id\":\"https:\\\/\\\/www.eldiario.net\\\/portal\\\/2026\\\/07\\\/07\\\/el-decreto-que-no-pudo-borrar-la-cuna\\\/#primaryimage\"},\"thumbnailUrl\":\"https:\\\/\\\/www.eldiario.net\\\/portal\\\/wp-content\\\/uploads\\\/2023\\\/06\\\/Augusto-Vera-Riveros.jpg\",\"datePublished\":\"2026-07-07T04:03:59+00:00\",\"breadcrumb\":{\"@id\":\"https:\\\/\\\/www.eldiario.net\\\/portal\\\/2026\\\/07\\\/07\\\/el-decreto-que-no-pudo-borrar-la-cuna\\\/#breadcrumb\"},\"inLanguage\":\"es\",\"potentialAction\":[{\"@type\":\"ReadAction\",\"target\":[\"https:\\\/\\\/www.eldiario.net\\\/portal\\\/2026\\\/07\\\/07\\\/el-decreto-que-no-pudo-borrar-la-cuna\\\/\"]}]},{\"@type\":\"ImageObject\",\"inLanguage\":\"es\",\"@id\":\"https:\\\/\\\/www.eldiario.net\\\/portal\\\/2026\\\/07\\\/07\\\/el-decreto-que-no-pudo-borrar-la-cuna\\\/#primaryimage\",\"url\":\"https:\\\/\\\/www.eldiario.net\\\/portal\\\/wp-content\\\/uploads\\\/2023\\\/06\\\/Augusto-Vera-Riveros.jpg\",\"contentUrl\":\"https:\\\/\\\/www.eldiario.net\\\/portal\\\/wp-content\\\/uploads\\\/2023\\\/06\\\/Augusto-Vera-Riveros.jpg\",\"width\":1200,\"height\":628},{\"@type\":\"BreadcrumbList\",\"@id\":\"https:\\\/\\\/www.eldiario.net\\\/portal\\\/2026\\\/07\\\/07\\\/el-decreto-que-no-pudo-borrar-la-cuna\\\/#breadcrumb\",\"itemListElement\":[{\"@type\":\"ListItem\",\"position\":1,\"name\":\"Portada\",\"item\":\"https:\\\/\\\/www.eldiario.net\\\/portal\\\/\"},{\"@type\":\"ListItem\",\"position\":2,\"name\":\"El decreto que no pudo borrar la cuna\"}]},{\"@type\":\"WebSite\",\"@id\":\"https:\\\/\\\/www.eldiario.net\\\/portal\\\/#website\",\"url\":\"https:\\\/\\\/www.eldiario.net\\\/portal\\\/\",\"name\":\"El Diario - Decano de la prensa nacional\",\"description\":\"El Diario - Decano de la prensa nacional\",\"publisher\":{\"@id\":\"https:\\\/\\\/www.eldiario.net\\\/portal\\\/#organization\"},\"potentialAction\":[{\"@type\":\"SearchAction\",\"target\":{\"@type\":\"EntryPoint\",\"urlTemplate\":\"https:\\\/\\\/www.eldiario.net\\\/portal\\\/?s={search_term_string}\"},\"query-input\":{\"@type\":\"PropertyValueSpecification\",\"valueRequired\":true,\"valueName\":\"search_term_string\"}}],\"inLanguage\":\"es\"},{\"@type\":\"Organization\",\"@id\":\"https:\\\/\\\/www.eldiario.net\\\/portal\\\/#organization\",\"name\":\"El Diario - Decano de la prensa nacional\",\"url\":\"https:\\\/\\\/www.eldiario.net\\\/portal\\\/\",\"logo\":{\"@type\":\"ImageObject\",\"inLanguage\":\"es\",\"@id\":\"https:\\\/\\\/www.eldiario.net\\\/portal\\\/#\\\/schema\\\/logo\\\/image\\\/\",\"url\":\"https:\\\/\\\/www.eldiario.net\\\/portal\\\/wp-content\\\/uploads\\\/2023\\\/07\\\/logo_ED.jpg\",\"contentUrl\":\"https:\\\/\\\/www.eldiario.net\\\/portal\\\/wp-content\\\/uploads\\\/2023\\\/07\\\/logo_ED.jpg\",\"width\":272,\"height\":52,\"caption\":\"El Diario - Decano de la prensa nacional\"},\"image\":{\"@id\":\"https:\\\/\\\/www.eldiario.net\\\/portal\\\/#\\\/schema\\\/logo\\\/image\\\/\"},\"sameAs\":[\"https:\\\/\\\/www.facebook.com\\\/eldiario.bolivia\\\/\",\"https:\\\/\\\/x.com\\\/eldiario_net\"]},{\"@type\":\"Person\",\"@id\":\"https:\\\/\\\/www.eldiario.net\\\/portal\\\/#\\\/schema\\\/person\\\/f46445640444750d7d753ccd04ae01b7\",\"name\":\"Jeanette\",\"image\":{\"@type\":\"ImageObject\",\"inLanguage\":\"es\",\"@id\":\"https:\\\/\\\/secure.gravatar.com\\\/avatar\\\/3ea2118a5f7dad2b7138b1187a6b7ee55f160b9968b66013c3a3ef39dd7e5798?s=96&d=mm&r=g\",\"url\":\"https:\\\/\\\/secure.gravatar.com\\\/avatar\\\/3ea2118a5f7dad2b7138b1187a6b7ee55f160b9968b66013c3a3ef39dd7e5798?s=96&d=mm&r=g\",\"contentUrl\":\"https:\\\/\\\/secure.gravatar.com\\\/avatar\\\/3ea2118a5f7dad2b7138b1187a6b7ee55f160b9968b66013c3a3ef39dd7e5798?s=96&d=mm&r=g\",\"caption\":\"Jeanette\"},\"sameAs\":[\"https:\\\/\\\/www.eldiario.net\\\/portal\"],\"url\":\"https:\\\/\\\/www.eldiario.net\\\/portal\\\/author\\\/jeanette\\\/\"}]}<\/script>\n<!-- \/ Yoast SEO plugin. -->","yoast_head_json":{"title":"El decreto que no pudo borrar la cuna - El Diario - Bolivia","robots":{"index":"index","follow":"follow","max-snippet":"max-snippet:-1","max-image-preview":"max-image-preview:large","max-video-preview":"max-video-preview:-1"},"canonical":"https:\/\/www.eldiario.net\/portal\/2026\/07\/07\/el-decreto-que-no-pudo-borrar-la-cuna\/","og_locale":"es_ES","og_type":"article","og_title":"El decreto que no pudo borrar la cuna - El Diario - Bolivia","og_description":"En un pa\u00eds como el nuestro, donde el sometimiento de la justicia al poder pol\u00edtico es casi una tradici\u00f3n, resulta inusual ser testigo de decisiones gubernamentales que, al someterse a la competencia jurisdiccional, obliguen al Ejecutivo a actuar como cualquier particular despojado de privilegios. Sin embargo, la realidad demuestra que incluso en naciones con democracias [&hellip;]","og_url":"https:\/\/www.eldiario.net\/portal\/2026\/07\/07\/el-decreto-que-no-pudo-borrar-la-cuna\/","og_site_name":"El Diario - Bolivia","article_publisher":"https:\/\/www.facebook.com\/eldiario.bolivia\/","article_published_time":"2026-07-07T04:03:59+00:00","og_image":[{"width":1200,"height":628,"url":"https:\/\/www.eldiario.net\/portal\/wp-content\/uploads\/2023\/06\/Augusto-Vera-Riveros.jpg","type":"image\/jpeg"}],"author":"Jeanette","twitter_card":"summary_large_image","twitter_creator":"@eldiario_net","twitter_site":"@eldiario_net","twitter_misc":{"Escrito por":"Jeanette","Tiempo de lectura":"4 minutos"},"schema":{"@context":"https:\/\/schema.org","@graph":[{"@type":"Article","@id":"https:\/\/www.eldiario.net\/portal\/2026\/07\/07\/el-decreto-que-no-pudo-borrar-la-cuna\/#article","isPartOf":{"@id":"https:\/\/www.eldiario.net\/portal\/2026\/07\/07\/el-decreto-que-no-pudo-borrar-la-cuna\/"},"author":{"name":"Jeanette","@id":"https:\/\/www.eldiario.net\/portal\/#\/schema\/person\/f46445640444750d7d753ccd04ae01b7"},"headline":"El decreto que no pudo borrar la cuna","datePublished":"2026-07-07T04:03:59+00:00","mainEntityOfPage":{"@id":"https:\/\/www.eldiario.net\/portal\/2026\/07\/07\/el-decreto-que-no-pudo-borrar-la-cuna\/"},"wordCount":822,"publisher":{"@id":"https:\/\/www.eldiario.net\/portal\/#organization"},"image":{"@id":"https:\/\/www.eldiario.net\/portal\/2026\/07\/07\/el-decreto-que-no-pudo-borrar-la-cuna\/#primaryimage"},"thumbnailUrl":"https:\/\/www.eldiario.net\/portal\/wp-content\/uploads\/2023\/06\/Augusto-Vera-Riveros.jpg","articleSection":["Opini\u00f3n"],"inLanguage":"es"},{"@type":"WebPage","@id":"https:\/\/www.eldiario.net\/portal\/2026\/07\/07\/el-decreto-que-no-pudo-borrar-la-cuna\/","url":"https:\/\/www.eldiario.net\/portal\/2026\/07\/07\/el-decreto-que-no-pudo-borrar-la-cuna\/","name":"El decreto que no pudo borrar la cuna - El Diario - Bolivia","isPartOf":{"@id":"https:\/\/www.eldiario.net\/portal\/#website"},"primaryImageOfPage":{"@id":"https:\/\/www.eldiario.net\/portal\/2026\/07\/07\/el-decreto-que-no-pudo-borrar-la-cuna\/#primaryimage"},"image":{"@id":"https:\/\/www.eldiario.net\/portal\/2026\/07\/07\/el-decreto-que-no-pudo-borrar-la-cuna\/#primaryimage"},"thumbnailUrl":"https:\/\/www.eldiario.net\/portal\/wp-content\/uploads\/2023\/06\/Augusto-Vera-Riveros.jpg","datePublished":"2026-07-07T04:03:59+00:00","breadcrumb":{"@id":"https:\/\/www.eldiario.net\/portal\/2026\/07\/07\/el-decreto-que-no-pudo-borrar-la-cuna\/#breadcrumb"},"inLanguage":"es","potentialAction":[{"@type":"ReadAction","target":["https:\/\/www.eldiario.net\/portal\/2026\/07\/07\/el-decreto-que-no-pudo-borrar-la-cuna\/"]}]},{"@type":"ImageObject","inLanguage":"es","@id":"https:\/\/www.eldiario.net\/portal\/2026\/07\/07\/el-decreto-que-no-pudo-borrar-la-cuna\/#primaryimage","url":"https:\/\/www.eldiario.net\/portal\/wp-content\/uploads\/2023\/06\/Augusto-Vera-Riveros.jpg","contentUrl":"https:\/\/www.eldiario.net\/portal\/wp-content\/uploads\/2023\/06\/Augusto-Vera-Riveros.jpg","width":1200,"height":628},{"@type":"BreadcrumbList","@id":"https:\/\/www.eldiario.net\/portal\/2026\/07\/07\/el-decreto-que-no-pudo-borrar-la-cuna\/#breadcrumb","itemListElement":[{"@type":"ListItem","position":1,"name":"Portada","item":"https:\/\/www.eldiario.net\/portal\/"},{"@type":"ListItem","position":2,"name":"El decreto que no pudo borrar la cuna"}]},{"@type":"WebSite","@id":"https:\/\/www.eldiario.net\/portal\/#website","url":"https:\/\/www.eldiario.net\/portal\/","name":"El Diario - Decano de la prensa nacional","description":"El Diario - Decano de la prensa nacional","publisher":{"@id":"https:\/\/www.eldiario.net\/portal\/#organization"},"potentialAction":[{"@type":"SearchAction","target":{"@type":"EntryPoint","urlTemplate":"https:\/\/www.eldiario.net\/portal\/?s={search_term_string}"},"query-input":{"@type":"PropertyValueSpecification","valueRequired":true,"valueName":"search_term_string"}}],"inLanguage":"es"},{"@type":"Organization","@id":"https:\/\/www.eldiario.net\/portal\/#organization","name":"El Diario - Decano de la prensa nacional","url":"https:\/\/www.eldiario.net\/portal\/","logo":{"@type":"ImageObject","inLanguage":"es","@id":"https:\/\/www.eldiario.net\/portal\/#\/schema\/logo\/image\/","url":"https:\/\/www.eldiario.net\/portal\/wp-content\/uploads\/2023\/07\/logo_ED.jpg","contentUrl":"https:\/\/www.eldiario.net\/portal\/wp-content\/uploads\/2023\/07\/logo_ED.jpg","width":272,"height":52,"caption":"El Diario - Decano de la prensa nacional"},"image":{"@id":"https:\/\/www.eldiario.net\/portal\/#\/schema\/logo\/image\/"},"sameAs":["https:\/\/www.facebook.com\/eldiario.bolivia\/","https:\/\/x.com\/eldiario_net"]},{"@type":"Person","@id":"https:\/\/www.eldiario.net\/portal\/#\/schema\/person\/f46445640444750d7d753ccd04ae01b7","name":"Jeanette","image":{"@type":"ImageObject","inLanguage":"es","@id":"https:\/\/secure.gravatar.com\/avatar\/3ea2118a5f7dad2b7138b1187a6b7ee55f160b9968b66013c3a3ef39dd7e5798?s=96&d=mm&r=g","url":"https:\/\/secure.gravatar.com\/avatar\/3ea2118a5f7dad2b7138b1187a6b7ee55f160b9968b66013c3a3ef39dd7e5798?s=96&d=mm&r=g","contentUrl":"https:\/\/secure.gravatar.com\/avatar\/3ea2118a5f7dad2b7138b1187a6b7ee55f160b9968b66013c3a3ef39dd7e5798?s=96&d=mm&r=g","caption":"Jeanette"},"sameAs":["https:\/\/www.eldiario.net\/portal"],"url":"https:\/\/www.eldiario.net\/portal\/author\/jeanette\/"}]}},"_links":{"self":[{"href":"https:\/\/www.eldiario.net\/portal\/wp-json\/wp\/v2\/posts\/410376","targetHints":{"allow":["GET"]}}],"collection":[{"href":"https:\/\/www.eldiario.net\/portal\/wp-json\/wp\/v2\/posts"}],"about":[{"href":"https:\/\/www.eldiario.net\/portal\/wp-json\/wp\/v2\/types\/post"}],"author":[{"embeddable":true,"href":"https:\/\/www.eldiario.net\/portal\/wp-json\/wp\/v2\/users\/1"}],"replies":[{"embeddable":true,"href":"https:\/\/www.eldiario.net\/portal\/wp-json\/wp\/v2\/comments?post=410376"}],"version-history":[{"count":1,"href":"https:\/\/www.eldiario.net\/portal\/wp-json\/wp\/v2\/posts\/410376\/revisions"}],"predecessor-version":[{"id":410377,"href":"https:\/\/www.eldiario.net\/portal\/wp-json\/wp\/v2\/posts\/410376\/revisions\/410377"}],"wp:featuredmedia":[{"embeddable":true,"href":"https:\/\/www.eldiario.net\/portal\/wp-json\/wp\/v2\/media\/158120"}],"wp:attachment":[{"href":"https:\/\/www.eldiario.net\/portal\/wp-json\/wp\/v2\/media?parent=410376"}],"wp:term":[{"taxonomy":"category","embeddable":true,"href":"https:\/\/www.eldiario.net\/portal\/wp-json\/wp\/v2\/categories?post=410376"},{"taxonomy":"post_tag","embeddable":true,"href":"https:\/\/www.eldiario.net\/portal\/wp-json\/wp\/v2\/tags?post=410376"}],"curies":[{"name":"wp","href":"https:\/\/api.w.org\/{rel}","templated":true}]}}