{"id":410374,"date":"2026-07-07T00:02:47","date_gmt":"2026-07-07T04:02:47","guid":{"rendered":"https:\/\/www.eldiario.net\/portal\/?p=410374"},"modified":"2026-07-06T22:03:48","modified_gmt":"2026-07-07T02:03:48","slug":"multilateralismo-o-injerencia-las-lecciones-de-panama-para-bolivia","status":"publish","type":"post","link":"https:\/\/www.eldiario.net\/portal\/2026\/07\/07\/multilateralismo-o-injerencia-las-lecciones-de-panama-para-bolivia\/","title":{"rendered":"Multilateralismo o injerencia:  las lecciones de Panam\u00e1 para Bolivia"},"content":{"rendered":"<p>El LVI\u00ba Per\u00edodo Ordinario de Sesiones de la Asamblea General de la Organizaci\u00f3n de los Estados Americanos (OEA), realizado del 23 al 25 de junio en Panam\u00e1, dej\u00f3 un mensaje claro para el continente, en un mundo marcado por la incertidumbre, las tensiones geopol\u00edticas, las crisis econ\u00f3micas y los desaf\u00edos transnacionales, el multilateralismo sigue siendo el mejor camino para construir soluciones compartidas.<\/p>\n<p>La reuni\u00f3n hemisf\u00e9rica reafirm\u00f3 la necesidad de fortalecer los mecanismos de cooperaci\u00f3n entre los Estados, promover el di\u00e1logo pol\u00edtico, defender la institucionalidad democr\u00e1tica y enfrentar de manera coordinada problemas que ning\u00fan pa\u00eds puede resolver por s\u00ed solo. La migraci\u00f3n, el narcotr\u00e1fico, el crimen organizado, la seguridad alimentaria, el cambio clim\u00e1tico y el desarrollo econ\u00f3mico exigen respuestas conjuntas y una mayor coordinaci\u00f3n regional.<\/p>\n<p>Para Bolivia, la cita de Panam\u00e1 representa una oportunidad para reflexionar sobre su inserci\u00f3n internacional y el papel que debe desempe\u00f1ar en el escenario hemisf\u00e9rico. Durante a\u00f1os, la pol\u00edtica exterior estuvo marcada por afinidades ideol\u00f3gicas coyunturales que en ocasiones relegaron los intereses permanentes del Estado. Hoy el pa\u00eds necesita una diplomacia moderna, profesional y orientada a resultados concretos para los bolivianos.<\/p>\n<p>El respaldo y la atenci\u00f3n que recibe Bolivia en los foros internacionales deben entenderse como una oportunidad para fortalecer la estabilidad pol\u00edtica, generar confianza y proyectar una imagen de seriedad institucional. Sin embargo, ninguna se\u00f1al proveniente del exterior puede sustituir la capacidad de los propios bolivianos para construir acuerdos internos y encarar los desaf\u00edos nacionales con responsabilidad.<\/p>\n<p>La estabilidad democr\u00e1tica, la recuperaci\u00f3n econ\u00f3mica y la cohesi\u00f3n social contin\u00faan siendo tareas pendientes que exigen di\u00e1logo, concertaci\u00f3n y una visi\u00f3n de largo plazo. Los conflictos recientes demostraron que cuando prevalece la confrontaci\u00f3n, las p\u00e9rdidas alcanzan a todos los sectores de la sociedad. Por ello, la b\u00fasqueda de consensos debe convertirse en una pol\u00edtica de Estado y no en una estrategia circunstancial.<\/p>\n<p>Pero la principal ense\u00f1anza de Panam\u00e1 quiz\u00e1s sea otra: la necesidad de fortalecer la diplomacia profesional. Bolivia no puede seguir considerando las representaciones diplom\u00e1ticas como espacios de recompensa pol\u00edtica o cuotas de poder. Las embajadas y consulados constituyen la primera l\u00ednea de defensa de los intereses nacionales y requieren funcionarios preparados, con experiencia, conocimiento t\u00e9cnico y capacidad de negociaci\u00f3n.<\/p>\n<p>Es tiempo de que el Gobierno priorice la designaci\u00f3n de diplom\u00e1ticos de carrera en las principales representaciones internacionales. La defensa de los intereses nacionales exige profesionalismo, continuidad institucional y una visi\u00f3n estrat\u00e9gica que trascienda los ciclos pol\u00edticos. Los pa\u00edses m\u00e1s exitosos en el \u00e1mbito internacional son aquellos que han construido servicios exteriores s\u00f3lidos y altamente especializados.<\/p>\n<p>Sin embargo, el fortalecimiento del multilateralismo tampoco debe confundirse con la aceptaci\u00f3n irrestricta de cualquier forma de intervenci\u00f3n externa. La cooperaci\u00f3n entre Estados debe sustentarse en el respeto mutuo, la igualdad soberana y la no injerencia en los asuntos internos de cada naci\u00f3n.<\/p>\n<p>En ese marco, corresponde expresar una posici\u00f3n firme frente a la actuaci\u00f3n de determinados grupos y organizaciones que, ampar\u00e1ndose en la defensa de los derechos humanos, terminan adoptando posiciones pol\u00edticas parciales o interfiriendo en decisiones que corresponden exclusivamente a las instituciones democr\u00e1ticas de los Estados. La promoci\u00f3n y protecci\u00f3n de los derechos humanos constituye un principio universal que debe ser defendido sin reservas; sin embargo, cuando ciertas organizaciones abandonan la imparcialidad para convertirse en actores pol\u00edticos, terminan debilitando la legitimidad de las causas que afirman representar.<\/p>\n<p>Bolivia debe mantener abiertas las puertas al di\u00e1logo internacional, a la cooperaci\u00f3n y a la observaci\u00f3n objetiva, pero sin renunciar jam\u00e1s a la defensa de su soberan\u00eda y de su derecho a resolver democr\u00e1ticamente sus propios asuntos. El multilateralismo aut\u00e9ntico no significa subordinaci\u00f3n ni tutelaje; significa cooperaci\u00f3n entre iguales en funci\u00f3n de objetivos comunes.<\/p>\n<p>La Asamblea de Panam\u00e1 ha recordado una verdad fundamental: los pa\u00edses aislados pierden oportunidades, mientras que aquellos que participan activamente en los espacios multilaterales ampl\u00edan sus posibilidades de desarrollo y fortalecen su presencia internacional. Pero tambi\u00e9n ha recordado que la cooperaci\u00f3n s\u00f3lo puede prosperar cuando existe respeto a la soberan\u00eda de los Estados y a la voluntad de sus pueblos.<\/p>\n<p>Bolivia tiene ante s\u00ed la oportunidad de fortalecer su presencia internacional, recuperar credibilidad y proyectar una imagen de estabilidad y responsabilidad. Para lograrlo necesita una pol\u00edtica exterior de Estado, diplom\u00e1ticos de carrera que defiendan los intereses nacionales con solvencia y una firme convicci\u00f3n de que la cooperaci\u00f3n internacional debe caminar siempre de la mano del respeto a la soberan\u00eda.<\/p>\n<p>Porque el desaf\u00edo no es elegir entre multilateralismo o soberan\u00eda. El verdadero desaf\u00edo consiste en ejercer ambos con inteligencia, dignidad y visi\u00f3n de futuro.<\/p>\n<p>&nbsp;<\/p>\n<p><em>El autor es diplom\u00e1tico de carrera y polit\u00f3logo.<\/em><\/p>\n","protected":false},"excerpt":{"rendered":"<p>El LVI\u00ba Per\u00edodo Ordinario de Sesiones de la Asamblea General de la Organizaci\u00f3n de los Estados Americanos (OEA), realizado del 23 al 25 de junio en Panam\u00e1, dej\u00f3 un mensaje claro para el continente, en un mundo marcado por la incertidumbre, las tensiones geopol\u00edticas, las crisis econ\u00f3micas y los desaf\u00edos transnacionales, el multilateralismo sigue siendo [&hellip;]<\/p>\n","protected":false},"author":1,"featured_media":380217,"comment_status":"closed","ping_status":"open","sticky":false,"template":"","format":"standard","meta":{"_acf_changed":false,"footnotes":""},"categories":[9],"tags":[],"class_list":["post-410374","post","type-post","status-publish","format-standard","has-post-thumbnail","category-opinion"],"acf":{"antetitulo":""},"yoast_head":"<!-- This site is optimized with the Yoast SEO plugin v28.3 - https:\/\/yoast.com\/product\/yoast-seo-wordpress\/ -->\n<title>Multilateralismo o injerencia: las lecciones de Panam\u00e1 para Bolivia - El Diario - Bolivia<\/title>\n<meta name=\"robots\" content=\"index, follow, max-snippet:-1, max-image-preview:large, max-video-preview:-1\" \/>\n<link rel=\"canonical\" href=\"https:\/\/www.eldiario.net\/portal\/2026\/07\/07\/multilateralismo-o-injerencia-las-lecciones-de-panama-para-bolivia\/\" \/>\n<meta property=\"og:locale\" content=\"es_ES\" \/>\n<meta property=\"og:type\" content=\"article\" \/>\n<meta property=\"og:title\" content=\"Multilateralismo o injerencia: las lecciones de Panam\u00e1 para Bolivia - El Diario - Bolivia\" \/>\n<meta property=\"og:description\" content=\"El LVI\u00ba Per\u00edodo Ordinario de Sesiones de la Asamblea General de la Organizaci\u00f3n de los Estados Americanos (OEA), realizado del 23 al 25 de junio en Panam\u00e1, dej\u00f3 un mensaje claro para el continente, en un mundo marcado por la incertidumbre, las tensiones geopol\u00edticas, las crisis econ\u00f3micas y los desaf\u00edos transnacionales, el multilateralismo sigue siendo [&hellip;]\" \/>\n<meta property=\"og:url\" content=\"https:\/\/www.eldiario.net\/portal\/2026\/07\/07\/multilateralismo-o-injerencia-las-lecciones-de-panama-para-bolivia\/\" \/>\n<meta property=\"og:site_name\" content=\"El Diario - Bolivia\" \/>\n<meta property=\"article:publisher\" content=\"https:\/\/www.facebook.com\/eldiario.bolivia\/\" \/>\n<meta property=\"article:published_time\" content=\"2026-07-07T04:02:47+00:00\" \/>\n<meta property=\"og:image\" content=\"https:\/\/www.eldiario.net\/portal\/wp-content\/uploads\/2026\/03\/Raul-Palza-Zeballos.webp\" \/>\n\t<meta property=\"og:image:width\" content=\"1200\" \/>\n\t<meta property=\"og:image:height\" content=\"628\" \/>\n\t<meta property=\"og:image:type\" content=\"image\/webp\" \/>\n<meta name=\"author\" content=\"Jeanette\" \/>\n<meta name=\"twitter:card\" content=\"summary_large_image\" \/>\n<meta name=\"twitter:creator\" content=\"@eldiario_net\" \/>\n<meta name=\"twitter:site\" content=\"@eldiario_net\" \/>\n<meta name=\"twitter:label1\" content=\"Escrito por\" \/>\n\t<meta name=\"twitter:data1\" content=\"Jeanette\" \/>\n\t<meta name=\"twitter:label2\" content=\"Tiempo de lectura\" \/>\n\t<meta name=\"twitter:data2\" content=\"4 minutos\" \/>\n<script type=\"application\/ld+json\" class=\"yoast-schema-graph\">{\"@context\":\"https:\\\/\\\/schema.org\",\"@graph\":[{\"@type\":\"Article\",\"@id\":\"https:\\\/\\\/www.eldiario.net\\\/portal\\\/2026\\\/07\\\/07\\\/multilateralismo-o-injerencia-las-lecciones-de-panama-para-bolivia\\\/#article\",\"isPartOf\":{\"@id\":\"https:\\\/\\\/www.eldiario.net\\\/portal\\\/2026\\\/07\\\/07\\\/multilateralismo-o-injerencia-las-lecciones-de-panama-para-bolivia\\\/\"},\"author\":{\"name\":\"Jeanette\",\"@id\":\"https:\\\/\\\/www.eldiario.net\\\/portal\\\/#\\\/schema\\\/person\\\/f46445640444750d7d753ccd04ae01b7\"},\"headline\":\"Multilateralismo o injerencia: las lecciones de Panam\u00e1 para Bolivia\",\"datePublished\":\"2026-07-07T04:02:47+00:00\",\"mainEntityOfPage\":{\"@id\":\"https:\\\/\\\/www.eldiario.net\\\/portal\\\/2026\\\/07\\\/07\\\/multilateralismo-o-injerencia-las-lecciones-de-panama-para-bolivia\\\/\"},\"wordCount\":856,\"publisher\":{\"@id\":\"https:\\\/\\\/www.eldiario.net\\\/portal\\\/#organization\"},\"image\":{\"@id\":\"https:\\\/\\\/www.eldiario.net\\\/portal\\\/2026\\\/07\\\/07\\\/multilateralismo-o-injerencia-las-lecciones-de-panama-para-bolivia\\\/#primaryimage\"},\"thumbnailUrl\":\"https:\\\/\\\/www.eldiario.net\\\/portal\\\/wp-content\\\/uploads\\\/2026\\\/03\\\/Raul-Palza-Zeballos.webp\",\"articleSection\":[\"Opini\u00f3n\"],\"inLanguage\":\"es\"},{\"@type\":\"WebPage\",\"@id\":\"https:\\\/\\\/www.eldiario.net\\\/portal\\\/2026\\\/07\\\/07\\\/multilateralismo-o-injerencia-las-lecciones-de-panama-para-bolivia\\\/\",\"url\":\"https:\\\/\\\/www.eldiario.net\\\/portal\\\/2026\\\/07\\\/07\\\/multilateralismo-o-injerencia-las-lecciones-de-panama-para-bolivia\\\/\",\"name\":\"Multilateralismo o injerencia: las lecciones de Panam\u00e1 para Bolivia - El Diario - Bolivia\",\"isPartOf\":{\"@id\":\"https:\\\/\\\/www.eldiario.net\\\/portal\\\/#website\"},\"primaryImageOfPage\":{\"@id\":\"https:\\\/\\\/www.eldiario.net\\\/portal\\\/2026\\\/07\\\/07\\\/multilateralismo-o-injerencia-las-lecciones-de-panama-para-bolivia\\\/#primaryimage\"},\"image\":{\"@id\":\"https:\\\/\\\/www.eldiario.net\\\/portal\\\/2026\\\/07\\\/07\\\/multilateralismo-o-injerencia-las-lecciones-de-panama-para-bolivia\\\/#primaryimage\"},\"thumbnailUrl\":\"https:\\\/\\\/www.eldiario.net\\\/portal\\\/wp-content\\\/uploads\\\/2026\\\/03\\\/Raul-Palza-Zeballos.webp\",\"datePublished\":\"2026-07-07T04:02:47+00:00\",\"breadcrumb\":{\"@id\":\"https:\\\/\\\/www.eldiario.net\\\/portal\\\/2026\\\/07\\\/07\\\/multilateralismo-o-injerencia-las-lecciones-de-panama-para-bolivia\\\/#breadcrumb\"},\"inLanguage\":\"es\",\"potentialAction\":[{\"@type\":\"ReadAction\",\"target\":[\"https:\\\/\\\/www.eldiario.net\\\/portal\\\/2026\\\/07\\\/07\\\/multilateralismo-o-injerencia-las-lecciones-de-panama-para-bolivia\\\/\"]}]},{\"@type\":\"ImageObject\",\"inLanguage\":\"es\",\"@id\":\"https:\\\/\\\/www.eldiario.net\\\/portal\\\/2026\\\/07\\\/07\\\/multilateralismo-o-injerencia-las-lecciones-de-panama-para-bolivia\\\/#primaryimage\",\"url\":\"https:\\\/\\\/www.eldiario.net\\\/portal\\\/wp-content\\\/uploads\\\/2026\\\/03\\\/Raul-Palza-Zeballos.webp\",\"contentUrl\":\"https:\\\/\\\/www.eldiario.net\\\/portal\\\/wp-content\\\/uploads\\\/2026\\\/03\\\/Raul-Palza-Zeballos.webp\",\"width\":1200,\"height\":628,\"caption\":\"Ra\u00fal Palza Zeballos\"},{\"@type\":\"BreadcrumbList\",\"@id\":\"https:\\\/\\\/www.eldiario.net\\\/portal\\\/2026\\\/07\\\/07\\\/multilateralismo-o-injerencia-las-lecciones-de-panama-para-bolivia\\\/#breadcrumb\",\"itemListElement\":[{\"@type\":\"ListItem\",\"position\":1,\"name\":\"Portada\",\"item\":\"https:\\\/\\\/www.eldiario.net\\\/portal\\\/\"},{\"@type\":\"ListItem\",\"position\":2,\"name\":\"Multilateralismo o injerencia: las lecciones de Panam\u00e1 para Bolivia\"}]},{\"@type\":\"WebSite\",\"@id\":\"https:\\\/\\\/www.eldiario.net\\\/portal\\\/#website\",\"url\":\"https:\\\/\\\/www.eldiario.net\\\/portal\\\/\",\"name\":\"El Diario - Decano de la prensa nacional\",\"description\":\"El Diario - Decano de la prensa nacional\",\"publisher\":{\"@id\":\"https:\\\/\\\/www.eldiario.net\\\/portal\\\/#organization\"},\"potentialAction\":[{\"@type\":\"SearchAction\",\"target\":{\"@type\":\"EntryPoint\",\"urlTemplate\":\"https:\\\/\\\/www.eldiario.net\\\/portal\\\/?s={search_term_string}\"},\"query-input\":{\"@type\":\"PropertyValueSpecification\",\"valueRequired\":true,\"valueName\":\"search_term_string\"}}],\"inLanguage\":\"es\"},{\"@type\":\"Organization\",\"@id\":\"https:\\\/\\\/www.eldiario.net\\\/portal\\\/#organization\",\"name\":\"El Diario - Decano de la prensa nacional\",\"url\":\"https:\\\/\\\/www.eldiario.net\\\/portal\\\/\",\"logo\":{\"@type\":\"ImageObject\",\"inLanguage\":\"es\",\"@id\":\"https:\\\/\\\/www.eldiario.net\\\/portal\\\/#\\\/schema\\\/logo\\\/image\\\/\",\"url\":\"https:\\\/\\\/www.eldiario.net\\\/portal\\\/wp-content\\\/uploads\\\/2023\\\/07\\\/logo_ED.jpg\",\"contentUrl\":\"https:\\\/\\\/www.eldiario.net\\\/portal\\\/wp-content\\\/uploads\\\/2023\\\/07\\\/logo_ED.jpg\",\"width\":272,\"height\":52,\"caption\":\"El Diario - Decano de la prensa nacional\"},\"image\":{\"@id\":\"https:\\\/\\\/www.eldiario.net\\\/portal\\\/#\\\/schema\\\/logo\\\/image\\\/\"},\"sameAs\":[\"https:\\\/\\\/www.facebook.com\\\/eldiario.bolivia\\\/\",\"https:\\\/\\\/x.com\\\/eldiario_net\"]},{\"@type\":\"Person\",\"@id\":\"https:\\\/\\\/www.eldiario.net\\\/portal\\\/#\\\/schema\\\/person\\\/f46445640444750d7d753ccd04ae01b7\",\"name\":\"Jeanette\",\"image\":{\"@type\":\"ImageObject\",\"inLanguage\":\"es\",\"@id\":\"https:\\\/\\\/secure.gravatar.com\\\/avatar\\\/3ea2118a5f7dad2b7138b1187a6b7ee55f160b9968b66013c3a3ef39dd7e5798?s=96&d=mm&r=g\",\"url\":\"https:\\\/\\\/secure.gravatar.com\\\/avatar\\\/3ea2118a5f7dad2b7138b1187a6b7ee55f160b9968b66013c3a3ef39dd7e5798?s=96&d=mm&r=g\",\"contentUrl\":\"https:\\\/\\\/secure.gravatar.com\\\/avatar\\\/3ea2118a5f7dad2b7138b1187a6b7ee55f160b9968b66013c3a3ef39dd7e5798?s=96&d=mm&r=g\",\"caption\":\"Jeanette\"},\"sameAs\":[\"https:\\\/\\\/www.eldiario.net\\\/portal\"],\"url\":\"https:\\\/\\\/www.eldiario.net\\\/portal\\\/author\\\/jeanette\\\/\"}]}<\/script>\n<!-- \/ Yoast SEO plugin. -->","yoast_head_json":{"title":"Multilateralismo o injerencia: las lecciones de Panam\u00e1 para Bolivia - El Diario - Bolivia","robots":{"index":"index","follow":"follow","max-snippet":"max-snippet:-1","max-image-preview":"max-image-preview:large","max-video-preview":"max-video-preview:-1"},"canonical":"https:\/\/www.eldiario.net\/portal\/2026\/07\/07\/multilateralismo-o-injerencia-las-lecciones-de-panama-para-bolivia\/","og_locale":"es_ES","og_type":"article","og_title":"Multilateralismo o injerencia: las lecciones de Panam\u00e1 para Bolivia - El Diario - Bolivia","og_description":"El LVI\u00ba Per\u00edodo Ordinario de Sesiones de la Asamblea General de la Organizaci\u00f3n de los Estados Americanos (OEA), realizado del 23 al 25 de junio en Panam\u00e1, dej\u00f3 un mensaje claro para el continente, en un mundo marcado por la incertidumbre, las tensiones geopol\u00edticas, las crisis econ\u00f3micas y los desaf\u00edos transnacionales, el multilateralismo sigue siendo [&hellip;]","og_url":"https:\/\/www.eldiario.net\/portal\/2026\/07\/07\/multilateralismo-o-injerencia-las-lecciones-de-panama-para-bolivia\/","og_site_name":"El Diario - Bolivia","article_publisher":"https:\/\/www.facebook.com\/eldiario.bolivia\/","article_published_time":"2026-07-07T04:02:47+00:00","og_image":[{"width":1200,"height":628,"url":"https:\/\/www.eldiario.net\/portal\/wp-content\/uploads\/2026\/03\/Raul-Palza-Zeballos.webp","type":"image\/webp"}],"author":"Jeanette","twitter_card":"summary_large_image","twitter_creator":"@eldiario_net","twitter_site":"@eldiario_net","twitter_misc":{"Escrito por":"Jeanette","Tiempo de lectura":"4 minutos"},"schema":{"@context":"https:\/\/schema.org","@graph":[{"@type":"Article","@id":"https:\/\/www.eldiario.net\/portal\/2026\/07\/07\/multilateralismo-o-injerencia-las-lecciones-de-panama-para-bolivia\/#article","isPartOf":{"@id":"https:\/\/www.eldiario.net\/portal\/2026\/07\/07\/multilateralismo-o-injerencia-las-lecciones-de-panama-para-bolivia\/"},"author":{"name":"Jeanette","@id":"https:\/\/www.eldiario.net\/portal\/#\/schema\/person\/f46445640444750d7d753ccd04ae01b7"},"headline":"Multilateralismo o injerencia: las lecciones de Panam\u00e1 para Bolivia","datePublished":"2026-07-07T04:02:47+00:00","mainEntityOfPage":{"@id":"https:\/\/www.eldiario.net\/portal\/2026\/07\/07\/multilateralismo-o-injerencia-las-lecciones-de-panama-para-bolivia\/"},"wordCount":856,"publisher":{"@id":"https:\/\/www.eldiario.net\/portal\/#organization"},"image":{"@id":"https:\/\/www.eldiario.net\/portal\/2026\/07\/07\/multilateralismo-o-injerencia-las-lecciones-de-panama-para-bolivia\/#primaryimage"},"thumbnailUrl":"https:\/\/www.eldiario.net\/portal\/wp-content\/uploads\/2026\/03\/Raul-Palza-Zeballos.webp","articleSection":["Opini\u00f3n"],"inLanguage":"es"},{"@type":"WebPage","@id":"https:\/\/www.eldiario.net\/portal\/2026\/07\/07\/multilateralismo-o-injerencia-las-lecciones-de-panama-para-bolivia\/","url":"https:\/\/www.eldiario.net\/portal\/2026\/07\/07\/multilateralismo-o-injerencia-las-lecciones-de-panama-para-bolivia\/","name":"Multilateralismo o injerencia: las lecciones de Panam\u00e1 para Bolivia - El Diario - Bolivia","isPartOf":{"@id":"https:\/\/www.eldiario.net\/portal\/#website"},"primaryImageOfPage":{"@id":"https:\/\/www.eldiario.net\/portal\/2026\/07\/07\/multilateralismo-o-injerencia-las-lecciones-de-panama-para-bolivia\/#primaryimage"},"image":{"@id":"https:\/\/www.eldiario.net\/portal\/2026\/07\/07\/multilateralismo-o-injerencia-las-lecciones-de-panama-para-bolivia\/#primaryimage"},"thumbnailUrl":"https:\/\/www.eldiario.net\/portal\/wp-content\/uploads\/2026\/03\/Raul-Palza-Zeballos.webp","datePublished":"2026-07-07T04:02:47+00:00","breadcrumb":{"@id":"https:\/\/www.eldiario.net\/portal\/2026\/07\/07\/multilateralismo-o-injerencia-las-lecciones-de-panama-para-bolivia\/#breadcrumb"},"inLanguage":"es","potentialAction":[{"@type":"ReadAction","target":["https:\/\/www.eldiario.net\/portal\/2026\/07\/07\/multilateralismo-o-injerencia-las-lecciones-de-panama-para-bolivia\/"]}]},{"@type":"ImageObject","inLanguage":"es","@id":"https:\/\/www.eldiario.net\/portal\/2026\/07\/07\/multilateralismo-o-injerencia-las-lecciones-de-panama-para-bolivia\/#primaryimage","url":"https:\/\/www.eldiario.net\/portal\/wp-content\/uploads\/2026\/03\/Raul-Palza-Zeballos.webp","contentUrl":"https:\/\/www.eldiario.net\/portal\/wp-content\/uploads\/2026\/03\/Raul-Palza-Zeballos.webp","width":1200,"height":628,"caption":"Ra\u00fal Palza Zeballos"},{"@type":"BreadcrumbList","@id":"https:\/\/www.eldiario.net\/portal\/2026\/07\/07\/multilateralismo-o-injerencia-las-lecciones-de-panama-para-bolivia\/#breadcrumb","itemListElement":[{"@type":"ListItem","position":1,"name":"Portada","item":"https:\/\/www.eldiario.net\/portal\/"},{"@type":"ListItem","position":2,"name":"Multilateralismo o injerencia: las lecciones de Panam\u00e1 para Bolivia"}]},{"@type":"WebSite","@id":"https:\/\/www.eldiario.net\/portal\/#website","url":"https:\/\/www.eldiario.net\/portal\/","name":"El Diario - Decano de la prensa nacional","description":"El Diario - Decano de la prensa nacional","publisher":{"@id":"https:\/\/www.eldiario.net\/portal\/#organization"},"potentialAction":[{"@type":"SearchAction","target":{"@type":"EntryPoint","urlTemplate":"https:\/\/www.eldiario.net\/portal\/?s={search_term_string}"},"query-input":{"@type":"PropertyValueSpecification","valueRequired":true,"valueName":"search_term_string"}}],"inLanguage":"es"},{"@type":"Organization","@id":"https:\/\/www.eldiario.net\/portal\/#organization","name":"El Diario - Decano de la prensa nacional","url":"https:\/\/www.eldiario.net\/portal\/","logo":{"@type":"ImageObject","inLanguage":"es","@id":"https:\/\/www.eldiario.net\/portal\/#\/schema\/logo\/image\/","url":"https:\/\/www.eldiario.net\/portal\/wp-content\/uploads\/2023\/07\/logo_ED.jpg","contentUrl":"https:\/\/www.eldiario.net\/portal\/wp-content\/uploads\/2023\/07\/logo_ED.jpg","width":272,"height":52,"caption":"El Diario - Decano de la prensa nacional"},"image":{"@id":"https:\/\/www.eldiario.net\/portal\/#\/schema\/logo\/image\/"},"sameAs":["https:\/\/www.facebook.com\/eldiario.bolivia\/","https:\/\/x.com\/eldiario_net"]},{"@type":"Person","@id":"https:\/\/www.eldiario.net\/portal\/#\/schema\/person\/f46445640444750d7d753ccd04ae01b7","name":"Jeanette","image":{"@type":"ImageObject","inLanguage":"es","@id":"https:\/\/secure.gravatar.com\/avatar\/3ea2118a5f7dad2b7138b1187a6b7ee55f160b9968b66013c3a3ef39dd7e5798?s=96&d=mm&r=g","url":"https:\/\/secure.gravatar.com\/avatar\/3ea2118a5f7dad2b7138b1187a6b7ee55f160b9968b66013c3a3ef39dd7e5798?s=96&d=mm&r=g","contentUrl":"https:\/\/secure.gravatar.com\/avatar\/3ea2118a5f7dad2b7138b1187a6b7ee55f160b9968b66013c3a3ef39dd7e5798?s=96&d=mm&r=g","caption":"Jeanette"},"sameAs":["https:\/\/www.eldiario.net\/portal"],"url":"https:\/\/www.eldiario.net\/portal\/author\/jeanette\/"}]}},"_links":{"self":[{"href":"https:\/\/www.eldiario.net\/portal\/wp-json\/wp\/v2\/posts\/410374","targetHints":{"allow":["GET"]}}],"collection":[{"href":"https:\/\/www.eldiario.net\/portal\/wp-json\/wp\/v2\/posts"}],"about":[{"href":"https:\/\/www.eldiario.net\/portal\/wp-json\/wp\/v2\/types\/post"}],"author":[{"embeddable":true,"href":"https:\/\/www.eldiario.net\/portal\/wp-json\/wp\/v2\/users\/1"}],"replies":[{"embeddable":true,"href":"https:\/\/www.eldiario.net\/portal\/wp-json\/wp\/v2\/comments?post=410374"}],"version-history":[{"count":1,"href":"https:\/\/www.eldiario.net\/portal\/wp-json\/wp\/v2\/posts\/410374\/revisions"}],"predecessor-version":[{"id":410375,"href":"https:\/\/www.eldiario.net\/portal\/wp-json\/wp\/v2\/posts\/410374\/revisions\/410375"}],"wp:featuredmedia":[{"embeddable":true,"href":"https:\/\/www.eldiario.net\/portal\/wp-json\/wp\/v2\/media\/380217"}],"wp:attachment":[{"href":"https:\/\/www.eldiario.net\/portal\/wp-json\/wp\/v2\/media?parent=410374"}],"wp:term":[{"taxonomy":"category","embeddable":true,"href":"https:\/\/www.eldiario.net\/portal\/wp-json\/wp\/v2\/categories?post=410374"},{"taxonomy":"post_tag","embeddable":true,"href":"https:\/\/www.eldiario.net\/portal\/wp-json\/wp\/v2\/tags?post=410374"}],"curies":[{"name":"wp","href":"https:\/\/api.w.org\/{rel}","templated":true}]}}