{"id":410369,"date":"2026-07-07T00:00:14","date_gmt":"2026-07-07T04:00:14","guid":{"rendered":"https:\/\/www.eldiario.net\/portal\/?p=410369"},"modified":"2026-07-06T22:01:15","modified_gmt":"2026-07-07T02:01:15","slug":"el-dia-que-se-paralizo-la-tierra","status":"publish","type":"post","link":"https:\/\/www.eldiario.net\/portal\/2026\/07\/07\/el-dia-que-se-paralizo-la-tierra\/","title":{"rendered":"El d\u00eda que se paraliz\u00f3 la Tierra"},"content":{"rendered":"<p>Cuando era muy peque\u00f1o, me encantaba conocer por el mundo extraterrestre (ovnis, monstruos, platillos voladores, etc.), y por ello ten\u00eda afinidad con el mundo del celuloide (1), del cual sigo siendo un admirador. Dir\u00eda que soy un verdadero cin\u00e9filo.<\/p>\n<p>La pel\u00edcula (2) a la que hago colaci\u00f3n se llama justamente como el t\u00edtulo de esta nota, cuya s\u00edntesis, m\u00e1s o menos, es la siguiente: Llega al planeta Tierra un objeto volante no identificado (OVNI), que aterriza en un parque, hecho que al ser informado por radio y televisi\u00f3n desata el p\u00e1nico entre los ciudadanos.<\/p>\n<p>Del interior de la nave surge una figura antropomorfa, vestida con una ropa de apariencia met\u00e1lica, y tras \u00e9l sale un robot de tres metros de altura, llamado Gort; al parque al cual asisten cientos de militares armados, tanques, se alistan para repeler un posible ataque por parte del extraterrestre. Sin embargo la misi\u00f3n del visitante es impedir que los terrestres inventen armas nucleares m\u00e1s poderosas que la bomba at\u00f3mica, ya que ser\u00eda una amenaza para el resto de los planetas habitados, por lo que \u00e9stos se ver\u00edan obligados a destruir la Tierra. Y para confirmar su misi\u00f3n, como advertencia, har\u00eda algo muy llamativo, pero sin da\u00f1ar a los humanos.<\/p>\n<p>\u00bfLa misi\u00f3n? Quitar la electricidad del mundo (excepto los sistemas vitales) en coches, trenes, barcos, electrodom\u00e9sticos, sem\u00e1foros, todo lo que funcione con electricidad, cuya direcci\u00f3n ser\u00e1 por 30 minutos. Transcurrido ese lapso, todo volver\u00eda a la normalidad.<\/p>\n<p>\u00bfQu\u00e9 hacer en 30 minutos, hoy en d\u00eda sin electricidad? Lo primero: guardar el celular, guardarlo, evitando con ello que est\u00e9n a la expectativa de si ya vino la luz; lo segundo: dependiendo de la hora, (luz natural o artificial), salir al patio de la casa o \u00e1rea que permita reunirse la familia y conversar e inclusive ingerir alimentos, sencillamente como \u00a1Dios manda! Con pap\u00e1 y mam\u00e1 sentados alrededor de la mesa, la cual ha sido alistada con antelaci\u00f3n (con cubiertos, vasos, servilletas, etc.), los hijos llevan los alimentos, indagando si lo servido es correcto o no para cada usuario. Dec\u00edamos conversar sobre la escuela, los docentes, las relaciones de amistad, planificar alguna actividad conjunta (donde est\u00e9 toda la familia).<\/p>\n<p>Los padres &#8211;dada la alta carga de trabajo laboral de ambos&#8211; pueden referirse a la necesidad de hacer una redistribuci\u00f3n de los quehaceres dom\u00e9sticos, m\u00e1s all\u00e1 de la intensidad de estudio que tenga cada uno de ellos e inclusive en funci\u00f3n de los tiempos en los que los mayores llevan y traen a los menores a la escuela, as\u00ed como atenderlos en el hogar. En el caso de los hijos (as) que laboren, asumir costos de ciertas actividades, aunque sean b\u00e1sicas.<\/p>\n<p>Algo importante, que no puede faltar: comuniqu\u00e9monos m\u00e1s, los problemas que tengamos, conversemos en vivo, nada de celular, que si fuese el caso (extremo) v\u00eda internet (zoom, meet, etc.); en busca de soluciones para problemas. Y si no los hubiese, aunque sea por corto tiempo, nos saludemos: \u00a1buenos d\u00edas!; \u00a1mami, no te preocupes, \u00a1hoy voy a cocinar yo! \u00bfQu\u00e9 tal si esta noche, vamos al cine o vemos la pel\u00edcula JUNTOS? Nota: No importa, pueden ir los novios.<\/p>\n<p>Nota recibida de un docente: pudieran, por favor, extender el no uso del internet por 23 horas, y en el caso de la hora que falta, para que realicen las tareas. \u00a1Gracias!<\/p>\n<p>&nbsp;<\/p>\n<p><strong>Notas<\/strong><\/p>\n<p>(1) En 1889, Kodak patent\u00f3 la producci\u00f3n de una pel\u00edcula de celuloide recubierta de una emulsi\u00f3n fotogr\u00e1fica que ser\u00eda el inicio de la fotograf\u00eda instant\u00e1nea, y de la cinematograf\u00eda.<\/p>\n<p>(2) Pel\u00edcula estadounidense de 1951 del g\u00e9nero de ciencia ficci\u00f3n, basada en el cuento de Harry Bates \u201cEl amo ha muerto\u201d (Farewell to the Master, 1940). Considerada una de las obras de ciencia ficci\u00f3n m\u00e1s influyentes de la edad de oro del cine. Fue galardonada con el premio Globo de Oro 1952 a la mejor pel\u00edcula promotora del entendimiento internacional.<\/p>\n<p>&nbsp;<\/p>\n<p><em>El autor es Licenciado en Ciencias Pedag\u00f3gicas.<\/em><\/p>\n","protected":false},"excerpt":{"rendered":"<p>Cuando era muy peque\u00f1o, me encantaba conocer por el mundo extraterrestre (ovnis, monstruos, platillos voladores, etc.), y por ello ten\u00eda afinidad con el mundo del celuloide (1), del cual sigo siendo un admirador. Dir\u00eda que soy un verdadero cin\u00e9filo. La pel\u00edcula (2) a la que hago colaci\u00f3n se llama justamente como el t\u00edtulo de esta [&hellip;]<\/p>\n","protected":false},"author":1,"featured_media":160310,"comment_status":"closed","ping_status":"open","sticky":false,"template":"","format":"standard","meta":{"_acf_changed":false,"footnotes":""},"categories":[9],"tags":[],"class_list":["post-410369","post","type-post","status-publish","format-standard","has-post-thumbnail","category-opinion"],"acf":{"antetitulo":""},"yoast_head":"<!-- This site is optimized with the Yoast SEO plugin v28.3 - https:\/\/yoast.com\/product\/yoast-seo-wordpress\/ -->\n<title>El d\u00eda que se paraliz\u00f3 la Tierra - El Diario - Bolivia<\/title>\n<meta name=\"robots\" content=\"index, follow, max-snippet:-1, max-image-preview:large, max-video-preview:-1\" \/>\n<link rel=\"canonical\" href=\"https:\/\/www.eldiario.net\/portal\/2026\/07\/07\/el-dia-que-se-paralizo-la-tierra\/\" \/>\n<meta property=\"og:locale\" content=\"es_ES\" \/>\n<meta property=\"og:type\" content=\"article\" \/>\n<meta property=\"og:title\" content=\"El d\u00eda que se paraliz\u00f3 la Tierra - El Diario - Bolivia\" \/>\n<meta property=\"og:description\" content=\"Cuando era muy peque\u00f1o, me encantaba conocer por el mundo extraterrestre (ovnis, monstruos, platillos voladores, etc.), y por ello ten\u00eda afinidad con el mundo del celuloide (1), del cual sigo siendo un admirador. Dir\u00eda que soy un verdadero cin\u00e9filo. La pel\u00edcula (2) a la que hago colaci\u00f3n se llama justamente como el t\u00edtulo de esta [&hellip;]\" \/>\n<meta property=\"og:url\" content=\"https:\/\/www.eldiario.net\/portal\/2026\/07\/07\/el-dia-que-se-paralizo-la-tierra\/\" \/>\n<meta property=\"og:site_name\" content=\"El Diario - Bolivia\" \/>\n<meta property=\"article:publisher\" content=\"https:\/\/www.facebook.com\/eldiario.bolivia\/\" \/>\n<meta property=\"article:published_time\" content=\"2026-07-07T04:00:14+00:00\" \/>\n<meta property=\"og:image\" content=\"https:\/\/www.eldiario.net\/portal\/wp-content\/uploads\/2023\/06\/Ernesto-Gonzalez-Valdes.jpg\" \/>\n\t<meta property=\"og:image:width\" content=\"1200\" \/>\n\t<meta property=\"og:image:height\" content=\"628\" \/>\n\t<meta property=\"og:image:type\" content=\"image\/jpeg\" \/>\n<meta name=\"author\" content=\"Jeanette\" \/>\n<meta name=\"twitter:card\" content=\"summary_large_image\" \/>\n<meta name=\"twitter:creator\" content=\"@eldiario_net\" \/>\n<meta name=\"twitter:site\" content=\"@eldiario_net\" \/>\n<meta name=\"twitter:label1\" content=\"Escrito por\" \/>\n\t<meta name=\"twitter:data1\" content=\"Jeanette\" \/>\n\t<meta name=\"twitter:label2\" content=\"Tiempo de lectura\" \/>\n\t<meta name=\"twitter:data2\" content=\"4 minutos\" \/>\n<script type=\"application\/ld+json\" class=\"yoast-schema-graph\">{\"@context\":\"https:\\\/\\\/schema.org\",\"@graph\":[{\"@type\":\"Article\",\"@id\":\"https:\\\/\\\/www.eldiario.net\\\/portal\\\/2026\\\/07\\\/07\\\/el-dia-que-se-paralizo-la-tierra\\\/#article\",\"isPartOf\":{\"@id\":\"https:\\\/\\\/www.eldiario.net\\\/portal\\\/2026\\\/07\\\/07\\\/el-dia-que-se-paralizo-la-tierra\\\/\"},\"author\":{\"name\":\"Jeanette\",\"@id\":\"https:\\\/\\\/www.eldiario.net\\\/portal\\\/#\\\/schema\\\/person\\\/f46445640444750d7d753ccd04ae01b7\"},\"headline\":\"El d\u00eda que se paraliz\u00f3 la Tierra\",\"datePublished\":\"2026-07-07T04:00:14+00:00\",\"mainEntityOfPage\":{\"@id\":\"https:\\\/\\\/www.eldiario.net\\\/portal\\\/2026\\\/07\\\/07\\\/el-dia-que-se-paralizo-la-tierra\\\/\"},\"wordCount\":702,\"publisher\":{\"@id\":\"https:\\\/\\\/www.eldiario.net\\\/portal\\\/#organization\"},\"image\":{\"@id\":\"https:\\\/\\\/www.eldiario.net\\\/portal\\\/2026\\\/07\\\/07\\\/el-dia-que-se-paralizo-la-tierra\\\/#primaryimage\"},\"thumbnailUrl\":\"https:\\\/\\\/www.eldiario.net\\\/portal\\\/wp-content\\\/uploads\\\/2023\\\/06\\\/Ernesto-Gonzalez-Valdes.jpg\",\"articleSection\":[\"Opini\u00f3n\"],\"inLanguage\":\"es\"},{\"@type\":\"WebPage\",\"@id\":\"https:\\\/\\\/www.eldiario.net\\\/portal\\\/2026\\\/07\\\/07\\\/el-dia-que-se-paralizo-la-tierra\\\/\",\"url\":\"https:\\\/\\\/www.eldiario.net\\\/portal\\\/2026\\\/07\\\/07\\\/el-dia-que-se-paralizo-la-tierra\\\/\",\"name\":\"El d\u00eda que se paraliz\u00f3 la Tierra - El Diario - Bolivia\",\"isPartOf\":{\"@id\":\"https:\\\/\\\/www.eldiario.net\\\/portal\\\/#website\"},\"primaryImageOfPage\":{\"@id\":\"https:\\\/\\\/www.eldiario.net\\\/portal\\\/2026\\\/07\\\/07\\\/el-dia-que-se-paralizo-la-tierra\\\/#primaryimage\"},\"image\":{\"@id\":\"https:\\\/\\\/www.eldiario.net\\\/portal\\\/2026\\\/07\\\/07\\\/el-dia-que-se-paralizo-la-tierra\\\/#primaryimage\"},\"thumbnailUrl\":\"https:\\\/\\\/www.eldiario.net\\\/portal\\\/wp-content\\\/uploads\\\/2023\\\/06\\\/Ernesto-Gonzalez-Valdes.jpg\",\"datePublished\":\"2026-07-07T04:00:14+00:00\",\"breadcrumb\":{\"@id\":\"https:\\\/\\\/www.eldiario.net\\\/portal\\\/2026\\\/07\\\/07\\\/el-dia-que-se-paralizo-la-tierra\\\/#breadcrumb\"},\"inLanguage\":\"es\",\"potentialAction\":[{\"@type\":\"ReadAction\",\"target\":[\"https:\\\/\\\/www.eldiario.net\\\/portal\\\/2026\\\/07\\\/07\\\/el-dia-que-se-paralizo-la-tierra\\\/\"]}]},{\"@type\":\"ImageObject\",\"inLanguage\":\"es\",\"@id\":\"https:\\\/\\\/www.eldiario.net\\\/portal\\\/2026\\\/07\\\/07\\\/el-dia-que-se-paralizo-la-tierra\\\/#primaryimage\",\"url\":\"https:\\\/\\\/www.eldiario.net\\\/portal\\\/wp-content\\\/uploads\\\/2023\\\/06\\\/Ernesto-Gonzalez-Valdes.jpg\",\"contentUrl\":\"https:\\\/\\\/www.eldiario.net\\\/portal\\\/wp-content\\\/uploads\\\/2023\\\/06\\\/Ernesto-Gonzalez-Valdes.jpg\",\"width\":1200,\"height\":628,\"caption\":\"Ernesto Gonz\u00e1lez Vald\u00e9s\"},{\"@type\":\"BreadcrumbList\",\"@id\":\"https:\\\/\\\/www.eldiario.net\\\/portal\\\/2026\\\/07\\\/07\\\/el-dia-que-se-paralizo-la-tierra\\\/#breadcrumb\",\"itemListElement\":[{\"@type\":\"ListItem\",\"position\":1,\"name\":\"Portada\",\"item\":\"https:\\\/\\\/www.eldiario.net\\\/portal\\\/\"},{\"@type\":\"ListItem\",\"position\":2,\"name\":\"El d\u00eda que se paraliz\u00f3 la Tierra\"}]},{\"@type\":\"WebSite\",\"@id\":\"https:\\\/\\\/www.eldiario.net\\\/portal\\\/#website\",\"url\":\"https:\\\/\\\/www.eldiario.net\\\/portal\\\/\",\"name\":\"El Diario - Decano de la prensa nacional\",\"description\":\"El Diario - Decano de la prensa nacional\",\"publisher\":{\"@id\":\"https:\\\/\\\/www.eldiario.net\\\/portal\\\/#organization\"},\"potentialAction\":[{\"@type\":\"SearchAction\",\"target\":{\"@type\":\"EntryPoint\",\"urlTemplate\":\"https:\\\/\\\/www.eldiario.net\\\/portal\\\/?s={search_term_string}\"},\"query-input\":{\"@type\":\"PropertyValueSpecification\",\"valueRequired\":true,\"valueName\":\"search_term_string\"}}],\"inLanguage\":\"es\"},{\"@type\":\"Organization\",\"@id\":\"https:\\\/\\\/www.eldiario.net\\\/portal\\\/#organization\",\"name\":\"El Diario - Decano de la prensa nacional\",\"url\":\"https:\\\/\\\/www.eldiario.net\\\/portal\\\/\",\"logo\":{\"@type\":\"ImageObject\",\"inLanguage\":\"es\",\"@id\":\"https:\\\/\\\/www.eldiario.net\\\/portal\\\/#\\\/schema\\\/logo\\\/image\\\/\",\"url\":\"https:\\\/\\\/www.eldiario.net\\\/portal\\\/wp-content\\\/uploads\\\/2023\\\/07\\\/logo_ED.jpg\",\"contentUrl\":\"https:\\\/\\\/www.eldiario.net\\\/portal\\\/wp-content\\\/uploads\\\/2023\\\/07\\\/logo_ED.jpg\",\"width\":272,\"height\":52,\"caption\":\"El Diario - Decano de la prensa nacional\"},\"image\":{\"@id\":\"https:\\\/\\\/www.eldiario.net\\\/portal\\\/#\\\/schema\\\/logo\\\/image\\\/\"},\"sameAs\":[\"https:\\\/\\\/www.facebook.com\\\/eldiario.bolivia\\\/\",\"https:\\\/\\\/x.com\\\/eldiario_net\"]},{\"@type\":\"Person\",\"@id\":\"https:\\\/\\\/www.eldiario.net\\\/portal\\\/#\\\/schema\\\/person\\\/f46445640444750d7d753ccd04ae01b7\",\"name\":\"Jeanette\",\"image\":{\"@type\":\"ImageObject\",\"inLanguage\":\"es\",\"@id\":\"https:\\\/\\\/secure.gravatar.com\\\/avatar\\\/3ea2118a5f7dad2b7138b1187a6b7ee55f160b9968b66013c3a3ef39dd7e5798?s=96&d=mm&r=g\",\"url\":\"https:\\\/\\\/secure.gravatar.com\\\/avatar\\\/3ea2118a5f7dad2b7138b1187a6b7ee55f160b9968b66013c3a3ef39dd7e5798?s=96&d=mm&r=g\",\"contentUrl\":\"https:\\\/\\\/secure.gravatar.com\\\/avatar\\\/3ea2118a5f7dad2b7138b1187a6b7ee55f160b9968b66013c3a3ef39dd7e5798?s=96&d=mm&r=g\",\"caption\":\"Jeanette\"},\"sameAs\":[\"https:\\\/\\\/www.eldiario.net\\\/portal\"],\"url\":\"https:\\\/\\\/www.eldiario.net\\\/portal\\\/author\\\/jeanette\\\/\"}]}<\/script>\n<!-- \/ Yoast SEO plugin. -->","yoast_head_json":{"title":"El d\u00eda que se paraliz\u00f3 la Tierra - El Diario - Bolivia","robots":{"index":"index","follow":"follow","max-snippet":"max-snippet:-1","max-image-preview":"max-image-preview:large","max-video-preview":"max-video-preview:-1"},"canonical":"https:\/\/www.eldiario.net\/portal\/2026\/07\/07\/el-dia-que-se-paralizo-la-tierra\/","og_locale":"es_ES","og_type":"article","og_title":"El d\u00eda que se paraliz\u00f3 la Tierra - El Diario - Bolivia","og_description":"Cuando era muy peque\u00f1o, me encantaba conocer por el mundo extraterrestre (ovnis, monstruos, platillos voladores, etc.), y por ello ten\u00eda afinidad con el mundo del celuloide (1), del cual sigo siendo un admirador. Dir\u00eda que soy un verdadero cin\u00e9filo. La pel\u00edcula (2) a la que hago colaci\u00f3n se llama justamente como el t\u00edtulo de esta [&hellip;]","og_url":"https:\/\/www.eldiario.net\/portal\/2026\/07\/07\/el-dia-que-se-paralizo-la-tierra\/","og_site_name":"El Diario - Bolivia","article_publisher":"https:\/\/www.facebook.com\/eldiario.bolivia\/","article_published_time":"2026-07-07T04:00:14+00:00","og_image":[{"width":1200,"height":628,"url":"https:\/\/www.eldiario.net\/portal\/wp-content\/uploads\/2023\/06\/Ernesto-Gonzalez-Valdes.jpg","type":"image\/jpeg"}],"author":"Jeanette","twitter_card":"summary_large_image","twitter_creator":"@eldiario_net","twitter_site":"@eldiario_net","twitter_misc":{"Escrito por":"Jeanette","Tiempo de lectura":"4 minutos"},"schema":{"@context":"https:\/\/schema.org","@graph":[{"@type":"Article","@id":"https:\/\/www.eldiario.net\/portal\/2026\/07\/07\/el-dia-que-se-paralizo-la-tierra\/#article","isPartOf":{"@id":"https:\/\/www.eldiario.net\/portal\/2026\/07\/07\/el-dia-que-se-paralizo-la-tierra\/"},"author":{"name":"Jeanette","@id":"https:\/\/www.eldiario.net\/portal\/#\/schema\/person\/f46445640444750d7d753ccd04ae01b7"},"headline":"El d\u00eda que se paraliz\u00f3 la Tierra","datePublished":"2026-07-07T04:00:14+00:00","mainEntityOfPage":{"@id":"https:\/\/www.eldiario.net\/portal\/2026\/07\/07\/el-dia-que-se-paralizo-la-tierra\/"},"wordCount":702,"publisher":{"@id":"https:\/\/www.eldiario.net\/portal\/#organization"},"image":{"@id":"https:\/\/www.eldiario.net\/portal\/2026\/07\/07\/el-dia-que-se-paralizo-la-tierra\/#primaryimage"},"thumbnailUrl":"https:\/\/www.eldiario.net\/portal\/wp-content\/uploads\/2023\/06\/Ernesto-Gonzalez-Valdes.jpg","articleSection":["Opini\u00f3n"],"inLanguage":"es"},{"@type":"WebPage","@id":"https:\/\/www.eldiario.net\/portal\/2026\/07\/07\/el-dia-que-se-paralizo-la-tierra\/","url":"https:\/\/www.eldiario.net\/portal\/2026\/07\/07\/el-dia-que-se-paralizo-la-tierra\/","name":"El d\u00eda que se paraliz\u00f3 la Tierra - El Diario - Bolivia","isPartOf":{"@id":"https:\/\/www.eldiario.net\/portal\/#website"},"primaryImageOfPage":{"@id":"https:\/\/www.eldiario.net\/portal\/2026\/07\/07\/el-dia-que-se-paralizo-la-tierra\/#primaryimage"},"image":{"@id":"https:\/\/www.eldiario.net\/portal\/2026\/07\/07\/el-dia-que-se-paralizo-la-tierra\/#primaryimage"},"thumbnailUrl":"https:\/\/www.eldiario.net\/portal\/wp-content\/uploads\/2023\/06\/Ernesto-Gonzalez-Valdes.jpg","datePublished":"2026-07-07T04:00:14+00:00","breadcrumb":{"@id":"https:\/\/www.eldiario.net\/portal\/2026\/07\/07\/el-dia-que-se-paralizo-la-tierra\/#breadcrumb"},"inLanguage":"es","potentialAction":[{"@type":"ReadAction","target":["https:\/\/www.eldiario.net\/portal\/2026\/07\/07\/el-dia-que-se-paralizo-la-tierra\/"]}]},{"@type":"ImageObject","inLanguage":"es","@id":"https:\/\/www.eldiario.net\/portal\/2026\/07\/07\/el-dia-que-se-paralizo-la-tierra\/#primaryimage","url":"https:\/\/www.eldiario.net\/portal\/wp-content\/uploads\/2023\/06\/Ernesto-Gonzalez-Valdes.jpg","contentUrl":"https:\/\/www.eldiario.net\/portal\/wp-content\/uploads\/2023\/06\/Ernesto-Gonzalez-Valdes.jpg","width":1200,"height":628,"caption":"Ernesto Gonz\u00e1lez Vald\u00e9s"},{"@type":"BreadcrumbList","@id":"https:\/\/www.eldiario.net\/portal\/2026\/07\/07\/el-dia-que-se-paralizo-la-tierra\/#breadcrumb","itemListElement":[{"@type":"ListItem","position":1,"name":"Portada","item":"https:\/\/www.eldiario.net\/portal\/"},{"@type":"ListItem","position":2,"name":"El d\u00eda que se paraliz\u00f3 la Tierra"}]},{"@type":"WebSite","@id":"https:\/\/www.eldiario.net\/portal\/#website","url":"https:\/\/www.eldiario.net\/portal\/","name":"El Diario - Decano de la prensa nacional","description":"El Diario - Decano de la prensa nacional","publisher":{"@id":"https:\/\/www.eldiario.net\/portal\/#organization"},"potentialAction":[{"@type":"SearchAction","target":{"@type":"EntryPoint","urlTemplate":"https:\/\/www.eldiario.net\/portal\/?s={search_term_string}"},"query-input":{"@type":"PropertyValueSpecification","valueRequired":true,"valueName":"search_term_string"}}],"inLanguage":"es"},{"@type":"Organization","@id":"https:\/\/www.eldiario.net\/portal\/#organization","name":"El Diario - Decano de la prensa nacional","url":"https:\/\/www.eldiario.net\/portal\/","logo":{"@type":"ImageObject","inLanguage":"es","@id":"https:\/\/www.eldiario.net\/portal\/#\/schema\/logo\/image\/","url":"https:\/\/www.eldiario.net\/portal\/wp-content\/uploads\/2023\/07\/logo_ED.jpg","contentUrl":"https:\/\/www.eldiario.net\/portal\/wp-content\/uploads\/2023\/07\/logo_ED.jpg","width":272,"height":52,"caption":"El Diario - Decano de la prensa nacional"},"image":{"@id":"https:\/\/www.eldiario.net\/portal\/#\/schema\/logo\/image\/"},"sameAs":["https:\/\/www.facebook.com\/eldiario.bolivia\/","https:\/\/x.com\/eldiario_net"]},{"@type":"Person","@id":"https:\/\/www.eldiario.net\/portal\/#\/schema\/person\/f46445640444750d7d753ccd04ae01b7","name":"Jeanette","image":{"@type":"ImageObject","inLanguage":"es","@id":"https:\/\/secure.gravatar.com\/avatar\/3ea2118a5f7dad2b7138b1187a6b7ee55f160b9968b66013c3a3ef39dd7e5798?s=96&d=mm&r=g","url":"https:\/\/secure.gravatar.com\/avatar\/3ea2118a5f7dad2b7138b1187a6b7ee55f160b9968b66013c3a3ef39dd7e5798?s=96&d=mm&r=g","contentUrl":"https:\/\/secure.gravatar.com\/avatar\/3ea2118a5f7dad2b7138b1187a6b7ee55f160b9968b66013c3a3ef39dd7e5798?s=96&d=mm&r=g","caption":"Jeanette"},"sameAs":["https:\/\/www.eldiario.net\/portal"],"url":"https:\/\/www.eldiario.net\/portal\/author\/jeanette\/"}]}},"_links":{"self":[{"href":"https:\/\/www.eldiario.net\/portal\/wp-json\/wp\/v2\/posts\/410369","targetHints":{"allow":["GET"]}}],"collection":[{"href":"https:\/\/www.eldiario.net\/portal\/wp-json\/wp\/v2\/posts"}],"about":[{"href":"https:\/\/www.eldiario.net\/portal\/wp-json\/wp\/v2\/types\/post"}],"author":[{"embeddable":true,"href":"https:\/\/www.eldiario.net\/portal\/wp-json\/wp\/v2\/users\/1"}],"replies":[{"embeddable":true,"href":"https:\/\/www.eldiario.net\/portal\/wp-json\/wp\/v2\/comments?post=410369"}],"version-history":[{"count":1,"href":"https:\/\/www.eldiario.net\/portal\/wp-json\/wp\/v2\/posts\/410369\/revisions"}],"predecessor-version":[{"id":410370,"href":"https:\/\/www.eldiario.net\/portal\/wp-json\/wp\/v2\/posts\/410369\/revisions\/410370"}],"wp:featuredmedia":[{"embeddable":true,"href":"https:\/\/www.eldiario.net\/portal\/wp-json\/wp\/v2\/media\/160310"}],"wp:attachment":[{"href":"https:\/\/www.eldiario.net\/portal\/wp-json\/wp\/v2\/media?parent=410369"}],"wp:term":[{"taxonomy":"category","embeddable":true,"href":"https:\/\/www.eldiario.net\/portal\/wp-json\/wp\/v2\/categories?post=410369"},{"taxonomy":"post_tag","embeddable":true,"href":"https:\/\/www.eldiario.net\/portal\/wp-json\/wp\/v2\/tags?post=410369"}],"curies":[{"name":"wp","href":"https:\/\/api.w.org\/{rel}","templated":true}]}}