{"id":410365,"date":"2026-07-06T21:00:14","date_gmt":"2026-07-07T01:00:14","guid":{"rendered":"https:\/\/www.eldiario.net\/portal\/?p=410365"},"modified":"2026-07-06T21:00:14","modified_gmt":"2026-07-07T01:00:14","slug":"cristiano-ronaldo-confirma-su-adios-y-se-despide-de-las-copas-triste-por-salir-de-esta-manera-del-mundial","status":"publish","type":"post","link":"https:\/\/www.eldiario.net\/portal\/2026\/07\/06\/cristiano-ronaldo-confirma-su-adios-y-se-despide-de-las-copas-triste-por-salir-de-esta-manera-del-mundial\/","title":{"rendered":"Cristiano Ronaldo confirma su adi\u00f3s y se despide de las Copas: \u201cTriste por salir de esta manera del Mundial\u201d"},"content":{"rendered":"<p>FIFA<\/p>\n<p>La derrota por 1-0 ante la selecci\u00f3n de Espa\u00f1a , este lunes 6 de julio en Dallas, marc\u00f3 la final de una historia de 20 a\u00f1os y seis ediciones escritas por Cristiano Ronaldo con la camiseta de la selecci\u00f3n portuguesa en las Copas Mundiales de la FIFA .<\/p>\n<p>Despu\u00e9s del partido que puso fin al camino de Portugal en los octavos de final del torneo en Norteam\u00e9rica, el delantero confirm\u00f3 una decisi\u00f3n que ya hab\u00eda adelantado en la conferencia de prensa del d\u00eda anterior: no tiene intenci\u00f3n de volver a disputar el torneo de f\u00fatbol m\u00e1s importante del planeta.<\/p>\n<p>\u00abEstoy normal, triste por salir de esta manera del Mundial. Pero, como dije ayer en la conferencia de prensa, di lo mejor de m\u00ed y me voy con la conciencia tranquila. Esta es la vida de un futbolista. A veces ganamos, otras perdemos y tenemos que seguir adelante. La verdad es que este fue mi \u00faltimo Mundial y ahora tendr\u00e9 tiempo con mi familia para no tomar decisiones con la cabeza caliente\u00bb, afirm\u00f3 en una entrevista con \u00abSportv\u00bb.<\/p>\n<p>El veterano de 41 a\u00f1os tambi\u00e9n hizo un an\u00e1lisis de su trayectoria en los Mundiales, iniciada en Alemania 2006, donde consigui\u00f3 el cuarto puesto, el segundo mejor resultado en la historia de Portugal, y cerrado ahora con la eliminaci\u00f3n ante Espa\u00f1a.<\/p>\n<p>\u00abMe levantar\u00e9 [ma\u00f1ana] con la conciencia tranquila. Gan\u00e9 tres t\u00edtulos con Portugal [una Eurocopa y dos Ligas de Naciones de la UEFA]. Antes de Cristiano, Portugal nunca hab\u00eda ganado ning\u00fan t\u00edtulo (&#8230;). Por eso, me voy con la conciencia tranquila. Di lo mejor de m\u00ed. Ma\u00f1ana ser\u00e1 un nuevo d\u00eda y la vida contin\u00faa\u00bb.<\/p>\n","protected":false},"excerpt":{"rendered":"<p>FIFA La derrota por 1-0 ante la selecci\u00f3n de Espa\u00f1a , este lunes 6 de julio en Dallas, marc\u00f3 la final de una historia de 20 a\u00f1os y seis ediciones escritas por Cristiano Ronaldo con la camiseta de la selecci\u00f3n portuguesa en las Copas Mundiales de la FIFA . Despu\u00e9s del partido que puso fin [&hellip;]<\/p>\n","protected":false},"author":3,"featured_media":410366,"comment_status":"closed","ping_status":"open","sticky":false,"template":"","format":"standard","meta":{"_acf_changed":false,"footnotes":""},"categories":[6],"tags":[],"class_list":["post-410365","post","type-post","status-publish","format-standard","has-post-thumbnail","category-deportes"],"acf":{"antetitulo":""},"yoast_head":"<!-- This site is optimized with the Yoast SEO plugin v28.3 - https:\/\/yoast.com\/product\/yoast-seo-wordpress\/ -->\n<title>Cristiano Ronaldo confirma su adi\u00f3s y se despide de las Copas: \u201cTriste por salir de esta manera del Mundial\u201d - El Diario - Bolivia<\/title>\n<meta name=\"robots\" content=\"index, follow, max-snippet:-1, max-image-preview:large, max-video-preview:-1\" \/>\n<link rel=\"canonical\" href=\"https:\/\/www.eldiario.net\/portal\/2026\/07\/06\/cristiano-ronaldo-confirma-su-adios-y-se-despide-de-las-copas-triste-por-salir-de-esta-manera-del-mundial\/\" \/>\n<meta property=\"og:locale\" content=\"es_ES\" \/>\n<meta property=\"og:type\" content=\"article\" \/>\n<meta property=\"og:title\" content=\"Cristiano Ronaldo confirma su adi\u00f3s y se despide de las Copas: \u201cTriste por salir de esta manera del Mundial\u201d - El Diario - Bolivia\" \/>\n<meta property=\"og:description\" content=\"FIFA La derrota por 1-0 ante la selecci\u00f3n de Espa\u00f1a , este lunes 6 de julio en Dallas, marc\u00f3 la final de una historia de 20 a\u00f1os y seis ediciones escritas por Cristiano Ronaldo con la camiseta de la selecci\u00f3n portuguesa en las Copas Mundiales de la FIFA . Despu\u00e9s del partido que puso fin [&hellip;]\" \/>\n<meta property=\"og:url\" content=\"https:\/\/www.eldiario.net\/portal\/2026\/07\/06\/cristiano-ronaldo-confirma-su-adios-y-se-despide-de-las-copas-triste-por-salir-de-esta-manera-del-mundial\/\" \/>\n<meta property=\"og:site_name\" content=\"El Diario - Bolivia\" \/>\n<meta property=\"article:publisher\" content=\"https:\/\/www.facebook.com\/eldiario.bolivia\/\" \/>\n<meta property=\"article:published_time\" content=\"2026-07-07T01:00:14+00:00\" \/>\n<meta property=\"og:image\" content=\"https:\/\/www.eldiario.net\/portal\/wp-content\/uploads\/2026\/07\/cr77-vale.webp\" \/>\n\t<meta property=\"og:image:width\" content=\"1000\" \/>\n\t<meta property=\"og:image:height\" content=\"777\" \/>\n\t<meta property=\"og:image:type\" content=\"image\/webp\" \/>\n<meta name=\"author\" content=\"Jhonny Mollinedo\" \/>\n<meta name=\"twitter:card\" content=\"summary_large_image\" \/>\n<meta name=\"twitter:creator\" content=\"@eldiario_net\" \/>\n<meta name=\"twitter:site\" content=\"@eldiario_net\" \/>\n<meta name=\"twitter:label1\" content=\"Escrito por\" \/>\n\t<meta name=\"twitter:data1\" content=\"Jhonny Mollinedo\" \/>\n\t<meta name=\"twitter:label2\" content=\"Tiempo de lectura\" \/>\n\t<meta name=\"twitter:data2\" content=\"2 minutos\" \/>\n<script type=\"application\/ld+json\" class=\"yoast-schema-graph\">{\"@context\":\"https:\\\/\\\/schema.org\",\"@graph\":[{\"@type\":\"Article\",\"@id\":\"https:\\\/\\\/www.eldiario.net\\\/portal\\\/2026\\\/07\\\/06\\\/cristiano-ronaldo-confirma-su-adios-y-se-despide-de-las-copas-triste-por-salir-de-esta-manera-del-mundial\\\/#article\",\"isPartOf\":{\"@id\":\"https:\\\/\\\/www.eldiario.net\\\/portal\\\/2026\\\/07\\\/06\\\/cristiano-ronaldo-confirma-su-adios-y-se-despide-de-las-copas-triste-por-salir-de-esta-manera-del-mundial\\\/\"},\"author\":{\"name\":\"Jhonny Mollinedo\",\"@id\":\"https:\\\/\\\/www.eldiario.net\\\/portal\\\/#\\\/schema\\\/person\\\/4827a631df9f245a7e27ab829ae89ae3\"},\"headline\":\"Cristiano Ronaldo confirma su adi\u00f3s y se despide de las Copas: \u201cTriste por salir de esta manera del Mundial\u201d\",\"datePublished\":\"2026-07-07T01:00:14+00:00\",\"mainEntityOfPage\":{\"@id\":\"https:\\\/\\\/www.eldiario.net\\\/portal\\\/2026\\\/07\\\/06\\\/cristiano-ronaldo-confirma-su-adios-y-se-despide-de-las-copas-triste-por-salir-de-esta-manera-del-mundial\\\/\"},\"wordCount\":311,\"publisher\":{\"@id\":\"https:\\\/\\\/www.eldiario.net\\\/portal\\\/#organization\"},\"image\":{\"@id\":\"https:\\\/\\\/www.eldiario.net\\\/portal\\\/2026\\\/07\\\/06\\\/cristiano-ronaldo-confirma-su-adios-y-se-despide-de-las-copas-triste-por-salir-de-esta-manera-del-mundial\\\/#primaryimage\"},\"thumbnailUrl\":\"https:\\\/\\\/www.eldiario.net\\\/portal\\\/wp-content\\\/uploads\\\/2026\\\/07\\\/cr77-vale.webp\",\"articleSection\":[\"Deportes\"],\"inLanguage\":\"es\"},{\"@type\":\"WebPage\",\"@id\":\"https:\\\/\\\/www.eldiario.net\\\/portal\\\/2026\\\/07\\\/06\\\/cristiano-ronaldo-confirma-su-adios-y-se-despide-de-las-copas-triste-por-salir-de-esta-manera-del-mundial\\\/\",\"url\":\"https:\\\/\\\/www.eldiario.net\\\/portal\\\/2026\\\/07\\\/06\\\/cristiano-ronaldo-confirma-su-adios-y-se-despide-de-las-copas-triste-por-salir-de-esta-manera-del-mundial\\\/\",\"name\":\"Cristiano Ronaldo confirma su adi\u00f3s y se despide de las Copas: \u201cTriste por salir de esta manera del Mundial\u201d - El Diario - Bolivia\",\"isPartOf\":{\"@id\":\"https:\\\/\\\/www.eldiario.net\\\/portal\\\/#website\"},\"primaryImageOfPage\":{\"@id\":\"https:\\\/\\\/www.eldiario.net\\\/portal\\\/2026\\\/07\\\/06\\\/cristiano-ronaldo-confirma-su-adios-y-se-despide-de-las-copas-triste-por-salir-de-esta-manera-del-mundial\\\/#primaryimage\"},\"image\":{\"@id\":\"https:\\\/\\\/www.eldiario.net\\\/portal\\\/2026\\\/07\\\/06\\\/cristiano-ronaldo-confirma-su-adios-y-se-despide-de-las-copas-triste-por-salir-de-esta-manera-del-mundial\\\/#primaryimage\"},\"thumbnailUrl\":\"https:\\\/\\\/www.eldiario.net\\\/portal\\\/wp-content\\\/uploads\\\/2026\\\/07\\\/cr77-vale.webp\",\"datePublished\":\"2026-07-07T01:00:14+00:00\",\"breadcrumb\":{\"@id\":\"https:\\\/\\\/www.eldiario.net\\\/portal\\\/2026\\\/07\\\/06\\\/cristiano-ronaldo-confirma-su-adios-y-se-despide-de-las-copas-triste-por-salir-de-esta-manera-del-mundial\\\/#breadcrumb\"},\"inLanguage\":\"es\",\"potentialAction\":[{\"@type\":\"ReadAction\",\"target\":[\"https:\\\/\\\/www.eldiario.net\\\/portal\\\/2026\\\/07\\\/06\\\/cristiano-ronaldo-confirma-su-adios-y-se-despide-de-las-copas-triste-por-salir-de-esta-manera-del-mundial\\\/\"]}]},{\"@type\":\"ImageObject\",\"inLanguage\":\"es\",\"@id\":\"https:\\\/\\\/www.eldiario.net\\\/portal\\\/2026\\\/07\\\/06\\\/cristiano-ronaldo-confirma-su-adios-y-se-despide-de-las-copas-triste-por-salir-de-esta-manera-del-mundial\\\/#primaryimage\",\"url\":\"https:\\\/\\\/www.eldiario.net\\\/portal\\\/wp-content\\\/uploads\\\/2026\\\/07\\\/cr77-vale.webp\",\"contentUrl\":\"https:\\\/\\\/www.eldiario.net\\\/portal\\\/wp-content\\\/uploads\\\/2026\\\/07\\\/cr77-vale.webp\",\"width\":1000,\"height\":777},{\"@type\":\"BreadcrumbList\",\"@id\":\"https:\\\/\\\/www.eldiario.net\\\/portal\\\/2026\\\/07\\\/06\\\/cristiano-ronaldo-confirma-su-adios-y-se-despide-de-las-copas-triste-por-salir-de-esta-manera-del-mundial\\\/#breadcrumb\",\"itemListElement\":[{\"@type\":\"ListItem\",\"position\":1,\"name\":\"Portada\",\"item\":\"https:\\\/\\\/www.eldiario.net\\\/portal\\\/\"},{\"@type\":\"ListItem\",\"position\":2,\"name\":\"Cristiano Ronaldo confirma su adi\u00f3s y se despide de las Copas: \u201cTriste por salir de esta manera del Mundial\u201d\"}]},{\"@type\":\"WebSite\",\"@id\":\"https:\\\/\\\/www.eldiario.net\\\/portal\\\/#website\",\"url\":\"https:\\\/\\\/www.eldiario.net\\\/portal\\\/\",\"name\":\"El Diario - Decano de la prensa nacional\",\"description\":\"El Diario - Decano de la prensa nacional\",\"publisher\":{\"@id\":\"https:\\\/\\\/www.eldiario.net\\\/portal\\\/#organization\"},\"potentialAction\":[{\"@type\":\"SearchAction\",\"target\":{\"@type\":\"EntryPoint\",\"urlTemplate\":\"https:\\\/\\\/www.eldiario.net\\\/portal\\\/?s={search_term_string}\"},\"query-input\":{\"@type\":\"PropertyValueSpecification\",\"valueRequired\":true,\"valueName\":\"search_term_string\"}}],\"inLanguage\":\"es\"},{\"@type\":\"Organization\",\"@id\":\"https:\\\/\\\/www.eldiario.net\\\/portal\\\/#organization\",\"name\":\"El Diario - Decano de la prensa nacional\",\"url\":\"https:\\\/\\\/www.eldiario.net\\\/portal\\\/\",\"logo\":{\"@type\":\"ImageObject\",\"inLanguage\":\"es\",\"@id\":\"https:\\\/\\\/www.eldiario.net\\\/portal\\\/#\\\/schema\\\/logo\\\/image\\\/\",\"url\":\"https:\\\/\\\/www.eldiario.net\\\/portal\\\/wp-content\\\/uploads\\\/2023\\\/07\\\/logo_ED.jpg\",\"contentUrl\":\"https:\\\/\\\/www.eldiario.net\\\/portal\\\/wp-content\\\/uploads\\\/2023\\\/07\\\/logo_ED.jpg\",\"width\":272,\"height\":52,\"caption\":\"El Diario - Decano de la prensa nacional\"},\"image\":{\"@id\":\"https:\\\/\\\/www.eldiario.net\\\/portal\\\/#\\\/schema\\\/logo\\\/image\\\/\"},\"sameAs\":[\"https:\\\/\\\/www.facebook.com\\\/eldiario.bolivia\\\/\",\"https:\\\/\\\/x.com\\\/eldiario_net\"]},{\"@type\":\"Person\",\"@id\":\"https:\\\/\\\/www.eldiario.net\\\/portal\\\/#\\\/schema\\\/person\\\/4827a631df9f245a7e27ab829ae89ae3\",\"name\":\"Jhonny Mollinedo\",\"image\":{\"@type\":\"ImageObject\",\"inLanguage\":\"es\",\"@id\":\"https:\\\/\\\/secure.gravatar.com\\\/avatar\\\/3ea2118a5f7dad2b7138b1187a6b7ee55f160b9968b66013c3a3ef39dd7e5798?s=96&d=mm&r=g\",\"url\":\"https:\\\/\\\/secure.gravatar.com\\\/avatar\\\/3ea2118a5f7dad2b7138b1187a6b7ee55f160b9968b66013c3a3ef39dd7e5798?s=96&d=mm&r=g\",\"contentUrl\":\"https:\\\/\\\/secure.gravatar.com\\\/avatar\\\/3ea2118a5f7dad2b7138b1187a6b7ee55f160b9968b66013c3a3ef39dd7e5798?s=96&d=mm&r=g\",\"caption\":\"Jhonny Mollinedo\"},\"url\":\"https:\\\/\\\/www.eldiario.net\\\/portal\\\/author\\\/deportes\\\/\"}]}<\/script>\n<!-- \/ Yoast SEO plugin. -->","yoast_head_json":{"title":"Cristiano Ronaldo confirma su adi\u00f3s y se despide de las Copas: \u201cTriste por salir de esta manera del Mundial\u201d - El Diario - Bolivia","robots":{"index":"index","follow":"follow","max-snippet":"max-snippet:-1","max-image-preview":"max-image-preview:large","max-video-preview":"max-video-preview:-1"},"canonical":"https:\/\/www.eldiario.net\/portal\/2026\/07\/06\/cristiano-ronaldo-confirma-su-adios-y-se-despide-de-las-copas-triste-por-salir-de-esta-manera-del-mundial\/","og_locale":"es_ES","og_type":"article","og_title":"Cristiano Ronaldo confirma su adi\u00f3s y se despide de las Copas: \u201cTriste por salir de esta manera del Mundial\u201d - El Diario - Bolivia","og_description":"FIFA La derrota por 1-0 ante la selecci\u00f3n de Espa\u00f1a , este lunes 6 de julio en Dallas, marc\u00f3 la final de una historia de 20 a\u00f1os y seis ediciones escritas por Cristiano Ronaldo con la camiseta de la selecci\u00f3n portuguesa en las Copas Mundiales de la FIFA . Despu\u00e9s del partido que puso fin [&hellip;]","og_url":"https:\/\/www.eldiario.net\/portal\/2026\/07\/06\/cristiano-ronaldo-confirma-su-adios-y-se-despide-de-las-copas-triste-por-salir-de-esta-manera-del-mundial\/","og_site_name":"El Diario - Bolivia","article_publisher":"https:\/\/www.facebook.com\/eldiario.bolivia\/","article_published_time":"2026-07-07T01:00:14+00:00","og_image":[{"width":1000,"height":777,"url":"https:\/\/www.eldiario.net\/portal\/wp-content\/uploads\/2026\/07\/cr77-vale.webp","type":"image\/webp"}],"author":"Jhonny Mollinedo","twitter_card":"summary_large_image","twitter_creator":"@eldiario_net","twitter_site":"@eldiario_net","twitter_misc":{"Escrito por":"Jhonny Mollinedo","Tiempo de lectura":"2 minutos"},"schema":{"@context":"https:\/\/schema.org","@graph":[{"@type":"Article","@id":"https:\/\/www.eldiario.net\/portal\/2026\/07\/06\/cristiano-ronaldo-confirma-su-adios-y-se-despide-de-las-copas-triste-por-salir-de-esta-manera-del-mundial\/#article","isPartOf":{"@id":"https:\/\/www.eldiario.net\/portal\/2026\/07\/06\/cristiano-ronaldo-confirma-su-adios-y-se-despide-de-las-copas-triste-por-salir-de-esta-manera-del-mundial\/"},"author":{"name":"Jhonny Mollinedo","@id":"https:\/\/www.eldiario.net\/portal\/#\/schema\/person\/4827a631df9f245a7e27ab829ae89ae3"},"headline":"Cristiano Ronaldo confirma su adi\u00f3s y se despide de las Copas: \u201cTriste por salir de esta manera del Mundial\u201d","datePublished":"2026-07-07T01:00:14+00:00","mainEntityOfPage":{"@id":"https:\/\/www.eldiario.net\/portal\/2026\/07\/06\/cristiano-ronaldo-confirma-su-adios-y-se-despide-de-las-copas-triste-por-salir-de-esta-manera-del-mundial\/"},"wordCount":311,"publisher":{"@id":"https:\/\/www.eldiario.net\/portal\/#organization"},"image":{"@id":"https:\/\/www.eldiario.net\/portal\/2026\/07\/06\/cristiano-ronaldo-confirma-su-adios-y-se-despide-de-las-copas-triste-por-salir-de-esta-manera-del-mundial\/#primaryimage"},"thumbnailUrl":"https:\/\/www.eldiario.net\/portal\/wp-content\/uploads\/2026\/07\/cr77-vale.webp","articleSection":["Deportes"],"inLanguage":"es"},{"@type":"WebPage","@id":"https:\/\/www.eldiario.net\/portal\/2026\/07\/06\/cristiano-ronaldo-confirma-su-adios-y-se-despide-de-las-copas-triste-por-salir-de-esta-manera-del-mundial\/","url":"https:\/\/www.eldiario.net\/portal\/2026\/07\/06\/cristiano-ronaldo-confirma-su-adios-y-se-despide-de-las-copas-triste-por-salir-de-esta-manera-del-mundial\/","name":"Cristiano Ronaldo confirma su adi\u00f3s y se despide de las Copas: \u201cTriste por salir de esta manera del Mundial\u201d - El Diario - Bolivia","isPartOf":{"@id":"https:\/\/www.eldiario.net\/portal\/#website"},"primaryImageOfPage":{"@id":"https:\/\/www.eldiario.net\/portal\/2026\/07\/06\/cristiano-ronaldo-confirma-su-adios-y-se-despide-de-las-copas-triste-por-salir-de-esta-manera-del-mundial\/#primaryimage"},"image":{"@id":"https:\/\/www.eldiario.net\/portal\/2026\/07\/06\/cristiano-ronaldo-confirma-su-adios-y-se-despide-de-las-copas-triste-por-salir-de-esta-manera-del-mundial\/#primaryimage"},"thumbnailUrl":"https:\/\/www.eldiario.net\/portal\/wp-content\/uploads\/2026\/07\/cr77-vale.webp","datePublished":"2026-07-07T01:00:14+00:00","breadcrumb":{"@id":"https:\/\/www.eldiario.net\/portal\/2026\/07\/06\/cristiano-ronaldo-confirma-su-adios-y-se-despide-de-las-copas-triste-por-salir-de-esta-manera-del-mundial\/#breadcrumb"},"inLanguage":"es","potentialAction":[{"@type":"ReadAction","target":["https:\/\/www.eldiario.net\/portal\/2026\/07\/06\/cristiano-ronaldo-confirma-su-adios-y-se-despide-de-las-copas-triste-por-salir-de-esta-manera-del-mundial\/"]}]},{"@type":"ImageObject","inLanguage":"es","@id":"https:\/\/www.eldiario.net\/portal\/2026\/07\/06\/cristiano-ronaldo-confirma-su-adios-y-se-despide-de-las-copas-triste-por-salir-de-esta-manera-del-mundial\/#primaryimage","url":"https:\/\/www.eldiario.net\/portal\/wp-content\/uploads\/2026\/07\/cr77-vale.webp","contentUrl":"https:\/\/www.eldiario.net\/portal\/wp-content\/uploads\/2026\/07\/cr77-vale.webp","width":1000,"height":777},{"@type":"BreadcrumbList","@id":"https:\/\/www.eldiario.net\/portal\/2026\/07\/06\/cristiano-ronaldo-confirma-su-adios-y-se-despide-de-las-copas-triste-por-salir-de-esta-manera-del-mundial\/#breadcrumb","itemListElement":[{"@type":"ListItem","position":1,"name":"Portada","item":"https:\/\/www.eldiario.net\/portal\/"},{"@type":"ListItem","position":2,"name":"Cristiano Ronaldo confirma su adi\u00f3s y se despide de las Copas: \u201cTriste por salir de esta manera del Mundial\u201d"}]},{"@type":"WebSite","@id":"https:\/\/www.eldiario.net\/portal\/#website","url":"https:\/\/www.eldiario.net\/portal\/","name":"El Diario - Decano de la prensa nacional","description":"El Diario - Decano de la prensa nacional","publisher":{"@id":"https:\/\/www.eldiario.net\/portal\/#organization"},"potentialAction":[{"@type":"SearchAction","target":{"@type":"EntryPoint","urlTemplate":"https:\/\/www.eldiario.net\/portal\/?s={search_term_string}"},"query-input":{"@type":"PropertyValueSpecification","valueRequired":true,"valueName":"search_term_string"}}],"inLanguage":"es"},{"@type":"Organization","@id":"https:\/\/www.eldiario.net\/portal\/#organization","name":"El Diario - Decano de la prensa nacional","url":"https:\/\/www.eldiario.net\/portal\/","logo":{"@type":"ImageObject","inLanguage":"es","@id":"https:\/\/www.eldiario.net\/portal\/#\/schema\/logo\/image\/","url":"https:\/\/www.eldiario.net\/portal\/wp-content\/uploads\/2023\/07\/logo_ED.jpg","contentUrl":"https:\/\/www.eldiario.net\/portal\/wp-content\/uploads\/2023\/07\/logo_ED.jpg","width":272,"height":52,"caption":"El Diario - Decano de la prensa nacional"},"image":{"@id":"https:\/\/www.eldiario.net\/portal\/#\/schema\/logo\/image\/"},"sameAs":["https:\/\/www.facebook.com\/eldiario.bolivia\/","https:\/\/x.com\/eldiario_net"]},{"@type":"Person","@id":"https:\/\/www.eldiario.net\/portal\/#\/schema\/person\/4827a631df9f245a7e27ab829ae89ae3","name":"Jhonny Mollinedo","image":{"@type":"ImageObject","inLanguage":"es","@id":"https:\/\/secure.gravatar.com\/avatar\/3ea2118a5f7dad2b7138b1187a6b7ee55f160b9968b66013c3a3ef39dd7e5798?s=96&d=mm&r=g","url":"https:\/\/secure.gravatar.com\/avatar\/3ea2118a5f7dad2b7138b1187a6b7ee55f160b9968b66013c3a3ef39dd7e5798?s=96&d=mm&r=g","contentUrl":"https:\/\/secure.gravatar.com\/avatar\/3ea2118a5f7dad2b7138b1187a6b7ee55f160b9968b66013c3a3ef39dd7e5798?s=96&d=mm&r=g","caption":"Jhonny Mollinedo"},"url":"https:\/\/www.eldiario.net\/portal\/author\/deportes\/"}]}},"_links":{"self":[{"href":"https:\/\/www.eldiario.net\/portal\/wp-json\/wp\/v2\/posts\/410365","targetHints":{"allow":["GET"]}}],"collection":[{"href":"https:\/\/www.eldiario.net\/portal\/wp-json\/wp\/v2\/posts"}],"about":[{"href":"https:\/\/www.eldiario.net\/portal\/wp-json\/wp\/v2\/types\/post"}],"author":[{"embeddable":true,"href":"https:\/\/www.eldiario.net\/portal\/wp-json\/wp\/v2\/users\/3"}],"replies":[{"embeddable":true,"href":"https:\/\/www.eldiario.net\/portal\/wp-json\/wp\/v2\/comments?post=410365"}],"version-history":[{"count":1,"href":"https:\/\/www.eldiario.net\/portal\/wp-json\/wp\/v2\/posts\/410365\/revisions"}],"predecessor-version":[{"id":410367,"href":"https:\/\/www.eldiario.net\/portal\/wp-json\/wp\/v2\/posts\/410365\/revisions\/410367"}],"wp:featuredmedia":[{"embeddable":true,"href":"https:\/\/www.eldiario.net\/portal\/wp-json\/wp\/v2\/media\/410366"}],"wp:attachment":[{"href":"https:\/\/www.eldiario.net\/portal\/wp-json\/wp\/v2\/media?parent=410365"}],"wp:term":[{"taxonomy":"category","embeddable":true,"href":"https:\/\/www.eldiario.net\/portal\/wp-json\/wp\/v2\/categories?post=410365"},{"taxonomy":"post_tag","embeddable":true,"href":"https:\/\/www.eldiario.net\/portal\/wp-json\/wp\/v2\/tags?post=410365"}],"curies":[{"name":"wp","href":"https:\/\/api.w.org\/{rel}","templated":true}]}}