{"id":410358,"date":"2026-07-06T18:45:18","date_gmt":"2026-07-06T22:45:18","guid":{"rendered":"https:\/\/www.eldiario.net\/portal\/?p=410358"},"modified":"2026-07-06T18:45:18","modified_gmt":"2026-07-06T22:45:18","slug":"mikel-merino-y-ferran-torres-dejan-sin-el-sueno-de-la-copa-mundial-a-cristiano-ronaldo","status":"publish","type":"post","link":"https:\/\/www.eldiario.net\/portal\/2026\/07\/06\/mikel-merino-y-ferran-torres-dejan-sin-el-sueno-de-la-copa-mundial-a-cristiano-ronaldo\/","title":{"rendered":"Mikel Merino y Ferran Torres dejan sin el sue\u00f1o de la Copa Mundial a Cristiano Ronaldo"},"content":{"rendered":"<p>FIFA<\/p>\n<p>Espa\u00f1a vuelve 16 a\u00f1os despu\u00e9s a los cuartos de final de la Copa Mundial de la FIFA. El cuadro de Luis de la Fuente fue de menos a m\u00e1s ante Portugal y termin\u00f3 encontrando la victoria en el 90 con un gol de Mikel Merino a pase de un Ferran Torres que se reivindica con buenos minutos. Rodri Hern\u00e1ndez fue escogido mejor jugador del partido: el Bal\u00f3n de Oro hizo su mejor partido de la Copa Mundial 2026, dominando la batalla del centro del campo.<\/p>\n<p>Como en Sud\u00e1frica, Espa\u00f1a dej\u00f3 en la lona a Portugal para acceder a cuartos, esta vez, en el \u00faltimo encuentro de Cristiano Ronaldo en el torneo.<\/p>\n<p>El partido comenz\u00f3 con dominio alterno pero con una ocasi\u00f3n muy clara para el equipo espa\u00f1ol en el minuto siete. Dani Olmo pill\u00f3 a contra pie a la zaga lusa y dej\u00f3 solo a Oyarzabal ante el portero pero no estuvo atinado en el mano a mano y desaprovech\u00f3 la oportunidad.<\/p>\n<p>La mejor de Portugal antes del descanso lleg\u00f3 por medio de Nuno Mendes, cuyo disparo toc\u00f3 en Pedro Porro y solo el travesa\u00f1o evit\u00f3 el gol del equipo de Roberto Mart\u00ednez. Antes, Unai Sim\u00f3n desbarat\u00f3 una oportunidad de Cristiano tras cesi\u00f3n de Joao F\u00e9lix en la que CR7 remat\u00f3 demasiado forzado.<\/p>\n<p>Los lusos tuvieron una perdida important\u00edsima en los primeros compases del segundo acto cuando Nuno Mendes tuvo que marcharse lesionado por un problema muscular tras seguir a Lamine en una de sus intentonas por banda.<\/p>\n<p>Espa\u00f1a cada vez ten\u00eda m\u00e1s y m\u00e1s la pelota y comenzaba a dominar el partido ante una Portugal a la que le costaba mucho m\u00e1s llegar al \u00e1rea de Unai Sim\u00f3n. La entrada de Ferran Torres, muy criticado tras el primer partido ante Cabo Verde, le sent\u00f3 de cine al cuadro espa\u00f1ol, el cual termin\u00f3 encontrando premio en los \u00faltimos instantes.<\/p>\n<p>Tras una falta cercana al \u00e1rea, Espa\u00f1a sac\u00f3 r\u00e1pido, encontr\u00f3 a Ferran que filtr\u00f3 un gran pase para Mikel Merino que defini\u00f3 perfecto, raso y junto al palo de Diogo Costa. El cuadro espa\u00f1ol supo aguantar y sufrir los minutos finales del tiempo de descuento para obtener el pase a cuartos de final por primera vez en 16 a\u00f1os. (Foto FIFA)<\/p>\n","protected":false},"excerpt":{"rendered":"<p>FIFA Espa\u00f1a vuelve 16 a\u00f1os despu\u00e9s a los cuartos de final de la Copa Mundial de la FIFA. El cuadro de Luis de la Fuente fue de menos a m\u00e1s ante Portugal y termin\u00f3 encontrando la victoria en el 90 con un gol de Mikel Merino a pase de un Ferran Torres que se reivindica [&hellip;]<\/p>\n","protected":false},"author":3,"featured_media":410363,"comment_status":"closed","ping_status":"open","sticky":false,"template":"","format":"standard","meta":{"_acf_changed":false,"footnotes":""},"categories":[6],"tags":[],"class_list":["post-410358","post","type-post","status-publish","format-standard","has-post-thumbnail","category-deportes"],"acf":{"antetitulo":""},"yoast_head":"<!-- This site is optimized with the Yoast SEO plugin v28.4 - https:\/\/yoast.com\/product\/yoast-seo-wordpress\/ -->\n<title>Mikel Merino y Ferran Torres dejan sin el sue\u00f1o de la Copa Mundial a Cristiano Ronaldo - El Diario - Bolivia<\/title>\n<meta name=\"robots\" content=\"index, follow, max-snippet:-1, max-image-preview:large, max-video-preview:-1\" \/>\n<link rel=\"canonical\" href=\"https:\/\/www.eldiario.net\/portal\/2026\/07\/06\/mikel-merino-y-ferran-torres-dejan-sin-el-sueno-de-la-copa-mundial-a-cristiano-ronaldo\/\" \/>\n<meta property=\"og:locale\" content=\"es_ES\" \/>\n<meta property=\"og:type\" content=\"article\" \/>\n<meta property=\"og:title\" content=\"Mikel Merino y Ferran Torres dejan sin el sue\u00f1o de la Copa Mundial a Cristiano Ronaldo - El Diario - Bolivia\" \/>\n<meta property=\"og:description\" content=\"FIFA Espa\u00f1a vuelve 16 a\u00f1os despu\u00e9s a los cuartos de final de la Copa Mundial de la FIFA. El cuadro de Luis de la Fuente fue de menos a m\u00e1s ante Portugal y termin\u00f3 encontrando la victoria en el 90 con un gol de Mikel Merino a pase de un Ferran Torres que se reivindica [&hellip;]\" \/>\n<meta property=\"og:url\" content=\"https:\/\/www.eldiario.net\/portal\/2026\/07\/06\/mikel-merino-y-ferran-torres-dejan-sin-el-sueno-de-la-copa-mundial-a-cristiano-ronaldo\/\" \/>\n<meta property=\"og:site_name\" content=\"El Diario - Bolivia\" \/>\n<meta property=\"article:publisher\" content=\"https:\/\/www.facebook.com\/eldiario.bolivia\/\" \/>\n<meta property=\"article:published_time\" content=\"2026-07-06T22:45:18+00:00\" \/>\n<meta property=\"og:image\" content=\"https:\/\/www.eldiario.net\/portal\/wp-content\/uploads\/2026\/07\/MERINO.webp\" \/>\n\t<meta property=\"og:image:width\" content=\"1080\" \/>\n\t<meta property=\"og:image:height\" content=\"736\" \/>\n\t<meta property=\"og:image:type\" content=\"image\/webp\" \/>\n<meta name=\"author\" content=\"Jhonny Mollinedo\" \/>\n<meta name=\"twitter:card\" content=\"summary_large_image\" \/>\n<meta name=\"twitter:creator\" content=\"@eldiario_net\" \/>\n<meta name=\"twitter:site\" content=\"@eldiario_net\" \/>\n<meta name=\"twitter:label1\" content=\"Escrito por\" \/>\n\t<meta name=\"twitter:data1\" content=\"Jhonny Mollinedo\" \/>\n\t<meta name=\"twitter:label2\" content=\"Tiempo de lectura\" \/>\n\t<meta name=\"twitter:data2\" content=\"2 minutos\" \/>\n<script type=\"application\/ld+json\" class=\"yoast-schema-graph\">{\"@context\":\"https:\\\/\\\/schema.org\",\"@graph\":[{\"@type\":\"Article\",\"@id\":\"https:\\\/\\\/www.eldiario.net\\\/portal\\\/2026\\\/07\\\/06\\\/mikel-merino-y-ferran-torres-dejan-sin-el-sueno-de-la-copa-mundial-a-cristiano-ronaldo\\\/#article\",\"isPartOf\":{\"@id\":\"https:\\\/\\\/www.eldiario.net\\\/portal\\\/2026\\\/07\\\/06\\\/mikel-merino-y-ferran-torres-dejan-sin-el-sueno-de-la-copa-mundial-a-cristiano-ronaldo\\\/\"},\"author\":{\"name\":\"Jhonny Mollinedo\",\"@id\":\"https:\\\/\\\/www.eldiario.net\\\/portal\\\/#\\\/schema\\\/person\\\/4827a631df9f245a7e27ab829ae89ae3\"},\"headline\":\"Mikel Merino y Ferran Torres dejan sin el sue\u00f1o de la Copa Mundial a Cristiano Ronaldo\",\"datePublished\":\"2026-07-06T22:45:18+00:00\",\"mainEntityOfPage\":{\"@id\":\"https:\\\/\\\/www.eldiario.net\\\/portal\\\/2026\\\/07\\\/06\\\/mikel-merino-y-ferran-torres-dejan-sin-el-sueno-de-la-copa-mundial-a-cristiano-ronaldo\\\/\"},\"wordCount\":411,\"publisher\":{\"@id\":\"https:\\\/\\\/www.eldiario.net\\\/portal\\\/#organization\"},\"image\":{\"@id\":\"https:\\\/\\\/www.eldiario.net\\\/portal\\\/2026\\\/07\\\/06\\\/mikel-merino-y-ferran-torres-dejan-sin-el-sueno-de-la-copa-mundial-a-cristiano-ronaldo\\\/#primaryimage\"},\"thumbnailUrl\":\"https:\\\/\\\/www.eldiario.net\\\/portal\\\/wp-content\\\/uploads\\\/2026\\\/07\\\/MERINO.webp\",\"articleSection\":[\"Deportes\"],\"inLanguage\":\"es\"},{\"@type\":\"WebPage\",\"@id\":\"https:\\\/\\\/www.eldiario.net\\\/portal\\\/2026\\\/07\\\/06\\\/mikel-merino-y-ferran-torres-dejan-sin-el-sueno-de-la-copa-mundial-a-cristiano-ronaldo\\\/\",\"url\":\"https:\\\/\\\/www.eldiario.net\\\/portal\\\/2026\\\/07\\\/06\\\/mikel-merino-y-ferran-torres-dejan-sin-el-sueno-de-la-copa-mundial-a-cristiano-ronaldo\\\/\",\"name\":\"Mikel Merino y Ferran Torres dejan sin el sue\u00f1o de la Copa Mundial a Cristiano Ronaldo - El Diario - Bolivia\",\"isPartOf\":{\"@id\":\"https:\\\/\\\/www.eldiario.net\\\/portal\\\/#website\"},\"primaryImageOfPage\":{\"@id\":\"https:\\\/\\\/www.eldiario.net\\\/portal\\\/2026\\\/07\\\/06\\\/mikel-merino-y-ferran-torres-dejan-sin-el-sueno-de-la-copa-mundial-a-cristiano-ronaldo\\\/#primaryimage\"},\"image\":{\"@id\":\"https:\\\/\\\/www.eldiario.net\\\/portal\\\/2026\\\/07\\\/06\\\/mikel-merino-y-ferran-torres-dejan-sin-el-sueno-de-la-copa-mundial-a-cristiano-ronaldo\\\/#primaryimage\"},\"thumbnailUrl\":\"https:\\\/\\\/www.eldiario.net\\\/portal\\\/wp-content\\\/uploads\\\/2026\\\/07\\\/MERINO.webp\",\"datePublished\":\"2026-07-06T22:45:18+00:00\",\"breadcrumb\":{\"@id\":\"https:\\\/\\\/www.eldiario.net\\\/portal\\\/2026\\\/07\\\/06\\\/mikel-merino-y-ferran-torres-dejan-sin-el-sueno-de-la-copa-mundial-a-cristiano-ronaldo\\\/#breadcrumb\"},\"inLanguage\":\"es\",\"potentialAction\":[{\"@type\":\"ReadAction\",\"target\":[\"https:\\\/\\\/www.eldiario.net\\\/portal\\\/2026\\\/07\\\/06\\\/mikel-merino-y-ferran-torres-dejan-sin-el-sueno-de-la-copa-mundial-a-cristiano-ronaldo\\\/\"]}]},{\"@type\":\"ImageObject\",\"inLanguage\":\"es\",\"@id\":\"https:\\\/\\\/www.eldiario.net\\\/portal\\\/2026\\\/07\\\/06\\\/mikel-merino-y-ferran-torres-dejan-sin-el-sueno-de-la-copa-mundial-a-cristiano-ronaldo\\\/#primaryimage\",\"url\":\"https:\\\/\\\/www.eldiario.net\\\/portal\\\/wp-content\\\/uploads\\\/2026\\\/07\\\/MERINO.webp\",\"contentUrl\":\"https:\\\/\\\/www.eldiario.net\\\/portal\\\/wp-content\\\/uploads\\\/2026\\\/07\\\/MERINO.webp\",\"width\":1080,\"height\":736},{\"@type\":\"BreadcrumbList\",\"@id\":\"https:\\\/\\\/www.eldiario.net\\\/portal\\\/2026\\\/07\\\/06\\\/mikel-merino-y-ferran-torres-dejan-sin-el-sueno-de-la-copa-mundial-a-cristiano-ronaldo\\\/#breadcrumb\",\"itemListElement\":[{\"@type\":\"ListItem\",\"position\":1,\"name\":\"Portada\",\"item\":\"https:\\\/\\\/www.eldiario.net\\\/portal\\\/\"},{\"@type\":\"ListItem\",\"position\":2,\"name\":\"Mikel Merino y Ferran Torres dejan sin el sue\u00f1o de la Copa Mundial a Cristiano Ronaldo\"}]},{\"@type\":\"WebSite\",\"@id\":\"https:\\\/\\\/www.eldiario.net\\\/portal\\\/#website\",\"url\":\"https:\\\/\\\/www.eldiario.net\\\/portal\\\/\",\"name\":\"El Diario - Decano de la prensa nacional\",\"description\":\"El Diario - Decano de la prensa nacional\",\"publisher\":{\"@id\":\"https:\\\/\\\/www.eldiario.net\\\/portal\\\/#organization\"},\"potentialAction\":[{\"@type\":\"SearchAction\",\"target\":{\"@type\":\"EntryPoint\",\"urlTemplate\":\"https:\\\/\\\/www.eldiario.net\\\/portal\\\/?s={search_term_string}\"},\"query-input\":{\"@type\":\"PropertyValueSpecification\",\"valueRequired\":true,\"valueName\":\"search_term_string\"}}],\"inLanguage\":\"es\"},{\"@type\":\"Organization\",\"@id\":\"https:\\\/\\\/www.eldiario.net\\\/portal\\\/#organization\",\"name\":\"El Diario - Decano de la prensa nacional\",\"url\":\"https:\\\/\\\/www.eldiario.net\\\/portal\\\/\",\"logo\":{\"@type\":\"ImageObject\",\"inLanguage\":\"es\",\"@id\":\"https:\\\/\\\/www.eldiario.net\\\/portal\\\/#\\\/schema\\\/logo\\\/image\\\/\",\"url\":\"https:\\\/\\\/www.eldiario.net\\\/portal\\\/wp-content\\\/uploads\\\/2023\\\/07\\\/logo_ED.jpg\",\"contentUrl\":\"https:\\\/\\\/www.eldiario.net\\\/portal\\\/wp-content\\\/uploads\\\/2023\\\/07\\\/logo_ED.jpg\",\"width\":272,\"height\":52,\"caption\":\"El Diario - Decano de la prensa nacional\"},\"image\":{\"@id\":\"https:\\\/\\\/www.eldiario.net\\\/portal\\\/#\\\/schema\\\/logo\\\/image\\\/\"},\"sameAs\":[\"https:\\\/\\\/www.facebook.com\\\/eldiario.bolivia\\\/\",\"https:\\\/\\\/x.com\\\/eldiario_net\"]},{\"@type\":\"Person\",\"@id\":\"https:\\\/\\\/www.eldiario.net\\\/portal\\\/#\\\/schema\\\/person\\\/4827a631df9f245a7e27ab829ae89ae3\",\"name\":\"Jhonny Mollinedo\",\"image\":{\"@type\":\"ImageObject\",\"inLanguage\":\"es\",\"@id\":\"https:\\\/\\\/secure.gravatar.com\\\/avatar\\\/3ea2118a5f7dad2b7138b1187a6b7ee55f160b9968b66013c3a3ef39dd7e5798?s=96&d=mm&r=g\",\"url\":\"https:\\\/\\\/secure.gravatar.com\\\/avatar\\\/3ea2118a5f7dad2b7138b1187a6b7ee55f160b9968b66013c3a3ef39dd7e5798?s=96&d=mm&r=g\",\"contentUrl\":\"https:\\\/\\\/secure.gravatar.com\\\/avatar\\\/3ea2118a5f7dad2b7138b1187a6b7ee55f160b9968b66013c3a3ef39dd7e5798?s=96&d=mm&r=g\",\"caption\":\"Jhonny Mollinedo\"},\"url\":\"https:\\\/\\\/www.eldiario.net\\\/portal\\\/author\\\/deportes\\\/\"}]}<\/script>\n<!-- \/ Yoast SEO plugin. -->","yoast_head_json":{"title":"Mikel Merino y Ferran Torres dejan sin el sue\u00f1o de la Copa Mundial a Cristiano Ronaldo - El Diario - Bolivia","robots":{"index":"index","follow":"follow","max-snippet":"max-snippet:-1","max-image-preview":"max-image-preview:large","max-video-preview":"max-video-preview:-1"},"canonical":"https:\/\/www.eldiario.net\/portal\/2026\/07\/06\/mikel-merino-y-ferran-torres-dejan-sin-el-sueno-de-la-copa-mundial-a-cristiano-ronaldo\/","og_locale":"es_ES","og_type":"article","og_title":"Mikel Merino y Ferran Torres dejan sin el sue\u00f1o de la Copa Mundial a Cristiano Ronaldo - El Diario - Bolivia","og_description":"FIFA Espa\u00f1a vuelve 16 a\u00f1os despu\u00e9s a los cuartos de final de la Copa Mundial de la FIFA. El cuadro de Luis de la Fuente fue de menos a m\u00e1s ante Portugal y termin\u00f3 encontrando la victoria en el 90 con un gol de Mikel Merino a pase de un Ferran Torres que se reivindica [&hellip;]","og_url":"https:\/\/www.eldiario.net\/portal\/2026\/07\/06\/mikel-merino-y-ferran-torres-dejan-sin-el-sueno-de-la-copa-mundial-a-cristiano-ronaldo\/","og_site_name":"El Diario - Bolivia","article_publisher":"https:\/\/www.facebook.com\/eldiario.bolivia\/","article_published_time":"2026-07-06T22:45:18+00:00","og_image":[{"width":1080,"height":736,"url":"https:\/\/www.eldiario.net\/portal\/wp-content\/uploads\/2026\/07\/MERINO.webp","type":"image\/webp"}],"author":"Jhonny Mollinedo","twitter_card":"summary_large_image","twitter_creator":"@eldiario_net","twitter_site":"@eldiario_net","twitter_misc":{"Escrito por":"Jhonny Mollinedo","Tiempo de lectura":"2 minutos"},"schema":{"@context":"https:\/\/schema.org","@graph":[{"@type":"Article","@id":"https:\/\/www.eldiario.net\/portal\/2026\/07\/06\/mikel-merino-y-ferran-torres-dejan-sin-el-sueno-de-la-copa-mundial-a-cristiano-ronaldo\/#article","isPartOf":{"@id":"https:\/\/www.eldiario.net\/portal\/2026\/07\/06\/mikel-merino-y-ferran-torres-dejan-sin-el-sueno-de-la-copa-mundial-a-cristiano-ronaldo\/"},"author":{"name":"Jhonny Mollinedo","@id":"https:\/\/www.eldiario.net\/portal\/#\/schema\/person\/4827a631df9f245a7e27ab829ae89ae3"},"headline":"Mikel Merino y Ferran Torres dejan sin el sue\u00f1o de la Copa Mundial a Cristiano Ronaldo","datePublished":"2026-07-06T22:45:18+00:00","mainEntityOfPage":{"@id":"https:\/\/www.eldiario.net\/portal\/2026\/07\/06\/mikel-merino-y-ferran-torres-dejan-sin-el-sueno-de-la-copa-mundial-a-cristiano-ronaldo\/"},"wordCount":411,"publisher":{"@id":"https:\/\/www.eldiario.net\/portal\/#organization"},"image":{"@id":"https:\/\/www.eldiario.net\/portal\/2026\/07\/06\/mikel-merino-y-ferran-torres-dejan-sin-el-sueno-de-la-copa-mundial-a-cristiano-ronaldo\/#primaryimage"},"thumbnailUrl":"https:\/\/www.eldiario.net\/portal\/wp-content\/uploads\/2026\/07\/MERINO.webp","articleSection":["Deportes"],"inLanguage":"es"},{"@type":"WebPage","@id":"https:\/\/www.eldiario.net\/portal\/2026\/07\/06\/mikel-merino-y-ferran-torres-dejan-sin-el-sueno-de-la-copa-mundial-a-cristiano-ronaldo\/","url":"https:\/\/www.eldiario.net\/portal\/2026\/07\/06\/mikel-merino-y-ferran-torres-dejan-sin-el-sueno-de-la-copa-mundial-a-cristiano-ronaldo\/","name":"Mikel Merino y Ferran Torres dejan sin el sue\u00f1o de la Copa Mundial a Cristiano Ronaldo - El Diario - Bolivia","isPartOf":{"@id":"https:\/\/www.eldiario.net\/portal\/#website"},"primaryImageOfPage":{"@id":"https:\/\/www.eldiario.net\/portal\/2026\/07\/06\/mikel-merino-y-ferran-torres-dejan-sin-el-sueno-de-la-copa-mundial-a-cristiano-ronaldo\/#primaryimage"},"image":{"@id":"https:\/\/www.eldiario.net\/portal\/2026\/07\/06\/mikel-merino-y-ferran-torres-dejan-sin-el-sueno-de-la-copa-mundial-a-cristiano-ronaldo\/#primaryimage"},"thumbnailUrl":"https:\/\/www.eldiario.net\/portal\/wp-content\/uploads\/2026\/07\/MERINO.webp","datePublished":"2026-07-06T22:45:18+00:00","breadcrumb":{"@id":"https:\/\/www.eldiario.net\/portal\/2026\/07\/06\/mikel-merino-y-ferran-torres-dejan-sin-el-sueno-de-la-copa-mundial-a-cristiano-ronaldo\/#breadcrumb"},"inLanguage":"es","potentialAction":[{"@type":"ReadAction","target":["https:\/\/www.eldiario.net\/portal\/2026\/07\/06\/mikel-merino-y-ferran-torres-dejan-sin-el-sueno-de-la-copa-mundial-a-cristiano-ronaldo\/"]}]},{"@type":"ImageObject","inLanguage":"es","@id":"https:\/\/www.eldiario.net\/portal\/2026\/07\/06\/mikel-merino-y-ferran-torres-dejan-sin-el-sueno-de-la-copa-mundial-a-cristiano-ronaldo\/#primaryimage","url":"https:\/\/www.eldiario.net\/portal\/wp-content\/uploads\/2026\/07\/MERINO.webp","contentUrl":"https:\/\/www.eldiario.net\/portal\/wp-content\/uploads\/2026\/07\/MERINO.webp","width":1080,"height":736},{"@type":"BreadcrumbList","@id":"https:\/\/www.eldiario.net\/portal\/2026\/07\/06\/mikel-merino-y-ferran-torres-dejan-sin-el-sueno-de-la-copa-mundial-a-cristiano-ronaldo\/#breadcrumb","itemListElement":[{"@type":"ListItem","position":1,"name":"Portada","item":"https:\/\/www.eldiario.net\/portal\/"},{"@type":"ListItem","position":2,"name":"Mikel Merino y Ferran Torres dejan sin el sue\u00f1o de la Copa Mundial a Cristiano Ronaldo"}]},{"@type":"WebSite","@id":"https:\/\/www.eldiario.net\/portal\/#website","url":"https:\/\/www.eldiario.net\/portal\/","name":"El Diario - Decano de la prensa nacional","description":"El Diario - Decano de la prensa nacional","publisher":{"@id":"https:\/\/www.eldiario.net\/portal\/#organization"},"potentialAction":[{"@type":"SearchAction","target":{"@type":"EntryPoint","urlTemplate":"https:\/\/www.eldiario.net\/portal\/?s={search_term_string}"},"query-input":{"@type":"PropertyValueSpecification","valueRequired":true,"valueName":"search_term_string"}}],"inLanguage":"es"},{"@type":"Organization","@id":"https:\/\/www.eldiario.net\/portal\/#organization","name":"El Diario - Decano de la prensa nacional","url":"https:\/\/www.eldiario.net\/portal\/","logo":{"@type":"ImageObject","inLanguage":"es","@id":"https:\/\/www.eldiario.net\/portal\/#\/schema\/logo\/image\/","url":"https:\/\/www.eldiario.net\/portal\/wp-content\/uploads\/2023\/07\/logo_ED.jpg","contentUrl":"https:\/\/www.eldiario.net\/portal\/wp-content\/uploads\/2023\/07\/logo_ED.jpg","width":272,"height":52,"caption":"El Diario - Decano de la prensa nacional"},"image":{"@id":"https:\/\/www.eldiario.net\/portal\/#\/schema\/logo\/image\/"},"sameAs":["https:\/\/www.facebook.com\/eldiario.bolivia\/","https:\/\/x.com\/eldiario_net"]},{"@type":"Person","@id":"https:\/\/www.eldiario.net\/portal\/#\/schema\/person\/4827a631df9f245a7e27ab829ae89ae3","name":"Jhonny Mollinedo","image":{"@type":"ImageObject","inLanguage":"es","@id":"https:\/\/secure.gravatar.com\/avatar\/3ea2118a5f7dad2b7138b1187a6b7ee55f160b9968b66013c3a3ef39dd7e5798?s=96&d=mm&r=g","url":"https:\/\/secure.gravatar.com\/avatar\/3ea2118a5f7dad2b7138b1187a6b7ee55f160b9968b66013c3a3ef39dd7e5798?s=96&d=mm&r=g","contentUrl":"https:\/\/secure.gravatar.com\/avatar\/3ea2118a5f7dad2b7138b1187a6b7ee55f160b9968b66013c3a3ef39dd7e5798?s=96&d=mm&r=g","caption":"Jhonny Mollinedo"},"url":"https:\/\/www.eldiario.net\/portal\/author\/deportes\/"}]}},"_links":{"self":[{"href":"https:\/\/www.eldiario.net\/portal\/wp-json\/wp\/v2\/posts\/410358","targetHints":{"allow":["GET"]}}],"collection":[{"href":"https:\/\/www.eldiario.net\/portal\/wp-json\/wp\/v2\/posts"}],"about":[{"href":"https:\/\/www.eldiario.net\/portal\/wp-json\/wp\/v2\/types\/post"}],"author":[{"embeddable":true,"href":"https:\/\/www.eldiario.net\/portal\/wp-json\/wp\/v2\/users\/3"}],"replies":[{"embeddable":true,"href":"https:\/\/www.eldiario.net\/portal\/wp-json\/wp\/v2\/comments?post=410358"}],"version-history":[{"count":1,"href":"https:\/\/www.eldiario.net\/portal\/wp-json\/wp\/v2\/posts\/410358\/revisions"}],"predecessor-version":[{"id":410364,"href":"https:\/\/www.eldiario.net\/portal\/wp-json\/wp\/v2\/posts\/410358\/revisions\/410364"}],"wp:featuredmedia":[{"embeddable":true,"href":"https:\/\/www.eldiario.net\/portal\/wp-json\/wp\/v2\/media\/410363"}],"wp:attachment":[{"href":"https:\/\/www.eldiario.net\/portal\/wp-json\/wp\/v2\/media?parent=410358"}],"wp:term":[{"taxonomy":"category","embeddable":true,"href":"https:\/\/www.eldiario.net\/portal\/wp-json\/wp\/v2\/categories?post=410358"},{"taxonomy":"post_tag","embeddable":true,"href":"https:\/\/www.eldiario.net\/portal\/wp-json\/wp\/v2\/tags?post=410358"}],"curies":[{"name":"wp","href":"https:\/\/api.w.org\/{rel}","templated":true}]}}