{"id":410355,"date":"2026-07-06T18:35:20","date_gmt":"2026-07-06T22:35:20","guid":{"rendered":"https:\/\/www.eldiario.net\/portal\/?p=410355"},"modified":"2026-07-06T18:35:20","modified_gmt":"2026-07-06T22:35:20","slug":"hamas-anuncia-que-entregara-el-poder-politico-en-gaza-despues-de-18-anos-1835","status":"publish","type":"post","link":"https:\/\/www.eldiario.net\/portal\/2026\/07\/06\/hamas-anuncia-que-entregara-el-poder-politico-en-gaza-despues-de-18-anos-1835\/","title":{"rendered":"Ham\u00e1s anuncia que entregar\u00e1 el poder pol\u00edtico en Gaza despu\u00e9s de 18 a\u00f1os (18:35)"},"content":{"rendered":"<p>El grupo militante palestino Ham\u00e1s anunci\u00f3 este lunes su intenci\u00f3n de ceder el control de la Franja de Gaza a una administraci\u00f3n interina respaldada por Estados Unidos, denominada Comit\u00e9 Nacional para la Administraci\u00f3n de Gaza (CNAG).<\/p>\n<p>Mohammed al-Farra, jefe de la gesti\u00f3n interna de Ham\u00e1s, present\u00f3 formalmente su dimisi\u00f3n despu\u00e9s de asegurar que los preparativos para el traspaso de mando est\u00e1n listos, aclarando que los funcionarios p\u00fablicos continuar\u00e1n en sus puestos para garantizar la operatividad hasta que las nuevas autoridades asuman el control.<\/p>\n<p data-path-to-node=\"2\">A pesar de este giro pol\u00edtico para el conflicto en Medio Oriente, Ham\u00e1s no se ha comprometido al desarme, una de las exigencias m\u00e1s estrictas e innegociables tanto de Israel como de Washington.<\/p>\n<p>Adem\u00e1s, el despliegue del CNAG \u2014creado en enero bajo un acuerdo de alto el fuego\u2014 permanece bloqueado por el gobierno israel\u00ed, lo que deja en la incertidumbre el momento exacto en que se har\u00e1 efectiva la transferencia de poder en el territorio. (Agencias)<\/p>\n","protected":false},"excerpt":{"rendered":"<p>El grupo militante palestino Ham\u00e1s anunci\u00f3 este lunes su intenci\u00f3n de ceder el control de la Franja de Gaza a una administraci\u00f3n interina respaldada por Estados Unidos, denominada Comit\u00e9 Nacional para la Administraci\u00f3n de Gaza (CNAG). Mohammed al-Farra, jefe de la gesti\u00f3n interna de Ham\u00e1s, present\u00f3 formalmente su dimisi\u00f3n despu\u00e9s de asegurar que los preparativos [&hellip;]<\/p>\n","protected":false},"author":7,"featured_media":410356,"comment_status":"closed","ping_status":"open","sticky":false,"template":"","format":"standard","meta":{"_acf_changed":false,"footnotes":""},"categories":[51],"tags":[],"class_list":["post-410355","post","type-post","status-publish","format-standard","has-post-thumbnail","category-ultima-hora"],"acf":{"antetitulo":""},"yoast_head":"<!-- This site is optimized with the Yoast SEO plugin v28.4 - https:\/\/yoast.com\/product\/yoast-seo-wordpress\/ -->\n<title>Ham\u00e1s anuncia que entregar\u00e1 el poder pol\u00edtico en Gaza despu\u00e9s de 18 a\u00f1os (18:35) - El Diario - Bolivia<\/title>\n<meta name=\"robots\" content=\"index, follow, max-snippet:-1, max-image-preview:large, max-video-preview:-1\" \/>\n<link rel=\"canonical\" href=\"https:\/\/www.eldiario.net\/portal\/2026\/07\/06\/hamas-anuncia-que-entregara-el-poder-politico-en-gaza-despues-de-18-anos-1835\/\" \/>\n<meta property=\"og:locale\" content=\"es_ES\" \/>\n<meta property=\"og:type\" content=\"article\" \/>\n<meta property=\"og:title\" content=\"Ham\u00e1s anuncia que entregar\u00e1 el poder pol\u00edtico en Gaza despu\u00e9s de 18 a\u00f1os (18:35) - El Diario - Bolivia\" \/>\n<meta property=\"og:description\" content=\"El grupo militante palestino Ham\u00e1s anunci\u00f3 este lunes su intenci\u00f3n de ceder el control de la Franja de Gaza a una administraci\u00f3n interina respaldada por Estados Unidos, denominada Comit\u00e9 Nacional para la Administraci\u00f3n de Gaza (CNAG). Mohammed al-Farra, jefe de la gesti\u00f3n interna de Ham\u00e1s, present\u00f3 formalmente su dimisi\u00f3n despu\u00e9s de asegurar que los preparativos [&hellip;]\" \/>\n<meta property=\"og:url\" content=\"https:\/\/www.eldiario.net\/portal\/2026\/07\/06\/hamas-anuncia-que-entregara-el-poder-politico-en-gaza-despues-de-18-anos-1835\/\" \/>\n<meta property=\"og:site_name\" content=\"El Diario - Bolivia\" \/>\n<meta property=\"article:publisher\" content=\"https:\/\/www.facebook.com\/eldiario.bolivia\/\" \/>\n<meta property=\"article:published_time\" content=\"2026-07-06T22:35:20+00:00\" \/>\n<meta property=\"og:image\" content=\"https:\/\/www.eldiario.net\/portal\/wp-content\/uploads\/2026\/07\/hamas-06.07.26-copia.webp\" \/>\n\t<meta property=\"og:image:width\" content=\"500\" \/>\n\t<meta property=\"og:image:height\" content=\"504\" \/>\n\t<meta property=\"og:image:type\" content=\"image\/webp\" \/>\n<meta name=\"author\" content=\"Viviana Monrroy\" \/>\n<meta name=\"twitter:card\" content=\"summary_large_image\" \/>\n<meta name=\"twitter:creator\" content=\"@eldiario_net\" \/>\n<meta name=\"twitter:site\" content=\"@eldiario_net\" \/>\n<meta name=\"twitter:label1\" content=\"Escrito por\" \/>\n\t<meta name=\"twitter:data1\" content=\"Viviana Monrroy\" \/>\n\t<meta name=\"twitter:label2\" content=\"Tiempo de lectura\" \/>\n\t<meta name=\"twitter:data2\" content=\"1 minuto\" \/>\n<script type=\"application\/ld+json\" class=\"yoast-schema-graph\">{\"@context\":\"https:\\\/\\\/schema.org\",\"@graph\":[{\"@type\":\"Article\",\"@id\":\"https:\\\/\\\/www.eldiario.net\\\/portal\\\/2026\\\/07\\\/06\\\/hamas-anuncia-que-entregara-el-poder-politico-en-gaza-despues-de-18-anos-1835\\\/#article\",\"isPartOf\":{\"@id\":\"https:\\\/\\\/www.eldiario.net\\\/portal\\\/2026\\\/07\\\/06\\\/hamas-anuncia-que-entregara-el-poder-politico-en-gaza-despues-de-18-anos-1835\\\/\"},\"author\":{\"name\":\"Viviana Monrroy\",\"@id\":\"https:\\\/\\\/www.eldiario.net\\\/portal\\\/#\\\/schema\\\/person\\\/ba370d92d160f4d3574381f6d9b78fab\"},\"headline\":\"Ham\u00e1s anuncia que entregar\u00e1 el poder pol\u00edtico en Gaza despu\u00e9s de 18 a\u00f1os (18:35)\",\"datePublished\":\"2026-07-06T22:35:20+00:00\",\"mainEntityOfPage\":{\"@id\":\"https:\\\/\\\/www.eldiario.net\\\/portal\\\/2026\\\/07\\\/06\\\/hamas-anuncia-que-entregara-el-poder-politico-en-gaza-despues-de-18-anos-1835\\\/\"},\"wordCount\":190,\"publisher\":{\"@id\":\"https:\\\/\\\/www.eldiario.net\\\/portal\\\/#organization\"},\"image\":{\"@id\":\"https:\\\/\\\/www.eldiario.net\\\/portal\\\/2026\\\/07\\\/06\\\/hamas-anuncia-que-entregara-el-poder-politico-en-gaza-despues-de-18-anos-1835\\\/#primaryimage\"},\"thumbnailUrl\":\"https:\\\/\\\/www.eldiario.net\\\/portal\\\/wp-content\\\/uploads\\\/2026\\\/07\\\/hamas-06.07.26-copia.webp\",\"articleSection\":[\"\u00daltima Hora\"],\"inLanguage\":\"es\"},{\"@type\":\"WebPage\",\"@id\":\"https:\\\/\\\/www.eldiario.net\\\/portal\\\/2026\\\/07\\\/06\\\/hamas-anuncia-que-entregara-el-poder-politico-en-gaza-despues-de-18-anos-1835\\\/\",\"url\":\"https:\\\/\\\/www.eldiario.net\\\/portal\\\/2026\\\/07\\\/06\\\/hamas-anuncia-que-entregara-el-poder-politico-en-gaza-despues-de-18-anos-1835\\\/\",\"name\":\"Ham\u00e1s anuncia que entregar\u00e1 el poder pol\u00edtico en Gaza despu\u00e9s de 18 a\u00f1os (18:35) - El Diario - Bolivia\",\"isPartOf\":{\"@id\":\"https:\\\/\\\/www.eldiario.net\\\/portal\\\/#website\"},\"primaryImageOfPage\":{\"@id\":\"https:\\\/\\\/www.eldiario.net\\\/portal\\\/2026\\\/07\\\/06\\\/hamas-anuncia-que-entregara-el-poder-politico-en-gaza-despues-de-18-anos-1835\\\/#primaryimage\"},\"image\":{\"@id\":\"https:\\\/\\\/www.eldiario.net\\\/portal\\\/2026\\\/07\\\/06\\\/hamas-anuncia-que-entregara-el-poder-politico-en-gaza-despues-de-18-anos-1835\\\/#primaryimage\"},\"thumbnailUrl\":\"https:\\\/\\\/www.eldiario.net\\\/portal\\\/wp-content\\\/uploads\\\/2026\\\/07\\\/hamas-06.07.26-copia.webp\",\"datePublished\":\"2026-07-06T22:35:20+00:00\",\"breadcrumb\":{\"@id\":\"https:\\\/\\\/www.eldiario.net\\\/portal\\\/2026\\\/07\\\/06\\\/hamas-anuncia-que-entregara-el-poder-politico-en-gaza-despues-de-18-anos-1835\\\/#breadcrumb\"},\"inLanguage\":\"es\",\"potentialAction\":[{\"@type\":\"ReadAction\",\"target\":[\"https:\\\/\\\/www.eldiario.net\\\/portal\\\/2026\\\/07\\\/06\\\/hamas-anuncia-que-entregara-el-poder-politico-en-gaza-despues-de-18-anos-1835\\\/\"]}]},{\"@type\":\"ImageObject\",\"inLanguage\":\"es\",\"@id\":\"https:\\\/\\\/www.eldiario.net\\\/portal\\\/2026\\\/07\\\/06\\\/hamas-anuncia-que-entregara-el-poder-politico-en-gaza-despues-de-18-anos-1835\\\/#primaryimage\",\"url\":\"https:\\\/\\\/www.eldiario.net\\\/portal\\\/wp-content\\\/uploads\\\/2026\\\/07\\\/hamas-06.07.26-copia.webp\",\"contentUrl\":\"https:\\\/\\\/www.eldiario.net\\\/portal\\\/wp-content\\\/uploads\\\/2026\\\/07\\\/hamas-06.07.26-copia.webp\",\"width\":500,\"height\":504,\"caption\":\"Foto: Mohammed al-Farra, jefe de la gesti\u00f3n interna de Ham\u00e1s (RR.SS.)\"},{\"@type\":\"BreadcrumbList\",\"@id\":\"https:\\\/\\\/www.eldiario.net\\\/portal\\\/2026\\\/07\\\/06\\\/hamas-anuncia-que-entregara-el-poder-politico-en-gaza-despues-de-18-anos-1835\\\/#breadcrumb\",\"itemListElement\":[{\"@type\":\"ListItem\",\"position\":1,\"name\":\"Portada\",\"item\":\"https:\\\/\\\/www.eldiario.net\\\/portal\\\/\"},{\"@type\":\"ListItem\",\"position\":2,\"name\":\"Ham\u00e1s anuncia que entregar\u00e1 el poder pol\u00edtico en Gaza despu\u00e9s de 18 a\u00f1os (18:35)\"}]},{\"@type\":\"WebSite\",\"@id\":\"https:\\\/\\\/www.eldiario.net\\\/portal\\\/#website\",\"url\":\"https:\\\/\\\/www.eldiario.net\\\/portal\\\/\",\"name\":\"El Diario - Decano de la prensa nacional\",\"description\":\"El Diario - Decano de la prensa nacional\",\"publisher\":{\"@id\":\"https:\\\/\\\/www.eldiario.net\\\/portal\\\/#organization\"},\"potentialAction\":[{\"@type\":\"SearchAction\",\"target\":{\"@type\":\"EntryPoint\",\"urlTemplate\":\"https:\\\/\\\/www.eldiario.net\\\/portal\\\/?s={search_term_string}\"},\"query-input\":{\"@type\":\"PropertyValueSpecification\",\"valueRequired\":true,\"valueName\":\"search_term_string\"}}],\"inLanguage\":\"es\"},{\"@type\":\"Organization\",\"@id\":\"https:\\\/\\\/www.eldiario.net\\\/portal\\\/#organization\",\"name\":\"El Diario - Decano de la prensa nacional\",\"url\":\"https:\\\/\\\/www.eldiario.net\\\/portal\\\/\",\"logo\":{\"@type\":\"ImageObject\",\"inLanguage\":\"es\",\"@id\":\"https:\\\/\\\/www.eldiario.net\\\/portal\\\/#\\\/schema\\\/logo\\\/image\\\/\",\"url\":\"https:\\\/\\\/www.eldiario.net\\\/portal\\\/wp-content\\\/uploads\\\/2023\\\/07\\\/logo_ED.jpg\",\"contentUrl\":\"https:\\\/\\\/www.eldiario.net\\\/portal\\\/wp-content\\\/uploads\\\/2023\\\/07\\\/logo_ED.jpg\",\"width\":272,\"height\":52,\"caption\":\"El Diario - Decano de la prensa nacional\"},\"image\":{\"@id\":\"https:\\\/\\\/www.eldiario.net\\\/portal\\\/#\\\/schema\\\/logo\\\/image\\\/\"},\"sameAs\":[\"https:\\\/\\\/www.facebook.com\\\/eldiario.bolivia\\\/\",\"https:\\\/\\\/x.com\\\/eldiario_net\"]},{\"@type\":\"Person\",\"@id\":\"https:\\\/\\\/www.eldiario.net\\\/portal\\\/#\\\/schema\\\/person\\\/ba370d92d160f4d3574381f6d9b78fab\",\"name\":\"Viviana Monrroy\",\"image\":{\"@type\":\"ImageObject\",\"inLanguage\":\"es\",\"@id\":\"https:\\\/\\\/secure.gravatar.com\\\/avatar\\\/dfd1611ed5600959a0e5a9754503b6c05d1dcf190010998e0363aee2ad98afca?s=96&d=mm&r=g\",\"url\":\"https:\\\/\\\/secure.gravatar.com\\\/avatar\\\/dfd1611ed5600959a0e5a9754503b6c05d1dcf190010998e0363aee2ad98afca?s=96&d=mm&r=g\",\"contentUrl\":\"https:\\\/\\\/secure.gravatar.com\\\/avatar\\\/dfd1611ed5600959a0e5a9754503b6c05d1dcf190010998e0363aee2ad98afca?s=96&d=mm&r=g\",\"caption\":\"Viviana Monrroy\"},\"sameAs\":[\"http:\\\/\\\/www.eldiario.net\"],\"url\":\"https:\\\/\\\/www.eldiario.net\\\/portal\\\/author\\\/vivianamonrroy\\\/\"}]}<\/script>\n<!-- \/ Yoast SEO plugin. -->","yoast_head_json":{"title":"Ham\u00e1s anuncia que entregar\u00e1 el poder pol\u00edtico en Gaza despu\u00e9s de 18 a\u00f1os (18:35) - El Diario - Bolivia","robots":{"index":"index","follow":"follow","max-snippet":"max-snippet:-1","max-image-preview":"max-image-preview:large","max-video-preview":"max-video-preview:-1"},"canonical":"https:\/\/www.eldiario.net\/portal\/2026\/07\/06\/hamas-anuncia-que-entregara-el-poder-politico-en-gaza-despues-de-18-anos-1835\/","og_locale":"es_ES","og_type":"article","og_title":"Ham\u00e1s anuncia que entregar\u00e1 el poder pol\u00edtico en Gaza despu\u00e9s de 18 a\u00f1os (18:35) - El Diario - Bolivia","og_description":"El grupo militante palestino Ham\u00e1s anunci\u00f3 este lunes su intenci\u00f3n de ceder el control de la Franja de Gaza a una administraci\u00f3n interina respaldada por Estados Unidos, denominada Comit\u00e9 Nacional para la Administraci\u00f3n de Gaza (CNAG). Mohammed al-Farra, jefe de la gesti\u00f3n interna de Ham\u00e1s, present\u00f3 formalmente su dimisi\u00f3n despu\u00e9s de asegurar que los preparativos [&hellip;]","og_url":"https:\/\/www.eldiario.net\/portal\/2026\/07\/06\/hamas-anuncia-que-entregara-el-poder-politico-en-gaza-despues-de-18-anos-1835\/","og_site_name":"El Diario - Bolivia","article_publisher":"https:\/\/www.facebook.com\/eldiario.bolivia\/","article_published_time":"2026-07-06T22:35:20+00:00","og_image":[{"width":500,"height":504,"url":"https:\/\/www.eldiario.net\/portal\/wp-content\/uploads\/2026\/07\/hamas-06.07.26-copia.webp","type":"image\/webp"}],"author":"Viviana Monrroy","twitter_card":"summary_large_image","twitter_creator":"@eldiario_net","twitter_site":"@eldiario_net","twitter_misc":{"Escrito por":"Viviana Monrroy","Tiempo de lectura":"1 minuto"},"schema":{"@context":"https:\/\/schema.org","@graph":[{"@type":"Article","@id":"https:\/\/www.eldiario.net\/portal\/2026\/07\/06\/hamas-anuncia-que-entregara-el-poder-politico-en-gaza-despues-de-18-anos-1835\/#article","isPartOf":{"@id":"https:\/\/www.eldiario.net\/portal\/2026\/07\/06\/hamas-anuncia-que-entregara-el-poder-politico-en-gaza-despues-de-18-anos-1835\/"},"author":{"name":"Viviana Monrroy","@id":"https:\/\/www.eldiario.net\/portal\/#\/schema\/person\/ba370d92d160f4d3574381f6d9b78fab"},"headline":"Ham\u00e1s anuncia que entregar\u00e1 el poder pol\u00edtico en Gaza despu\u00e9s de 18 a\u00f1os (18:35)","datePublished":"2026-07-06T22:35:20+00:00","mainEntityOfPage":{"@id":"https:\/\/www.eldiario.net\/portal\/2026\/07\/06\/hamas-anuncia-que-entregara-el-poder-politico-en-gaza-despues-de-18-anos-1835\/"},"wordCount":190,"publisher":{"@id":"https:\/\/www.eldiario.net\/portal\/#organization"},"image":{"@id":"https:\/\/www.eldiario.net\/portal\/2026\/07\/06\/hamas-anuncia-que-entregara-el-poder-politico-en-gaza-despues-de-18-anos-1835\/#primaryimage"},"thumbnailUrl":"https:\/\/www.eldiario.net\/portal\/wp-content\/uploads\/2026\/07\/hamas-06.07.26-copia.webp","articleSection":["\u00daltima Hora"],"inLanguage":"es"},{"@type":"WebPage","@id":"https:\/\/www.eldiario.net\/portal\/2026\/07\/06\/hamas-anuncia-que-entregara-el-poder-politico-en-gaza-despues-de-18-anos-1835\/","url":"https:\/\/www.eldiario.net\/portal\/2026\/07\/06\/hamas-anuncia-que-entregara-el-poder-politico-en-gaza-despues-de-18-anos-1835\/","name":"Ham\u00e1s anuncia que entregar\u00e1 el poder pol\u00edtico en Gaza despu\u00e9s de 18 a\u00f1os (18:35) - El Diario - Bolivia","isPartOf":{"@id":"https:\/\/www.eldiario.net\/portal\/#website"},"primaryImageOfPage":{"@id":"https:\/\/www.eldiario.net\/portal\/2026\/07\/06\/hamas-anuncia-que-entregara-el-poder-politico-en-gaza-despues-de-18-anos-1835\/#primaryimage"},"image":{"@id":"https:\/\/www.eldiario.net\/portal\/2026\/07\/06\/hamas-anuncia-que-entregara-el-poder-politico-en-gaza-despues-de-18-anos-1835\/#primaryimage"},"thumbnailUrl":"https:\/\/www.eldiario.net\/portal\/wp-content\/uploads\/2026\/07\/hamas-06.07.26-copia.webp","datePublished":"2026-07-06T22:35:20+00:00","breadcrumb":{"@id":"https:\/\/www.eldiario.net\/portal\/2026\/07\/06\/hamas-anuncia-que-entregara-el-poder-politico-en-gaza-despues-de-18-anos-1835\/#breadcrumb"},"inLanguage":"es","potentialAction":[{"@type":"ReadAction","target":["https:\/\/www.eldiario.net\/portal\/2026\/07\/06\/hamas-anuncia-que-entregara-el-poder-politico-en-gaza-despues-de-18-anos-1835\/"]}]},{"@type":"ImageObject","inLanguage":"es","@id":"https:\/\/www.eldiario.net\/portal\/2026\/07\/06\/hamas-anuncia-que-entregara-el-poder-politico-en-gaza-despues-de-18-anos-1835\/#primaryimage","url":"https:\/\/www.eldiario.net\/portal\/wp-content\/uploads\/2026\/07\/hamas-06.07.26-copia.webp","contentUrl":"https:\/\/www.eldiario.net\/portal\/wp-content\/uploads\/2026\/07\/hamas-06.07.26-copia.webp","width":500,"height":504,"caption":"Foto: Mohammed al-Farra, jefe de la gesti\u00f3n interna de Ham\u00e1s (RR.SS.)"},{"@type":"BreadcrumbList","@id":"https:\/\/www.eldiario.net\/portal\/2026\/07\/06\/hamas-anuncia-que-entregara-el-poder-politico-en-gaza-despues-de-18-anos-1835\/#breadcrumb","itemListElement":[{"@type":"ListItem","position":1,"name":"Portada","item":"https:\/\/www.eldiario.net\/portal\/"},{"@type":"ListItem","position":2,"name":"Ham\u00e1s anuncia que entregar\u00e1 el poder pol\u00edtico en Gaza despu\u00e9s de 18 a\u00f1os (18:35)"}]},{"@type":"WebSite","@id":"https:\/\/www.eldiario.net\/portal\/#website","url":"https:\/\/www.eldiario.net\/portal\/","name":"El Diario - Decano de la prensa nacional","description":"El Diario - Decano de la prensa nacional","publisher":{"@id":"https:\/\/www.eldiario.net\/portal\/#organization"},"potentialAction":[{"@type":"SearchAction","target":{"@type":"EntryPoint","urlTemplate":"https:\/\/www.eldiario.net\/portal\/?s={search_term_string}"},"query-input":{"@type":"PropertyValueSpecification","valueRequired":true,"valueName":"search_term_string"}}],"inLanguage":"es"},{"@type":"Organization","@id":"https:\/\/www.eldiario.net\/portal\/#organization","name":"El Diario - Decano de la prensa nacional","url":"https:\/\/www.eldiario.net\/portal\/","logo":{"@type":"ImageObject","inLanguage":"es","@id":"https:\/\/www.eldiario.net\/portal\/#\/schema\/logo\/image\/","url":"https:\/\/www.eldiario.net\/portal\/wp-content\/uploads\/2023\/07\/logo_ED.jpg","contentUrl":"https:\/\/www.eldiario.net\/portal\/wp-content\/uploads\/2023\/07\/logo_ED.jpg","width":272,"height":52,"caption":"El Diario - Decano de la prensa nacional"},"image":{"@id":"https:\/\/www.eldiario.net\/portal\/#\/schema\/logo\/image\/"},"sameAs":["https:\/\/www.facebook.com\/eldiario.bolivia\/","https:\/\/x.com\/eldiario_net"]},{"@type":"Person","@id":"https:\/\/www.eldiario.net\/portal\/#\/schema\/person\/ba370d92d160f4d3574381f6d9b78fab","name":"Viviana Monrroy","image":{"@type":"ImageObject","inLanguage":"es","@id":"https:\/\/secure.gravatar.com\/avatar\/dfd1611ed5600959a0e5a9754503b6c05d1dcf190010998e0363aee2ad98afca?s=96&d=mm&r=g","url":"https:\/\/secure.gravatar.com\/avatar\/dfd1611ed5600959a0e5a9754503b6c05d1dcf190010998e0363aee2ad98afca?s=96&d=mm&r=g","contentUrl":"https:\/\/secure.gravatar.com\/avatar\/dfd1611ed5600959a0e5a9754503b6c05d1dcf190010998e0363aee2ad98afca?s=96&d=mm&r=g","caption":"Viviana Monrroy"},"sameAs":["http:\/\/www.eldiario.net"],"url":"https:\/\/www.eldiario.net\/portal\/author\/vivianamonrroy\/"}]}},"_links":{"self":[{"href":"https:\/\/www.eldiario.net\/portal\/wp-json\/wp\/v2\/posts\/410355","targetHints":{"allow":["GET"]}}],"collection":[{"href":"https:\/\/www.eldiario.net\/portal\/wp-json\/wp\/v2\/posts"}],"about":[{"href":"https:\/\/www.eldiario.net\/portal\/wp-json\/wp\/v2\/types\/post"}],"author":[{"embeddable":true,"href":"https:\/\/www.eldiario.net\/portal\/wp-json\/wp\/v2\/users\/7"}],"replies":[{"embeddable":true,"href":"https:\/\/www.eldiario.net\/portal\/wp-json\/wp\/v2\/comments?post=410355"}],"version-history":[{"count":1,"href":"https:\/\/www.eldiario.net\/portal\/wp-json\/wp\/v2\/posts\/410355\/revisions"}],"predecessor-version":[{"id":410357,"href":"https:\/\/www.eldiario.net\/portal\/wp-json\/wp\/v2\/posts\/410355\/revisions\/410357"}],"wp:featuredmedia":[{"embeddable":true,"href":"https:\/\/www.eldiario.net\/portal\/wp-json\/wp\/v2\/media\/410356"}],"wp:attachment":[{"href":"https:\/\/www.eldiario.net\/portal\/wp-json\/wp\/v2\/media?parent=410355"}],"wp:term":[{"taxonomy":"category","embeddable":true,"href":"https:\/\/www.eldiario.net\/portal\/wp-json\/wp\/v2\/categories?post=410355"},{"taxonomy":"post_tag","embeddable":true,"href":"https:\/\/www.eldiario.net\/portal\/wp-json\/wp\/v2\/tags?post=410355"}],"curies":[{"name":"wp","href":"https:\/\/api.w.org\/{rel}","templated":true}]}}