{"id":409931,"date":"2026-07-05T08:33:56","date_gmt":"2026-07-05T12:33:56","guid":{"rendered":"https:\/\/www.eldiario.net\/portal\/?p=409931"},"modified":"2026-07-05T08:33:56","modified_gmt":"2026-07-05T12:33:56","slug":"que-es-el-sindrome-de-insensibilidad-congenita-al-dolor","status":"publish","type":"post","link":"https:\/\/www.eldiario.net\/portal\/2026\/07\/05\/que-es-el-sindrome-de-insensibilidad-congenita-al-dolor\/","title":{"rendered":"\u00bfQU\u00c9 ES EL S\u00cdNDROME DE INSENSIBILIDAD CONG\u00c9NITA AL DOLOR?"},"content":{"rendered":"<p>Lic.Lupe Fern\u00e1ndez Calix &#8211; Enfermera U.M.S.A.<\/p>\n<p>&nbsp;<\/p>\n<p>El dolor es una manifestaci\u00f3n que padecemos frente \u00a0a un golpe, ca\u00edda, pinchazo, afecta a ni\u00f1os \u00a0que se lesionan y no es percibido esta afecci\u00f3n es conocida como el S\u00edndrome de Insensibilidad Cong\u00e9nita al dolor \u00a0es una enfermedad rara donde \u00a0los \u00a0afectados no presenten dolor \u00a0ante una fractura ,quemadura, esta falta de conciencia al dolor conduce \u00a0a una acumulaci\u00f3n de heridas, huesos rotos \u00a0conlleva a una esperanza de vida reducida altamente mortal .Este s\u00edndrome es considerado \u00a0como una neuropat\u00eda perif\u00e9rica \u00a0afecta al sistema nervioso perif\u00e9rico que conecta al cerebro, m\u00e9dula espinal , m\u00fasculos, c\u00e9lulas que detectan sensaciones del tacto ,olfato y dolor por la presencia de mutaciones en genes \u00a0espec\u00edficos d\u00f3nde el est\u00edmulo doloroso no es transmitido adecuadamente ,pueden \u00a0tener p\u00e9rdida del olfato y temperatura .<\/p>\n<p><strong>CARACTERISTICAS DEL SINDROME INSENSIBILIDAD CONG\u00c9NITA AL DOLOR <\/strong><\/p>\n<p>Grupo I Neuropat\u00eda hereditaria sensitiva autos\u00f3mica: D\u00e9ficit sensorial m\u00e1s pronunciado en las piernas y manos pueden a parecer en la ni\u00f1ez o adolescencia.<\/p>\n<p>Grupo II: Se caracteriza por tener hipersensibilidad en miembros superiores e inferiores.<\/p>\n<p>S\u00edndrome de Riley-Day: Infecciones respiratorias recurrentes, dolor perif\u00e9rico disminuido, ausencia de sensaciones de Temperatura.<\/p>\n<p>Grupo IV: Insensibilidad Cong\u00e9nita al dolor con anhidrosis: Hipersensibilidad al dolor visceral, ausencia de sudoraci\u00f3n.<\/p>\n<p>El cuerpo humano tiene habilidades de respuesta a est\u00edmulos dolorosos en una fractura, golpes al aumento de casos con el S\u00edndrome de Insensibilidad Cong\u00e9nita al dolor que afecta a ni\u00f1os y adolecentes es necesario acudir ante cualquier s\u00edntoma a los Centros Hospitalarios para su tratamiento.<\/p>\n<p><strong>\u201cVALORA Y APRECIA TU SALUD TODOS LOS D\u00cdAS \u201c<\/strong><\/p>\n","protected":false},"excerpt":{"rendered":"<p>Lic.Lupe Fern\u00e1ndez Calix &#8211; Enfermera U.M.S.A. &nbsp; El dolor es una manifestaci\u00f3n que padecemos frente \u00a0a un golpe, ca\u00edda, pinchazo, afecta a ni\u00f1os \u00a0que se lesionan y no es percibido esta afecci\u00f3n es conocida como el S\u00edndrome de Insensibilidad Cong\u00e9nita al dolor \u00a0es una enfermedad rara donde \u00a0los \u00a0afectados no presenten dolor \u00a0ante una fractura [&hellip;]<\/p>\n","protected":false},"author":1,"featured_media":409932,"comment_status":"closed","ping_status":"open","sticky":false,"template":"","format":"standard","meta":{"_acf_changed":false,"footnotes":""},"categories":[52],"tags":[],"class_list":["post-409931","post","type-post","status-publish","format-standard","has-post-thumbnail","category-de-salud-mas-vida"],"acf":{"antetitulo":""},"yoast_head":"<!-- This site is optimized with the Yoast SEO plugin v28.4 - https:\/\/yoast.com\/product\/yoast-seo-wordpress\/ -->\n<title>\u00bfQU\u00c9 ES EL S\u00cdNDROME DE INSENSIBILIDAD CONG\u00c9NITA AL DOLOR? - El Diario - Bolivia<\/title>\n<meta name=\"robots\" content=\"index, follow, max-snippet:-1, max-image-preview:large, max-video-preview:-1\" \/>\n<link rel=\"canonical\" href=\"https:\/\/www.eldiario.net\/portal\/2026\/07\/05\/que-es-el-sindrome-de-insensibilidad-congenita-al-dolor\/\" \/>\n<meta property=\"og:locale\" content=\"es_ES\" \/>\n<meta property=\"og:type\" content=\"article\" \/>\n<meta property=\"og:title\" content=\"\u00bfQU\u00c9 ES EL S\u00cdNDROME DE INSENSIBILIDAD CONG\u00c9NITA AL DOLOR? - El Diario - Bolivia\" \/>\n<meta property=\"og:description\" content=\"Lic.Lupe Fern\u00e1ndez Calix &#8211; Enfermera U.M.S.A. &nbsp; El dolor es una manifestaci\u00f3n que padecemos frente \u00a0a un golpe, ca\u00edda, pinchazo, afecta a ni\u00f1os \u00a0que se lesionan y no es percibido esta afecci\u00f3n es conocida como el S\u00edndrome de Insensibilidad Cong\u00e9nita al dolor \u00a0es una enfermedad rara donde \u00a0los \u00a0afectados no presenten dolor \u00a0ante una fractura [&hellip;]\" \/>\n<meta property=\"og:url\" content=\"https:\/\/www.eldiario.net\/portal\/2026\/07\/05\/que-es-el-sindrome-de-insensibilidad-congenita-al-dolor\/\" \/>\n<meta property=\"og:site_name\" content=\"El Diario - Bolivia\" \/>\n<meta property=\"article:publisher\" content=\"https:\/\/www.facebook.com\/eldiario.bolivia\/\" \/>\n<meta property=\"article:published_time\" content=\"2026-07-05T12:33:56+00:00\" \/>\n<meta property=\"og:image\" content=\"https:\/\/www.eldiario.net\/portal\/wp-content\/uploads\/2026\/07\/\u00bfQUE-ES-EL-SINDROME-DE-INSENSIBILIDAD-CONGENITA-AL-DOLOR-copia.webp\" \/>\n\t<meta property=\"og:image:width\" content=\"800\" \/>\n\t<meta property=\"og:image:height\" content=\"488\" \/>\n\t<meta property=\"og:image:type\" content=\"image\/webp\" \/>\n<meta name=\"author\" content=\"Jeanette\" \/>\n<meta name=\"twitter:card\" content=\"summary_large_image\" \/>\n<meta name=\"twitter:creator\" content=\"@eldiario_net\" \/>\n<meta name=\"twitter:site\" content=\"@eldiario_net\" \/>\n<meta name=\"twitter:label1\" content=\"Escrito por\" \/>\n\t<meta name=\"twitter:data1\" content=\"Jeanette\" \/>\n\t<meta name=\"twitter:label2\" content=\"Tiempo de lectura\" \/>\n\t<meta name=\"twitter:data2\" content=\"2 minutos\" \/>\n<script type=\"application\/ld+json\" class=\"yoast-schema-graph\">{\"@context\":\"https:\\\/\\\/schema.org\",\"@graph\":[{\"@type\":\"Article\",\"@id\":\"https:\\\/\\\/www.eldiario.net\\\/portal\\\/2026\\\/07\\\/05\\\/que-es-el-sindrome-de-insensibilidad-congenita-al-dolor\\\/#article\",\"isPartOf\":{\"@id\":\"https:\\\/\\\/www.eldiario.net\\\/portal\\\/2026\\\/07\\\/05\\\/que-es-el-sindrome-de-insensibilidad-congenita-al-dolor\\\/\"},\"author\":{\"name\":\"Jeanette\",\"@id\":\"https:\\\/\\\/www.eldiario.net\\\/portal\\\/#\\\/schema\\\/person\\\/2c57cf2b7a7ae032e449e4c9b1019eac\"},\"headline\":\"\u00bfQU\u00c9 ES EL S\u00cdNDROME DE INSENSIBILIDAD CONG\u00c9NITA AL DOLOR?\",\"datePublished\":\"2026-07-05T12:33:56+00:00\",\"mainEntityOfPage\":{\"@id\":\"https:\\\/\\\/www.eldiario.net\\\/portal\\\/2026\\\/07\\\/05\\\/que-es-el-sindrome-de-insensibilidad-congenita-al-dolor\\\/\"},\"wordCount\":305,\"publisher\":{\"@id\":\"https:\\\/\\\/www.eldiario.net\\\/portal\\\/#organization\"},\"image\":{\"@id\":\"https:\\\/\\\/www.eldiario.net\\\/portal\\\/2026\\\/07\\\/05\\\/que-es-el-sindrome-de-insensibilidad-congenita-al-dolor\\\/#primaryimage\"},\"thumbnailUrl\":\"https:\\\/\\\/www.eldiario.net\\\/portal\\\/wp-content\\\/uploads\\\/2026\\\/07\\\/\u00bfQUE-ES-EL-SINDROME-DE-INSENSIBILIDAD-CONGENITA-AL-DOLOR-copia.webp\",\"articleSection\":[\"De Salud + vida\"],\"inLanguage\":\"es\"},{\"@type\":\"WebPage\",\"@id\":\"https:\\\/\\\/www.eldiario.net\\\/portal\\\/2026\\\/07\\\/05\\\/que-es-el-sindrome-de-insensibilidad-congenita-al-dolor\\\/\",\"url\":\"https:\\\/\\\/www.eldiario.net\\\/portal\\\/2026\\\/07\\\/05\\\/que-es-el-sindrome-de-insensibilidad-congenita-al-dolor\\\/\",\"name\":\"\u00bfQU\u00c9 ES EL S\u00cdNDROME DE INSENSIBILIDAD CONG\u00c9NITA AL DOLOR? - El Diario - Bolivia\",\"isPartOf\":{\"@id\":\"https:\\\/\\\/www.eldiario.net\\\/portal\\\/#website\"},\"primaryImageOfPage\":{\"@id\":\"https:\\\/\\\/www.eldiario.net\\\/portal\\\/2026\\\/07\\\/05\\\/que-es-el-sindrome-de-insensibilidad-congenita-al-dolor\\\/#primaryimage\"},\"image\":{\"@id\":\"https:\\\/\\\/www.eldiario.net\\\/portal\\\/2026\\\/07\\\/05\\\/que-es-el-sindrome-de-insensibilidad-congenita-al-dolor\\\/#primaryimage\"},\"thumbnailUrl\":\"https:\\\/\\\/www.eldiario.net\\\/portal\\\/wp-content\\\/uploads\\\/2026\\\/07\\\/\u00bfQUE-ES-EL-SINDROME-DE-INSENSIBILIDAD-CONGENITA-AL-DOLOR-copia.webp\",\"datePublished\":\"2026-07-05T12:33:56+00:00\",\"breadcrumb\":{\"@id\":\"https:\\\/\\\/www.eldiario.net\\\/portal\\\/2026\\\/07\\\/05\\\/que-es-el-sindrome-de-insensibilidad-congenita-al-dolor\\\/#breadcrumb\"},\"inLanguage\":\"es\",\"potentialAction\":[{\"@type\":\"ReadAction\",\"target\":[\"https:\\\/\\\/www.eldiario.net\\\/portal\\\/2026\\\/07\\\/05\\\/que-es-el-sindrome-de-insensibilidad-congenita-al-dolor\\\/\"]}]},{\"@type\":\"ImageObject\",\"inLanguage\":\"es\",\"@id\":\"https:\\\/\\\/www.eldiario.net\\\/portal\\\/2026\\\/07\\\/05\\\/que-es-el-sindrome-de-insensibilidad-congenita-al-dolor\\\/#primaryimage\",\"url\":\"https:\\\/\\\/www.eldiario.net\\\/portal\\\/wp-content\\\/uploads\\\/2026\\\/07\\\/\u00bfQUE-ES-EL-SINDROME-DE-INSENSIBILIDAD-CONGENITA-AL-DOLOR-copia.webp\",\"contentUrl\":\"https:\\\/\\\/www.eldiario.net\\\/portal\\\/wp-content\\\/uploads\\\/2026\\\/07\\\/\u00bfQUE-ES-EL-SINDROME-DE-INSENSIBILIDAD-CONGENITA-AL-DOLOR-copia.webp\",\"width\":800,\"height\":488},{\"@type\":\"BreadcrumbList\",\"@id\":\"https:\\\/\\\/www.eldiario.net\\\/portal\\\/2026\\\/07\\\/05\\\/que-es-el-sindrome-de-insensibilidad-congenita-al-dolor\\\/#breadcrumb\",\"itemListElement\":[{\"@type\":\"ListItem\",\"position\":1,\"name\":\"Portada\",\"item\":\"https:\\\/\\\/www.eldiario.net\\\/portal\\\/\"},{\"@type\":\"ListItem\",\"position\":2,\"name\":\"\u00bfQU\u00c9 ES EL S\u00cdNDROME DE INSENSIBILIDAD CONG\u00c9NITA AL DOLOR?\"}]},{\"@type\":\"WebSite\",\"@id\":\"https:\\\/\\\/www.eldiario.net\\\/portal\\\/#website\",\"url\":\"https:\\\/\\\/www.eldiario.net\\\/portal\\\/\",\"name\":\"El Diario - Decano de la prensa nacional\",\"description\":\"El Diario - Decano de la prensa nacional\",\"publisher\":{\"@id\":\"https:\\\/\\\/www.eldiario.net\\\/portal\\\/#organization\"},\"potentialAction\":[{\"@type\":\"SearchAction\",\"target\":{\"@type\":\"EntryPoint\",\"urlTemplate\":\"https:\\\/\\\/www.eldiario.net\\\/portal\\\/?s={search_term_string}\"},\"query-input\":{\"@type\":\"PropertyValueSpecification\",\"valueRequired\":true,\"valueName\":\"search_term_string\"}}],\"inLanguage\":\"es\"},{\"@type\":\"Organization\",\"@id\":\"https:\\\/\\\/www.eldiario.net\\\/portal\\\/#organization\",\"name\":\"El Diario - Decano de la prensa nacional\",\"url\":\"https:\\\/\\\/www.eldiario.net\\\/portal\\\/\",\"logo\":{\"@type\":\"ImageObject\",\"inLanguage\":\"es\",\"@id\":\"https:\\\/\\\/www.eldiario.net\\\/portal\\\/#\\\/schema\\\/logo\\\/image\\\/\",\"url\":\"https:\\\/\\\/www.eldiario.net\\\/portal\\\/wp-content\\\/uploads\\\/2023\\\/07\\\/logo_ED.jpg\",\"contentUrl\":\"https:\\\/\\\/www.eldiario.net\\\/portal\\\/wp-content\\\/uploads\\\/2023\\\/07\\\/logo_ED.jpg\",\"width\":272,\"height\":52,\"caption\":\"El Diario - Decano de la prensa nacional\"},\"image\":{\"@id\":\"https:\\\/\\\/www.eldiario.net\\\/portal\\\/#\\\/schema\\\/logo\\\/image\\\/\"},\"sameAs\":[\"https:\\\/\\\/www.facebook.com\\\/eldiario.bolivia\\\/\",\"https:\\\/\\\/x.com\\\/eldiario_net\"]},{\"@type\":\"Person\",\"@id\":\"https:\\\/\\\/www.eldiario.net\\\/portal\\\/#\\\/schema\\\/person\\\/2c57cf2b7a7ae032e449e4c9b1019eac\",\"name\":\"Jeanette\",\"image\":{\"@type\":\"ImageObject\",\"inLanguage\":\"es\",\"@id\":\"https:\\\/\\\/secure.gravatar.com\\\/avatar\\\/3ea2118a5f7dad2b7138b1187a6b7ee55f160b9968b66013c3a3ef39dd7e5798?s=96&d=mm&r=g\",\"url\":\"https:\\\/\\\/secure.gravatar.com\\\/avatar\\\/3ea2118a5f7dad2b7138b1187a6b7ee55f160b9968b66013c3a3ef39dd7e5798?s=96&d=mm&r=g\",\"contentUrl\":\"https:\\\/\\\/secure.gravatar.com\\\/avatar\\\/3ea2118a5f7dad2b7138b1187a6b7ee55f160b9968b66013c3a3ef39dd7e5798?s=96&d=mm&r=g\",\"caption\":\"Jeanette\"},\"sameAs\":[\"https:\\\/\\\/www.eldiario.net\\\/portal\"],\"url\":\"https:\\\/\\\/www.eldiario.net\\\/portal\\\/author\\\/jeanette\\\/\"}]}<\/script>\n<!-- \/ Yoast SEO plugin. -->","yoast_head_json":{"title":"\u00bfQU\u00c9 ES EL S\u00cdNDROME DE INSENSIBILIDAD CONG\u00c9NITA AL DOLOR? - El Diario - Bolivia","robots":{"index":"index","follow":"follow","max-snippet":"max-snippet:-1","max-image-preview":"max-image-preview:large","max-video-preview":"max-video-preview:-1"},"canonical":"https:\/\/www.eldiario.net\/portal\/2026\/07\/05\/que-es-el-sindrome-de-insensibilidad-congenita-al-dolor\/","og_locale":"es_ES","og_type":"article","og_title":"\u00bfQU\u00c9 ES EL S\u00cdNDROME DE INSENSIBILIDAD CONG\u00c9NITA AL DOLOR? - El Diario - Bolivia","og_description":"Lic.Lupe Fern\u00e1ndez Calix &#8211; Enfermera U.M.S.A. &nbsp; El dolor es una manifestaci\u00f3n que padecemos frente \u00a0a un golpe, ca\u00edda, pinchazo, afecta a ni\u00f1os \u00a0que se lesionan y no es percibido esta afecci\u00f3n es conocida como el S\u00edndrome de Insensibilidad Cong\u00e9nita al dolor \u00a0es una enfermedad rara donde \u00a0los \u00a0afectados no presenten dolor \u00a0ante una fractura [&hellip;]","og_url":"https:\/\/www.eldiario.net\/portal\/2026\/07\/05\/que-es-el-sindrome-de-insensibilidad-congenita-al-dolor\/","og_site_name":"El Diario - Bolivia","article_publisher":"https:\/\/www.facebook.com\/eldiario.bolivia\/","article_published_time":"2026-07-05T12:33:56+00:00","og_image":[{"width":800,"height":488,"url":"https:\/\/www.eldiario.net\/portal\/wp-content\/uploads\/2026\/07\/\u00bfQUE-ES-EL-SINDROME-DE-INSENSIBILIDAD-CONGENITA-AL-DOLOR-copia.webp","type":"image\/webp"}],"author":"Jeanette","twitter_card":"summary_large_image","twitter_creator":"@eldiario_net","twitter_site":"@eldiario_net","twitter_misc":{"Escrito por":"Jeanette","Tiempo de lectura":"2 minutos"},"schema":{"@context":"https:\/\/schema.org","@graph":[{"@type":"Article","@id":"https:\/\/www.eldiario.net\/portal\/2026\/07\/05\/que-es-el-sindrome-de-insensibilidad-congenita-al-dolor\/#article","isPartOf":{"@id":"https:\/\/www.eldiario.net\/portal\/2026\/07\/05\/que-es-el-sindrome-de-insensibilidad-congenita-al-dolor\/"},"author":{"name":"Jeanette","@id":"https:\/\/www.eldiario.net\/portal\/#\/schema\/person\/2c57cf2b7a7ae032e449e4c9b1019eac"},"headline":"\u00bfQU\u00c9 ES EL S\u00cdNDROME DE INSENSIBILIDAD CONG\u00c9NITA AL DOLOR?","datePublished":"2026-07-05T12:33:56+00:00","mainEntityOfPage":{"@id":"https:\/\/www.eldiario.net\/portal\/2026\/07\/05\/que-es-el-sindrome-de-insensibilidad-congenita-al-dolor\/"},"wordCount":305,"publisher":{"@id":"https:\/\/www.eldiario.net\/portal\/#organization"},"image":{"@id":"https:\/\/www.eldiario.net\/portal\/2026\/07\/05\/que-es-el-sindrome-de-insensibilidad-congenita-al-dolor\/#primaryimage"},"thumbnailUrl":"https:\/\/www.eldiario.net\/portal\/wp-content\/uploads\/2026\/07\/\u00bfQUE-ES-EL-SINDROME-DE-INSENSIBILIDAD-CONGENITA-AL-DOLOR-copia.webp","articleSection":["De Salud + vida"],"inLanguage":"es"},{"@type":"WebPage","@id":"https:\/\/www.eldiario.net\/portal\/2026\/07\/05\/que-es-el-sindrome-de-insensibilidad-congenita-al-dolor\/","url":"https:\/\/www.eldiario.net\/portal\/2026\/07\/05\/que-es-el-sindrome-de-insensibilidad-congenita-al-dolor\/","name":"\u00bfQU\u00c9 ES EL S\u00cdNDROME DE INSENSIBILIDAD CONG\u00c9NITA AL DOLOR? - El Diario - Bolivia","isPartOf":{"@id":"https:\/\/www.eldiario.net\/portal\/#website"},"primaryImageOfPage":{"@id":"https:\/\/www.eldiario.net\/portal\/2026\/07\/05\/que-es-el-sindrome-de-insensibilidad-congenita-al-dolor\/#primaryimage"},"image":{"@id":"https:\/\/www.eldiario.net\/portal\/2026\/07\/05\/que-es-el-sindrome-de-insensibilidad-congenita-al-dolor\/#primaryimage"},"thumbnailUrl":"https:\/\/www.eldiario.net\/portal\/wp-content\/uploads\/2026\/07\/\u00bfQUE-ES-EL-SINDROME-DE-INSENSIBILIDAD-CONGENITA-AL-DOLOR-copia.webp","datePublished":"2026-07-05T12:33:56+00:00","breadcrumb":{"@id":"https:\/\/www.eldiario.net\/portal\/2026\/07\/05\/que-es-el-sindrome-de-insensibilidad-congenita-al-dolor\/#breadcrumb"},"inLanguage":"es","potentialAction":[{"@type":"ReadAction","target":["https:\/\/www.eldiario.net\/portal\/2026\/07\/05\/que-es-el-sindrome-de-insensibilidad-congenita-al-dolor\/"]}]},{"@type":"ImageObject","inLanguage":"es","@id":"https:\/\/www.eldiario.net\/portal\/2026\/07\/05\/que-es-el-sindrome-de-insensibilidad-congenita-al-dolor\/#primaryimage","url":"https:\/\/www.eldiario.net\/portal\/wp-content\/uploads\/2026\/07\/\u00bfQUE-ES-EL-SINDROME-DE-INSENSIBILIDAD-CONGENITA-AL-DOLOR-copia.webp","contentUrl":"https:\/\/www.eldiario.net\/portal\/wp-content\/uploads\/2026\/07\/\u00bfQUE-ES-EL-SINDROME-DE-INSENSIBILIDAD-CONGENITA-AL-DOLOR-copia.webp","width":800,"height":488},{"@type":"BreadcrumbList","@id":"https:\/\/www.eldiario.net\/portal\/2026\/07\/05\/que-es-el-sindrome-de-insensibilidad-congenita-al-dolor\/#breadcrumb","itemListElement":[{"@type":"ListItem","position":1,"name":"Portada","item":"https:\/\/www.eldiario.net\/portal\/"},{"@type":"ListItem","position":2,"name":"\u00bfQU\u00c9 ES EL S\u00cdNDROME DE INSENSIBILIDAD CONG\u00c9NITA AL DOLOR?"}]},{"@type":"WebSite","@id":"https:\/\/www.eldiario.net\/portal\/#website","url":"https:\/\/www.eldiario.net\/portal\/","name":"El Diario - Decano de la prensa nacional","description":"El Diario - Decano de la prensa nacional","publisher":{"@id":"https:\/\/www.eldiario.net\/portal\/#organization"},"potentialAction":[{"@type":"SearchAction","target":{"@type":"EntryPoint","urlTemplate":"https:\/\/www.eldiario.net\/portal\/?s={search_term_string}"},"query-input":{"@type":"PropertyValueSpecification","valueRequired":true,"valueName":"search_term_string"}}],"inLanguage":"es"},{"@type":"Organization","@id":"https:\/\/www.eldiario.net\/portal\/#organization","name":"El Diario - Decano de la prensa nacional","url":"https:\/\/www.eldiario.net\/portal\/","logo":{"@type":"ImageObject","inLanguage":"es","@id":"https:\/\/www.eldiario.net\/portal\/#\/schema\/logo\/image\/","url":"https:\/\/www.eldiario.net\/portal\/wp-content\/uploads\/2023\/07\/logo_ED.jpg","contentUrl":"https:\/\/www.eldiario.net\/portal\/wp-content\/uploads\/2023\/07\/logo_ED.jpg","width":272,"height":52,"caption":"El Diario - Decano de la prensa nacional"},"image":{"@id":"https:\/\/www.eldiario.net\/portal\/#\/schema\/logo\/image\/"},"sameAs":["https:\/\/www.facebook.com\/eldiario.bolivia\/","https:\/\/x.com\/eldiario_net"]},{"@type":"Person","@id":"https:\/\/www.eldiario.net\/portal\/#\/schema\/person\/2c57cf2b7a7ae032e449e4c9b1019eac","name":"Jeanette","image":{"@type":"ImageObject","inLanguage":"es","@id":"https:\/\/secure.gravatar.com\/avatar\/3ea2118a5f7dad2b7138b1187a6b7ee55f160b9968b66013c3a3ef39dd7e5798?s=96&d=mm&r=g","url":"https:\/\/secure.gravatar.com\/avatar\/3ea2118a5f7dad2b7138b1187a6b7ee55f160b9968b66013c3a3ef39dd7e5798?s=96&d=mm&r=g","contentUrl":"https:\/\/secure.gravatar.com\/avatar\/3ea2118a5f7dad2b7138b1187a6b7ee55f160b9968b66013c3a3ef39dd7e5798?s=96&d=mm&r=g","caption":"Jeanette"},"sameAs":["https:\/\/www.eldiario.net\/portal"],"url":"https:\/\/www.eldiario.net\/portal\/author\/jeanette\/"}]}},"_links":{"self":[{"href":"https:\/\/www.eldiario.net\/portal\/wp-json\/wp\/v2\/posts\/409931","targetHints":{"allow":["GET"]}}],"collection":[{"href":"https:\/\/www.eldiario.net\/portal\/wp-json\/wp\/v2\/posts"}],"about":[{"href":"https:\/\/www.eldiario.net\/portal\/wp-json\/wp\/v2\/types\/post"}],"author":[{"embeddable":true,"href":"https:\/\/www.eldiario.net\/portal\/wp-json\/wp\/v2\/users\/1"}],"replies":[{"embeddable":true,"href":"https:\/\/www.eldiario.net\/portal\/wp-json\/wp\/v2\/comments?post=409931"}],"version-history":[{"count":1,"href":"https:\/\/www.eldiario.net\/portal\/wp-json\/wp\/v2\/posts\/409931\/revisions"}],"predecessor-version":[{"id":409933,"href":"https:\/\/www.eldiario.net\/portal\/wp-json\/wp\/v2\/posts\/409931\/revisions\/409933"}],"wp:featuredmedia":[{"embeddable":true,"href":"https:\/\/www.eldiario.net\/portal\/wp-json\/wp\/v2\/media\/409932"}],"wp:attachment":[{"href":"https:\/\/www.eldiario.net\/portal\/wp-json\/wp\/v2\/media?parent=409931"}],"wp:term":[{"taxonomy":"category","embeddable":true,"href":"https:\/\/www.eldiario.net\/portal\/wp-json\/wp\/v2\/categories?post=409931"},{"taxonomy":"post_tag","embeddable":true,"href":"https:\/\/www.eldiario.net\/portal\/wp-json\/wp\/v2\/tags?post=409931"}],"curies":[{"name":"wp","href":"https:\/\/api.w.org\/{rel}","templated":true}]}}