{"id":409922,"date":"2026-07-05T08:29:05","date_gmt":"2026-07-05T12:29:05","guid":{"rendered":"https:\/\/www.eldiario.net\/portal\/?p=409922"},"modified":"2026-07-05T08:29:05","modified_gmt":"2026-07-05T12:29:05","slug":"beneficios-y-valor-nutricional-del-limon","status":"publish","type":"post","link":"https:\/\/www.eldiario.net\/portal\/2026\/07\/05\/beneficios-y-valor-nutricional-del-limon\/","title":{"rendered":"BENEFICIOS Y VALOR NUTRICIONAL DEL LIM\u00d3N"},"content":{"rendered":"<p>El lim\u00f3n es un aut\u00e9ntico<strong> tesoro nutricional<\/strong> y muy beneficioso para nuestra salud. Es una<strong> fruta curativa<\/strong> por excelencia, porque nos aporta vitaminas, elimina toxinas y es un poderoso bactericida, por lo que la OMS recomienda su consumo regular.<\/p>\n<p>Es originario del sudeste asi\u00e1tico, aunque actualmente se produce en todas la \u00e1reas tropicales y templadas del globo. El principal pa\u00eds productor es M\u00e9xico seguido de la India, mientras que Espa\u00f1a es el primer pa\u00eds exportador de limones y limas.<\/p>\n<p>El limonero florece todo el a\u00f1o y se clasifican sus variedades de acuerdo a la \u00e9poca de maduraci\u00f3n de sus frutos. <strong>Los limones tienen muchos usos en la cocina<\/strong>: sirven para aderezar, para cocinar alimentos o para elaborar licores. Su aroma y esencia se emplea especialmente en confiter\u00eda y pasteler\u00eda.<\/p>\n<p><strong>Valor nutricional del lim\u00f3n (por 100 gramos)<\/strong><\/p>\n<p>&nbsp;<\/p>\n<p>Calor\u00edas: 22<\/p>\n<p>Grasas totales: 0,2 g<\/p>\n<p>Sodio: 1 mg<\/p>\n<p>Potasio: 103 mg<\/p>\n<p>Hidratos de carbono: 7 g<\/p>\n<p>Fibra: 0,3 g<\/p>\n<p>Az\u00facares: 2,5 g<\/p>\n<p>Prote\u00ednas: 0,4 g<\/p>\n<p>Vitamina C: 38,7 mg<\/p>\n<p>Calcio: 6 mg<\/p>\n<p>Magnesio: 6 mg<\/p>\n<h3><\/h3>\n<h3><strong>Propiedades y beneficios del lim\u00f3n<\/strong><\/h3>\n<p><strong>Antibacteriano<\/strong><\/p>\n<p>El lim\u00f3n tiene un gran poder bactericida.<\/p>\n<p><strong>Refuerzan el sistema inmunol\u00f3gico <\/strong><\/p>\n<p>Los limones, por su alto contenido en vitamina C y flavonoides, ayudan a reforzar tu sistema inmunol\u00f3gico aumentando las defensas de tu organismo. Tambi\u00e9n previenen enfermedades, sobre todo de las v\u00edas respiratorias.<\/p>\n<p><strong>Mantiene el ph del cuerpo <\/strong><\/p>\n<p>Aunque los limones son ricos en \u00e1cido c\u00edtrico, a la larga te ayudan a alcalinizar tu organismo, ayudando a restablecer el ph de tu cuerpo. Si en tu alimentaci\u00f3n hay abundancia de carne roja, alimentos refinados, aditivos o caf\u00e9, tu organismo puede acidificarse.<\/p>\n<p><strong>Desintoxica el organismo<\/strong><\/p>\n<p>El lim\u00f3n estimula el h\u00edgado y ayuda a eliminar toxinas. Uno de los remedios m\u00e1s eficaces para desintoxicar tu h\u00edgado es tomar todas las ma\u00f1anas, en ayunas, el zumo de un lim\u00f3n reci\u00e9n exprimido, junto con medio vaso de agua, y esperar una media hora para que haga su efecto antes de tomar otros alimentos. Adem\u00e1s, el lim\u00f3n aumenta los movimientos perist\u00e1lticos de los intestinos, ayudando al organismo a eliminar mejor los deshechos de la digesti\u00f3n. Las propiedades digestivas del zumo de lim\u00f3n ayudan las molestias de las digestiones pesadas.<\/p>\n<p><strong>Ayuda a disolver los c\u00e1lculos <\/strong><\/p>\n<p>El \u00e1cido c\u00edtrico de los limones ayuda a prevenir y a disolver las piedras que se forman en la ves\u00edcula, as\u00ed como los dep\u00f3sitos de calcio que pueden dar lugar a la formaci\u00f3n de piedras en el ri\u00f1\u00f3n.<\/p>\n<p><strong>Cuida el cerebro <\/strong><\/p>\n<p>Adem\u00e1s de vitamina C, el lim\u00f3n contiene potasio, lo que es muy beneficioso para nuestro sistema nervioso y nuestro cerebro.<\/p>\n<p>Personal De Salud + Vida<\/p>\n<p>&nbsp;<\/p>\n","protected":false},"excerpt":{"rendered":"<p>El lim\u00f3n es un aut\u00e9ntico tesoro nutricional y muy beneficioso para nuestra salud. Es una fruta curativa por excelencia, porque nos aporta vitaminas, elimina toxinas y es un poderoso bactericida, por lo que la OMS recomienda su consumo regular. Es originario del sudeste asi\u00e1tico, aunque actualmente se produce en todas la \u00e1reas tropicales y templadas [&hellip;]<\/p>\n","protected":false},"author":1,"featured_media":409923,"comment_status":"closed","ping_status":"open","sticky":false,"template":"","format":"standard","meta":{"_acf_changed":false,"footnotes":""},"categories":[52],"tags":[],"class_list":["post-409922","post","type-post","status-publish","format-standard","has-post-thumbnail","category-de-salud-mas-vida"],"acf":{"antetitulo":""},"yoast_head":"<!-- This site is optimized with the Yoast SEO plugin v28.4 - https:\/\/yoast.com\/product\/yoast-seo-wordpress\/ -->\n<title>BENEFICIOS Y VALOR NUTRICIONAL DEL LIM\u00d3N - El Diario - Bolivia<\/title>\n<meta name=\"robots\" content=\"index, follow, max-snippet:-1, max-image-preview:large, max-video-preview:-1\" \/>\n<link rel=\"canonical\" href=\"https:\/\/www.eldiario.net\/portal\/2026\/07\/05\/beneficios-y-valor-nutricional-del-limon\/\" \/>\n<meta property=\"og:locale\" content=\"es_ES\" \/>\n<meta property=\"og:type\" content=\"article\" \/>\n<meta property=\"og:title\" content=\"BENEFICIOS Y VALOR NUTRICIONAL DEL LIM\u00d3N - El Diario - Bolivia\" \/>\n<meta property=\"og:description\" content=\"El lim\u00f3n es un aut\u00e9ntico tesoro nutricional y muy beneficioso para nuestra salud. Es una fruta curativa por excelencia, porque nos aporta vitaminas, elimina toxinas y es un poderoso bactericida, por lo que la OMS recomienda su consumo regular. Es originario del sudeste asi\u00e1tico, aunque actualmente se produce en todas la \u00e1reas tropicales y templadas [&hellip;]\" \/>\n<meta property=\"og:url\" content=\"https:\/\/www.eldiario.net\/portal\/2026\/07\/05\/beneficios-y-valor-nutricional-del-limon\/\" \/>\n<meta property=\"og:site_name\" content=\"El Diario - Bolivia\" \/>\n<meta property=\"article:publisher\" content=\"https:\/\/www.facebook.com\/eldiario.bolivia\/\" \/>\n<meta property=\"article:published_time\" content=\"2026-07-05T12:29:05+00:00\" \/>\n<meta property=\"og:image\" content=\"https:\/\/www.eldiario.net\/portal\/wp-content\/uploads\/2026\/07\/BENEFICIOS-Y-VALOR-NUTRICIONAL-DEL-LIMON-copia.webp\" \/>\n\t<meta property=\"og:image:width\" content=\"1080\" \/>\n\t<meta property=\"og:image:height\" content=\"635\" \/>\n\t<meta property=\"og:image:type\" content=\"image\/webp\" \/>\n<meta name=\"author\" content=\"Jeanette\" \/>\n<meta name=\"twitter:card\" content=\"summary_large_image\" \/>\n<meta name=\"twitter:creator\" content=\"@eldiario_net\" \/>\n<meta name=\"twitter:site\" content=\"@eldiario_net\" \/>\n<meta name=\"twitter:label1\" content=\"Escrito por\" \/>\n\t<meta name=\"twitter:data1\" content=\"Jeanette\" \/>\n\t<meta name=\"twitter:label2\" content=\"Tiempo de lectura\" \/>\n\t<meta name=\"twitter:data2\" content=\"3 minutos\" \/>\n<script type=\"application\/ld+json\" class=\"yoast-schema-graph\">{\"@context\":\"https:\\\/\\\/schema.org\",\"@graph\":[{\"@type\":\"Article\",\"@id\":\"https:\\\/\\\/www.eldiario.net\\\/portal\\\/2026\\\/07\\\/05\\\/beneficios-y-valor-nutricional-del-limon\\\/#article\",\"isPartOf\":{\"@id\":\"https:\\\/\\\/www.eldiario.net\\\/portal\\\/2026\\\/07\\\/05\\\/beneficios-y-valor-nutricional-del-limon\\\/\"},\"author\":{\"name\":\"Jeanette\",\"@id\":\"https:\\\/\\\/www.eldiario.net\\\/portal\\\/#\\\/schema\\\/person\\\/2c57cf2b7a7ae032e449e4c9b1019eac\"},\"headline\":\"BENEFICIOS Y VALOR NUTRICIONAL DEL LIM\u00d3N\",\"datePublished\":\"2026-07-05T12:29:05+00:00\",\"mainEntityOfPage\":{\"@id\":\"https:\\\/\\\/www.eldiario.net\\\/portal\\\/2026\\\/07\\\/05\\\/beneficios-y-valor-nutricional-del-limon\\\/\"},\"wordCount\":472,\"publisher\":{\"@id\":\"https:\\\/\\\/www.eldiario.net\\\/portal\\\/#organization\"},\"image\":{\"@id\":\"https:\\\/\\\/www.eldiario.net\\\/portal\\\/2026\\\/07\\\/05\\\/beneficios-y-valor-nutricional-del-limon\\\/#primaryimage\"},\"thumbnailUrl\":\"https:\\\/\\\/www.eldiario.net\\\/portal\\\/wp-content\\\/uploads\\\/2026\\\/07\\\/BENEFICIOS-Y-VALOR-NUTRICIONAL-DEL-LIMON-copia.webp\",\"articleSection\":[\"De Salud + vida\"],\"inLanguage\":\"es\"},{\"@type\":\"WebPage\",\"@id\":\"https:\\\/\\\/www.eldiario.net\\\/portal\\\/2026\\\/07\\\/05\\\/beneficios-y-valor-nutricional-del-limon\\\/\",\"url\":\"https:\\\/\\\/www.eldiario.net\\\/portal\\\/2026\\\/07\\\/05\\\/beneficios-y-valor-nutricional-del-limon\\\/\",\"name\":\"BENEFICIOS Y VALOR NUTRICIONAL DEL LIM\u00d3N - El Diario - Bolivia\",\"isPartOf\":{\"@id\":\"https:\\\/\\\/www.eldiario.net\\\/portal\\\/#website\"},\"primaryImageOfPage\":{\"@id\":\"https:\\\/\\\/www.eldiario.net\\\/portal\\\/2026\\\/07\\\/05\\\/beneficios-y-valor-nutricional-del-limon\\\/#primaryimage\"},\"image\":{\"@id\":\"https:\\\/\\\/www.eldiario.net\\\/portal\\\/2026\\\/07\\\/05\\\/beneficios-y-valor-nutricional-del-limon\\\/#primaryimage\"},\"thumbnailUrl\":\"https:\\\/\\\/www.eldiario.net\\\/portal\\\/wp-content\\\/uploads\\\/2026\\\/07\\\/BENEFICIOS-Y-VALOR-NUTRICIONAL-DEL-LIMON-copia.webp\",\"datePublished\":\"2026-07-05T12:29:05+00:00\",\"breadcrumb\":{\"@id\":\"https:\\\/\\\/www.eldiario.net\\\/portal\\\/2026\\\/07\\\/05\\\/beneficios-y-valor-nutricional-del-limon\\\/#breadcrumb\"},\"inLanguage\":\"es\",\"potentialAction\":[{\"@type\":\"ReadAction\",\"target\":[\"https:\\\/\\\/www.eldiario.net\\\/portal\\\/2026\\\/07\\\/05\\\/beneficios-y-valor-nutricional-del-limon\\\/\"]}]},{\"@type\":\"ImageObject\",\"inLanguage\":\"es\",\"@id\":\"https:\\\/\\\/www.eldiario.net\\\/portal\\\/2026\\\/07\\\/05\\\/beneficios-y-valor-nutricional-del-limon\\\/#primaryimage\",\"url\":\"https:\\\/\\\/www.eldiario.net\\\/portal\\\/wp-content\\\/uploads\\\/2026\\\/07\\\/BENEFICIOS-Y-VALOR-NUTRICIONAL-DEL-LIMON-copia.webp\",\"contentUrl\":\"https:\\\/\\\/www.eldiario.net\\\/portal\\\/wp-content\\\/uploads\\\/2026\\\/07\\\/BENEFICIOS-Y-VALOR-NUTRICIONAL-DEL-LIMON-copia.webp\",\"width\":1080,\"height\":635},{\"@type\":\"BreadcrumbList\",\"@id\":\"https:\\\/\\\/www.eldiario.net\\\/portal\\\/2026\\\/07\\\/05\\\/beneficios-y-valor-nutricional-del-limon\\\/#breadcrumb\",\"itemListElement\":[{\"@type\":\"ListItem\",\"position\":1,\"name\":\"Portada\",\"item\":\"https:\\\/\\\/www.eldiario.net\\\/portal\\\/\"},{\"@type\":\"ListItem\",\"position\":2,\"name\":\"BENEFICIOS Y VALOR NUTRICIONAL DEL LIM\u00d3N\"}]},{\"@type\":\"WebSite\",\"@id\":\"https:\\\/\\\/www.eldiario.net\\\/portal\\\/#website\",\"url\":\"https:\\\/\\\/www.eldiario.net\\\/portal\\\/\",\"name\":\"El Diario - Decano de la prensa nacional\",\"description\":\"El Diario - Decano de la prensa nacional\",\"publisher\":{\"@id\":\"https:\\\/\\\/www.eldiario.net\\\/portal\\\/#organization\"},\"potentialAction\":[{\"@type\":\"SearchAction\",\"target\":{\"@type\":\"EntryPoint\",\"urlTemplate\":\"https:\\\/\\\/www.eldiario.net\\\/portal\\\/?s={search_term_string}\"},\"query-input\":{\"@type\":\"PropertyValueSpecification\",\"valueRequired\":true,\"valueName\":\"search_term_string\"}}],\"inLanguage\":\"es\"},{\"@type\":\"Organization\",\"@id\":\"https:\\\/\\\/www.eldiario.net\\\/portal\\\/#organization\",\"name\":\"El Diario - Decano de la prensa nacional\",\"url\":\"https:\\\/\\\/www.eldiario.net\\\/portal\\\/\",\"logo\":{\"@type\":\"ImageObject\",\"inLanguage\":\"es\",\"@id\":\"https:\\\/\\\/www.eldiario.net\\\/portal\\\/#\\\/schema\\\/logo\\\/image\\\/\",\"url\":\"https:\\\/\\\/www.eldiario.net\\\/portal\\\/wp-content\\\/uploads\\\/2023\\\/07\\\/logo_ED.jpg\",\"contentUrl\":\"https:\\\/\\\/www.eldiario.net\\\/portal\\\/wp-content\\\/uploads\\\/2023\\\/07\\\/logo_ED.jpg\",\"width\":272,\"height\":52,\"caption\":\"El Diario - Decano de la prensa nacional\"},\"image\":{\"@id\":\"https:\\\/\\\/www.eldiario.net\\\/portal\\\/#\\\/schema\\\/logo\\\/image\\\/\"},\"sameAs\":[\"https:\\\/\\\/www.facebook.com\\\/eldiario.bolivia\\\/\",\"https:\\\/\\\/x.com\\\/eldiario_net\"]},{\"@type\":\"Person\",\"@id\":\"https:\\\/\\\/www.eldiario.net\\\/portal\\\/#\\\/schema\\\/person\\\/2c57cf2b7a7ae032e449e4c9b1019eac\",\"name\":\"Jeanette\",\"image\":{\"@type\":\"ImageObject\",\"inLanguage\":\"es\",\"@id\":\"https:\\\/\\\/secure.gravatar.com\\\/avatar\\\/3ea2118a5f7dad2b7138b1187a6b7ee55f160b9968b66013c3a3ef39dd7e5798?s=96&d=mm&r=g\",\"url\":\"https:\\\/\\\/secure.gravatar.com\\\/avatar\\\/3ea2118a5f7dad2b7138b1187a6b7ee55f160b9968b66013c3a3ef39dd7e5798?s=96&d=mm&r=g\",\"contentUrl\":\"https:\\\/\\\/secure.gravatar.com\\\/avatar\\\/3ea2118a5f7dad2b7138b1187a6b7ee55f160b9968b66013c3a3ef39dd7e5798?s=96&d=mm&r=g\",\"caption\":\"Jeanette\"},\"sameAs\":[\"https:\\\/\\\/www.eldiario.net\\\/portal\"],\"url\":\"https:\\\/\\\/www.eldiario.net\\\/portal\\\/author\\\/jeanette\\\/\"}]}<\/script>\n<!-- \/ Yoast SEO plugin. -->","yoast_head_json":{"title":"BENEFICIOS Y VALOR NUTRICIONAL DEL LIM\u00d3N - El Diario - Bolivia","robots":{"index":"index","follow":"follow","max-snippet":"max-snippet:-1","max-image-preview":"max-image-preview:large","max-video-preview":"max-video-preview:-1"},"canonical":"https:\/\/www.eldiario.net\/portal\/2026\/07\/05\/beneficios-y-valor-nutricional-del-limon\/","og_locale":"es_ES","og_type":"article","og_title":"BENEFICIOS Y VALOR NUTRICIONAL DEL LIM\u00d3N - El Diario - Bolivia","og_description":"El lim\u00f3n es un aut\u00e9ntico tesoro nutricional y muy beneficioso para nuestra salud. Es una fruta curativa por excelencia, porque nos aporta vitaminas, elimina toxinas y es un poderoso bactericida, por lo que la OMS recomienda su consumo regular. Es originario del sudeste asi\u00e1tico, aunque actualmente se produce en todas la \u00e1reas tropicales y templadas [&hellip;]","og_url":"https:\/\/www.eldiario.net\/portal\/2026\/07\/05\/beneficios-y-valor-nutricional-del-limon\/","og_site_name":"El Diario - Bolivia","article_publisher":"https:\/\/www.facebook.com\/eldiario.bolivia\/","article_published_time":"2026-07-05T12:29:05+00:00","og_image":[{"width":1080,"height":635,"url":"https:\/\/www.eldiario.net\/portal\/wp-content\/uploads\/2026\/07\/BENEFICIOS-Y-VALOR-NUTRICIONAL-DEL-LIMON-copia.webp","type":"image\/webp"}],"author":"Jeanette","twitter_card":"summary_large_image","twitter_creator":"@eldiario_net","twitter_site":"@eldiario_net","twitter_misc":{"Escrito por":"Jeanette","Tiempo de lectura":"3 minutos"},"schema":{"@context":"https:\/\/schema.org","@graph":[{"@type":"Article","@id":"https:\/\/www.eldiario.net\/portal\/2026\/07\/05\/beneficios-y-valor-nutricional-del-limon\/#article","isPartOf":{"@id":"https:\/\/www.eldiario.net\/portal\/2026\/07\/05\/beneficios-y-valor-nutricional-del-limon\/"},"author":{"name":"Jeanette","@id":"https:\/\/www.eldiario.net\/portal\/#\/schema\/person\/2c57cf2b7a7ae032e449e4c9b1019eac"},"headline":"BENEFICIOS Y VALOR NUTRICIONAL DEL LIM\u00d3N","datePublished":"2026-07-05T12:29:05+00:00","mainEntityOfPage":{"@id":"https:\/\/www.eldiario.net\/portal\/2026\/07\/05\/beneficios-y-valor-nutricional-del-limon\/"},"wordCount":472,"publisher":{"@id":"https:\/\/www.eldiario.net\/portal\/#organization"},"image":{"@id":"https:\/\/www.eldiario.net\/portal\/2026\/07\/05\/beneficios-y-valor-nutricional-del-limon\/#primaryimage"},"thumbnailUrl":"https:\/\/www.eldiario.net\/portal\/wp-content\/uploads\/2026\/07\/BENEFICIOS-Y-VALOR-NUTRICIONAL-DEL-LIMON-copia.webp","articleSection":["De Salud + vida"],"inLanguage":"es"},{"@type":"WebPage","@id":"https:\/\/www.eldiario.net\/portal\/2026\/07\/05\/beneficios-y-valor-nutricional-del-limon\/","url":"https:\/\/www.eldiario.net\/portal\/2026\/07\/05\/beneficios-y-valor-nutricional-del-limon\/","name":"BENEFICIOS Y VALOR NUTRICIONAL DEL LIM\u00d3N - El Diario - Bolivia","isPartOf":{"@id":"https:\/\/www.eldiario.net\/portal\/#website"},"primaryImageOfPage":{"@id":"https:\/\/www.eldiario.net\/portal\/2026\/07\/05\/beneficios-y-valor-nutricional-del-limon\/#primaryimage"},"image":{"@id":"https:\/\/www.eldiario.net\/portal\/2026\/07\/05\/beneficios-y-valor-nutricional-del-limon\/#primaryimage"},"thumbnailUrl":"https:\/\/www.eldiario.net\/portal\/wp-content\/uploads\/2026\/07\/BENEFICIOS-Y-VALOR-NUTRICIONAL-DEL-LIMON-copia.webp","datePublished":"2026-07-05T12:29:05+00:00","breadcrumb":{"@id":"https:\/\/www.eldiario.net\/portal\/2026\/07\/05\/beneficios-y-valor-nutricional-del-limon\/#breadcrumb"},"inLanguage":"es","potentialAction":[{"@type":"ReadAction","target":["https:\/\/www.eldiario.net\/portal\/2026\/07\/05\/beneficios-y-valor-nutricional-del-limon\/"]}]},{"@type":"ImageObject","inLanguage":"es","@id":"https:\/\/www.eldiario.net\/portal\/2026\/07\/05\/beneficios-y-valor-nutricional-del-limon\/#primaryimage","url":"https:\/\/www.eldiario.net\/portal\/wp-content\/uploads\/2026\/07\/BENEFICIOS-Y-VALOR-NUTRICIONAL-DEL-LIMON-copia.webp","contentUrl":"https:\/\/www.eldiario.net\/portal\/wp-content\/uploads\/2026\/07\/BENEFICIOS-Y-VALOR-NUTRICIONAL-DEL-LIMON-copia.webp","width":1080,"height":635},{"@type":"BreadcrumbList","@id":"https:\/\/www.eldiario.net\/portal\/2026\/07\/05\/beneficios-y-valor-nutricional-del-limon\/#breadcrumb","itemListElement":[{"@type":"ListItem","position":1,"name":"Portada","item":"https:\/\/www.eldiario.net\/portal\/"},{"@type":"ListItem","position":2,"name":"BENEFICIOS Y VALOR NUTRICIONAL DEL LIM\u00d3N"}]},{"@type":"WebSite","@id":"https:\/\/www.eldiario.net\/portal\/#website","url":"https:\/\/www.eldiario.net\/portal\/","name":"El Diario - Decano de la prensa nacional","description":"El Diario - Decano de la prensa nacional","publisher":{"@id":"https:\/\/www.eldiario.net\/portal\/#organization"},"potentialAction":[{"@type":"SearchAction","target":{"@type":"EntryPoint","urlTemplate":"https:\/\/www.eldiario.net\/portal\/?s={search_term_string}"},"query-input":{"@type":"PropertyValueSpecification","valueRequired":true,"valueName":"search_term_string"}}],"inLanguage":"es"},{"@type":"Organization","@id":"https:\/\/www.eldiario.net\/portal\/#organization","name":"El Diario - Decano de la prensa nacional","url":"https:\/\/www.eldiario.net\/portal\/","logo":{"@type":"ImageObject","inLanguage":"es","@id":"https:\/\/www.eldiario.net\/portal\/#\/schema\/logo\/image\/","url":"https:\/\/www.eldiario.net\/portal\/wp-content\/uploads\/2023\/07\/logo_ED.jpg","contentUrl":"https:\/\/www.eldiario.net\/portal\/wp-content\/uploads\/2023\/07\/logo_ED.jpg","width":272,"height":52,"caption":"El Diario - Decano de la prensa nacional"},"image":{"@id":"https:\/\/www.eldiario.net\/portal\/#\/schema\/logo\/image\/"},"sameAs":["https:\/\/www.facebook.com\/eldiario.bolivia\/","https:\/\/x.com\/eldiario_net"]},{"@type":"Person","@id":"https:\/\/www.eldiario.net\/portal\/#\/schema\/person\/2c57cf2b7a7ae032e449e4c9b1019eac","name":"Jeanette","image":{"@type":"ImageObject","inLanguage":"es","@id":"https:\/\/secure.gravatar.com\/avatar\/3ea2118a5f7dad2b7138b1187a6b7ee55f160b9968b66013c3a3ef39dd7e5798?s=96&d=mm&r=g","url":"https:\/\/secure.gravatar.com\/avatar\/3ea2118a5f7dad2b7138b1187a6b7ee55f160b9968b66013c3a3ef39dd7e5798?s=96&d=mm&r=g","contentUrl":"https:\/\/secure.gravatar.com\/avatar\/3ea2118a5f7dad2b7138b1187a6b7ee55f160b9968b66013c3a3ef39dd7e5798?s=96&d=mm&r=g","caption":"Jeanette"},"sameAs":["https:\/\/www.eldiario.net\/portal"],"url":"https:\/\/www.eldiario.net\/portal\/author\/jeanette\/"}]}},"_links":{"self":[{"href":"https:\/\/www.eldiario.net\/portal\/wp-json\/wp\/v2\/posts\/409922","targetHints":{"allow":["GET"]}}],"collection":[{"href":"https:\/\/www.eldiario.net\/portal\/wp-json\/wp\/v2\/posts"}],"about":[{"href":"https:\/\/www.eldiario.net\/portal\/wp-json\/wp\/v2\/types\/post"}],"author":[{"embeddable":true,"href":"https:\/\/www.eldiario.net\/portal\/wp-json\/wp\/v2\/users\/1"}],"replies":[{"embeddable":true,"href":"https:\/\/www.eldiario.net\/portal\/wp-json\/wp\/v2\/comments?post=409922"}],"version-history":[{"count":1,"href":"https:\/\/www.eldiario.net\/portal\/wp-json\/wp\/v2\/posts\/409922\/revisions"}],"predecessor-version":[{"id":409924,"href":"https:\/\/www.eldiario.net\/portal\/wp-json\/wp\/v2\/posts\/409922\/revisions\/409924"}],"wp:featuredmedia":[{"embeddable":true,"href":"https:\/\/www.eldiario.net\/portal\/wp-json\/wp\/v2\/media\/409923"}],"wp:attachment":[{"href":"https:\/\/www.eldiario.net\/portal\/wp-json\/wp\/v2\/media?parent=409922"}],"wp:term":[{"taxonomy":"category","embeddable":true,"href":"https:\/\/www.eldiario.net\/portal\/wp-json\/wp\/v2\/categories?post=409922"},{"taxonomy":"post_tag","embeddable":true,"href":"https:\/\/www.eldiario.net\/portal\/wp-json\/wp\/v2\/tags?post=409922"}],"curies":[{"name":"wp","href":"https:\/\/api.w.org\/{rel}","templated":true}]}}