{"id":409911,"date":"2026-07-05T08:27:02","date_gmt":"2026-07-05T12:27:02","guid":{"rendered":"https:\/\/www.eldiario.net\/portal\/?p=409911"},"modified":"2026-07-05T08:27:02","modified_gmt":"2026-07-05T12:27:02","slug":"la-neuropatia-periferica-2","status":"publish","type":"post","link":"https:\/\/www.eldiario.net\/portal\/2026\/07\/05\/la-neuropatia-periferica-2\/","title":{"rendered":"LA NEUROPAT\u00cdA PERIF\u00c9RICA"},"content":{"rendered":"<p>La neuropat\u00eda perif\u00e9rica ocurre cuando los nervios fuera del cerebro y la m\u00e9dula espinal (nervios perif\u00e9ricos) se da\u00f1an. Esta afecci\u00f3n a menudo causa debilidad, entumecimiento y dolor, por lo general, en las manos y en los pies. Tambi\u00e9n puede afectar a otras \u00e1reas y funciones corporales, como la digesti\u00f3n y la orina.<\/p>\n<p>El sistema nervioso perif\u00e9rico env\u00eda informaci\u00f3n desde cerebro y la m\u00e9dula espinal, o sistema nervioso central, al resto del cuerpo mediante los nervios motores. Los nervios perif\u00e9ricos tambi\u00e9n env\u00edan informaci\u00f3n sensorial al sistema nervioso central mediante los nervios sensoriales.<\/p>\n<p>La neuropat\u00eda perif\u00e9rica puede ser el resultado de lesiones traum\u00e1ticas, infecciones, problemas metab\u00f3licos, causas hereditarias y exposici\u00f3n a toxinas. Una de las causas m\u00e1s comunes de la neuropat\u00eda es la diabetes.<\/p>\n<p>Las personas con neuropat\u00eda perif\u00e9rica, por lo general, describen el dolor como punzante, ardiente u hormigueante. A veces los s\u00edntomas mejoran, sobre todo si la causa es una enfermedad que puede tratarse. Los medicamentos pueden reducir el dolor de la neuropat\u00eda perif\u00e9rica.<\/p>\n<p><strong>S\u00edntomas<\/strong><\/p>\n<p>Cada nervio del sistema perif\u00e9rico tiene una funci\u00f3n espec\u00edfica. Los s\u00edntomas dependen del tipo de nervio afectado. Los nervios se clasifican de la siguiente manera:<\/p>\n<ul>\n<li>Nervios sensoriales que reciben las sensaciones provenientes de la piel como la temperatura, el dolor, la vibraci\u00f3n o el tacto.<\/li>\n<li>Nervios motores que controlan el movimiento muscular.<\/li>\n<li>Nervios aut\u00f3nomos que controlan funciones como la presi\u00f3n arterial, la sudoraci\u00f3n, la frecuencia card\u00edaca, la digesti\u00f3n y el funcionamiento de la vejiga.<\/li>\n<\/ul>\n<p>Los s\u00edntomas de la neuropat\u00eda perif\u00e9rica podr\u00edan incluir los siguientes:<\/p>\n<ul>\n<li>Aparecimiento gradual de entumecimiento, hormigueo o cosquilleo en los pies o las manos. Estas sensaciones pueden extenderse hacia arriba, hasta las piernas y los brazos.<\/li>\n<li>Dolor agudo, punzante, puls\u00e1til o escozor.<\/li>\n<li>Sensibilidad extrema al tacto.<\/li>\n<li>Dolor durante las actividades que no deber\u00edan causar dolor, como el dolor en los pies al poner peso sobre ellos o cuando est\u00e1n debajo de una manta.<\/li>\n<li>Falta de coordinaci\u00f3n y ca\u00eddas.<\/li>\n<li>Debilidad muscular.<\/li>\n<li>Sensaci\u00f3n de estar usando guantes o calcetines cuando no es as\u00ed.<\/li>\n<li>Incapacidad para moverte si los nervios motores est\u00e1n afectados.<\/li>\n<\/ul>\n<p>Si los nervios aut\u00f3nomos est\u00e1n afectados, los s\u00edntomas podr\u00edan ser los siguientes:<\/p>\n<ul>\n<li>Intolerancia al calor.<\/li>\n<li>Sudoraci\u00f3n excesiva o no poder sudar.<\/li>\n<li>Problemas intestinales, vesicales o digestivos.<\/li>\n<li>Los descensos en la presi\u00f3n arterial causan mareos o desvanecimiento.<\/li>\n<\/ul>\n<p>La neuropat\u00eda perif\u00e9rica puede afectar un solo nervio, lo que se conoce como mononeuropat\u00eda. Si afecta dos o m\u00e1s nervios en zonas diferentes, se denomina mononeuropat\u00eda m\u00faltiple, y si afecta muchos nervios, se lo conoce como polineuropat\u00eda. El s\u00edndrome del t\u00fanel carpiano es un ejemplo de mononeuropat\u00eda. La mayor\u00eda de las personas con neuropat\u00eda perif\u00e9rica tienen polineuropat\u00eda.<\/p>\n<p><strong>Cu\u00e1ndo debes consultar con un m\u00e9dico<\/strong><\/p>\n<p>Busca atenci\u00f3n m\u00e9dica de inmediato si notas hormigueo, debilidad o dolor inusuales en las manos o los pies. El diagn\u00f3stico y el tratamiento tempranos ofrecen la mejor oportunidad para controlar los s\u00edntomas y evitar da\u00f1os adicionales en los nervios perif\u00e9ricos.<\/p>\n<p><strong>Causas<\/strong><\/p>\n<p>La neuropat\u00eda perif\u00e9rica es el da\u00f1o a los nervios causado por varias afecciones distintas. Las afecciones m\u00e9dicas que pueden causar neuropat\u00eda perif\u00e9rica incluyen las siguientes:<\/p>\n<ul>\n<li><strong>Enfermedades autoinmunitarias.<\/strong> Estos incluyen el s\u00edndrome de Sj\u00f6gren, el lupus, la artritis reumatoide, el s\u00edndrome de Guillain-Barr\u00e9, la polineuropat\u00eda desmielinizante inflamatoria cr\u00f3nica y la vasculitis. Adem\u00e1s, algunos tipos de c\u00e1ncer relacionados con el sistema inmunitario del cuerpo pueden causar polineuropat\u00eda. Son un tipo de un trastorno autoinmunitario denominado s\u00edndrome paraneopl\u00e1sico.<\/li>\n<li><strong>Diabetes y s\u00edndrome metab\u00f3lico.<\/strong> Esta es la causa m\u00e1s com\u00fan. Entre las personas con diabetes, m\u00e1s de la mitad desarrollar\u00e1 alg\u00fan tipo de neuropat\u00eda.<\/li>\n<li><strong>Infecciones.<\/strong> Estos incluyen ciertas infecciones virales o bacterianas, como la enfermedad de Lyme, el herpes z\u00f3ster, la hepatitis\u00a0B y C, la lepra, la difteria y el VIH.<\/li>\n<li><strong>Trastornos hereditarios.<\/strong> Los trastornos como la enfermedad de Charcot-Marie-Tooth son tipos hereditarios de neuropat\u00eda que se presentan dentro de una familia.<\/li>\n<li><strong>Tumores.<\/strong> Los tumores cancerosos, tambi\u00e9n conocidos como malignos, y los tumores no cancerosos, tambi\u00e9n llamados benignos, pueden crecer en nervios o presionarlos.<\/li>\n<li><strong>Trastornos de la m\u00e9dula \u00f3sea.<\/strong> Estos trastornos incluyen la presencia de una prote\u00edna en la sangre que no suele estar ah\u00ed, que se conoce como gammapat\u00eda monoclonal, un tipo raro de mieloma que afecta a los huesos, el linfoma y la enfermedad rara denominada amiloidosis.<\/li>\n<li><strong>Otras enfermedades.<\/strong> Estas incluyen afecciones metab\u00f3licas, como la enfermedad renal o la enfermedad hep\u00e1tica y una tiroides hipoactiva, tambi\u00e9n conocida como hipotiroidismo.<\/li>\n<\/ul>\n<p>Otras causas de neuropat\u00edas incluyen las siguientes:<\/p>\n<ul>\n<li><strong>Trastorno por consumo de alcohol.<\/strong> Las elecciones de alimentaci\u00f3n no saludables que las personas con trastorno por consumo de alcohol hacen, tambi\u00e9n conocido como alcoholismo y la malabsorci\u00f3n de vitaminas pueden llevar a tener cantidades bajas de vitaminas esenciales en el cuerpo.<\/li>\n<li><strong>Exposici\u00f3n a venenos.<\/strong> Las sustancias t\u00f3xicas incluyen productos qu\u00edmicos industriales y metales pesados, como el plomo y el mercurio.<\/li>\n<li><strong>Medicamentos.<\/strong> Ciertos medicamentos, especialmente la quimioterapia que sirve para tratar el c\u00e1ncer, pueden producir neuropat\u00eda perif\u00e9rica.<\/li>\n<li><strong>Lesiones o presi\u00f3n sobre el nervio.<\/strong> Las lesiones, como las que se producen a ra\u00edz de accidentes automovil\u00edsticos, ca\u00eddas o lesiones deportivas, pueden seccionar o da\u00f1ar los nervios perif\u00e9ricos. La presi\u00f3n sobre el nervio puede ser el resultado de tener un yeso, usar muletas o hacer movimientos repetitivos como el uso del teclado.<\/li>\n<li><strong>Niveles bajos de vitaminas.<\/strong> Las vitaminas\u00a0B, como las B-1, B-6 y B-12, y tambi\u00e9n el cobre y la vitamina\u00a0E, son fundamentales para la salud de los nervios.<\/li>\n<\/ul>\n<p>En algunos casos, no se puede identificar la causa. Esto se llama neuropat\u00eda perif\u00e9rica idiop\u00e1tica.<\/p>\n<p><strong>Factores de riesgo<\/strong><\/p>\n<p>Los factores de riesgo de la neuropat\u00eda perif\u00e9rica incluyen los siguientes:<\/p>\n<ul>\n<li>Diabetes, especialmente si tus niveles de az\u00facar no est\u00e1n bien controlados.<\/li>\n<li>Abuso del alcohol.<\/li>\n<li>Bajo nivel de las vitaminas en el cuerpo, especialmente de B-12.<\/li>\n<li>Infecciones, como la enfermedad de Lyme, herpes z\u00f3ster, hepatitis\u00a0B y C, y VIH.<\/li>\n<li>Enfermedades autoinmunitarias, como la artritis reumatoide y el lupus, en las cuales el sistema inmunitario ataca los propios tejidos.<\/li>\n<li>Trastornos renales, hep\u00e1ticos o tiroideos.<\/li>\n<li>Exposici\u00f3n a toxinas.<\/li>\n<li>Movimientos repetitivos, como los que se hacen para ciertos trabajos.<\/li>\n<li>Antecedentes familiares de neuropat\u00eda.<\/li>\n<\/ul>\n<p><strong>Complicaciones<\/strong><\/p>\n<p>Las complicaciones de la neuropat\u00eda perif\u00e9rica pueden incluir lo siguiente:<\/p>\n<ul>\n<li><strong>Quemaduras, lesiones en la piel y heridas en los pies.<\/strong> Es posible que no sientas cambios de temperatura o dolor en las partes del cuerpo que est\u00e1n entumecidas.<\/li>\n<li><strong>Infecci\u00f3n.<\/strong> Tus pies y otras \u00e1reas que carecen de sensibilidad pueden lesionarse sin que lo sepas. Controla estas \u00e1reas con regularidad, lleva calzado cerrado y bien sujeto, y trata las lesiones leves antes de que se infecten, especialmente si tienes diabetes.<\/li>\n<li><strong>Ca\u00eddas.<\/strong> La debilidad y la p\u00e9rdida de sensibilidad pueden estar asociadas con la falta de equilibrio y las ca\u00eddas. Instalar pasamanos en el ba\u00f1o, utilizar bastones o andadores cuando sea necesario y asegurarse de caminar solo por habitaciones bien iluminadas puede disminuir el riesgo de las ca\u00eddas.<\/li>\n<\/ul>\n<p><strong>Prevenci\u00f3n<\/strong><\/p>\n<p><strong>Controla las afecciones preexistentes<\/strong><\/p>\n<p>La mejor manera de prevenir la neuropat\u00eda perif\u00e9rica es controlar las enfermedades que te ponen en riesgo.<\/p>\n<p><strong>Elige un estilo de vida saludable<\/strong><\/p>\n<p>Estos h\u00e1bitos benefician la salud de los nervios:<\/p>\n<ul>\n<li><strong>Sigue una dieta rica en frutas, verduras, cereales integrales y prote\u00edna magra para mantener los nervios saludables.<\/strong> Prot\u00e9gete contra los niveles bajos de vitamina\u00a0B12 consumiendo carnes, pescado, huevos, productos l\u00e1cteos bajos en grasa y cereales fortificados. Si eres vegetariano o vegano, los cereales fortificados son una buena fuente de vitamina\u00a0B12, pero consulta al profesional de la salud acerca de los suplementos de la B12.<\/li>\n<li><strong>Haz ejercicio con regularidad.<\/strong> Con la aprobaci\u00f3n del profesional de la salud, trata de hacer al menos de\u00a030 a 60\u00a0minutos de ejercicio por lo menos 3\u00a0veces por semana.<\/li>\n<li><strong>Evita los factores que puedan causar da\u00f1os en los nervios.<\/strong> Estos factores pueden incluir movimientos repetitivos, exposici\u00f3n a sustancias qu\u00edmicas t\u00f3xicas, fumar y consumo excesivo de alcohol.<\/li>\n<\/ul>\n<p>Fuente: Mayo Clinic<\/p>\n","protected":false},"excerpt":{"rendered":"<p>La neuropat\u00eda perif\u00e9rica ocurre cuando los nervios fuera del cerebro y la m\u00e9dula espinal (nervios perif\u00e9ricos) se da\u00f1an. Esta afecci\u00f3n a menudo causa debilidad, entumecimiento y dolor, por lo general, en las manos y en los pies. Tambi\u00e9n puede afectar a otras \u00e1reas y funciones corporales, como la digesti\u00f3n y la orina. El sistema nervioso [&hellip;]<\/p>\n","protected":false},"author":1,"featured_media":409912,"comment_status":"closed","ping_status":"open","sticky":false,"template":"","format":"standard","meta":{"_acf_changed":false,"footnotes":""},"categories":[52],"tags":[],"class_list":["post-409911","post","type-post","status-publish","format-standard","has-post-thumbnail","category-de-salud-mas-vida"],"acf":{"antetitulo":""},"yoast_head":"<!-- This site is optimized with the Yoast SEO plugin v28.4 - https:\/\/yoast.com\/product\/yoast-seo-wordpress\/ -->\n<title>LA NEUROPAT\u00cdA PERIF\u00c9RICA - El Diario - Bolivia<\/title>\n<meta name=\"robots\" content=\"index, follow, max-snippet:-1, max-image-preview:large, max-video-preview:-1\" \/>\n<link rel=\"canonical\" href=\"https:\/\/www.eldiario.net\/portal\/2026\/07\/05\/la-neuropatia-periferica-2\/\" \/>\n<meta property=\"og:locale\" content=\"es_ES\" \/>\n<meta property=\"og:type\" content=\"article\" \/>\n<meta property=\"og:title\" content=\"LA NEUROPAT\u00cdA PERIF\u00c9RICA - El Diario - Bolivia\" \/>\n<meta property=\"og:description\" content=\"La neuropat\u00eda perif\u00e9rica ocurre cuando los nervios fuera del cerebro y la m\u00e9dula espinal (nervios perif\u00e9ricos) se da\u00f1an. Esta afecci\u00f3n a menudo causa debilidad, entumecimiento y dolor, por lo general, en las manos y en los pies. Tambi\u00e9n puede afectar a otras \u00e1reas y funciones corporales, como la digesti\u00f3n y la orina. El sistema nervioso [&hellip;]\" \/>\n<meta property=\"og:url\" content=\"https:\/\/www.eldiario.net\/portal\/2026\/07\/05\/la-neuropatia-periferica-2\/\" \/>\n<meta property=\"og:site_name\" content=\"El Diario - Bolivia\" \/>\n<meta property=\"article:publisher\" content=\"https:\/\/www.facebook.com\/eldiario.bolivia\/\" \/>\n<meta property=\"article:published_time\" content=\"2026-07-05T12:27:02+00:00\" \/>\n<meta property=\"og:image\" content=\"https:\/\/www.eldiario.net\/portal\/wp-content\/uploads\/2026\/07\/LA-NEUROPATIA-PERIFERICA-copia.webp\" \/>\n\t<meta property=\"og:image:width\" content=\"1080\" \/>\n\t<meta property=\"og:image:height\" content=\"577\" \/>\n\t<meta property=\"og:image:type\" content=\"image\/webp\" \/>\n<meta name=\"author\" content=\"Jeanette\" \/>\n<meta name=\"twitter:card\" content=\"summary_large_image\" \/>\n<meta name=\"twitter:creator\" content=\"@eldiario_net\" \/>\n<meta name=\"twitter:site\" content=\"@eldiario_net\" \/>\n<meta name=\"twitter:label1\" content=\"Escrito por\" \/>\n\t<meta name=\"twitter:data1\" content=\"Jeanette\" \/>\n\t<meta name=\"twitter:label2\" content=\"Tiempo de lectura\" \/>\n\t<meta name=\"twitter:data2\" content=\"7 minutos\" \/>\n<script type=\"application\/ld+json\" class=\"yoast-schema-graph\">{\"@context\":\"https:\\\/\\\/schema.org\",\"@graph\":[{\"@type\":\"Article\",\"@id\":\"https:\\\/\\\/www.eldiario.net\\\/portal\\\/2026\\\/07\\\/05\\\/la-neuropatia-periferica-2\\\/#article\",\"isPartOf\":{\"@id\":\"https:\\\/\\\/www.eldiario.net\\\/portal\\\/2026\\\/07\\\/05\\\/la-neuropatia-periferica-2\\\/\"},\"author\":{\"name\":\"Jeanette\",\"@id\":\"https:\\\/\\\/www.eldiario.net\\\/portal\\\/#\\\/schema\\\/person\\\/2c57cf2b7a7ae032e449e4c9b1019eac\"},\"headline\":\"LA NEUROPAT\u00cdA PERIF\u00c9RICA\",\"datePublished\":\"2026-07-05T12:27:02+00:00\",\"mainEntityOfPage\":{\"@id\":\"https:\\\/\\\/www.eldiario.net\\\/portal\\\/2026\\\/07\\\/05\\\/la-neuropatia-periferica-2\\\/\"},\"wordCount\":1443,\"publisher\":{\"@id\":\"https:\\\/\\\/www.eldiario.net\\\/portal\\\/#organization\"},\"image\":{\"@id\":\"https:\\\/\\\/www.eldiario.net\\\/portal\\\/2026\\\/07\\\/05\\\/la-neuropatia-periferica-2\\\/#primaryimage\"},\"thumbnailUrl\":\"https:\\\/\\\/www.eldiario.net\\\/portal\\\/wp-content\\\/uploads\\\/2026\\\/07\\\/LA-NEUROPATIA-PERIFERICA-copia.webp\",\"articleSection\":[\"De Salud + vida\"],\"inLanguage\":\"es\"},{\"@type\":\"WebPage\",\"@id\":\"https:\\\/\\\/www.eldiario.net\\\/portal\\\/2026\\\/07\\\/05\\\/la-neuropatia-periferica-2\\\/\",\"url\":\"https:\\\/\\\/www.eldiario.net\\\/portal\\\/2026\\\/07\\\/05\\\/la-neuropatia-periferica-2\\\/\",\"name\":\"LA NEUROPAT\u00cdA PERIF\u00c9RICA - El Diario - Bolivia\",\"isPartOf\":{\"@id\":\"https:\\\/\\\/www.eldiario.net\\\/portal\\\/#website\"},\"primaryImageOfPage\":{\"@id\":\"https:\\\/\\\/www.eldiario.net\\\/portal\\\/2026\\\/07\\\/05\\\/la-neuropatia-periferica-2\\\/#primaryimage\"},\"image\":{\"@id\":\"https:\\\/\\\/www.eldiario.net\\\/portal\\\/2026\\\/07\\\/05\\\/la-neuropatia-periferica-2\\\/#primaryimage\"},\"thumbnailUrl\":\"https:\\\/\\\/www.eldiario.net\\\/portal\\\/wp-content\\\/uploads\\\/2026\\\/07\\\/LA-NEUROPATIA-PERIFERICA-copia.webp\",\"datePublished\":\"2026-07-05T12:27:02+00:00\",\"breadcrumb\":{\"@id\":\"https:\\\/\\\/www.eldiario.net\\\/portal\\\/2026\\\/07\\\/05\\\/la-neuropatia-periferica-2\\\/#breadcrumb\"},\"inLanguage\":\"es\",\"potentialAction\":[{\"@type\":\"ReadAction\",\"target\":[\"https:\\\/\\\/www.eldiario.net\\\/portal\\\/2026\\\/07\\\/05\\\/la-neuropatia-periferica-2\\\/\"]}]},{\"@type\":\"ImageObject\",\"inLanguage\":\"es\",\"@id\":\"https:\\\/\\\/www.eldiario.net\\\/portal\\\/2026\\\/07\\\/05\\\/la-neuropatia-periferica-2\\\/#primaryimage\",\"url\":\"https:\\\/\\\/www.eldiario.net\\\/portal\\\/wp-content\\\/uploads\\\/2026\\\/07\\\/LA-NEUROPATIA-PERIFERICA-copia.webp\",\"contentUrl\":\"https:\\\/\\\/www.eldiario.net\\\/portal\\\/wp-content\\\/uploads\\\/2026\\\/07\\\/LA-NEUROPATIA-PERIFERICA-copia.webp\",\"width\":1080,\"height\":577},{\"@type\":\"BreadcrumbList\",\"@id\":\"https:\\\/\\\/www.eldiario.net\\\/portal\\\/2026\\\/07\\\/05\\\/la-neuropatia-periferica-2\\\/#breadcrumb\",\"itemListElement\":[{\"@type\":\"ListItem\",\"position\":1,\"name\":\"Portada\",\"item\":\"https:\\\/\\\/www.eldiario.net\\\/portal\\\/\"},{\"@type\":\"ListItem\",\"position\":2,\"name\":\"LA NEUROPAT\u00cdA PERIF\u00c9RICA\"}]},{\"@type\":\"WebSite\",\"@id\":\"https:\\\/\\\/www.eldiario.net\\\/portal\\\/#website\",\"url\":\"https:\\\/\\\/www.eldiario.net\\\/portal\\\/\",\"name\":\"El Diario - Decano de la prensa nacional\",\"description\":\"El Diario - Decano de la prensa nacional\",\"publisher\":{\"@id\":\"https:\\\/\\\/www.eldiario.net\\\/portal\\\/#organization\"},\"potentialAction\":[{\"@type\":\"SearchAction\",\"target\":{\"@type\":\"EntryPoint\",\"urlTemplate\":\"https:\\\/\\\/www.eldiario.net\\\/portal\\\/?s={search_term_string}\"},\"query-input\":{\"@type\":\"PropertyValueSpecification\",\"valueRequired\":true,\"valueName\":\"search_term_string\"}}],\"inLanguage\":\"es\"},{\"@type\":\"Organization\",\"@id\":\"https:\\\/\\\/www.eldiario.net\\\/portal\\\/#organization\",\"name\":\"El Diario - Decano de la prensa nacional\",\"url\":\"https:\\\/\\\/www.eldiario.net\\\/portal\\\/\",\"logo\":{\"@type\":\"ImageObject\",\"inLanguage\":\"es\",\"@id\":\"https:\\\/\\\/www.eldiario.net\\\/portal\\\/#\\\/schema\\\/logo\\\/image\\\/\",\"url\":\"https:\\\/\\\/www.eldiario.net\\\/portal\\\/wp-content\\\/uploads\\\/2023\\\/07\\\/logo_ED.jpg\",\"contentUrl\":\"https:\\\/\\\/www.eldiario.net\\\/portal\\\/wp-content\\\/uploads\\\/2023\\\/07\\\/logo_ED.jpg\",\"width\":272,\"height\":52,\"caption\":\"El Diario - Decano de la prensa nacional\"},\"image\":{\"@id\":\"https:\\\/\\\/www.eldiario.net\\\/portal\\\/#\\\/schema\\\/logo\\\/image\\\/\"},\"sameAs\":[\"https:\\\/\\\/www.facebook.com\\\/eldiario.bolivia\\\/\",\"https:\\\/\\\/x.com\\\/eldiario_net\"]},{\"@type\":\"Person\",\"@id\":\"https:\\\/\\\/www.eldiario.net\\\/portal\\\/#\\\/schema\\\/person\\\/2c57cf2b7a7ae032e449e4c9b1019eac\",\"name\":\"Jeanette\",\"image\":{\"@type\":\"ImageObject\",\"inLanguage\":\"es\",\"@id\":\"https:\\\/\\\/secure.gravatar.com\\\/avatar\\\/3ea2118a5f7dad2b7138b1187a6b7ee55f160b9968b66013c3a3ef39dd7e5798?s=96&d=mm&r=g\",\"url\":\"https:\\\/\\\/secure.gravatar.com\\\/avatar\\\/3ea2118a5f7dad2b7138b1187a6b7ee55f160b9968b66013c3a3ef39dd7e5798?s=96&d=mm&r=g\",\"contentUrl\":\"https:\\\/\\\/secure.gravatar.com\\\/avatar\\\/3ea2118a5f7dad2b7138b1187a6b7ee55f160b9968b66013c3a3ef39dd7e5798?s=96&d=mm&r=g\",\"caption\":\"Jeanette\"},\"sameAs\":[\"https:\\\/\\\/www.eldiario.net\\\/portal\"],\"url\":\"https:\\\/\\\/www.eldiario.net\\\/portal\\\/author\\\/jeanette\\\/\"}]}<\/script>\n<!-- \/ Yoast SEO plugin. -->","yoast_head_json":{"title":"LA NEUROPAT\u00cdA PERIF\u00c9RICA - El Diario - Bolivia","robots":{"index":"index","follow":"follow","max-snippet":"max-snippet:-1","max-image-preview":"max-image-preview:large","max-video-preview":"max-video-preview:-1"},"canonical":"https:\/\/www.eldiario.net\/portal\/2026\/07\/05\/la-neuropatia-periferica-2\/","og_locale":"es_ES","og_type":"article","og_title":"LA NEUROPAT\u00cdA PERIF\u00c9RICA - El Diario - Bolivia","og_description":"La neuropat\u00eda perif\u00e9rica ocurre cuando los nervios fuera del cerebro y la m\u00e9dula espinal (nervios perif\u00e9ricos) se da\u00f1an. Esta afecci\u00f3n a menudo causa debilidad, entumecimiento y dolor, por lo general, en las manos y en los pies. Tambi\u00e9n puede afectar a otras \u00e1reas y funciones corporales, como la digesti\u00f3n y la orina. El sistema nervioso [&hellip;]","og_url":"https:\/\/www.eldiario.net\/portal\/2026\/07\/05\/la-neuropatia-periferica-2\/","og_site_name":"El Diario - Bolivia","article_publisher":"https:\/\/www.facebook.com\/eldiario.bolivia\/","article_published_time":"2026-07-05T12:27:02+00:00","og_image":[{"width":1080,"height":577,"url":"https:\/\/www.eldiario.net\/portal\/wp-content\/uploads\/2026\/07\/LA-NEUROPATIA-PERIFERICA-copia.webp","type":"image\/webp"}],"author":"Jeanette","twitter_card":"summary_large_image","twitter_creator":"@eldiario_net","twitter_site":"@eldiario_net","twitter_misc":{"Escrito por":"Jeanette","Tiempo de lectura":"7 minutos"},"schema":{"@context":"https:\/\/schema.org","@graph":[{"@type":"Article","@id":"https:\/\/www.eldiario.net\/portal\/2026\/07\/05\/la-neuropatia-periferica-2\/#article","isPartOf":{"@id":"https:\/\/www.eldiario.net\/portal\/2026\/07\/05\/la-neuropatia-periferica-2\/"},"author":{"name":"Jeanette","@id":"https:\/\/www.eldiario.net\/portal\/#\/schema\/person\/2c57cf2b7a7ae032e449e4c9b1019eac"},"headline":"LA NEUROPAT\u00cdA PERIF\u00c9RICA","datePublished":"2026-07-05T12:27:02+00:00","mainEntityOfPage":{"@id":"https:\/\/www.eldiario.net\/portal\/2026\/07\/05\/la-neuropatia-periferica-2\/"},"wordCount":1443,"publisher":{"@id":"https:\/\/www.eldiario.net\/portal\/#organization"},"image":{"@id":"https:\/\/www.eldiario.net\/portal\/2026\/07\/05\/la-neuropatia-periferica-2\/#primaryimage"},"thumbnailUrl":"https:\/\/www.eldiario.net\/portal\/wp-content\/uploads\/2026\/07\/LA-NEUROPATIA-PERIFERICA-copia.webp","articleSection":["De Salud + vida"],"inLanguage":"es"},{"@type":"WebPage","@id":"https:\/\/www.eldiario.net\/portal\/2026\/07\/05\/la-neuropatia-periferica-2\/","url":"https:\/\/www.eldiario.net\/portal\/2026\/07\/05\/la-neuropatia-periferica-2\/","name":"LA NEUROPAT\u00cdA PERIF\u00c9RICA - El Diario - Bolivia","isPartOf":{"@id":"https:\/\/www.eldiario.net\/portal\/#website"},"primaryImageOfPage":{"@id":"https:\/\/www.eldiario.net\/portal\/2026\/07\/05\/la-neuropatia-periferica-2\/#primaryimage"},"image":{"@id":"https:\/\/www.eldiario.net\/portal\/2026\/07\/05\/la-neuropatia-periferica-2\/#primaryimage"},"thumbnailUrl":"https:\/\/www.eldiario.net\/portal\/wp-content\/uploads\/2026\/07\/LA-NEUROPATIA-PERIFERICA-copia.webp","datePublished":"2026-07-05T12:27:02+00:00","breadcrumb":{"@id":"https:\/\/www.eldiario.net\/portal\/2026\/07\/05\/la-neuropatia-periferica-2\/#breadcrumb"},"inLanguage":"es","potentialAction":[{"@type":"ReadAction","target":["https:\/\/www.eldiario.net\/portal\/2026\/07\/05\/la-neuropatia-periferica-2\/"]}]},{"@type":"ImageObject","inLanguage":"es","@id":"https:\/\/www.eldiario.net\/portal\/2026\/07\/05\/la-neuropatia-periferica-2\/#primaryimage","url":"https:\/\/www.eldiario.net\/portal\/wp-content\/uploads\/2026\/07\/LA-NEUROPATIA-PERIFERICA-copia.webp","contentUrl":"https:\/\/www.eldiario.net\/portal\/wp-content\/uploads\/2026\/07\/LA-NEUROPATIA-PERIFERICA-copia.webp","width":1080,"height":577},{"@type":"BreadcrumbList","@id":"https:\/\/www.eldiario.net\/portal\/2026\/07\/05\/la-neuropatia-periferica-2\/#breadcrumb","itemListElement":[{"@type":"ListItem","position":1,"name":"Portada","item":"https:\/\/www.eldiario.net\/portal\/"},{"@type":"ListItem","position":2,"name":"LA NEUROPAT\u00cdA PERIF\u00c9RICA"}]},{"@type":"WebSite","@id":"https:\/\/www.eldiario.net\/portal\/#website","url":"https:\/\/www.eldiario.net\/portal\/","name":"El Diario - Decano de la prensa nacional","description":"El Diario - Decano de la prensa nacional","publisher":{"@id":"https:\/\/www.eldiario.net\/portal\/#organization"},"potentialAction":[{"@type":"SearchAction","target":{"@type":"EntryPoint","urlTemplate":"https:\/\/www.eldiario.net\/portal\/?s={search_term_string}"},"query-input":{"@type":"PropertyValueSpecification","valueRequired":true,"valueName":"search_term_string"}}],"inLanguage":"es"},{"@type":"Organization","@id":"https:\/\/www.eldiario.net\/portal\/#organization","name":"El Diario - Decano de la prensa nacional","url":"https:\/\/www.eldiario.net\/portal\/","logo":{"@type":"ImageObject","inLanguage":"es","@id":"https:\/\/www.eldiario.net\/portal\/#\/schema\/logo\/image\/","url":"https:\/\/www.eldiario.net\/portal\/wp-content\/uploads\/2023\/07\/logo_ED.jpg","contentUrl":"https:\/\/www.eldiario.net\/portal\/wp-content\/uploads\/2023\/07\/logo_ED.jpg","width":272,"height":52,"caption":"El Diario - Decano de la prensa nacional"},"image":{"@id":"https:\/\/www.eldiario.net\/portal\/#\/schema\/logo\/image\/"},"sameAs":["https:\/\/www.facebook.com\/eldiario.bolivia\/","https:\/\/x.com\/eldiario_net"]},{"@type":"Person","@id":"https:\/\/www.eldiario.net\/portal\/#\/schema\/person\/2c57cf2b7a7ae032e449e4c9b1019eac","name":"Jeanette","image":{"@type":"ImageObject","inLanguage":"es","@id":"https:\/\/secure.gravatar.com\/avatar\/3ea2118a5f7dad2b7138b1187a6b7ee55f160b9968b66013c3a3ef39dd7e5798?s=96&d=mm&r=g","url":"https:\/\/secure.gravatar.com\/avatar\/3ea2118a5f7dad2b7138b1187a6b7ee55f160b9968b66013c3a3ef39dd7e5798?s=96&d=mm&r=g","contentUrl":"https:\/\/secure.gravatar.com\/avatar\/3ea2118a5f7dad2b7138b1187a6b7ee55f160b9968b66013c3a3ef39dd7e5798?s=96&d=mm&r=g","caption":"Jeanette"},"sameAs":["https:\/\/www.eldiario.net\/portal"],"url":"https:\/\/www.eldiario.net\/portal\/author\/jeanette\/"}]}},"_links":{"self":[{"href":"https:\/\/www.eldiario.net\/portal\/wp-json\/wp\/v2\/posts\/409911","targetHints":{"allow":["GET"]}}],"collection":[{"href":"https:\/\/www.eldiario.net\/portal\/wp-json\/wp\/v2\/posts"}],"about":[{"href":"https:\/\/www.eldiario.net\/portal\/wp-json\/wp\/v2\/types\/post"}],"author":[{"embeddable":true,"href":"https:\/\/www.eldiario.net\/portal\/wp-json\/wp\/v2\/users\/1"}],"replies":[{"embeddable":true,"href":"https:\/\/www.eldiario.net\/portal\/wp-json\/wp\/v2\/comments?post=409911"}],"version-history":[{"count":1,"href":"https:\/\/www.eldiario.net\/portal\/wp-json\/wp\/v2\/posts\/409911\/revisions"}],"predecessor-version":[{"id":409913,"href":"https:\/\/www.eldiario.net\/portal\/wp-json\/wp\/v2\/posts\/409911\/revisions\/409913"}],"wp:featuredmedia":[{"embeddable":true,"href":"https:\/\/www.eldiario.net\/portal\/wp-json\/wp\/v2\/media\/409912"}],"wp:attachment":[{"href":"https:\/\/www.eldiario.net\/portal\/wp-json\/wp\/v2\/media?parent=409911"}],"wp:term":[{"taxonomy":"category","embeddable":true,"href":"https:\/\/www.eldiario.net\/portal\/wp-json\/wp\/v2\/categories?post=409911"},{"taxonomy":"post_tag","embeddable":true,"href":"https:\/\/www.eldiario.net\/portal\/wp-json\/wp\/v2\/tags?post=409911"}],"curies":[{"name":"wp","href":"https:\/\/api.w.org\/{rel}","templated":true}]}}